{"id":257724,"date":"2025-05-01T10:27:02","date_gmt":"2025-05-01T08:27:02","guid":{"rendered":"https:\/\/www.morh.hr\/?p=257724"},"modified":"2025-07-28T10:33:02","modified_gmt":"2025-07-28T08:33:02","slug":"canadair-of-the-croatian-air-force-took-off-to-israel-we-will-help-with-our-knowledge-and-experience-in-extinguishing-the-fire","status":"publish","type":"post","link":"https:\/\/www.morh.hr\/en\/canadair-of-the-croatian-air-force-took-off-to-israel-we-will-help-with-our-knowledge-and-experience-in-extinguishing-the-fire\/","title":{"rendered":"Canadair of the Croatian Air Force took off to Israel: We will help with our knowledge and experience in extinguishing the fire"},"content":{"rendered":"<p>A Canadair CL-415 firefighting aircraft of the Croatian Air Force with two crews was sent to the State of Israel this morning, on 1 May 2025, to provide humanitarian aid in extinguishing the fire. The order to this effect was issued by the Deputy Prime Minister of the Republic of Croatia and Minister of Defence Ivan Anu\u0161i\u0107, based on a decision of the Government of the Republic of Croatia.<\/p>\n<p>A total of eleven members of the 855th Firefighting Squadron of the 93rd Wing of the Croatian Air Force were sent to the activity, i.e. four pilots, two flight technicians and five aviation technicians.<\/p>\n<p>The Commander of the forces, Canadair CL-415 Captain Major Ante Vranji\u0107, before leaving for this mission, confirmed the crew&#8217;s readiness for this firefighting assistance operation, emphasizing that the Croatian Army is always ready to provide assistance to friends, allies and partners.<\/p>\n<p>&#8220;The crews that are leaving today for their mission to Israel are fully prepared. The pilots and technicians of the 855th Firefighting Squadron have already been engaged in firefighting missions in Israel, and we hope that with our knowledge and experience we will provide the necessary assistance this time as well,&#8221; he said.<\/p>\n<p>The order approving the use of one Canadian Air Force Canadair CL-415 aircraft with two crews to provide humanitarian aid in extinguishing fires in the State of Israel was issued yesterday by Deputy Prime Minister and Minister of Defence Ivan Anu\u0161i\u0107 in accordance with the Decision of the Government of the Republic of Croatia on the crossing of the border of the Croatian Armed Forces to provide humanitarian aid abroad on fire protection missions in 2025.<\/p>\n<p>This is the fifth time that Croatian air firefighting forces have provided assistance in extinguishing fires in Israel. The first deployment with one Canadair was in 2010. Two Canadairs were deployed in 2016 and 2017, and the last time assistance was provided in 2019.<\/p>\n<p>During the past year, firefighting aircraft of the Firefighting Special Purpose Forces of the Croatian Armed Forces were engaged in extinguishing fires in the Hellenic Republic and the Republic of North Macedonia.<\/p>\n<div class=\"morh-galleria\"><a href=\"https:\/\/live.staticflickr.com\/65535\/54487835802_a59e4afefd_h.jpg\" title=\"Canadair HRZ-a poletio u Izrael: Pomo\u0107i \u0107emo na\u0161im znanjem i iskustvom u ga\u0161enju po\u017eara\"><img decoding=\"async\" data-title=\"Canadair HRZ-a poletio u Izrael: Pomo\u0107i \u0107emo na\u0161im znanjem i iskustvom u ga\u0161enju po\u017eara\" data-description=\"Jedan protupo\u017earni avion Canadair CL-415 Hrvatskog ratnog zrakoplovstva s dvije posade upu\u0107en je jutros u Dr\u017eavu Izrael radi pru\u017eanja humanitarne pomo\u0107i u ga\u0161enju po\u017eara. Naredbu o tome donio je potpredsjednik Vlade Republike Hrvatske i ministar obrane Ivan Anu\u0161i\u0107 na temelju odluke Vlade Republike Hrvatske | Foto: HRZ\/ R. Medved\" alt=\"Canadair HRZ-a poletio u Izrael: Pomo\u0107i \u0107emo na\u0161im znanjem i iskustvom u ga\u0161enju po\u017eara\" src=\"https:\/\/live.staticflickr.com\/65535\/54487835802_a59e4afefd_h.jpg\" data-layer=\"&lt;div class=&#039;morh-gallery-image-download&#039;&gt;&lt;a href=&#039;https:\/\/live.staticflickr.com\/65535\/54487835802_9d79caa02c_o.jpg&#039; target=&#039;_blank&#039;&gt;Slika za preuzimanje&lt;\/a&gt;&lt;\/div&gt;\" \/><\/a><a href=\"https:\/\/live.staticflickr.com\/65535\/54488682106_a5133f260c_h.jpg\" title=\"Canadair HRZ-a poletio u Izrael: Pomo\u0107i \u0107emo na\u0161im znanjem i iskustvom u ga\u0161enju po\u017eara\"><img decoding=\"async\" data-title=\"Canadair HRZ-a poletio u Izrael: Pomo\u0107i \u0107emo na\u0161im znanjem i iskustvom u ga\u0161enju po\u017eara\" data-description=\"Jedan protupo\u017earni avion Canadair CL-415 Hrvatskog ratnog zrakoplovstva s dvije posade upu\u0107en je jutros u Dr\u017eavu Izrael radi pru\u017eanja humanitarne pomo\u0107i u ga\u0161enju po\u017eara. Naredbu o tome donio je potpredsjednik Vlade Republike Hrvatske i ministar obrane Ivan Anu\u0161i\u0107 na temelju odluke Vlade Republike Hrvatske | Foto: HRZ\/ R. Medved\" alt=\"Canadair HRZ-a poletio u Izrael: Pomo\u0107i \u0107emo na\u0161im znanjem i iskustvom u ga\u0161enju po\u017eara\" src=\"https:\/\/live.staticflickr.com\/65535\/54488682106_a5133f260c_h.jpg\" data-layer=\"&lt;div class=&#039;morh-gallery-image-download&#039;&gt;&lt;a href=&#039;https:\/\/live.staticflickr.com\/65535\/54488682106_8e14d7a6dc_o.jpg&#039; target=&#039;_blank&#039;&gt;Slika za preuzimanje&lt;\/a&gt;&lt;\/div&gt;\" \/><\/a><a href=\"https:\/\/live.staticflickr.com\/65535\/54488962128_05206a1298_h.jpg\" title=\"Canadair HRZ-a poletio u Izrael: Pomo\u0107i \u0107emo na\u0161im znanjem i iskustvom u ga\u0161enju po\u017eara\"><img decoding=\"async\" data-title=\"Canadair HRZ-a poletio u Izrael: Pomo\u0107i \u0107emo na\u0161im znanjem i iskustvom u ga\u0161enju po\u017eara\" data-description=\"Jedan protupo\u017earni avion Canadair CL-415 Hrvatskog ratnog zrakoplovstva s dvije posade upu\u0107en je jutros u Dr\u017eavu Izrael radi pru\u017eanja humanitarne pomo\u0107i u ga\u0161enju po\u017eara. Naredbu o tome donio je potpredsjednik Vlade Republike Hrvatske i ministar obrane Ivan Anu\u0161i\u0107 na temelju odluke Vlade Republike Hrvatske | Foto: HRZ\/ R. Medved\" alt=\"Canadair HRZ-a poletio u Izrael: Pomo\u0107i \u0107emo na\u0161im znanjem i iskustvom u ga\u0161enju po\u017eara\" src=\"https:\/\/live.staticflickr.com\/65535\/54488962128_05206a1298_h.jpg\" data-layer=\"&lt;div class=&#039;morh-gallery-image-download&#039;&gt;&lt;a href=&#039;https:\/\/live.staticflickr.com\/65535\/54488962128_e648cb4550_o.jpg&#039; target=&#039;_blank&#039;&gt;Slika za preuzimanje&lt;\/a&gt;&lt;\/div&gt;\" \/><\/a><a href=\"https:\/\/live.staticflickr.com\/65535\/54488879989_eabb377854_h.jpg\" title=\"Canadair HRZ-a poletio u Izrael: Pomo\u0107i \u0107emo na\u0161im znanjem i iskustvom u ga\u0161enju po\u017eara\"><img decoding=\"async\" data-title=\"Canadair HRZ-a poletio u Izrael: Pomo\u0107i \u0107emo na\u0161im znanjem i iskustvom u ga\u0161enju po\u017eara\" data-description=\"Jedan protupo\u017earni avion Canadair CL-415 Hrvatskog ratnog zrakoplovstva s dvije posade upu\u0107en je jutros u Dr\u017eavu Izrael radi pru\u017eanja humanitarne pomo\u0107i u ga\u0161enju po\u017eara. Naredbu o tome donio je potpredsjednik Vlade Republike Hrvatske i ministar obrane Ivan Anu\u0161i\u0107 na temelju odluke Vlade Republike Hrvatske | Foto: HRZ\/ R. Medved\" alt=\"Canadair HRZ-a poletio u Izrael: Pomo\u0107i \u0107emo na\u0161im znanjem i iskustvom u ga\u0161enju po\u017eara\" src=\"https:\/\/live.staticflickr.com\/65535\/54488879989_eabb377854_h.jpg\" data-layer=\"&lt;div class=&#039;morh-gallery-image-download&#039;&gt;&lt;a href=&#039;https:\/\/live.staticflickr.com\/65535\/54488879989_28463e00b2_o.jpg&#039; target=&#039;_blank&#039;&gt;Slika za preuzimanje&lt;\/a&gt;&lt;\/div&gt;\" \/><\/a><a href=\"https:\/\/live.staticflickr.com\/65535\/54488879949_9d96076494_h.jpg\" title=\"Canadair HRZ-a poletio u Izrael: Pomo\u0107i \u0107emo na\u0161im znanjem i iskustvom u ga\u0161enju po\u017eara\"><img decoding=\"async\" data-title=\"Canadair HRZ-a poletio u Izrael: Pomo\u0107i \u0107emo na\u0161im znanjem i iskustvom u ga\u0161enju po\u017eara\" data-description=\"Jedan protupo\u017earni avion Canadair CL-415 Hrvatskog ratnog zrakoplovstva s dvije posade upu\u0107en je jutros u Dr\u017eavu Izrael radi pru\u017eanja humanitarne pomo\u0107i u ga\u0161enju po\u017eara. Naredbu o tome donio je potpredsjednik Vlade Republike Hrvatske i ministar obrane Ivan Anu\u0161i\u0107 na temelju odluke Vlade Republike Hrvatske | Foto: HRZ\/ R. Medved\" alt=\"Canadair HRZ-a poletio u Izrael: Pomo\u0107i \u0107emo na\u0161im znanjem i iskustvom u ga\u0161enju po\u017eara\" src=\"https:\/\/live.staticflickr.com\/65535\/54488879949_9d96076494_h.jpg\" data-layer=\"&lt;div class=&#039;morh-gallery-image-download&#039;&gt;&lt;a href=&#039;https:\/\/live.staticflickr.com\/65535\/54488879949_aa9caeed79_o.jpg&#039; target=&#039;_blank&#039;&gt;Slika za preuzimanje&lt;\/a&gt;&lt;\/div&gt;\" \/><\/a><a href=\"https:\/\/live.staticflickr.com\/65535\/54488682056_41b65a139f_h.jpg\" title=\"Canadair HRZ-a poletio u Izrael: Pomo\u0107i \u0107emo na\u0161im znanjem i iskustvom u ga\u0161enju po\u017eara\"><img decoding=\"async\" data-title=\"Canadair HRZ-a poletio u Izrael: Pomo\u0107i \u0107emo na\u0161im znanjem i iskustvom u ga\u0161enju po\u017eara\" data-description=\"Jedan protupo\u017earni avion Canadair CL-415 Hrvatskog ratnog zrakoplovstva s dvije posade upu\u0107en je jutros u Dr\u017eavu Izrael radi pru\u017eanja humanitarne pomo\u0107i u ga\u0161enju po\u017eara. Naredbu o tome donio je potpredsjednik Vlade Republike Hrvatske i ministar obrane Ivan Anu\u0161i\u0107 na temelju odluke Vlade Republike Hrvatske | Foto: HRZ\/ R. Medved\" alt=\"Canadair HRZ-a poletio u Izrael: Pomo\u0107i \u0107emo na\u0161im znanjem i iskustvom u ga\u0161enju po\u017eara\" src=\"https:\/\/live.staticflickr.com\/65535\/54488682056_41b65a139f_h.jpg\" data-layer=\"&lt;div class=&#039;morh-gallery-image-download&#039;&gt;&lt;a href=&#039;https:\/\/live.staticflickr.com\/65535\/54488682056_abb2c33d3d_o.jpg&#039; target=&#039;_blank&#039;&gt;Slika za preuzimanje&lt;\/a&gt;&lt;\/div&gt;\" \/><\/a><a href=\"https:\/\/live.staticflickr.com\/65535\/54488682061_c7b5043d6b_h.jpg\" title=\"Canadair HRZ-a poletio u Izrael: Pomo\u0107i \u0107emo na\u0161im znanjem i iskustvom u ga\u0161enju po\u017eara\"><img decoding=\"async\" data-title=\"Canadair HRZ-a poletio u Izrael: Pomo\u0107i \u0107emo na\u0161im znanjem i iskustvom u ga\u0161enju po\u017eara\" data-description=\"Jedan protupo\u017earni avion Canadair CL-415 Hrvatskog ratnog zrakoplovstva s dvije posade upu\u0107en je jutros u Dr\u017eavu Izrael radi pru\u017eanja humanitarne pomo\u0107i u ga\u0161enju po\u017eara. Naredbu o tome donio je potpredsjednik Vlade Republike Hrvatske i ministar obrane Ivan Anu\u0161i\u0107 na temelju odluke Vlade Republike Hrvatske | Foto: HRZ\/ R. Medved\" alt=\"Canadair HRZ-a poletio u Izrael: Pomo\u0107i \u0107emo na\u0161im znanjem i iskustvom u ga\u0161enju po\u017eara\" src=\"https:\/\/live.staticflickr.com\/65535\/54488682061_c7b5043d6b_h.jpg\" data-layer=\"&lt;div class=&#039;morh-gallery-image-download&#039;&gt;&lt;a href=&#039;https:\/\/live.staticflickr.com\/65535\/54488682061_128326ca91_o.jpg&#039; target=&#039;_blank&#039;&gt;Slika za preuzimanje&lt;\/a&gt;&lt;\/div&gt;\" \/><\/a><a href=\"https:\/\/live.staticflickr.com\/65535\/54488682041_1d39b7d225_h.jpg\" title=\"Canadair HRZ-a poletio u Izrael: Pomo\u0107i \u0107emo na\u0161im znanjem i iskustvom u ga\u0161enju po\u017eara\"><img decoding=\"async\" data-title=\"Canadair HRZ-a poletio u Izrael: Pomo\u0107i \u0107emo na\u0161im znanjem i iskustvom u ga\u0161enju po\u017eara\" data-description=\"Jedan protupo\u017earni avion Canadair CL-415 Hrvatskog ratnog zrakoplovstva s dvije posade upu\u0107en je jutros u Dr\u017eavu Izrael radi pru\u017eanja humanitarne pomo\u0107i u ga\u0161enju po\u017eara. Naredbu o tome donio je potpredsjednik Vlade Republike Hrvatske i ministar obrane Ivan Anu\u0161i\u0107 na temelju odluke Vlade Republike Hrvatske | Foto: HRZ\/ R. Medved\" alt=\"Canadair HRZ-a poletio u Izrael: Pomo\u0107i \u0107emo na\u0161im znanjem i iskustvom u ga\u0161enju po\u017eara\" src=\"https:\/\/live.staticflickr.com\/65535\/54488682041_1d39b7d225_h.jpg\" data-layer=\"&lt;div class=&#039;morh-gallery-image-download&#039;&gt;&lt;a href=&#039;https:\/\/live.staticflickr.com\/65535\/54488682041_79bc0cb71c_o.jpg&#039; target=&#039;_blank&#039;&gt;Slika za preuzimanje&lt;\/a&gt;&lt;\/div&gt;\" \/><\/a><\/div><!--\/.morh-galleria -->\n","protected":false},"excerpt":{"rendered":"<p>In accordance with the Decision of the Government of the Republic of Croatia on crossing of the border by the Croatian Armed Forces to provide humanitarian aid abroad, Minister Anu\u0161i\u0107 issued an order to send aircraft and crews of the Croatian Air Force to Israel<\/p>\n","protected":false},"author":4699,"featured_media":254149,"comment_status":"closed","ping_status":"closed","sticky":false,"template":"","format":"standard","meta":{"_acf_changed":false,"_monsterinsights_skip_tracking":false,"_monsterinsights_sitenote_active":false,"_monsterinsights_sitenote_note":"","_monsterinsights_sitenote_category":0,"footnotes":""},"categories":[117],"tags":[],"class_list":["post-257724","post","type-post","status-publish","format-standard","has-post-thumbnail","hentry","category-press-releases"],"acf":[],"yoast_head":"<!-- This site is optimized with the Yoast SEO plugin v26.9 - https:\/\/yoast.com\/product\/yoast-seo-wordpress\/ -->\n<title>Canadair of the Croatian Air Force took off to Israel: We will help with our knowledge and experience in extinguishing the fire - MORH<\/title>\n<meta name=\"description\" content=\"In accordance with the Decision of the Government of the Republic of Croatia on crossing of the border by the Croatian Armed Forces to provide humanitarian aid abroad, Minister Anu\u0161i\u0107 issued an order to send aircraft and crews of the Croatian Air Force to Israel\" \/>\n<meta name=\"robots\" content=\"index, follow, max-snippet:-1, max-image-preview:large, max-video-preview:-1\" \/>\n<link rel=\"canonical\" href=\"https:\/\/www.morh.hr\/en\/canadair-of-the-croatian-air-force-took-off-to-israel-we-will-help-with-our-knowledge-and-experience-in-extinguishing-the-fire\/\" \/>\n<meta property=\"og:locale\" content=\"en_US\" \/>\n<meta property=\"og:type\" content=\"article\" \/>\n<meta property=\"og:title\" content=\"Canadair of the Croatian Air Force took off to Israel: We will help with our knowledge and experience in extinguishing the fire - MORH\" \/>\n<meta property=\"og:description\" content=\"In accordance with the Decision of the Government of the Republic of Croatia on crossing of the border by the Croatian Armed Forces to provide humanitarian aid abroad, Minister Anu\u0161i\u0107 issued an order to send aircraft and crews of the Croatian Air Force to Israel\" \/>\n<meta property=\"og:url\" content=\"https:\/\/www.morh.hr\/en\/canadair-of-the-croatian-air-force-took-off-to-israel-we-will-help-with-our-knowledge-and-experience-in-extinguishing-the-fire\/\" \/>\n<meta property=\"og:site_name\" content=\"MORH\" \/>\n<meta property=\"article:publisher\" content=\"https:\/\/www.facebook.com\/sportasiuhrvatskojvojsci\/\" \/>\n<meta property=\"article:published_time\" content=\"2025-05-01T08:27:02+00:00\" \/>\n<meta property=\"article:modified_time\" content=\"2025-07-28T08:33:02+00:00\" \/>\n<meta property=\"og:image\" content=\"https:\/\/www.morh.hr\/wp-content\/uploads\/2025\/05\/2025-05-01-izrael-kanader.jpg\" \/>\n\t<meta property=\"og:image:width\" content=\"2400\" \/>\n\t<meta property=\"og:image:height\" content=\"1600\" \/>\n\t<meta property=\"og:image:type\" content=\"image\/jpeg\" \/>\n<meta name=\"author\" content=\"Mladen\" \/>\n<meta name=\"twitter:card\" content=\"summary_large_image\" \/>\n<meta name=\"twitter:creator\" content=\"@morh_osrh\" \/>\n<meta name=\"twitter:site\" content=\"@morh_osrh\" \/>\n<meta name=\"twitter:label1\" content=\"Written by\" \/>\n\t<meta name=\"twitter:data1\" content=\"Mladen\" \/>\n\t<meta name=\"twitter:label2\" content=\"Est. reading time\" \/>\n\t<meta name=\"twitter:data2\" content=\"3 minutes\" \/>\n<script type=\"application\/ld+json\" class=\"yoast-schema-graph\">{\"@context\":\"https:\/\/schema.org\",\"@graph\":[{\"@type\":\"Article\",\"@id\":\"https:\/\/www.morh.hr\/en\/canadair-of-the-croatian-air-force-took-off-to-israel-we-will-help-with-our-knowledge-and-experience-in-extinguishing-the-fire\/#article\",\"isPartOf\":{\"@id\":\"https:\/\/www.morh.hr\/en\/canadair-of-the-croatian-air-force-took-off-to-israel-we-will-help-with-our-knowledge-and-experience-in-extinguishing-the-fire\/\"},\"author\":{\"name\":\"Mladen\",\"@id\":\"https:\/\/www.morh.hr\/en\/#\/schema\/person\/ec8e2528a579067d8bda0ae2124ac768\"},\"headline\":\"Canadair of the Croatian Air Force took off to Israel: We will help with our knowledge and experience in extinguishing the fire\",\"datePublished\":\"2025-05-01T08:27:02+00:00\",\"dateModified\":\"2025-07-28T08:33:02+00:00\",\"mainEntityOfPage\":{\"@id\":\"https:\/\/www.morh.hr\/en\/canadair-of-the-croatian-air-force-took-off-to-israel-we-will-help-with-our-knowledge-and-experience-in-extinguishing-the-fire\/\"},\"wordCount\":374,\"image\":{\"@id\":\"https:\/\/www.morh.hr\/en\/canadair-of-the-croatian-air-force-took-off-to-israel-we-will-help-with-our-knowledge-and-experience-in-extinguishing-the-fire\/#primaryimage\"},\"thumbnailUrl\":\"https:\/\/www.morh.hr\/wp-content\/uploads\/2025\/05\/2025-05-01-izrael-kanader.jpg\",\"articleSection\":[\"Press releases\"],\"inLanguage\":\"en-US\"},{\"@type\":\"WebPage\",\"@id\":\"https:\/\/www.morh.hr\/en\/canadair-of-the-croatian-air-force-took-off-to-israel-we-will-help-with-our-knowledge-and-experience-in-extinguishing-the-fire\/\",\"url\":\"https:\/\/www.morh.hr\/en\/canadair-of-the-croatian-air-force-took-off-to-israel-we-will-help-with-our-knowledge-and-experience-in-extinguishing-the-fire\/\",\"name\":\"Canadair of the Croatian Air Force took off to Israel: We will help with our knowledge and experience in extinguishing the fire - MORH\",\"isPartOf\":{\"@id\":\"https:\/\/www.morh.hr\/en\/#website\"},\"primaryImageOfPage\":{\"@id\":\"https:\/\/www.morh.hr\/en\/canadair-of-the-croatian-air-force-took-off-to-israel-we-will-help-with-our-knowledge-and-experience-in-extinguishing-the-fire\/#primaryimage\"},\"image\":{\"@id\":\"https:\/\/www.morh.hr\/en\/canadair-of-the-croatian-air-force-took-off-to-israel-we-will-help-with-our-knowledge-and-experience-in-extinguishing-the-fire\/#primaryimage\"},\"thumbnailUrl\":\"https:\/\/www.morh.hr\/wp-content\/uploads\/2025\/05\/2025-05-01-izrael-kanader.jpg\",\"datePublished\":\"2025-05-01T08:27:02+00:00\",\"dateModified\":\"2025-07-28T08:33:02+00:00\",\"author\":{\"@id\":\"https:\/\/www.morh.hr\/en\/#\/schema\/person\/ec8e2528a579067d8bda0ae2124ac768\"},\"description\":\"In accordance with the Decision of the Government of the Republic of Croatia on crossing of the border by the Croatian Armed Forces to provide humanitarian aid abroad, Minister Anu\u0161i\u0107 issued an order to send aircraft and crews of the Croatian Air Force to Israel\",\"breadcrumb\":{\"@id\":\"https:\/\/www.morh.hr\/en\/canadair-of-the-croatian-air-force-took-off-to-israel-we-will-help-with-our-knowledge-and-experience-in-extinguishing-the-fire\/#breadcrumb\"},\"inLanguage\":\"en-US\",\"potentialAction\":[{\"@type\":\"ReadAction\",\"target\":[\"https:\/\/www.morh.hr\/en\/canadair-of-the-croatian-air-force-took-off-to-israel-we-will-help-with-our-knowledge-and-experience-in-extinguishing-the-fire\/\"]}]},{\"@type\":\"ImageObject\",\"inLanguage\":\"en-US\",\"@id\":\"https:\/\/www.morh.hr\/en\/canadair-of-the-croatian-air-force-took-off-to-israel-we-will-help-with-our-knowledge-and-experience-in-extinguishing-the-fire\/#primaryimage\",\"url\":\"https:\/\/www.morh.hr\/wp-content\/uploads\/2025\/05\/2025-05-01-izrael-kanader.jpg\",\"contentUrl\":\"https:\/\/www.morh.hr\/wp-content\/uploads\/2025\/05\/2025-05-01-izrael-kanader.jpg\",\"width\":2400,\"height\":1600,\"caption\":\"Canadair HRZ-a poletio u Izrael: Pomo\u0107i \u0107emo na\u0161im znanjem i iskustvom u ga\u0161enju po\u017eara | Foto: HRZ\/ R. Medved\"},{\"@type\":\"BreadcrumbList\",\"@id\":\"https:\/\/www.morh.hr\/en\/canadair-of-the-croatian-air-force-took-off-to-israel-we-will-help-with-our-knowledge-and-experience-in-extinguishing-the-fire\/#breadcrumb\",\"itemListElement\":[{\"@type\":\"ListItem\",\"position\":1,\"name\":\"Naslovnica\",\"item\":\"https:\/\/www.morh.hr\/en\/\"},{\"@type\":\"ListItem\",\"position\":2,\"name\":\"News\",\"item\":\"https:\/\/www.morh.hr\/en\/kategorija\/news\/\"},{\"@type\":\"ListItem\",\"position\":3,\"name\":\"Press releases\",\"item\":\"https:\/\/www.morh.hr\/en\/kategorija\/news\/press-releases\/\"},{\"@type\":\"ListItem\",\"position\":4,\"name\":\"Canadair of the Croatian Air Force took off to Israel: We will help with our knowledge and experience in extinguishing the fire\"}]},{\"@type\":\"WebSite\",\"@id\":\"https:\/\/www.morh.hr\/en\/#website\",\"url\":\"https:\/\/www.morh.hr\/en\/\",\"name\":\"MORH\",\"description\":\"Ministarstvo obrane Republike Hrvatske - slu\u017ebene stranice\",\"potentialAction\":[{\"@type\":\"SearchAction\",\"target\":{\"@type\":\"EntryPoint\",\"urlTemplate\":\"https:\/\/www.morh.hr\/en\/?s={search_term_string}\"},\"query-input\":{\"@type\":\"PropertyValueSpecification\",\"valueRequired\":true,\"valueName\":\"search_term_string\"}}],\"inLanguage\":\"en-US\"},{\"@type\":\"Person\",\"@id\":\"https:\/\/www.morh.hr\/en\/#\/schema\/person\/ec8e2528a579067d8bda0ae2124ac768\",\"name\":\"Mladen\",\"image\":{\"@type\":\"ImageObject\",\"inLanguage\":\"en-US\",\"@id\":\"https:\/\/www.morh.hr\/en\/#\/schema\/person\/image\/\",\"url\":\"https:\/\/secure.gravatar.com\/avatar\/3d5ea7ca0d0a523cf2ec98548db52f920a5f6bbfd2c1aa63d237c2f445528cf7?s=96&d=mm&r=g\",\"contentUrl\":\"https:\/\/secure.gravatar.com\/avatar\/3d5ea7ca0d0a523cf2ec98548db52f920a5f6bbfd2c1aa63d237c2f445528cf7?s=96&d=mm&r=g\",\"caption\":\"Mladen\"}}]}<\/script>\n<!-- \/ Yoast SEO plugin. -->","yoast_head_json":{"title":"Canadair of the Croatian Air Force took off to Israel: We will help with our knowledge and experience in extinguishing the fire - MORH","description":"In accordance with the Decision of the Government of the Republic of Croatia on crossing of the border by the Croatian Armed Forces to provide humanitarian aid abroad, Minister Anu\u0161i\u0107 issued an order to send aircraft and crews of the Croatian Air Force to Israel","robots":{"index":"index","follow":"follow","max-snippet":"max-snippet:-1","max-image-preview":"max-image-preview:large","max-video-preview":"max-video-preview:-1"},"canonical":"https:\/\/www.morh.hr\/en\/canadair-of-the-croatian-air-force-took-off-to-israel-we-will-help-with-our-knowledge-and-experience-in-extinguishing-the-fire\/","og_locale":"en_US","og_type":"article","og_title":"Canadair of the Croatian Air Force took off to Israel: We will help with our knowledge and experience in extinguishing the fire - MORH","og_description":"In accordance with the Decision of the Government of the Republic of Croatia on crossing of the border by the Croatian Armed Forces to provide humanitarian aid abroad, Minister Anu\u0161i\u0107 issued an order to send aircraft and crews of the Croatian Air Force to Israel","og_url":"https:\/\/www.morh.hr\/en\/canadair-of-the-croatian-air-force-took-off-to-israel-we-will-help-with-our-knowledge-and-experience-in-extinguishing-the-fire\/","og_site_name":"MORH","article_publisher":"https:\/\/www.facebook.com\/sportasiuhrvatskojvojsci\/","article_published_time":"2025-05-01T08:27:02+00:00","article_modified_time":"2025-07-28T08:33:02+00:00","og_image":[{"width":2400,"height":1600,"url":"https:\/\/www.morh.hr\/wp-content\/uploads\/2025\/05\/2025-05-01-izrael-kanader.jpg","type":"image\/jpeg"}],"author":"Mladen","twitter_card":"summary_large_image","twitter_creator":"@morh_osrh","twitter_site":"@morh_osrh","twitter_misc":{"Written by":"Mladen","Est. reading time":"3 minutes"},"schema":{"@context":"https:\/\/schema.org","@graph":[{"@type":"Article","@id":"https:\/\/www.morh.hr\/en\/canadair-of-the-croatian-air-force-took-off-to-israel-we-will-help-with-our-knowledge-and-experience-in-extinguishing-the-fire\/#article","isPartOf":{"@id":"https:\/\/www.morh.hr\/en\/canadair-of-the-croatian-air-force-took-off-to-israel-we-will-help-with-our-knowledge-and-experience-in-extinguishing-the-fire\/"},"author":{"name":"Mladen","@id":"https:\/\/www.morh.hr\/en\/#\/schema\/person\/ec8e2528a579067d8bda0ae2124ac768"},"headline":"Canadair of the Croatian Air Force took off to Israel: We will help with our knowledge and experience in extinguishing the fire","datePublished":"2025-05-01T08:27:02+00:00","dateModified":"2025-07-28T08:33:02+00:00","mainEntityOfPage":{"@id":"https:\/\/www.morh.hr\/en\/canadair-of-the-croatian-air-force-took-off-to-israel-we-will-help-with-our-knowledge-and-experience-in-extinguishing-the-fire\/"},"wordCount":374,"image":{"@id":"https:\/\/www.morh.hr\/en\/canadair-of-the-croatian-air-force-took-off-to-israel-we-will-help-with-our-knowledge-and-experience-in-extinguishing-the-fire\/#primaryimage"},"thumbnailUrl":"https:\/\/www.morh.hr\/wp-content\/uploads\/2025\/05\/2025-05-01-izrael-kanader.jpg","articleSection":["Press releases"],"inLanguage":"en-US"},{"@type":"WebPage","@id":"https:\/\/www.morh.hr\/en\/canadair-of-the-croatian-air-force-took-off-to-israel-we-will-help-with-our-knowledge-and-experience-in-extinguishing-the-fire\/","url":"https:\/\/www.morh.hr\/en\/canadair-of-the-croatian-air-force-took-off-to-israel-we-will-help-with-our-knowledge-and-experience-in-extinguishing-the-fire\/","name":"Canadair of the Croatian Air Force took off to Israel: We will help with our knowledge and experience in extinguishing the fire - MORH","isPartOf":{"@id":"https:\/\/www.morh.hr\/en\/#website"},"primaryImageOfPage":{"@id":"https:\/\/www.morh.hr\/en\/canadair-of-the-croatian-air-force-took-off-to-israel-we-will-help-with-our-knowledge-and-experience-in-extinguishing-the-fire\/#primaryimage"},"image":{"@id":"https:\/\/www.morh.hr\/en\/canadair-of-the-croatian-air-force-took-off-to-israel-we-will-help-with-our-knowledge-and-experience-in-extinguishing-the-fire\/#primaryimage"},"thumbnailUrl":"https:\/\/www.morh.hr\/wp-content\/uploads\/2025\/05\/2025-05-01-izrael-kanader.jpg","datePublished":"2025-05-01T08:27:02+00:00","dateModified":"2025-07-28T08:33:02+00:00","author":{"@id":"https:\/\/www.morh.hr\/en\/#\/schema\/person\/ec8e2528a579067d8bda0ae2124ac768"},"description":"In accordance with the Decision of the Government of the Republic of Croatia on crossing of the border by the Croatian Armed Forces to provide humanitarian aid abroad, Minister Anu\u0161i\u0107 issued an order to send aircraft and crews of the Croatian Air Force to Israel","breadcrumb":{"@id":"https:\/\/www.morh.hr\/en\/canadair-of-the-croatian-air-force-took-off-to-israel-we-will-help-with-our-knowledge-and-experience-in-extinguishing-the-fire\/#breadcrumb"},"inLanguage":"en-US","potentialAction":[{"@type":"ReadAction","target":["https:\/\/www.morh.hr\/en\/canadair-of-the-croatian-air-force-took-off-to-israel-we-will-help-with-our-knowledge-and-experience-in-extinguishing-the-fire\/"]}]},{"@type":"ImageObject","inLanguage":"en-US","@id":"https:\/\/www.morh.hr\/en\/canadair-of-the-croatian-air-force-took-off-to-israel-we-will-help-with-our-knowledge-and-experience-in-extinguishing-the-fire\/#primaryimage","url":"https:\/\/www.morh.hr\/wp-content\/uploads\/2025\/05\/2025-05-01-izrael-kanader.jpg","contentUrl":"https:\/\/www.morh.hr\/wp-content\/uploads\/2025\/05\/2025-05-01-izrael-kanader.jpg","width":2400,"height":1600,"caption":"Canadair HRZ-a poletio u Izrael: Pomo\u0107i \u0107emo na\u0161im znanjem i iskustvom u ga\u0161enju po\u017eara | Foto: HRZ\/ R. Medved"},{"@type":"BreadcrumbList","@id":"https:\/\/www.morh.hr\/en\/canadair-of-the-croatian-air-force-took-off-to-israel-we-will-help-with-our-knowledge-and-experience-in-extinguishing-the-fire\/#breadcrumb","itemListElement":[{"@type":"ListItem","position":1,"name":"Naslovnica","item":"https:\/\/www.morh.hr\/en\/"},{"@type":"ListItem","position":2,"name":"News","item":"https:\/\/www.morh.hr\/en\/kategorija\/news\/"},{"@type":"ListItem","position":3,"name":"Press releases","item":"https:\/\/www.morh.hr\/en\/kategorija\/news\/press-releases\/"},{"@type":"ListItem","position":4,"name":"Canadair of the Croatian Air Force took off to Israel: We will help with our knowledge and experience in extinguishing the fire"}]},{"@type":"WebSite","@id":"https:\/\/www.morh.hr\/en\/#website","url":"https:\/\/www.morh.hr\/en\/","name":"MORH","description":"Ministarstvo obrane Republike Hrvatske - slu\u017ebene stranice","potentialAction":[{"@type":"SearchAction","target":{"@type":"EntryPoint","urlTemplate":"https:\/\/www.morh.hr\/en\/?s={search_term_string}"},"query-input":{"@type":"PropertyValueSpecification","valueRequired":true,"valueName":"search_term_string"}}],"inLanguage":"en-US"},{"@type":"Person","@id":"https:\/\/www.morh.hr\/en\/#\/schema\/person\/ec8e2528a579067d8bda0ae2124ac768","name":"Mladen","image":{"@type":"ImageObject","inLanguage":"en-US","@id":"https:\/\/www.morh.hr\/en\/#\/schema\/person\/image\/","url":"https:\/\/secure.gravatar.com\/avatar\/3d5ea7ca0d0a523cf2ec98548db52f920a5f6bbfd2c1aa63d237c2f445528cf7?s=96&d=mm&r=g","contentUrl":"https:\/\/secure.gravatar.com\/avatar\/3d5ea7ca0d0a523cf2ec98548db52f920a5f6bbfd2c1aa63d237c2f445528cf7?s=96&d=mm&r=g","caption":"Mladen"}}]}},"_links":{"self":[{"href":"https:\/\/www.morh.hr\/en\/wp-json\/wp\/v2\/posts\/257724","targetHints":{"allow":["GET"]}}],"collection":[{"href":"https:\/\/www.morh.hr\/en\/wp-json\/wp\/v2\/posts"}],"about":[{"href":"https:\/\/www.morh.hr\/en\/wp-json\/wp\/v2\/types\/post"}],"author":[{"embeddable":true,"href":"https:\/\/www.morh.hr\/en\/wp-json\/wp\/v2\/users\/4699"}],"replies":[{"embeddable":true,"href":"https:\/\/www.morh.hr\/en\/wp-json\/wp\/v2\/comments?post=257724"}],"version-history":[{"count":1,"href":"https:\/\/www.morh.hr\/en\/wp-json\/wp\/v2\/posts\/257724\/revisions"}],"predecessor-version":[{"id":257725,"href":"https:\/\/www.morh.hr\/en\/wp-json\/wp\/v2\/posts\/257724\/revisions\/257725"}],"wp:featuredmedia":[{"embeddable":true,"href":"https:\/\/www.morh.hr\/en\/wp-json\/wp\/v2\/media\/254149"}],"wp:attachment":[{"href":"https:\/\/www.morh.hr\/en\/wp-json\/wp\/v2\/media?parent=257724"}],"wp:term":[{"taxonomy":"category","embeddable":true,"href":"https:\/\/www.morh.hr\/en\/wp-json\/wp\/v2\/categories?post=257724"},{"taxonomy":"post_tag","embeddable":true,"href":"https:\/\/www.morh.hr\/en\/wp-json\/wp\/v2\/tags?post=257724"}],"curies":[{"name":"wp","href":"https:\/\/api.w.org\/{rel}","templated":true}]}}