{"id":257746,"date":"2025-05-06T12:08:27","date_gmt":"2025-05-06T10:08:27","guid":{"rendered":"https:\/\/www.morh.hr\/?p=257746"},"modified":"2025-07-28T12:11:22","modified_gmt":"2025-07-28T10:11:22","slug":"minister-anusic-in-warsaw-rearm-is-a-great-opportunity-but-we-must-simplify-bureaucracy","status":"publish","type":"post","link":"https:\/\/www.morh.hr\/en\/minister-anusic-in-warsaw-rearm-is-a-great-opportunity-but-we-must-simplify-bureaucracy\/","title":{"rendered":"Minister Anu\u0161i\u0107 in Warsaw: ReArm is a great opportunity, but we must simplify bureaucracy"},"content":{"rendered":"<p>Deputy Prime Minister and Minister of Defence Ivan Anu\u0161i\u0107 and Chief of the CAF General Staff LTG Tihomir Kundid participated today at the international security conference Defence24Days, which is being held in Warsaw. Minister Anu\u0161i\u0107 participated in the panel New Foundations of the Defence System. ReArm Europe \u2013 an opportunity for Military Independence.<\/p>\n<p>In addition to Minister Anu\u0161i\u0107, the panelists included the Deputy Prime Minister and Minister of National Defence of Poland W\u0142adys\u0142aw Kosiniak-Kamysz and the Minister of Defence of the Republic of Lithuania Dovil\u0117 \u0160akalien\u0117. Minister Anu\u0161i\u0107 and General Kundid are on official visit to the Republic of Poland from today to Thursday, during which the Minister will hold a bilateral meeting with Minister Kosiniak-Kamysz.<\/p>\n<p>The main topics of the panel were related to the security situation in Europe after the Russian aggression on Ukraine, the efforts of countries to modernize their armed forces, as well as the ReArm Europe plan and Poland&#8217;s experiences in modernizing its army. Poland, in fact, allocates mostly to defence in relation to GDP, as much as 4.7 percent. Minister Anu\u0161i\u0107 said that Croatia is very seriously developing and modernizing its Armed Forces, that this year we have reached two percent of GDP in defence allocations, and that by 2030 we will allocate three percent of the GDP to defence: &#8220;We have just completed a squadron of Rafale fighter jets. In September, we will receive six modern, armed Bayraktar TB2 unmanned aerial vehicles, we are acquiring the most modern Leopard 2A8 tanks, the HIMARS missile system, and soon a medium-range air defence system and a corvette&#8230;&#8221;<\/p>\n<p>The Minister emphasized that Poland, in terms of defence spending and the most serious approach to strengthening defence capacities, can be a role model for all allies. When it comes to ReArm, he emphasized that the European Armaments Plan is a great opportunity to strengthen European defence capacities as well as for the development of the Croatian defence industry, which the Government of the Republic of Croatia and the Ministry of Defence are systematically working on. He also emphasized that this plan must not remain just a pretty story, but a concrete project for creating European security independence.<\/p>\n<p>&#8220;In order for European countries to arm themselves effectively and within a reasonable time frame as part of the ReArm Europe plan, it is necessary to simplify bureaucracy &#8211; both at the European and national levels. We are in a race against time and have a responsibility for the security of our countries and nations, which is why we must speed up the armament processes. The processes of acquiring weapons are complicated; new weapons take a long time to arrive, and prices are significantly higher than they were before the Russian aggression on Ukraine due to deteriorated security situation,&#8221; Minister Anu\u0161i\u0107 said. He highlighted Croatia&#8217;s role in Southeast Europe. He described it as a potentially unsafe area and stressed that its stability is a priority for Croatia.<\/p>\n<p>&#8220;Croatia has experience from the Homeland War, which we do not want to repeat. Our goal is a stable and secure environment, and that means peace and security in Southeast Europe. Croatia sees Poland, with which we have excellent bilateral relations, as a great ally and partner with whom we can develop joint projects when it comes to development of the defence industry,&#8221; Minister Anu\u0161i\u0107 said.<\/p>\n<div class=\"morh-galleria\"><a href=\"https:\/\/live.staticflickr.com\/65535\/54500025492_2857f53b9f_h.jpg\" title=\"Ministar Anu\u0161i\u0107 u Var\u0161avi: ReArm je velika prilika, ali moramo pojednostaviti birokraciju\"><img decoding=\"async\" data-title=\"Ministar Anu\u0161i\u0107 u Var\u0161avi: ReArm je velika prilika, ali moramo pojednostaviti birokraciju\" data-description=\"Potpredsjednik Vlade i ministar obrane Ivan Anu\u0161i\u0107 i na\u010delnik Glavnog sto\u017eera Oru\u017eanih snaga RH general-pukovnik Tihomir Kundid sudjelovali su danas na me\u0111unarodnoj sigurnosnoj konferenciji Defence24Days, koja se odr\u017eava u Var\u0161avi. Ministar Anu\u0161i\u0107 sudjelovao je na panelu Novi temelji obrambenog sustava. ReArm Europe \u2013 prilika za vojnu neovisnost | Foto: MORH\/ F. Klen\" alt=\"Ministar Anu\u0161i\u0107 u Var\u0161avi: ReArm je velika prilika, ali moramo pojednostaviti birokraciju\" src=\"https:\/\/live.staticflickr.com\/65535\/54500025492_2857f53b9f_h.jpg\" data-layer=\"&lt;div class=&#039;morh-gallery-image-download&#039;&gt;&lt;a href=&#039;https:\/\/live.staticflickr.com\/65535\/54500025492_0faa3dee6a_o.jpg&#039; target=&#039;_blank&#039;&gt;Slika za preuzimanje&lt;\/a&gt;&lt;\/div&gt;\" \/><\/a><a href=\"https:\/\/live.staticflickr.com\/65535\/54501246305_d447f7ec7d_h.jpg\" title=\"Ministar Anu\u0161i\u0107 u Var\u0161avi: ReArm je velika prilika, ali moramo pojednostaviti birokraciju\"><img decoding=\"async\" data-title=\"Ministar Anu\u0161i\u0107 u Var\u0161avi: ReArm je velika prilika, ali moramo pojednostaviti birokraciju\" data-description=\"Potpredsjednik Vlade i ministar obrane Ivan Anu\u0161i\u0107 i na\u010delnik Glavnog sto\u017eera Oru\u017eanih snaga RH general-pukovnik Tihomir Kundid sudjelovali su danas na me\u0111unarodnoj sigurnosnoj konferenciji Defence24Days, koja se odr\u017eava u Var\u0161avi. Ministar Anu\u0161i\u0107 sudjelovao je na panelu Novi temelji obrambenog sustava. ReArm Europe \u2013 prilika za vojnu neovisnost | Foto: MORH\/ F. Klen\" alt=\"Ministar Anu\u0161i\u0107 u Var\u0161avi: ReArm je velika prilika, ali moramo pojednostaviti birokraciju\" src=\"https:\/\/live.staticflickr.com\/65535\/54501246305_d447f7ec7d_h.jpg\" data-layer=\"&lt;div class=&#039;morh-gallery-image-download&#039;&gt;&lt;a href=&#039;https:\/\/live.staticflickr.com\/65535\/54501246305_b4142467c5_o.jpg&#039; target=&#039;_blank&#039;&gt;Slika za preuzimanje&lt;\/a&gt;&lt;\/div&gt;\" \/><\/a><a href=\"https:\/\/live.staticflickr.com\/65535\/54501153233_7b465bb473_h.jpg\" title=\"Ministar Anu\u0161i\u0107 u Var\u0161avi: ReArm je velika prilika, ali moramo pojednostaviti birokraciju\"><img decoding=\"async\" data-title=\"Ministar Anu\u0161i\u0107 u Var\u0161avi: ReArm je velika prilika, ali moramo pojednostaviti birokraciju\" data-description=\"Potpredsjednik Vlade i ministar obrane Ivan Anu\u0161i\u0107 i na\u010delnik Glavnog sto\u017eera Oru\u017eanih snaga RH general-pukovnik Tihomir Kundid sudjelovali su danas na me\u0111unarodnoj sigurnosnoj konferenciji Defence24Days, koja se odr\u017eava u Var\u0161avi. Ministar Anu\u0161i\u0107 sudjelovao je na panelu Novi temelji obrambenog sustava. ReArm Europe \u2013 prilika za vojnu neovisnost | Foto: MORH\/ F. Klen\" alt=\"Ministar Anu\u0161i\u0107 u Var\u0161avi: ReArm je velika prilika, ali moramo pojednostaviti birokraciju\" src=\"https:\/\/live.staticflickr.com\/65535\/54501153233_7b465bb473_h.jpg\" data-layer=\"&lt;div class=&#039;morh-gallery-image-download&#039;&gt;&lt;a href=&#039;https:\/\/live.staticflickr.com\/65535\/54501153233_53272113f2_o.jpg&#039; target=&#039;_blank&#039;&gt;Slika za preuzimanje&lt;\/a&gt;&lt;\/div&gt;\" \/><\/a><a href=\"https:\/\/live.staticflickr.com\/65535\/54501246290_28c2574c1e_h.jpg\" title=\"Ministar Anu\u0161i\u0107 u Var\u0161avi: ReArm je velika prilika, ali moramo pojednostaviti birokraciju\"><img decoding=\"async\" data-title=\"Ministar Anu\u0161i\u0107 u Var\u0161avi: ReArm je velika prilika, ali moramo pojednostaviti birokraciju\" data-description=\"Potpredsjednik Vlade i ministar obrane Ivan Anu\u0161i\u0107 i na\u010delnik Glavnog sto\u017eera Oru\u017eanih snaga RH general-pukovnik Tihomir Kundid sudjelovali su danas na me\u0111unarodnoj sigurnosnoj konferenciji Defence24Days, koja se odr\u017eava u Var\u0161avi. Ministar Anu\u0161i\u0107 sudjelovao je na panelu Novi temelji obrambenog sustava. ReArm Europe \u2013 prilika za vojnu neovisnost | Foto: MORH\/ F. Klen\" alt=\"Ministar Anu\u0161i\u0107 u Var\u0161avi: ReArm je velika prilika, ali moramo pojednostaviti birokraciju\" src=\"https:\/\/live.staticflickr.com\/65535\/54501246290_28c2574c1e_h.jpg\" data-layer=\"&lt;div class=&#039;morh-gallery-image-download&#039;&gt;&lt;a href=&#039;https:\/\/live.staticflickr.com\/65535\/54501246290_d194462a0f_o.jpg&#039; target=&#039;_blank&#039;&gt;Slika za preuzimanje&lt;\/a&gt;&lt;\/div&gt;\" \/><\/a><a href=\"https:\/\/live.staticflickr.com\/65535\/54501074319_74c745e8bf_h.jpg\" title=\"Ministar Anu\u0161i\u0107 u Var\u0161avi: ReArm je velika prilika, ali moramo pojednostaviti birokraciju\"><img decoding=\"async\" data-title=\"Ministar Anu\u0161i\u0107 u Var\u0161avi: ReArm je velika prilika, ali moramo pojednostaviti birokraciju\" data-description=\"Potpredsjednik Vlade i ministar obrane Ivan Anu\u0161i\u0107 i na\u010delnik Glavnog sto\u017eera Oru\u017eanih snaga RH general-pukovnik Tihomir Kundid sudjelovali su danas na me\u0111unarodnoj sigurnosnoj konferenciji Defence24Days, koja se odr\u017eava u Var\u0161avi. Ministar Anu\u0161i\u0107 sudjelovao je na panelu Novi temelji obrambenog sustava. ReArm Europe \u2013 prilika za vojnu neovisnost | Foto: MORH\/ F. Klen\" alt=\"Ministar Anu\u0161i\u0107 u Var\u0161avi: ReArm je velika prilika, ali moramo pojednostaviti birokraciju\" src=\"https:\/\/live.staticflickr.com\/65535\/54501074319_74c745e8bf_h.jpg\" data-layer=\"&lt;div class=&#039;morh-gallery-image-download&#039;&gt;&lt;a href=&#039;https:\/\/live.staticflickr.com\/65535\/54501074319_80df16a358_o.jpg&#039; target=&#039;_blank&#039;&gt;Slika za preuzimanje&lt;\/a&gt;&lt;\/div&gt;\" \/><\/a><a href=\"https:\/\/live.staticflickr.com\/65535\/54501074344_956a70f55f_h.jpg\" title=\"Ministar Anu\u0161i\u0107 u Var\u0161avi: ReArm je velika prilika, ali moramo pojednostaviti birokraciju\"><img decoding=\"async\" data-title=\"Ministar Anu\u0161i\u0107 u Var\u0161avi: ReArm je velika prilika, ali moramo pojednostaviti birokraciju\" data-description=\"Potpredsjednik Vlade i ministar obrane Ivan Anu\u0161i\u0107 i na\u010delnik Glavnog sto\u017eera Oru\u017eanih snaga RH general-pukovnik Tihomir Kundid sudjelovali su danas na me\u0111unarodnoj sigurnosnoj konferenciji Defence24Days, koja se odr\u017eava u Var\u0161avi. Ministar Anu\u0161i\u0107 sudjelovao je na panelu Novi temelji obrambenog sustava. ReArm Europe \u2013 prilika za vojnu neovisnost | Foto: MORH\/ F. Klen\" alt=\"Ministar Anu\u0161i\u0107 u Var\u0161avi: ReArm je velika prilika, ali moramo pojednostaviti birokraciju\" src=\"https:\/\/live.staticflickr.com\/65535\/54501074344_956a70f55f_h.jpg\" data-layer=\"&lt;div class=&#039;morh-gallery-image-download&#039;&gt;&lt;a href=&#039;https:\/\/live.staticflickr.com\/65535\/54501074344_351d0ae95e_o.jpg&#039; target=&#039;_blank&#039;&gt;Slika za preuzimanje&lt;\/a&gt;&lt;\/div&gt;\" \/><\/a><a href=\"https:\/\/live.staticflickr.com\/65535\/54500025462_d21c3405a6_h.jpg\" title=\"Ministar Anu\u0161i\u0107 u Var\u0161avi: ReArm je velika prilika, ali moramo pojednostaviti birokraciju\"><img decoding=\"async\" data-title=\"Ministar Anu\u0161i\u0107 u Var\u0161avi: ReArm je velika prilika, ali moramo pojednostaviti birokraciju\" data-description=\"Potpredsjednik Vlade i ministar obrane Ivan Anu\u0161i\u0107 i na\u010delnik Glavnog sto\u017eera Oru\u017eanih snaga RH general-pukovnik Tihomir Kundid sudjelovali su danas na me\u0111unarodnoj sigurnosnoj konferenciji Defence24Days, koja se odr\u017eava u Var\u0161avi. Ministar Anu\u0161i\u0107 sudjelovao je na panelu Novi temelji obrambenog sustava. ReArm Europe \u2013 prilika za vojnu neovisnost | Foto: MORH\/ F. Klen\" alt=\"Ministar Anu\u0161i\u0107 u Var\u0161avi: ReArm je velika prilika, ali moramo pojednostaviti birokraciju\" src=\"https:\/\/live.staticflickr.com\/65535\/54500025462_d21c3405a6_h.jpg\" data-layer=\"&lt;div class=&#039;morh-gallery-image-download&#039;&gt;&lt;a href=&#039;https:\/\/live.staticflickr.com\/65535\/54500025462_87bd35acff_o.jpg&#039; target=&#039;_blank&#039;&gt;Slika za preuzimanje&lt;\/a&gt;&lt;\/div&gt;\" \/><\/a><a href=\"https:\/\/live.staticflickr.com\/65535\/54500890746_4081426489_h.jpg\" title=\"Ministar Anu\u0161i\u0107 u Var\u0161avi: ReArm je velika prilika, ali moramo pojednostaviti birokraciju\"><img decoding=\"async\" data-title=\"Ministar Anu\u0161i\u0107 u Var\u0161avi: ReArm je velika prilika, ali moramo pojednostaviti birokraciju\" data-description=\"Potpredsjednik Vlade i ministar obrane Ivan Anu\u0161i\u0107 i na\u010delnik Glavnog sto\u017eera Oru\u017eanih snaga RH general-pukovnik Tihomir Kundid sudjelovali su danas na me\u0111unarodnoj sigurnosnoj konferenciji Defence24Days, koja se odr\u017eava u Var\u0161avi. Ministar Anu\u0161i\u0107 sudjelovao je na panelu Novi temelji obrambenog sustava. ReArm Europe \u2013 prilika za vojnu neovisnost | Foto: MORH\/ F. Klen\" alt=\"Ministar Anu\u0161i\u0107 u Var\u0161avi: ReArm je velika prilika, ali moramo pojednostaviti birokraciju\" src=\"https:\/\/live.staticflickr.com\/65535\/54500890746_4081426489_h.jpg\" data-layer=\"&lt;div class=&#039;morh-gallery-image-download&#039;&gt;&lt;a href=&#039;https:\/\/live.staticflickr.com\/65535\/54500890746_bf2d9a0350_o.jpg&#039; target=&#039;_blank&#039;&gt;Slika za preuzimanje&lt;\/a&gt;&lt;\/div&gt;\" \/><\/a><a href=\"https:\/\/live.staticflickr.com\/65535\/54500890716_ba386d29f1_h.jpg\" title=\"Ministar Anu\u0161i\u0107 u Var\u0161avi: ReArm je velika prilika, ali moramo pojednostaviti birokraciju\"><img decoding=\"async\" data-title=\"Ministar Anu\u0161i\u0107 u Var\u0161avi: ReArm je velika prilika, ali moramo pojednostaviti birokraciju\" data-description=\"Potpredsjednik Vlade i ministar obrane Ivan Anu\u0161i\u0107 i na\u010delnik Glavnog sto\u017eera Oru\u017eanih snaga RH general-pukovnik Tihomir Kundid sudjelovali su danas na me\u0111unarodnoj sigurnosnoj konferenciji Defence24Days, koja se odr\u017eava u Var\u0161avi. Ministar Anu\u0161i\u0107 sudjelovao je na panelu Novi temelji obrambenog sustava. ReArm Europe \u2013 prilika za vojnu neovisnost | Foto: MORH\/ F. Klen\" alt=\"Ministar Anu\u0161i\u0107 u Var\u0161avi: ReArm je velika prilika, ali moramo pojednostaviti birokraciju\" src=\"https:\/\/live.staticflickr.com\/65535\/54500890716_ba386d29f1_h.jpg\" data-layer=\"&lt;div class=&#039;morh-gallery-image-download&#039;&gt;&lt;a href=&#039;https:\/\/live.staticflickr.com\/65535\/54500890716_5829178832_o.jpg&#039; target=&#039;_blank&#039;&gt;Slika za preuzimanje&lt;\/a&gt;&lt;\/div&gt;\" \/><\/a><a href=\"https:\/\/live.staticflickr.com\/65535\/54501153068_c324a7360e_h.jpg\" title=\"Ministar Anu\u0161i\u0107 u Var\u0161avi: ReArm je velika prilika, ali moramo pojednostaviti birokraciju\"><img decoding=\"async\" data-title=\"Ministar Anu\u0161i\u0107 u Var\u0161avi: ReArm je velika prilika, ali moramo pojednostaviti birokraciju\" data-description=\"Potpredsjednik Vlade i ministar obrane Ivan Anu\u0161i\u0107 i na\u010delnik Glavnog sto\u017eera Oru\u017eanih snaga RH general-pukovnik Tihomir Kundid sudjelovali su danas na me\u0111unarodnoj sigurnosnoj konferenciji Defence24Days, koja se odr\u017eava u Var\u0161avi. Ministar Anu\u0161i\u0107 sudjelovao je na panelu Novi temelji obrambenog sustava. ReArm Europe \u2013 prilika za vojnu neovisnost | Foto: MORH\/ F. Klen\" alt=\"Ministar Anu\u0161i\u0107 u Var\u0161avi: ReArm je velika prilika, ali moramo pojednostaviti birokraciju\" src=\"https:\/\/live.staticflickr.com\/65535\/54501153068_c324a7360e_h.jpg\" data-layer=\"&lt;div class=&#039;morh-gallery-image-download&#039;&gt;&lt;a href=&#039;https:\/\/live.staticflickr.com\/65535\/54501153068_9f907bb972_o.jpg&#039; target=&#039;_blank&#039;&gt;Slika za preuzimanje&lt;\/a&gt;&lt;\/div&gt;\" \/><\/a><a href=\"https:\/\/live.staticflickr.com\/65535\/54501153093_c1e50a1d4a_h.jpg\" title=\"Ministar Anu\u0161i\u0107 u Var\u0161avi: ReArm je velika prilika, ali moramo pojednostaviti birokraciju\"><img decoding=\"async\" data-title=\"Ministar Anu\u0161i\u0107 u Var\u0161avi: ReArm je velika prilika, ali moramo pojednostaviti birokraciju\" data-description=\"Potpredsjednik Vlade i ministar obrane Ivan Anu\u0161i\u0107 i na\u010delnik Glavnog sto\u017eera Oru\u017eanih snaga RH general-pukovnik Tihomir Kundid sudjelovali su danas na me\u0111unarodnoj sigurnosnoj konferenciji Defence24Days, koja se odr\u017eava u Var\u0161avi. Ministar Anu\u0161i\u0107 sudjelovao je na panelu Novi temelji obrambenog sustava. ReArm Europe \u2013 prilika za vojnu neovisnost | Foto: MORH\/ F. Klen\" alt=\"Ministar Anu\u0161i\u0107 u Var\u0161avi: ReArm je velika prilika, ali moramo pojednostaviti birokraciju\" src=\"https:\/\/live.staticflickr.com\/65535\/54501153093_c1e50a1d4a_h.jpg\" data-layer=\"&lt;div class=&#039;morh-gallery-image-download&#039;&gt;&lt;a href=&#039;https:\/\/live.staticflickr.com\/65535\/54501153093_29166a9838_o.jpg&#039; target=&#039;_blank&#039;&gt;Slika za preuzimanje&lt;\/a&gt;&lt;\/div&gt;\" \/><\/a><a href=\"https:\/\/live.staticflickr.com\/65535\/54501246185_038dd6bfb8_h.jpg\" title=\"Ministar Anu\u0161i\u0107 u Var\u0161avi: ReArm je velika prilika, ali moramo pojednostaviti birokraciju\"><img decoding=\"async\" data-title=\"Ministar Anu\u0161i\u0107 u Var\u0161avi: ReArm je velika prilika, ali moramo pojednostaviti birokraciju\" data-description=\"Potpredsjednik Vlade i ministar obrane Ivan Anu\u0161i\u0107 i na\u010delnik Glavnog sto\u017eera Oru\u017eanih snaga RH general-pukovnik Tihomir Kundid sudjelovali su danas na me\u0111unarodnoj sigurnosnoj konferenciji Defence24Days, koja se odr\u017eava u Var\u0161avi. Ministar Anu\u0161i\u0107 sudjelovao je na panelu Novi temelji obrambenog sustava. ReArm Europe \u2013 prilika za vojnu neovisnost | Foto: MORH\/ F. Klen\" alt=\"Ministar Anu\u0161i\u0107 u Var\u0161avi: ReArm je velika prilika, ali moramo pojednostaviti birokraciju\" src=\"https:\/\/live.staticflickr.com\/65535\/54501246185_038dd6bfb8_h.jpg\" data-layer=\"&lt;div class=&#039;morh-gallery-image-download&#039;&gt;&lt;a href=&#039;https:\/\/live.staticflickr.com\/65535\/54501246185_b6a0cb386a_o.jpg&#039; target=&#039;_blank&#039;&gt;Slika za preuzimanje&lt;\/a&gt;&lt;\/div&gt;\" \/><\/a><a href=\"https:\/\/live.staticflickr.com\/65535\/54501152953_21dc78a605_h.jpg\" title=\"Ministar Anu\u0161i\u0107 u Var\u0161avi: ReArm je velika prilika, ali moramo pojednostaviti birokraciju\"><img decoding=\"async\" data-title=\"Ministar Anu\u0161i\u0107 u Var\u0161avi: ReArm je velika prilika, ali moramo pojednostaviti birokraciju\" data-description=\"Potpredsjednik Vlade i ministar obrane Ivan Anu\u0161i\u0107 i na\u010delnik Glavnog sto\u017eera Oru\u017eanih snaga RH general-pukovnik Tihomir Kundid sudjelovali su danas na me\u0111unarodnoj sigurnosnoj konferenciji Defence24Days, koja se odr\u017eava u Var\u0161avi. Ministar Anu\u0161i\u0107 sudjelovao je na panelu Novi temelji obrambenog sustava. ReArm Europe \u2013 prilika za vojnu neovisnost | Foto: MORH\/ F. Klen\" alt=\"Ministar Anu\u0161i\u0107 u Var\u0161avi: ReArm je velika prilika, ali moramo pojednostaviti birokraciju\" src=\"https:\/\/live.staticflickr.com\/65535\/54501152953_21dc78a605_h.jpg\" data-layer=\"&lt;div class=&#039;morh-gallery-image-download&#039;&gt;&lt;a href=&#039;https:\/\/live.staticflickr.com\/65535\/54501152953_cba0c75c07_o.jpg&#039; target=&#039;_blank&#039;&gt;Slika za preuzimanje&lt;\/a&gt;&lt;\/div&gt;\" \/><\/a><a href=\"https:\/\/live.staticflickr.com\/65535\/54501246090_cd195cb8ab_h.jpg\" title=\"Ministar Anu\u0161i\u0107 u Var\u0161avi: ReArm je velika prilika, ali moramo pojednostaviti birokraciju\"><img decoding=\"async\" data-title=\"Ministar Anu\u0161i\u0107 u Var\u0161avi: ReArm je velika prilika, ali moramo pojednostaviti birokraciju\" data-description=\"Potpredsjednik Vlade i ministar obrane Ivan Anu\u0161i\u0107 i na\u010delnik Glavnog sto\u017eera Oru\u017eanih snaga RH general-pukovnik Tihomir Kundid sudjelovali su danas na me\u0111unarodnoj sigurnosnoj konferenciji Defence24Days, koja se odr\u017eava u Var\u0161avi. Ministar Anu\u0161i\u0107 sudjelovao je na panelu Novi temelji obrambenog sustava. ReArm Europe \u2013 prilika za vojnu neovisnost | Foto: MORH\/ F. Klen\" alt=\"Ministar Anu\u0161i\u0107 u Var\u0161avi: ReArm je velika prilika, ali moramo pojednostaviti birokraciju\" src=\"https:\/\/live.staticflickr.com\/65535\/54501246090_cd195cb8ab_h.jpg\" data-layer=\"&lt;div class=&#039;morh-gallery-image-download&#039;&gt;&lt;a href=&#039;https:\/\/live.staticflickr.com\/65535\/54501246090_5ffaae2276_o.jpg&#039; target=&#039;_blank&#039;&gt;Slika za preuzimanje&lt;\/a&gt;&lt;\/div&gt;\" \/><\/a><a href=\"https:\/\/live.staticflickr.com\/65535\/54501074159_2198c34144_h.jpg\" title=\"Ministar Anu\u0161i\u0107 u Var\u0161avi: ReArm je velika prilika, ali moramo pojednostaviti birokraciju\"><img decoding=\"async\" data-title=\"Ministar Anu\u0161i\u0107 u Var\u0161avi: ReArm je velika prilika, ali moramo pojednostaviti birokraciju\" data-description=\"Potpredsjednik Vlade i ministar obrane Ivan Anu\u0161i\u0107 i na\u010delnik Glavnog sto\u017eera Oru\u017eanih snaga RH general-pukovnik Tihomir Kundid sudjelovali su danas na me\u0111unarodnoj sigurnosnoj konferenciji Defence24Days, koja se odr\u017eava u Var\u0161avi. Ministar Anu\u0161i\u0107 sudjelovao je na panelu Novi temelji obrambenog sustava. ReArm Europe \u2013 prilika za vojnu neovisnost | Foto: MORH\/ F. Klen\" alt=\"Ministar Anu\u0161i\u0107 u Var\u0161avi: ReArm je velika prilika, ali moramo pojednostaviti birokraciju\" src=\"https:\/\/live.staticflickr.com\/65535\/54501074159_2198c34144_h.jpg\" data-layer=\"&lt;div class=&#039;morh-gallery-image-download&#039;&gt;&lt;a href=&#039;https:\/\/live.staticflickr.com\/65535\/54501074159_f3df4d7dcd_o.jpg&#039; target=&#039;_blank&#039;&gt;Slika za preuzimanje&lt;\/a&gt;&lt;\/div&gt;\" \/><\/a><a href=\"https:\/\/live.staticflickr.com\/65535\/54500890531_6678285e4e_h.jpg\" title=\"Ministar Anu\u0161i\u0107 u Var\u0161avi: ReArm je velika prilika, ali moramo pojednostaviti birokraciju\"><img decoding=\"async\" data-title=\"Ministar Anu\u0161i\u0107 u Var\u0161avi: ReArm je velika prilika, ali moramo pojednostaviti birokraciju\" data-description=\"Potpredsjednik Vlade i ministar obrane Ivan Anu\u0161i\u0107 i na\u010delnik Glavnog sto\u017eera Oru\u017eanih snaga RH general-pukovnik Tihomir Kundid sudjelovali su danas na me\u0111unarodnoj sigurnosnoj konferenciji Defence24Days, koja se odr\u017eava u Var\u0161avi. Ministar Anu\u0161i\u0107 sudjelovao je na panelu Novi temelji obrambenog sustava. ReArm Europe \u2013 prilika za vojnu neovisnost | Foto: MORH\/ F. Klen\" alt=\"Ministar Anu\u0161i\u0107 u Var\u0161avi: ReArm je velika prilika, ali moramo pojednostaviti birokraciju\" src=\"https:\/\/live.staticflickr.com\/65535\/54500890531_6678285e4e_h.jpg\" data-layer=\"&lt;div class=&#039;morh-gallery-image-download&#039;&gt;&lt;a href=&#039;https:\/\/live.staticflickr.com\/65535\/54500890531_ec48576e6c_o.jpg&#039; target=&#039;_blank&#039;&gt;Slika za preuzimanje&lt;\/a&gt;&lt;\/div&gt;\" \/><\/a><a href=\"https:\/\/live.staticflickr.com\/65535\/54501074119_7a10983478_h.jpg\" title=\"Ministar Anu\u0161i\u0107 u Var\u0161avi: ReArm je velika prilika, ali moramo pojednostaviti birokraciju\"><img decoding=\"async\" data-title=\"Ministar Anu\u0161i\u0107 u Var\u0161avi: ReArm je velika prilika, ali moramo pojednostaviti birokraciju\" data-description=\"Potpredsjednik Vlade i ministar obrane Ivan Anu\u0161i\u0107 i na\u010delnik Glavnog sto\u017eera Oru\u017eanih snaga RH general-pukovnik Tihomir Kundid sudjelovali su danas na me\u0111unarodnoj sigurnosnoj konferenciji Defence24Days, koja se odr\u017eava u Var\u0161avi. Ministar Anu\u0161i\u0107 sudjelovao je na panelu Novi temelji obrambenog sustava. ReArm Europe \u2013 prilika za vojnu neovisnost | Foto: MORH\/ F. Klen\" alt=\"Ministar Anu\u0161i\u0107 u Var\u0161avi: ReArm je velika prilika, ali moramo pojednostaviti birokraciju\" src=\"https:\/\/live.staticflickr.com\/65535\/54501074119_7a10983478_h.jpg\" data-layer=\"&lt;div class=&#039;morh-gallery-image-download&#039;&gt;&lt;a href=&#039;https:\/\/live.staticflickr.com\/65535\/54501074119_21b4562279_o.jpg&#039; target=&#039;_blank&#039;&gt;Slika za preuzimanje&lt;\/a&gt;&lt;\/div&gt;\" \/><\/a><a href=\"https:\/\/live.staticflickr.com\/65535\/54501246100_13fe5c18f1_h.jpg\" title=\"Ministar Anu\u0161i\u0107 u Var\u0161avi: ReArm je velika prilika, ali moramo pojednostaviti birokraciju\"><img decoding=\"async\" data-title=\"Ministar Anu\u0161i\u0107 u Var\u0161avi: ReArm je velika prilika, ali moramo pojednostaviti birokraciju\" data-description=\"Potpredsjednik Vlade i ministar obrane Ivan Anu\u0161i\u0107 i na\u010delnik Glavnog sto\u017eera Oru\u017eanih snaga RH general-pukovnik Tihomir Kundid sudjelovali su danas na me\u0111unarodnoj sigurnosnoj konferenciji Defence24Days, koja se odr\u017eava u Var\u0161avi. Ministar Anu\u0161i\u0107 sudjelovao je na panelu Novi temelji obrambenog sustava. ReArm Europe \u2013 prilika za vojnu neovisnost | Foto: MORH\/ F. Klen\" alt=\"Ministar Anu\u0161i\u0107 u Var\u0161avi: ReArm je velika prilika, ali moramo pojednostaviti birokraciju\" src=\"https:\/\/live.staticflickr.com\/65535\/54501246100_13fe5c18f1_h.jpg\" data-layer=\"&lt;div class=&#039;morh-gallery-image-download&#039;&gt;&lt;a href=&#039;https:\/\/live.staticflickr.com\/65535\/54501246100_6ea2dc940a_o.jpg&#039; target=&#039;_blank&#039;&gt;Slika za preuzimanje&lt;\/a&gt;&lt;\/div&gt;\" \/><\/a><a href=\"https:\/\/live.staticflickr.com\/65535\/54500025252_9af9f253bf_h.jpg\" title=\"Ministar Anu\u0161i\u0107 u Var\u0161avi: ReArm je velika prilika, ali moramo pojednostaviti birokraciju\"><img decoding=\"async\" data-title=\"Ministar Anu\u0161i\u0107 u Var\u0161avi: ReArm je velika prilika, ali moramo pojednostaviti birokraciju\" data-description=\"Potpredsjednik Vlade i ministar obrane Ivan Anu\u0161i\u0107 i na\u010delnik Glavnog sto\u017eera Oru\u017eanih snaga RH general-pukovnik Tihomir Kundid sudjelovali su danas na me\u0111unarodnoj sigurnosnoj konferenciji Defence24Days, koja se odr\u017eava u Var\u0161avi. Ministar Anu\u0161i\u0107 sudjelovao je na panelu Novi temelji obrambenog sustava. ReArm Europe \u2013 prilika za vojnu neovisnost | Foto: MORH\/ F. Klen\" alt=\"Ministar Anu\u0161i\u0107 u Var\u0161avi: ReArm je velika prilika, ali moramo pojednostaviti birokraciju\" src=\"https:\/\/live.staticflickr.com\/65535\/54500025252_9af9f253bf_h.jpg\" data-layer=\"&lt;div class=&#039;morh-gallery-image-download&#039;&gt;&lt;a href=&#039;https:\/\/live.staticflickr.com\/65535\/54500025252_9a24c4f8bf_o.jpg&#039; target=&#039;_blank&#039;&gt;Slika za preuzimanje&lt;\/a&gt;&lt;\/div&gt;\" \/><\/a><a href=\"https:\/\/live.staticflickr.com\/65535\/54500890451_9ab509066a_h.jpg\" title=\"Ministar Anu\u0161i\u0107 u Var\u0161avi: ReArm je velika prilika, ali moramo pojednostaviti birokraciju\"><img decoding=\"async\" data-title=\"Ministar Anu\u0161i\u0107 u Var\u0161avi: ReArm je velika prilika, ali moramo pojednostaviti birokraciju\" data-description=\"Potpredsjednik Vlade i ministar obrane Ivan Anu\u0161i\u0107 i na\u010delnik Glavnog sto\u017eera Oru\u017eanih snaga RH general-pukovnik Tihomir Kundid sudjelovali su danas na me\u0111unarodnoj sigurnosnoj konferenciji Defence24Days, koja se odr\u017eava u Var\u0161avi. Ministar Anu\u0161i\u0107 sudjelovao je na panelu Novi temelji obrambenog sustava. ReArm Europe \u2013 prilika za vojnu neovisnost | Foto: MORH\/ F. Klen\" alt=\"Ministar Anu\u0161i\u0107 u Var\u0161avi: ReArm je velika prilika, ali moramo pojednostaviti birokraciju\" src=\"https:\/\/live.staticflickr.com\/65535\/54500890451_9ab509066a_h.jpg\" data-layer=\"&lt;div class=&#039;morh-gallery-image-download&#039;&gt;&lt;a href=&#039;https:\/\/live.staticflickr.com\/65535\/54500890451_ec82eae5d8_o.jpg&#039; target=&#039;_blank&#039;&gt;Slika za preuzimanje&lt;\/a&gt;&lt;\/div&gt;\" \/><\/a><a href=\"https:\/\/live.staticflickr.com\/65535\/54500890441_a1672aeac7_h.jpg\" title=\"Ministar Anu\u0161i\u0107 u Var\u0161avi: ReArm je velika prilika, ali moramo pojednostaviti birokraciju\"><img decoding=\"async\" data-title=\"Ministar Anu\u0161i\u0107 u Var\u0161avi: ReArm je velika prilika, ali moramo pojednostaviti birokraciju\" data-description=\"Potpredsjednik Vlade i ministar obrane Ivan Anu\u0161i\u0107 i na\u010delnik Glavnog sto\u017eera Oru\u017eanih snaga RH general-pukovnik Tihomir Kundid sudjelovali su danas na me\u0111unarodnoj sigurnosnoj konferenciji Defence24Days, koja se odr\u017eava u Var\u0161avi. Ministar Anu\u0161i\u0107 sudjelovao je na panelu Novi temelji obrambenog sustava. ReArm Europe \u2013 prilika za vojnu neovisnost | Foto: MORH\/ F. Klen\" alt=\"Ministar Anu\u0161i\u0107 u Var\u0161avi: ReArm je velika prilika, ali moramo pojednostaviti birokraciju\" src=\"https:\/\/live.staticflickr.com\/65535\/54500890441_a1672aeac7_h.jpg\" data-layer=\"&lt;div class=&#039;morh-gallery-image-download&#039;&gt;&lt;a href=&#039;https:\/\/live.staticflickr.com\/65535\/54500890441_68634e6770_o.jpg&#039; target=&#039;_blank&#039;&gt;Slika za preuzimanje&lt;\/a&gt;&lt;\/div&gt;\" \/><\/a><\/div><!--\/.morh-galleria -->\n","protected":false},"excerpt":{"rendered":"<p>Minister of Defence Anu\u0161i\u0107 and Chief of the General Staff LTG Kundid participated today at the international security conference Defence24Days<\/p>\n","protected":false},"author":4699,"featured_media":254305,"comment_status":"closed","ping_status":"closed","sticky":false,"template":"","format":"standard","meta":{"_acf_changed":false,"_monsterinsights_skip_tracking":false,"_monsterinsights_sitenote_active":false,"_monsterinsights_sitenote_note":"","_monsterinsights_sitenote_category":0,"footnotes":""},"categories":[117],"tags":[],"class_list":["post-257746","post","type-post","status-publish","format-standard","has-post-thumbnail","hentry","category-press-releases"],"acf":[],"yoast_head":"<!-- This site is optimized with the Yoast SEO plugin v26.9 - https:\/\/yoast.com\/product\/yoast-seo-wordpress\/ -->\n<title>Minister Anu\u0161i\u0107 in Warsaw: ReArm is a great opportunity, but we must simplify bureaucracy - MORH<\/title>\n<meta name=\"description\" content=\"Minister of Defence Anu\u0161i\u0107 and Chief of the General Staff LTG Kundid participated today at the international security conference Defence24Days\" \/>\n<meta name=\"robots\" content=\"index, follow, max-snippet:-1, max-image-preview:large, max-video-preview:-1\" \/>\n<link rel=\"canonical\" href=\"https:\/\/www.morh.hr\/en\/minister-anusic-in-warsaw-rearm-is-a-great-opportunity-but-we-must-simplify-bureaucracy\/\" \/>\n<meta property=\"og:locale\" content=\"en_US\" \/>\n<meta property=\"og:type\" content=\"article\" \/>\n<meta property=\"og:title\" content=\"Minister Anu\u0161i\u0107 in Warsaw: ReArm is a great opportunity, but we must simplify bureaucracy - MORH\" \/>\n<meta property=\"og:description\" content=\"Minister of Defence Anu\u0161i\u0107 and Chief of the General Staff LTG Kundid participated today at the international security conference Defence24Days\" \/>\n<meta property=\"og:url\" content=\"https:\/\/www.morh.hr\/en\/minister-anusic-in-warsaw-rearm-is-a-great-opportunity-but-we-must-simplify-bureaucracy\/\" \/>\n<meta property=\"og:site_name\" content=\"MORH\" \/>\n<meta property=\"article:publisher\" content=\"https:\/\/www.facebook.com\/sportasiuhrvatskojvojsci\/\" \/>\n<meta property=\"article:published_time\" content=\"2025-05-06T10:08:27+00:00\" \/>\n<meta property=\"article:modified_time\" content=\"2025-07-28T10:11:22+00:00\" \/>\n<meta property=\"og:image\" content=\"https:\/\/www.morh.hr\/wp-content\/uploads\/2025\/05\/2025-05-06-konferencija-panel-poljska.jpg\" \/>\n\t<meta property=\"og:image:width\" content=\"2400\" \/>\n\t<meta property=\"og:image:height\" content=\"1597\" \/>\n\t<meta property=\"og:image:type\" content=\"image\/jpeg\" \/>\n<meta name=\"author\" content=\"Mladen\" \/>\n<meta name=\"twitter:card\" content=\"summary_large_image\" \/>\n<meta name=\"twitter:creator\" content=\"@morh_osrh\" \/>\n<meta name=\"twitter:site\" content=\"@morh_osrh\" \/>\n<meta name=\"twitter:label1\" content=\"Written by\" \/>\n\t<meta name=\"twitter:data1\" content=\"Mladen\" \/>\n\t<meta name=\"twitter:label2\" content=\"Est. reading time\" \/>\n\t<meta name=\"twitter:data2\" content=\"4 minutes\" \/>\n<script type=\"application\/ld+json\" class=\"yoast-schema-graph\">{\"@context\":\"https:\/\/schema.org\",\"@graph\":[{\"@type\":\"Article\",\"@id\":\"https:\/\/www.morh.hr\/en\/minister-anusic-in-warsaw-rearm-is-a-great-opportunity-but-we-must-simplify-bureaucracy\/#article\",\"isPartOf\":{\"@id\":\"https:\/\/www.morh.hr\/en\/minister-anusic-in-warsaw-rearm-is-a-great-opportunity-but-we-must-simplify-bureaucracy\/\"},\"author\":{\"name\":\"Mladen\",\"@id\":\"https:\/\/www.morh.hr\/en\/#\/schema\/person\/ec8e2528a579067d8bda0ae2124ac768\"},\"headline\":\"Minister Anu\u0161i\u0107 in Warsaw: ReArm is a great opportunity, but we must simplify bureaucracy\",\"datePublished\":\"2025-05-06T10:08:27+00:00\",\"dateModified\":\"2025-07-28T10:11:22+00:00\",\"mainEntityOfPage\":{\"@id\":\"https:\/\/www.morh.hr\/en\/minister-anusic-in-warsaw-rearm-is-a-great-opportunity-but-we-must-simplify-bureaucracy\/\"},\"wordCount\":583,\"image\":{\"@id\":\"https:\/\/www.morh.hr\/en\/minister-anusic-in-warsaw-rearm-is-a-great-opportunity-but-we-must-simplify-bureaucracy\/#primaryimage\"},\"thumbnailUrl\":\"https:\/\/www.morh.hr\/wp-content\/uploads\/2025\/05\/2025-05-06-konferencija-panel-poljska.jpg\",\"articleSection\":[\"Press releases\"],\"inLanguage\":\"en-US\"},{\"@type\":\"WebPage\",\"@id\":\"https:\/\/www.morh.hr\/en\/minister-anusic-in-warsaw-rearm-is-a-great-opportunity-but-we-must-simplify-bureaucracy\/\",\"url\":\"https:\/\/www.morh.hr\/en\/minister-anusic-in-warsaw-rearm-is-a-great-opportunity-but-we-must-simplify-bureaucracy\/\",\"name\":\"Minister Anu\u0161i\u0107 in Warsaw: ReArm is a great opportunity, but we must simplify bureaucracy - MORH\",\"isPartOf\":{\"@id\":\"https:\/\/www.morh.hr\/en\/#website\"},\"primaryImageOfPage\":{\"@id\":\"https:\/\/www.morh.hr\/en\/minister-anusic-in-warsaw-rearm-is-a-great-opportunity-but-we-must-simplify-bureaucracy\/#primaryimage\"},\"image\":{\"@id\":\"https:\/\/www.morh.hr\/en\/minister-anusic-in-warsaw-rearm-is-a-great-opportunity-but-we-must-simplify-bureaucracy\/#primaryimage\"},\"thumbnailUrl\":\"https:\/\/www.morh.hr\/wp-content\/uploads\/2025\/05\/2025-05-06-konferencija-panel-poljska.jpg\",\"datePublished\":\"2025-05-06T10:08:27+00:00\",\"dateModified\":\"2025-07-28T10:11:22+00:00\",\"author\":{\"@id\":\"https:\/\/www.morh.hr\/en\/#\/schema\/person\/ec8e2528a579067d8bda0ae2124ac768\"},\"description\":\"Minister of Defence Anu\u0161i\u0107 and Chief of the General Staff LTG Kundid participated today at the international security conference Defence24Days\",\"breadcrumb\":{\"@id\":\"https:\/\/www.morh.hr\/en\/minister-anusic-in-warsaw-rearm-is-a-great-opportunity-but-we-must-simplify-bureaucracy\/#breadcrumb\"},\"inLanguage\":\"en-US\",\"potentialAction\":[{\"@type\":\"ReadAction\",\"target\":[\"https:\/\/www.morh.hr\/en\/minister-anusic-in-warsaw-rearm-is-a-great-opportunity-but-we-must-simplify-bureaucracy\/\"]}]},{\"@type\":\"ImageObject\",\"inLanguage\":\"en-US\",\"@id\":\"https:\/\/www.morh.hr\/en\/minister-anusic-in-warsaw-rearm-is-a-great-opportunity-but-we-must-simplify-bureaucracy\/#primaryimage\",\"url\":\"https:\/\/www.morh.hr\/wp-content\/uploads\/2025\/05\/2025-05-06-konferencija-panel-poljska.jpg\",\"contentUrl\":\"https:\/\/www.morh.hr\/wp-content\/uploads\/2025\/05\/2025-05-06-konferencija-panel-poljska.jpg\",\"width\":2400,\"height\":1597,\"caption\":\"| Foto: MORH\/ F. Klen\"},{\"@type\":\"BreadcrumbList\",\"@id\":\"https:\/\/www.morh.hr\/en\/minister-anusic-in-warsaw-rearm-is-a-great-opportunity-but-we-must-simplify-bureaucracy\/#breadcrumb\",\"itemListElement\":[{\"@type\":\"ListItem\",\"position\":1,\"name\":\"Naslovnica\",\"item\":\"https:\/\/www.morh.hr\/en\/\"},{\"@type\":\"ListItem\",\"position\":2,\"name\":\"News\",\"item\":\"https:\/\/www.morh.hr\/en\/kategorija\/news\/\"},{\"@type\":\"ListItem\",\"position\":3,\"name\":\"Press releases\",\"item\":\"https:\/\/www.morh.hr\/en\/kategorija\/news\/press-releases\/\"},{\"@type\":\"ListItem\",\"position\":4,\"name\":\"Minister Anu\u0161i\u0107 in Warsaw: ReArm is a great opportunity, but we must simplify bureaucracy\"}]},{\"@type\":\"WebSite\",\"@id\":\"https:\/\/www.morh.hr\/en\/#website\",\"url\":\"https:\/\/www.morh.hr\/en\/\",\"name\":\"MORH\",\"description\":\"Ministarstvo obrane Republike Hrvatske - slu\u017ebene stranice\",\"potentialAction\":[{\"@type\":\"SearchAction\",\"target\":{\"@type\":\"EntryPoint\",\"urlTemplate\":\"https:\/\/www.morh.hr\/en\/?s={search_term_string}\"},\"query-input\":{\"@type\":\"PropertyValueSpecification\",\"valueRequired\":true,\"valueName\":\"search_term_string\"}}],\"inLanguage\":\"en-US\"},{\"@type\":\"Person\",\"@id\":\"https:\/\/www.morh.hr\/en\/#\/schema\/person\/ec8e2528a579067d8bda0ae2124ac768\",\"name\":\"Mladen\",\"image\":{\"@type\":\"ImageObject\",\"inLanguage\":\"en-US\",\"@id\":\"https:\/\/www.morh.hr\/en\/#\/schema\/person\/image\/\",\"url\":\"https:\/\/secure.gravatar.com\/avatar\/3d5ea7ca0d0a523cf2ec98548db52f920a5f6bbfd2c1aa63d237c2f445528cf7?s=96&d=mm&r=g\",\"contentUrl\":\"https:\/\/secure.gravatar.com\/avatar\/3d5ea7ca0d0a523cf2ec98548db52f920a5f6bbfd2c1aa63d237c2f445528cf7?s=96&d=mm&r=g\",\"caption\":\"Mladen\"}}]}<\/script>\n<!-- \/ Yoast SEO plugin. -->","yoast_head_json":{"title":"Minister Anu\u0161i\u0107 in Warsaw: ReArm is a great opportunity, but we must simplify bureaucracy - MORH","description":"Minister of Defence Anu\u0161i\u0107 and Chief of the General Staff LTG Kundid participated today at the international security conference Defence24Days","robots":{"index":"index","follow":"follow","max-snippet":"max-snippet:-1","max-image-preview":"max-image-preview:large","max-video-preview":"max-video-preview:-1"},"canonical":"https:\/\/www.morh.hr\/en\/minister-anusic-in-warsaw-rearm-is-a-great-opportunity-but-we-must-simplify-bureaucracy\/","og_locale":"en_US","og_type":"article","og_title":"Minister Anu\u0161i\u0107 in Warsaw: ReArm is a great opportunity, but we must simplify bureaucracy - MORH","og_description":"Minister of Defence Anu\u0161i\u0107 and Chief of the General Staff LTG Kundid participated today at the international security conference Defence24Days","og_url":"https:\/\/www.morh.hr\/en\/minister-anusic-in-warsaw-rearm-is-a-great-opportunity-but-we-must-simplify-bureaucracy\/","og_site_name":"MORH","article_publisher":"https:\/\/www.facebook.com\/sportasiuhrvatskojvojsci\/","article_published_time":"2025-05-06T10:08:27+00:00","article_modified_time":"2025-07-28T10:11:22+00:00","og_image":[{"width":2400,"height":1597,"url":"https:\/\/www.morh.hr\/wp-content\/uploads\/2025\/05\/2025-05-06-konferencija-panel-poljska.jpg","type":"image\/jpeg"}],"author":"Mladen","twitter_card":"summary_large_image","twitter_creator":"@morh_osrh","twitter_site":"@morh_osrh","twitter_misc":{"Written by":"Mladen","Est. reading time":"4 minutes"},"schema":{"@context":"https:\/\/schema.org","@graph":[{"@type":"Article","@id":"https:\/\/www.morh.hr\/en\/minister-anusic-in-warsaw-rearm-is-a-great-opportunity-but-we-must-simplify-bureaucracy\/#article","isPartOf":{"@id":"https:\/\/www.morh.hr\/en\/minister-anusic-in-warsaw-rearm-is-a-great-opportunity-but-we-must-simplify-bureaucracy\/"},"author":{"name":"Mladen","@id":"https:\/\/www.morh.hr\/en\/#\/schema\/person\/ec8e2528a579067d8bda0ae2124ac768"},"headline":"Minister Anu\u0161i\u0107 in Warsaw: ReArm is a great opportunity, but we must simplify bureaucracy","datePublished":"2025-05-06T10:08:27+00:00","dateModified":"2025-07-28T10:11:22+00:00","mainEntityOfPage":{"@id":"https:\/\/www.morh.hr\/en\/minister-anusic-in-warsaw-rearm-is-a-great-opportunity-but-we-must-simplify-bureaucracy\/"},"wordCount":583,"image":{"@id":"https:\/\/www.morh.hr\/en\/minister-anusic-in-warsaw-rearm-is-a-great-opportunity-but-we-must-simplify-bureaucracy\/#primaryimage"},"thumbnailUrl":"https:\/\/www.morh.hr\/wp-content\/uploads\/2025\/05\/2025-05-06-konferencija-panel-poljska.jpg","articleSection":["Press releases"],"inLanguage":"en-US"},{"@type":"WebPage","@id":"https:\/\/www.morh.hr\/en\/minister-anusic-in-warsaw-rearm-is-a-great-opportunity-but-we-must-simplify-bureaucracy\/","url":"https:\/\/www.morh.hr\/en\/minister-anusic-in-warsaw-rearm-is-a-great-opportunity-but-we-must-simplify-bureaucracy\/","name":"Minister Anu\u0161i\u0107 in Warsaw: ReArm is a great opportunity, but we must simplify bureaucracy - MORH","isPartOf":{"@id":"https:\/\/www.morh.hr\/en\/#website"},"primaryImageOfPage":{"@id":"https:\/\/www.morh.hr\/en\/minister-anusic-in-warsaw-rearm-is-a-great-opportunity-but-we-must-simplify-bureaucracy\/#primaryimage"},"image":{"@id":"https:\/\/www.morh.hr\/en\/minister-anusic-in-warsaw-rearm-is-a-great-opportunity-but-we-must-simplify-bureaucracy\/#primaryimage"},"thumbnailUrl":"https:\/\/www.morh.hr\/wp-content\/uploads\/2025\/05\/2025-05-06-konferencija-panel-poljska.jpg","datePublished":"2025-05-06T10:08:27+00:00","dateModified":"2025-07-28T10:11:22+00:00","author":{"@id":"https:\/\/www.morh.hr\/en\/#\/schema\/person\/ec8e2528a579067d8bda0ae2124ac768"},"description":"Minister of Defence Anu\u0161i\u0107 and Chief of the General Staff LTG Kundid participated today at the international security conference Defence24Days","breadcrumb":{"@id":"https:\/\/www.morh.hr\/en\/minister-anusic-in-warsaw-rearm-is-a-great-opportunity-but-we-must-simplify-bureaucracy\/#breadcrumb"},"inLanguage":"en-US","potentialAction":[{"@type":"ReadAction","target":["https:\/\/www.morh.hr\/en\/minister-anusic-in-warsaw-rearm-is-a-great-opportunity-but-we-must-simplify-bureaucracy\/"]}]},{"@type":"ImageObject","inLanguage":"en-US","@id":"https:\/\/www.morh.hr\/en\/minister-anusic-in-warsaw-rearm-is-a-great-opportunity-but-we-must-simplify-bureaucracy\/#primaryimage","url":"https:\/\/www.morh.hr\/wp-content\/uploads\/2025\/05\/2025-05-06-konferencija-panel-poljska.jpg","contentUrl":"https:\/\/www.morh.hr\/wp-content\/uploads\/2025\/05\/2025-05-06-konferencija-panel-poljska.jpg","width":2400,"height":1597,"caption":"| Foto: MORH\/ F. Klen"},{"@type":"BreadcrumbList","@id":"https:\/\/www.morh.hr\/en\/minister-anusic-in-warsaw-rearm-is-a-great-opportunity-but-we-must-simplify-bureaucracy\/#breadcrumb","itemListElement":[{"@type":"ListItem","position":1,"name":"Naslovnica","item":"https:\/\/www.morh.hr\/en\/"},{"@type":"ListItem","position":2,"name":"News","item":"https:\/\/www.morh.hr\/en\/kategorija\/news\/"},{"@type":"ListItem","position":3,"name":"Press releases","item":"https:\/\/www.morh.hr\/en\/kategorija\/news\/press-releases\/"},{"@type":"ListItem","position":4,"name":"Minister Anu\u0161i\u0107 in Warsaw: ReArm is a great opportunity, but we must simplify bureaucracy"}]},{"@type":"WebSite","@id":"https:\/\/www.morh.hr\/en\/#website","url":"https:\/\/www.morh.hr\/en\/","name":"MORH","description":"Ministarstvo obrane Republike Hrvatske - slu\u017ebene stranice","potentialAction":[{"@type":"SearchAction","target":{"@type":"EntryPoint","urlTemplate":"https:\/\/www.morh.hr\/en\/?s={search_term_string}"},"query-input":{"@type":"PropertyValueSpecification","valueRequired":true,"valueName":"search_term_string"}}],"inLanguage":"en-US"},{"@type":"Person","@id":"https:\/\/www.morh.hr\/en\/#\/schema\/person\/ec8e2528a579067d8bda0ae2124ac768","name":"Mladen","image":{"@type":"ImageObject","inLanguage":"en-US","@id":"https:\/\/www.morh.hr\/en\/#\/schema\/person\/image\/","url":"https:\/\/secure.gravatar.com\/avatar\/3d5ea7ca0d0a523cf2ec98548db52f920a5f6bbfd2c1aa63d237c2f445528cf7?s=96&d=mm&r=g","contentUrl":"https:\/\/secure.gravatar.com\/avatar\/3d5ea7ca0d0a523cf2ec98548db52f920a5f6bbfd2c1aa63d237c2f445528cf7?s=96&d=mm&r=g","caption":"Mladen"}}]}},"_links":{"self":[{"href":"https:\/\/www.morh.hr\/en\/wp-json\/wp\/v2\/posts\/257746","targetHints":{"allow":["GET"]}}],"collection":[{"href":"https:\/\/www.morh.hr\/en\/wp-json\/wp\/v2\/posts"}],"about":[{"href":"https:\/\/www.morh.hr\/en\/wp-json\/wp\/v2\/types\/post"}],"author":[{"embeddable":true,"href":"https:\/\/www.morh.hr\/en\/wp-json\/wp\/v2\/users\/4699"}],"replies":[{"embeddable":true,"href":"https:\/\/www.morh.hr\/en\/wp-json\/wp\/v2\/comments?post=257746"}],"version-history":[{"count":1,"href":"https:\/\/www.morh.hr\/en\/wp-json\/wp\/v2\/posts\/257746\/revisions"}],"predecessor-version":[{"id":257747,"href":"https:\/\/www.morh.hr\/en\/wp-json\/wp\/v2\/posts\/257746\/revisions\/257747"}],"wp:featuredmedia":[{"embeddable":true,"href":"https:\/\/www.morh.hr\/en\/wp-json\/wp\/v2\/media\/254305"}],"wp:attachment":[{"href":"https:\/\/www.morh.hr\/en\/wp-json\/wp\/v2\/media?parent=257746"}],"wp:term":[{"taxonomy":"category","embeddable":true,"href":"https:\/\/www.morh.hr\/en\/wp-json\/wp\/v2\/categories?post=257746"},{"taxonomy":"post_tag","embeddable":true,"href":"https:\/\/www.morh.hr\/en\/wp-json\/wp\/v2\/tags?post=257746"}],"curies":[{"name":"wp","href":"https:\/\/api.w.org\/{rel}","templated":true}]}}