{"id":257748,"date":"2025-05-08T12:11:54","date_gmt":"2025-05-08T10:11:54","guid":{"rendered":"https:\/\/www.morh.hr\/?p=257748"},"modified":"2025-07-28T12:16:27","modified_gmt":"2025-07-28T10:16:27","slug":"minister-anusic-from-poland-we-will-connect-croatian-and-polish-defence-companies","status":"publish","type":"post","link":"https:\/\/www.morh.hr\/en\/minister-anusic-from-poland-we-will-connect-croatian-and-polish-defence-companies\/","title":{"rendered":"Minister Anu\u0161i\u0107 from Poland: We will connect Croatian and Polish defence companies"},"content":{"rendered":"<p>As part of the working visit to the Republic of Poland, Deputy Prime Minister and Minister of Defence of the Republic of Croatia Ivan Anu\u0161i\u0107 and Chief of the CAF General Staff LTG Tihomir Kundid held a bilateral meeting today, on 8 May 2025, in Warsaw with Deputy Prime Minister and Minister of National Defence of the Republic of Poland W\u0142adys\u0142aw Kosiniak-Kamysz.<\/p>\n<p>The Ministers confirmed the strong bilateral relations between our countries, which are particularly visible in the area of security and defence cooperation.<\/p>\n<p>At the meeting, even more concrete cooperation was agreed upon, which will involve connecting Croatian and Polish defence companies, their cooperation and development, which will ultimately contribute to common security and stability.<\/p>\n<p>Minister Anu\u0161i\u0107 emphasized the strong ties between the two nations: &#8220;The Croatian and Polish people share many common values, and we want to send this message of unity clearly from today&#8217;s meeting.&#8221;<\/p>\n<p>He stressed that the talks were very specific and focused on strengthening bilateral cooperation, primarily in the field of defence and security: &#8220;This meeting was of exceptional quality. We have specified important steps for our future, primarily in the field of defence and security. In the next two months, we expect the Polish Minister of Defence to visit Zagreb, where we will sign a Letter of Intent and raise our cooperation to a higher level by connecting our defence industries.&#8221;<\/p>\n<p>Speaking about global security challenges, Minister Anu\u0161i\u0107 warned of the need for joint preparation and response: &#8220;We must take seriously the dangers and threats coming from the east and we must be ready to deter them.&#8221;<\/p>\n<p>Minister Anu\u0161i\u0107 particularly praised Poland&#8217;s defence progress: &#8220;The Croatian people look with great respect to Polish people and their ability to become a serious military force in a short period of time, aware of danger and responsibility.&#8221;<\/p>\n<p>In his review of Croatian history, he drew a parallel between the Homeland War and today&#8217;s security challenges: &#8220;Today&#8217;s situation reminds me of the 1990s, when we too had to defend our independence in a war from which we emerged as winners in 1995. I hope that no nation will ever have to go through such an experience again, but we must be prepared.&#8221;<\/p>\n<p>In conclusion, Minister Anu\u0161i\u0107 said: &#8220;Croatia and Poland, based on historical experiences and contemporary threats, fully understand each other. Together we continue to strengthen our defence and security cooperation.&#8221;<\/p>\n<p>Deputy Prime Minister and Minister of National Defence of the Republic of Poland, W\u0142adys\u0142aw Kosiniak-Kamysz, thanked the Republic of Croatia for an excellent defence cooperation, which is reflected in the contribution to NATO missions and operations, and emphasized that Croatia and Poland share common security goals and values.<\/p>\n<div class=\"morh-galleria\"><a href=\"https:\/\/live.staticflickr.com\/65535\/54504232187_4a6304d5d8_h.jpg\" title=\"Ministar Anu\u0161i\u0107 iz Poljske: Povezat \u0107emo hrvatske i poljske obrambene tvrtke\"><img decoding=\"async\" data-title=\"Ministar Anu\u0161i\u0107 iz Poljske: Povezat \u0107emo hrvatske i poljske obrambene tvrtke\" data-description=\"U sklopu radnog posjeta Republici Poljskoj, potpredsjednik Vlade i ministar obrane Republike Hrvatske Ivan Anu\u0161i\u0107 te na\u010delnik Glavnog sto\u017eera Oru\u017eanih snaga RH general-pukovnik Tihomir Kundid odr\u017eali su danas, 8. svibnja 2025. godine, u Var\u0161avi bilateralni sastanak s potpredsjednikom Vlade i ministrom nacionalne obrane Republike Poljske W\u0142adys\u0142awom Kosiniak-Kamyszem | Foto: MORH\/ F. Klen\" alt=\"Ministar Anu\u0161i\u0107 iz Poljske: Povezat \u0107emo hrvatske i poljske obrambene tvrtke\" src=\"https:\/\/live.staticflickr.com\/65535\/54504232187_4a6304d5d8_h.jpg\" data-layer=\"&lt;div class=&#039;morh-gallery-image-download&#039;&gt;&lt;a href=&#039;https:\/\/live.staticflickr.com\/65535\/54504232187_f3a953dfc6_o.jpg&#039; target=&#039;_blank&#039;&gt;Slika za preuzimanje&lt;\/a&gt;&lt;\/div&gt;\" \/><\/a><a href=\"https:\/\/live.staticflickr.com\/65535\/54505363563_5bf825b948_h.jpg\" title=\"Ministar Anu\u0161i\u0107 iz Poljske: Povezat \u0107emo hrvatske i poljske obrambene tvrtke\"><img decoding=\"async\" data-title=\"Ministar Anu\u0161i\u0107 iz Poljske: Povezat \u0107emo hrvatske i poljske obrambene tvrtke\" data-description=\"U sklopu radnog posjeta Republici Poljskoj, potpredsjednik Vlade i ministar obrane Republike Hrvatske Ivan Anu\u0161i\u0107 te na\u010delnik Glavnog sto\u017eera Oru\u017eanih snaga RH general-pukovnik Tihomir Kundid odr\u017eali su danas, 8. svibnja 2025. godine, u Var\u0161avi bilateralni sastanak s potpredsjednikom Vlade i ministrom nacionalne obrane Republike Poljske W\u0142adys\u0142awom Kosiniak-Kamyszem | Foto: MORH\/ F. Klen\" alt=\"Ministar Anu\u0161i\u0107 iz Poljske: Povezat \u0107emo hrvatske i poljske obrambene tvrtke\" src=\"https:\/\/live.staticflickr.com\/65535\/54505363563_5bf825b948_h.jpg\" data-layer=\"&lt;div class=&#039;morh-gallery-image-download&#039;&gt;&lt;a href=&#039;https:\/\/live.staticflickr.com\/65535\/54505363563_83fea0e7b5_o.jpg&#039; target=&#039;_blank&#039;&gt;Slika za preuzimanje&lt;\/a&gt;&lt;\/div&gt;\" \/><\/a><a href=\"https:\/\/live.staticflickr.com\/65535\/54505447285_50d41e0506_h.jpg\" title=\"Ministar Anu\u0161i\u0107 iz Poljske: Povezat \u0107emo hrvatske i poljske obrambene tvrtke\"><img decoding=\"async\" data-title=\"Ministar Anu\u0161i\u0107 iz Poljske: Povezat \u0107emo hrvatske i poljske obrambene tvrtke\" data-description=\"U sklopu radnog posjeta Republici Poljskoj, potpredsjednik Vlade i ministar obrane Republike Hrvatske Ivan Anu\u0161i\u0107 te na\u010delnik Glavnog sto\u017eera Oru\u017eanih snaga RH general-pukovnik Tihomir Kundid odr\u017eali su danas, 8. svibnja 2025. godine, u Var\u0161avi bilateralni sastanak s potpredsjednikom Vlade i ministrom nacionalne obrane Republike Poljske W\u0142adys\u0142awom Kosiniak-Kamyszem | Foto: MORH\/ F. Klen\" alt=\"Ministar Anu\u0161i\u0107 iz Poljske: Povezat \u0107emo hrvatske i poljske obrambene tvrtke\" src=\"https:\/\/live.staticflickr.com\/65535\/54505447285_50d41e0506_h.jpg\" data-layer=\"&lt;div class=&#039;morh-gallery-image-download&#039;&gt;&lt;a href=&#039;https:\/\/live.staticflickr.com\/65535\/54505447285_dbc6c63d13_o.jpg&#039; target=&#039;_blank&#039;&gt;Slika za preuzimanje&lt;\/a&gt;&lt;\/div&gt;\" \/><\/a><a href=\"https:\/\/live.staticflickr.com\/65535\/54504232167_f3f4e08992_h.jpg\" title=\"Ministar Anu\u0161i\u0107 iz Poljske: Povezat \u0107emo hrvatske i poljske obrambene tvrtke\"><img decoding=\"async\" data-title=\"Ministar Anu\u0161i\u0107 iz Poljske: Povezat \u0107emo hrvatske i poljske obrambene tvrtke\" data-description=\"U sklopu radnog posjeta Republici Poljskoj, potpredsjednik Vlade i ministar obrane Republike Hrvatske Ivan Anu\u0161i\u0107 te na\u010delnik Glavnog sto\u017eera Oru\u017eanih snaga RH general-pukovnik Tihomir Kundid odr\u017eali su danas, 8. svibnja 2025. godine, u Var\u0161avi bilateralni sastanak s potpredsjednikom Vlade i ministrom nacionalne obrane Republike Poljske W\u0142adys\u0142awom Kosiniak-Kamyszem | Foto: MORH\/ F. Klen\" alt=\"Ministar Anu\u0161i\u0107 iz Poljske: Povezat \u0107emo hrvatske i poljske obrambene tvrtke\" src=\"https:\/\/live.staticflickr.com\/65535\/54504232167_f3f4e08992_h.jpg\" data-layer=\"&lt;div class=&#039;morh-gallery-image-download&#039;&gt;&lt;a href=&#039;https:\/\/live.staticflickr.com\/65535\/54504232167_2be5ccd173_o.jpg&#039; target=&#039;_blank&#039;&gt;Slika za preuzimanje&lt;\/a&gt;&lt;\/div&gt;\" \/><\/a><a href=\"https:\/\/live.staticflickr.com\/65535\/54505447280_834297ab56_h.jpg\" title=\"Ministar Anu\u0161i\u0107 iz Poljske: Povezat \u0107emo hrvatske i poljske obrambene tvrtke\"><img decoding=\"async\" data-title=\"Ministar Anu\u0161i\u0107 iz Poljske: Povezat \u0107emo hrvatske i poljske obrambene tvrtke\" data-description=\"U sklopu radnog posjeta Republici Poljskoj, potpredsjednik Vlade i ministar obrane Republike Hrvatske Ivan Anu\u0161i\u0107 te na\u010delnik Glavnog sto\u017eera Oru\u017eanih snaga RH general-pukovnik Tihomir Kundid odr\u017eali su danas, 8. svibnja 2025. godine, u Var\u0161avi bilateralni sastanak s potpredsjednikom Vlade i ministrom nacionalne obrane Republike Poljske W\u0142adys\u0142awom Kosiniak-Kamyszem | Foto: MORH\/ F. Klen\" alt=\"Ministar Anu\u0161i\u0107 iz Poljske: Povezat \u0107emo hrvatske i poljske obrambene tvrtke\" src=\"https:\/\/live.staticflickr.com\/65535\/54505447280_834297ab56_h.jpg\" data-layer=\"&lt;div class=&#039;morh-gallery-image-download&#039;&gt;&lt;a href=&#039;https:\/\/live.staticflickr.com\/65535\/54505447280_21d415cf67_o.jpg&#039; target=&#039;_blank&#039;&gt;Slika za preuzimanje&lt;\/a&gt;&lt;\/div&gt;\" \/><\/a><a href=\"https:\/\/live.staticflickr.com\/65535\/54505279464_3b55b10982_h.jpg\" title=\"Ministar Anu\u0161i\u0107 iz Poljske: Povezat \u0107emo hrvatske i poljske obrambene tvrtke\"><img decoding=\"async\" data-title=\"Ministar Anu\u0161i\u0107 iz Poljske: Povezat \u0107emo hrvatske i poljske obrambene tvrtke\" data-description=\"U sklopu radnog posjeta Republici Poljskoj, potpredsjednik Vlade i ministar obrane Republike Hrvatske Ivan Anu\u0161i\u0107 te na\u010delnik Glavnog sto\u017eera Oru\u017eanih snaga RH general-pukovnik Tihomir Kundid odr\u017eali su danas, 8. svibnja 2025. godine, u Var\u0161avi bilateralni sastanak s potpredsjednikom Vlade i ministrom nacionalne obrane Republike Poljske W\u0142adys\u0142awom Kosiniak-Kamyszem | Foto: MORH\/ F. Klen\" alt=\"Ministar Anu\u0161i\u0107 iz Poljske: Povezat \u0107emo hrvatske i poljske obrambene tvrtke\" src=\"https:\/\/live.staticflickr.com\/65535\/54505279464_3b55b10982_h.jpg\" data-layer=\"&lt;div class=&#039;morh-gallery-image-download&#039;&gt;&lt;a href=&#039;https:\/\/live.staticflickr.com\/65535\/54505279464_df3ee8674f_o.jpg&#039; target=&#039;_blank&#039;&gt;Slika za preuzimanje&lt;\/a&gt;&lt;\/div&gt;\" \/><\/a><a href=\"https:\/\/live.staticflickr.com\/65535\/54505279344_c008b48459_h.jpg\" title=\"Ministar Anu\u0161i\u0107 iz Poljske: Povezat \u0107emo hrvatske i poljske obrambene tvrtke\"><img decoding=\"async\" data-title=\"Ministar Anu\u0161i\u0107 iz Poljske: Povezat \u0107emo hrvatske i poljske obrambene tvrtke\" data-description=\"U sklopu radnog posjeta Republici Poljskoj, potpredsjednik Vlade i ministar obrane Republike Hrvatske Ivan Anu\u0161i\u0107 te na\u010delnik Glavnog sto\u017eera Oru\u017eanih snaga RH general-pukovnik Tihomir Kundid odr\u017eali su danas, 8. svibnja 2025. godine, u Var\u0161avi bilateralni sastanak s potpredsjednikom Vlade i ministrom nacionalne obrane Republike Poljske W\u0142adys\u0142awom Kosiniak-Kamyszem | Foto: MORH\/ F. Klen\" alt=\"Ministar Anu\u0161i\u0107 iz Poljske: Povezat \u0107emo hrvatske i poljske obrambene tvrtke\" src=\"https:\/\/live.staticflickr.com\/65535\/54505279344_c008b48459_h.jpg\" data-layer=\"&lt;div class=&#039;morh-gallery-image-download&#039;&gt;&lt;a href=&#039;https:\/\/live.staticflickr.com\/65535\/54505279344_c6deda4c5e_o.jpg&#039; target=&#039;_blank&#039;&gt;Slika za preuzimanje&lt;\/a&gt;&lt;\/div&gt;\" \/><\/a><a href=\"https:\/\/live.staticflickr.com\/65535\/54505088746_41b5d1c2ac_h.jpg\" title=\"Ministar Anu\u0161i\u0107 iz Poljske: Povezat \u0107emo hrvatske i poljske obrambene tvrtke\"><img decoding=\"async\" data-title=\"Ministar Anu\u0161i\u0107 iz Poljske: Povezat \u0107emo hrvatske i poljske obrambene tvrtke\" data-description=\"U sklopu radnog posjeta Republici Poljskoj, potpredsjednik Vlade i ministar obrane Republike Hrvatske Ivan Anu\u0161i\u0107 te na\u010delnik Glavnog sto\u017eera Oru\u017eanih snaga RH general-pukovnik Tihomir Kundid odr\u017eali su danas, 8. svibnja 2025. godine, u Var\u0161avi bilateralni sastanak s potpredsjednikom Vlade i ministrom nacionalne obrane Republike Poljske W\u0142adys\u0142awom Kosiniak-Kamyszem | Foto: MORH\/ F. Klen\" alt=\"Ministar Anu\u0161i\u0107 iz Poljske: Povezat \u0107emo hrvatske i poljske obrambene tvrtke\" src=\"https:\/\/live.staticflickr.com\/65535\/54505088746_41b5d1c2ac_h.jpg\" data-layer=\"&lt;div class=&#039;morh-gallery-image-download&#039;&gt;&lt;a href=&#039;https:\/\/live.staticflickr.com\/65535\/54505088746_a31d2c9d7c_o.jpg&#039; target=&#039;_blank&#039;&gt;Slika za preuzimanje&lt;\/a&gt;&lt;\/div&gt;\" \/><\/a><a href=\"https:\/\/live.staticflickr.com\/65535\/54505088671_cb041eb9d6_h.jpg\" title=\"Ministar Anu\u0161i\u0107 iz Poljske: Povezat \u0107emo hrvatske i poljske obrambene tvrtke\"><img decoding=\"async\" data-title=\"Ministar Anu\u0161i\u0107 iz Poljske: Povezat \u0107emo hrvatske i poljske obrambene tvrtke\" data-description=\"U sklopu radnog posjeta Republici Poljskoj, potpredsjednik Vlade i ministar obrane Republike Hrvatske Ivan Anu\u0161i\u0107 te na\u010delnik Glavnog sto\u017eera Oru\u017eanih snaga RH general-pukovnik Tihomir Kundid odr\u017eali su danas, 8. svibnja 2025. godine, u Var\u0161avi bilateralni sastanak s potpredsjednikom Vlade i ministrom nacionalne obrane Republike Poljske W\u0142adys\u0142awom Kosiniak-Kamyszem | Foto: MORH\/ F. Klen\" alt=\"Ministar Anu\u0161i\u0107 iz Poljske: Povezat \u0107emo hrvatske i poljske obrambene tvrtke\" src=\"https:\/\/live.staticflickr.com\/65535\/54505088671_cb041eb9d6_h.jpg\" data-layer=\"&lt;div class=&#039;morh-gallery-image-download&#039;&gt;&lt;a href=&#039;https:\/\/live.staticflickr.com\/65535\/54505088671_28e942d625_o.jpg&#039; target=&#039;_blank&#039;&gt;Slika za preuzimanje&lt;\/a&gt;&lt;\/div&gt;\" \/><\/a><a href=\"https:\/\/live.staticflickr.com\/65535\/54505088731_84b5c4e065_h.jpg\" title=\"Ministar Anu\u0161i\u0107 iz Poljske: Povezat \u0107emo hrvatske i poljske obrambene tvrtke\"><img decoding=\"async\" data-title=\"Ministar Anu\u0161i\u0107 iz Poljske: Povezat \u0107emo hrvatske i poljske obrambene tvrtke\" data-description=\"U sklopu radnog posjeta Republici Poljskoj, potpredsjednik Vlade i ministar obrane Republike Hrvatske Ivan Anu\u0161i\u0107 te na\u010delnik Glavnog sto\u017eera Oru\u017eanih snaga RH general-pukovnik Tihomir Kundid odr\u017eali su danas, 8. svibnja 2025. godine, u Var\u0161avi bilateralni sastanak s potpredsjednikom Vlade i ministrom nacionalne obrane Republike Poljske W\u0142adys\u0142awom Kosiniak-Kamyszem | Foto: MORH\/ F. Klen\" alt=\"Ministar Anu\u0161i\u0107 iz Poljske: Povezat \u0107emo hrvatske i poljske obrambene tvrtke\" src=\"https:\/\/live.staticflickr.com\/65535\/54505088731_84b5c4e065_h.jpg\" data-layer=\"&lt;div class=&#039;morh-gallery-image-download&#039;&gt;&lt;a href=&#039;https:\/\/live.staticflickr.com\/65535\/54505088731_643c6da07c_o.jpg&#039; target=&#039;_blank&#039;&gt;Slika za preuzimanje&lt;\/a&gt;&lt;\/div&gt;\" \/><\/a><a href=\"https:\/\/live.staticflickr.com\/65535\/54505447355_11c9f6565c_h.jpg\" title=\"Ministar Anu\u0161i\u0107 iz Poljske: Povezat \u0107emo hrvatske i poljske obrambene tvrtke\"><img decoding=\"async\" data-title=\"Ministar Anu\u0161i\u0107 iz Poljske: Povezat \u0107emo hrvatske i poljske obrambene tvrtke\" data-description=\"U sklopu radnog posjeta Republici Poljskoj, potpredsjednik Vlade i ministar obrane Republike Hrvatske Ivan Anu\u0161i\u0107 te na\u010delnik Glavnog sto\u017eera Oru\u017eanih snaga RH general-pukovnik Tihomir Kundid odr\u017eali su danas, 8. svibnja 2025. godine, u Var\u0161avi bilateralni sastanak s potpredsjednikom Vlade i ministrom nacionalne obrane Republike Poljske W\u0142adys\u0142awom Kosiniak-Kamyszem | Foto: MORH\/ F. Klen\" alt=\"Ministar Anu\u0161i\u0107 iz Poljske: Povezat \u0107emo hrvatske i poljske obrambene tvrtke\" src=\"https:\/\/live.staticflickr.com\/65535\/54505447355_11c9f6565c_h.jpg\" data-layer=\"&lt;div class=&#039;morh-gallery-image-download&#039;&gt;&lt;a href=&#039;https:\/\/live.staticflickr.com\/65535\/54505447355_6f82987f64_o.jpg&#039; target=&#039;_blank&#039;&gt;Slika za preuzimanje&lt;\/a&gt;&lt;\/div&gt;\" \/><\/a><a href=\"https:\/\/live.staticflickr.com\/65535\/54505279414_c0bf81a7c8_h.jpg\" title=\"Ministar Anu\u0161i\u0107 iz Poljske: Povezat \u0107emo hrvatske i poljske obrambene tvrtke\"><img decoding=\"async\" data-title=\"Ministar Anu\u0161i\u0107 iz Poljske: Povezat \u0107emo hrvatske i poljske obrambene tvrtke\" data-description=\"U sklopu radnog posjeta Republici Poljskoj, potpredsjednik Vlade i ministar obrane Republike Hrvatske Ivan Anu\u0161i\u0107 te na\u010delnik Glavnog sto\u017eera Oru\u017eanih snaga RH general-pukovnik Tihomir Kundid odr\u017eali su danas, 8. svibnja 2025. godine, u Var\u0161avi bilateralni sastanak s potpredsjednikom Vlade i ministrom nacionalne obrane Republike Poljske W\u0142adys\u0142awom Kosiniak-Kamyszem | Foto: MORH\/ F. Klen\" alt=\"Ministar Anu\u0161i\u0107 iz Poljske: Povezat \u0107emo hrvatske i poljske obrambene tvrtke\" src=\"https:\/\/live.staticflickr.com\/65535\/54505279414_c0bf81a7c8_h.jpg\" data-layer=\"&lt;div class=&#039;morh-gallery-image-download&#039;&gt;&lt;a href=&#039;https:\/\/live.staticflickr.com\/65535\/54505279414_3ff9ccca87_o.jpg&#039; target=&#039;_blank&#039;&gt;Slika za preuzimanje&lt;\/a&gt;&lt;\/div&gt;\" \/><\/a><a href=\"https:\/\/live.staticflickr.com\/65535\/54505363673_0dde7f5eca_h.jpg\" title=\"Ministar Anu\u0161i\u0107 iz Poljske: Povezat \u0107emo hrvatske i poljske obrambene tvrtke\"><img decoding=\"async\" data-title=\"Ministar Anu\u0161i\u0107 iz Poljske: Povezat \u0107emo hrvatske i poljske obrambene tvrtke\" data-description=\"U sklopu radnog posjeta Republici Poljskoj, potpredsjednik Vlade i ministar obrane Republike Hrvatske Ivan Anu\u0161i\u0107 te na\u010delnik Glavnog sto\u017eera Oru\u017eanih snaga RH general-pukovnik Tihomir Kundid odr\u017eali su danas, 8. svibnja 2025. godine, u Var\u0161avi bilateralni sastanak s potpredsjednikom Vlade i ministrom nacionalne obrane Republike Poljske W\u0142adys\u0142awom Kosiniak-Kamyszem | Foto: MORH\/ F. Klen\" alt=\"Ministar Anu\u0161i\u0107 iz Poljske: Povezat \u0107emo hrvatske i poljske obrambene tvrtke\" src=\"https:\/\/live.staticflickr.com\/65535\/54505363673_0dde7f5eca_h.jpg\" data-layer=\"&lt;div class=&#039;morh-gallery-image-download&#039;&gt;&lt;a href=&#039;https:\/\/live.staticflickr.com\/65535\/54505363673_4e08a5b138_o.jpg&#039; target=&#039;_blank&#039;&gt;Slika za preuzimanje&lt;\/a&gt;&lt;\/div&gt;\" \/><\/a><a href=\"https:\/\/live.staticflickr.com\/65535\/54505279409_7c115810a2_h.jpg\" title=\"Ministar Anu\u0161i\u0107 iz Poljske: Povezat \u0107emo hrvatske i poljske obrambene tvrtke\"><img decoding=\"async\" data-title=\"Ministar Anu\u0161i\u0107 iz Poljske: Povezat \u0107emo hrvatske i poljske obrambene tvrtke\" data-description=\"U sklopu radnog posjeta Republici Poljskoj, potpredsjednik Vlade i ministar obrane Republike Hrvatske Ivan Anu\u0161i\u0107 te na\u010delnik Glavnog sto\u017eera Oru\u017eanih snaga RH general-pukovnik Tihomir Kundid odr\u017eali su danas, 8. svibnja 2025. godine, u Var\u0161avi bilateralni sastanak s potpredsjednikom Vlade i ministrom nacionalne obrane Republike Poljske W\u0142adys\u0142awom Kosiniak-Kamyszem | Foto: MORH\/ F. Klen\" alt=\"Ministar Anu\u0161i\u0107 iz Poljske: Povezat \u0107emo hrvatske i poljske obrambene tvrtke\" src=\"https:\/\/live.staticflickr.com\/65535\/54505279409_7c115810a2_h.jpg\" data-layer=\"&lt;div class=&#039;morh-gallery-image-download&#039;&gt;&lt;a href=&#039;https:\/\/live.staticflickr.com\/65535\/54505279409_ca0952cbae_o.jpg&#039; target=&#039;_blank&#039;&gt;Slika za preuzimanje&lt;\/a&gt;&lt;\/div&gt;\" \/><\/a><a href=\"https:\/\/live.staticflickr.com\/65535\/54505279469_18fcbc2ed5_h.jpg\" title=\"Ministar Anu\u0161i\u0107 iz Poljske: Povezat \u0107emo hrvatske i poljske obrambene tvrtke\"><img decoding=\"async\" data-title=\"Ministar Anu\u0161i\u0107 iz Poljske: Povezat \u0107emo hrvatske i poljske obrambene tvrtke\" data-description=\"U sklopu radnog posjeta Republici Poljskoj, potpredsjednik Vlade i ministar obrane Republike Hrvatske Ivan Anu\u0161i\u0107 te na\u010delnik Glavnog sto\u017eera Oru\u017eanih snaga RH general-pukovnik Tihomir Kundid odr\u017eali su danas, 8. svibnja 2025. godine, u Var\u0161avi bilateralni sastanak s potpredsjednikom Vlade i ministrom nacionalne obrane Republike Poljske W\u0142adys\u0142awom Kosiniak-Kamyszem | Foto: MORH\/ F. Klen\" alt=\"Ministar Anu\u0161i\u0107 iz Poljske: Povezat \u0107emo hrvatske i poljske obrambene tvrtke\" src=\"https:\/\/live.staticflickr.com\/65535\/54505279469_18fcbc2ed5_h.jpg\" data-layer=\"&lt;div class=&#039;morh-gallery-image-download&#039;&gt;&lt;a href=&#039;https:\/\/live.staticflickr.com\/65535\/54505279469_1f62702902_o.jpg&#039; target=&#039;_blank&#039;&gt;Slika za preuzimanje&lt;\/a&gt;&lt;\/div&gt;\" \/><\/a><a href=\"https:\/\/live.staticflickr.com\/65535\/54504232182_0b0b9e152f_h.jpg\" title=\"Ministar Anu\u0161i\u0107 iz Poljske: Povezat \u0107emo hrvatske i poljske obrambene tvrtke\"><img decoding=\"async\" data-title=\"Ministar Anu\u0161i\u0107 iz Poljske: Povezat \u0107emo hrvatske i poljske obrambene tvrtke\" data-description=\"U sklopu radnog posjeta Republici Poljskoj, potpredsjednik Vlade i ministar obrane Republike Hrvatske Ivan Anu\u0161i\u0107 te na\u010delnik Glavnog sto\u017eera Oru\u017eanih snaga RH general-pukovnik Tihomir Kundid odr\u017eali su danas, 8. svibnja 2025. godine, u Var\u0161avi bilateralni sastanak s potpredsjednikom Vlade i ministrom nacionalne obrane Republike Poljske W\u0142adys\u0142awom Kosiniak-Kamyszem | Foto: MORH\/ F. Klen\" alt=\"Ministar Anu\u0161i\u0107 iz Poljske: Povezat \u0107emo hrvatske i poljske obrambene tvrtke\" src=\"https:\/\/live.staticflickr.com\/65535\/54504232182_0b0b9e152f_h.jpg\" data-layer=\"&lt;div class=&#039;morh-gallery-image-download&#039;&gt;&lt;a href=&#039;https:\/\/live.staticflickr.com\/65535\/54504232182_674cdd63dc_o.jpg&#039; target=&#039;_blank&#039;&gt;Slika za preuzimanje&lt;\/a&gt;&lt;\/div&gt;\" \/><\/a><a href=\"https:\/\/live.staticflickr.com\/65535\/54505363648_33cfdcacc9_h.jpg\" title=\"Ministar Anu\u0161i\u0107 iz Poljske: Povezat \u0107emo hrvatske i poljske obrambene tvrtke\"><img decoding=\"async\" data-title=\"Ministar Anu\u0161i\u0107 iz Poljske: Povezat \u0107emo hrvatske i poljske obrambene tvrtke\" data-description=\"U sklopu radnog posjeta Republici Poljskoj, potpredsjednik Vlade i ministar obrane Republike Hrvatske Ivan Anu\u0161i\u0107 te na\u010delnik Glavnog sto\u017eera Oru\u017eanih snaga RH general-pukovnik Tihomir Kundid odr\u017eali su danas, 8. svibnja 2025. godine, u Var\u0161avi bilateralni sastanak s potpredsjednikom Vlade i ministrom nacionalne obrane Republike Poljske W\u0142adys\u0142awom Kosiniak-Kamyszem | Foto: MORH\/ F. Klen\" alt=\"Ministar Anu\u0161i\u0107 iz Poljske: Povezat \u0107emo hrvatske i poljske obrambene tvrtke\" src=\"https:\/\/live.staticflickr.com\/65535\/54505363648_33cfdcacc9_h.jpg\" data-layer=\"&lt;div class=&#039;morh-gallery-image-download&#039;&gt;&lt;a href=&#039;https:\/\/live.staticflickr.com\/65535\/54505363648_16a904f4ca_o.jpg&#039; target=&#039;_blank&#039;&gt;Slika za preuzimanje&lt;\/a&gt;&lt;\/div&gt;\" \/><\/a><a href=\"https:\/\/live.staticflickr.com\/65535\/54505279299_66ceb0de1a_h.jpg\" title=\"Ministar Anu\u0161i\u0107 iz Poljske: Povezat \u0107emo hrvatske i poljske obrambene tvrtke\"><img decoding=\"async\" data-title=\"Ministar Anu\u0161i\u0107 iz Poljske: Povezat \u0107emo hrvatske i poljske obrambene tvrtke\" data-description=\"U sklopu radnog posjeta Republici Poljskoj, potpredsjednik Vlade i ministar obrane Republike Hrvatske Ivan Anu\u0161i\u0107 te na\u010delnik Glavnog sto\u017eera Oru\u017eanih snaga RH general-pukovnik Tihomir Kundid odr\u017eali su danas, 8. svibnja 2025. godine, u Var\u0161avi bilateralni sastanak s potpredsjednikom Vlade i ministrom nacionalne obrane Republike Poljske W\u0142adys\u0142awom Kosiniak-Kamyszem | Foto: MORH\/ F. Klen\" alt=\"Ministar Anu\u0161i\u0107 iz Poljske: Povezat \u0107emo hrvatske i poljske obrambene tvrtke\" src=\"https:\/\/live.staticflickr.com\/65535\/54505279299_66ceb0de1a_h.jpg\" data-layer=\"&lt;div class=&#039;morh-gallery-image-download&#039;&gt;&lt;a href=&#039;https:\/\/live.staticflickr.com\/65535\/54505279299_ed068fb2e5_o.jpg&#039; target=&#039;_blank&#039;&gt;Slika za preuzimanje&lt;\/a&gt;&lt;\/div&gt;\" \/><\/a><a href=\"https:\/\/live.staticflickr.com\/65535\/54504231972_97b4b15569_h.jpg\" title=\"Ministar Anu\u0161i\u0107 iz Poljske: Povezat \u0107emo hrvatske i poljske obrambene tvrtke\"><img decoding=\"async\" data-title=\"Ministar Anu\u0161i\u0107 iz Poljske: Povezat \u0107emo hrvatske i poljske obrambene tvrtke\" data-description=\"U sklopu radnog posjeta Republici Poljskoj, potpredsjednik Vlade i ministar obrane Republike Hrvatske Ivan Anu\u0161i\u0107 te na\u010delnik Glavnog sto\u017eera Oru\u017eanih snaga RH general-pukovnik Tihomir Kundid odr\u017eali su danas, 8. svibnja 2025. godine, u Var\u0161avi bilateralni sastanak s potpredsjednikom Vlade i ministrom nacionalne obrane Republike Poljske W\u0142adys\u0142awom Kosiniak-Kamyszem | Foto: MORH\/ F. Klen\" alt=\"Ministar Anu\u0161i\u0107 iz Poljske: Povezat \u0107emo hrvatske i poljske obrambene tvrtke\" src=\"https:\/\/live.staticflickr.com\/65535\/54504231972_97b4b15569_h.jpg\" data-layer=\"&lt;div class=&#039;morh-gallery-image-download&#039;&gt;&lt;a href=&#039;https:\/\/live.staticflickr.com\/65535\/54504231972_853f952b7c_o.jpg&#039; target=&#039;_blank&#039;&gt;Slika za preuzimanje&lt;\/a&gt;&lt;\/div&gt;\" \/><\/a><a href=\"https:\/\/live.staticflickr.com\/65535\/54505279274_d2e9323f99_h.jpg\" title=\"Ministar Anu\u0161i\u0107 iz Poljske: Povezat \u0107emo hrvatske i poljske obrambene tvrtke\"><img decoding=\"async\" data-title=\"Ministar Anu\u0161i\u0107 iz Poljske: Povezat \u0107emo hrvatske i poljske obrambene tvrtke\" data-description=\"U sklopu radnog posjeta Republici Poljskoj, potpredsjednik Vlade i ministar obrane Republike Hrvatske Ivan Anu\u0161i\u0107 te na\u010delnik Glavnog sto\u017eera Oru\u017eanih snaga RH general-pukovnik Tihomir Kundid odr\u017eali su danas, 8. svibnja 2025. godine, u Var\u0161avi bilateralni sastanak s potpredsjednikom Vlade i ministrom nacionalne obrane Republike Poljske W\u0142adys\u0142awom Kosiniak-Kamyszem | Foto: MORH\/ F. Klen\" alt=\"Ministar Anu\u0161i\u0107 iz Poljske: Povezat \u0107emo hrvatske i poljske obrambene tvrtke\" src=\"https:\/\/live.staticflickr.com\/65535\/54505279274_d2e9323f99_h.jpg\" data-layer=\"&lt;div class=&#039;morh-gallery-image-download&#039;&gt;&lt;a href=&#039;https:\/\/live.staticflickr.com\/65535\/54505279274_b125b67b5c_o.jpg&#039; target=&#039;_blank&#039;&gt;Slika za preuzimanje&lt;\/a&gt;&lt;\/div&gt;\" \/><\/a><a href=\"https:\/\/live.staticflickr.com\/65535\/54505447180_ef448ba8fd_h.jpg\" title=\"Ministar Anu\u0161i\u0107 iz Poljske: Povezat \u0107emo hrvatske i poljske obrambene tvrtke\"><img decoding=\"async\" data-title=\"Ministar Anu\u0161i\u0107 iz Poljske: Povezat \u0107emo hrvatske i poljske obrambene tvrtke\" data-description=\"U sklopu radnog posjeta Republici Poljskoj, potpredsjednik Vlade i ministar obrane Republike Hrvatske Ivan Anu\u0161i\u0107 te na\u010delnik Glavnog sto\u017eera Oru\u017eanih snaga RH general-pukovnik Tihomir Kundid odr\u017eali su danas, 8. svibnja 2025. godine, u Var\u0161avi bilateralni sastanak s potpredsjednikom Vlade i ministrom nacionalne obrane Republike Poljske W\u0142adys\u0142awom Kosiniak-Kamyszem | Foto: MORH\/ F. Klen\" alt=\"Ministar Anu\u0161i\u0107 iz Poljske: Povezat \u0107emo hrvatske i poljske obrambene tvrtke\" src=\"https:\/\/live.staticflickr.com\/65535\/54505447180_ef448ba8fd_h.jpg\" data-layer=\"&lt;div class=&#039;morh-gallery-image-download&#039;&gt;&lt;a href=&#039;https:\/\/live.staticflickr.com\/65535\/54505447180_464af58c2b_o.jpg&#039; target=&#039;_blank&#039;&gt;Slika za preuzimanje&lt;\/a&gt;&lt;\/div&gt;\" \/><\/a><a href=\"https:\/\/live.staticflickr.com\/65535\/54505088631_4c9fd66134_h.jpg\" title=\"Ministar Anu\u0161i\u0107 iz Poljske: Povezat \u0107emo hrvatske i poljske obrambene tvrtke\"><img decoding=\"async\" data-title=\"Ministar Anu\u0161i\u0107 iz Poljske: Povezat \u0107emo hrvatske i poljske obrambene tvrtke\" data-description=\"U sklopu radnog posjeta Republici Poljskoj, potpredsjednik Vlade i ministar obrane Republike Hrvatske Ivan Anu\u0161i\u0107 te na\u010delnik Glavnog sto\u017eera Oru\u017eanih snaga RH general-pukovnik Tihomir Kundid odr\u017eali su danas, 8. svibnja 2025. godine, u Var\u0161avi bilateralni sastanak s potpredsjednikom Vlade i ministrom nacionalne obrane Republike Poljske W\u0142adys\u0142awom Kosiniak-Kamyszem | Foto: MORH\/ F. Klen\" alt=\"Ministar Anu\u0161i\u0107 iz Poljske: Povezat \u0107emo hrvatske i poljske obrambene tvrtke\" src=\"https:\/\/live.staticflickr.com\/65535\/54505088631_4c9fd66134_h.jpg\" data-layer=\"&lt;div class=&#039;morh-gallery-image-download&#039;&gt;&lt;a href=&#039;https:\/\/live.staticflickr.com\/65535\/54505088631_9717b8b1d5_o.jpg&#039; target=&#039;_blank&#039;&gt;Slika za preuzimanje&lt;\/a&gt;&lt;\/div&gt;\" \/><\/a><\/div><!--\/.morh-galleria -->\n","protected":false},"excerpt":{"rendered":"<p>We expect the Polish Minister of Defence to visit Zagreb in the next two months, Minister Anu\u0161i\u0107 said<\/p>\n","protected":false},"author":4699,"featured_media":254390,"comment_status":"closed","ping_status":"closed","sticky":false,"template":"","format":"standard","meta":{"_acf_changed":false,"_monsterinsights_skip_tracking":false,"_monsterinsights_sitenote_active":false,"_monsterinsights_sitenote_note":"","_monsterinsights_sitenote_category":0,"footnotes":""},"categories":[117],"tags":[],"class_list":["post-257748","post","type-post","status-publish","format-standard","has-post-thumbnail","hentry","category-press-releases"],"acf":[],"yoast_head":"<!-- This site is optimized with the Yoast SEO plugin v26.9 - https:\/\/yoast.com\/product\/yoast-seo-wordpress\/ -->\n<title>Minister Anu\u0161i\u0107 from Poland: We will connect Croatian and Polish defence companies - MORH<\/title>\n<meta name=\"description\" content=\"We expect the Polish Minister of Defence to visit Zagreb in the next two months, Minister Anu\u0161i\u0107 said\" \/>\n<meta name=\"robots\" content=\"index, follow, max-snippet:-1, max-image-preview:large, max-video-preview:-1\" \/>\n<link rel=\"canonical\" href=\"https:\/\/www.morh.hr\/en\/minister-anusic-from-poland-we-will-connect-croatian-and-polish-defence-companies\/\" \/>\n<meta property=\"og:locale\" content=\"en_US\" \/>\n<meta property=\"og:type\" content=\"article\" \/>\n<meta property=\"og:title\" content=\"Minister Anu\u0161i\u0107 from Poland: We will connect Croatian and Polish defence companies - MORH\" \/>\n<meta property=\"og:description\" content=\"We expect the Polish Minister of Defence to visit Zagreb in the next two months, Minister Anu\u0161i\u0107 said\" \/>\n<meta property=\"og:url\" content=\"https:\/\/www.morh.hr\/en\/minister-anusic-from-poland-we-will-connect-croatian-and-polish-defence-companies\/\" \/>\n<meta property=\"og:site_name\" content=\"MORH\" \/>\n<meta property=\"article:publisher\" content=\"https:\/\/www.facebook.com\/sportasiuhrvatskojvojsci\/\" \/>\n<meta property=\"article:published_time\" content=\"2025-05-08T10:11:54+00:00\" \/>\n<meta property=\"article:modified_time\" content=\"2025-07-28T10:16:27+00:00\" \/>\n<meta property=\"og:image\" content=\"https:\/\/www.morh.hr\/wp-content\/uploads\/2025\/05\/2025-05-08-mo-poljska.jpg\" \/>\n\t<meta property=\"og:image:width\" content=\"2400\" \/>\n\t<meta property=\"og:image:height\" content=\"1600\" \/>\n\t<meta property=\"og:image:type\" content=\"image\/jpeg\" \/>\n<meta name=\"author\" content=\"Mladen\" \/>\n<meta name=\"twitter:card\" content=\"summary_large_image\" \/>\n<meta name=\"twitter:creator\" content=\"@morh_osrh\" \/>\n<meta name=\"twitter:site\" content=\"@morh_osrh\" \/>\n<meta name=\"twitter:label1\" content=\"Written by\" \/>\n\t<meta name=\"twitter:data1\" content=\"Mladen\" \/>\n\t<meta name=\"twitter:label2\" content=\"Est. reading time\" \/>\n\t<meta name=\"twitter:data2\" content=\"3 minutes\" \/>\n<script type=\"application\/ld+json\" class=\"yoast-schema-graph\">{\"@context\":\"https:\/\/schema.org\",\"@graph\":[{\"@type\":\"Article\",\"@id\":\"https:\/\/www.morh.hr\/en\/minister-anusic-from-poland-we-will-connect-croatian-and-polish-defence-companies\/#article\",\"isPartOf\":{\"@id\":\"https:\/\/www.morh.hr\/en\/minister-anusic-from-poland-we-will-connect-croatian-and-polish-defence-companies\/\"},\"author\":{\"name\":\"Mladen\",\"@id\":\"https:\/\/www.morh.hr\/en\/#\/schema\/person\/ec8e2528a579067d8bda0ae2124ac768\"},\"headline\":\"Minister Anu\u0161i\u0107 from Poland: We will connect Croatian and Polish defence companies\",\"datePublished\":\"2025-05-08T10:11:54+00:00\",\"dateModified\":\"2025-07-28T10:16:27+00:00\",\"mainEntityOfPage\":{\"@id\":\"https:\/\/www.morh.hr\/en\/minister-anusic-from-poland-we-will-connect-croatian-and-polish-defence-companies\/\"},\"wordCount\":471,\"image\":{\"@id\":\"https:\/\/www.morh.hr\/en\/minister-anusic-from-poland-we-will-connect-croatian-and-polish-defence-companies\/#primaryimage\"},\"thumbnailUrl\":\"https:\/\/www.morh.hr\/wp-content\/uploads\/2025\/05\/2025-05-08-mo-poljska.jpg\",\"articleSection\":[\"Press releases\"],\"inLanguage\":\"en-US\"},{\"@type\":\"WebPage\",\"@id\":\"https:\/\/www.morh.hr\/en\/minister-anusic-from-poland-we-will-connect-croatian-and-polish-defence-companies\/\",\"url\":\"https:\/\/www.morh.hr\/en\/minister-anusic-from-poland-we-will-connect-croatian-and-polish-defence-companies\/\",\"name\":\"Minister Anu\u0161i\u0107 from Poland: We will connect Croatian and Polish defence companies - MORH\",\"isPartOf\":{\"@id\":\"https:\/\/www.morh.hr\/en\/#website\"},\"primaryImageOfPage\":{\"@id\":\"https:\/\/www.morh.hr\/en\/minister-anusic-from-poland-we-will-connect-croatian-and-polish-defence-companies\/#primaryimage\"},\"image\":{\"@id\":\"https:\/\/www.morh.hr\/en\/minister-anusic-from-poland-we-will-connect-croatian-and-polish-defence-companies\/#primaryimage\"},\"thumbnailUrl\":\"https:\/\/www.morh.hr\/wp-content\/uploads\/2025\/05\/2025-05-08-mo-poljska.jpg\",\"datePublished\":\"2025-05-08T10:11:54+00:00\",\"dateModified\":\"2025-07-28T10:16:27+00:00\",\"author\":{\"@id\":\"https:\/\/www.morh.hr\/en\/#\/schema\/person\/ec8e2528a579067d8bda0ae2124ac768\"},\"description\":\"We expect the Polish Minister of Defence to visit Zagreb in the next two months, Minister Anu\u0161i\u0107 said\",\"breadcrumb\":{\"@id\":\"https:\/\/www.morh.hr\/en\/minister-anusic-from-poland-we-will-connect-croatian-and-polish-defence-companies\/#breadcrumb\"},\"inLanguage\":\"en-US\",\"potentialAction\":[{\"@type\":\"ReadAction\",\"target\":[\"https:\/\/www.morh.hr\/en\/minister-anusic-from-poland-we-will-connect-croatian-and-polish-defence-companies\/\"]}]},{\"@type\":\"ImageObject\",\"inLanguage\":\"en-US\",\"@id\":\"https:\/\/www.morh.hr\/en\/minister-anusic-from-poland-we-will-connect-croatian-and-polish-defence-companies\/#primaryimage\",\"url\":\"https:\/\/www.morh.hr\/wp-content\/uploads\/2025\/05\/2025-05-08-mo-poljska.jpg\",\"contentUrl\":\"https:\/\/www.morh.hr\/wp-content\/uploads\/2025\/05\/2025-05-08-mo-poljska.jpg\",\"width\":2400,\"height\":1600,\"caption\":\"| Foto: MORH\/ F. Klen\"},{\"@type\":\"BreadcrumbList\",\"@id\":\"https:\/\/www.morh.hr\/en\/minister-anusic-from-poland-we-will-connect-croatian-and-polish-defence-companies\/#breadcrumb\",\"itemListElement\":[{\"@type\":\"ListItem\",\"position\":1,\"name\":\"Naslovnica\",\"item\":\"https:\/\/www.morh.hr\/en\/\"},{\"@type\":\"ListItem\",\"position\":2,\"name\":\"News\",\"item\":\"https:\/\/www.morh.hr\/en\/kategorija\/news\/\"},{\"@type\":\"ListItem\",\"position\":3,\"name\":\"Press releases\",\"item\":\"https:\/\/www.morh.hr\/en\/kategorija\/news\/press-releases\/\"},{\"@type\":\"ListItem\",\"position\":4,\"name\":\"Minister Anu\u0161i\u0107 from Poland: We will connect Croatian and Polish defence companies\"}]},{\"@type\":\"WebSite\",\"@id\":\"https:\/\/www.morh.hr\/en\/#website\",\"url\":\"https:\/\/www.morh.hr\/en\/\",\"name\":\"MORH\",\"description\":\"Ministarstvo obrane Republike Hrvatske - slu\u017ebene stranice\",\"potentialAction\":[{\"@type\":\"SearchAction\",\"target\":{\"@type\":\"EntryPoint\",\"urlTemplate\":\"https:\/\/www.morh.hr\/en\/?s={search_term_string}\"},\"query-input\":{\"@type\":\"PropertyValueSpecification\",\"valueRequired\":true,\"valueName\":\"search_term_string\"}}],\"inLanguage\":\"en-US\"},{\"@type\":\"Person\",\"@id\":\"https:\/\/www.morh.hr\/en\/#\/schema\/person\/ec8e2528a579067d8bda0ae2124ac768\",\"name\":\"Mladen\",\"image\":{\"@type\":\"ImageObject\",\"inLanguage\":\"en-US\",\"@id\":\"https:\/\/www.morh.hr\/en\/#\/schema\/person\/image\/\",\"url\":\"https:\/\/secure.gravatar.com\/avatar\/3d5ea7ca0d0a523cf2ec98548db52f920a5f6bbfd2c1aa63d237c2f445528cf7?s=96&d=mm&r=g\",\"contentUrl\":\"https:\/\/secure.gravatar.com\/avatar\/3d5ea7ca0d0a523cf2ec98548db52f920a5f6bbfd2c1aa63d237c2f445528cf7?s=96&d=mm&r=g\",\"caption\":\"Mladen\"}}]}<\/script>\n<!-- \/ Yoast SEO plugin. -->","yoast_head_json":{"title":"Minister Anu\u0161i\u0107 from Poland: We will connect Croatian and Polish defence companies - MORH","description":"We expect the Polish Minister of Defence to visit Zagreb in the next two months, Minister Anu\u0161i\u0107 said","robots":{"index":"index","follow":"follow","max-snippet":"max-snippet:-1","max-image-preview":"max-image-preview:large","max-video-preview":"max-video-preview:-1"},"canonical":"https:\/\/www.morh.hr\/en\/minister-anusic-from-poland-we-will-connect-croatian-and-polish-defence-companies\/","og_locale":"en_US","og_type":"article","og_title":"Minister Anu\u0161i\u0107 from Poland: We will connect Croatian and Polish defence companies - MORH","og_description":"We expect the Polish Minister of Defence to visit Zagreb in the next two months, Minister Anu\u0161i\u0107 said","og_url":"https:\/\/www.morh.hr\/en\/minister-anusic-from-poland-we-will-connect-croatian-and-polish-defence-companies\/","og_site_name":"MORH","article_publisher":"https:\/\/www.facebook.com\/sportasiuhrvatskojvojsci\/","article_published_time":"2025-05-08T10:11:54+00:00","article_modified_time":"2025-07-28T10:16:27+00:00","og_image":[{"width":2400,"height":1600,"url":"https:\/\/www.morh.hr\/wp-content\/uploads\/2025\/05\/2025-05-08-mo-poljska.jpg","type":"image\/jpeg"}],"author":"Mladen","twitter_card":"summary_large_image","twitter_creator":"@morh_osrh","twitter_site":"@morh_osrh","twitter_misc":{"Written by":"Mladen","Est. reading time":"3 minutes"},"schema":{"@context":"https:\/\/schema.org","@graph":[{"@type":"Article","@id":"https:\/\/www.morh.hr\/en\/minister-anusic-from-poland-we-will-connect-croatian-and-polish-defence-companies\/#article","isPartOf":{"@id":"https:\/\/www.morh.hr\/en\/minister-anusic-from-poland-we-will-connect-croatian-and-polish-defence-companies\/"},"author":{"name":"Mladen","@id":"https:\/\/www.morh.hr\/en\/#\/schema\/person\/ec8e2528a579067d8bda0ae2124ac768"},"headline":"Minister Anu\u0161i\u0107 from Poland: We will connect Croatian and Polish defence companies","datePublished":"2025-05-08T10:11:54+00:00","dateModified":"2025-07-28T10:16:27+00:00","mainEntityOfPage":{"@id":"https:\/\/www.morh.hr\/en\/minister-anusic-from-poland-we-will-connect-croatian-and-polish-defence-companies\/"},"wordCount":471,"image":{"@id":"https:\/\/www.morh.hr\/en\/minister-anusic-from-poland-we-will-connect-croatian-and-polish-defence-companies\/#primaryimage"},"thumbnailUrl":"https:\/\/www.morh.hr\/wp-content\/uploads\/2025\/05\/2025-05-08-mo-poljska.jpg","articleSection":["Press releases"],"inLanguage":"en-US"},{"@type":"WebPage","@id":"https:\/\/www.morh.hr\/en\/minister-anusic-from-poland-we-will-connect-croatian-and-polish-defence-companies\/","url":"https:\/\/www.morh.hr\/en\/minister-anusic-from-poland-we-will-connect-croatian-and-polish-defence-companies\/","name":"Minister Anu\u0161i\u0107 from Poland: We will connect Croatian and Polish defence companies - MORH","isPartOf":{"@id":"https:\/\/www.morh.hr\/en\/#website"},"primaryImageOfPage":{"@id":"https:\/\/www.morh.hr\/en\/minister-anusic-from-poland-we-will-connect-croatian-and-polish-defence-companies\/#primaryimage"},"image":{"@id":"https:\/\/www.morh.hr\/en\/minister-anusic-from-poland-we-will-connect-croatian-and-polish-defence-companies\/#primaryimage"},"thumbnailUrl":"https:\/\/www.morh.hr\/wp-content\/uploads\/2025\/05\/2025-05-08-mo-poljska.jpg","datePublished":"2025-05-08T10:11:54+00:00","dateModified":"2025-07-28T10:16:27+00:00","author":{"@id":"https:\/\/www.morh.hr\/en\/#\/schema\/person\/ec8e2528a579067d8bda0ae2124ac768"},"description":"We expect the Polish Minister of Defence to visit Zagreb in the next two months, Minister Anu\u0161i\u0107 said","breadcrumb":{"@id":"https:\/\/www.morh.hr\/en\/minister-anusic-from-poland-we-will-connect-croatian-and-polish-defence-companies\/#breadcrumb"},"inLanguage":"en-US","potentialAction":[{"@type":"ReadAction","target":["https:\/\/www.morh.hr\/en\/minister-anusic-from-poland-we-will-connect-croatian-and-polish-defence-companies\/"]}]},{"@type":"ImageObject","inLanguage":"en-US","@id":"https:\/\/www.morh.hr\/en\/minister-anusic-from-poland-we-will-connect-croatian-and-polish-defence-companies\/#primaryimage","url":"https:\/\/www.morh.hr\/wp-content\/uploads\/2025\/05\/2025-05-08-mo-poljska.jpg","contentUrl":"https:\/\/www.morh.hr\/wp-content\/uploads\/2025\/05\/2025-05-08-mo-poljska.jpg","width":2400,"height":1600,"caption":"| Foto: MORH\/ F. Klen"},{"@type":"BreadcrumbList","@id":"https:\/\/www.morh.hr\/en\/minister-anusic-from-poland-we-will-connect-croatian-and-polish-defence-companies\/#breadcrumb","itemListElement":[{"@type":"ListItem","position":1,"name":"Naslovnica","item":"https:\/\/www.morh.hr\/en\/"},{"@type":"ListItem","position":2,"name":"News","item":"https:\/\/www.morh.hr\/en\/kategorija\/news\/"},{"@type":"ListItem","position":3,"name":"Press releases","item":"https:\/\/www.morh.hr\/en\/kategorija\/news\/press-releases\/"},{"@type":"ListItem","position":4,"name":"Minister Anu\u0161i\u0107 from Poland: We will connect Croatian and Polish defence companies"}]},{"@type":"WebSite","@id":"https:\/\/www.morh.hr\/en\/#website","url":"https:\/\/www.morh.hr\/en\/","name":"MORH","description":"Ministarstvo obrane Republike Hrvatske - slu\u017ebene stranice","potentialAction":[{"@type":"SearchAction","target":{"@type":"EntryPoint","urlTemplate":"https:\/\/www.morh.hr\/en\/?s={search_term_string}"},"query-input":{"@type":"PropertyValueSpecification","valueRequired":true,"valueName":"search_term_string"}}],"inLanguage":"en-US"},{"@type":"Person","@id":"https:\/\/www.morh.hr\/en\/#\/schema\/person\/ec8e2528a579067d8bda0ae2124ac768","name":"Mladen","image":{"@type":"ImageObject","inLanguage":"en-US","@id":"https:\/\/www.morh.hr\/en\/#\/schema\/person\/image\/","url":"https:\/\/secure.gravatar.com\/avatar\/3d5ea7ca0d0a523cf2ec98548db52f920a5f6bbfd2c1aa63d237c2f445528cf7?s=96&d=mm&r=g","contentUrl":"https:\/\/secure.gravatar.com\/avatar\/3d5ea7ca0d0a523cf2ec98548db52f920a5f6bbfd2c1aa63d237c2f445528cf7?s=96&d=mm&r=g","caption":"Mladen"}}]}},"_links":{"self":[{"href":"https:\/\/www.morh.hr\/en\/wp-json\/wp\/v2\/posts\/257748","targetHints":{"allow":["GET"]}}],"collection":[{"href":"https:\/\/www.morh.hr\/en\/wp-json\/wp\/v2\/posts"}],"about":[{"href":"https:\/\/www.morh.hr\/en\/wp-json\/wp\/v2\/types\/post"}],"author":[{"embeddable":true,"href":"https:\/\/www.morh.hr\/en\/wp-json\/wp\/v2\/users\/4699"}],"replies":[{"embeddable":true,"href":"https:\/\/www.morh.hr\/en\/wp-json\/wp\/v2\/comments?post=257748"}],"version-history":[{"count":1,"href":"https:\/\/www.morh.hr\/en\/wp-json\/wp\/v2\/posts\/257748\/revisions"}],"predecessor-version":[{"id":257749,"href":"https:\/\/www.morh.hr\/en\/wp-json\/wp\/v2\/posts\/257748\/revisions\/257749"}],"wp:featuredmedia":[{"embeddable":true,"href":"https:\/\/www.morh.hr\/en\/wp-json\/wp\/v2\/media\/254390"}],"wp:attachment":[{"href":"https:\/\/www.morh.hr\/en\/wp-json\/wp\/v2\/media?parent=257748"}],"wp:term":[{"taxonomy":"category","embeddable":true,"href":"https:\/\/www.morh.hr\/en\/wp-json\/wp\/v2\/categories?post=257748"},{"taxonomy":"post_tag","embeddable":true,"href":"https:\/\/www.morh.hr\/en\/wp-json\/wp\/v2\/tags?post=257748"}],"curies":[{"name":"wp","href":"https:\/\/api.w.org\/{rel}","templated":true}]}}