{"id":257750,"date":"2025-05-09T12:17:57","date_gmt":"2025-05-09T10:17:57","guid":{"rendered":"https:\/\/www.morh.hr\/?p=257750"},"modified":"2025-07-28T12:20:49","modified_gmt":"2025-07-28T10:20:49","slug":"state-secretary-galic-with-manfred-pentz-at-the-ministry-of-defence","status":"publish","type":"post","link":"https:\/\/www.morh.hr\/en\/state-secretary-galic-with-manfred-pentz-at-the-ministry-of-defence\/","title":{"rendered":"State Secretary Gali\u0107 with Manfred Pentz at the Ministry of Defence"},"content":{"rendered":"<p>The State Secretary at the Ministry of Defence Tomislav Gali\u0107 held a meeting on Friday, 9 May 2025, at the Ministry of Defence of the Republic of Croatia with the Minister for Federal, European and International Affairs, Bureaucracy Reduction and Plenipotentiary Member of the Council to the Federal Council Manfred Pentz.<\/p>\n<p>At the meeting, views were exchanged on the current situation in Southeast Europe and Ukraine and the possibilities for future cooperation in the field of the defence industry.<\/p>\n<p>On this occasion, the interlocutors expressed their desire to further strengthen bilateral relations between the Federal State of Hesse and the Federal Republic of Germany with the Republic of Croatia, especially in the field of defence and military-industrial cooperation.<\/p>\n<div class=\"morh-galleria\"><a href=\"https:\/\/live.staticflickr.com\/65535\/54508895536_e8237b32c6_h.jpg\" title=\"Dr\u017eavni tajnik Gali\u0107 s Manfredom Pentzom u MORH-u\"><img decoding=\"async\" data-title=\"Dr\u017eavni tajnik Gali\u0107 s Manfredom Pentzom u MORH-u\" data-description=\"Dr\u017eavni tajnik u Ministarstvu obrane Tomislav Gali\u0107 odr\u017eao je u petak, 9. svibnja 2025. u Ministarstvu obrane Republike Hrvatske sastanak s ministrom za savezne, europske i me\u0111unarodne poslove, smanjenje birokracije te opunomo\u0107enim \u010dlanom Savjeta pri Saveznom vije\u0107u Manfredom Pentzom | Foto: MORH\/ J. Kopi\" alt=\"Dr\u017eavni tajnik Gali\u0107 s Manfredom Pentzom u MORH-u\" src=\"https:\/\/live.staticflickr.com\/65535\/54508895536_e8237b32c6_h.jpg\" data-layer=\"&lt;div class=&#039;morh-gallery-image-download&#039;&gt;&lt;a href=&#039;https:\/\/live.staticflickr.com\/65535\/54508895536_5c82d641b8_o.jpg&#039; target=&#039;_blank&#039;&gt;Slika za preuzimanje&lt;\/a&gt;&lt;\/div&gt;\" \/><\/a><a href=\"https:\/\/live.staticflickr.com\/65535\/54509083474_d25fe89184_h.jpg\" title=\"Dr\u017eavni tajnik Gali\u0107 s Manfredom Pentzom u MORH-u\"><img decoding=\"async\" data-title=\"Dr\u017eavni tajnik Gali\u0107 s Manfredom Pentzom u MORH-u\" data-description=\"Dr\u017eavni tajnik u Ministarstvu obrane Tomislav Gali\u0107 odr\u017eao je u petak, 9. svibnja 2025. u Ministarstvu obrane Republike Hrvatske sastanak s ministrom za savezne, europske i me\u0111unarodne poslove, smanjenje birokracije te opunomo\u0107enim \u010dlanom Savjeta pri Saveznom vije\u0107u Manfredom Pentzom | Foto: MORH\/ J. Kopi\" alt=\"Dr\u017eavni tajnik Gali\u0107 s Manfredom Pentzom u MORH-u\" src=\"https:\/\/live.staticflickr.com\/65535\/54509083474_d25fe89184_h.jpg\" data-layer=\"&lt;div class=&#039;morh-gallery-image-download&#039;&gt;&lt;a href=&#039;https:\/\/live.staticflickr.com\/65535\/54509083474_bc91dcec61_o.jpg&#039; target=&#039;_blank&#039;&gt;Slika za preuzimanje&lt;\/a&gt;&lt;\/div&gt;\" \/><\/a><a href=\"https:\/\/live.staticflickr.com\/65535\/54509158283_7a4bfc4b5e_h.jpg\" title=\"Dr\u017eavni tajnik Gali\u0107 s Manfredom Pentzom u MORH-u\"><img decoding=\"async\" data-title=\"Dr\u017eavni tajnik Gali\u0107 s Manfredom Pentzom u MORH-u\" data-description=\"Dr\u017eavni tajnik u Ministarstvu obrane Tomislav Gali\u0107 odr\u017eao je u petak, 9. svibnja 2025. u Ministarstvu obrane Republike Hrvatske sastanak s ministrom za savezne, europske i me\u0111unarodne poslove, smanjenje birokracije te opunomo\u0107enim \u010dlanom Savjeta pri Saveznom vije\u0107u Manfredom Pentzom | Foto: MORH\/ J. Kopi\" alt=\"Dr\u017eavni tajnik Gali\u0107 s Manfredom Pentzom u MORH-u\" src=\"https:\/\/live.staticflickr.com\/65535\/54509158283_7a4bfc4b5e_h.jpg\" data-layer=\"&lt;div class=&#039;morh-gallery-image-download&#039;&gt;&lt;a href=&#039;https:\/\/live.staticflickr.com\/65535\/54509158283_3e0aeb559b_o.jpg&#039; target=&#039;_blank&#039;&gt;Slika za preuzimanje&lt;\/a&gt;&lt;\/div&gt;\" \/><\/a><a href=\"https:\/\/live.staticflickr.com\/65535\/54509083564_80445a7881_h.jpg\" title=\"Dr\u017eavni tajnik Gali\u0107 s Manfredom Pentzom u MORH-u\"><img decoding=\"async\" data-title=\"Dr\u017eavni tajnik Gali\u0107 s Manfredom Pentzom u MORH-u\" data-description=\"Dr\u017eavni tajnik u Ministarstvu obrane Tomislav Gali\u0107 odr\u017eao je u petak, 9. svibnja 2025. u Ministarstvu obrane Republike Hrvatske sastanak s ministrom za savezne, europske i me\u0111unarodne poslove, smanjenje birokracije te opunomo\u0107enim \u010dlanom Savjeta pri Saveznom vije\u0107u Manfredom Pentzom | Foto: MORH\/ J. Kopi\" alt=\"Dr\u017eavni tajnik Gali\u0107 s Manfredom Pentzom u MORH-u\" src=\"https:\/\/live.staticflickr.com\/65535\/54509083564_80445a7881_h.jpg\" data-layer=\"&lt;div class=&#039;morh-gallery-image-download&#039;&gt;&lt;a href=&#039;https:\/\/live.staticflickr.com\/65535\/54509083564_30c98db9a2_o.jpg&#039; target=&#039;_blank&#039;&gt;Slika za preuzimanje&lt;\/a&gt;&lt;\/div&gt;\" \/><\/a><a href=\"https:\/\/live.staticflickr.com\/65535\/54508895621_a5204aaf18_h.jpg\" title=\"Dr\u017eavni tajnik Gali\u0107 s Manfredom Pentzom u MORH-u\"><img decoding=\"async\" data-title=\"Dr\u017eavni tajnik Gali\u0107 s Manfredom Pentzom u MORH-u\" data-description=\"Dr\u017eavni tajnik u Ministarstvu obrane Tomislav Gali\u0107 odr\u017eao je u petak, 9. svibnja 2025. u Ministarstvu obrane Republike Hrvatske sastanak s ministrom za savezne, europske i me\u0111unarodne poslove, smanjenje birokracije te opunomo\u0107enim \u010dlanom Savjeta pri Saveznom vije\u0107u Manfredom Pentzom | Foto: MORH\/ J. Kopi\" alt=\"Dr\u017eavni tajnik Gali\u0107 s Manfredom Pentzom u MORH-u\" src=\"https:\/\/live.staticflickr.com\/65535\/54508895621_a5204aaf18_h.jpg\" data-layer=\"&lt;div class=&#039;morh-gallery-image-download&#039;&gt;&lt;a href=&#039;https:\/\/live.staticflickr.com\/65535\/54508895621_15799f237c_o.jpg&#039; target=&#039;_blank&#039;&gt;Slika za preuzimanje&lt;\/a&gt;&lt;\/div&gt;\" \/><\/a><a href=\"https:\/\/live.staticflickr.com\/65535\/54509158288_3f3d7ec085_h.jpg\" title=\"Dr\u017eavni tajnik Gali\u0107 s Manfredom Pentzom u MORH-u\"><img decoding=\"async\" data-title=\"Dr\u017eavni tajnik Gali\u0107 s Manfredom Pentzom u MORH-u\" data-description=\"Dr\u017eavni tajnik u Ministarstvu obrane Tomislav Gali\u0107 odr\u017eao je u petak, 9. svibnja 2025. u Ministarstvu obrane Republike Hrvatske sastanak s ministrom za savezne, europske i me\u0111unarodne poslove, smanjenje birokracije te opunomo\u0107enim \u010dlanom Savjeta pri Saveznom vije\u0107u Manfredom Pentzom | Foto: MORH\/ J. Kopi\" alt=\"Dr\u017eavni tajnik Gali\u0107 s Manfredom Pentzom u MORH-u\" src=\"https:\/\/live.staticflickr.com\/65535\/54509158288_3f3d7ec085_h.jpg\" data-layer=\"&lt;div class=&#039;morh-gallery-image-download&#039;&gt;&lt;a href=&#039;https:\/\/live.staticflickr.com\/65535\/54509158288_0b84d004ef_o.jpg&#039; target=&#039;_blank&#039;&gt;Slika za preuzimanje&lt;\/a&gt;&lt;\/div&gt;\" \/><\/a><a href=\"https:\/\/live.staticflickr.com\/65535\/54509250710_c9b59d1286_h.jpg\" title=\"Dr\u017eavni tajnik Gali\u0107 s Manfredom Pentzom u MORH-u\"><img decoding=\"async\" data-title=\"Dr\u017eavni tajnik Gali\u0107 s Manfredom Pentzom u MORH-u\" data-description=\"Dr\u017eavni tajnik u Ministarstvu obrane Tomislav Gali\u0107 odr\u017eao je u petak, 9. svibnja 2025. u Ministarstvu obrane Republike Hrvatske sastanak s ministrom za savezne, europske i me\u0111unarodne poslove, smanjenje birokracije te opunomo\u0107enim \u010dlanom Savjeta pri Saveznom vije\u0107u Manfredom Pentzom | Foto: MORH\/ J. Kopi\" alt=\"Dr\u017eavni tajnik Gali\u0107 s Manfredom Pentzom u MORH-u\" src=\"https:\/\/live.staticflickr.com\/65535\/54509250710_c9b59d1286_h.jpg\" data-layer=\"&lt;div class=&#039;morh-gallery-image-download&#039;&gt;&lt;a href=&#039;https:\/\/live.staticflickr.com\/65535\/54509250710_24f5f5a6e5_o.jpg&#039; target=&#039;_blank&#039;&gt;Slika za preuzimanje&lt;\/a&gt;&lt;\/div&gt;\" \/><\/a><a href=\"https:\/\/live.staticflickr.com\/65535\/54509250705_eb73df23c6_h.jpg\" title=\"Dr\u017eavni tajnik Gali\u0107 s Manfredom Pentzom u MORH-u\"><img decoding=\"async\" data-title=\"Dr\u017eavni tajnik Gali\u0107 s Manfredom Pentzom u MORH-u\" data-description=\"Dr\u017eavni tajnik u Ministarstvu obrane Tomislav Gali\u0107 odr\u017eao je u petak, 9. svibnja 2025. u Ministarstvu obrane Republike Hrvatske sastanak s ministrom za savezne, europske i me\u0111unarodne poslove, smanjenje birokracije te opunomo\u0107enim \u010dlanom Savjeta pri Saveznom vije\u0107u Manfredom Pentzom | Foto: MORH\/ J. Kopi\" alt=\"Dr\u017eavni tajnik Gali\u0107 s Manfredom Pentzom u MORH-u\" src=\"https:\/\/live.staticflickr.com\/65535\/54509250705_eb73df23c6_h.jpg\" data-layer=\"&lt;div class=&#039;morh-gallery-image-download&#039;&gt;&lt;a href=&#039;https:\/\/live.staticflickr.com\/65535\/54509250705_003f6f6092_o.jpg&#039; target=&#039;_blank&#039;&gt;Slika za preuzimanje&lt;\/a&gt;&lt;\/div&gt;\" \/><\/a><a href=\"https:\/\/live.staticflickr.com\/65535\/54508026447_1f112e01aa_h.jpg\" title=\"Dr\u017eavni tajnik Gali\u0107 s Manfredom Pentzom u MORH-u\"><img decoding=\"async\" data-title=\"Dr\u017eavni tajnik Gali\u0107 s Manfredom Pentzom u MORH-u\" data-description=\"Dr\u017eavni tajnik u Ministarstvu obrane Tomislav Gali\u0107 odr\u017eao je u petak, 9. svibnja 2025. u Ministarstvu obrane Republike Hrvatske sastanak s ministrom za savezne, europske i me\u0111unarodne poslove, smanjenje birokracije te opunomo\u0107enim \u010dlanom Savjeta pri Saveznom vije\u0107u Manfredom Pentzom | Foto: MORH\/ J. Kopi\" alt=\"Dr\u017eavni tajnik Gali\u0107 s Manfredom Pentzom u MORH-u\" src=\"https:\/\/live.staticflickr.com\/65535\/54508026447_1f112e01aa_h.jpg\" data-layer=\"&lt;div class=&#039;morh-gallery-image-download&#039;&gt;&lt;a href=&#039;https:\/\/live.staticflickr.com\/65535\/54508026447_c73d0ffa34_o.jpg&#039; target=&#039;_blank&#039;&gt;Slika za preuzimanje&lt;\/a&gt;&lt;\/div&gt;\" \/><\/a><\/div><!--\/.morh-galleria -->\n","protected":false},"excerpt":{"rendered":"<p>State Secretary Tomislav Gali\u0107 held a meeting with Manfred Pentz, from the federal state of Hesse in Germany, Minister for Federal, European and International Affairs and Bureaucracy Reduction<\/p>\n","protected":false},"author":4699,"featured_media":254489,"comment_status":"closed","ping_status":"closed","sticky":false,"template":"","format":"standard","meta":{"_acf_changed":false,"_monsterinsights_skip_tracking":false,"_monsterinsights_sitenote_active":false,"_monsterinsights_sitenote_note":"","_monsterinsights_sitenote_category":0,"footnotes":""},"categories":[117],"tags":[],"class_list":["post-257750","post","type-post","status-publish","format-standard","has-post-thumbnail","hentry","category-press-releases"],"acf":[],"yoast_head":"<!-- This site is optimized with the Yoast SEO plugin v26.9 - https:\/\/yoast.com\/product\/yoast-seo-wordpress\/ -->\n<title>State Secretary Gali\u0107 with Manfred Pentz at the Ministry of Defence - MORH<\/title>\n<meta name=\"description\" content=\"State Secretary Tomislav Gali\u0107 held a meeting with Manfred Pentz, from the federal state of Hesse in Germany, Minister for Federal, European and International Affairs and Bureaucracy Reduction\" \/>\n<meta name=\"robots\" content=\"index, follow, max-snippet:-1, max-image-preview:large, max-video-preview:-1\" \/>\n<link rel=\"canonical\" href=\"https:\/\/www.morh.hr\/en\/state-secretary-galic-with-manfred-pentz-at-the-ministry-of-defence\/\" \/>\n<meta property=\"og:locale\" content=\"en_US\" \/>\n<meta property=\"og:type\" content=\"article\" \/>\n<meta property=\"og:title\" content=\"State Secretary Gali\u0107 with Manfred Pentz at the Ministry of Defence - MORH\" \/>\n<meta property=\"og:description\" content=\"State Secretary Tomislav Gali\u0107 held a meeting with Manfred Pentz, from the federal state of Hesse in Germany, Minister for Federal, European and International Affairs and Bureaucracy Reduction\" \/>\n<meta property=\"og:url\" content=\"https:\/\/www.morh.hr\/en\/state-secretary-galic-with-manfred-pentz-at-the-ministry-of-defence\/\" \/>\n<meta property=\"og:site_name\" content=\"MORH\" \/>\n<meta property=\"article:publisher\" content=\"https:\/\/www.facebook.com\/sportasiuhrvatskojvojsci\/\" \/>\n<meta property=\"article:published_time\" content=\"2025-05-09T10:17:57+00:00\" \/>\n<meta property=\"article:modified_time\" content=\"2025-07-28T10:20:49+00:00\" \/>\n<meta property=\"og:image\" content=\"https:\/\/www.morh.hr\/wp-content\/uploads\/2025\/05\/2025-05-09-galic-sastanak.jpg\" \/>\n\t<meta property=\"og:image:width\" content=\"2400\" \/>\n\t<meta property=\"og:image:height\" content=\"1600\" \/>\n\t<meta property=\"og:image:type\" content=\"image\/jpeg\" \/>\n<meta name=\"author\" content=\"Mladen\" \/>\n<meta name=\"twitter:card\" content=\"summary_large_image\" \/>\n<meta name=\"twitter:creator\" content=\"@morh_osrh\" \/>\n<meta name=\"twitter:site\" content=\"@morh_osrh\" \/>\n<meta name=\"twitter:label1\" content=\"Written by\" \/>\n\t<meta name=\"twitter:data1\" content=\"Mladen\" \/>\n\t<meta name=\"twitter:label2\" content=\"Est. reading time\" \/>\n\t<meta name=\"twitter:data2\" content=\"1 minute\" \/>\n<script type=\"application\/ld+json\" class=\"yoast-schema-graph\">{\"@context\":\"https:\/\/schema.org\",\"@graph\":[{\"@type\":\"Article\",\"@id\":\"https:\/\/www.morh.hr\/en\/state-secretary-galic-with-manfred-pentz-at-the-ministry-of-defence\/#article\",\"isPartOf\":{\"@id\":\"https:\/\/www.morh.hr\/en\/state-secretary-galic-with-manfred-pentz-at-the-ministry-of-defence\/\"},\"author\":{\"name\":\"Mladen\",\"@id\":\"https:\/\/www.morh.hr\/en\/#\/schema\/person\/ec8e2528a579067d8bda0ae2124ac768\"},\"headline\":\"State Secretary Gali\u0107 with Manfred Pentz at the Ministry of Defence\",\"datePublished\":\"2025-05-09T10:17:57+00:00\",\"dateModified\":\"2025-07-28T10:20:49+00:00\",\"mainEntityOfPage\":{\"@id\":\"https:\/\/www.morh.hr\/en\/state-secretary-galic-with-manfred-pentz-at-the-ministry-of-defence\/\"},\"wordCount\":133,\"image\":{\"@id\":\"https:\/\/www.morh.hr\/en\/state-secretary-galic-with-manfred-pentz-at-the-ministry-of-defence\/#primaryimage\"},\"thumbnailUrl\":\"https:\/\/www.morh.hr\/wp-content\/uploads\/2025\/05\/2025-05-09-galic-sastanak.jpg\",\"articleSection\":[\"Press releases\"],\"inLanguage\":\"en-US\"},{\"@type\":\"WebPage\",\"@id\":\"https:\/\/www.morh.hr\/en\/state-secretary-galic-with-manfred-pentz-at-the-ministry-of-defence\/\",\"url\":\"https:\/\/www.morh.hr\/en\/state-secretary-galic-with-manfred-pentz-at-the-ministry-of-defence\/\",\"name\":\"State Secretary Gali\u0107 with Manfred Pentz at the Ministry of Defence - MORH\",\"isPartOf\":{\"@id\":\"https:\/\/www.morh.hr\/en\/#website\"},\"primaryImageOfPage\":{\"@id\":\"https:\/\/www.morh.hr\/en\/state-secretary-galic-with-manfred-pentz-at-the-ministry-of-defence\/#primaryimage\"},\"image\":{\"@id\":\"https:\/\/www.morh.hr\/en\/state-secretary-galic-with-manfred-pentz-at-the-ministry-of-defence\/#primaryimage\"},\"thumbnailUrl\":\"https:\/\/www.morh.hr\/wp-content\/uploads\/2025\/05\/2025-05-09-galic-sastanak.jpg\",\"datePublished\":\"2025-05-09T10:17:57+00:00\",\"dateModified\":\"2025-07-28T10:20:49+00:00\",\"author\":{\"@id\":\"https:\/\/www.morh.hr\/en\/#\/schema\/person\/ec8e2528a579067d8bda0ae2124ac768\"},\"description\":\"State Secretary Tomislav Gali\u0107 held a meeting with Manfred Pentz, from the federal state of Hesse in Germany, Minister for Federal, European and International Affairs and Bureaucracy Reduction\",\"breadcrumb\":{\"@id\":\"https:\/\/www.morh.hr\/en\/state-secretary-galic-with-manfred-pentz-at-the-ministry-of-defence\/#breadcrumb\"},\"inLanguage\":\"en-US\",\"potentialAction\":[{\"@type\":\"ReadAction\",\"target\":[\"https:\/\/www.morh.hr\/en\/state-secretary-galic-with-manfred-pentz-at-the-ministry-of-defence\/\"]}]},{\"@type\":\"ImageObject\",\"inLanguage\":\"en-US\",\"@id\":\"https:\/\/www.morh.hr\/en\/state-secretary-galic-with-manfred-pentz-at-the-ministry-of-defence\/#primaryimage\",\"url\":\"https:\/\/www.morh.hr\/wp-content\/uploads\/2025\/05\/2025-05-09-galic-sastanak.jpg\",\"contentUrl\":\"https:\/\/www.morh.hr\/wp-content\/uploads\/2025\/05\/2025-05-09-galic-sastanak.jpg\",\"width\":2400,\"height\":1600,\"caption\":\"Dr\u017eavni tajnik Gali\u0107 s Manfredom Pentzom u MORH-u | Foto: MORH\/ J. Kopi\"},{\"@type\":\"BreadcrumbList\",\"@id\":\"https:\/\/www.morh.hr\/en\/state-secretary-galic-with-manfred-pentz-at-the-ministry-of-defence\/#breadcrumb\",\"itemListElement\":[{\"@type\":\"ListItem\",\"position\":1,\"name\":\"Naslovnica\",\"item\":\"https:\/\/www.morh.hr\/en\/\"},{\"@type\":\"ListItem\",\"position\":2,\"name\":\"News\",\"item\":\"https:\/\/www.morh.hr\/en\/kategorija\/news\/\"},{\"@type\":\"ListItem\",\"position\":3,\"name\":\"Press releases\",\"item\":\"https:\/\/www.morh.hr\/en\/kategorija\/news\/press-releases\/\"},{\"@type\":\"ListItem\",\"position\":4,\"name\":\"State Secretary Gali\u0107 with Manfred Pentz at the Ministry of Defence\"}]},{\"@type\":\"WebSite\",\"@id\":\"https:\/\/www.morh.hr\/en\/#website\",\"url\":\"https:\/\/www.morh.hr\/en\/\",\"name\":\"MORH\",\"description\":\"Ministarstvo obrane Republike Hrvatske - slu\u017ebene stranice\",\"potentialAction\":[{\"@type\":\"SearchAction\",\"target\":{\"@type\":\"EntryPoint\",\"urlTemplate\":\"https:\/\/www.morh.hr\/en\/?s={search_term_string}\"},\"query-input\":{\"@type\":\"PropertyValueSpecification\",\"valueRequired\":true,\"valueName\":\"search_term_string\"}}],\"inLanguage\":\"en-US\"},{\"@type\":\"Person\",\"@id\":\"https:\/\/www.morh.hr\/en\/#\/schema\/person\/ec8e2528a579067d8bda0ae2124ac768\",\"name\":\"Mladen\",\"image\":{\"@type\":\"ImageObject\",\"inLanguage\":\"en-US\",\"@id\":\"https:\/\/www.morh.hr\/en\/#\/schema\/person\/image\/\",\"url\":\"https:\/\/secure.gravatar.com\/avatar\/3d5ea7ca0d0a523cf2ec98548db52f920a5f6bbfd2c1aa63d237c2f445528cf7?s=96&d=mm&r=g\",\"contentUrl\":\"https:\/\/secure.gravatar.com\/avatar\/3d5ea7ca0d0a523cf2ec98548db52f920a5f6bbfd2c1aa63d237c2f445528cf7?s=96&d=mm&r=g\",\"caption\":\"Mladen\"}}]}<\/script>\n<!-- \/ Yoast SEO plugin. -->","yoast_head_json":{"title":"State Secretary Gali\u0107 with Manfred Pentz at the Ministry of Defence - MORH","description":"State Secretary Tomislav Gali\u0107 held a meeting with Manfred Pentz, from the federal state of Hesse in Germany, Minister for Federal, European and International Affairs and Bureaucracy Reduction","robots":{"index":"index","follow":"follow","max-snippet":"max-snippet:-1","max-image-preview":"max-image-preview:large","max-video-preview":"max-video-preview:-1"},"canonical":"https:\/\/www.morh.hr\/en\/state-secretary-galic-with-manfred-pentz-at-the-ministry-of-defence\/","og_locale":"en_US","og_type":"article","og_title":"State Secretary Gali\u0107 with Manfred Pentz at the Ministry of Defence - MORH","og_description":"State Secretary Tomislav Gali\u0107 held a meeting with Manfred Pentz, from the federal state of Hesse in Germany, Minister for Federal, European and International Affairs and Bureaucracy Reduction","og_url":"https:\/\/www.morh.hr\/en\/state-secretary-galic-with-manfred-pentz-at-the-ministry-of-defence\/","og_site_name":"MORH","article_publisher":"https:\/\/www.facebook.com\/sportasiuhrvatskojvojsci\/","article_published_time":"2025-05-09T10:17:57+00:00","article_modified_time":"2025-07-28T10:20:49+00:00","og_image":[{"width":2400,"height":1600,"url":"https:\/\/www.morh.hr\/wp-content\/uploads\/2025\/05\/2025-05-09-galic-sastanak.jpg","type":"image\/jpeg"}],"author":"Mladen","twitter_card":"summary_large_image","twitter_creator":"@morh_osrh","twitter_site":"@morh_osrh","twitter_misc":{"Written by":"Mladen","Est. reading time":"1 minute"},"schema":{"@context":"https:\/\/schema.org","@graph":[{"@type":"Article","@id":"https:\/\/www.morh.hr\/en\/state-secretary-galic-with-manfred-pentz-at-the-ministry-of-defence\/#article","isPartOf":{"@id":"https:\/\/www.morh.hr\/en\/state-secretary-galic-with-manfred-pentz-at-the-ministry-of-defence\/"},"author":{"name":"Mladen","@id":"https:\/\/www.morh.hr\/en\/#\/schema\/person\/ec8e2528a579067d8bda0ae2124ac768"},"headline":"State Secretary Gali\u0107 with Manfred Pentz at the Ministry of Defence","datePublished":"2025-05-09T10:17:57+00:00","dateModified":"2025-07-28T10:20:49+00:00","mainEntityOfPage":{"@id":"https:\/\/www.morh.hr\/en\/state-secretary-galic-with-manfred-pentz-at-the-ministry-of-defence\/"},"wordCount":133,"image":{"@id":"https:\/\/www.morh.hr\/en\/state-secretary-galic-with-manfred-pentz-at-the-ministry-of-defence\/#primaryimage"},"thumbnailUrl":"https:\/\/www.morh.hr\/wp-content\/uploads\/2025\/05\/2025-05-09-galic-sastanak.jpg","articleSection":["Press releases"],"inLanguage":"en-US"},{"@type":"WebPage","@id":"https:\/\/www.morh.hr\/en\/state-secretary-galic-with-manfred-pentz-at-the-ministry-of-defence\/","url":"https:\/\/www.morh.hr\/en\/state-secretary-galic-with-manfred-pentz-at-the-ministry-of-defence\/","name":"State Secretary Gali\u0107 with Manfred Pentz at the Ministry of Defence - MORH","isPartOf":{"@id":"https:\/\/www.morh.hr\/en\/#website"},"primaryImageOfPage":{"@id":"https:\/\/www.morh.hr\/en\/state-secretary-galic-with-manfred-pentz-at-the-ministry-of-defence\/#primaryimage"},"image":{"@id":"https:\/\/www.morh.hr\/en\/state-secretary-galic-with-manfred-pentz-at-the-ministry-of-defence\/#primaryimage"},"thumbnailUrl":"https:\/\/www.morh.hr\/wp-content\/uploads\/2025\/05\/2025-05-09-galic-sastanak.jpg","datePublished":"2025-05-09T10:17:57+00:00","dateModified":"2025-07-28T10:20:49+00:00","author":{"@id":"https:\/\/www.morh.hr\/en\/#\/schema\/person\/ec8e2528a579067d8bda0ae2124ac768"},"description":"State Secretary Tomislav Gali\u0107 held a meeting with Manfred Pentz, from the federal state of Hesse in Germany, Minister for Federal, European and International Affairs and Bureaucracy Reduction","breadcrumb":{"@id":"https:\/\/www.morh.hr\/en\/state-secretary-galic-with-manfred-pentz-at-the-ministry-of-defence\/#breadcrumb"},"inLanguage":"en-US","potentialAction":[{"@type":"ReadAction","target":["https:\/\/www.morh.hr\/en\/state-secretary-galic-with-manfred-pentz-at-the-ministry-of-defence\/"]}]},{"@type":"ImageObject","inLanguage":"en-US","@id":"https:\/\/www.morh.hr\/en\/state-secretary-galic-with-manfred-pentz-at-the-ministry-of-defence\/#primaryimage","url":"https:\/\/www.morh.hr\/wp-content\/uploads\/2025\/05\/2025-05-09-galic-sastanak.jpg","contentUrl":"https:\/\/www.morh.hr\/wp-content\/uploads\/2025\/05\/2025-05-09-galic-sastanak.jpg","width":2400,"height":1600,"caption":"Dr\u017eavni tajnik Gali\u0107 s Manfredom Pentzom u MORH-u | Foto: MORH\/ J. Kopi"},{"@type":"BreadcrumbList","@id":"https:\/\/www.morh.hr\/en\/state-secretary-galic-with-manfred-pentz-at-the-ministry-of-defence\/#breadcrumb","itemListElement":[{"@type":"ListItem","position":1,"name":"Naslovnica","item":"https:\/\/www.morh.hr\/en\/"},{"@type":"ListItem","position":2,"name":"News","item":"https:\/\/www.morh.hr\/en\/kategorija\/news\/"},{"@type":"ListItem","position":3,"name":"Press releases","item":"https:\/\/www.morh.hr\/en\/kategorija\/news\/press-releases\/"},{"@type":"ListItem","position":4,"name":"State Secretary Gali\u0107 with Manfred Pentz at the Ministry of Defence"}]},{"@type":"WebSite","@id":"https:\/\/www.morh.hr\/en\/#website","url":"https:\/\/www.morh.hr\/en\/","name":"MORH","description":"Ministarstvo obrane Republike Hrvatske - slu\u017ebene stranice","potentialAction":[{"@type":"SearchAction","target":{"@type":"EntryPoint","urlTemplate":"https:\/\/www.morh.hr\/en\/?s={search_term_string}"},"query-input":{"@type":"PropertyValueSpecification","valueRequired":true,"valueName":"search_term_string"}}],"inLanguage":"en-US"},{"@type":"Person","@id":"https:\/\/www.morh.hr\/en\/#\/schema\/person\/ec8e2528a579067d8bda0ae2124ac768","name":"Mladen","image":{"@type":"ImageObject","inLanguage":"en-US","@id":"https:\/\/www.morh.hr\/en\/#\/schema\/person\/image\/","url":"https:\/\/secure.gravatar.com\/avatar\/3d5ea7ca0d0a523cf2ec98548db52f920a5f6bbfd2c1aa63d237c2f445528cf7?s=96&d=mm&r=g","contentUrl":"https:\/\/secure.gravatar.com\/avatar\/3d5ea7ca0d0a523cf2ec98548db52f920a5f6bbfd2c1aa63d237c2f445528cf7?s=96&d=mm&r=g","caption":"Mladen"}}]}},"_links":{"self":[{"href":"https:\/\/www.morh.hr\/en\/wp-json\/wp\/v2\/posts\/257750","targetHints":{"allow":["GET"]}}],"collection":[{"href":"https:\/\/www.morh.hr\/en\/wp-json\/wp\/v2\/posts"}],"about":[{"href":"https:\/\/www.morh.hr\/en\/wp-json\/wp\/v2\/types\/post"}],"author":[{"embeddable":true,"href":"https:\/\/www.morh.hr\/en\/wp-json\/wp\/v2\/users\/4699"}],"replies":[{"embeddable":true,"href":"https:\/\/www.morh.hr\/en\/wp-json\/wp\/v2\/comments?post=257750"}],"version-history":[{"count":1,"href":"https:\/\/www.morh.hr\/en\/wp-json\/wp\/v2\/posts\/257750\/revisions"}],"predecessor-version":[{"id":257751,"href":"https:\/\/www.morh.hr\/en\/wp-json\/wp\/v2\/posts\/257750\/revisions\/257751"}],"wp:featuredmedia":[{"embeddable":true,"href":"https:\/\/www.morh.hr\/en\/wp-json\/wp\/v2\/media\/254489"}],"wp:attachment":[{"href":"https:\/\/www.morh.hr\/en\/wp-json\/wp\/v2\/media?parent=257750"}],"wp:term":[{"taxonomy":"category","embeddable":true,"href":"https:\/\/www.morh.hr\/en\/wp-json\/wp\/v2\/categories?post=257750"},{"taxonomy":"post_tag","embeddable":true,"href":"https:\/\/www.morh.hr\/en\/wp-json\/wp\/v2\/tags?post=257750"}],"curies":[{"name":"wp","href":"https:\/\/api.w.org\/{rel}","templated":true}]}}