{"id":257756,"date":"2025-05-13T12:29:03","date_gmt":"2025-05-13T10:29:03","guid":{"rendered":"https:\/\/www.morh.hr\/?p=257756"},"modified":"2025-07-28T12:32:21","modified_gmt":"2025-07-28T10:32:21","slug":"minister-anusic-with-romanian-ambassador-camarasan","status":"publish","type":"post","link":"https:\/\/www.morh.hr\/en\/minister-anusic-with-romanian-ambassador-camarasan\/","title":{"rendered":"Minister Anu\u0161i\u0107 with Romanian Ambassador C\u0103m\u0103r\u0103\u015fan"},"content":{"rendered":"<p>Today, on 13 May 2025, Deputy Prime Minister of the Republic of Croatia and Minister of Defence Ivan Anu\u0161i\u0107 received at the Ministry of Defence the Ambassador of Romania to the Republic of Croatia, Daniela Mihaela C\u0103m\u0103r\u0103\u015fan, for an inaugural visit.<\/p>\n<p>The meeting confirmed that Croatia and Romania are friendly countries and opened the possibility for further development of bilateral defence cooperation. Minister Anu\u0161i\u0107 and the Romanian Ambassador agreed that Croatia and Romania share a common interest in European and global security.<\/p>\n<p>In addition to discussions on bilateral defence cooperation, global politics, the situation in Ukraine, and possibilities for cooperation in the defence industry were also discussed.<\/p>\n<p>Minister Anu\u0161i\u0107 emphasized that the deterioration of the security architecture in Europe further emphasizes the need to intensify Croatian Army modernization projects and increase investment in the defence system.<\/p>\n<p>In this context, he said: &#8220;Europe must rely more on its own capabilities, invest in its defence capacities and its military industry. Investing in defence is a strategic investment in security and stability. It is an investment in the secure future of our citizens. This year, Croatia has reached the defence investment target of 2% of GDP, and the plan is to allocate 2.5% of defence in 2027, of which 35% for equipment and modernization. The Government of the Republic of Croatia has made historic decisions when it comes to the modernization of the Croatian Armed Forces. Some key modernization projects are underway or very close to completion.&#8221;<\/p>\n<p>The Ambassador of Romania to the Republic of Croatia, Daniela Mihaela C\u0103m\u0103r\u0103\u0219an, highlighted the mutual desire to intensify defence and bilateral cooperation.<\/p>\n<div class=\"morh-galleria\"><a href=\"https:\/\/live.staticflickr.com\/65535\/54515477017_0029664953_h.jpg\" title=\"Ministar Anu\u0161i\u0107 s veleposlanicom Rumunjske C\u0103m\u0103r\u0103\u015fan\"><img decoding=\"async\" data-title=\"Ministar Anu\u0161i\u0107 s veleposlanicom Rumunjske C\u0103m\u0103r\u0103\u015fan\" data-description=\"Postoji velik potencijal za produbljivanje vojno-tehni\u010dke suradnje i suradnje obrambenih industrija na\u0161ih dviju zemalja, poru\u010duje ministar Anu\u0161i\u0107 | Foto: MORH\/ F. Klen\" alt=\"Ministar Anu\u0161i\u0107 s veleposlanicom Rumunjske C\u0103m\u0103r\u0103\u015fan\" src=\"https:\/\/live.staticflickr.com\/65535\/54515477017_0029664953_h.jpg\" data-layer=\"&lt;div class=&#039;morh-gallery-image-download&#039;&gt;&lt;a href=&#039;https:\/\/live.staticflickr.com\/65535\/54515477017_36049ff3d4_o.jpg&#039; target=&#039;_blank&#039;&gt;Slika za preuzimanje&lt;\/a&gt;&lt;\/div&gt;\" \/><\/a><a href=\"https:\/\/live.staticflickr.com\/65535\/54516685845_bf83955dbb_h.jpg\" title=\"Ministar Anu\u0161i\u0107 s veleposlanicom Rumunjske C\u0103m\u0103r\u0103\u015fan\"><img decoding=\"async\" data-title=\"Ministar Anu\u0161i\u0107 s veleposlanicom Rumunjske C\u0103m\u0103r\u0103\u015fan\" data-description=\"Postoji velik potencijal za produbljivanje vojno-tehni\u010dke suradnje i suradnje obrambenih industrija na\u0161ih dviju zemalja, poru\u010duje ministar Anu\u0161i\u0107 | Foto: MORH\/ F. Klen\" alt=\"Ministar Anu\u0161i\u0107 s veleposlanicom Rumunjske C\u0103m\u0103r\u0103\u015fan\" src=\"https:\/\/live.staticflickr.com\/65535\/54516685845_bf83955dbb_h.jpg\" data-layer=\"&lt;div class=&#039;morh-gallery-image-download&#039;&gt;&lt;a href=&#039;https:\/\/live.staticflickr.com\/65535\/54516685845_7e88a14a73_o.jpg&#039; target=&#039;_blank&#039;&gt;Slika za preuzimanje&lt;\/a&gt;&lt;\/div&gt;\" \/><\/a><a href=\"https:\/\/live.staticflickr.com\/65535\/54516337781_ba4eba39e7_h.jpg\" title=\"Ministar Anu\u0161i\u0107 s veleposlanicom Rumunjske C\u0103m\u0103r\u0103\u015fan\"><img decoding=\"async\" data-title=\"Ministar Anu\u0161i\u0107 s veleposlanicom Rumunjske C\u0103m\u0103r\u0103\u015fan\" data-description=\"Postoji velik potencijal za produbljivanje vojno-tehni\u010dke suradnje i suradnje obrambenih industrija na\u0161ih dviju zemalja, poru\u010duje ministar Anu\u0161i\u0107 | Foto: MORH\/ F. Klen\" alt=\"Ministar Anu\u0161i\u0107 s veleposlanicom Rumunjske C\u0103m\u0103r\u0103\u015fan\" src=\"https:\/\/live.staticflickr.com\/65535\/54516337781_ba4eba39e7_h.jpg\" data-layer=\"&lt;div class=&#039;morh-gallery-image-download&#039;&gt;&lt;a href=&#039;https:\/\/live.staticflickr.com\/65535\/54516337781_a9d8f60e6a_o.jpg&#039; target=&#039;_blank&#039;&gt;Slika za preuzimanje&lt;\/a&gt;&lt;\/div&gt;\" \/><\/a><a href=\"https:\/\/live.staticflickr.com\/65535\/54516337776_f99e7863ea_h.jpg\" title=\"Ministar Anu\u0161i\u0107 s veleposlanicom Rumunjske C\u0103m\u0103r\u0103\u015fan\"><img decoding=\"async\" data-title=\"Ministar Anu\u0161i\u0107 s veleposlanicom Rumunjske C\u0103m\u0103r\u0103\u015fan\" data-description=\"Postoji velik potencijal za produbljivanje vojno-tehni\u010dke suradnje i suradnje obrambenih industrija na\u0161ih dviju zemalja, poru\u010duje ministar Anu\u0161i\u0107 | Foto: MORH\/ F. Klen\" alt=\"Ministar Anu\u0161i\u0107 s veleposlanicom Rumunjske C\u0103m\u0103r\u0103\u015fan\" src=\"https:\/\/live.staticflickr.com\/65535\/54516337776_f99e7863ea_h.jpg\" data-layer=\"&lt;div class=&#039;morh-gallery-image-download&#039;&gt;&lt;a href=&#039;https:\/\/live.staticflickr.com\/65535\/54516337776_68c870636e_o.jpg&#039; target=&#039;_blank&#039;&gt;Slika za preuzimanje&lt;\/a&gt;&lt;\/div&gt;\" \/><\/a><a href=\"https:\/\/live.staticflickr.com\/65535\/54516598918_231fde6d01_h.jpg\" title=\"Ministar Anu\u0161i\u0107 s veleposlanicom Rumunjske C\u0103m\u0103r\u0103\u015fan\"><img decoding=\"async\" data-title=\"Ministar Anu\u0161i\u0107 s veleposlanicom Rumunjske C\u0103m\u0103r\u0103\u015fan\" data-description=\"Postoji velik potencijal za produbljivanje vojno-tehni\u010dke suradnje i suradnje obrambenih industrija na\u0161ih dviju zemalja, poru\u010duje ministar Anu\u0161i\u0107 | Foto: MORH\/ F. Klen\" alt=\"Ministar Anu\u0161i\u0107 s veleposlanicom Rumunjske C\u0103m\u0103r\u0103\u015fan\" src=\"https:\/\/live.staticflickr.com\/65535\/54516598918_231fde6d01_h.jpg\" data-layer=\"&lt;div class=&#039;morh-gallery-image-download&#039;&gt;&lt;a href=&#039;https:\/\/live.staticflickr.com\/65535\/54516598918_c9c94e5c26_o.jpg&#039; target=&#039;_blank&#039;&gt;Slika za preuzimanje&lt;\/a&gt;&lt;\/div&gt;\" \/><\/a><\/div><!--\/.morh-galleria -->\n","protected":false},"excerpt":{"rendered":"<p>There is great potential for deepening military-technical cooperation and cooperation between the defence industries of our two countries, Minister Anu\u0161i\u0107 says<\/p>\n","protected":false},"author":4699,"featured_media":254545,"comment_status":"closed","ping_status":"closed","sticky":false,"template":"","format":"standard","meta":{"_acf_changed":false,"_monsterinsights_skip_tracking":false,"_monsterinsights_sitenote_active":false,"_monsterinsights_sitenote_note":"","_monsterinsights_sitenote_category":0,"footnotes":""},"categories":[117],"tags":[],"class_list":["post-257756","post","type-post","status-publish","format-standard","has-post-thumbnail","hentry","category-press-releases"],"acf":[],"yoast_head":"<!-- This site is optimized with the Yoast SEO plugin v26.9 - https:\/\/yoast.com\/product\/yoast-seo-wordpress\/ -->\n<title>Minister Anu\u0161i\u0107 with Romanian Ambassador C\u0103m\u0103r\u0103\u015fan - MORH<\/title>\n<meta name=\"description\" content=\"There is great potential for deepening military-technical cooperation and cooperation between the defence industries of our two countries, Minister Anu\u0161i\u0107 says\" \/>\n<meta name=\"robots\" content=\"index, follow, max-snippet:-1, max-image-preview:large, max-video-preview:-1\" \/>\n<link rel=\"canonical\" href=\"https:\/\/www.morh.hr\/en\/minister-anusic-with-romanian-ambassador-camarasan\/\" \/>\n<meta property=\"og:locale\" content=\"en_US\" \/>\n<meta property=\"og:type\" content=\"article\" \/>\n<meta property=\"og:title\" content=\"Minister Anu\u0161i\u0107 with Romanian Ambassador C\u0103m\u0103r\u0103\u015fan - MORH\" \/>\n<meta property=\"og:description\" content=\"There is great potential for deepening military-technical cooperation and cooperation between the defence industries of our two countries, Minister Anu\u0161i\u0107 says\" \/>\n<meta property=\"og:url\" content=\"https:\/\/www.morh.hr\/en\/minister-anusic-with-romanian-ambassador-camarasan\/\" \/>\n<meta property=\"og:site_name\" content=\"MORH\" \/>\n<meta property=\"article:publisher\" content=\"https:\/\/www.facebook.com\/sportasiuhrvatskojvojsci\/\" \/>\n<meta property=\"article:published_time\" content=\"2025-05-13T10:29:03+00:00\" \/>\n<meta property=\"article:modified_time\" content=\"2025-07-28T10:32:21+00:00\" \/>\n<meta property=\"og:image\" content=\"https:\/\/www.morh.hr\/wp-content\/uploads\/2025\/05\/2025-05-13-vp-rumunjske-u-morh-u.jpg\" \/>\n\t<meta property=\"og:image:width\" content=\"2322\" \/>\n\t<meta property=\"og:image:height\" content=\"1548\" \/>\n\t<meta property=\"og:image:type\" content=\"image\/jpeg\" \/>\n<meta name=\"author\" content=\"Mladen\" \/>\n<meta name=\"twitter:card\" content=\"summary_large_image\" \/>\n<meta name=\"twitter:creator\" content=\"@morh_osrh\" \/>\n<meta name=\"twitter:site\" content=\"@morh_osrh\" \/>\n<meta name=\"twitter:label1\" content=\"Written by\" \/>\n\t<meta name=\"twitter:data1\" content=\"Mladen\" \/>\n\t<meta name=\"twitter:label2\" content=\"Est. reading time\" \/>\n\t<meta name=\"twitter:data2\" content=\"2 minutes\" \/>\n<script type=\"application\/ld+json\" class=\"yoast-schema-graph\">{\"@context\":\"https:\/\/schema.org\",\"@graph\":[{\"@type\":\"Article\",\"@id\":\"https:\/\/www.morh.hr\/en\/minister-anusic-with-romanian-ambassador-camarasan\/#article\",\"isPartOf\":{\"@id\":\"https:\/\/www.morh.hr\/en\/minister-anusic-with-romanian-ambassador-camarasan\/\"},\"author\":{\"name\":\"Mladen\",\"@id\":\"https:\/\/www.morh.hr\/en\/#\/schema\/person\/ec8e2528a579067d8bda0ae2124ac768\"},\"headline\":\"Minister Anu\u0161i\u0107 with Romanian Ambassador C\u0103m\u0103r\u0103\u015fan\",\"datePublished\":\"2025-05-13T10:29:03+00:00\",\"dateModified\":\"2025-07-28T10:32:21+00:00\",\"mainEntityOfPage\":{\"@id\":\"https:\/\/www.morh.hr\/en\/minister-anusic-with-romanian-ambassador-camarasan\/\"},\"wordCount\":285,\"image\":{\"@id\":\"https:\/\/www.morh.hr\/en\/minister-anusic-with-romanian-ambassador-camarasan\/#primaryimage\"},\"thumbnailUrl\":\"https:\/\/www.morh.hr\/wp-content\/uploads\/2025\/05\/2025-05-13-vp-rumunjske-u-morh-u.jpg\",\"articleSection\":[\"Press releases\"],\"inLanguage\":\"en-US\"},{\"@type\":\"WebPage\",\"@id\":\"https:\/\/www.morh.hr\/en\/minister-anusic-with-romanian-ambassador-camarasan\/\",\"url\":\"https:\/\/www.morh.hr\/en\/minister-anusic-with-romanian-ambassador-camarasan\/\",\"name\":\"Minister Anu\u0161i\u0107 with Romanian Ambassador C\u0103m\u0103r\u0103\u015fan - MORH\",\"isPartOf\":{\"@id\":\"https:\/\/www.morh.hr\/en\/#website\"},\"primaryImageOfPage\":{\"@id\":\"https:\/\/www.morh.hr\/en\/minister-anusic-with-romanian-ambassador-camarasan\/#primaryimage\"},\"image\":{\"@id\":\"https:\/\/www.morh.hr\/en\/minister-anusic-with-romanian-ambassador-camarasan\/#primaryimage\"},\"thumbnailUrl\":\"https:\/\/www.morh.hr\/wp-content\/uploads\/2025\/05\/2025-05-13-vp-rumunjske-u-morh-u.jpg\",\"datePublished\":\"2025-05-13T10:29:03+00:00\",\"dateModified\":\"2025-07-28T10:32:21+00:00\",\"author\":{\"@id\":\"https:\/\/www.morh.hr\/en\/#\/schema\/person\/ec8e2528a579067d8bda0ae2124ac768\"},\"description\":\"There is great potential for deepening military-technical cooperation and cooperation between the defence industries of our two countries, Minister Anu\u0161i\u0107 says\",\"breadcrumb\":{\"@id\":\"https:\/\/www.morh.hr\/en\/minister-anusic-with-romanian-ambassador-camarasan\/#breadcrumb\"},\"inLanguage\":\"en-US\",\"potentialAction\":[{\"@type\":\"ReadAction\",\"target\":[\"https:\/\/www.morh.hr\/en\/minister-anusic-with-romanian-ambassador-camarasan\/\"]}]},{\"@type\":\"ImageObject\",\"inLanguage\":\"en-US\",\"@id\":\"https:\/\/www.morh.hr\/en\/minister-anusic-with-romanian-ambassador-camarasan\/#primaryimage\",\"url\":\"https:\/\/www.morh.hr\/wp-content\/uploads\/2025\/05\/2025-05-13-vp-rumunjske-u-morh-u.jpg\",\"contentUrl\":\"https:\/\/www.morh.hr\/wp-content\/uploads\/2025\/05\/2025-05-13-vp-rumunjske-u-morh-u.jpg\",\"width\":2322,\"height\":1548,\"caption\":\"Ministar Anu\u0161i\u0107 s veleposlanicom Rumunjske C\u0103m\u0103r\u0103\u015fan | Foto: MORH\/ F. Klen\"},{\"@type\":\"BreadcrumbList\",\"@id\":\"https:\/\/www.morh.hr\/en\/minister-anusic-with-romanian-ambassador-camarasan\/#breadcrumb\",\"itemListElement\":[{\"@type\":\"ListItem\",\"position\":1,\"name\":\"Naslovnica\",\"item\":\"https:\/\/www.morh.hr\/en\/\"},{\"@type\":\"ListItem\",\"position\":2,\"name\":\"News\",\"item\":\"https:\/\/www.morh.hr\/en\/kategorija\/news\/\"},{\"@type\":\"ListItem\",\"position\":3,\"name\":\"Press releases\",\"item\":\"https:\/\/www.morh.hr\/en\/kategorija\/news\/press-releases\/\"},{\"@type\":\"ListItem\",\"position\":4,\"name\":\"Minister Anu\u0161i\u0107 with Romanian Ambassador C\u0103m\u0103r\u0103\u015fan\"}]},{\"@type\":\"WebSite\",\"@id\":\"https:\/\/www.morh.hr\/en\/#website\",\"url\":\"https:\/\/www.morh.hr\/en\/\",\"name\":\"MORH\",\"description\":\"Ministarstvo obrane Republike Hrvatske - slu\u017ebene stranice\",\"potentialAction\":[{\"@type\":\"SearchAction\",\"target\":{\"@type\":\"EntryPoint\",\"urlTemplate\":\"https:\/\/www.morh.hr\/en\/?s={search_term_string}\"},\"query-input\":{\"@type\":\"PropertyValueSpecification\",\"valueRequired\":true,\"valueName\":\"search_term_string\"}}],\"inLanguage\":\"en-US\"},{\"@type\":\"Person\",\"@id\":\"https:\/\/www.morh.hr\/en\/#\/schema\/person\/ec8e2528a579067d8bda0ae2124ac768\",\"name\":\"Mladen\",\"image\":{\"@type\":\"ImageObject\",\"inLanguage\":\"en-US\",\"@id\":\"https:\/\/www.morh.hr\/en\/#\/schema\/person\/image\/\",\"url\":\"https:\/\/secure.gravatar.com\/avatar\/3d5ea7ca0d0a523cf2ec98548db52f920a5f6bbfd2c1aa63d237c2f445528cf7?s=96&d=mm&r=g\",\"contentUrl\":\"https:\/\/secure.gravatar.com\/avatar\/3d5ea7ca0d0a523cf2ec98548db52f920a5f6bbfd2c1aa63d237c2f445528cf7?s=96&d=mm&r=g\",\"caption\":\"Mladen\"}}]}<\/script>\n<!-- \/ Yoast SEO plugin. -->","yoast_head_json":{"title":"Minister Anu\u0161i\u0107 with Romanian Ambassador C\u0103m\u0103r\u0103\u015fan - MORH","description":"There is great potential for deepening military-technical cooperation and cooperation between the defence industries of our two countries, Minister Anu\u0161i\u0107 says","robots":{"index":"index","follow":"follow","max-snippet":"max-snippet:-1","max-image-preview":"max-image-preview:large","max-video-preview":"max-video-preview:-1"},"canonical":"https:\/\/www.morh.hr\/en\/minister-anusic-with-romanian-ambassador-camarasan\/","og_locale":"en_US","og_type":"article","og_title":"Minister Anu\u0161i\u0107 with Romanian Ambassador C\u0103m\u0103r\u0103\u015fan - MORH","og_description":"There is great potential for deepening military-technical cooperation and cooperation between the defence industries of our two countries, Minister Anu\u0161i\u0107 says","og_url":"https:\/\/www.morh.hr\/en\/minister-anusic-with-romanian-ambassador-camarasan\/","og_site_name":"MORH","article_publisher":"https:\/\/www.facebook.com\/sportasiuhrvatskojvojsci\/","article_published_time":"2025-05-13T10:29:03+00:00","article_modified_time":"2025-07-28T10:32:21+00:00","og_image":[{"width":2322,"height":1548,"url":"https:\/\/www.morh.hr\/wp-content\/uploads\/2025\/05\/2025-05-13-vp-rumunjske-u-morh-u.jpg","type":"image\/jpeg"}],"author":"Mladen","twitter_card":"summary_large_image","twitter_creator":"@morh_osrh","twitter_site":"@morh_osrh","twitter_misc":{"Written by":"Mladen","Est. reading time":"2 minutes"},"schema":{"@context":"https:\/\/schema.org","@graph":[{"@type":"Article","@id":"https:\/\/www.morh.hr\/en\/minister-anusic-with-romanian-ambassador-camarasan\/#article","isPartOf":{"@id":"https:\/\/www.morh.hr\/en\/minister-anusic-with-romanian-ambassador-camarasan\/"},"author":{"name":"Mladen","@id":"https:\/\/www.morh.hr\/en\/#\/schema\/person\/ec8e2528a579067d8bda0ae2124ac768"},"headline":"Minister Anu\u0161i\u0107 with Romanian Ambassador C\u0103m\u0103r\u0103\u015fan","datePublished":"2025-05-13T10:29:03+00:00","dateModified":"2025-07-28T10:32:21+00:00","mainEntityOfPage":{"@id":"https:\/\/www.morh.hr\/en\/minister-anusic-with-romanian-ambassador-camarasan\/"},"wordCount":285,"image":{"@id":"https:\/\/www.morh.hr\/en\/minister-anusic-with-romanian-ambassador-camarasan\/#primaryimage"},"thumbnailUrl":"https:\/\/www.morh.hr\/wp-content\/uploads\/2025\/05\/2025-05-13-vp-rumunjske-u-morh-u.jpg","articleSection":["Press releases"],"inLanguage":"en-US"},{"@type":"WebPage","@id":"https:\/\/www.morh.hr\/en\/minister-anusic-with-romanian-ambassador-camarasan\/","url":"https:\/\/www.morh.hr\/en\/minister-anusic-with-romanian-ambassador-camarasan\/","name":"Minister Anu\u0161i\u0107 with Romanian Ambassador C\u0103m\u0103r\u0103\u015fan - MORH","isPartOf":{"@id":"https:\/\/www.morh.hr\/en\/#website"},"primaryImageOfPage":{"@id":"https:\/\/www.morh.hr\/en\/minister-anusic-with-romanian-ambassador-camarasan\/#primaryimage"},"image":{"@id":"https:\/\/www.morh.hr\/en\/minister-anusic-with-romanian-ambassador-camarasan\/#primaryimage"},"thumbnailUrl":"https:\/\/www.morh.hr\/wp-content\/uploads\/2025\/05\/2025-05-13-vp-rumunjske-u-morh-u.jpg","datePublished":"2025-05-13T10:29:03+00:00","dateModified":"2025-07-28T10:32:21+00:00","author":{"@id":"https:\/\/www.morh.hr\/en\/#\/schema\/person\/ec8e2528a579067d8bda0ae2124ac768"},"description":"There is great potential for deepening military-technical cooperation and cooperation between the defence industries of our two countries, Minister Anu\u0161i\u0107 says","breadcrumb":{"@id":"https:\/\/www.morh.hr\/en\/minister-anusic-with-romanian-ambassador-camarasan\/#breadcrumb"},"inLanguage":"en-US","potentialAction":[{"@type":"ReadAction","target":["https:\/\/www.morh.hr\/en\/minister-anusic-with-romanian-ambassador-camarasan\/"]}]},{"@type":"ImageObject","inLanguage":"en-US","@id":"https:\/\/www.morh.hr\/en\/minister-anusic-with-romanian-ambassador-camarasan\/#primaryimage","url":"https:\/\/www.morh.hr\/wp-content\/uploads\/2025\/05\/2025-05-13-vp-rumunjske-u-morh-u.jpg","contentUrl":"https:\/\/www.morh.hr\/wp-content\/uploads\/2025\/05\/2025-05-13-vp-rumunjske-u-morh-u.jpg","width":2322,"height":1548,"caption":"Ministar Anu\u0161i\u0107 s veleposlanicom Rumunjske C\u0103m\u0103r\u0103\u015fan | Foto: MORH\/ F. Klen"},{"@type":"BreadcrumbList","@id":"https:\/\/www.morh.hr\/en\/minister-anusic-with-romanian-ambassador-camarasan\/#breadcrumb","itemListElement":[{"@type":"ListItem","position":1,"name":"Naslovnica","item":"https:\/\/www.morh.hr\/en\/"},{"@type":"ListItem","position":2,"name":"News","item":"https:\/\/www.morh.hr\/en\/kategorija\/news\/"},{"@type":"ListItem","position":3,"name":"Press releases","item":"https:\/\/www.morh.hr\/en\/kategorija\/news\/press-releases\/"},{"@type":"ListItem","position":4,"name":"Minister Anu\u0161i\u0107 with Romanian Ambassador C\u0103m\u0103r\u0103\u015fan"}]},{"@type":"WebSite","@id":"https:\/\/www.morh.hr\/en\/#website","url":"https:\/\/www.morh.hr\/en\/","name":"MORH","description":"Ministarstvo obrane Republike Hrvatske - slu\u017ebene stranice","potentialAction":[{"@type":"SearchAction","target":{"@type":"EntryPoint","urlTemplate":"https:\/\/www.morh.hr\/en\/?s={search_term_string}"},"query-input":{"@type":"PropertyValueSpecification","valueRequired":true,"valueName":"search_term_string"}}],"inLanguage":"en-US"},{"@type":"Person","@id":"https:\/\/www.morh.hr\/en\/#\/schema\/person\/ec8e2528a579067d8bda0ae2124ac768","name":"Mladen","image":{"@type":"ImageObject","inLanguage":"en-US","@id":"https:\/\/www.morh.hr\/en\/#\/schema\/person\/image\/","url":"https:\/\/secure.gravatar.com\/avatar\/3d5ea7ca0d0a523cf2ec98548db52f920a5f6bbfd2c1aa63d237c2f445528cf7?s=96&d=mm&r=g","contentUrl":"https:\/\/secure.gravatar.com\/avatar\/3d5ea7ca0d0a523cf2ec98548db52f920a5f6bbfd2c1aa63d237c2f445528cf7?s=96&d=mm&r=g","caption":"Mladen"}}]}},"_links":{"self":[{"href":"https:\/\/www.morh.hr\/en\/wp-json\/wp\/v2\/posts\/257756","targetHints":{"allow":["GET"]}}],"collection":[{"href":"https:\/\/www.morh.hr\/en\/wp-json\/wp\/v2\/posts"}],"about":[{"href":"https:\/\/www.morh.hr\/en\/wp-json\/wp\/v2\/types\/post"}],"author":[{"embeddable":true,"href":"https:\/\/www.morh.hr\/en\/wp-json\/wp\/v2\/users\/4699"}],"replies":[{"embeddable":true,"href":"https:\/\/www.morh.hr\/en\/wp-json\/wp\/v2\/comments?post=257756"}],"version-history":[{"count":1,"href":"https:\/\/www.morh.hr\/en\/wp-json\/wp\/v2\/posts\/257756\/revisions"}],"predecessor-version":[{"id":257757,"href":"https:\/\/www.morh.hr\/en\/wp-json\/wp\/v2\/posts\/257756\/revisions\/257757"}],"wp:featuredmedia":[{"embeddable":true,"href":"https:\/\/www.morh.hr\/en\/wp-json\/wp\/v2\/media\/254545"}],"wp:attachment":[{"href":"https:\/\/www.morh.hr\/en\/wp-json\/wp\/v2\/media?parent=257756"}],"wp:term":[{"taxonomy":"category","embeddable":true,"href":"https:\/\/www.morh.hr\/en\/wp-json\/wp\/v2\/categories?post=257756"},{"taxonomy":"post_tag","embeddable":true,"href":"https:\/\/www.morh.hr\/en\/wp-json\/wp\/v2\/tags?post=257756"}],"curies":[{"name":"wp","href":"https:\/\/api.w.org\/{rel}","templated":true}]}}