{"id":257768,"date":"2025-05-20T12:59:12","date_gmt":"2025-05-20T10:59:12","guid":{"rendered":"https:\/\/www.morh.hr\/?p=257768"},"modified":"2025-07-28T13:02:05","modified_gmt":"2025-07-28T11:02:05","slug":"ceremonial-seeing-off-of-the-43rd-hrvcon-deploying-to-kfor-operation-in-the-republic-of-kosovo","status":"publish","type":"post","link":"https:\/\/www.morh.hr\/en\/ceremonial-seeing-off-of-the-43rd-hrvcon-deploying-to-kfor-operation-in-the-republic-of-kosovo\/","title":{"rendered":"Ceremonial seeing off of the 43rd HRVCON deploying to KFOR operation in the Republic of Kosovo"},"content":{"rendered":"<p>On Tuesday, 20 May 2025, at the Colonel Predrag Matanovi\u0107 barracks in Petrinja, the 43rd Croatian Contingent (HRVCON) was ceremoniously seen off to KFOR (Kosovo Force) peace support operation in the Republic of Kosovo.<\/p>\n<p>Envoy of the Deputy Prime Minister and Minister of Defence Ivan Anu\u0161i\u0107, State Secretary Drago Matanovi\u0107, wished members of the 43rd HRVCON a safe departure for the operation and successful completion of their tasks.<\/p>\n<p>&#8220;Your tasks in KFOR are challenging and involve much more than a military approach. I believe that you will know how to choose the right way to overcome challenges, always remaining, in every situation, in many ways ambassadors of the homeland of Croatia,&#8221; State Secretary Matanovi\u0107 said, emphasizing the exceptional importance of KFOR for the Croatian Armed Forces, but also for the Republic of Croatia.<\/p>\n<p>The Commander of the 43rd HRVCON, Colonel Ivan Veingartner, said on this occasion that he was proud of the contingent&#8217;s members who had completed all their tasks to date in the best possible way.<\/p>\n<p>&#8220;I am convinced that each of us, in our duties and tasks, will continue to build the reputation and respect that Croatian soldiers and the Croatian state enjoy among the inhabitants of Kosovo,&#8221; Colonel General Veingartner said.<\/p>\n<p>Also joining the KFOR operation is 1st Lieutenant Marija Bursek, the company&#8217;s Deputy Commander, who stressed: &#8220;I am confident that we will continue a series of successful operations of the Croatian contingents in Kosovo. It is up to us to continue building the credibility of Croatian soldiers in the area of operation.&#8221;<\/p>\n<p>&#8220;This is my first deployment to KFOR operation. One of our tasks will be to provide humanitarian aid to local population,&#8221; Sergeant Fran \u0160nirari\u0107 said.<\/p>\n<p><strong>The 43rd HRVCON has a total of 154 members of the Croatian Army<\/strong><\/p>\n<p>In the KFOR area of operation, the 43rd HRVCON will have 154 members, nine of whom are women. In addition to the main body consisting of members of the Motorized Infantry Company, the 43rd Contingent also includes an aviation and headquarters component, logistics and intelligence teams, a national support element, and a medical team.<\/p>\n<p>The basic tasks of the contingent relate to support to local and international organizations (Kosovo Police and EULEX), the ability to deploy to the area of the Regional Command West, conducting joint patrols, etc.<\/p>\n<p>Croatian Armed Forces have been participating in the KFOR peace support operation since 2009, based on a decision of the Croatian Parliament from July 2008.<\/p>\n<p>So far, a total of 2,240 members of the Croatian Armed Forces have participated in this operation, of which 125 are women.<\/p>\n<p>The KFOR operation is of particular importance to the Republic of Croatia, as it is located in the immediate vicinity and may have special implications for the stability of the entire region. Therefore, the ambition of the Republic of Croatia is to continue its involvement through its presence in the Republic of Kosovo until the end of the NATO-led KFOR operation, as long as it is necessary.<\/p>\n<p>In addition to families of the contingent members and envoy of the Minister of Defence, State Secretary Drago Matanovi\u0107, and Director of the General Staff of the Croatian Armed Forces, Major General Denis Tretinjak, the ceremonial seeing off of the 43rd HRVCON was also attended by envoy of the Croatian Army Commander, Commander of the Guards Motorized Brigade, Colonel Mirko Sto\u0161i\u0107, and Deputy Commander of the Command and Operational Centre (ZOS), Colonel Tomislav Kasumovi\u0107.<\/p>\n<div class=\"morh-galleria\"><a href=\"https:\/\/live.staticflickr.com\/65535\/54533174358_0bf69344bc_h.jpg\" title=\"Sve\u010dano ispra\u0107en 43. HRVCON u operaciju KFOR u Republiku Kosovo\"><img decoding=\"async\" data-title=\"Sve\u010dano ispra\u0107en 43. HRVCON u operaciju KFOR u Republiku Kosovo\" data-description=\"U vojarni 'Pukovnik Predrag Matanovi\u0107' u Petrinji, u utorak 20. svibnja 2025. godine sve\u010dano je ispra\u0107en 43. hrvatski kontingent (HRVCON) u operaciju potpore miru KFOR (Kosovo Force) u Republiku Kosovo | Foto: MORH\/ F. Klen\" alt=\"Sve\u010dano ispra\u0107en 43. HRVCON u operaciju KFOR u Republiku Kosovo\" src=\"https:\/\/live.staticflickr.com\/65535\/54533174358_0bf69344bc_h.jpg\" data-layer=\"&lt;div class=&#039;morh-gallery-image-download&#039;&gt;&lt;a href=&#039;https:\/\/live.staticflickr.com\/65535\/54533174358_c6be0878c3_o.jpg&#039; target=&#039;_blank&#039;&gt;Slika za preuzimanje&lt;\/a&gt;&lt;\/div&gt;\" \/><\/a><a href=\"https:\/\/live.staticflickr.com\/65535\/54533122864_8004d799d3_h.jpg\" title=\"Sve\u010dano ispra\u0107en 43. HRVCON u operaciju KFOR u Republiku Kosovo\"><img decoding=\"async\" data-title=\"Sve\u010dano ispra\u0107en 43. HRVCON u operaciju KFOR u Republiku Kosovo\" data-description=\"U vojarni 'Pukovnik Predrag Matanovi\u0107' u Petrinji, u utorak 20. svibnja 2025. godine sve\u010dano je ispra\u0107en 43. hrvatski kontingent (HRVCON) u operaciju potpore miru KFOR (Kosovo Force) u Republiku Kosovo | Foto: MORH\/ F. Klen\" alt=\"Sve\u010dano ispra\u0107en 43. HRVCON u operaciju KFOR u Republiku Kosovo\" src=\"https:\/\/live.staticflickr.com\/65535\/54533122864_8004d799d3_h.jpg\" data-layer=\"&lt;div class=&#039;morh-gallery-image-download&#039;&gt;&lt;a href=&#039;https:\/\/live.staticflickr.com\/65535\/54533122864_6ff3dd45c9_o.jpg&#039; target=&#039;_blank&#039;&gt;Slika za preuzimanje&lt;\/a&gt;&lt;\/div&gt;\" \/><\/a><a href=\"https:\/\/live.staticflickr.com\/65535\/54532054462_b80f581bcc_h.jpg\" title=\"Sve\u010dano ispra\u0107en 43. HRVCON u operaciju KFOR u Republiku Kosovo\"><img decoding=\"async\" data-title=\"Sve\u010dano ispra\u0107en 43. HRVCON u operaciju KFOR u Republiku Kosovo\" data-description=\"U vojarni 'Pukovnik Predrag Matanovi\u0107' u Petrinji, u utorak 20. svibnja 2025. godine sve\u010dano je ispra\u0107en 43. hrvatski kontingent (HRVCON) u operaciju potpore miru KFOR (Kosovo Force) u Republiku Kosovo | Foto: MORH\/ F. Klen\" alt=\"Sve\u010dano ispra\u0107en 43. HRVCON u operaciju KFOR u Republiku Kosovo\" src=\"https:\/\/live.staticflickr.com\/65535\/54532054462_b80f581bcc_h.jpg\" data-layer=\"&lt;div class=&#039;morh-gallery-image-download&#039;&gt;&lt;a href=&#039;https:\/\/live.staticflickr.com\/65535\/54532054462_b7084fd803_o.jpg&#039; target=&#039;_blank&#039;&gt;Slika za preuzimanje&lt;\/a&gt;&lt;\/div&gt;\" \/><\/a><a href=\"https:\/\/live.staticflickr.com\/65535\/54532054607_3ad8a9cd97_h.jpg\" title=\"Sve\u010dano ispra\u0107en 43. HRVCON u operaciju KFOR u Republiku Kosovo\"><img decoding=\"async\" data-title=\"Sve\u010dano ispra\u0107en 43. HRVCON u operaciju KFOR u Republiku Kosovo\" data-description=\"U vojarni 'Pukovnik Predrag Matanovi\u0107' u Petrinji, u utorak 20. svibnja 2025. godine sve\u010dano je ispra\u0107en 43. hrvatski kontingent (HRVCON) u operaciju potpore miru KFOR (Kosovo Force) u Republiku Kosovo | Foto: MORH\/ F. Klen\" alt=\"Sve\u010dano ispra\u0107en 43. HRVCON u operaciju KFOR u Republiku Kosovo\" src=\"https:\/\/live.staticflickr.com\/65535\/54532054607_3ad8a9cd97_h.jpg\" data-layer=\"&lt;div class=&#039;morh-gallery-image-download&#039;&gt;&lt;a href=&#039;https:\/\/live.staticflickr.com\/65535\/54532054607_ac6770ca27_o.jpg&#039; target=&#039;_blank&#039;&gt;Slika za preuzimanje&lt;\/a&gt;&lt;\/div&gt;\" \/><\/a><a href=\"https:\/\/live.staticflickr.com\/65535\/54533283565_7318932896_h.jpg\" title=\"Sve\u010dano ispra\u0107en 43. HRVCON u operaciju KFOR u Republiku Kosovo\"><img decoding=\"async\" data-title=\"Sve\u010dano ispra\u0107en 43. HRVCON u operaciju KFOR u Republiku Kosovo\" data-description=\"U vojarni 'Pukovnik Predrag Matanovi\u0107' u Petrinji, u utorak 20. svibnja 2025. godine sve\u010dano je ispra\u0107en 43. hrvatski kontingent (HRVCON) u operaciju potpore miru KFOR (Kosovo Force) u Republiku Kosovo | Foto: MORH\/ F. Klen\" alt=\"Sve\u010dano ispra\u0107en 43. HRVCON u operaciju KFOR u Republiku Kosovo\" src=\"https:\/\/live.staticflickr.com\/65535\/54533283565_7318932896_h.jpg\" data-layer=\"&lt;div class=&#039;morh-gallery-image-download&#039;&gt;&lt;a href=&#039;https:\/\/live.staticflickr.com\/65535\/54533283565_0a8f6da52c_o.jpg&#039; target=&#039;_blank&#039;&gt;Slika za preuzimanje&lt;\/a&gt;&lt;\/div&gt;\" \/><\/a><a href=\"https:\/\/live.staticflickr.com\/65535\/54533122939_9cb571c150_h.jpg\" title=\"Sve\u010dano ispra\u0107en 43. HRVCON u operaciju KFOR u Republiku Kosovo\"><img decoding=\"async\" data-title=\"Sve\u010dano ispra\u0107en 43. HRVCON u operaciju KFOR u Republiku Kosovo\" data-description=\"U vojarni 'Pukovnik Predrag Matanovi\u0107' u Petrinji, u utorak 20. svibnja 2025. godine sve\u010dano je ispra\u0107en 43. hrvatski kontingent (HRVCON) u operaciju potpore miru KFOR (Kosovo Force) u Republiku Kosovo | Foto: MORH\/ F. Klen\" alt=\"Sve\u010dano ispra\u0107en 43. HRVCON u operaciju KFOR u Republiku Kosovo\" src=\"https:\/\/live.staticflickr.com\/65535\/54533122939_9cb571c150_h.jpg\" data-layer=\"&lt;div class=&#039;morh-gallery-image-download&#039;&gt;&lt;a href=&#039;https:\/\/live.staticflickr.com\/65535\/54533122939_c1fc73970b_o.jpg&#039; target=&#039;_blank&#039;&gt;Slika za preuzimanje&lt;\/a&gt;&lt;\/div&gt;\" \/><\/a><a href=\"https:\/\/live.staticflickr.com\/65535\/54533174388_d264967b7a_h.jpg\" title=\"Sve\u010dano ispra\u0107en 43. HRVCON u operaciju KFOR u Republiku Kosovo\"><img decoding=\"async\" data-title=\"Sve\u010dano ispra\u0107en 43. HRVCON u operaciju KFOR u Republiku Kosovo\" data-description=\"U vojarni 'Pukovnik Predrag Matanovi\u0107' u Petrinji, u utorak 20. svibnja 2025. godine sve\u010dano je ispra\u0107en 43. hrvatski kontingent (HRVCON) u operaciju potpore miru KFOR (Kosovo Force) u Republiku Kosovo | Foto: MORH\/ F. Klen\" alt=\"Sve\u010dano ispra\u0107en 43. HRVCON u operaciju KFOR u Republiku Kosovo\" src=\"https:\/\/live.staticflickr.com\/65535\/54533174388_d264967b7a_h.jpg\" data-layer=\"&lt;div class=&#039;morh-gallery-image-download&#039;&gt;&lt;a href=&#039;https:\/\/live.staticflickr.com\/65535\/54533174388_254bfcc5a2_o.jpg&#039; target=&#039;_blank&#039;&gt;Slika za preuzimanje&lt;\/a&gt;&lt;\/div&gt;\" \/><\/a><a href=\"https:\/\/live.staticflickr.com\/65535\/54532054662_57f9629153_h.jpg\" title=\"Sve\u010dano ispra\u0107en 43. HRVCON u operaciju KFOR u Republiku Kosovo\"><img decoding=\"async\" data-title=\"Sve\u010dano ispra\u0107en 43. HRVCON u operaciju KFOR u Republiku Kosovo\" data-description=\"U vojarni 'Pukovnik Predrag Matanovi\u0107' u Petrinji, u utorak 20. svibnja 2025. godine sve\u010dano je ispra\u0107en 43. hrvatski kontingent (HRVCON) u operaciju potpore miru KFOR (Kosovo Force) u Republiku Kosovo | Foto: MORH\/ F. Klen\" alt=\"Sve\u010dano ispra\u0107en 43. HRVCON u operaciju KFOR u Republiku Kosovo\" src=\"https:\/\/live.staticflickr.com\/65535\/54532054662_57f9629153_h.jpg\" data-layer=\"&lt;div class=&#039;morh-gallery-image-download&#039;&gt;&lt;a href=&#039;https:\/\/live.staticflickr.com\/65535\/54532054662_6a1f1e743f_o.jpg&#039; target=&#039;_blank&#039;&gt;Slika za preuzimanje&lt;\/a&gt;&lt;\/div&gt;\" \/><\/a><a href=\"https:\/\/live.staticflickr.com\/65535\/54533283840_2195182280_h.jpg\" title=\"Sve\u010dano ispra\u0107en 43. HRVCON u operaciju KFOR u Republiku Kosovo\"><img decoding=\"async\" data-title=\"Sve\u010dano ispra\u0107en 43. HRVCON u operaciju KFOR u Republiku Kosovo\" data-description=\"U vojarni 'Pukovnik Predrag Matanovi\u0107' u Petrinji, u utorak 20. svibnja 2025. godine sve\u010dano je ispra\u0107en 43. hrvatski kontingent (HRVCON) u operaciju potpore miru KFOR (Kosovo Force) u Republiku Kosovo | Foto: MORH\/ F. Klen\" alt=\"Sve\u010dano ispra\u0107en 43. HRVCON u operaciju KFOR u Republiku Kosovo\" src=\"https:\/\/live.staticflickr.com\/65535\/54533283840_2195182280_h.jpg\" data-layer=\"&lt;div class=&#039;morh-gallery-image-download&#039;&gt;&lt;a href=&#039;https:\/\/live.staticflickr.com\/65535\/54533283840_08e69c0898_o.jpg&#039; target=&#039;_blank&#039;&gt;Slika za preuzimanje&lt;\/a&gt;&lt;\/div&gt;\" \/><\/a><a href=\"https:\/\/live.staticflickr.com\/65535\/54532054827_ed308a8699_h.jpg\" title=\"Sve\u010dano ispra\u0107en 43. HRVCON u operaciju KFOR u Republiku Kosovo\"><img decoding=\"async\" data-title=\"Sve\u010dano ispra\u0107en 43. HRVCON u operaciju KFOR u Republiku Kosovo\" data-description=\"U vojarni 'Pukovnik Predrag Matanovi\u0107' u Petrinji, u utorak 20. svibnja 2025. godine sve\u010dano je ispra\u0107en 43. hrvatski kontingent (HRVCON) u operaciju potpore miru KFOR (Kosovo Force) u Republiku Kosovo | Foto: MORH\/ F. Klen\" alt=\"Sve\u010dano ispra\u0107en 43. HRVCON u operaciju KFOR u Republiku Kosovo\" src=\"https:\/\/live.staticflickr.com\/65535\/54532054827_ed308a8699_h.jpg\" data-layer=\"&lt;div class=&#039;morh-gallery-image-download&#039;&gt;&lt;a href=&#039;https:\/\/live.staticflickr.com\/65535\/54532054827_e0fa5884f0_o.jpg&#039; target=&#039;_blank&#039;&gt;Slika za preuzimanje&lt;\/a&gt;&lt;\/div&gt;\" \/><\/a><a href=\"https:\/\/live.staticflickr.com\/65535\/54532054597_04a9ccd5b1_h.jpg\" title=\"Sve\u010dano ispra\u0107en 43. HRVCON u operaciju KFOR u Republiku Kosovo\"><img decoding=\"async\" data-title=\"Sve\u010dano ispra\u0107en 43. HRVCON u operaciju KFOR u Republiku Kosovo\" data-description=\"U vojarni 'Pukovnik Predrag Matanovi\u0107' u Petrinji, u utorak 20. svibnja 2025. godine sve\u010dano je ispra\u0107en 43. hrvatski kontingent (HRVCON) u operaciju potpore miru KFOR (Kosovo Force) u Republiku Kosovo | Foto: MORH\/ F. Klen\" alt=\"Sve\u010dano ispra\u0107en 43. HRVCON u operaciju KFOR u Republiku Kosovo\" src=\"https:\/\/live.staticflickr.com\/65535\/54532054597_04a9ccd5b1_h.jpg\" data-layer=\"&lt;div class=&#039;morh-gallery-image-download&#039;&gt;&lt;a href=&#039;https:\/\/live.staticflickr.com\/65535\/54532054597_153fa998fa_o.jpg&#039; target=&#039;_blank&#039;&gt;Slika za preuzimanje&lt;\/a&gt;&lt;\/div&gt;\" \/><\/a><a href=\"https:\/\/live.staticflickr.com\/65535\/54533283960_8390f39dcc_h.jpg\" title=\"Sve\u010dano ispra\u0107en 43. HRVCON u operaciju KFOR u Republiku Kosovo\"><img decoding=\"async\" data-title=\"Sve\u010dano ispra\u0107en 43. HRVCON u operaciju KFOR u Republiku Kosovo\" data-description=\"U vojarni 'Pukovnik Predrag Matanovi\u0107' u Petrinji, u utorak 20. svibnja 2025. godine sve\u010dano je ispra\u0107en 43. hrvatski kontingent (HRVCON) u operaciju potpore miru KFOR (Kosovo Force) u Republiku Kosovo | Foto: MORH\/ F. Klen\" alt=\"Sve\u010dano ispra\u0107en 43. HRVCON u operaciju KFOR u Republiku Kosovo\" src=\"https:\/\/live.staticflickr.com\/65535\/54533283960_8390f39dcc_h.jpg\" data-layer=\"&lt;div class=&#039;morh-gallery-image-download&#039;&gt;&lt;a href=&#039;https:\/\/live.staticflickr.com\/65535\/54533283960_472ef2ddf7_o.jpg&#039; target=&#039;_blank&#039;&gt;Slika za preuzimanje&lt;\/a&gt;&lt;\/div&gt;\" \/><\/a><a href=\"https:\/\/live.staticflickr.com\/65535\/54532054867_22020f646d_h.jpg\" title=\"Sve\u010dano ispra\u0107en 43. HRVCON u operaciju KFOR u Republiku Kosovo\"><img decoding=\"async\" data-title=\"Sve\u010dano ispra\u0107en 43. HRVCON u operaciju KFOR u Republiku Kosovo\" data-description=\"U vojarni 'Pukovnik Predrag Matanovi\u0107' u Petrinji, u utorak 20. svibnja 2025. godine sve\u010dano je ispra\u0107en 43. hrvatski kontingent (HRVCON) u operaciju potpore miru KFOR (Kosovo Force) u Republiku Kosovo | Foto: MORH\/ F. Klen\" alt=\"Sve\u010dano ispra\u0107en 43. HRVCON u operaciju KFOR u Republiku Kosovo\" src=\"https:\/\/live.staticflickr.com\/65535\/54532054867_22020f646d_h.jpg\" data-layer=\"&lt;div class=&#039;morh-gallery-image-download&#039;&gt;&lt;a href=&#039;https:\/\/live.staticflickr.com\/65535\/54532054867_83e06e92ee_o.jpg&#039; target=&#039;_blank&#039;&gt;Slika za preuzimanje&lt;\/a&gt;&lt;\/div&gt;\" \/><\/a><a href=\"https:\/\/live.staticflickr.com\/65535\/54533174748_18f9cf68b9_h.jpg\" title=\"Sve\u010dano ispra\u0107en 43. HRVCON u operaciju KFOR u Republiku Kosovo\"><img decoding=\"async\" data-title=\"Sve\u010dano ispra\u0107en 43. HRVCON u operaciju KFOR u Republiku Kosovo\" data-description=\"U vojarni 'Pukovnik Predrag Matanovi\u0107' u Petrinji, u utorak 20. svibnja 2025. godine sve\u010dano je ispra\u0107en 43. hrvatski kontingent (HRVCON) u operaciju potpore miru KFOR (Kosovo Force) u Republiku Kosovo | Foto: MORH\/ F. Klen\" alt=\"Sve\u010dano ispra\u0107en 43. HRVCON u operaciju KFOR u Republiku Kosovo\" src=\"https:\/\/live.staticflickr.com\/65535\/54533174748_18f9cf68b9_h.jpg\" data-layer=\"&lt;div class=&#039;morh-gallery-image-download&#039;&gt;&lt;a href=&#039;https:\/\/live.staticflickr.com\/65535\/54533174748_ec94a2ec88_o.jpg&#039; target=&#039;_blank&#039;&gt;Slika za preuzimanje&lt;\/a&gt;&lt;\/div&gt;\" \/><\/a><a href=\"https:\/\/live.staticflickr.com\/65535\/54533174858_265775f890_h.jpg\" title=\"Sve\u010dano ispra\u0107en 43. HRVCON u operaciju KFOR u Republiku Kosovo\"><img decoding=\"async\" data-title=\"Sve\u010dano ispra\u0107en 43. HRVCON u operaciju KFOR u Republiku Kosovo\" data-description=\"U vojarni 'Pukovnik Predrag Matanovi\u0107' u Petrinji, u utorak 20. svibnja 2025. godine sve\u010dano je ispra\u0107en 43. hrvatski kontingent (HRVCON) u operaciju potpore miru KFOR (Kosovo Force) u Republiku Kosovo | Foto: MORH\/ F. Klen\" alt=\"Sve\u010dano ispra\u0107en 43. HRVCON u operaciju KFOR u Republiku Kosovo\" src=\"https:\/\/live.staticflickr.com\/65535\/54533174858_265775f890_h.jpg\" data-layer=\"&lt;div class=&#039;morh-gallery-image-download&#039;&gt;&lt;a href=&#039;https:\/\/live.staticflickr.com\/65535\/54533174858_fb9d98c8d4_o.jpg&#039; target=&#039;_blank&#039;&gt;Slika za preuzimanje&lt;\/a&gt;&lt;\/div&gt;\" \/><\/a><a href=\"https:\/\/live.staticflickr.com\/65535\/54532055127_53d1a70f3d_h.jpg\" title=\"Sve\u010dano ispra\u0107en 43. HRVCON u operaciju KFOR u Republiku Kosovo\"><img decoding=\"async\" data-title=\"Sve\u010dano ispra\u0107en 43. HRVCON u operaciju KFOR u Republiku Kosovo\" data-description=\"U vojarni 'Pukovnik Predrag Matanovi\u0107' u Petrinji, u utorak 20. svibnja 2025. godine sve\u010dano je ispra\u0107en 43. hrvatski kontingent (HRVCON) u operaciju potpore miru KFOR (Kosovo Force) u Republiku Kosovo | Foto: MORH\/ F. Klen\" alt=\"Sve\u010dano ispra\u0107en 43. HRVCON u operaciju KFOR u Republiku Kosovo\" src=\"https:\/\/live.staticflickr.com\/65535\/54532055127_53d1a70f3d_h.jpg\" data-layer=\"&lt;div class=&#039;morh-gallery-image-download&#039;&gt;&lt;a href=&#039;https:\/\/live.staticflickr.com\/65535\/54532055127_8f94db90ac_o.jpg&#039; target=&#039;_blank&#039;&gt;Slika za preuzimanje&lt;\/a&gt;&lt;\/div&gt;\" \/><\/a><a href=\"https:\/\/live.staticflickr.com\/65535\/54533175023_8c3d5ab5f8_h.jpg\" title=\"Sve\u010dano ispra\u0107en 43. HRVCON u operaciju KFOR u Republiku Kosovo\"><img decoding=\"async\" data-title=\"Sve\u010dano ispra\u0107en 43. HRVCON u operaciju KFOR u Republiku Kosovo\" data-description=\"U vojarni 'Pukovnik Predrag Matanovi\u0107' u Petrinji, u utorak 20. svibnja 2025. godine sve\u010dano je ispra\u0107en 43. hrvatski kontingent (HRVCON) u operaciju potpore miru KFOR (Kosovo Force) u Republiku Kosovo | Foto: MORH\/ F. Klen\" alt=\"Sve\u010dano ispra\u0107en 43. HRVCON u operaciju KFOR u Republiku Kosovo\" src=\"https:\/\/live.staticflickr.com\/65535\/54533175023_8c3d5ab5f8_h.jpg\" data-layer=\"&lt;div class=&#039;morh-gallery-image-download&#039;&gt;&lt;a href=&#039;https:\/\/live.staticflickr.com\/65535\/54533175023_29045f7a1b_o.jpg&#039; target=&#039;_blank&#039;&gt;Slika za preuzimanje&lt;\/a&gt;&lt;\/div&gt;\" \/><\/a><a href=\"https:\/\/live.staticflickr.com\/65535\/54533284280_b6ddb7a15e_h.jpg\" title=\"Sve\u010dano ispra\u0107en 43. HRVCON u operaciju KFOR u Republiku Kosovo\"><img decoding=\"async\" data-title=\"Sve\u010dano ispra\u0107en 43. HRVCON u operaciju KFOR u Republiku Kosovo\" data-description=\"U vojarni 'Pukovnik Predrag Matanovi\u0107' u Petrinji, u utorak 20. svibnja 2025. godine sve\u010dano je ispra\u0107en 43. hrvatski kontingent (HRVCON) u operaciju potpore miru KFOR (Kosovo Force) u Republiku Kosovo | Foto: MORH\/ F. Klen\" alt=\"Sve\u010dano ispra\u0107en 43. HRVCON u operaciju KFOR u Republiku Kosovo\" src=\"https:\/\/live.staticflickr.com\/65535\/54533284280_b6ddb7a15e_h.jpg\" data-layer=\"&lt;div class=&#039;morh-gallery-image-download&#039;&gt;&lt;a href=&#039;https:\/\/live.staticflickr.com\/65535\/54533284280_cee0d84e4d_o.jpg&#039; target=&#039;_blank&#039;&gt;Slika za preuzimanje&lt;\/a&gt;&lt;\/div&gt;\" \/><\/a><a href=\"https:\/\/live.staticflickr.com\/65535\/54533123469_8fcd8c4683_h.jpg\" title=\"Sve\u010dano ispra\u0107en 43. HRVCON u operaciju KFOR u Republiku Kosovo\"><img decoding=\"async\" data-title=\"Sve\u010dano ispra\u0107en 43. HRVCON u operaciju KFOR u Republiku Kosovo\" data-description=\"U vojarni 'Pukovnik Predrag Matanovi\u0107' u Petrinji, u utorak 20. svibnja 2025. godine sve\u010dano je ispra\u0107en 43. hrvatski kontingent (HRVCON) u operaciju potpore miru KFOR (Kosovo Force) u Republiku Kosovo | Foto: MORH\/ F. Klen\" alt=\"Sve\u010dano ispra\u0107en 43. HRVCON u operaciju KFOR u Republiku Kosovo\" src=\"https:\/\/live.staticflickr.com\/65535\/54533123469_8fcd8c4683_h.jpg\" data-layer=\"&lt;div class=&#039;morh-gallery-image-download&#039;&gt;&lt;a href=&#039;https:\/\/live.staticflickr.com\/65535\/54533123469_d605afd098_o.jpg&#039; target=&#039;_blank&#039;&gt;Slika za preuzimanje&lt;\/a&gt;&lt;\/div&gt;\" \/><\/a><a href=\"https:\/\/live.staticflickr.com\/65535\/54533123654_a82620b205_h.jpg\" title=\"Sve\u010dano ispra\u0107en 43. HRVCON u operaciju KFOR u Republiku Kosovo\"><img decoding=\"async\" data-title=\"Sve\u010dano ispra\u0107en 43. HRVCON u operaciju KFOR u Republiku Kosovo\" data-description=\"U vojarni 'Pukovnik Predrag Matanovi\u0107' u Petrinji, u utorak 20. svibnja 2025. godine sve\u010dano je ispra\u0107en 43. hrvatski kontingent (HRVCON) u operaciju potpore miru KFOR (Kosovo Force) u Republiku Kosovo | Foto: MORH\/ F. Klen\" alt=\"Sve\u010dano ispra\u0107en 43. HRVCON u operaciju KFOR u Republiku Kosovo\" src=\"https:\/\/live.staticflickr.com\/65535\/54533123654_a82620b205_h.jpg\" data-layer=\"&lt;div class=&#039;morh-gallery-image-download&#039;&gt;&lt;a href=&#039;https:\/\/live.staticflickr.com\/65535\/54533123654_1d59ae985e_o.jpg&#039; target=&#039;_blank&#039;&gt;Slika za preuzimanje&lt;\/a&gt;&lt;\/div&gt;\" \/><\/a><\/div><!--\/.morh-galleria -->\n","protected":false},"excerpt":{"rendered":"<p>In operations around the world, our female and male soldiers are recognized as top professionals, who understand others and are ready to help, State Secretary Matanovi\u0107 emphasized<\/p>\n","protected":false},"author":4699,"featured_media":254956,"comment_status":"closed","ping_status":"closed","sticky":false,"template":"","format":"standard","meta":{"_acf_changed":false,"_monsterinsights_skip_tracking":false,"_monsterinsights_sitenote_active":false,"_monsterinsights_sitenote_note":"","_monsterinsights_sitenote_category":0,"footnotes":""},"categories":[117],"tags":[],"class_list":["post-257768","post","type-post","status-publish","format-standard","has-post-thumbnail","hentry","category-press-releases"],"acf":[],"yoast_head":"<!-- This site is optimized with the Yoast SEO plugin v26.9 - https:\/\/yoast.com\/product\/yoast-seo-wordpress\/ -->\n<title>Ceremonial seeing off of the 43rd HRVCON deploying to KFOR operation in the Republic of Kosovo - MORH<\/title>\n<meta name=\"description\" content=\"In operations around the world, our female and male soldiers are recognized as top professionals, who understand others and are ready to help, State Secretary Matanovi\u0107 emphasized\" \/>\n<meta name=\"robots\" content=\"index, follow, max-snippet:-1, max-image-preview:large, max-video-preview:-1\" \/>\n<link rel=\"canonical\" href=\"https:\/\/www.morh.hr\/en\/ceremonial-seeing-off-of-the-43rd-hrvcon-deploying-to-kfor-operation-in-the-republic-of-kosovo\/\" \/>\n<meta property=\"og:locale\" content=\"en_US\" \/>\n<meta property=\"og:type\" content=\"article\" \/>\n<meta property=\"og:title\" content=\"Ceremonial seeing off of the 43rd HRVCON deploying to KFOR operation in the Republic of Kosovo - MORH\" \/>\n<meta property=\"og:description\" content=\"In operations around the world, our female and male soldiers are recognized as top professionals, who understand others and are ready to help, State Secretary Matanovi\u0107 emphasized\" \/>\n<meta property=\"og:url\" content=\"https:\/\/www.morh.hr\/en\/ceremonial-seeing-off-of-the-43rd-hrvcon-deploying-to-kfor-operation-in-the-republic-of-kosovo\/\" \/>\n<meta property=\"og:site_name\" content=\"MORH\" \/>\n<meta property=\"article:publisher\" content=\"https:\/\/www.facebook.com\/sportasiuhrvatskojvojsci\/\" \/>\n<meta property=\"article:published_time\" content=\"2025-05-20T10:59:12+00:00\" \/>\n<meta property=\"article:modified_time\" content=\"2025-07-28T11:02:05+00:00\" \/>\n<meta property=\"og:image\" content=\"https:\/\/www.morh.hr\/wp-content\/uploads\/2025\/05\/2025-05-20-kfor-ispracaj-.jpg\" \/>\n\t<meta property=\"og:image:width\" content=\"2400\" \/>\n\t<meta property=\"og:image:height\" content=\"1597\" \/>\n\t<meta property=\"og:image:type\" content=\"image\/jpeg\" \/>\n<meta name=\"author\" content=\"Mladen\" \/>\n<meta name=\"twitter:card\" content=\"summary_large_image\" \/>\n<meta name=\"twitter:creator\" content=\"@morh_osrh\" \/>\n<meta name=\"twitter:site\" content=\"@morh_osrh\" \/>\n<meta name=\"twitter:label1\" content=\"Written by\" \/>\n\t<meta name=\"twitter:data1\" content=\"Mladen\" \/>\n\t<meta name=\"twitter:label2\" content=\"Est. reading time\" \/>\n\t<meta name=\"twitter:data2\" content=\"4 minutes\" \/>\n<script type=\"application\/ld+json\" class=\"yoast-schema-graph\">{\"@context\":\"https:\/\/schema.org\",\"@graph\":[{\"@type\":\"Article\",\"@id\":\"https:\/\/www.morh.hr\/en\/ceremonial-seeing-off-of-the-43rd-hrvcon-deploying-to-kfor-operation-in-the-republic-of-kosovo\/#article\",\"isPartOf\":{\"@id\":\"https:\/\/www.morh.hr\/en\/ceremonial-seeing-off-of-the-43rd-hrvcon-deploying-to-kfor-operation-in-the-republic-of-kosovo\/\"},\"author\":{\"name\":\"Mladen\",\"@id\":\"https:\/\/www.morh.hr\/en\/#\/schema\/person\/ec8e2528a579067d8bda0ae2124ac768\"},\"headline\":\"Ceremonial seeing off of the 43rd HRVCON deploying to KFOR operation in the Republic of Kosovo\",\"datePublished\":\"2025-05-20T10:59:12+00:00\",\"dateModified\":\"2025-07-28T11:02:05+00:00\",\"mainEntityOfPage\":{\"@id\":\"https:\/\/www.morh.hr\/en\/ceremonial-seeing-off-of-the-43rd-hrvcon-deploying-to-kfor-operation-in-the-republic-of-kosovo\/\"},\"wordCount\":588,\"image\":{\"@id\":\"https:\/\/www.morh.hr\/en\/ceremonial-seeing-off-of-the-43rd-hrvcon-deploying-to-kfor-operation-in-the-republic-of-kosovo\/#primaryimage\"},\"thumbnailUrl\":\"https:\/\/www.morh.hr\/wp-content\/uploads\/2025\/05\/2025-05-20-kfor-ispracaj-.jpg\",\"articleSection\":[\"Press releases\"],\"inLanguage\":\"en-US\"},{\"@type\":\"WebPage\",\"@id\":\"https:\/\/www.morh.hr\/en\/ceremonial-seeing-off-of-the-43rd-hrvcon-deploying-to-kfor-operation-in-the-republic-of-kosovo\/\",\"url\":\"https:\/\/www.morh.hr\/en\/ceremonial-seeing-off-of-the-43rd-hrvcon-deploying-to-kfor-operation-in-the-republic-of-kosovo\/\",\"name\":\"Ceremonial seeing off of the 43rd HRVCON deploying to KFOR operation in the Republic of Kosovo - MORH\",\"isPartOf\":{\"@id\":\"https:\/\/www.morh.hr\/en\/#website\"},\"primaryImageOfPage\":{\"@id\":\"https:\/\/www.morh.hr\/en\/ceremonial-seeing-off-of-the-43rd-hrvcon-deploying-to-kfor-operation-in-the-republic-of-kosovo\/#primaryimage\"},\"image\":{\"@id\":\"https:\/\/www.morh.hr\/en\/ceremonial-seeing-off-of-the-43rd-hrvcon-deploying-to-kfor-operation-in-the-republic-of-kosovo\/#primaryimage\"},\"thumbnailUrl\":\"https:\/\/www.morh.hr\/wp-content\/uploads\/2025\/05\/2025-05-20-kfor-ispracaj-.jpg\",\"datePublished\":\"2025-05-20T10:59:12+00:00\",\"dateModified\":\"2025-07-28T11:02:05+00:00\",\"author\":{\"@id\":\"https:\/\/www.morh.hr\/en\/#\/schema\/person\/ec8e2528a579067d8bda0ae2124ac768\"},\"description\":\"In operations around the world, our female and male soldiers are recognized as top professionals, who understand others and are ready to help, State Secretary Matanovi\u0107 emphasized\",\"breadcrumb\":{\"@id\":\"https:\/\/www.morh.hr\/en\/ceremonial-seeing-off-of-the-43rd-hrvcon-deploying-to-kfor-operation-in-the-republic-of-kosovo\/#breadcrumb\"},\"inLanguage\":\"en-US\",\"potentialAction\":[{\"@type\":\"ReadAction\",\"target\":[\"https:\/\/www.morh.hr\/en\/ceremonial-seeing-off-of-the-43rd-hrvcon-deploying-to-kfor-operation-in-the-republic-of-kosovo\/\"]}]},{\"@type\":\"ImageObject\",\"inLanguage\":\"en-US\",\"@id\":\"https:\/\/www.morh.hr\/en\/ceremonial-seeing-off-of-the-43rd-hrvcon-deploying-to-kfor-operation-in-the-republic-of-kosovo\/#primaryimage\",\"url\":\"https:\/\/www.morh.hr\/wp-content\/uploads\/2025\/05\/2025-05-20-kfor-ispracaj-.jpg\",\"contentUrl\":\"https:\/\/www.morh.hr\/wp-content\/uploads\/2025\/05\/2025-05-20-kfor-ispracaj-.jpg\",\"width\":2400,\"height\":1597,\"caption\":\"| Foto: MORH\/ F. Klen\"},{\"@type\":\"BreadcrumbList\",\"@id\":\"https:\/\/www.morh.hr\/en\/ceremonial-seeing-off-of-the-43rd-hrvcon-deploying-to-kfor-operation-in-the-republic-of-kosovo\/#breadcrumb\",\"itemListElement\":[{\"@type\":\"ListItem\",\"position\":1,\"name\":\"Naslovnica\",\"item\":\"https:\/\/www.morh.hr\/en\/\"},{\"@type\":\"ListItem\",\"position\":2,\"name\":\"News\",\"item\":\"https:\/\/www.morh.hr\/en\/kategorija\/news\/\"},{\"@type\":\"ListItem\",\"position\":3,\"name\":\"Press releases\",\"item\":\"https:\/\/www.morh.hr\/en\/kategorija\/news\/press-releases\/\"},{\"@type\":\"ListItem\",\"position\":4,\"name\":\"Ceremonial seeing off of the 43rd HRVCON deploying to KFOR operation in the Republic of Kosovo\"}]},{\"@type\":\"WebSite\",\"@id\":\"https:\/\/www.morh.hr\/en\/#website\",\"url\":\"https:\/\/www.morh.hr\/en\/\",\"name\":\"MORH\",\"description\":\"Ministarstvo obrane Republike Hrvatske - slu\u017ebene stranice\",\"potentialAction\":[{\"@type\":\"SearchAction\",\"target\":{\"@type\":\"EntryPoint\",\"urlTemplate\":\"https:\/\/www.morh.hr\/en\/?s={search_term_string}\"},\"query-input\":{\"@type\":\"PropertyValueSpecification\",\"valueRequired\":true,\"valueName\":\"search_term_string\"}}],\"inLanguage\":\"en-US\"},{\"@type\":\"Person\",\"@id\":\"https:\/\/www.morh.hr\/en\/#\/schema\/person\/ec8e2528a579067d8bda0ae2124ac768\",\"name\":\"Mladen\",\"image\":{\"@type\":\"ImageObject\",\"inLanguage\":\"en-US\",\"@id\":\"https:\/\/www.morh.hr\/en\/#\/schema\/person\/image\/\",\"url\":\"https:\/\/secure.gravatar.com\/avatar\/3d5ea7ca0d0a523cf2ec98548db52f920a5f6bbfd2c1aa63d237c2f445528cf7?s=96&d=mm&r=g\",\"contentUrl\":\"https:\/\/secure.gravatar.com\/avatar\/3d5ea7ca0d0a523cf2ec98548db52f920a5f6bbfd2c1aa63d237c2f445528cf7?s=96&d=mm&r=g\",\"caption\":\"Mladen\"}}]}<\/script>\n<!-- \/ Yoast SEO plugin. -->","yoast_head_json":{"title":"Ceremonial seeing off of the 43rd HRVCON deploying to KFOR operation in the Republic of Kosovo - MORH","description":"In operations around the world, our female and male soldiers are recognized as top professionals, who understand others and are ready to help, State Secretary Matanovi\u0107 emphasized","robots":{"index":"index","follow":"follow","max-snippet":"max-snippet:-1","max-image-preview":"max-image-preview:large","max-video-preview":"max-video-preview:-1"},"canonical":"https:\/\/www.morh.hr\/en\/ceremonial-seeing-off-of-the-43rd-hrvcon-deploying-to-kfor-operation-in-the-republic-of-kosovo\/","og_locale":"en_US","og_type":"article","og_title":"Ceremonial seeing off of the 43rd HRVCON deploying to KFOR operation in the Republic of Kosovo - MORH","og_description":"In operations around the world, our female and male soldiers are recognized as top professionals, who understand others and are ready to help, State Secretary Matanovi\u0107 emphasized","og_url":"https:\/\/www.morh.hr\/en\/ceremonial-seeing-off-of-the-43rd-hrvcon-deploying-to-kfor-operation-in-the-republic-of-kosovo\/","og_site_name":"MORH","article_publisher":"https:\/\/www.facebook.com\/sportasiuhrvatskojvojsci\/","article_published_time":"2025-05-20T10:59:12+00:00","article_modified_time":"2025-07-28T11:02:05+00:00","og_image":[{"width":2400,"height":1597,"url":"https:\/\/www.morh.hr\/wp-content\/uploads\/2025\/05\/2025-05-20-kfor-ispracaj-.jpg","type":"image\/jpeg"}],"author":"Mladen","twitter_card":"summary_large_image","twitter_creator":"@morh_osrh","twitter_site":"@morh_osrh","twitter_misc":{"Written by":"Mladen","Est. reading time":"4 minutes"},"schema":{"@context":"https:\/\/schema.org","@graph":[{"@type":"Article","@id":"https:\/\/www.morh.hr\/en\/ceremonial-seeing-off-of-the-43rd-hrvcon-deploying-to-kfor-operation-in-the-republic-of-kosovo\/#article","isPartOf":{"@id":"https:\/\/www.morh.hr\/en\/ceremonial-seeing-off-of-the-43rd-hrvcon-deploying-to-kfor-operation-in-the-republic-of-kosovo\/"},"author":{"name":"Mladen","@id":"https:\/\/www.morh.hr\/en\/#\/schema\/person\/ec8e2528a579067d8bda0ae2124ac768"},"headline":"Ceremonial seeing off of the 43rd HRVCON deploying to KFOR operation in the Republic of Kosovo","datePublished":"2025-05-20T10:59:12+00:00","dateModified":"2025-07-28T11:02:05+00:00","mainEntityOfPage":{"@id":"https:\/\/www.morh.hr\/en\/ceremonial-seeing-off-of-the-43rd-hrvcon-deploying-to-kfor-operation-in-the-republic-of-kosovo\/"},"wordCount":588,"image":{"@id":"https:\/\/www.morh.hr\/en\/ceremonial-seeing-off-of-the-43rd-hrvcon-deploying-to-kfor-operation-in-the-republic-of-kosovo\/#primaryimage"},"thumbnailUrl":"https:\/\/www.morh.hr\/wp-content\/uploads\/2025\/05\/2025-05-20-kfor-ispracaj-.jpg","articleSection":["Press releases"],"inLanguage":"en-US"},{"@type":"WebPage","@id":"https:\/\/www.morh.hr\/en\/ceremonial-seeing-off-of-the-43rd-hrvcon-deploying-to-kfor-operation-in-the-republic-of-kosovo\/","url":"https:\/\/www.morh.hr\/en\/ceremonial-seeing-off-of-the-43rd-hrvcon-deploying-to-kfor-operation-in-the-republic-of-kosovo\/","name":"Ceremonial seeing off of the 43rd HRVCON deploying to KFOR operation in the Republic of Kosovo - MORH","isPartOf":{"@id":"https:\/\/www.morh.hr\/en\/#website"},"primaryImageOfPage":{"@id":"https:\/\/www.morh.hr\/en\/ceremonial-seeing-off-of-the-43rd-hrvcon-deploying-to-kfor-operation-in-the-republic-of-kosovo\/#primaryimage"},"image":{"@id":"https:\/\/www.morh.hr\/en\/ceremonial-seeing-off-of-the-43rd-hrvcon-deploying-to-kfor-operation-in-the-republic-of-kosovo\/#primaryimage"},"thumbnailUrl":"https:\/\/www.morh.hr\/wp-content\/uploads\/2025\/05\/2025-05-20-kfor-ispracaj-.jpg","datePublished":"2025-05-20T10:59:12+00:00","dateModified":"2025-07-28T11:02:05+00:00","author":{"@id":"https:\/\/www.morh.hr\/en\/#\/schema\/person\/ec8e2528a579067d8bda0ae2124ac768"},"description":"In operations around the world, our female and male soldiers are recognized as top professionals, who understand others and are ready to help, State Secretary Matanovi\u0107 emphasized","breadcrumb":{"@id":"https:\/\/www.morh.hr\/en\/ceremonial-seeing-off-of-the-43rd-hrvcon-deploying-to-kfor-operation-in-the-republic-of-kosovo\/#breadcrumb"},"inLanguage":"en-US","potentialAction":[{"@type":"ReadAction","target":["https:\/\/www.morh.hr\/en\/ceremonial-seeing-off-of-the-43rd-hrvcon-deploying-to-kfor-operation-in-the-republic-of-kosovo\/"]}]},{"@type":"ImageObject","inLanguage":"en-US","@id":"https:\/\/www.morh.hr\/en\/ceremonial-seeing-off-of-the-43rd-hrvcon-deploying-to-kfor-operation-in-the-republic-of-kosovo\/#primaryimage","url":"https:\/\/www.morh.hr\/wp-content\/uploads\/2025\/05\/2025-05-20-kfor-ispracaj-.jpg","contentUrl":"https:\/\/www.morh.hr\/wp-content\/uploads\/2025\/05\/2025-05-20-kfor-ispracaj-.jpg","width":2400,"height":1597,"caption":"| Foto: MORH\/ F. Klen"},{"@type":"BreadcrumbList","@id":"https:\/\/www.morh.hr\/en\/ceremonial-seeing-off-of-the-43rd-hrvcon-deploying-to-kfor-operation-in-the-republic-of-kosovo\/#breadcrumb","itemListElement":[{"@type":"ListItem","position":1,"name":"Naslovnica","item":"https:\/\/www.morh.hr\/en\/"},{"@type":"ListItem","position":2,"name":"News","item":"https:\/\/www.morh.hr\/en\/kategorija\/news\/"},{"@type":"ListItem","position":3,"name":"Press releases","item":"https:\/\/www.morh.hr\/en\/kategorija\/news\/press-releases\/"},{"@type":"ListItem","position":4,"name":"Ceremonial seeing off of the 43rd HRVCON deploying to KFOR operation in the Republic of Kosovo"}]},{"@type":"WebSite","@id":"https:\/\/www.morh.hr\/en\/#website","url":"https:\/\/www.morh.hr\/en\/","name":"MORH","description":"Ministarstvo obrane Republike Hrvatske - slu\u017ebene stranice","potentialAction":[{"@type":"SearchAction","target":{"@type":"EntryPoint","urlTemplate":"https:\/\/www.morh.hr\/en\/?s={search_term_string}"},"query-input":{"@type":"PropertyValueSpecification","valueRequired":true,"valueName":"search_term_string"}}],"inLanguage":"en-US"},{"@type":"Person","@id":"https:\/\/www.morh.hr\/en\/#\/schema\/person\/ec8e2528a579067d8bda0ae2124ac768","name":"Mladen","image":{"@type":"ImageObject","inLanguage":"en-US","@id":"https:\/\/www.morh.hr\/en\/#\/schema\/person\/image\/","url":"https:\/\/secure.gravatar.com\/avatar\/3d5ea7ca0d0a523cf2ec98548db52f920a5f6bbfd2c1aa63d237c2f445528cf7?s=96&d=mm&r=g","contentUrl":"https:\/\/secure.gravatar.com\/avatar\/3d5ea7ca0d0a523cf2ec98548db52f920a5f6bbfd2c1aa63d237c2f445528cf7?s=96&d=mm&r=g","caption":"Mladen"}}]}},"_links":{"self":[{"href":"https:\/\/www.morh.hr\/en\/wp-json\/wp\/v2\/posts\/257768","targetHints":{"allow":["GET"]}}],"collection":[{"href":"https:\/\/www.morh.hr\/en\/wp-json\/wp\/v2\/posts"}],"about":[{"href":"https:\/\/www.morh.hr\/en\/wp-json\/wp\/v2\/types\/post"}],"author":[{"embeddable":true,"href":"https:\/\/www.morh.hr\/en\/wp-json\/wp\/v2\/users\/4699"}],"replies":[{"embeddable":true,"href":"https:\/\/www.morh.hr\/en\/wp-json\/wp\/v2\/comments?post=257768"}],"version-history":[{"count":1,"href":"https:\/\/www.morh.hr\/en\/wp-json\/wp\/v2\/posts\/257768\/revisions"}],"predecessor-version":[{"id":257769,"href":"https:\/\/www.morh.hr\/en\/wp-json\/wp\/v2\/posts\/257768\/revisions\/257769"}],"wp:featuredmedia":[{"embeddable":true,"href":"https:\/\/www.morh.hr\/en\/wp-json\/wp\/v2\/media\/254956"}],"wp:attachment":[{"href":"https:\/\/www.morh.hr\/en\/wp-json\/wp\/v2\/media?parent=257768"}],"wp:term":[{"taxonomy":"category","embeddable":true,"href":"https:\/\/www.morh.hr\/en\/wp-json\/wp\/v2\/categories?post=257768"},{"taxonomy":"post_tag","embeddable":true,"href":"https:\/\/www.morh.hr\/en\/wp-json\/wp\/v2\/tags?post=257768"}],"curies":[{"name":"wp","href":"https:\/\/api.w.org\/{rel}","templated":true}]}}