{"id":257770,"date":"2025-05-20T13:14:20","date_gmt":"2025-05-20T11:14:20","guid":{"rendered":"https:\/\/www.morh.hr\/?p=257770"},"modified":"2025-07-28T13:16:31","modified_gmt":"2025-07-28T11:16:31","slug":"minister-anusic-in-brussels-croatia-has-expressed-interest-in-taking-a-leading-role-in-the-production-and-joint-procurement-of-small-drones","status":"publish","type":"post","link":"https:\/\/www.morh.hr\/en\/minister-anusic-in-brussels-croatia-has-expressed-interest-in-taking-a-leading-role-in-the-production-and-joint-procurement-of-small-drones\/","title":{"rendered":"Minister Anu\u0161i\u0107 in Brussels: Croatia has expressed interest in taking a leading role in the production and joint procurement of small drones"},"content":{"rendered":"<p>Deputy Prime Minister of the Republic of Croatia and Minister of Defence Ivan Anu\u0161i\u0107 participated in the meeting of the EU Foreign Affairs Council (FAC Defence) in the ministers of defence format and in the meeting of the Steering Board of the European Defence Agency (EDA), which were held today, on 20 May 2025, in Brussels, Kingdom of Belgium.<\/p>\n<p>The topics of the EU Foreign Affairs Council meeting were military assistance to Ukraine and strengthening the defence preparedness of the European Union members as part of the ReArm Europe plan. &#8220;The first topic was further assistance to Ukraine from the European Union&#8217;s level. All members are committed to continuing to assist victims of the Russian aggression. Ukraine is showing exceptional resilience and courage in this war of aggression. The second topic was discussed for the first time. It concerns the specific defence capabilities of the European Union members and strengthening of these capabilities as part of the plan to arm Europe.<\/p>\n<p>This means that the joint procurement to achieve these capabilities would be financed from ReArma instruments. In this context, Croatia initially expressed interest and highlighted one of its capabilities in which we could play a leading role in the EU, which is the production of small drones. Given the capacities and capabilities of the domestic defence industry, Croatia expressed interest and highlighted that we could take on a role in the production and joint procurement of the small drones in Europe,&#8221; Minister Anu\u0161i\u0107 said. He explained that there are several domestic defence companies that have the ability to produce small drones. The drones would be produced in Croatian companies and would be made entirely from components from the area of Croatia and Europe.<\/p>\n<p>&#8220;As early as this year Croatian companies could produce half a million small drones. This figure, if Croatia is in a position to play a leading role in that segment, could increase,&#8221; Minister Anu\u0161i\u0107 said.<\/p>\n<p>Drones, namely, are among the projects that could be designated as projects of common interest and whose joint procurement could be financed as part of the ReArm plan.<\/p>\n<p>Joint acquisitions as part of the plan to arm Europe will be encouraged as a form of achieving key defence capabilities of the EU members.<\/p>\n<p>Within this topic, Minister Anu\u0161i\u0107 emphasized that the implementation of the White Paper and the ReArm Plan must be ambitious, fast and pragmatic. Croatia is aware that increased national defence spending is a key element of all efforts. This year, Croatia reached two percent of GDP in defence spending, with plans to further increase it to two and a half percent of GDP by 2027 and three percent by 2030.<\/p>\n<div class=\"morh-galleria\"><a href=\"https:\/\/live.staticflickr.com\/65535\/54533215038_8b08e0e1c3_h.jpg\" title=\"Ministar Anu\u0161i\u0107 u Bruxellesu: Hrvatska je iskazala interes za preuzimanje vode\u0107e uloge u proizvodnji i zajedni\u010dkoj nabavi malih dronova\"><img decoding=\"async\" data-title=\"Ministar Anu\u0161i\u0107 u Bruxellesu: Hrvatska je iskazala interes za preuzimanje vode\u0107e uloge u proizvodnji i zajedni\u010dkoj nabavi malih dronova\" data-description=\"Potpredsjednik Vlade Republike Hrvatske i ministar obrane Ivan Anu\u0161i\u0107 sudjelovao je na sastanku Vije\u0107a za vanjske poslove EU-a (FAC Defence) u formatu ministara obrane te na sastanku Upravlja\u010dkog odbora Europske obrambene agencije (EDA), koji su odr\u017eani danas, 20. svibnja 2025. godine, u Bruxellesu u Kraljevini Belgiji | Foto: EU\" alt=\"Ministar Anu\u0161i\u0107 u Bruxellesu: Hrvatska je iskazala interes za preuzimanje vode\u0107e uloge u proizvodnji i zajedni\u010dkoj nabavi malih dronova\" src=\"https:\/\/live.staticflickr.com\/65535\/54533215038_8b08e0e1c3_h.jpg\" data-layer=\"&lt;div class=&#039;morh-gallery-image-download&#039;&gt;&lt;a href=&#039;https:\/\/live.staticflickr.com\/65535\/54533215038_2da34d7887_o.jpg&#039; target=&#039;_blank&#039;&gt;Slika za preuzimanje&lt;\/a&gt;&lt;\/div&gt;\" \/><\/a><a href=\"https:\/\/live.staticflickr.com\/65535\/54532983126_aa62feec23_h.jpg\" title=\"Ministar Anu\u0161i\u0107 u Bruxellesu: Hrvatska je iskazala interes za preuzimanje vode\u0107e uloge u proizvodnji i zajedni\u010dkoj nabavi malih dronova\"><img decoding=\"async\" data-title=\"Ministar Anu\u0161i\u0107 u Bruxellesu: Hrvatska je iskazala interes za preuzimanje vode\u0107e uloge u proizvodnji i zajedni\u010dkoj nabavi malih dronova\" data-description=\"Potpredsjednik Vlade Republike Hrvatske i ministar obrane Ivan Anu\u0161i\u0107 sudjelovao je na sastanku Vije\u0107a za vanjske poslove EU-a (FAC Defence) u formatu ministara obrane te na sastanku Upravlja\u010dkog odbora Europske obrambene agencije (EDA), koji su odr\u017eani danas, 20. svibnja 2025. godine, u Bruxellesu u Kraljevini Belgiji | Foto: EU\" alt=\"Ministar Anu\u0161i\u0107 u Bruxellesu: Hrvatska je iskazala interes za preuzimanje vode\u0107e uloge u proizvodnji i zajedni\u010dkoj nabavi malih dronova\" src=\"https:\/\/live.staticflickr.com\/65535\/54532983126_aa62feec23_h.jpg\" data-layer=\"&lt;div class=&#039;morh-gallery-image-download&#039;&gt;&lt;a href=&#039;https:\/\/live.staticflickr.com\/65535\/54532983126_411c01cdf5_o.jpg&#039; target=&#039;_blank&#039;&gt;Slika za preuzimanje&lt;\/a&gt;&lt;\/div&gt;\" \/><\/a><a href=\"https:\/\/live.staticflickr.com\/65535\/54533163869_9d0923c76e_h.jpg\" title=\"Ministar Anu\u0161i\u0107 u Bruxellesu: Hrvatska je iskazala interes za preuzimanje vode\u0107e uloge u proizvodnji i zajedni\u010dkoj nabavi malih dronova\"><img decoding=\"async\" data-title=\"Ministar Anu\u0161i\u0107 u Bruxellesu: Hrvatska je iskazala interes za preuzimanje vode\u0107e uloge u proizvodnji i zajedni\u010dkoj nabavi malih dronova\" data-description=\"Potpredsjednik Vlade Republike Hrvatske i ministar obrane Ivan Anu\u0161i\u0107 sudjelovao je na sastanku Vije\u0107a za vanjske poslove EU-a (FAC Defence) u formatu ministara obrane te na sastanku Upravlja\u010dkog odbora Europske obrambene agencije (EDA), koji su odr\u017eani danas, 20. svibnja 2025. godine, u Bruxellesu u Kraljevini Belgiji | Foto: EU\" alt=\"Ministar Anu\u0161i\u0107 u Bruxellesu: Hrvatska je iskazala interes za preuzimanje vode\u0107e uloge u proizvodnji i zajedni\u010dkoj nabavi malih dronova\" src=\"https:\/\/live.staticflickr.com\/65535\/54533163869_9d0923c76e_h.jpg\" data-layer=\"&lt;div class=&#039;morh-gallery-image-download&#039;&gt;&lt;a href=&#039;https:\/\/live.staticflickr.com\/65535\/54533163869_6b9b2e7a24_o.jpg&#039; target=&#039;_blank&#039;&gt;Slika za preuzimanje&lt;\/a&gt;&lt;\/div&gt;\" \/><\/a><a href=\"https:\/\/live.staticflickr.com\/65535\/54532096272_7042a50611_h.jpg\" title=\"Ministar Anu\u0161i\u0107 u Bruxellesu: Hrvatska je iskazala interes za preuzimanje vode\u0107e uloge u proizvodnji i zajedni\u010dkoj nabavi malih dronova\"><img decoding=\"async\" data-title=\"Ministar Anu\u0161i\u0107 u Bruxellesu: Hrvatska je iskazala interes za preuzimanje vode\u0107e uloge u proizvodnji i zajedni\u010dkoj nabavi malih dronova\" data-description=\"Potpredsjednik Vlade Republike Hrvatske i ministar obrane Ivan Anu\u0161i\u0107 sudjelovao je na sastanku Vije\u0107a za vanjske poslove EU-a (FAC Defence) u formatu ministara obrane te na sastanku Upravlja\u010dkog odbora Europske obrambene agencije (EDA), koji su odr\u017eani danas, 20. svibnja 2025. godine, u Bruxellesu u Kraljevini Belgiji | Foto: EU\" alt=\"Ministar Anu\u0161i\u0107 u Bruxellesu: Hrvatska je iskazala interes za preuzimanje vode\u0107e uloge u proizvodnji i zajedni\u010dkoj nabavi malih dronova\" src=\"https:\/\/live.staticflickr.com\/65535\/54532096272_7042a50611_h.jpg\" data-layer=\"&lt;div class=&#039;morh-gallery-image-download&#039;&gt;&lt;a href=&#039;https:\/\/live.staticflickr.com\/65535\/54532096272_8713a139ec_o.jpg&#039; target=&#039;_blank&#039;&gt;Slika za preuzimanje&lt;\/a&gt;&lt;\/div&gt;\" \/><\/a><a href=\"https:\/\/live.staticflickr.com\/65535\/54533325175_6b6223740a_h.jpg\" title=\"Ministar Anu\u0161i\u0107 u Bruxellesu: Hrvatska je iskazala interes za preuzimanje vode\u0107e uloge u proizvodnji i zajedni\u010dkoj nabavi malih dronova\"><img decoding=\"async\" data-title=\"Ministar Anu\u0161i\u0107 u Bruxellesu: Hrvatska je iskazala interes za preuzimanje vode\u0107e uloge u proizvodnji i zajedni\u010dkoj nabavi malih dronova\" data-description=\"Potpredsjednik Vlade Republike Hrvatske i ministar obrane Ivan Anu\u0161i\u0107 sudjelovao je na sastanku Vije\u0107a za vanjske poslove EU-a (FAC Defence) u formatu ministara obrane te na sastanku Upravlja\u010dkog odbora Europske obrambene agencije (EDA), koji su odr\u017eani danas, 20. svibnja 2025. godine, u Bruxellesu u Kraljevini Belgiji | Foto: EU\" alt=\"Ministar Anu\u0161i\u0107 u Bruxellesu: Hrvatska je iskazala interes za preuzimanje vode\u0107e uloge u proizvodnji i zajedni\u010dkoj nabavi malih dronova\" src=\"https:\/\/live.staticflickr.com\/65535\/54533325175_6b6223740a_h.jpg\" data-layer=\"&lt;div class=&#039;morh-gallery-image-download&#039;&gt;&lt;a href=&#039;https:\/\/live.staticflickr.com\/65535\/54533325175_ab4ce6f45b_o.jpg&#039; target=&#039;_blank&#039;&gt;Slika za preuzimanje&lt;\/a&gt;&lt;\/div&gt;\" \/><\/a><a href=\"https:\/\/live.staticflickr.com\/65535\/54533325575_529dd6bbae_h.jpg\" title=\"Ministar Anu\u0161i\u0107 u Bruxellesu: Hrvatska je iskazala interes za preuzimanje vode\u0107e uloge u proizvodnji i zajedni\u010dkoj nabavi malih dronova\"><img decoding=\"async\" data-title=\"Ministar Anu\u0161i\u0107 u Bruxellesu: Hrvatska je iskazala interes za preuzimanje vode\u0107e uloge u proizvodnji i zajedni\u010dkoj nabavi malih dronova\" data-description=\"Potpredsjednik Vlade Republike Hrvatske i ministar obrane Ivan Anu\u0161i\u0107 sudjelovao je na sastanku Vije\u0107a za vanjske poslove EU-a (FAC Defence) u formatu ministara obrane te na sastanku Upravlja\u010dkog odbora Europske obrambene agencije (EDA), koji su odr\u017eani danas, 20. svibnja 2025. godine, u Bruxellesu u Kraljevini Belgiji | Foto: EU\" alt=\"Ministar Anu\u0161i\u0107 u Bruxellesu: Hrvatska je iskazala interes za preuzimanje vode\u0107e uloge u proizvodnji i zajedni\u010dkoj nabavi malih dronova\" src=\"https:\/\/live.staticflickr.com\/65535\/54533325575_529dd6bbae_h.jpg\" data-layer=\"&lt;div class=&#039;morh-gallery-image-download&#039;&gt;&lt;a href=&#039;https:\/\/live.staticflickr.com\/65535\/54533325575_58120b4f1d_o.jpg&#039; target=&#039;_blank&#039;&gt;Slika za preuzimanje&lt;\/a&gt;&lt;\/div&gt;\" \/><\/a><a href=\"https:\/\/live.staticflickr.com\/65535\/54533164229_e37f3cea69_h.jpg\" title=\"Ministar Anu\u0161i\u0107 u Bruxellesu: Hrvatska je iskazala interes za preuzimanje vode\u0107e uloge u proizvodnji i zajedni\u010dkoj nabavi malih dronova\"><img decoding=\"async\" data-title=\"Ministar Anu\u0161i\u0107 u Bruxellesu: Hrvatska je iskazala interes za preuzimanje vode\u0107e uloge u proizvodnji i zajedni\u010dkoj nabavi malih dronova\" data-description=\"Potpredsjednik Vlade Republike Hrvatske i ministar obrane Ivan Anu\u0161i\u0107 sudjelovao je na sastanku Vije\u0107a za vanjske poslove EU-a (FAC Defence) u formatu ministara obrane te na sastanku Upravlja\u010dkog odbora Europske obrambene agencije (EDA), koji su odr\u017eani danas, 20. svibnja 2025. godine, u Bruxellesu u Kraljevini Belgiji | Foto: EU\" alt=\"Ministar Anu\u0161i\u0107 u Bruxellesu: Hrvatska je iskazala interes za preuzimanje vode\u0107e uloge u proizvodnji i zajedni\u010dkoj nabavi malih dronova\" src=\"https:\/\/live.staticflickr.com\/65535\/54533164229_e37f3cea69_h.jpg\" data-layer=\"&lt;div class=&#039;morh-gallery-image-download&#039;&gt;&lt;a href=&#039;https:\/\/live.staticflickr.com\/65535\/54533164229_802831ac68_o.jpg&#039; target=&#039;_blank&#039;&gt;Slika za preuzimanje&lt;\/a&gt;&lt;\/div&gt;\" \/><\/a><a href=\"https:\/\/live.staticflickr.com\/65535\/54532983546_adc76d61b4_h.jpg\" title=\"Ministar Anu\u0161i\u0107 u Bruxellesu: Hrvatska je iskazala interes za preuzimanje vode\u0107e uloge u proizvodnji i zajedni\u010dkoj nabavi malih dronova\"><img decoding=\"async\" data-title=\"Ministar Anu\u0161i\u0107 u Bruxellesu: Hrvatska je iskazala interes za preuzimanje vode\u0107e uloge u proizvodnji i zajedni\u010dkoj nabavi malih dronova\" data-description=\"Potpredsjednik Vlade Republike Hrvatske i ministar obrane Ivan Anu\u0161i\u0107 sudjelovao je na sastanku Vije\u0107a za vanjske poslove EU-a (FAC Defence) u formatu ministara obrane te na sastanku Upravlja\u010dkog odbora Europske obrambene agencije (EDA), koji su odr\u017eani danas, 20. svibnja 2025. godine, u Bruxellesu u Kraljevini Belgiji | Foto: EU\" alt=\"Ministar Anu\u0161i\u0107 u Bruxellesu: Hrvatska je iskazala interes za preuzimanje vode\u0107e uloge u proizvodnji i zajedni\u010dkoj nabavi malih dronova\" src=\"https:\/\/live.staticflickr.com\/65535\/54532983546_adc76d61b4_h.jpg\" data-layer=\"&lt;div class=&#039;morh-gallery-image-download&#039;&gt;&lt;a href=&#039;https:\/\/live.staticflickr.com\/65535\/54532983546_82ccfeaa34_o.jpg&#039; target=&#039;_blank&#039;&gt;Slika za preuzimanje&lt;\/a&gt;&lt;\/div&gt;\" \/><\/a><\/div><!--\/.morh-galleria -->\n","protected":false},"excerpt":{"rendered":"<p>Strengthening the defence readiness of the EU members under the ReArm plan<\/p>\n","protected":false},"author":4699,"featured_media":254928,"comment_status":"closed","ping_status":"closed","sticky":false,"template":"","format":"standard","meta":{"_acf_changed":false,"_monsterinsights_skip_tracking":false,"_monsterinsights_sitenote_active":false,"_monsterinsights_sitenote_note":"","_monsterinsights_sitenote_category":0,"footnotes":""},"categories":[117],"tags":[],"class_list":["post-257770","post","type-post","status-publish","format-standard","has-post-thumbnail","hentry","category-press-releases"],"acf":[],"yoast_head":"<!-- This site is optimized with the Yoast SEO plugin v26.9 - https:\/\/yoast.com\/product\/yoast-seo-wordpress\/ -->\n<title>Minister Anu\u0161i\u0107 in Brussels: Croatia has expressed interest in taking a leading role in the production and joint procurement of small drones - MORH<\/title>\n<meta name=\"description\" content=\"Strengthening the defence readiness of the EU members under the ReArm plan\" \/>\n<meta name=\"robots\" content=\"index, follow, max-snippet:-1, max-image-preview:large, max-video-preview:-1\" \/>\n<link rel=\"canonical\" href=\"https:\/\/www.morh.hr\/en\/minister-anusic-in-brussels-croatia-has-expressed-interest-in-taking-a-leading-role-in-the-production-and-joint-procurement-of-small-drones\/\" \/>\n<meta property=\"og:locale\" content=\"en_US\" \/>\n<meta property=\"og:type\" content=\"article\" \/>\n<meta property=\"og:title\" content=\"Minister Anu\u0161i\u0107 in Brussels: Croatia has expressed interest in taking a leading role in the production and joint procurement of small drones - MORH\" \/>\n<meta property=\"og:description\" content=\"Strengthening the defence readiness of the EU members under the ReArm plan\" \/>\n<meta property=\"og:url\" content=\"https:\/\/www.morh.hr\/en\/minister-anusic-in-brussels-croatia-has-expressed-interest-in-taking-a-leading-role-in-the-production-and-joint-procurement-of-small-drones\/\" \/>\n<meta property=\"og:site_name\" content=\"MORH\" \/>\n<meta property=\"article:publisher\" content=\"https:\/\/www.facebook.com\/sportasiuhrvatskojvojsci\/\" \/>\n<meta property=\"article:published_time\" content=\"2025-05-20T11:14:20+00:00\" \/>\n<meta property=\"article:modified_time\" content=\"2025-07-28T11:16:31+00:00\" \/>\n<meta property=\"og:image\" content=\"https:\/\/www.morh.hr\/wp-content\/uploads\/2025\/05\/2025-05-20-bruxelles.jpg\" \/>\n\t<meta property=\"og:image:width\" content=\"2400\" \/>\n\t<meta property=\"og:image:height\" content=\"1600\" \/>\n\t<meta property=\"og:image:type\" content=\"image\/jpeg\" \/>\n<meta name=\"author\" content=\"Mladen\" \/>\n<meta name=\"twitter:card\" content=\"summary_large_image\" \/>\n<meta name=\"twitter:creator\" content=\"@morh_osrh\" \/>\n<meta name=\"twitter:site\" content=\"@morh_osrh\" \/>\n<meta name=\"twitter:label1\" content=\"Written by\" \/>\n\t<meta name=\"twitter:data1\" content=\"Mladen\" \/>\n\t<meta name=\"twitter:label2\" content=\"Est. reading time\" \/>\n\t<meta name=\"twitter:data2\" content=\"3 minutes\" \/>\n<script type=\"application\/ld+json\" class=\"yoast-schema-graph\">{\"@context\":\"https:\/\/schema.org\",\"@graph\":[{\"@type\":\"Article\",\"@id\":\"https:\/\/www.morh.hr\/en\/minister-anusic-in-brussels-croatia-has-expressed-interest-in-taking-a-leading-role-in-the-production-and-joint-procurement-of-small-drones\/#article\",\"isPartOf\":{\"@id\":\"https:\/\/www.morh.hr\/en\/minister-anusic-in-brussels-croatia-has-expressed-interest-in-taking-a-leading-role-in-the-production-and-joint-procurement-of-small-drones\/\"},\"author\":{\"name\":\"Mladen\",\"@id\":\"https:\/\/www.morh.hr\/en\/#\/schema\/person\/ec8e2528a579067d8bda0ae2124ac768\"},\"headline\":\"Minister Anu\u0161i\u0107 in Brussels: Croatia has expressed interest in taking a leading role in the production and joint procurement of small drones\",\"datePublished\":\"2025-05-20T11:14:20+00:00\",\"dateModified\":\"2025-07-28T11:16:31+00:00\",\"mainEntityOfPage\":{\"@id\":\"https:\/\/www.morh.hr\/en\/minister-anusic-in-brussels-croatia-has-expressed-interest-in-taking-a-leading-role-in-the-production-and-joint-procurement-of-small-drones\/\"},\"wordCount\":472,\"image\":{\"@id\":\"https:\/\/www.morh.hr\/en\/minister-anusic-in-brussels-croatia-has-expressed-interest-in-taking-a-leading-role-in-the-production-and-joint-procurement-of-small-drones\/#primaryimage\"},\"thumbnailUrl\":\"https:\/\/www.morh.hr\/wp-content\/uploads\/2025\/05\/2025-05-20-bruxelles.jpg\",\"articleSection\":[\"Press releases\"],\"inLanguage\":\"en-US\"},{\"@type\":\"WebPage\",\"@id\":\"https:\/\/www.morh.hr\/en\/minister-anusic-in-brussels-croatia-has-expressed-interest-in-taking-a-leading-role-in-the-production-and-joint-procurement-of-small-drones\/\",\"url\":\"https:\/\/www.morh.hr\/en\/minister-anusic-in-brussels-croatia-has-expressed-interest-in-taking-a-leading-role-in-the-production-and-joint-procurement-of-small-drones\/\",\"name\":\"Minister Anu\u0161i\u0107 in Brussels: Croatia has expressed interest in taking a leading role in the production and joint procurement of small drones - MORH\",\"isPartOf\":{\"@id\":\"https:\/\/www.morh.hr\/en\/#website\"},\"primaryImageOfPage\":{\"@id\":\"https:\/\/www.morh.hr\/en\/minister-anusic-in-brussels-croatia-has-expressed-interest-in-taking-a-leading-role-in-the-production-and-joint-procurement-of-small-drones\/#primaryimage\"},\"image\":{\"@id\":\"https:\/\/www.morh.hr\/en\/minister-anusic-in-brussels-croatia-has-expressed-interest-in-taking-a-leading-role-in-the-production-and-joint-procurement-of-small-drones\/#primaryimage\"},\"thumbnailUrl\":\"https:\/\/www.morh.hr\/wp-content\/uploads\/2025\/05\/2025-05-20-bruxelles.jpg\",\"datePublished\":\"2025-05-20T11:14:20+00:00\",\"dateModified\":\"2025-07-28T11:16:31+00:00\",\"author\":{\"@id\":\"https:\/\/www.morh.hr\/en\/#\/schema\/person\/ec8e2528a579067d8bda0ae2124ac768\"},\"description\":\"Strengthening the defence readiness of the EU members under the ReArm plan\",\"breadcrumb\":{\"@id\":\"https:\/\/www.morh.hr\/en\/minister-anusic-in-brussels-croatia-has-expressed-interest-in-taking-a-leading-role-in-the-production-and-joint-procurement-of-small-drones\/#breadcrumb\"},\"inLanguage\":\"en-US\",\"potentialAction\":[{\"@type\":\"ReadAction\",\"target\":[\"https:\/\/www.morh.hr\/en\/minister-anusic-in-brussels-croatia-has-expressed-interest-in-taking-a-leading-role-in-the-production-and-joint-procurement-of-small-drones\/\"]}]},{\"@type\":\"ImageObject\",\"inLanguage\":\"en-US\",\"@id\":\"https:\/\/www.morh.hr\/en\/minister-anusic-in-brussels-croatia-has-expressed-interest-in-taking-a-leading-role-in-the-production-and-joint-procurement-of-small-drones\/#primaryimage\",\"url\":\"https:\/\/www.morh.hr\/wp-content\/uploads\/2025\/05\/2025-05-20-bruxelles.jpg\",\"contentUrl\":\"https:\/\/www.morh.hr\/wp-content\/uploads\/2025\/05\/2025-05-20-bruxelles.jpg\",\"width\":2400,\"height\":1600,\"caption\":\"Ministar Anu\u0161i\u0107 u Bruxellesu: Hrvatska je iskazala interes za preuzimanje vode\u0107e uloge u proizvodnji i zajedni\u010dkoj nabavi malih dronova\"},{\"@type\":\"BreadcrumbList\",\"@id\":\"https:\/\/www.morh.hr\/en\/minister-anusic-in-brussels-croatia-has-expressed-interest-in-taking-a-leading-role-in-the-production-and-joint-procurement-of-small-drones\/#breadcrumb\",\"itemListElement\":[{\"@type\":\"ListItem\",\"position\":1,\"name\":\"Naslovnica\",\"item\":\"https:\/\/www.morh.hr\/en\/\"},{\"@type\":\"ListItem\",\"position\":2,\"name\":\"News\",\"item\":\"https:\/\/www.morh.hr\/en\/kategorija\/news\/\"},{\"@type\":\"ListItem\",\"position\":3,\"name\":\"Press releases\",\"item\":\"https:\/\/www.morh.hr\/en\/kategorija\/news\/press-releases\/\"},{\"@type\":\"ListItem\",\"position\":4,\"name\":\"Minister Anu\u0161i\u0107 in Brussels: Croatia has expressed interest in taking a leading role in the production and joint procurement of small drones\"}]},{\"@type\":\"WebSite\",\"@id\":\"https:\/\/www.morh.hr\/en\/#website\",\"url\":\"https:\/\/www.morh.hr\/en\/\",\"name\":\"MORH\",\"description\":\"Ministarstvo obrane Republike Hrvatske - slu\u017ebene stranice\",\"potentialAction\":[{\"@type\":\"SearchAction\",\"target\":{\"@type\":\"EntryPoint\",\"urlTemplate\":\"https:\/\/www.morh.hr\/en\/?s={search_term_string}\"},\"query-input\":{\"@type\":\"PropertyValueSpecification\",\"valueRequired\":true,\"valueName\":\"search_term_string\"}}],\"inLanguage\":\"en-US\"},{\"@type\":\"Person\",\"@id\":\"https:\/\/www.morh.hr\/en\/#\/schema\/person\/ec8e2528a579067d8bda0ae2124ac768\",\"name\":\"Mladen\",\"image\":{\"@type\":\"ImageObject\",\"inLanguage\":\"en-US\",\"@id\":\"https:\/\/www.morh.hr\/en\/#\/schema\/person\/image\/\",\"url\":\"https:\/\/secure.gravatar.com\/avatar\/3d5ea7ca0d0a523cf2ec98548db52f920a5f6bbfd2c1aa63d237c2f445528cf7?s=96&d=mm&r=g\",\"contentUrl\":\"https:\/\/secure.gravatar.com\/avatar\/3d5ea7ca0d0a523cf2ec98548db52f920a5f6bbfd2c1aa63d237c2f445528cf7?s=96&d=mm&r=g\",\"caption\":\"Mladen\"}}]}<\/script>\n<!-- \/ Yoast SEO plugin. -->","yoast_head_json":{"title":"Minister Anu\u0161i\u0107 in Brussels: Croatia has expressed interest in taking a leading role in the production and joint procurement of small drones - MORH","description":"Strengthening the defence readiness of the EU members under the ReArm plan","robots":{"index":"index","follow":"follow","max-snippet":"max-snippet:-1","max-image-preview":"max-image-preview:large","max-video-preview":"max-video-preview:-1"},"canonical":"https:\/\/www.morh.hr\/en\/minister-anusic-in-brussels-croatia-has-expressed-interest-in-taking-a-leading-role-in-the-production-and-joint-procurement-of-small-drones\/","og_locale":"en_US","og_type":"article","og_title":"Minister Anu\u0161i\u0107 in Brussels: Croatia has expressed interest in taking a leading role in the production and joint procurement of small drones - MORH","og_description":"Strengthening the defence readiness of the EU members under the ReArm plan","og_url":"https:\/\/www.morh.hr\/en\/minister-anusic-in-brussels-croatia-has-expressed-interest-in-taking-a-leading-role-in-the-production-and-joint-procurement-of-small-drones\/","og_site_name":"MORH","article_publisher":"https:\/\/www.facebook.com\/sportasiuhrvatskojvojsci\/","article_published_time":"2025-05-20T11:14:20+00:00","article_modified_time":"2025-07-28T11:16:31+00:00","og_image":[{"width":2400,"height":1600,"url":"https:\/\/www.morh.hr\/wp-content\/uploads\/2025\/05\/2025-05-20-bruxelles.jpg","type":"image\/jpeg"}],"author":"Mladen","twitter_card":"summary_large_image","twitter_creator":"@morh_osrh","twitter_site":"@morh_osrh","twitter_misc":{"Written by":"Mladen","Est. reading time":"3 minutes"},"schema":{"@context":"https:\/\/schema.org","@graph":[{"@type":"Article","@id":"https:\/\/www.morh.hr\/en\/minister-anusic-in-brussels-croatia-has-expressed-interest-in-taking-a-leading-role-in-the-production-and-joint-procurement-of-small-drones\/#article","isPartOf":{"@id":"https:\/\/www.morh.hr\/en\/minister-anusic-in-brussels-croatia-has-expressed-interest-in-taking-a-leading-role-in-the-production-and-joint-procurement-of-small-drones\/"},"author":{"name":"Mladen","@id":"https:\/\/www.morh.hr\/en\/#\/schema\/person\/ec8e2528a579067d8bda0ae2124ac768"},"headline":"Minister Anu\u0161i\u0107 in Brussels: Croatia has expressed interest in taking a leading role in the production and joint procurement of small drones","datePublished":"2025-05-20T11:14:20+00:00","dateModified":"2025-07-28T11:16:31+00:00","mainEntityOfPage":{"@id":"https:\/\/www.morh.hr\/en\/minister-anusic-in-brussels-croatia-has-expressed-interest-in-taking-a-leading-role-in-the-production-and-joint-procurement-of-small-drones\/"},"wordCount":472,"image":{"@id":"https:\/\/www.morh.hr\/en\/minister-anusic-in-brussels-croatia-has-expressed-interest-in-taking-a-leading-role-in-the-production-and-joint-procurement-of-small-drones\/#primaryimage"},"thumbnailUrl":"https:\/\/www.morh.hr\/wp-content\/uploads\/2025\/05\/2025-05-20-bruxelles.jpg","articleSection":["Press releases"],"inLanguage":"en-US"},{"@type":"WebPage","@id":"https:\/\/www.morh.hr\/en\/minister-anusic-in-brussels-croatia-has-expressed-interest-in-taking-a-leading-role-in-the-production-and-joint-procurement-of-small-drones\/","url":"https:\/\/www.morh.hr\/en\/minister-anusic-in-brussels-croatia-has-expressed-interest-in-taking-a-leading-role-in-the-production-and-joint-procurement-of-small-drones\/","name":"Minister Anu\u0161i\u0107 in Brussels: Croatia has expressed interest in taking a leading role in the production and joint procurement of small drones - MORH","isPartOf":{"@id":"https:\/\/www.morh.hr\/en\/#website"},"primaryImageOfPage":{"@id":"https:\/\/www.morh.hr\/en\/minister-anusic-in-brussels-croatia-has-expressed-interest-in-taking-a-leading-role-in-the-production-and-joint-procurement-of-small-drones\/#primaryimage"},"image":{"@id":"https:\/\/www.morh.hr\/en\/minister-anusic-in-brussels-croatia-has-expressed-interest-in-taking-a-leading-role-in-the-production-and-joint-procurement-of-small-drones\/#primaryimage"},"thumbnailUrl":"https:\/\/www.morh.hr\/wp-content\/uploads\/2025\/05\/2025-05-20-bruxelles.jpg","datePublished":"2025-05-20T11:14:20+00:00","dateModified":"2025-07-28T11:16:31+00:00","author":{"@id":"https:\/\/www.morh.hr\/en\/#\/schema\/person\/ec8e2528a579067d8bda0ae2124ac768"},"description":"Strengthening the defence readiness of the EU members under the ReArm plan","breadcrumb":{"@id":"https:\/\/www.morh.hr\/en\/minister-anusic-in-brussels-croatia-has-expressed-interest-in-taking-a-leading-role-in-the-production-and-joint-procurement-of-small-drones\/#breadcrumb"},"inLanguage":"en-US","potentialAction":[{"@type":"ReadAction","target":["https:\/\/www.morh.hr\/en\/minister-anusic-in-brussels-croatia-has-expressed-interest-in-taking-a-leading-role-in-the-production-and-joint-procurement-of-small-drones\/"]}]},{"@type":"ImageObject","inLanguage":"en-US","@id":"https:\/\/www.morh.hr\/en\/minister-anusic-in-brussels-croatia-has-expressed-interest-in-taking-a-leading-role-in-the-production-and-joint-procurement-of-small-drones\/#primaryimage","url":"https:\/\/www.morh.hr\/wp-content\/uploads\/2025\/05\/2025-05-20-bruxelles.jpg","contentUrl":"https:\/\/www.morh.hr\/wp-content\/uploads\/2025\/05\/2025-05-20-bruxelles.jpg","width":2400,"height":1600,"caption":"Ministar Anu\u0161i\u0107 u Bruxellesu: Hrvatska je iskazala interes za preuzimanje vode\u0107e uloge u proizvodnji i zajedni\u010dkoj nabavi malih dronova"},{"@type":"BreadcrumbList","@id":"https:\/\/www.morh.hr\/en\/minister-anusic-in-brussels-croatia-has-expressed-interest-in-taking-a-leading-role-in-the-production-and-joint-procurement-of-small-drones\/#breadcrumb","itemListElement":[{"@type":"ListItem","position":1,"name":"Naslovnica","item":"https:\/\/www.morh.hr\/en\/"},{"@type":"ListItem","position":2,"name":"News","item":"https:\/\/www.morh.hr\/en\/kategorija\/news\/"},{"@type":"ListItem","position":3,"name":"Press releases","item":"https:\/\/www.morh.hr\/en\/kategorija\/news\/press-releases\/"},{"@type":"ListItem","position":4,"name":"Minister Anu\u0161i\u0107 in Brussels: Croatia has expressed interest in taking a leading role in the production and joint procurement of small drones"}]},{"@type":"WebSite","@id":"https:\/\/www.morh.hr\/en\/#website","url":"https:\/\/www.morh.hr\/en\/","name":"MORH","description":"Ministarstvo obrane Republike Hrvatske - slu\u017ebene stranice","potentialAction":[{"@type":"SearchAction","target":{"@type":"EntryPoint","urlTemplate":"https:\/\/www.morh.hr\/en\/?s={search_term_string}"},"query-input":{"@type":"PropertyValueSpecification","valueRequired":true,"valueName":"search_term_string"}}],"inLanguage":"en-US"},{"@type":"Person","@id":"https:\/\/www.morh.hr\/en\/#\/schema\/person\/ec8e2528a579067d8bda0ae2124ac768","name":"Mladen","image":{"@type":"ImageObject","inLanguage":"en-US","@id":"https:\/\/www.morh.hr\/en\/#\/schema\/person\/image\/","url":"https:\/\/secure.gravatar.com\/avatar\/3d5ea7ca0d0a523cf2ec98548db52f920a5f6bbfd2c1aa63d237c2f445528cf7?s=96&d=mm&r=g","contentUrl":"https:\/\/secure.gravatar.com\/avatar\/3d5ea7ca0d0a523cf2ec98548db52f920a5f6bbfd2c1aa63d237c2f445528cf7?s=96&d=mm&r=g","caption":"Mladen"}}]}},"_links":{"self":[{"href":"https:\/\/www.morh.hr\/en\/wp-json\/wp\/v2\/posts\/257770","targetHints":{"allow":["GET"]}}],"collection":[{"href":"https:\/\/www.morh.hr\/en\/wp-json\/wp\/v2\/posts"}],"about":[{"href":"https:\/\/www.morh.hr\/en\/wp-json\/wp\/v2\/types\/post"}],"author":[{"embeddable":true,"href":"https:\/\/www.morh.hr\/en\/wp-json\/wp\/v2\/users\/4699"}],"replies":[{"embeddable":true,"href":"https:\/\/www.morh.hr\/en\/wp-json\/wp\/v2\/comments?post=257770"}],"version-history":[{"count":1,"href":"https:\/\/www.morh.hr\/en\/wp-json\/wp\/v2\/posts\/257770\/revisions"}],"predecessor-version":[{"id":257772,"href":"https:\/\/www.morh.hr\/en\/wp-json\/wp\/v2\/posts\/257770\/revisions\/257772"}],"wp:featuredmedia":[{"embeddable":true,"href":"https:\/\/www.morh.hr\/en\/wp-json\/wp\/v2\/media\/254928"}],"wp:attachment":[{"href":"https:\/\/www.morh.hr\/en\/wp-json\/wp\/v2\/media?parent=257770"}],"wp:term":[{"taxonomy":"category","embeddable":true,"href":"https:\/\/www.morh.hr\/en\/wp-json\/wp\/v2\/categories?post=257770"},{"taxonomy":"post_tag","embeddable":true,"href":"https:\/\/www.morh.hr\/en\/wp-json\/wp\/v2\/tags?post=257770"}],"curies":[{"name":"wp","href":"https:\/\/api.w.org\/{rel}","templated":true}]}}