{"id":257879,"date":"2025-05-23T08:45:19","date_gmt":"2025-05-23T06:45:19","guid":{"rendered":"https:\/\/www.morh.hr\/?p=257879"},"modified":"2025-07-29T08:53:34","modified_gmt":"2025-07-29T06:53:34","slug":"minister-anusic-attends-the-defence-councils-session","status":"publish","type":"post","link":"https:\/\/www.morh.hr\/en\/minister-anusic-attends-the-defence-councils-session\/","title":{"rendered":"Minister Anu\u0161i\u0107 attends the Defence Council\u2019s session"},"content":{"rendered":"<p>On Friday, 23 May 2025, Deputy Prime Minister of the Republic of Croatia and Minister of Defence Ivan Anu\u0161i\u0107 participated at the session of the Defence Council held in the Office of the President of the Republic of Croatia.<\/p>\n<p>The session discussed strategic documents in the field of defence and adopted drafts of the Defence Strategy of the Republic of Croatia and the Long-Term Development Plan of the Croatian Armed Forces for the period from the year 2025 to 2036.<\/p>\n<p>In addition to accepting the drafts of these two strategic documents in the field of defence, the Office of the President of the Republic of Croatia and the Government of the Republic of Croatia announced that conclusions were reached to refer them to the legally prescribed adoption procedure.<\/p>\n<p>In accordance with the Defence Act, the session of the Defence Council was jointly convened by President of the Republic of Croatia Zoran Milanovi\u0107 and Prime Minister of the Republic of Croatia Andrej Plenkovi\u0107.<\/p>\n<p>The session was attended by all members of the Defence Council: President of the Republic of Croatia Zoran Milanovi\u0107, Speaker of the Croatian Parliament Gordan Jandrokovi\u0107, Prime Minister Andrej Plenkovi\u0107, Deputy Prime Minister and Minister of Defence Ivan Anu\u0161i\u0107, Deputy Prime Minister and Minister of Finance Marko Primorac, Chief of the CAF General Staff LTG Tihomir Kundid, Chairman of the Defence Committee of the Croatian Parliament Arsen Bauk and Advisor to the President of the Republic for Defence Ivica Oluji\u0107.<\/p>\n<p>The Defence Council is a coordination of the state administration bodies for harmonising positions and making conclusions and recommendations in the field of defence.<\/p>\n<div class=\"morh-galleria\"><a href=\"https:\/\/live.staticflickr.com\/65535\/54539948115_d54e6c9d1e_h.jpg\" title=\"Ministar Anu\u0161i\u0107 na sjednici Vije\u0107a za obranu\"><img decoding=\"async\" data-title=\"Ministar Anu\u0161i\u0107 na sjednici Vije\u0107a za obranu\" data-description=\"Potpredsjednik Vlade RH i ministar obrane Ivan Anu\u0161i\u0107 sudjelovao je u petak 23. svibnja 2025. godine na sjednici Vije\u0107a za obranu odr\u017eanoj u Uredu predsjednika Republike Hrvatske | Foto: MORH\/ J. Kopi\" alt=\"Ministar Anu\u0161i\u0107 na sjednici Vije\u0107a za obranu\" src=\"https:\/\/live.staticflickr.com\/65535\/54539948115_d54e6c9d1e_h.jpg\" data-layer=\"&lt;div class=&#039;morh-gallery-image-download&#039;&gt;&lt;a href=&#039;https:\/\/live.staticflickr.com\/65535\/54539948115_5317445a5c_o.jpg&#039; target=&#039;_blank&#039;&gt;Slika za preuzimanje&lt;\/a&gt;&lt;\/div&gt;\" \/><\/a><a href=\"https:\/\/live.staticflickr.com\/65535\/54539948235_fd2d266176_h.jpg\" title=\"Ministar Anu\u0161i\u0107 na sjednici Vije\u0107a za obranu\"><img decoding=\"async\" data-title=\"Ministar Anu\u0161i\u0107 na sjednici Vije\u0107a za obranu\" data-description=\"Potpredsjednik Vlade RH i ministar obrane Ivan Anu\u0161i\u0107 sudjelovao je u petak 23. svibnja 2025. godine na sjednici Vije\u0107a za obranu odr\u017eanoj u Uredu predsjednika Republike Hrvatske | Foto: MORH\/ J. Kopi\" alt=\"Ministar Anu\u0161i\u0107 na sjednici Vije\u0107a za obranu\" src=\"https:\/\/live.staticflickr.com\/65535\/54539948235_fd2d266176_h.jpg\" data-layer=\"&lt;div class=&#039;morh-gallery-image-download&#039;&gt;&lt;a href=&#039;https:\/\/live.staticflickr.com\/65535\/54539948235_58230de7fa_o.jpg&#039; target=&#039;_blank&#039;&gt;Slika za preuzimanje&lt;\/a&gt;&lt;\/div&gt;\" \/><\/a><a href=\"https:\/\/live.staticflickr.com\/65535\/54539842508_7d3e478f94_h.jpg\" title=\"Ministar Anu\u0161i\u0107 na sjednici Vije\u0107a za obranu\"><img decoding=\"async\" data-title=\"Ministar Anu\u0161i\u0107 na sjednici Vije\u0107a za obranu\" data-description=\"Potpredsjednik Vlade RH i ministar obrane Ivan Anu\u0161i\u0107 sudjelovao je u petak 23. svibnja 2025. godine na sjednici Vije\u0107a za obranu odr\u017eanoj u Uredu predsjednika Republike Hrvatske | Foto: MORH\/ J. Kopi\" alt=\"Ministar Anu\u0161i\u0107 na sjednici Vije\u0107a za obranu\" src=\"https:\/\/live.staticflickr.com\/65535\/54539842508_7d3e478f94_h.jpg\" data-layer=\"&lt;div class=&#039;morh-gallery-image-download&#039;&gt;&lt;a href=&#039;https:\/\/live.staticflickr.com\/65535\/54539842508_c2ab8b3b32_o.jpg&#039; target=&#039;_blank&#039;&gt;Slika za preuzimanje&lt;\/a&gt;&lt;\/div&gt;\" \/><\/a><a href=\"https:\/\/live.staticflickr.com\/65535\/54539606576_83bdb14a14_h.jpg\" title=\"Ministar Anu\u0161i\u0107 na sjednici Vije\u0107a za obranu\"><img decoding=\"async\" data-title=\"Ministar Anu\u0161i\u0107 na sjednici Vije\u0107a za obranu\" data-description=\"Potpredsjednik Vlade RH i ministar obrane Ivan Anu\u0161i\u0107 sudjelovao je u petak 23. svibnja 2025. godine na sjednici Vije\u0107a za obranu odr\u017eanoj u Uredu predsjednika Republike Hrvatske | Foto: MORH\/ J. Kopi\" alt=\"Ministar Anu\u0161i\u0107 na sjednici Vije\u0107a za obranu\" src=\"https:\/\/live.staticflickr.com\/65535\/54539606576_83bdb14a14_h.jpg\" data-layer=\"&lt;div class=&#039;morh-gallery-image-download&#039;&gt;&lt;a href=&#039;https:\/\/live.staticflickr.com\/65535\/54539606576_fee7a44c36_o.jpg&#039; target=&#039;_blank&#039;&gt;Slika za preuzimanje&lt;\/a&gt;&lt;\/div&gt;\" \/><\/a><a href=\"https:\/\/live.staticflickr.com\/65535\/54538725762_17d0336c4f_h.jpg\" title=\"Ministar Anu\u0161i\u0107 na sjednici Vije\u0107a za obranu\"><img decoding=\"async\" data-title=\"Ministar Anu\u0161i\u0107 na sjednici Vije\u0107a za obranu\" data-description=\"Potpredsjednik Vlade RH i ministar obrane Ivan Anu\u0161i\u0107 sudjelovao je u petak 23. svibnja 2025. godine na sjednici Vije\u0107a za obranu odr\u017eanoj u Uredu predsjednika Republike Hrvatske | Foto: MORH\/ J. Kopi\" alt=\"Ministar Anu\u0161i\u0107 na sjednici Vije\u0107a za obranu\" src=\"https:\/\/live.staticflickr.com\/65535\/54538725762_17d0336c4f_h.jpg\" data-layer=\"&lt;div class=&#039;morh-gallery-image-download&#039;&gt;&lt;a href=&#039;https:\/\/live.staticflickr.com\/65535\/54538725762_9c21a130f5_o.jpg&#039; target=&#039;_blank&#039;&gt;Slika za preuzimanje&lt;\/a&gt;&lt;\/div&gt;\" \/><\/a><a href=\"https:\/\/live.staticflickr.com\/65535\/54539790649_0d79974843_h.jpg\" title=\"Ministar Anu\u0161i\u0107 na sjednici Vije\u0107a za obranu\"><img decoding=\"async\" data-title=\"Ministar Anu\u0161i\u0107 na sjednici Vije\u0107a za obranu\" data-description=\"Potpredsjednik Vlade RH i ministar obrane Ivan Anu\u0161i\u0107 sudjelovao je u petak 23. svibnja 2025. godine na sjednici Vije\u0107a za obranu odr\u017eanoj u Uredu predsjednika Republike Hrvatske | Foto: MORH\/ J. Kopi\" alt=\"Ministar Anu\u0161i\u0107 na sjednici Vije\u0107a za obranu\" src=\"https:\/\/live.staticflickr.com\/65535\/54539790649_0d79974843_h.jpg\" data-layer=\"&lt;div class=&#039;morh-gallery-image-download&#039;&gt;&lt;a href=&#039;https:\/\/live.staticflickr.com\/65535\/54539790649_c889129dff_o.jpg&#039; target=&#039;_blank&#039;&gt;Slika za preuzimanje&lt;\/a&gt;&lt;\/div&gt;\" \/><\/a><a href=\"https:\/\/live.staticflickr.com\/65535\/54539842398_78cbb28729_h.jpg\" title=\"Ministar Anu\u0161i\u0107 na sjednici Vije\u0107a za obranu\"><img decoding=\"async\" data-title=\"Ministar Anu\u0161i\u0107 na sjednici Vije\u0107a za obranu\" data-description=\"Potpredsjednik Vlade RH i ministar obrane Ivan Anu\u0161i\u0107 sudjelovao je u petak 23. svibnja 2025. godine na sjednici Vije\u0107a za obranu odr\u017eanoj u Uredu predsjednika Republike Hrvatske | Foto: MORH\/ J. Kopi\" alt=\"Ministar Anu\u0161i\u0107 na sjednici Vije\u0107a za obranu\" src=\"https:\/\/live.staticflickr.com\/65535\/54539842398_78cbb28729_h.jpg\" data-layer=\"&lt;div class=&#039;morh-gallery-image-download&#039;&gt;&lt;a href=&#039;https:\/\/live.staticflickr.com\/65535\/54539842398_e09bf5094d_o.jpg&#039; target=&#039;_blank&#039;&gt;Slika za preuzimanje&lt;\/a&gt;&lt;\/div&gt;\" \/><\/a><a href=\"https:\/\/live.staticflickr.com\/65535\/54539842388_8a5a93595b_h.jpg\" title=\"Ministar Anu\u0161i\u0107 na sjednici Vije\u0107a za obranu\"><img decoding=\"async\" data-title=\"Ministar Anu\u0161i\u0107 na sjednici Vije\u0107a za obranu\" data-description=\"Potpredsjednik Vlade RH i ministar obrane Ivan Anu\u0161i\u0107 sudjelovao je u petak 23. svibnja 2025. godine na sjednici Vije\u0107a za obranu odr\u017eanoj u Uredu predsjednika Republike Hrvatske | Foto: MORH\/ J. Kopi\" alt=\"Ministar Anu\u0161i\u0107 na sjednici Vije\u0107a za obranu\" src=\"https:\/\/live.staticflickr.com\/65535\/54539842388_8a5a93595b_h.jpg\" data-layer=\"&lt;div class=&#039;morh-gallery-image-download&#039;&gt;&lt;a href=&#039;https:\/\/live.staticflickr.com\/65535\/54539842388_9863d289dd_o.jpg&#039; target=&#039;_blank&#039;&gt;Slika za preuzimanje&lt;\/a&gt;&lt;\/div&gt;\" \/><\/a><a href=\"https:\/\/live.staticflickr.com\/65535\/54539606541_41711f1aa0_h.jpg\" title=\"Ministar Anu\u0161i\u0107 na sjednici Vije\u0107a za obranu\"><img decoding=\"async\" data-title=\"Ministar Anu\u0161i\u0107 na sjednici Vije\u0107a za obranu\" data-description=\"Potpredsjednik Vlade RH i ministar obrane Ivan Anu\u0161i\u0107 sudjelovao je u petak 23. svibnja 2025. godine na sjednici Vije\u0107a za obranu odr\u017eanoj u Uredu predsjednika Republike Hrvatske | Foto: MORH\/ J. Kopi\" alt=\"Ministar Anu\u0161i\u0107 na sjednici Vije\u0107a za obranu\" src=\"https:\/\/live.staticflickr.com\/65535\/54539606541_41711f1aa0_h.jpg\" data-layer=\"&lt;div class=&#039;morh-gallery-image-download&#039;&gt;&lt;a href=&#039;https:\/\/live.staticflickr.com\/65535\/54539606541_7965ffbc74_o.jpg&#039; target=&#039;_blank&#039;&gt;Slika za preuzimanje&lt;\/a&gt;&lt;\/div&gt;\" \/><\/a><a href=\"https:\/\/live.staticflickr.com\/65535\/54539842383_f817980d3d_h.jpg\" title=\"Ministar Anu\u0161i\u0107 na sjednici Vije\u0107a za obranu\"><img decoding=\"async\" data-title=\"Ministar Anu\u0161i\u0107 na sjednici Vije\u0107a za obranu\" data-description=\"Potpredsjednik Vlade RH i ministar obrane Ivan Anu\u0161i\u0107 sudjelovao je u petak 23. svibnja 2025. godine na sjednici Vije\u0107a za obranu odr\u017eanoj u Uredu predsjednika Republike Hrvatske | Foto: MORH\/ J. Kopi\" alt=\"Ministar Anu\u0161i\u0107 na sjednici Vije\u0107a za obranu\" src=\"https:\/\/live.staticflickr.com\/65535\/54539842383_f817980d3d_h.jpg\" data-layer=\"&lt;div class=&#039;morh-gallery-image-download&#039;&gt;&lt;a href=&#039;https:\/\/live.staticflickr.com\/65535\/54539842383_d9ddfb24c2_o.jpg&#039; target=&#039;_blank&#039;&gt;Slika za preuzimanje&lt;\/a&gt;&lt;\/div&gt;\" \/><\/a><\/div><!--\/.morh-galleria -->\n","protected":false},"excerpt":{"rendered":"<p>Drafts of the Defence Strategy and the Long-Term Development Plan of the Croatian Armed Forces adopted at the Defence Council session<\/p>\n","protected":false},"author":4699,"featured_media":255072,"comment_status":"closed","ping_status":"closed","sticky":false,"template":"","format":"standard","meta":{"_acf_changed":false,"_monsterinsights_skip_tracking":false,"_monsterinsights_sitenote_active":false,"_monsterinsights_sitenote_note":"","_monsterinsights_sitenote_category":0,"footnotes":""},"categories":[117],"tags":[],"class_list":["post-257879","post","type-post","status-publish","format-standard","has-post-thumbnail","hentry","category-press-releases"],"acf":[],"yoast_head":"<!-- This site is optimized with the Yoast SEO plugin v26.9 - https:\/\/yoast.com\/product\/yoast-seo-wordpress\/ -->\n<title>Minister Anu\u0161i\u0107 attends the Defence Council\u2019s session - MORH<\/title>\n<meta name=\"description\" content=\"Drafts of the Defence Strategy and the Long-Term Development Plan of the Croatian Armed Forces adopted at the Defence Council session\" \/>\n<meta name=\"robots\" content=\"index, follow, max-snippet:-1, max-image-preview:large, max-video-preview:-1\" \/>\n<link rel=\"canonical\" href=\"https:\/\/www.morh.hr\/en\/minister-anusic-attends-the-defence-councils-session\/\" \/>\n<meta property=\"og:locale\" content=\"en_US\" \/>\n<meta property=\"og:type\" content=\"article\" \/>\n<meta property=\"og:title\" content=\"Minister Anu\u0161i\u0107 attends the Defence Council\u2019s session - MORH\" \/>\n<meta property=\"og:description\" content=\"Drafts of the Defence Strategy and the Long-Term Development Plan of the Croatian Armed Forces adopted at the Defence Council session\" \/>\n<meta property=\"og:url\" content=\"https:\/\/www.morh.hr\/en\/minister-anusic-attends-the-defence-councils-session\/\" \/>\n<meta property=\"og:site_name\" content=\"MORH\" \/>\n<meta property=\"article:publisher\" content=\"https:\/\/www.facebook.com\/sportasiuhrvatskojvojsci\/\" \/>\n<meta property=\"article:published_time\" content=\"2025-05-23T06:45:19+00:00\" \/>\n<meta property=\"article:modified_time\" content=\"2025-07-29T06:53:34+00:00\" \/>\n<meta property=\"og:image\" content=\"https:\/\/www.morh.hr\/wp-content\/uploads\/2025\/05\/2025-05-23-odbor-za-obranu.jpg\" \/>\n\t<meta property=\"og:image:width\" content=\"2400\" \/>\n\t<meta property=\"og:image:height\" content=\"1600\" \/>\n\t<meta property=\"og:image:type\" content=\"image\/jpeg\" \/>\n<meta name=\"author\" content=\"Mladen\" \/>\n<meta name=\"twitter:card\" content=\"summary_large_image\" \/>\n<meta name=\"twitter:creator\" content=\"@morh_osrh\" \/>\n<meta name=\"twitter:site\" content=\"@morh_osrh\" \/>\n<meta name=\"twitter:label1\" content=\"Written by\" \/>\n\t<meta name=\"twitter:data1\" content=\"Mladen\" \/>\n\t<meta name=\"twitter:label2\" content=\"Est. reading time\" \/>\n\t<meta name=\"twitter:data2\" content=\"2 minutes\" \/>\n<script type=\"application\/ld+json\" class=\"yoast-schema-graph\">{\"@context\":\"https:\/\/schema.org\",\"@graph\":[{\"@type\":\"Article\",\"@id\":\"https:\/\/www.morh.hr\/en\/minister-anusic-attends-the-defence-councils-session\/#article\",\"isPartOf\":{\"@id\":\"https:\/\/www.morh.hr\/en\/minister-anusic-attends-the-defence-councils-session\/\"},\"author\":{\"name\":\"Mladen\",\"@id\":\"https:\/\/www.morh.hr\/en\/#\/schema\/person\/ec8e2528a579067d8bda0ae2124ac768\"},\"headline\":\"Minister Anu\u0161i\u0107 attends the Defence Council\u2019s session\",\"datePublished\":\"2025-05-23T06:45:19+00:00\",\"dateModified\":\"2025-07-29T06:53:34+00:00\",\"mainEntityOfPage\":{\"@id\":\"https:\/\/www.morh.hr\/en\/minister-anusic-attends-the-defence-councils-session\/\"},\"wordCount\":279,\"image\":{\"@id\":\"https:\/\/www.morh.hr\/en\/minister-anusic-attends-the-defence-councils-session\/#primaryimage\"},\"thumbnailUrl\":\"https:\/\/www.morh.hr\/wp-content\/uploads\/2025\/05\/2025-05-23-odbor-za-obranu.jpg\",\"articleSection\":[\"Press releases\"],\"inLanguage\":\"en-US\"},{\"@type\":\"WebPage\",\"@id\":\"https:\/\/www.morh.hr\/en\/minister-anusic-attends-the-defence-councils-session\/\",\"url\":\"https:\/\/www.morh.hr\/en\/minister-anusic-attends-the-defence-councils-session\/\",\"name\":\"Minister Anu\u0161i\u0107 attends the Defence Council\u2019s session - MORH\",\"isPartOf\":{\"@id\":\"https:\/\/www.morh.hr\/en\/#website\"},\"primaryImageOfPage\":{\"@id\":\"https:\/\/www.morh.hr\/en\/minister-anusic-attends-the-defence-councils-session\/#primaryimage\"},\"image\":{\"@id\":\"https:\/\/www.morh.hr\/en\/minister-anusic-attends-the-defence-councils-session\/#primaryimage\"},\"thumbnailUrl\":\"https:\/\/www.morh.hr\/wp-content\/uploads\/2025\/05\/2025-05-23-odbor-za-obranu.jpg\",\"datePublished\":\"2025-05-23T06:45:19+00:00\",\"dateModified\":\"2025-07-29T06:53:34+00:00\",\"author\":{\"@id\":\"https:\/\/www.morh.hr\/en\/#\/schema\/person\/ec8e2528a579067d8bda0ae2124ac768\"},\"description\":\"Drafts of the Defence Strategy and the Long-Term Development Plan of the Croatian Armed Forces adopted at the Defence Council session\",\"breadcrumb\":{\"@id\":\"https:\/\/www.morh.hr\/en\/minister-anusic-attends-the-defence-councils-session\/#breadcrumb\"},\"inLanguage\":\"en-US\",\"potentialAction\":[{\"@type\":\"ReadAction\",\"target\":[\"https:\/\/www.morh.hr\/en\/minister-anusic-attends-the-defence-councils-session\/\"]}]},{\"@type\":\"ImageObject\",\"inLanguage\":\"en-US\",\"@id\":\"https:\/\/www.morh.hr\/en\/minister-anusic-attends-the-defence-councils-session\/#primaryimage\",\"url\":\"https:\/\/www.morh.hr\/wp-content\/uploads\/2025\/05\/2025-05-23-odbor-za-obranu.jpg\",\"contentUrl\":\"https:\/\/www.morh.hr\/wp-content\/uploads\/2025\/05\/2025-05-23-odbor-za-obranu.jpg\",\"width\":2400,\"height\":1600,\"caption\":\"Ministar Anu\u0161i\u0107 na sjednici Vije\u0107a za obranu | Foto: MORH\/ J. Kopi\"},{\"@type\":\"BreadcrumbList\",\"@id\":\"https:\/\/www.morh.hr\/en\/minister-anusic-attends-the-defence-councils-session\/#breadcrumb\",\"itemListElement\":[{\"@type\":\"ListItem\",\"position\":1,\"name\":\"Naslovnica\",\"item\":\"https:\/\/www.morh.hr\/en\/\"},{\"@type\":\"ListItem\",\"position\":2,\"name\":\"News\",\"item\":\"https:\/\/www.morh.hr\/en\/kategorija\/news\/\"},{\"@type\":\"ListItem\",\"position\":3,\"name\":\"Press releases\",\"item\":\"https:\/\/www.morh.hr\/en\/kategorija\/news\/press-releases\/\"},{\"@type\":\"ListItem\",\"position\":4,\"name\":\"Minister Anu\u0161i\u0107 attends the Defence Council\u2019s session\"}]},{\"@type\":\"WebSite\",\"@id\":\"https:\/\/www.morh.hr\/en\/#website\",\"url\":\"https:\/\/www.morh.hr\/en\/\",\"name\":\"MORH\",\"description\":\"Ministarstvo obrane Republike Hrvatske - slu\u017ebene stranice\",\"potentialAction\":[{\"@type\":\"SearchAction\",\"target\":{\"@type\":\"EntryPoint\",\"urlTemplate\":\"https:\/\/www.morh.hr\/en\/?s={search_term_string}\"},\"query-input\":{\"@type\":\"PropertyValueSpecification\",\"valueRequired\":true,\"valueName\":\"search_term_string\"}}],\"inLanguage\":\"en-US\"},{\"@type\":\"Person\",\"@id\":\"https:\/\/www.morh.hr\/en\/#\/schema\/person\/ec8e2528a579067d8bda0ae2124ac768\",\"name\":\"Mladen\",\"image\":{\"@type\":\"ImageObject\",\"inLanguage\":\"en-US\",\"@id\":\"https:\/\/www.morh.hr\/en\/#\/schema\/person\/image\/\",\"url\":\"https:\/\/secure.gravatar.com\/avatar\/3d5ea7ca0d0a523cf2ec98548db52f920a5f6bbfd2c1aa63d237c2f445528cf7?s=96&d=mm&r=g\",\"contentUrl\":\"https:\/\/secure.gravatar.com\/avatar\/3d5ea7ca0d0a523cf2ec98548db52f920a5f6bbfd2c1aa63d237c2f445528cf7?s=96&d=mm&r=g\",\"caption\":\"Mladen\"}}]}<\/script>\n<!-- \/ Yoast SEO plugin. -->","yoast_head_json":{"title":"Minister Anu\u0161i\u0107 attends the Defence Council\u2019s session - MORH","description":"Drafts of the Defence Strategy and the Long-Term Development Plan of the Croatian Armed Forces adopted at the Defence Council session","robots":{"index":"index","follow":"follow","max-snippet":"max-snippet:-1","max-image-preview":"max-image-preview:large","max-video-preview":"max-video-preview:-1"},"canonical":"https:\/\/www.morh.hr\/en\/minister-anusic-attends-the-defence-councils-session\/","og_locale":"en_US","og_type":"article","og_title":"Minister Anu\u0161i\u0107 attends the Defence Council\u2019s session - MORH","og_description":"Drafts of the Defence Strategy and the Long-Term Development Plan of the Croatian Armed Forces adopted at the Defence Council session","og_url":"https:\/\/www.morh.hr\/en\/minister-anusic-attends-the-defence-councils-session\/","og_site_name":"MORH","article_publisher":"https:\/\/www.facebook.com\/sportasiuhrvatskojvojsci\/","article_published_time":"2025-05-23T06:45:19+00:00","article_modified_time":"2025-07-29T06:53:34+00:00","og_image":[{"width":2400,"height":1600,"url":"https:\/\/www.morh.hr\/wp-content\/uploads\/2025\/05\/2025-05-23-odbor-za-obranu.jpg","type":"image\/jpeg"}],"author":"Mladen","twitter_card":"summary_large_image","twitter_creator":"@morh_osrh","twitter_site":"@morh_osrh","twitter_misc":{"Written by":"Mladen","Est. reading time":"2 minutes"},"schema":{"@context":"https:\/\/schema.org","@graph":[{"@type":"Article","@id":"https:\/\/www.morh.hr\/en\/minister-anusic-attends-the-defence-councils-session\/#article","isPartOf":{"@id":"https:\/\/www.morh.hr\/en\/minister-anusic-attends-the-defence-councils-session\/"},"author":{"name":"Mladen","@id":"https:\/\/www.morh.hr\/en\/#\/schema\/person\/ec8e2528a579067d8bda0ae2124ac768"},"headline":"Minister Anu\u0161i\u0107 attends the Defence Council\u2019s session","datePublished":"2025-05-23T06:45:19+00:00","dateModified":"2025-07-29T06:53:34+00:00","mainEntityOfPage":{"@id":"https:\/\/www.morh.hr\/en\/minister-anusic-attends-the-defence-councils-session\/"},"wordCount":279,"image":{"@id":"https:\/\/www.morh.hr\/en\/minister-anusic-attends-the-defence-councils-session\/#primaryimage"},"thumbnailUrl":"https:\/\/www.morh.hr\/wp-content\/uploads\/2025\/05\/2025-05-23-odbor-za-obranu.jpg","articleSection":["Press releases"],"inLanguage":"en-US"},{"@type":"WebPage","@id":"https:\/\/www.morh.hr\/en\/minister-anusic-attends-the-defence-councils-session\/","url":"https:\/\/www.morh.hr\/en\/minister-anusic-attends-the-defence-councils-session\/","name":"Minister Anu\u0161i\u0107 attends the Defence Council\u2019s session - MORH","isPartOf":{"@id":"https:\/\/www.morh.hr\/en\/#website"},"primaryImageOfPage":{"@id":"https:\/\/www.morh.hr\/en\/minister-anusic-attends-the-defence-councils-session\/#primaryimage"},"image":{"@id":"https:\/\/www.morh.hr\/en\/minister-anusic-attends-the-defence-councils-session\/#primaryimage"},"thumbnailUrl":"https:\/\/www.morh.hr\/wp-content\/uploads\/2025\/05\/2025-05-23-odbor-za-obranu.jpg","datePublished":"2025-05-23T06:45:19+00:00","dateModified":"2025-07-29T06:53:34+00:00","author":{"@id":"https:\/\/www.morh.hr\/en\/#\/schema\/person\/ec8e2528a579067d8bda0ae2124ac768"},"description":"Drafts of the Defence Strategy and the Long-Term Development Plan of the Croatian Armed Forces adopted at the Defence Council session","breadcrumb":{"@id":"https:\/\/www.morh.hr\/en\/minister-anusic-attends-the-defence-councils-session\/#breadcrumb"},"inLanguage":"en-US","potentialAction":[{"@type":"ReadAction","target":["https:\/\/www.morh.hr\/en\/minister-anusic-attends-the-defence-councils-session\/"]}]},{"@type":"ImageObject","inLanguage":"en-US","@id":"https:\/\/www.morh.hr\/en\/minister-anusic-attends-the-defence-councils-session\/#primaryimage","url":"https:\/\/www.morh.hr\/wp-content\/uploads\/2025\/05\/2025-05-23-odbor-za-obranu.jpg","contentUrl":"https:\/\/www.morh.hr\/wp-content\/uploads\/2025\/05\/2025-05-23-odbor-za-obranu.jpg","width":2400,"height":1600,"caption":"Ministar Anu\u0161i\u0107 na sjednici Vije\u0107a za obranu | Foto: MORH\/ J. Kopi"},{"@type":"BreadcrumbList","@id":"https:\/\/www.morh.hr\/en\/minister-anusic-attends-the-defence-councils-session\/#breadcrumb","itemListElement":[{"@type":"ListItem","position":1,"name":"Naslovnica","item":"https:\/\/www.morh.hr\/en\/"},{"@type":"ListItem","position":2,"name":"News","item":"https:\/\/www.morh.hr\/en\/kategorija\/news\/"},{"@type":"ListItem","position":3,"name":"Press releases","item":"https:\/\/www.morh.hr\/en\/kategorija\/news\/press-releases\/"},{"@type":"ListItem","position":4,"name":"Minister Anu\u0161i\u0107 attends the Defence Council\u2019s session"}]},{"@type":"WebSite","@id":"https:\/\/www.morh.hr\/en\/#website","url":"https:\/\/www.morh.hr\/en\/","name":"MORH","description":"Ministarstvo obrane Republike Hrvatske - slu\u017ebene stranice","potentialAction":[{"@type":"SearchAction","target":{"@type":"EntryPoint","urlTemplate":"https:\/\/www.morh.hr\/en\/?s={search_term_string}"},"query-input":{"@type":"PropertyValueSpecification","valueRequired":true,"valueName":"search_term_string"}}],"inLanguage":"en-US"},{"@type":"Person","@id":"https:\/\/www.morh.hr\/en\/#\/schema\/person\/ec8e2528a579067d8bda0ae2124ac768","name":"Mladen","image":{"@type":"ImageObject","inLanguage":"en-US","@id":"https:\/\/www.morh.hr\/en\/#\/schema\/person\/image\/","url":"https:\/\/secure.gravatar.com\/avatar\/3d5ea7ca0d0a523cf2ec98548db52f920a5f6bbfd2c1aa63d237c2f445528cf7?s=96&d=mm&r=g","contentUrl":"https:\/\/secure.gravatar.com\/avatar\/3d5ea7ca0d0a523cf2ec98548db52f920a5f6bbfd2c1aa63d237c2f445528cf7?s=96&d=mm&r=g","caption":"Mladen"}}]}},"_links":{"self":[{"href":"https:\/\/www.morh.hr\/en\/wp-json\/wp\/v2\/posts\/257879","targetHints":{"allow":["GET"]}}],"collection":[{"href":"https:\/\/www.morh.hr\/en\/wp-json\/wp\/v2\/posts"}],"about":[{"href":"https:\/\/www.morh.hr\/en\/wp-json\/wp\/v2\/types\/post"}],"author":[{"embeddable":true,"href":"https:\/\/www.morh.hr\/en\/wp-json\/wp\/v2\/users\/4699"}],"replies":[{"embeddable":true,"href":"https:\/\/www.morh.hr\/en\/wp-json\/wp\/v2\/comments?post=257879"}],"version-history":[{"count":1,"href":"https:\/\/www.morh.hr\/en\/wp-json\/wp\/v2\/posts\/257879\/revisions"}],"predecessor-version":[{"id":257881,"href":"https:\/\/www.morh.hr\/en\/wp-json\/wp\/v2\/posts\/257879\/revisions\/257881"}],"wp:featuredmedia":[{"embeddable":true,"href":"https:\/\/www.morh.hr\/en\/wp-json\/wp\/v2\/media\/255072"}],"wp:attachment":[{"href":"https:\/\/www.morh.hr\/en\/wp-json\/wp\/v2\/media?parent=257879"}],"wp:term":[{"taxonomy":"category","embeddable":true,"href":"https:\/\/www.morh.hr\/en\/wp-json\/wp\/v2\/categories?post=257879"},{"taxonomy":"post_tag","embeddable":true,"href":"https:\/\/www.morh.hr\/en\/wp-json\/wp\/v2\/tags?post=257879"}],"curies":[{"name":"wp","href":"https:\/\/api.w.org\/{rel}","templated":true}]}}