{"id":257884,"date":"2025-05-27T09:02:55","date_gmt":"2025-05-27T07:02:55","guid":{"rendered":"https:\/\/www.morh.hr\/?p=257884"},"modified":"2025-07-29T09:06:44","modified_gmt":"2025-07-29T07:06:44","slug":"minister-anusic-with-ambassador-of-the-federal-republic-of-germany-christian-hellbach","status":"publish","type":"post","link":"https:\/\/www.morh.hr\/en\/minister-anusic-with-ambassador-of-the-federal-republic-of-germany-christian-hellbach\/","title":{"rendered":"Minister Anu\u0161i\u0107 with Ambassador of the Federal Republic of Germany Christian Hellbach"},"content":{"rendered":"<p>On Tuesday, 27 May 2025, Deputy Prime Minister of the Republic of Croatia and Minister of Defence Ivan Anu\u0161i\u0107 received at the Ministry of Defence the Ambassador of the Federal Republic of Germany, Christian Hellbach, for a farewell visit.<\/p>\n<p>The meeting confirmed an excellent cooperation between the Republic of Croatia and the Federal Republic of Germany in the field of defence.<\/p>\n<p>Minister Anu\u0161i\u0107 thanked Ambassador Hellbach for his cooperation so far and pointed out that bilateral defence cooperation has been further improved during Ambassador Hellbach&#8217;s mandate.<\/p>\n<p>&#8220;The Federal Republic of Germany is an important partner and ally of Croatia in the field of defence. I am pleased that we have launched one of the most significant projects with Germany to equip the Croatian Army with German Leopard 2A8 tanks,&#8221; Minister Anu\u0161i\u0107 said, emphasizing the importance of continuous equipping and modernization of the Croatian Army and investment in defence.<\/p>\n<p>Opinions were also exchanged on the current security situation, with special emphasis on Southeast Europe.<\/p>\n<p>German Ambassador Hellbach thanked Minister Anu\u0161i\u0107 for successful cooperation with the Ministry of Defence and the Croatian Armed Forces so far.<\/p>\n<div class=\"morh-galleria\"><a href=\"https:\/\/live.staticflickr.com\/65535\/54548488756_51b6576334_h.jpg\" title=\"Ministar Anu\u0161i\u0107 s veleposlanikom Savezne Republike Njema\u010dke Christianom Hellbachom\"><img decoding=\"async\" data-title=\"Ministar Anu\u0161i\u0107 s veleposlanikom Savezne Republike Njema\u010dke Christianom Hellbachom\" data-description=\"Potpredsjednik Vlade Republike Hrvatske i ministar obrane Ivan Anu\u0161i\u0107 u utorak, 27. svibnja 2025., u Ministarstvu obrane primio je u opro\u0161tajni posjet veleposlanika Savezne Republike Njema\u010dke Christiana Hellbacha | Foto: MORH\/ J. Kopi\" alt=\"Ministar Anu\u0161i\u0107 s veleposlanikom Savezne Republike Njema\u010dke Christianom Hellbachom\" src=\"https:\/\/live.staticflickr.com\/65535\/54548488756_51b6576334_h.jpg\" data-layer=\"&lt;div class=&#039;morh-gallery-image-download&#039;&gt;&lt;a href=&#039;https:\/\/live.staticflickr.com\/65535\/54548488756_7d9e1559b7_o.jpg&#039; target=&#039;_blank&#039;&gt;Slika za preuzimanje&lt;\/a&gt;&lt;\/div&gt;\" \/><\/a><a href=\"https:\/\/live.staticflickr.com\/65535\/54548722953_07506b44c4_h.jpg\" title=\"Ministar Anu\u0161i\u0107 s veleposlanikom Savezne Republike Njema\u010dke Christianom Hellbachom\"><img decoding=\"async\" data-title=\"Ministar Anu\u0161i\u0107 s veleposlanikom Savezne Republike Njema\u010dke Christianom Hellbachom\" data-description=\"Potpredsjednik Vlade Republike Hrvatske i ministar obrane Ivan Anu\u0161i\u0107 u utorak, 27. svibnja 2025., u Ministarstvu obrane primio je u opro\u0161tajni posjet veleposlanika Savezne Republike Njema\u010dke Christiana Hellbacha | Foto: MORH\/ J. Kopi\" alt=\"Ministar Anu\u0161i\u0107 s veleposlanikom Savezne Republike Njema\u010dke Christianom Hellbachom\" src=\"https:\/\/live.staticflickr.com\/65535\/54548722953_07506b44c4_h.jpg\" data-layer=\"&lt;div class=&#039;morh-gallery-image-download&#039;&gt;&lt;a href=&#039;https:\/\/live.staticflickr.com\/65535\/54548722953_54de4925e2_o.jpg&#039; target=&#039;_blank&#039;&gt;Slika za preuzimanje&lt;\/a&gt;&lt;\/div&gt;\" \/><\/a><a href=\"https:\/\/live.staticflickr.com\/65535\/54548668489_09e7bd367a_h.jpg\" title=\"Ministar Anu\u0161i\u0107 s veleposlanikom Savezne Republike Njema\u010dke Christianom Hellbachom\"><img decoding=\"async\" data-title=\"Ministar Anu\u0161i\u0107 s veleposlanikom Savezne Republike Njema\u010dke Christianom Hellbachom\" data-description=\"Potpredsjednik Vlade Republike Hrvatske i ministar obrane Ivan Anu\u0161i\u0107 u utorak, 27. svibnja 2025., u Ministarstvu obrane primio je u opro\u0161tajni posjet veleposlanika Savezne Republike Njema\u010dke Christiana Hellbacha | Foto: MORH\/ J. Kopi\" alt=\"Ministar Anu\u0161i\u0107 s veleposlanikom Savezne Republike Njema\u010dke Christianom Hellbachom\" src=\"https:\/\/live.staticflickr.com\/65535\/54548668489_09e7bd367a_h.jpg\" data-layer=\"&lt;div class=&#039;morh-gallery-image-download&#039;&gt;&lt;a href=&#039;https:\/\/live.staticflickr.com\/65535\/54548668489_3f093d4ae5_o.jpg&#039; target=&#039;_blank&#039;&gt;Slika za preuzimanje&lt;\/a&gt;&lt;\/div&gt;\" \/><\/a><a href=\"https:\/\/live.staticflickr.com\/65535\/54548668479_f4e9e3f6f1_h.jpg\" title=\"Ministar Anu\u0161i\u0107 s veleposlanikom Savezne Republike Njema\u010dke Christianom Hellbachom\"><img decoding=\"async\" data-title=\"Ministar Anu\u0161i\u0107 s veleposlanikom Savezne Republike Njema\u010dke Christianom Hellbachom\" data-description=\"Potpredsjednik Vlade Republike Hrvatske i ministar obrane Ivan Anu\u0161i\u0107 u utorak, 27. svibnja 2025., u Ministarstvu obrane primio je u opro\u0161tajni posjet veleposlanika Savezne Republike Njema\u010dke Christiana Hellbacha | Foto: MORH\/ J. Kopi\" alt=\"Ministar Anu\u0161i\u0107 s veleposlanikom Savezne Republike Njema\u010dke Christianom Hellbachom\" src=\"https:\/\/live.staticflickr.com\/65535\/54548668479_f4e9e3f6f1_h.jpg\" data-layer=\"&lt;div class=&#039;morh-gallery-image-download&#039;&gt;&lt;a href=&#039;https:\/\/live.staticflickr.com\/65535\/54548668479_4261a42fa1_o.jpg&#039; target=&#039;_blank&#039;&gt;Slika za preuzimanje&lt;\/a&gt;&lt;\/div&gt;\" \/><\/a><a href=\"https:\/\/live.staticflickr.com\/65535\/54548488671_882969bfaa_h.jpg\" title=\"Ministar Anu\u0161i\u0107 s veleposlanikom Savezne Republike Njema\u010dke Christianom Hellbachom\"><img decoding=\"async\" data-title=\"Ministar Anu\u0161i\u0107 s veleposlanikom Savezne Republike Njema\u010dke Christianom Hellbachom\" data-description=\"Potpredsjednik Vlade Republike Hrvatske i ministar obrane Ivan Anu\u0161i\u0107 u utorak, 27. svibnja 2025., u Ministarstvu obrane primio je u opro\u0161tajni posjet veleposlanika Savezne Republike Njema\u010dke Christiana Hellbacha | Foto: MORH\/ J. Kopi\" alt=\"Ministar Anu\u0161i\u0107 s veleposlanikom Savezne Republike Njema\u010dke Christianom Hellbachom\" src=\"https:\/\/live.staticflickr.com\/65535\/54548488671_882969bfaa_h.jpg\" data-layer=\"&lt;div class=&#039;morh-gallery-image-download&#039;&gt;&lt;a href=&#039;https:\/\/live.staticflickr.com\/65535\/54548488671_88ce54ba05_o.jpg&#039; target=&#039;_blank&#039;&gt;Slika za preuzimanje&lt;\/a&gt;&lt;\/div&gt;\" \/><\/a><a href=\"https:\/\/live.staticflickr.com\/65535\/54548488666_0309d95485_h.jpg\" title=\"Ministar Anu\u0161i\u0107 s veleposlanikom Savezne Republike Njema\u010dke Christianom Hellbachom\"><img decoding=\"async\" data-title=\"Ministar Anu\u0161i\u0107 s veleposlanikom Savezne Republike Njema\u010dke Christianom Hellbachom\" data-description=\"Potpredsjednik Vlade Republike Hrvatske i ministar obrane Ivan Anu\u0161i\u0107 u utorak, 27. svibnja 2025., u Ministarstvu obrane primio je u opro\u0161tajni posjet veleposlanika Savezne Republike Njema\u010dke Christiana Hellbacha | Foto: MORH\/ J. Kopi\" alt=\"Ministar Anu\u0161i\u0107 s veleposlanikom Savezne Republike Njema\u010dke Christianom Hellbachom\" src=\"https:\/\/live.staticflickr.com\/65535\/54548488666_0309d95485_h.jpg\" data-layer=\"&lt;div class=&#039;morh-gallery-image-download&#039;&gt;&lt;a href=&#039;https:\/\/live.staticflickr.com\/65535\/54548488666_a4888fa793_o.jpg&#039; target=&#039;_blank&#039;&gt;Slika za preuzimanje&lt;\/a&gt;&lt;\/div&gt;\" \/><\/a><a href=\"https:\/\/live.staticflickr.com\/65535\/54548722853_256bd0f9db_h.jpg\" title=\"Ministar Anu\u0161i\u0107 s veleposlanikom Savezne Republike Njema\u010dke Christianom Hellbachom\"><img decoding=\"async\" data-title=\"Ministar Anu\u0161i\u0107 s veleposlanikom Savezne Republike Njema\u010dke Christianom Hellbachom\" data-description=\"Potpredsjednik Vlade Republike Hrvatske i ministar obrane Ivan Anu\u0161i\u0107 u utorak, 27. svibnja 2025., u Ministarstvu obrane primio je u opro\u0161tajni posjet veleposlanika Savezne Republike Njema\u010dke Christiana Hellbacha | Foto: MORH\/ J. Kopi\" alt=\"Ministar Anu\u0161i\u0107 s veleposlanikom Savezne Republike Njema\u010dke Christianom Hellbachom\" src=\"https:\/\/live.staticflickr.com\/65535\/54548722853_256bd0f9db_h.jpg\" data-layer=\"&lt;div class=&#039;morh-gallery-image-download&#039;&gt;&lt;a href=&#039;https:\/\/live.staticflickr.com\/65535\/54548722853_1f193f1ee1_o.jpg&#039; target=&#039;_blank&#039;&gt;Slika za preuzimanje&lt;\/a&gt;&lt;\/div&gt;\" \/><\/a><a href=\"https:\/\/live.staticflickr.com\/65535\/54548722858_31b5f092a1_h.jpg\" title=\"Ministar Anu\u0161i\u0107 s veleposlanikom Savezne Republike Njema\u010dke Christianom Hellbachom\"><img decoding=\"async\" data-title=\"Ministar Anu\u0161i\u0107 s veleposlanikom Savezne Republike Njema\u010dke Christianom Hellbachom\" data-description=\"Potpredsjednik Vlade Republike Hrvatske i ministar obrane Ivan Anu\u0161i\u0107 u utorak, 27. svibnja 2025., u Ministarstvu obrane primio je u opro\u0161tajni posjet veleposlanika Savezne Republike Njema\u010dke Christiana Hellbacha | Foto: MORH\/ J. Kopi\" alt=\"Ministar Anu\u0161i\u0107 s veleposlanikom Savezne Republike Njema\u010dke Christianom Hellbachom\" src=\"https:\/\/live.staticflickr.com\/65535\/54548722858_31b5f092a1_h.jpg\" data-layer=\"&lt;div class=&#039;morh-gallery-image-download&#039;&gt;&lt;a href=&#039;https:\/\/live.staticflickr.com\/65535\/54548722858_77880928e6_o.jpg&#039; target=&#039;_blank&#039;&gt;Slika za preuzimanje&lt;\/a&gt;&lt;\/div&gt;\" \/><\/a><a href=\"https:\/\/live.staticflickr.com\/65535\/54548722863_1ce4601f61_h.jpg\" title=\"Ministar Anu\u0161i\u0107 s veleposlanikom Savezne Republike Njema\u010dke Christianom Hellbachom\"><img decoding=\"async\" data-title=\"Ministar Anu\u0161i\u0107 s veleposlanikom Savezne Republike Njema\u010dke Christianom Hellbachom\" data-description=\"Potpredsjednik Vlade Republike Hrvatske i ministar obrane Ivan Anu\u0161i\u0107 u utorak, 27. svibnja 2025., u Ministarstvu obrane primio je u opro\u0161tajni posjet veleposlanika Savezne Republike Njema\u010dke Christiana Hellbacha | Foto: MORH\/ J. Kopi\" alt=\"Ministar Anu\u0161i\u0107 s veleposlanikom Savezne Republike Njema\u010dke Christianom Hellbachom\" src=\"https:\/\/live.staticflickr.com\/65535\/54548722863_1ce4601f61_h.jpg\" data-layer=\"&lt;div class=&#039;morh-gallery-image-download&#039;&gt;&lt;a href=&#039;https:\/\/live.staticflickr.com\/65535\/54548722863_c900f2f4c4_o.jpg&#039; target=&#039;_blank&#039;&gt;Slika za preuzimanje&lt;\/a&gt;&lt;\/div&gt;\" \/><\/a><a href=\"https:\/\/live.staticflickr.com\/65535\/54548668444_ae407d7e91_h.jpg\" title=\"Ministar Anu\u0161i\u0107 s veleposlanikom Savezne Republike Njema\u010dke Christianom Hellbachom\"><img decoding=\"async\" data-title=\"Ministar Anu\u0161i\u0107 s veleposlanikom Savezne Republike Njema\u010dke Christianom Hellbachom\" data-description=\"Potpredsjednik Vlade Republike Hrvatske i ministar obrane Ivan Anu\u0161i\u0107 u utorak, 27. svibnja 2025., u Ministarstvu obrane primio je u opro\u0161tajni posjet veleposlanika Savezne Republike Njema\u010dke Christiana Hellbacha | Foto: MORH\/ J. Kopi\" alt=\"Ministar Anu\u0161i\u0107 s veleposlanikom Savezne Republike Njema\u010dke Christianom Hellbachom\" src=\"https:\/\/live.staticflickr.com\/65535\/54548668444_ae407d7e91_h.jpg\" data-layer=\"&lt;div class=&#039;morh-gallery-image-download&#039;&gt;&lt;a href=&#039;https:\/\/live.staticflickr.com\/65535\/54548668444_4c23f5f418_o.jpg&#039; target=&#039;_blank&#039;&gt;Slika za preuzimanje&lt;\/a&gt;&lt;\/div&gt;\" \/><\/a><\/div><!--\/.morh-galleria -->\n","protected":false},"excerpt":{"rendered":"<p>I am pleased that we have launched one of the most significant projects with Germany to equip the Croatian Army with German Leopard 2A8 tanks, Minister Anu\u0161i\u0107 said<\/p>\n","protected":false},"author":4699,"featured_media":255185,"comment_status":"closed","ping_status":"closed","sticky":false,"template":"","format":"standard","meta":{"_acf_changed":false,"_monsterinsights_skip_tracking":false,"_monsterinsights_sitenote_active":false,"_monsterinsights_sitenote_note":"","_monsterinsights_sitenote_category":0,"footnotes":""},"categories":[117],"tags":[],"class_list":["post-257884","post","type-post","status-publish","format-standard","has-post-thumbnail","hentry","category-press-releases"],"acf":[],"yoast_head":"<!-- This site is optimized with the Yoast SEO plugin v26.9 - https:\/\/yoast.com\/product\/yoast-seo-wordpress\/ -->\n<title>Minister Anu\u0161i\u0107 with Ambassador of the Federal Republic of Germany Christian Hellbach - MORH<\/title>\n<meta name=\"description\" content=\"I am pleased that we have launched one of the most significant projects with Germany to equip the Croatian Army with German Leopard 2A8 tanks, Minister Anu\u0161i\u0107 said\" \/>\n<meta name=\"robots\" content=\"index, follow, max-snippet:-1, max-image-preview:large, max-video-preview:-1\" \/>\n<link rel=\"canonical\" href=\"https:\/\/www.morh.hr\/en\/minister-anusic-with-ambassador-of-the-federal-republic-of-germany-christian-hellbach\/\" \/>\n<meta property=\"og:locale\" content=\"en_US\" \/>\n<meta property=\"og:type\" content=\"article\" \/>\n<meta property=\"og:title\" content=\"Minister Anu\u0161i\u0107 with Ambassador of the Federal Republic of Germany Christian Hellbach - MORH\" \/>\n<meta property=\"og:description\" content=\"I am pleased that we have launched one of the most significant projects with Germany to equip the Croatian Army with German Leopard 2A8 tanks, Minister Anu\u0161i\u0107 said\" \/>\n<meta property=\"og:url\" content=\"https:\/\/www.morh.hr\/en\/minister-anusic-with-ambassador-of-the-federal-republic-of-germany-christian-hellbach\/\" \/>\n<meta property=\"og:site_name\" content=\"MORH\" \/>\n<meta property=\"article:publisher\" content=\"https:\/\/www.facebook.com\/sportasiuhrvatskojvojsci\/\" \/>\n<meta property=\"article:published_time\" content=\"2025-05-27T07:02:55+00:00\" \/>\n<meta property=\"article:modified_time\" content=\"2025-07-29T07:06:44+00:00\" \/>\n<meta property=\"og:image\" content=\"https:\/\/www.morh.hr\/wp-content\/uploads\/2025\/05\/2025-05-27-sastanak-s-vlp-srnj-1024x683.jpg\" \/>\n\t<meta property=\"og:image:width\" content=\"1024\" \/>\n\t<meta property=\"og:image:height\" content=\"683\" \/>\n\t<meta property=\"og:image:type\" content=\"image\/jpeg\" \/>\n<meta name=\"author\" content=\"Mladen\" \/>\n<meta name=\"twitter:card\" content=\"summary_large_image\" \/>\n<meta name=\"twitter:creator\" content=\"@morh_osrh\" \/>\n<meta name=\"twitter:site\" content=\"@morh_osrh\" \/>\n<meta name=\"twitter:label1\" content=\"Written by\" \/>\n\t<meta name=\"twitter:data1\" content=\"Mladen\" \/>\n\t<meta name=\"twitter:label2\" content=\"Est. reading time\" \/>\n\t<meta name=\"twitter:data2\" content=\"2 minutes\" \/>\n<script type=\"application\/ld+json\" class=\"yoast-schema-graph\">{\"@context\":\"https:\/\/schema.org\",\"@graph\":[{\"@type\":\"Article\",\"@id\":\"https:\/\/www.morh.hr\/en\/minister-anusic-with-ambassador-of-the-federal-republic-of-germany-christian-hellbach\/#article\",\"isPartOf\":{\"@id\":\"https:\/\/www.morh.hr\/en\/minister-anusic-with-ambassador-of-the-federal-republic-of-germany-christian-hellbach\/\"},\"author\":{\"name\":\"Mladen\",\"@id\":\"https:\/\/www.morh.hr\/en\/#\/schema\/person\/ec8e2528a579067d8bda0ae2124ac768\"},\"headline\":\"Minister Anu\u0161i\u0107 with Ambassador of the Federal Republic of Germany Christian Hellbach\",\"datePublished\":\"2025-05-27T07:02:55+00:00\",\"dateModified\":\"2025-07-29T07:06:44+00:00\",\"mainEntityOfPage\":{\"@id\":\"https:\/\/www.morh.hr\/en\/minister-anusic-with-ambassador-of-the-federal-republic-of-germany-christian-hellbach\/\"},\"wordCount\":206,\"image\":{\"@id\":\"https:\/\/www.morh.hr\/en\/minister-anusic-with-ambassador-of-the-federal-republic-of-germany-christian-hellbach\/#primaryimage\"},\"thumbnailUrl\":\"https:\/\/www.morh.hr\/wp-content\/uploads\/2025\/05\/2025-05-27-sastanak-s-vlp-srnj.jpg\",\"articleSection\":[\"Press releases\"],\"inLanguage\":\"en-US\"},{\"@type\":\"WebPage\",\"@id\":\"https:\/\/www.morh.hr\/en\/minister-anusic-with-ambassador-of-the-federal-republic-of-germany-christian-hellbach\/\",\"url\":\"https:\/\/www.morh.hr\/en\/minister-anusic-with-ambassador-of-the-federal-republic-of-germany-christian-hellbach\/\",\"name\":\"Minister Anu\u0161i\u0107 with Ambassador of the Federal Republic of Germany Christian Hellbach - MORH\",\"isPartOf\":{\"@id\":\"https:\/\/www.morh.hr\/en\/#website\"},\"primaryImageOfPage\":{\"@id\":\"https:\/\/www.morh.hr\/en\/minister-anusic-with-ambassador-of-the-federal-republic-of-germany-christian-hellbach\/#primaryimage\"},\"image\":{\"@id\":\"https:\/\/www.morh.hr\/en\/minister-anusic-with-ambassador-of-the-federal-republic-of-germany-christian-hellbach\/#primaryimage\"},\"thumbnailUrl\":\"https:\/\/www.morh.hr\/wp-content\/uploads\/2025\/05\/2025-05-27-sastanak-s-vlp-srnj.jpg\",\"datePublished\":\"2025-05-27T07:02:55+00:00\",\"dateModified\":\"2025-07-29T07:06:44+00:00\",\"author\":{\"@id\":\"https:\/\/www.morh.hr\/en\/#\/schema\/person\/ec8e2528a579067d8bda0ae2124ac768\"},\"description\":\"I am pleased that we have launched one of the most significant projects with Germany to equip the Croatian Army with German Leopard 2A8 tanks, Minister Anu\u0161i\u0107 said\",\"breadcrumb\":{\"@id\":\"https:\/\/www.morh.hr\/en\/minister-anusic-with-ambassador-of-the-federal-republic-of-germany-christian-hellbach\/#breadcrumb\"},\"inLanguage\":\"en-US\",\"potentialAction\":[{\"@type\":\"ReadAction\",\"target\":[\"https:\/\/www.morh.hr\/en\/minister-anusic-with-ambassador-of-the-federal-republic-of-germany-christian-hellbach\/\"]}]},{\"@type\":\"ImageObject\",\"inLanguage\":\"en-US\",\"@id\":\"https:\/\/www.morh.hr\/en\/minister-anusic-with-ambassador-of-the-federal-republic-of-germany-christian-hellbach\/#primaryimage\",\"url\":\"https:\/\/www.morh.hr\/wp-content\/uploads\/2025\/05\/2025-05-27-sastanak-s-vlp-srnj.jpg\",\"contentUrl\":\"https:\/\/www.morh.hr\/wp-content\/uploads\/2025\/05\/2025-05-27-sastanak-s-vlp-srnj.jpg\",\"width\":2400,\"height\":1600,\"caption\":\"Ministar Anu\u0161i\u0107 s veleposlanikom Savezne Republike Njema\u010dke Christianom Hellbachom | Foto: MORH\/ J. Kopi\"},{\"@type\":\"BreadcrumbList\",\"@id\":\"https:\/\/www.morh.hr\/en\/minister-anusic-with-ambassador-of-the-federal-republic-of-germany-christian-hellbach\/#breadcrumb\",\"itemListElement\":[{\"@type\":\"ListItem\",\"position\":1,\"name\":\"Naslovnica\",\"item\":\"https:\/\/www.morh.hr\/en\/\"},{\"@type\":\"ListItem\",\"position\":2,\"name\":\"News\",\"item\":\"https:\/\/www.morh.hr\/en\/kategorija\/news\/\"},{\"@type\":\"ListItem\",\"position\":3,\"name\":\"Press releases\",\"item\":\"https:\/\/www.morh.hr\/en\/kategorija\/news\/press-releases\/\"},{\"@type\":\"ListItem\",\"position\":4,\"name\":\"Minister Anu\u0161i\u0107 with Ambassador of the Federal Republic of Germany Christian Hellbach\"}]},{\"@type\":\"WebSite\",\"@id\":\"https:\/\/www.morh.hr\/en\/#website\",\"url\":\"https:\/\/www.morh.hr\/en\/\",\"name\":\"MORH\",\"description\":\"Ministarstvo obrane Republike Hrvatske - slu\u017ebene stranice\",\"potentialAction\":[{\"@type\":\"SearchAction\",\"target\":{\"@type\":\"EntryPoint\",\"urlTemplate\":\"https:\/\/www.morh.hr\/en\/?s={search_term_string}\"},\"query-input\":{\"@type\":\"PropertyValueSpecification\",\"valueRequired\":true,\"valueName\":\"search_term_string\"}}],\"inLanguage\":\"en-US\"},{\"@type\":\"Person\",\"@id\":\"https:\/\/www.morh.hr\/en\/#\/schema\/person\/ec8e2528a579067d8bda0ae2124ac768\",\"name\":\"Mladen\",\"image\":{\"@type\":\"ImageObject\",\"inLanguage\":\"en-US\",\"@id\":\"https:\/\/www.morh.hr\/en\/#\/schema\/person\/image\/\",\"url\":\"https:\/\/secure.gravatar.com\/avatar\/3d5ea7ca0d0a523cf2ec98548db52f920a5f6bbfd2c1aa63d237c2f445528cf7?s=96&d=mm&r=g\",\"contentUrl\":\"https:\/\/secure.gravatar.com\/avatar\/3d5ea7ca0d0a523cf2ec98548db52f920a5f6bbfd2c1aa63d237c2f445528cf7?s=96&d=mm&r=g\",\"caption\":\"Mladen\"}}]}<\/script>\n<!-- \/ Yoast SEO plugin. -->","yoast_head_json":{"title":"Minister Anu\u0161i\u0107 with Ambassador of the Federal Republic of Germany Christian Hellbach - MORH","description":"I am pleased that we have launched one of the most significant projects with Germany to equip the Croatian Army with German Leopard 2A8 tanks, Minister Anu\u0161i\u0107 said","robots":{"index":"index","follow":"follow","max-snippet":"max-snippet:-1","max-image-preview":"max-image-preview:large","max-video-preview":"max-video-preview:-1"},"canonical":"https:\/\/www.morh.hr\/en\/minister-anusic-with-ambassador-of-the-federal-republic-of-germany-christian-hellbach\/","og_locale":"en_US","og_type":"article","og_title":"Minister Anu\u0161i\u0107 with Ambassador of the Federal Republic of Germany Christian Hellbach - MORH","og_description":"I am pleased that we have launched one of the most significant projects with Germany to equip the Croatian Army with German Leopard 2A8 tanks, Minister Anu\u0161i\u0107 said","og_url":"https:\/\/www.morh.hr\/en\/minister-anusic-with-ambassador-of-the-federal-republic-of-germany-christian-hellbach\/","og_site_name":"MORH","article_publisher":"https:\/\/www.facebook.com\/sportasiuhrvatskojvojsci\/","article_published_time":"2025-05-27T07:02:55+00:00","article_modified_time":"2025-07-29T07:06:44+00:00","og_image":[{"width":1024,"height":683,"url":"https:\/\/www.morh.hr\/wp-content\/uploads\/2025\/05\/2025-05-27-sastanak-s-vlp-srnj-1024x683.jpg","type":"image\/jpeg"}],"author":"Mladen","twitter_card":"summary_large_image","twitter_creator":"@morh_osrh","twitter_site":"@morh_osrh","twitter_misc":{"Written by":"Mladen","Est. reading time":"2 minutes"},"schema":{"@context":"https:\/\/schema.org","@graph":[{"@type":"Article","@id":"https:\/\/www.morh.hr\/en\/minister-anusic-with-ambassador-of-the-federal-republic-of-germany-christian-hellbach\/#article","isPartOf":{"@id":"https:\/\/www.morh.hr\/en\/minister-anusic-with-ambassador-of-the-federal-republic-of-germany-christian-hellbach\/"},"author":{"name":"Mladen","@id":"https:\/\/www.morh.hr\/en\/#\/schema\/person\/ec8e2528a579067d8bda0ae2124ac768"},"headline":"Minister Anu\u0161i\u0107 with Ambassador of the Federal Republic of Germany Christian Hellbach","datePublished":"2025-05-27T07:02:55+00:00","dateModified":"2025-07-29T07:06:44+00:00","mainEntityOfPage":{"@id":"https:\/\/www.morh.hr\/en\/minister-anusic-with-ambassador-of-the-federal-republic-of-germany-christian-hellbach\/"},"wordCount":206,"image":{"@id":"https:\/\/www.morh.hr\/en\/minister-anusic-with-ambassador-of-the-federal-republic-of-germany-christian-hellbach\/#primaryimage"},"thumbnailUrl":"https:\/\/www.morh.hr\/wp-content\/uploads\/2025\/05\/2025-05-27-sastanak-s-vlp-srnj.jpg","articleSection":["Press releases"],"inLanguage":"en-US"},{"@type":"WebPage","@id":"https:\/\/www.morh.hr\/en\/minister-anusic-with-ambassador-of-the-federal-republic-of-germany-christian-hellbach\/","url":"https:\/\/www.morh.hr\/en\/minister-anusic-with-ambassador-of-the-federal-republic-of-germany-christian-hellbach\/","name":"Minister Anu\u0161i\u0107 with Ambassador of the Federal Republic of Germany Christian Hellbach - MORH","isPartOf":{"@id":"https:\/\/www.morh.hr\/en\/#website"},"primaryImageOfPage":{"@id":"https:\/\/www.morh.hr\/en\/minister-anusic-with-ambassador-of-the-federal-republic-of-germany-christian-hellbach\/#primaryimage"},"image":{"@id":"https:\/\/www.morh.hr\/en\/minister-anusic-with-ambassador-of-the-federal-republic-of-germany-christian-hellbach\/#primaryimage"},"thumbnailUrl":"https:\/\/www.morh.hr\/wp-content\/uploads\/2025\/05\/2025-05-27-sastanak-s-vlp-srnj.jpg","datePublished":"2025-05-27T07:02:55+00:00","dateModified":"2025-07-29T07:06:44+00:00","author":{"@id":"https:\/\/www.morh.hr\/en\/#\/schema\/person\/ec8e2528a579067d8bda0ae2124ac768"},"description":"I am pleased that we have launched one of the most significant projects with Germany to equip the Croatian Army with German Leopard 2A8 tanks, Minister Anu\u0161i\u0107 said","breadcrumb":{"@id":"https:\/\/www.morh.hr\/en\/minister-anusic-with-ambassador-of-the-federal-republic-of-germany-christian-hellbach\/#breadcrumb"},"inLanguage":"en-US","potentialAction":[{"@type":"ReadAction","target":["https:\/\/www.morh.hr\/en\/minister-anusic-with-ambassador-of-the-federal-republic-of-germany-christian-hellbach\/"]}]},{"@type":"ImageObject","inLanguage":"en-US","@id":"https:\/\/www.morh.hr\/en\/minister-anusic-with-ambassador-of-the-federal-republic-of-germany-christian-hellbach\/#primaryimage","url":"https:\/\/www.morh.hr\/wp-content\/uploads\/2025\/05\/2025-05-27-sastanak-s-vlp-srnj.jpg","contentUrl":"https:\/\/www.morh.hr\/wp-content\/uploads\/2025\/05\/2025-05-27-sastanak-s-vlp-srnj.jpg","width":2400,"height":1600,"caption":"Ministar Anu\u0161i\u0107 s veleposlanikom Savezne Republike Njema\u010dke Christianom Hellbachom | Foto: MORH\/ J. Kopi"},{"@type":"BreadcrumbList","@id":"https:\/\/www.morh.hr\/en\/minister-anusic-with-ambassador-of-the-federal-republic-of-germany-christian-hellbach\/#breadcrumb","itemListElement":[{"@type":"ListItem","position":1,"name":"Naslovnica","item":"https:\/\/www.morh.hr\/en\/"},{"@type":"ListItem","position":2,"name":"News","item":"https:\/\/www.morh.hr\/en\/kategorija\/news\/"},{"@type":"ListItem","position":3,"name":"Press releases","item":"https:\/\/www.morh.hr\/en\/kategorija\/news\/press-releases\/"},{"@type":"ListItem","position":4,"name":"Minister Anu\u0161i\u0107 with Ambassador of the Federal Republic of Germany Christian Hellbach"}]},{"@type":"WebSite","@id":"https:\/\/www.morh.hr\/en\/#website","url":"https:\/\/www.morh.hr\/en\/","name":"MORH","description":"Ministarstvo obrane Republike Hrvatske - slu\u017ebene stranice","potentialAction":[{"@type":"SearchAction","target":{"@type":"EntryPoint","urlTemplate":"https:\/\/www.morh.hr\/en\/?s={search_term_string}"},"query-input":{"@type":"PropertyValueSpecification","valueRequired":true,"valueName":"search_term_string"}}],"inLanguage":"en-US"},{"@type":"Person","@id":"https:\/\/www.morh.hr\/en\/#\/schema\/person\/ec8e2528a579067d8bda0ae2124ac768","name":"Mladen","image":{"@type":"ImageObject","inLanguage":"en-US","@id":"https:\/\/www.morh.hr\/en\/#\/schema\/person\/image\/","url":"https:\/\/secure.gravatar.com\/avatar\/3d5ea7ca0d0a523cf2ec98548db52f920a5f6bbfd2c1aa63d237c2f445528cf7?s=96&d=mm&r=g","contentUrl":"https:\/\/secure.gravatar.com\/avatar\/3d5ea7ca0d0a523cf2ec98548db52f920a5f6bbfd2c1aa63d237c2f445528cf7?s=96&d=mm&r=g","caption":"Mladen"}}]}},"_links":{"self":[{"href":"https:\/\/www.morh.hr\/en\/wp-json\/wp\/v2\/posts\/257884","targetHints":{"allow":["GET"]}}],"collection":[{"href":"https:\/\/www.morh.hr\/en\/wp-json\/wp\/v2\/posts"}],"about":[{"href":"https:\/\/www.morh.hr\/en\/wp-json\/wp\/v2\/types\/post"}],"author":[{"embeddable":true,"href":"https:\/\/www.morh.hr\/en\/wp-json\/wp\/v2\/users\/4699"}],"replies":[{"embeddable":true,"href":"https:\/\/www.morh.hr\/en\/wp-json\/wp\/v2\/comments?post=257884"}],"version-history":[{"count":1,"href":"https:\/\/www.morh.hr\/en\/wp-json\/wp\/v2\/posts\/257884\/revisions"}],"predecessor-version":[{"id":257885,"href":"https:\/\/www.morh.hr\/en\/wp-json\/wp\/v2\/posts\/257884\/revisions\/257885"}],"wp:featuredmedia":[{"embeddable":true,"href":"https:\/\/www.morh.hr\/en\/wp-json\/wp\/v2\/media\/255185"}],"wp:attachment":[{"href":"https:\/\/www.morh.hr\/en\/wp-json\/wp\/v2\/media?parent=257884"}],"wp:term":[{"taxonomy":"category","embeddable":true,"href":"https:\/\/www.morh.hr\/en\/wp-json\/wp\/v2\/categories?post=257884"},{"taxonomy":"post_tag","embeddable":true,"href":"https:\/\/www.morh.hr\/en\/wp-json\/wp\/v2\/tags?post=257884"}],"curies":[{"name":"wp","href":"https:\/\/api.w.org\/{rel}","templated":true}]}}