{"id":257886,"date":"2025-05-27T09:08:18","date_gmt":"2025-05-27T07:08:18","guid":{"rendered":"https:\/\/www.morh.hr\/?p=257886"},"modified":"2025-07-29T09:11:09","modified_gmt":"2025-07-29T07:11:09","slug":"the-34th-anniversary-of-the-croatian-army-celebrated-in-karlovac","status":"publish","type":"post","link":"https:\/\/www.morh.hr\/en\/the-34th-anniversary-of-the-croatian-army-celebrated-in-karlovac\/","title":{"rendered":"The 34th anniversary of the Croatian Army celebrated in Karlovac"},"content":{"rendered":"<p>Today, on Tuesday 27 May 2025, on occasion of the 34th anniversary of founding the Croatian Army, a ceremonial academy was held at the Croatian Army Centre in Karlovac.<\/p>\n<p><strong>The level of technical equipment increases our strength, while people remain the centre of every capability<\/strong><\/p>\n<p>In his address, Commander of the Croatian Army, Major General Bla\u017e Beretin, referred to beginnings of the organization of this largest service of the Croatian Armed Forces, emphasizing the importance of the level of technical equipment, togetherness and care for people who are the most important part and foundation of every unit.<\/p>\n<p>&#8220;From the Homeland War to the present day, we have undergone numerous transformations and have equipped ourselves with new and modern weapons and weapons systems that we are constantly improving and expanding in order to be ready to respond to challenges of the times in which the security situation changes almost daily,&#8221; he said.<\/p>\n<p>&#8220;We, the participants of the Homeland War, know well that technical equipment is an important part of combat readiness, but the spirit of unity and continuous care for people is the centre of gravity of every unit. We must always focus on caring for our members by ensuring they can exercise their rights, education and promotion.&#8221;<\/p>\n<p>The well-being of soldiers, non-commissioned officers and officers, raising their standard of living and work is a constant task for everyone in the chain of command. Let us focus on nurturing interpersonal relationships and developing a stimulating working environment. Achieving this goal requires synergy from all our units, whose professionalism, effort and commitment I particularly commend,&#8221; General Beretin emphasized.<\/p>\n<p>The ceremonial commemoration was attended, alongside with Commander of the Croatian Army Major General Bla\u017e Beretin, by Commander of the Croatian Air Force MG Michael Kri\u017eanec, Commander of the Croatian Navy Commodore Damir Dojki\u0107, Chief of the Intelligence Directorate of the CAF General Staff BG Mijo Valid\u017ei\u0107, Commander of the Support Command Colonel Mijo Vuki\u010devi\u0107, Commander of the Special Forces Command, Colonel Ivan Milo\u0161, the CSM of the Croatian Armed Forces, Sergeant Major Filip Tunji\u0107, and representatives of the local and regional authorities, as well as representatives of associations that ensue from the Homeland War.<\/p>\n<p><strong>28 May 28 1991 \u2013 beginning of the creation of the Croatian Army<\/strong><\/p>\n<p>Every year on 28 May, the Day of the Croatian Army is celebrated, in memory of the historic event from 1991, when the first professional military unit of the Republic of Croatia \u2013 the National Guard Corps (ZNG) \u2013 was formed into ranks on Kranj\u010devi\u0107eva Street in Zagreb. This date marks the beginning of the creation of the Croatian Army, the fundamental force in defence of the independence and territorial integrity of the Republic of Croatia.<\/p>\n<p>The anniversary of the Croatian Army, the largest service of the Armed Forces, is an opportunity to pay tribute and gratitude to Croatian war veterans and their families, and to acknowledge all members of the Croatian Army who, with their professionalism, sacrifice and dedication, safeguard the security and sovereignty of the Republic of Croatia on a daily basis.<\/p>\n<div class=\"morh-galleria\"><a href=\"https:\/\/live.staticflickr.com\/65535\/54549054706_57d7fa2e1f_h.jpg\" title=\"U Karlovcu sve\u010dano obilje\u017eena 34. obljetnica Hrvatske kopnene vojske\"><img decoding=\"async\" data-title=\"U Karlovcu sve\u010dano obilje\u017eena 34. obljetnica Hrvatske kopnene vojske\" data-description=\"Povodom obilje\u017eavanja 34. obljetnice osnutka Hrvatske kopnene vojske u Domu Hrvatske vojske u Karlovcu danas je, u utorak 27. svibnja 2025. godine, odr\u017eana sve\u010dana akademija | Foto: MORH\/ T. Brandt\" alt=\"U Karlovcu sve\u010dano obilje\u017eena 34. obljetnica Hrvatske kopnene vojske\" src=\"https:\/\/live.staticflickr.com\/65535\/54549054706_57d7fa2e1f_h.jpg\" data-layer=\"&lt;div class=&#039;morh-gallery-image-download&#039;&gt;&lt;a href=&#039;https:\/\/live.staticflickr.com\/65535\/54549054706_58e371c163_o.jpg&#039; target=&#039;_blank&#039;&gt;Slika za preuzimanje&lt;\/a&gt;&lt;\/div&gt;\" \/><\/a><a href=\"https:\/\/live.staticflickr.com\/65535\/54548179722_4f0910197f_h.jpg\" title=\"U Karlovcu sve\u010dano obilje\u017eena 34. obljetnica Hrvatske kopnene vojske\"><img decoding=\"async\" data-title=\"U Karlovcu sve\u010dano obilje\u017eena 34. obljetnica Hrvatske kopnene vojske\" data-description=\"Povodom obilje\u017eavanja 34. obljetnice osnutka Hrvatske kopnene vojske u Domu Hrvatske vojske u Karlovcu danas je, u utorak 27. svibnja 2025. godine, odr\u017eana sve\u010dana akademija | Foto: MORH\/ T. Brandt\" alt=\"U Karlovcu sve\u010dano obilje\u017eena 34. obljetnica Hrvatske kopnene vojske\" src=\"https:\/\/live.staticflickr.com\/65535\/54548179722_4f0910197f_h.jpg\" data-layer=\"&lt;div class=&#039;morh-gallery-image-download&#039;&gt;&lt;a href=&#039;https:\/\/live.staticflickr.com\/65535\/54548179722_63b867eba2_o.jpg&#039; target=&#039;_blank&#039;&gt;Slika za preuzimanje&lt;\/a&gt;&lt;\/div&gt;\" \/><\/a><a href=\"https:\/\/live.staticflickr.com\/65535\/54549235154_7ffb7eacbf_h.jpg\" title=\"U Karlovcu sve\u010dano obilje\u017eena 34. obljetnica Hrvatske kopnene vojske\"><img decoding=\"async\" data-title=\"U Karlovcu sve\u010dano obilje\u017eena 34. obljetnica Hrvatske kopnene vojske\" data-description=\"Povodom obilje\u017eavanja 34. obljetnice osnutka Hrvatske kopnene vojske u Domu Hrvatske vojske u Karlovcu danas je, u utorak 27. svibnja 2025. godine, odr\u017eana sve\u010dana akademija | Foto: MORH\/ T. Brandt\" alt=\"U Karlovcu sve\u010dano obilje\u017eena 34. obljetnica Hrvatske kopnene vojske\" src=\"https:\/\/live.staticflickr.com\/65535\/54549235154_7ffb7eacbf_h.jpg\" data-layer=\"&lt;div class=&#039;morh-gallery-image-download&#039;&gt;&lt;a href=&#039;https:\/\/live.staticflickr.com\/65535\/54549235154_7981d9d080_o.jpg&#039; target=&#039;_blank&#039;&gt;Slika za preuzimanje&lt;\/a&gt;&lt;\/div&gt;\" \/><\/a><a href=\"https:\/\/live.staticflickr.com\/65535\/54549054551_ccd1cd3660_h.jpg\" title=\"U Karlovcu sve\u010dano obilje\u017eena 34. obljetnica Hrvatske kopnene vojske\"><img decoding=\"async\" data-title=\"U Karlovcu sve\u010dano obilje\u017eena 34. obljetnica Hrvatske kopnene vojske\" data-description=\"Povodom obilje\u017eavanja 34. obljetnice osnutka Hrvatske kopnene vojske u Domu Hrvatske vojske u Karlovcu danas je, u utorak 27. svibnja 2025. godine, odr\u017eana sve\u010dana akademija | Foto: MORH\/ T. Brandt\" alt=\"U Karlovcu sve\u010dano obilje\u017eena 34. obljetnica Hrvatske kopnene vojske\" src=\"https:\/\/live.staticflickr.com\/65535\/54549054551_ccd1cd3660_h.jpg\" data-layer=\"&lt;div class=&#039;morh-gallery-image-download&#039;&gt;&lt;a href=&#039;https:\/\/live.staticflickr.com\/65535\/54549054551_0d17e4c631_o.jpg&#039; target=&#039;_blank&#039;&gt;Slika za preuzimanje&lt;\/a&gt;&lt;\/div&gt;\" \/><\/a><a href=\"https:\/\/live.staticflickr.com\/65535\/54549392225_b0808ce16b_h.jpg\" title=\"U Karlovcu sve\u010dano obilje\u017eena 34. obljetnica Hrvatske kopnene vojske\"><img decoding=\"async\" data-title=\"U Karlovcu sve\u010dano obilje\u017eena 34. obljetnica Hrvatske kopnene vojske\" data-description=\"Povodom obilje\u017eavanja 34. obljetnice osnutka Hrvatske kopnene vojske u Domu Hrvatske vojske u Karlovcu danas je, u utorak 27. svibnja 2025. godine, odr\u017eana sve\u010dana akademija | Foto: MORH\/ T. Brandt\" alt=\"U Karlovcu sve\u010dano obilje\u017eena 34. obljetnica Hrvatske kopnene vojske\" src=\"https:\/\/live.staticflickr.com\/65535\/54549392225_b0808ce16b_h.jpg\" data-layer=\"&lt;div class=&#039;morh-gallery-image-download&#039;&gt;&lt;a href=&#039;https:\/\/live.staticflickr.com\/65535\/54549392225_dd2796f90f_o.jpg&#039; target=&#039;_blank&#039;&gt;Slika za preuzimanje&lt;\/a&gt;&lt;\/div&gt;\" \/><\/a><a href=\"https:\/\/live.staticflickr.com\/65535\/54549288433_b4fa2d9fa1_h.jpg\" title=\"U Karlovcu sve\u010dano obilje\u017eena 34. obljetnica Hrvatske kopnene vojske\"><img decoding=\"async\" data-title=\"U Karlovcu sve\u010dano obilje\u017eena 34. obljetnica Hrvatske kopnene vojske\" data-description=\"Povodom obilje\u017eavanja 34. obljetnice osnutka Hrvatske kopnene vojske u Domu Hrvatske vojske u Karlovcu danas je, u utorak 27. svibnja 2025. godine, odr\u017eana sve\u010dana akademija | Foto: MORH\/ T. Brandt\" alt=\"U Karlovcu sve\u010dano obilje\u017eena 34. obljetnica Hrvatske kopnene vojske\" src=\"https:\/\/live.staticflickr.com\/65535\/54549288433_b4fa2d9fa1_h.jpg\" data-layer=\"&lt;div class=&#039;morh-gallery-image-download&#039;&gt;&lt;a href=&#039;https:\/\/live.staticflickr.com\/65535\/54549288433_fce82aab77_o.jpg&#039; target=&#039;_blank&#039;&gt;Slika za preuzimanje&lt;\/a&gt;&lt;\/div&gt;\" \/><\/a><a href=\"https:\/\/live.staticflickr.com\/65535\/54549054671_f1eaac6bf9_h.jpg\" title=\"U Karlovcu sve\u010dano obilje\u017eena 34. obljetnica Hrvatske kopnene vojske\"><img decoding=\"async\" data-title=\"U Karlovcu sve\u010dano obilje\u017eena 34. obljetnica Hrvatske kopnene vojske\" data-description=\"Povodom obilje\u017eavanja 34. obljetnice osnutka Hrvatske kopnene vojske u Domu Hrvatske vojske u Karlovcu danas je, u utorak 27. svibnja 2025. godine, odr\u017eana sve\u010dana akademija | Foto: MORH\/ T. Brandt\" alt=\"U Karlovcu sve\u010dano obilje\u017eena 34. obljetnica Hrvatske kopnene vojske\" src=\"https:\/\/live.staticflickr.com\/65535\/54549054671_f1eaac6bf9_h.jpg\" data-layer=\"&lt;div class=&#039;morh-gallery-image-download&#039;&gt;&lt;a href=&#039;https:\/\/live.staticflickr.com\/65535\/54549054671_7f5a676870_o.jpg&#039; target=&#039;_blank&#039;&gt;Slika za preuzimanje&lt;\/a&gt;&lt;\/div&gt;\" \/><\/a><a href=\"https:\/\/live.staticflickr.com\/65535\/54549235134_a85bba32e6_h.jpg\" title=\"U Karlovcu sve\u010dano obilje\u017eena 34. obljetnica Hrvatske kopnene vojske\"><img decoding=\"async\" data-title=\"U Karlovcu sve\u010dano obilje\u017eena 34. obljetnica Hrvatske kopnene vojske\" data-description=\"Povodom obilje\u017eavanja 34. obljetnice osnutka Hrvatske kopnene vojske u Domu Hrvatske vojske u Karlovcu danas je, u utorak 27. svibnja 2025. godine, odr\u017eana sve\u010dana akademija | Foto: MORH\/ T. Brandt\" alt=\"U Karlovcu sve\u010dano obilje\u017eena 34. obljetnica Hrvatske kopnene vojske\" src=\"https:\/\/live.staticflickr.com\/65535\/54549235134_a85bba32e6_h.jpg\" data-layer=\"&lt;div class=&#039;morh-gallery-image-download&#039;&gt;&lt;a href=&#039;https:\/\/live.staticflickr.com\/65535\/54549235134_8e3a07ce6a_o.jpg&#039; target=&#039;_blank&#039;&gt;Slika za preuzimanje&lt;\/a&gt;&lt;\/div&gt;\" \/><\/a><a href=\"https:\/\/live.staticflickr.com\/65535\/54549288363_c20afe87d9_h.jpg\" title=\"U Karlovcu sve\u010dano obilje\u017eena 34. obljetnica Hrvatske kopnene vojske\"><img decoding=\"async\" data-title=\"U Karlovcu sve\u010dano obilje\u017eena 34. obljetnica Hrvatske kopnene vojske\" data-description=\"Povodom obilje\u017eavanja 34. obljetnice osnutka Hrvatske kopnene vojske u Domu Hrvatske vojske u Karlovcu danas je, u utorak 27. svibnja 2025. godine, odr\u017eana sve\u010dana akademija | Foto: MORH\/ T. Brandt\" alt=\"U Karlovcu sve\u010dano obilje\u017eena 34. obljetnica Hrvatske kopnene vojske\" src=\"https:\/\/live.staticflickr.com\/65535\/54549288363_c20afe87d9_h.jpg\" data-layer=\"&lt;div class=&#039;morh-gallery-image-download&#039;&gt;&lt;a href=&#039;https:\/\/live.staticflickr.com\/65535\/54549288363_6a37569f27_o.jpg&#039; target=&#039;_blank&#039;&gt;Slika za preuzimanje&lt;\/a&gt;&lt;\/div&gt;\" \/><\/a><a href=\"https:\/\/live.staticflickr.com\/65535\/54549392190_8a1b4fd7c8_h.jpg\" title=\"U Karlovcu sve\u010dano obilje\u017eena 34. obljetnica Hrvatske kopnene vojske\"><img decoding=\"async\" data-title=\"U Karlovcu sve\u010dano obilje\u017eena 34. obljetnica Hrvatske kopnene vojske\" data-description=\"Povodom obilje\u017eavanja 34. obljetnice osnutka Hrvatske kopnene vojske u Domu Hrvatske vojske u Karlovcu danas je, u utorak 27. svibnja 2025. godine, odr\u017eana sve\u010dana akademija | Foto: MORH\/ T. Brandt\" alt=\"U Karlovcu sve\u010dano obilje\u017eena 34. obljetnica Hrvatske kopnene vojske\" src=\"https:\/\/live.staticflickr.com\/65535\/54549392190_8a1b4fd7c8_h.jpg\" data-layer=\"&lt;div class=&#039;morh-gallery-image-download&#039;&gt;&lt;a href=&#039;https:\/\/live.staticflickr.com\/65535\/54549392190_21e4600304_o.jpg&#039; target=&#039;_blank&#039;&gt;Slika za preuzimanje&lt;\/a&gt;&lt;\/div&gt;\" \/><\/a><a href=\"https:\/\/live.staticflickr.com\/65535\/54549235184_26cafb6658_h.jpg\" title=\"U Karlovcu sve\u010dano obilje\u017eena 34. obljetnica Hrvatske kopnene vojske\"><img decoding=\"async\" data-title=\"U Karlovcu sve\u010dano obilje\u017eena 34. obljetnica Hrvatske kopnene vojske\" data-description=\"Povodom obilje\u017eavanja 34. obljetnice osnutka Hrvatske kopnene vojske u Domu Hrvatske vojske u Karlovcu danas je, u utorak 27. svibnja 2025. godine, odr\u017eana sve\u010dana akademija | Foto: MORH\/ T. Brandt\" alt=\"U Karlovcu sve\u010dano obilje\u017eena 34. obljetnica Hrvatske kopnene vojske\" src=\"https:\/\/live.staticflickr.com\/65535\/54549235184_26cafb6658_h.jpg\" data-layer=\"&lt;div class=&#039;morh-gallery-image-download&#039;&gt;&lt;a href=&#039;https:\/\/live.staticflickr.com\/65535\/54549235184_b3e5d4b1f6_o.jpg&#039; target=&#039;_blank&#039;&gt;Slika za preuzimanje&lt;\/a&gt;&lt;\/div&gt;\" \/><\/a><a href=\"https:\/\/live.staticflickr.com\/65535\/54549392150_91de5dd757_h.jpg\" title=\"U Karlovcu sve\u010dano obilje\u017eena 34. obljetnica Hrvatske kopnene vojske\"><img decoding=\"async\" data-title=\"U Karlovcu sve\u010dano obilje\u017eena 34. obljetnica Hrvatske kopnene vojske\" data-description=\"Povodom obilje\u017eavanja 34. obljetnice osnutka Hrvatske kopnene vojske u Domu Hrvatske vojske u Karlovcu danas je, u utorak 27. svibnja 2025. godine, odr\u017eana sve\u010dana akademija | Foto: MORH\/ T. Brandt\" alt=\"U Karlovcu sve\u010dano obilje\u017eena 34. obljetnica Hrvatske kopnene vojske\" src=\"https:\/\/live.staticflickr.com\/65535\/54549392150_91de5dd757_h.jpg\" data-layer=\"&lt;div class=&#039;morh-gallery-image-download&#039;&gt;&lt;a href=&#039;https:\/\/live.staticflickr.com\/65535\/54549392150_d0de4ef7a0_o.jpg&#039; target=&#039;_blank&#039;&gt;Slika za preuzimanje&lt;\/a&gt;&lt;\/div&gt;\" \/><\/a><a href=\"https:\/\/live.staticflickr.com\/65535\/54548179647_b21dfc5fce_h.jpg\" title=\"U Karlovcu sve\u010dano obilje\u017eena 34. obljetnica Hrvatske kopnene vojske\"><img decoding=\"async\" data-title=\"U Karlovcu sve\u010dano obilje\u017eena 34. obljetnica Hrvatske kopnene vojske\" data-description=\"Povodom obilje\u017eavanja 34. obljetnice osnutka Hrvatske kopnene vojske u Domu Hrvatske vojske u Karlovcu danas je, u utorak 27. svibnja 2025. godine, odr\u017eana sve\u010dana akademija | Foto: MORH\/ T. Brandt\" alt=\"U Karlovcu sve\u010dano obilje\u017eena 34. obljetnica Hrvatske kopnene vojske\" src=\"https:\/\/live.staticflickr.com\/65535\/54548179647_b21dfc5fce_h.jpg\" data-layer=\"&lt;div class=&#039;morh-gallery-image-download&#039;&gt;&lt;a href=&#039;https:\/\/live.staticflickr.com\/65535\/54548179647_e07cf673c7_o.jpg&#039; target=&#039;_blank&#039;&gt;Slika za preuzimanje&lt;\/a&gt;&lt;\/div&gt;\" \/><\/a><a href=\"https:\/\/live.staticflickr.com\/65535\/54549288318_a23f22ea0b_h.jpg\" title=\"U Karlovcu sve\u010dano obilje\u017eena 34. obljetnica Hrvatske kopnene vojske\"><img decoding=\"async\" data-title=\"U Karlovcu sve\u010dano obilje\u017eena 34. obljetnica Hrvatske kopnene vojske\" data-description=\"Povodom obilje\u017eavanja 34. obljetnice osnutka Hrvatske kopnene vojske u Domu Hrvatske vojske u Karlovcu danas je, u utorak 27. svibnja 2025. godine, odr\u017eana sve\u010dana akademija | Foto: MORH\/ T. Brandt\" alt=\"U Karlovcu sve\u010dano obilje\u017eena 34. obljetnica Hrvatske kopnene vojske\" src=\"https:\/\/live.staticflickr.com\/65535\/54549288318_a23f22ea0b_h.jpg\" data-layer=\"&lt;div class=&#039;morh-gallery-image-download&#039;&gt;&lt;a href=&#039;https:\/\/live.staticflickr.com\/65535\/54549288318_03de16d7ba_o.jpg&#039; target=&#039;_blank&#039;&gt;Slika za preuzimanje&lt;\/a&gt;&lt;\/div&gt;\" \/><\/a><a href=\"https:\/\/live.staticflickr.com\/65535\/54549392095_ec1609ec29_h.jpg\" title=\"U Karlovcu sve\u010dano obilje\u017eena 34. obljetnica Hrvatske kopnene vojske\"><img decoding=\"async\" data-title=\"U Karlovcu sve\u010dano obilje\u017eena 34. obljetnica Hrvatske kopnene vojske\" data-description=\"Povodom obilje\u017eavanja 34. obljetnice osnutka Hrvatske kopnene vojske u Domu Hrvatske vojske u Karlovcu danas je, u utorak 27. svibnja 2025. godine, odr\u017eana sve\u010dana akademija | Foto: MORH\/ T. Brandt\" alt=\"U Karlovcu sve\u010dano obilje\u017eena 34. obljetnica Hrvatske kopnene vojske\" src=\"https:\/\/live.staticflickr.com\/65535\/54549392095_ec1609ec29_h.jpg\" data-layer=\"&lt;div class=&#039;morh-gallery-image-download&#039;&gt;&lt;a href=&#039;https:\/\/live.staticflickr.com\/65535\/54549392095_435f450d86_o.jpg&#039; target=&#039;_blank&#039;&gt;Slika za preuzimanje&lt;\/a&gt;&lt;\/div&gt;\" \/><\/a><a href=\"https:\/\/live.staticflickr.com\/65535\/54548179557_ce58eb1f92_h.jpg\" title=\"U Karlovcu sve\u010dano obilje\u017eena 34. obljetnica Hrvatske kopnene vojske\"><img decoding=\"async\" data-title=\"U Karlovcu sve\u010dano obilje\u017eena 34. obljetnica Hrvatske kopnene vojske\" data-description=\"Povodom obilje\u017eavanja 34. obljetnice osnutka Hrvatske kopnene vojske u Domu Hrvatske vojske u Karlovcu danas je, u utorak 27. svibnja 2025. godine, odr\u017eana sve\u010dana akademija | Foto: MORH\/ T. Brandt\" alt=\"U Karlovcu sve\u010dano obilje\u017eena 34. obljetnica Hrvatske kopnene vojske\" src=\"https:\/\/live.staticflickr.com\/65535\/54548179557_ce58eb1f92_h.jpg\" data-layer=\"&lt;div class=&#039;morh-gallery-image-download&#039;&gt;&lt;a href=&#039;https:\/\/live.staticflickr.com\/65535\/54548179557_f22fa664e5_o.jpg&#039; target=&#039;_blank&#039;&gt;Slika za preuzimanje&lt;\/a&gt;&lt;\/div&gt;\" \/><\/a><a href=\"https:\/\/live.staticflickr.com\/65535\/54548179547_b8a71fc4c3_h.jpg\" title=\"U Karlovcu sve\u010dano obilje\u017eena 34. obljetnica Hrvatske kopnene vojske\"><img decoding=\"async\" data-title=\"U Karlovcu sve\u010dano obilje\u017eena 34. obljetnica Hrvatske kopnene vojske\" data-description=\"Povodom obilje\u017eavanja 34. obljetnice osnutka Hrvatske kopnene vojske u Domu Hrvatske vojske u Karlovcu danas je, u utorak 27. svibnja 2025. godine, odr\u017eana sve\u010dana akademija | Foto: MORH\/ T. Brandt\" alt=\"U Karlovcu sve\u010dano obilje\u017eena 34. obljetnica Hrvatske kopnene vojske\" src=\"https:\/\/live.staticflickr.com\/65535\/54548179547_b8a71fc4c3_h.jpg\" data-layer=\"&lt;div class=&#039;morh-gallery-image-download&#039;&gt;&lt;a href=&#039;https:\/\/live.staticflickr.com\/65535\/54548179547_cba62c8856_o.jpg&#039; target=&#039;_blank&#039;&gt;Slika za preuzimanje&lt;\/a&gt;&lt;\/div&gt;\" \/><\/a><a href=\"https:\/\/live.staticflickr.com\/65535\/54549235209_f2fa80e08c_h.jpg\" title=\"U Karlovcu sve\u010dano obilje\u017eena 34. obljetnica Hrvatske kopnene vojske\"><img decoding=\"async\" data-title=\"U Karlovcu sve\u010dano obilje\u017eena 34. obljetnica Hrvatske kopnene vojske\" data-description=\"Povodom obilje\u017eavanja 34. obljetnice osnutka Hrvatske kopnene vojske u Domu Hrvatske vojske u Karlovcu danas je, u utorak 27. svibnja 2025. godine, odr\u017eana sve\u010dana akademija | Foto: MORH\/ T. Brandt\" alt=\"U Karlovcu sve\u010dano obilje\u017eena 34. obljetnica Hrvatske kopnene vojske\" src=\"https:\/\/live.staticflickr.com\/65535\/54549235209_f2fa80e08c_h.jpg\" data-layer=\"&lt;div class=&#039;morh-gallery-image-download&#039;&gt;&lt;a href=&#039;https:\/\/live.staticflickr.com\/65535\/54549235209_55c6590b6d_o.jpg&#039; target=&#039;_blank&#039;&gt;Slika za preuzimanje&lt;\/a&gt;&lt;\/div&gt;\" \/><\/a><a href=\"https:\/\/live.staticflickr.com\/65535\/54548179567_84cf257f59_h.jpg\" title=\"U Karlovcu sve\u010dano obilje\u017eena 34. obljetnica Hrvatske kopnene vojske\"><img decoding=\"async\" data-title=\"U Karlovcu sve\u010dano obilje\u017eena 34. obljetnica Hrvatske kopnene vojske\" data-description=\"Povodom obilje\u017eavanja 34. obljetnice osnutka Hrvatske kopnene vojske u Domu Hrvatske vojske u Karlovcu danas je, u utorak 27. svibnja 2025. godine, odr\u017eana sve\u010dana akademija | Foto: MORH\/ T. Brandt\" alt=\"U Karlovcu sve\u010dano obilje\u017eena 34. obljetnica Hrvatske kopnene vojske\" src=\"https:\/\/live.staticflickr.com\/65535\/54548179567_84cf257f59_h.jpg\" data-layer=\"&lt;div class=&#039;morh-gallery-image-download&#039;&gt;&lt;a href=&#039;https:\/\/live.staticflickr.com\/65535\/54548179567_d301e39ce8_o.jpg&#039; target=&#039;_blank&#039;&gt;Slika za preuzimanje&lt;\/a&gt;&lt;\/div&gt;\" \/><\/a><a href=\"https:\/\/live.staticflickr.com\/65535\/54549288253_cba5dbb966_h.jpg\" title=\"U Karlovcu sve\u010dano obilje\u017eena 34. obljetnica Hrvatske kopnene vojske\"><img decoding=\"async\" data-title=\"U Karlovcu sve\u010dano obilje\u017eena 34. obljetnica Hrvatske kopnene vojske\" data-description=\"Povodom obilje\u017eavanja 34. obljetnice osnutka Hrvatske kopnene vojske u Domu Hrvatske vojske u Karlovcu danas je, u utorak 27. svibnja 2025. godine, odr\u017eana sve\u010dana akademija | Foto: MORH\/ T. Brandt\" alt=\"U Karlovcu sve\u010dano obilje\u017eena 34. obljetnica Hrvatske kopnene vojske\" src=\"https:\/\/live.staticflickr.com\/65535\/54549288253_cba5dbb966_h.jpg\" data-layer=\"&lt;div class=&#039;morh-gallery-image-download&#039;&gt;&lt;a href=&#039;https:\/\/live.staticflickr.com\/65535\/54549288253_dd56d02c12_o.jpg&#039; target=&#039;_blank&#039;&gt;Slika za preuzimanje&lt;\/a&gt;&lt;\/div&gt;\" \/><\/a><\/div><!--\/.morh-galleria -->\n","protected":false},"excerpt":{"rendered":"<p>General Beretin stressed the importance of the level of equipment and care for people as the basis of the strength of units and thanked all members of the Croatian Army for their dedication and service to the homeland<\/p>\n","protected":false},"author":4699,"featured_media":255224,"comment_status":"closed","ping_status":"closed","sticky":false,"template":"","format":"standard","meta":{"_acf_changed":false,"_monsterinsights_skip_tracking":false,"_monsterinsights_sitenote_active":false,"_monsterinsights_sitenote_note":"","_monsterinsights_sitenote_category":0,"footnotes":""},"categories":[117],"tags":[],"class_list":["post-257886","post","type-post","status-publish","format-standard","has-post-thumbnail","hentry","category-press-releases"],"acf":[],"yoast_head":"<!-- This site is optimized with the Yoast SEO plugin v26.9 - https:\/\/yoast.com\/product\/yoast-seo-wordpress\/ -->\n<title>The 34th anniversary of the Croatian Army celebrated in Karlovac - MORH<\/title>\n<meta name=\"description\" content=\"General Beretin stressed the importance of the level of equipment and care for people as the basis of the strength of units and thanked all members of the Croatian Army for their dedication and service to the homeland\" \/>\n<meta name=\"robots\" content=\"index, follow, max-snippet:-1, max-image-preview:large, max-video-preview:-1\" \/>\n<link rel=\"canonical\" href=\"https:\/\/www.morh.hr\/en\/the-34th-anniversary-of-the-croatian-army-celebrated-in-karlovac\/\" \/>\n<meta property=\"og:locale\" content=\"en_US\" \/>\n<meta property=\"og:type\" content=\"article\" \/>\n<meta property=\"og:title\" content=\"The 34th anniversary of the Croatian Army celebrated in Karlovac - MORH\" \/>\n<meta property=\"og:description\" content=\"General Beretin stressed the importance of the level of equipment and care for people as the basis of the strength of units and thanked all members of the Croatian Army for their dedication and service to the homeland\" \/>\n<meta property=\"og:url\" content=\"https:\/\/www.morh.hr\/en\/the-34th-anniversary-of-the-croatian-army-celebrated-in-karlovac\/\" \/>\n<meta property=\"og:site_name\" content=\"MORH\" \/>\n<meta property=\"article:publisher\" content=\"https:\/\/www.facebook.com\/sportasiuhrvatskojvojsci\/\" \/>\n<meta property=\"article:published_time\" content=\"2025-05-27T07:08:18+00:00\" \/>\n<meta property=\"article:modified_time\" content=\"2025-07-29T07:11:09+00:00\" \/>\n<meta property=\"og:image\" content=\"https:\/\/www.morh.hr\/wp-content\/uploads\/2025\/05\/2025-05-27-dan-hkov.jpg\" \/>\n\t<meta property=\"og:image:width\" content=\"2400\" \/>\n\t<meta property=\"og:image:height\" content=\"1597\" \/>\n\t<meta property=\"og:image:type\" content=\"image\/jpeg\" \/>\n<meta name=\"author\" content=\"Mladen\" \/>\n<meta name=\"twitter:card\" content=\"summary_large_image\" \/>\n<meta name=\"twitter:creator\" content=\"@morh_osrh\" \/>\n<meta name=\"twitter:site\" content=\"@morh_osrh\" \/>\n<meta name=\"twitter:label1\" content=\"Written by\" \/>\n\t<meta name=\"twitter:data1\" content=\"Mladen\" \/>\n\t<meta name=\"twitter:label2\" content=\"Est. reading time\" \/>\n\t<meta name=\"twitter:data2\" content=\"3 minutes\" \/>\n<script type=\"application\/ld+json\" class=\"yoast-schema-graph\">{\"@context\":\"https:\/\/schema.org\",\"@graph\":[{\"@type\":\"Article\",\"@id\":\"https:\/\/www.morh.hr\/en\/the-34th-anniversary-of-the-croatian-army-celebrated-in-karlovac\/#article\",\"isPartOf\":{\"@id\":\"https:\/\/www.morh.hr\/en\/the-34th-anniversary-of-the-croatian-army-celebrated-in-karlovac\/\"},\"author\":{\"name\":\"Mladen\",\"@id\":\"https:\/\/www.morh.hr\/en\/#\/schema\/person\/ec8e2528a579067d8bda0ae2124ac768\"},\"headline\":\"The 34th anniversary of the Croatian Army celebrated in Karlovac\",\"datePublished\":\"2025-05-27T07:08:18+00:00\",\"dateModified\":\"2025-07-29T07:11:09+00:00\",\"mainEntityOfPage\":{\"@id\":\"https:\/\/www.morh.hr\/en\/the-34th-anniversary-of-the-croatian-army-celebrated-in-karlovac\/\"},\"wordCount\":519,\"image\":{\"@id\":\"https:\/\/www.morh.hr\/en\/the-34th-anniversary-of-the-croatian-army-celebrated-in-karlovac\/#primaryimage\"},\"thumbnailUrl\":\"https:\/\/www.morh.hr\/wp-content\/uploads\/2025\/05\/2025-05-27-dan-hkov.jpg\",\"articleSection\":[\"Press releases\"],\"inLanguage\":\"en-US\"},{\"@type\":\"WebPage\",\"@id\":\"https:\/\/www.morh.hr\/en\/the-34th-anniversary-of-the-croatian-army-celebrated-in-karlovac\/\",\"url\":\"https:\/\/www.morh.hr\/en\/the-34th-anniversary-of-the-croatian-army-celebrated-in-karlovac\/\",\"name\":\"The 34th anniversary of the Croatian Army celebrated in Karlovac - MORH\",\"isPartOf\":{\"@id\":\"https:\/\/www.morh.hr\/en\/#website\"},\"primaryImageOfPage\":{\"@id\":\"https:\/\/www.morh.hr\/en\/the-34th-anniversary-of-the-croatian-army-celebrated-in-karlovac\/#primaryimage\"},\"image\":{\"@id\":\"https:\/\/www.morh.hr\/en\/the-34th-anniversary-of-the-croatian-army-celebrated-in-karlovac\/#primaryimage\"},\"thumbnailUrl\":\"https:\/\/www.morh.hr\/wp-content\/uploads\/2025\/05\/2025-05-27-dan-hkov.jpg\",\"datePublished\":\"2025-05-27T07:08:18+00:00\",\"dateModified\":\"2025-07-29T07:11:09+00:00\",\"author\":{\"@id\":\"https:\/\/www.morh.hr\/en\/#\/schema\/person\/ec8e2528a579067d8bda0ae2124ac768\"},\"description\":\"General Beretin stressed the importance of the level of equipment and care for people as the basis of the strength of units and thanked all members of the Croatian Army for their dedication and service to the homeland\",\"breadcrumb\":{\"@id\":\"https:\/\/www.morh.hr\/en\/the-34th-anniversary-of-the-croatian-army-celebrated-in-karlovac\/#breadcrumb\"},\"inLanguage\":\"en-US\",\"potentialAction\":[{\"@type\":\"ReadAction\",\"target\":[\"https:\/\/www.morh.hr\/en\/the-34th-anniversary-of-the-croatian-army-celebrated-in-karlovac\/\"]}]},{\"@type\":\"ImageObject\",\"inLanguage\":\"en-US\",\"@id\":\"https:\/\/www.morh.hr\/en\/the-34th-anniversary-of-the-croatian-army-celebrated-in-karlovac\/#primaryimage\",\"url\":\"https:\/\/www.morh.hr\/wp-content\/uploads\/2025\/05\/2025-05-27-dan-hkov.jpg\",\"contentUrl\":\"https:\/\/www.morh.hr\/wp-content\/uploads\/2025\/05\/2025-05-27-dan-hkov.jpg\",\"width\":2400,\"height\":1597,\"caption\":\"U Karlovcu sve\u010dano obilje\u017eena 34. obljetnica Hrvatske kopnene vojske | Foto: MORH\/ T. Brandt\"},{\"@type\":\"BreadcrumbList\",\"@id\":\"https:\/\/www.morh.hr\/en\/the-34th-anniversary-of-the-croatian-army-celebrated-in-karlovac\/#breadcrumb\",\"itemListElement\":[{\"@type\":\"ListItem\",\"position\":1,\"name\":\"Naslovnica\",\"item\":\"https:\/\/www.morh.hr\/en\/\"},{\"@type\":\"ListItem\",\"position\":2,\"name\":\"News\",\"item\":\"https:\/\/www.morh.hr\/en\/kategorija\/news\/\"},{\"@type\":\"ListItem\",\"position\":3,\"name\":\"Press releases\",\"item\":\"https:\/\/www.morh.hr\/en\/kategorija\/news\/press-releases\/\"},{\"@type\":\"ListItem\",\"position\":4,\"name\":\"The 34th anniversary of the Croatian Army celebrated in Karlovac\"}]},{\"@type\":\"WebSite\",\"@id\":\"https:\/\/www.morh.hr\/en\/#website\",\"url\":\"https:\/\/www.morh.hr\/en\/\",\"name\":\"MORH\",\"description\":\"Ministarstvo obrane Republike Hrvatske - slu\u017ebene stranice\",\"potentialAction\":[{\"@type\":\"SearchAction\",\"target\":{\"@type\":\"EntryPoint\",\"urlTemplate\":\"https:\/\/www.morh.hr\/en\/?s={search_term_string}\"},\"query-input\":{\"@type\":\"PropertyValueSpecification\",\"valueRequired\":true,\"valueName\":\"search_term_string\"}}],\"inLanguage\":\"en-US\"},{\"@type\":\"Person\",\"@id\":\"https:\/\/www.morh.hr\/en\/#\/schema\/person\/ec8e2528a579067d8bda0ae2124ac768\",\"name\":\"Mladen\",\"image\":{\"@type\":\"ImageObject\",\"inLanguage\":\"en-US\",\"@id\":\"https:\/\/www.morh.hr\/en\/#\/schema\/person\/image\/\",\"url\":\"https:\/\/secure.gravatar.com\/avatar\/3d5ea7ca0d0a523cf2ec98548db52f920a5f6bbfd2c1aa63d237c2f445528cf7?s=96&d=mm&r=g\",\"contentUrl\":\"https:\/\/secure.gravatar.com\/avatar\/3d5ea7ca0d0a523cf2ec98548db52f920a5f6bbfd2c1aa63d237c2f445528cf7?s=96&d=mm&r=g\",\"caption\":\"Mladen\"}}]}<\/script>\n<!-- \/ Yoast SEO plugin. -->","yoast_head_json":{"title":"The 34th anniversary of the Croatian Army celebrated in Karlovac - MORH","description":"General Beretin stressed the importance of the level of equipment and care for people as the basis of the strength of units and thanked all members of the Croatian Army for their dedication and service to the homeland","robots":{"index":"index","follow":"follow","max-snippet":"max-snippet:-1","max-image-preview":"max-image-preview:large","max-video-preview":"max-video-preview:-1"},"canonical":"https:\/\/www.morh.hr\/en\/the-34th-anniversary-of-the-croatian-army-celebrated-in-karlovac\/","og_locale":"en_US","og_type":"article","og_title":"The 34th anniversary of the Croatian Army celebrated in Karlovac - MORH","og_description":"General Beretin stressed the importance of the level of equipment and care for people as the basis of the strength of units and thanked all members of the Croatian Army for their dedication and service to the homeland","og_url":"https:\/\/www.morh.hr\/en\/the-34th-anniversary-of-the-croatian-army-celebrated-in-karlovac\/","og_site_name":"MORH","article_publisher":"https:\/\/www.facebook.com\/sportasiuhrvatskojvojsci\/","article_published_time":"2025-05-27T07:08:18+00:00","article_modified_time":"2025-07-29T07:11:09+00:00","og_image":[{"width":2400,"height":1597,"url":"https:\/\/www.morh.hr\/wp-content\/uploads\/2025\/05\/2025-05-27-dan-hkov.jpg","type":"image\/jpeg"}],"author":"Mladen","twitter_card":"summary_large_image","twitter_creator":"@morh_osrh","twitter_site":"@morh_osrh","twitter_misc":{"Written by":"Mladen","Est. reading time":"3 minutes"},"schema":{"@context":"https:\/\/schema.org","@graph":[{"@type":"Article","@id":"https:\/\/www.morh.hr\/en\/the-34th-anniversary-of-the-croatian-army-celebrated-in-karlovac\/#article","isPartOf":{"@id":"https:\/\/www.morh.hr\/en\/the-34th-anniversary-of-the-croatian-army-celebrated-in-karlovac\/"},"author":{"name":"Mladen","@id":"https:\/\/www.morh.hr\/en\/#\/schema\/person\/ec8e2528a579067d8bda0ae2124ac768"},"headline":"The 34th anniversary of the Croatian Army celebrated in Karlovac","datePublished":"2025-05-27T07:08:18+00:00","dateModified":"2025-07-29T07:11:09+00:00","mainEntityOfPage":{"@id":"https:\/\/www.morh.hr\/en\/the-34th-anniversary-of-the-croatian-army-celebrated-in-karlovac\/"},"wordCount":519,"image":{"@id":"https:\/\/www.morh.hr\/en\/the-34th-anniversary-of-the-croatian-army-celebrated-in-karlovac\/#primaryimage"},"thumbnailUrl":"https:\/\/www.morh.hr\/wp-content\/uploads\/2025\/05\/2025-05-27-dan-hkov.jpg","articleSection":["Press releases"],"inLanguage":"en-US"},{"@type":"WebPage","@id":"https:\/\/www.morh.hr\/en\/the-34th-anniversary-of-the-croatian-army-celebrated-in-karlovac\/","url":"https:\/\/www.morh.hr\/en\/the-34th-anniversary-of-the-croatian-army-celebrated-in-karlovac\/","name":"The 34th anniversary of the Croatian Army celebrated in Karlovac - MORH","isPartOf":{"@id":"https:\/\/www.morh.hr\/en\/#website"},"primaryImageOfPage":{"@id":"https:\/\/www.morh.hr\/en\/the-34th-anniversary-of-the-croatian-army-celebrated-in-karlovac\/#primaryimage"},"image":{"@id":"https:\/\/www.morh.hr\/en\/the-34th-anniversary-of-the-croatian-army-celebrated-in-karlovac\/#primaryimage"},"thumbnailUrl":"https:\/\/www.morh.hr\/wp-content\/uploads\/2025\/05\/2025-05-27-dan-hkov.jpg","datePublished":"2025-05-27T07:08:18+00:00","dateModified":"2025-07-29T07:11:09+00:00","author":{"@id":"https:\/\/www.morh.hr\/en\/#\/schema\/person\/ec8e2528a579067d8bda0ae2124ac768"},"description":"General Beretin stressed the importance of the level of equipment and care for people as the basis of the strength of units and thanked all members of the Croatian Army for their dedication and service to the homeland","breadcrumb":{"@id":"https:\/\/www.morh.hr\/en\/the-34th-anniversary-of-the-croatian-army-celebrated-in-karlovac\/#breadcrumb"},"inLanguage":"en-US","potentialAction":[{"@type":"ReadAction","target":["https:\/\/www.morh.hr\/en\/the-34th-anniversary-of-the-croatian-army-celebrated-in-karlovac\/"]}]},{"@type":"ImageObject","inLanguage":"en-US","@id":"https:\/\/www.morh.hr\/en\/the-34th-anniversary-of-the-croatian-army-celebrated-in-karlovac\/#primaryimage","url":"https:\/\/www.morh.hr\/wp-content\/uploads\/2025\/05\/2025-05-27-dan-hkov.jpg","contentUrl":"https:\/\/www.morh.hr\/wp-content\/uploads\/2025\/05\/2025-05-27-dan-hkov.jpg","width":2400,"height":1597,"caption":"U Karlovcu sve\u010dano obilje\u017eena 34. obljetnica Hrvatske kopnene vojske | Foto: MORH\/ T. Brandt"},{"@type":"BreadcrumbList","@id":"https:\/\/www.morh.hr\/en\/the-34th-anniversary-of-the-croatian-army-celebrated-in-karlovac\/#breadcrumb","itemListElement":[{"@type":"ListItem","position":1,"name":"Naslovnica","item":"https:\/\/www.morh.hr\/en\/"},{"@type":"ListItem","position":2,"name":"News","item":"https:\/\/www.morh.hr\/en\/kategorija\/news\/"},{"@type":"ListItem","position":3,"name":"Press releases","item":"https:\/\/www.morh.hr\/en\/kategorija\/news\/press-releases\/"},{"@type":"ListItem","position":4,"name":"The 34th anniversary of the Croatian Army celebrated in Karlovac"}]},{"@type":"WebSite","@id":"https:\/\/www.morh.hr\/en\/#website","url":"https:\/\/www.morh.hr\/en\/","name":"MORH","description":"Ministarstvo obrane Republike Hrvatske - slu\u017ebene stranice","potentialAction":[{"@type":"SearchAction","target":{"@type":"EntryPoint","urlTemplate":"https:\/\/www.morh.hr\/en\/?s={search_term_string}"},"query-input":{"@type":"PropertyValueSpecification","valueRequired":true,"valueName":"search_term_string"}}],"inLanguage":"en-US"},{"@type":"Person","@id":"https:\/\/www.morh.hr\/en\/#\/schema\/person\/ec8e2528a579067d8bda0ae2124ac768","name":"Mladen","image":{"@type":"ImageObject","inLanguage":"en-US","@id":"https:\/\/www.morh.hr\/en\/#\/schema\/person\/image\/","url":"https:\/\/secure.gravatar.com\/avatar\/3d5ea7ca0d0a523cf2ec98548db52f920a5f6bbfd2c1aa63d237c2f445528cf7?s=96&d=mm&r=g","contentUrl":"https:\/\/secure.gravatar.com\/avatar\/3d5ea7ca0d0a523cf2ec98548db52f920a5f6bbfd2c1aa63d237c2f445528cf7?s=96&d=mm&r=g","caption":"Mladen"}}]}},"_links":{"self":[{"href":"https:\/\/www.morh.hr\/en\/wp-json\/wp\/v2\/posts\/257886","targetHints":{"allow":["GET"]}}],"collection":[{"href":"https:\/\/www.morh.hr\/en\/wp-json\/wp\/v2\/posts"}],"about":[{"href":"https:\/\/www.morh.hr\/en\/wp-json\/wp\/v2\/types\/post"}],"author":[{"embeddable":true,"href":"https:\/\/www.morh.hr\/en\/wp-json\/wp\/v2\/users\/4699"}],"replies":[{"embeddable":true,"href":"https:\/\/www.morh.hr\/en\/wp-json\/wp\/v2\/comments?post=257886"}],"version-history":[{"count":1,"href":"https:\/\/www.morh.hr\/en\/wp-json\/wp\/v2\/posts\/257886\/revisions"}],"predecessor-version":[{"id":257887,"href":"https:\/\/www.morh.hr\/en\/wp-json\/wp\/v2\/posts\/257886\/revisions\/257887"}],"wp:featuredmedia":[{"embeddable":true,"href":"https:\/\/www.morh.hr\/en\/wp-json\/wp\/v2\/media\/255224"}],"wp:attachment":[{"href":"https:\/\/www.morh.hr\/en\/wp-json\/wp\/v2\/media?parent=257886"}],"wp:term":[{"taxonomy":"category","embeddable":true,"href":"https:\/\/www.morh.hr\/en\/wp-json\/wp\/v2\/categories?post=257886"},{"taxonomy":"post_tag","embeddable":true,"href":"https:\/\/www.morh.hr\/en\/wp-json\/wp\/v2\/tags?post=257886"}],"curies":[{"name":"wp","href":"https:\/\/api.w.org\/{rel}","templated":true}]}}