{"id":257893,"date":"2025-05-29T09:22:31","date_gmt":"2025-05-29T07:22:31","guid":{"rendered":"https:\/\/www.morh.hr\/?p=257893"},"modified":"2025-07-29T09:28:54","modified_gmt":"2025-07-29T07:28:54","slug":"the-46th-generation-of-conscripts-who-attend-voluntary-military-training-took-oath-in-pozega","status":"publish","type":"post","link":"https:\/\/www.morh.hr\/en\/the-46th-generation-of-conscripts-who-attend-voluntary-military-training-took-oath-in-pozega\/","title":{"rendered":"The 46th generation of conscripts who attend voluntary military training took oath in Po\u017eega"},"content":{"rendered":"<p>Today, on 29 May 2025, at the &#8220;123rd Brigade of the Croatian Army&#8221; barracks in Po\u017eega 154 conscripts, 125 men and 29 women, swore allegiance to the Homeland.<\/p>\n<p>In his address to conscripts, envoy of the Deputy Prime Minister of the Republic of Croatia and the Minister of Defence, State Secretary Drago Matanovi\u0107, reminded that the oath to the Homeland is a noble act and a proof of patriotism: &#8220;Croatian Army is changing, modernizing in all its parts. However, the most valuable thing we have and which we are infinitely proud of are you, members of the Croatian Army. By systematically improving material and financial conditions, we have proved that the human being is in focus of the Ministry of Defence and the entire defence system.&#8221;<\/p>\n<p>Envoy of the Chief of the CAF General Staff, Chief of the Operational Directorate, BG Ivan Raos, reminded the conscripts of yesterday&#8217;s 34th anniversary of formation of the Croatian Army, that was lined up at the stadium in Kranj\u010devi\u0107eva Street in Zagreb. In circumstances of threatening aggression, it swore allegiance to the Homeland. He also reminded of the daughters and sons from whose ranks emerged the units that defended and protected our Homeland in the Homeland War and liberated the Republic of Croatia in actions of liberation.<\/p>\n<p><strong>Dynamics of the basic military training is somewhat different than training, conscript Tvrtko Ljuti\u0107, a professional skier said<\/strong><\/p>\n<p>Conscript Tvrtko Ljuti\u0107, a professional skier, said that he was used to exercise and discipline, although the schedule and dynamics of basic military training are somewhat different than the training, preparations and camps he passes through as an athlete. He was motivated to gain new experience and to convince himself what it is like to be a Croatian soldier.<\/p>\n<p>Top athletes Roko Farka\u0161 and Filip Pravdica, decorated with medals from the recent Han\u017eekovi\u0107 Memorial in Zagreb, also spoke about their valuable experiences.<\/p>\n<p>For the athlete Rok Farka\u0161, being part of the Croatian Army is a positive and nice experience. Like his colleague Filip Pravdica, he made a decision to become a conscript in cooperation with Croatian Olympic Committee, and as an athlete he is aware of the importance of serving Croatian state and promoting it in the world. Filip&#8217;s goal is to repay the debt he feels he owes to himself and to society by serving in Croatian Army as a Croatian citizen.<\/p>\n<p><strong>Dedicated instructors, diverse lectures, stimulating environment<\/strong><\/p>\n<p>For Danijela Marasovi\u0107 from Split, the decision to join Croatian Army is a combination of patriotism and a unique experience that she cannot get anywhere else. &#8220;This is a unique opportunity to be placed in the barracks, feel the system and discipline and be part of such an organized organization.&#8221;<\/p>\n<p>Marin Karavidovi\u0107 comes from \u010cepin, he enlisted in the army out of love for his Homeland and a sense of civic duty. &#8220;My father and grandfathers were defenders and I feel grateful to them and to all defenders. After basic military training, I intend to continue my career in Croatian Army,&#8221; he said.<\/p>\n<p>Kristina Grubi\u0161a came to Po\u017eega from Drvenik on Makarska Riviera, and she applied for voluntary military training out of a desire for further personal development and to gain new experiences: &#8220;My experiences so far have been absolutely positive, instructors are very dedicated, lectures are diverse, and the environment itself fosters a very nice sense of community. I recommend this experience to all young people interested in further improvement.&#8221;<\/p>\n<p>Ljuba Leko comes from Imotski and says that she has always wanted to serve her Homeland. Her father was a volunteer in the Homeland War, and her brother and sister are members of the Croatian Navy. Her plan is to enrol in specialist military training after voluntary military training and to become a professional member of the Croatian Armed Forces.<\/p>\n<p><strong>A total of 150 conscripts undergo eight-week training<\/strong><\/p>\n<p>On 19 May 2025 conscripts of the 46th generation began voluntary military training at the Battalion for Basic Military Training in Po\u017eega. A total of 150 conscripts are undergoing eight-week training in basic military skills according to the standard programme. They were joined by four top athletes, who, after oath taking, will continue their training in their home clubs. Completion of the training of this year&#8217;s second generation of conscripts is scheduled for 15 July 2025.<\/p>\n<p>In addition to conscripts, their family members and friends, commanders and instructors, the ceremonial oath-taking was attended by the envoy of the President of the Republic of Croatia, Defence Advisor, Major General Ivica Oluji\u0107 (retired), envoy of the Deputy Prime Minister and Minister of Defence, State Secretary Drago Matanovi\u0107, envoy of the Chief of the CAF General Staff , Chief of the Operational Directorate, Brigadier General Ivan Raos, the Chief of Staff &#8211; Deputy Commander of the Croatian Army, BG Valentin Skroza, Commander of the Fran Krsto Frankopan Training and Doctrine Command Colonel Dra\u017een Batrnek, Commander of the Logistics Training and Doctrine Centre, Colonel Mile Valenti\u0107, and Commander of the Damir Tomljanovi\u0107 Gavran NCO School, Colonel Stjepan Kre\u0161i\u0107.<\/p>\n<p>All conscripts who successfully complete the training will be qualified for the duty of a rifleman of infantry branch. This fulfils one of the prescribed conditions for admission to active duty military service. Those conscripts who do not wish to continue active duty military service or are not accepted into active duty military force are assigned to classified reserve.<\/p>\n<p>Since the introduction of voluntary military training in 2008, 12,070 conscripts have completed voluntary military training, of which 10,340 are men and 1,730 are women.<\/p>\n<div class=\"morh-galleria\"><a href=\"https:\/\/live.staticflickr.com\/65535\/54553589411_ce4f01e46e_h.jpg\" title=\"U Po\u017eegi prisegnuo 46. nara\u0161taj ro\u010dnika na dragovoljnom vojnom osposobljavanju\"><img decoding=\"async\" data-title=\"U Po\u017eegi prisegnuo 46. nara\u0161taj ro\u010dnika na dragovoljnom vojnom osposobljavanju\" data-description=\"U vojarni '123. brigade Hrvatske vojske' u Po\u017eegi danas 29. svibnja 2025. godine na odanost Domovini prisegnulo je 154 ro\u010dnih vojnika, 125 mu\u0161karaca i 29 \u017eena | Foto: MORH\/ T. Brandt\" alt=\"U Po\u017eegi prisegnuo 46. nara\u0161taj ro\u010dnika na dragovoljnom vojnom osposobljavanju\" src=\"https:\/\/live.staticflickr.com\/65535\/54553589411_ce4f01e46e_h.jpg\" data-layer=\"&lt;div class=&#039;morh-gallery-image-download&#039;&gt;&lt;a href=&#039;https:\/\/live.staticflickr.com\/65535\/54553589411_9d61fe1980_o.jpg&#039; target=&#039;_blank&#039;&gt;Slika za preuzimanje&lt;\/a&gt;&lt;\/div&gt;\" \/><\/a><a href=\"https:\/\/live.staticflickr.com\/65535\/54553829923_02f911282f_h.jpg\" title=\"U Po\u017eegi prisegnuo 46. nara\u0161taj ro\u010dnika na dragovoljnom vojnom osposobljavanju\"><img decoding=\"async\" data-title=\"U Po\u017eegi prisegnuo 46. nara\u0161taj ro\u010dnika na dragovoljnom vojnom osposobljavanju\" data-description=\"U vojarni '123. brigade Hrvatske vojske' u Po\u017eegi danas 29. svibnja 2025. godine na odanost Domovini prisegnulo je 154 ro\u010dnih vojnika, 125 mu\u0161karaca i 29 \u017eena | Foto: MORH\/ T. Brandt\" alt=\"U Po\u017eegi prisegnuo 46. nara\u0161taj ro\u010dnika na dragovoljnom vojnom osposobljavanju\" src=\"https:\/\/live.staticflickr.com\/65535\/54553829923_02f911282f_h.jpg\" data-layer=\"&lt;div class=&#039;morh-gallery-image-download&#039;&gt;&lt;a href=&#039;https:\/\/live.staticflickr.com\/65535\/54553829923_52fa277cbd_o.jpg&#039; target=&#039;_blank&#039;&gt;Slika za preuzimanje&lt;\/a&gt;&lt;\/div&gt;\" \/><\/a><a href=\"https:\/\/live.staticflickr.com\/65535\/54552713567_edfa717f55_h.jpg\" title=\"U Po\u017eegi prisegnuo 46. nara\u0161taj ro\u010dnika na dragovoljnom vojnom osposobljavanju\"><img decoding=\"async\" data-title=\"U Po\u017eegi prisegnuo 46. nara\u0161taj ro\u010dnika na dragovoljnom vojnom osposobljavanju\" data-description=\"U vojarni '123. brigade Hrvatske vojske' u Po\u017eegi danas 29. svibnja 2025. godine na odanost Domovini prisegnulo je 154 ro\u010dnih vojnika, 125 mu\u0161karaca i 29 \u017eena | Foto: MORH\/ T. Brandt\" alt=\"U Po\u017eegi prisegnuo 46. nara\u0161taj ro\u010dnika na dragovoljnom vojnom osposobljavanju\" src=\"https:\/\/live.staticflickr.com\/65535\/54552713567_edfa717f55_h.jpg\" data-layer=\"&lt;div class=&#039;morh-gallery-image-download&#039;&gt;&lt;a href=&#039;https:\/\/live.staticflickr.com\/65535\/54552713567_02bf4cfe4f_o.jpg&#039; target=&#039;_blank&#039;&gt;Slika za preuzimanje&lt;\/a&gt;&lt;\/div&gt;\" \/><\/a><a href=\"https:\/\/live.staticflickr.com\/65535\/54553773394_973b57a334_h.jpg\" title=\"U Po\u017eegi prisegnuo 46. nara\u0161taj ro\u010dnika na dragovoljnom vojnom osposobljavanju\"><img decoding=\"async\" data-title=\"U Po\u017eegi prisegnuo 46. nara\u0161taj ro\u010dnika na dragovoljnom vojnom osposobljavanju\" data-description=\"U vojarni '123. brigade Hrvatske vojske' u Po\u017eegi danas 29. svibnja 2025. godine na odanost Domovini prisegnulo je 154 ro\u010dnih vojnika, 125 mu\u0161karaca i 29 \u017eena | Foto: MORH\/ T. Brandt\" alt=\"U Po\u017eegi prisegnuo 46. nara\u0161taj ro\u010dnika na dragovoljnom vojnom osposobljavanju\" src=\"https:\/\/live.staticflickr.com\/65535\/54553773394_973b57a334_h.jpg\" data-layer=\"&lt;div class=&#039;morh-gallery-image-download&#039;&gt;&lt;a href=&#039;https:\/\/live.staticflickr.com\/65535\/54553773394_78331782e8_o.jpg&#039; target=&#039;_blank&#039;&gt;Slika za preuzimanje&lt;\/a&gt;&lt;\/div&gt;\" \/><\/a><a href=\"https:\/\/live.staticflickr.com\/65535\/54553589386_b5da775d07_h.jpg\" title=\"U Po\u017eegi prisegnuo 46. nara\u0161taj ro\u010dnika na dragovoljnom vojnom osposobljavanju\"><img decoding=\"async\" data-title=\"U Po\u017eegi prisegnuo 46. nara\u0161taj ro\u010dnika na dragovoljnom vojnom osposobljavanju\" data-description=\"U vojarni '123. brigade Hrvatske vojske' u Po\u017eegi danas 29. svibnja 2025. godine na odanost Domovini prisegnulo je 154 ro\u010dnih vojnika, 125 mu\u0161karaca i 29 \u017eena | Foto: MORH\/ T. Brandt\" alt=\"U Po\u017eegi prisegnuo 46. nara\u0161taj ro\u010dnika na dragovoljnom vojnom osposobljavanju\" src=\"https:\/\/live.staticflickr.com\/65535\/54553589386_b5da775d07_h.jpg\" data-layer=\"&lt;div class=&#039;morh-gallery-image-download&#039;&gt;&lt;a href=&#039;https:\/\/live.staticflickr.com\/65535\/54553589386_8711004049_o.jpg&#039; target=&#039;_blank&#039;&gt;Slika za preuzimanje&lt;\/a&gt;&lt;\/div&gt;\" \/><\/a><a href=\"https:\/\/live.staticflickr.com\/65535\/54553830018_edc71571ea_h.jpg\" title=\"U Po\u017eegi prisegnuo 46. nara\u0161taj ro\u010dnika na dragovoljnom vojnom osposobljavanju\"><img decoding=\"async\" data-title=\"U Po\u017eegi prisegnuo 46. nara\u0161taj ro\u010dnika na dragovoljnom vojnom osposobljavanju\" data-description=\"U vojarni '123. brigade Hrvatske vojske' u Po\u017eegi danas 29. svibnja 2025. godine na odanost Domovini prisegnulo je 154 ro\u010dnih vojnika, 125 mu\u0161karaca i 29 \u017eena | Foto: MORH\/ T. Brandt\" alt=\"U Po\u017eegi prisegnuo 46. nara\u0161taj ro\u010dnika na dragovoljnom vojnom osposobljavanju\" src=\"https:\/\/live.staticflickr.com\/65535\/54553830018_edc71571ea_h.jpg\" data-layer=\"&lt;div class=&#039;morh-gallery-image-download&#039;&gt;&lt;a href=&#039;https:\/\/live.staticflickr.com\/65535\/54553830018_2ef65aac5b_o.jpg&#039; target=&#039;_blank&#039;&gt;Slika za preuzimanje&lt;\/a&gt;&lt;\/div&gt;\" \/><\/a><a href=\"https:\/\/live.staticflickr.com\/65535\/54553830003_2842606e69_h.jpg\" title=\"U Po\u017eegi prisegnuo 46. nara\u0161taj ro\u010dnika na dragovoljnom vojnom osposobljavanju\"><img decoding=\"async\" data-title=\"U Po\u017eegi prisegnuo 46. nara\u0161taj ro\u010dnika na dragovoljnom vojnom osposobljavanju\" data-description=\"U vojarni '123. brigade Hrvatske vojske' u Po\u017eegi danas 29. svibnja 2025. godine na odanost Domovini prisegnulo je 154 ro\u010dnih vojnika, 125 mu\u0161karaca i 29 \u017eena | Foto: MORH\/ T. Brandt\" alt=\"U Po\u017eegi prisegnuo 46. nara\u0161taj ro\u010dnika na dragovoljnom vojnom osposobljavanju\" src=\"https:\/\/live.staticflickr.com\/65535\/54553830003_2842606e69_h.jpg\" data-layer=\"&lt;div class=&#039;morh-gallery-image-download&#039;&gt;&lt;a href=&#039;https:\/\/live.staticflickr.com\/65535\/54553830003_0a0b8b31e6_o.jpg&#039; target=&#039;_blank&#039;&gt;Slika za preuzimanje&lt;\/a&gt;&lt;\/div&gt;\" \/><\/a><a href=\"https:\/\/live.staticflickr.com\/65535\/54553829998_db884ea383_h.jpg\" title=\"U Po\u017eegi prisegnuo 46. nara\u0161taj ro\u010dnika na dragovoljnom vojnom osposobljavanju\"><img decoding=\"async\" data-title=\"U Po\u017eegi prisegnuo 46. nara\u0161taj ro\u010dnika na dragovoljnom vojnom osposobljavanju\" data-description=\"U vojarni '123. brigade Hrvatske vojske' u Po\u017eegi danas 29. svibnja 2025. godine na odanost Domovini prisegnulo je 154 ro\u010dnih vojnika, 125 mu\u0161karaca i 29 \u017eena | Foto: MORH\/ T. Brandt\" alt=\"U Po\u017eegi prisegnuo 46. nara\u0161taj ro\u010dnika na dragovoljnom vojnom osposobljavanju\" src=\"https:\/\/live.staticflickr.com\/65535\/54553829998_db884ea383_h.jpg\" data-layer=\"&lt;div class=&#039;morh-gallery-image-download&#039;&gt;&lt;a href=&#039;https:\/\/live.staticflickr.com\/65535\/54553829998_a6186fd29f_o.jpg&#039; target=&#039;_blank&#039;&gt;Slika za preuzimanje&lt;\/a&gt;&lt;\/div&gt;\" \/><\/a><a href=\"https:\/\/live.staticflickr.com\/65535\/54552713547_1cd90efe00_h.jpg\" title=\"U Po\u017eegi prisegnuo 46. nara\u0161taj ro\u010dnika na dragovoljnom vojnom osposobljavanju\"><img decoding=\"async\" data-title=\"U Po\u017eegi prisegnuo 46. nara\u0161taj ro\u010dnika na dragovoljnom vojnom osposobljavanju\" data-description=\"U vojarni '123. brigade Hrvatske vojske' u Po\u017eegi danas 29. svibnja 2025. godine na odanost Domovini prisegnulo je 154 ro\u010dnih vojnika, 125 mu\u0161karaca i 29 \u017eena | Foto: MORH\/ T. Brandt\" alt=\"U Po\u017eegi prisegnuo 46. nara\u0161taj ro\u010dnika na dragovoljnom vojnom osposobljavanju\" src=\"https:\/\/live.staticflickr.com\/65535\/54552713547_1cd90efe00_h.jpg\" data-layer=\"&lt;div class=&#039;morh-gallery-image-download&#039;&gt;&lt;a href=&#039;https:\/\/live.staticflickr.com\/65535\/54552713547_63b2d6d0e2_o.jpg&#039; target=&#039;_blank&#039;&gt;Slika za preuzimanje&lt;\/a&gt;&lt;\/div&gt;\" \/><\/a><a href=\"https:\/\/live.staticflickr.com\/65535\/54553829988_836c734d8a_h.jpg\" title=\"U Po\u017eegi prisegnuo 46. nara\u0161taj ro\u010dnika na dragovoljnom vojnom osposobljavanju\"><img decoding=\"async\" data-title=\"U Po\u017eegi prisegnuo 46. nara\u0161taj ro\u010dnika na dragovoljnom vojnom osposobljavanju\" data-description=\"U vojarni '123. brigade Hrvatske vojske' u Po\u017eegi danas 29. svibnja 2025. godine na odanost Domovini prisegnulo je 154 ro\u010dnih vojnika, 125 mu\u0161karaca i 29 \u017eena | Foto: MORH\/ T. Brandt\" alt=\"U Po\u017eegi prisegnuo 46. nara\u0161taj ro\u010dnika na dragovoljnom vojnom osposobljavanju\" src=\"https:\/\/live.staticflickr.com\/65535\/54553829988_836c734d8a_h.jpg\" data-layer=\"&lt;div class=&#039;morh-gallery-image-download&#039;&gt;&lt;a href=&#039;https:\/\/live.staticflickr.com\/65535\/54553829988_3c31e9e57f_o.jpg&#039; target=&#039;_blank&#039;&gt;Slika za preuzimanje&lt;\/a&gt;&lt;\/div&gt;\" \/><\/a><a href=\"https:\/\/live.staticflickr.com\/65535\/54553829958_f667f558f7_h.jpg\" title=\"U Po\u017eegi prisegnuo 46. nara\u0161taj ro\u010dnika na dragovoljnom vojnom osposobljavanju\"><img decoding=\"async\" data-title=\"U Po\u017eegi prisegnuo 46. nara\u0161taj ro\u010dnika na dragovoljnom vojnom osposobljavanju\" data-description=\"U vojarni '123. brigade Hrvatske vojske' u Po\u017eegi danas 29. svibnja 2025. godine na odanost Domovini prisegnulo je 154 ro\u010dnih vojnika, 125 mu\u0161karaca i 29 \u017eena | Foto: MORH\/ T. Brandt\" alt=\"U Po\u017eegi prisegnuo 46. nara\u0161taj ro\u010dnika na dragovoljnom vojnom osposobljavanju\" src=\"https:\/\/live.staticflickr.com\/65535\/54553829958_f667f558f7_h.jpg\" data-layer=\"&lt;div class=&#039;morh-gallery-image-download&#039;&gt;&lt;a href=&#039;https:\/\/live.staticflickr.com\/65535\/54553829958_181ca4da84_o.jpg&#039; target=&#039;_blank&#039;&gt;Slika za preuzimanje&lt;\/a&gt;&lt;\/div&gt;\" \/><\/a><a href=\"https:\/\/live.staticflickr.com\/65535\/54553773324_d0a0e98ddb_h.jpg\" title=\"U Po\u017eegi prisegnuo 46. nara\u0161taj ro\u010dnika na dragovoljnom vojnom osposobljavanju\"><img decoding=\"async\" data-title=\"U Po\u017eegi prisegnuo 46. nara\u0161taj ro\u010dnika na dragovoljnom vojnom osposobljavanju\" data-description=\"U vojarni '123. brigade Hrvatske vojske' u Po\u017eegi danas 29. svibnja 2025. godine na odanost Domovini prisegnulo je 154 ro\u010dnih vojnika, 125 mu\u0161karaca i 29 \u017eena | Foto: MORH\/ T. Brandt\" alt=\"U Po\u017eegi prisegnuo 46. nara\u0161taj ro\u010dnika na dragovoljnom vojnom osposobljavanju\" src=\"https:\/\/live.staticflickr.com\/65535\/54553773324_d0a0e98ddb_h.jpg\" data-layer=\"&lt;div class=&#039;morh-gallery-image-download&#039;&gt;&lt;a href=&#039;https:\/\/live.staticflickr.com\/65535\/54553773324_de3ab8c73b_o.jpg&#039; target=&#039;_blank&#039;&gt;Slika za preuzimanje&lt;\/a&gt;&lt;\/div&gt;\" \/><\/a><a href=\"https:\/\/live.staticflickr.com\/65535\/54553829938_4d0c39e51a_h.jpg\" title=\"U Po\u017eegi prisegnuo 46. nara\u0161taj ro\u010dnika na dragovoljnom vojnom osposobljavanju\"><img decoding=\"async\" data-title=\"U Po\u017eegi prisegnuo 46. nara\u0161taj ro\u010dnika na dragovoljnom vojnom osposobljavanju\" data-description=\"U vojarni '123. brigade Hrvatske vojske' u Po\u017eegi danas 29. svibnja 2025. godine na odanost Domovini prisegnulo je 154 ro\u010dnih vojnika, 125 mu\u0161karaca i 29 \u017eena | Foto: MORH\/ T. Brandt\" alt=\"U Po\u017eegi prisegnuo 46. nara\u0161taj ro\u010dnika na dragovoljnom vojnom osposobljavanju\" src=\"https:\/\/live.staticflickr.com\/65535\/54553829938_4d0c39e51a_h.jpg\" data-layer=\"&lt;div class=&#039;morh-gallery-image-download&#039;&gt;&lt;a href=&#039;https:\/\/live.staticflickr.com\/65535\/54553829938_f3495c5afc_o.jpg&#039; target=&#039;_blank&#039;&gt;Slika za preuzimanje&lt;\/a&gt;&lt;\/div&gt;\" \/><\/a><a href=\"https:\/\/live.staticflickr.com\/65535\/54552713507_766573d527_h.jpg\" title=\"U Po\u017eegi prisegnuo 46. nara\u0161taj ro\u010dnika na dragovoljnom vojnom osposobljavanju\"><img decoding=\"async\" data-title=\"U Po\u017eegi prisegnuo 46. nara\u0161taj ro\u010dnika na dragovoljnom vojnom osposobljavanju\" data-description=\"U vojarni '123. brigade Hrvatske vojske' u Po\u017eegi danas 29. svibnja 2025. godine na odanost Domovini prisegnulo je 154 ro\u010dnih vojnika, 125 mu\u0161karaca i 29 \u017eena | Foto: MORH\/ T. Brandt\" alt=\"U Po\u017eegi prisegnuo 46. nara\u0161taj ro\u010dnika na dragovoljnom vojnom osposobljavanju\" src=\"https:\/\/live.staticflickr.com\/65535\/54552713507_766573d527_h.jpg\" data-layer=\"&lt;div class=&#039;morh-gallery-image-download&#039;&gt;&lt;a href=&#039;https:\/\/live.staticflickr.com\/65535\/54552713507_b7a7ab3aa9_o.jpg&#039; target=&#039;_blank&#039;&gt;Slika za preuzimanje&lt;\/a&gt;&lt;\/div&gt;\" \/><\/a><a href=\"https:\/\/live.staticflickr.com\/65535\/54553773289_32bc6d5c3a_h.jpg\" title=\"U Po\u017eegi prisegnuo 46. nara\u0161taj ro\u010dnika na dragovoljnom vojnom osposobljavanju\"><img decoding=\"async\" data-title=\"U Po\u017eegi prisegnuo 46. nara\u0161taj ro\u010dnika na dragovoljnom vojnom osposobljavanju\" data-description=\"U vojarni '123. brigade Hrvatske vojske' u Po\u017eegi danas 29. svibnja 2025. godine na odanost Domovini prisegnulo je 154 ro\u010dnih vojnika, 125 mu\u0161karaca i 29 \u017eena | Foto: MORH\/ T. Brandt\" alt=\"U Po\u017eegi prisegnuo 46. nara\u0161taj ro\u010dnika na dragovoljnom vojnom osposobljavanju\" src=\"https:\/\/live.staticflickr.com\/65535\/54553773289_32bc6d5c3a_h.jpg\" data-layer=\"&lt;div class=&#039;morh-gallery-image-download&#039;&gt;&lt;a href=&#039;https:\/\/live.staticflickr.com\/65535\/54553773289_6bc72c4b0e_o.jpg&#039; target=&#039;_blank&#039;&gt;Slika za preuzimanje&lt;\/a&gt;&lt;\/div&gt;\" \/><\/a><a href=\"https:\/\/live.staticflickr.com\/65535\/54553589286_11d831b373_h.jpg\" title=\"U Po\u017eegi prisegnuo 46. nara\u0161taj ro\u010dnika na dragovoljnom vojnom osposobljavanju\"><img decoding=\"async\" data-title=\"U Po\u017eegi prisegnuo 46. nara\u0161taj ro\u010dnika na dragovoljnom vojnom osposobljavanju\" data-description=\"U vojarni '123. brigade Hrvatske vojske' u Po\u017eegi danas 29. svibnja 2025. godine na odanost Domovini prisegnulo je 154 ro\u010dnih vojnika, 125 mu\u0161karaca i 29 \u017eena | Foto: MORH\/ T. Brandt\" alt=\"U Po\u017eegi prisegnuo 46. nara\u0161taj ro\u010dnika na dragovoljnom vojnom osposobljavanju\" src=\"https:\/\/live.staticflickr.com\/65535\/54553589286_11d831b373_h.jpg\" data-layer=\"&lt;div class=&#039;morh-gallery-image-download&#039;&gt;&lt;a href=&#039;https:\/\/live.staticflickr.com\/65535\/54553589286_3236e27cff_o.jpg&#039; target=&#039;_blank&#039;&gt;Slika za preuzimanje&lt;\/a&gt;&lt;\/div&gt;\" \/><\/a><a href=\"https:\/\/live.staticflickr.com\/65535\/54553773284_7f1d7bb15d_h.jpg\" title=\"U Po\u017eegi prisegnuo 46. nara\u0161taj ro\u010dnika na dragovoljnom vojnom osposobljavanju\"><img decoding=\"async\" data-title=\"U Po\u017eegi prisegnuo 46. nara\u0161taj ro\u010dnika na dragovoljnom vojnom osposobljavanju\" data-description=\"U vojarni '123. brigade Hrvatske vojske' u Po\u017eegi danas 29. svibnja 2025. godine na odanost Domovini prisegnulo je 154 ro\u010dnih vojnika, 125 mu\u0161karaca i 29 \u017eena | Foto: MORH\/ T. Brandt\" alt=\"U Po\u017eegi prisegnuo 46. nara\u0161taj ro\u010dnika na dragovoljnom vojnom osposobljavanju\" src=\"https:\/\/live.staticflickr.com\/65535\/54553773284_7f1d7bb15d_h.jpg\" data-layer=\"&lt;div class=&#039;morh-gallery-image-download&#039;&gt;&lt;a href=&#039;https:\/\/live.staticflickr.com\/65535\/54553773284_c09b82797c_o.jpg&#039; target=&#039;_blank&#039;&gt;Slika za preuzimanje&lt;\/a&gt;&lt;\/div&gt;\" \/><\/a><a href=\"https:\/\/live.staticflickr.com\/65535\/54552713492_2167d2d0a6_h.jpg\" title=\"U Po\u017eegi prisegnuo 46. nara\u0161taj ro\u010dnika na dragovoljnom vojnom osposobljavanju\"><img decoding=\"async\" data-title=\"U Po\u017eegi prisegnuo 46. nara\u0161taj ro\u010dnika na dragovoljnom vojnom osposobljavanju\" data-description=\"U vojarni '123. brigade Hrvatske vojske' u Po\u017eegi danas 29. svibnja 2025. godine na odanost Domovini prisegnulo je 154 ro\u010dnih vojnika, 125 mu\u0161karaca i 29 \u017eena | Foto: MORH\/ T. Brandt\" alt=\"U Po\u017eegi prisegnuo 46. nara\u0161taj ro\u010dnika na dragovoljnom vojnom osposobljavanju\" src=\"https:\/\/live.staticflickr.com\/65535\/54552713492_2167d2d0a6_h.jpg\" data-layer=\"&lt;div class=&#039;morh-gallery-image-download&#039;&gt;&lt;a href=&#039;https:\/\/live.staticflickr.com\/65535\/54552713492_cf1c918229_o.jpg&#039; target=&#039;_blank&#039;&gt;Slika za preuzimanje&lt;\/a&gt;&lt;\/div&gt;\" \/><\/a><\/div><!--\/.morh-galleria -->\n","protected":false},"excerpt":{"rendered":"<p>The Croatian Army is changing, it is modernizing in all parts, and the most valuable thing we have and which we are infinitely proud of are members of the Croatian army, State Secretary Drago Matanovi\u0107 said<\/p>\n","protected":false},"author":4699,"featured_media":255369,"comment_status":"closed","ping_status":"closed","sticky":false,"template":"","format":"standard","meta":{"_acf_changed":false,"_monsterinsights_skip_tracking":false,"_monsterinsights_sitenote_active":false,"_monsterinsights_sitenote_note":"","_monsterinsights_sitenote_category":0,"footnotes":""},"categories":[117],"tags":[],"class_list":["post-257893","post","type-post","status-publish","format-standard","has-post-thumbnail","hentry","category-press-releases"],"acf":[],"yoast_head":"<!-- This site is optimized with the Yoast SEO plugin v26.9 - https:\/\/yoast.com\/product\/yoast-seo-wordpress\/ -->\n<title>The 46th generation of conscripts who attend voluntary military training took oath in Po\u017eega - MORH<\/title>\n<meta name=\"description\" content=\"The Croatian Army is changing, it is modernizing in all parts, and the most valuable thing we have and which we are infinitely proud of are members of the Croatian army, State Secretary Drago Matanovi\u0107 said\" \/>\n<meta name=\"robots\" content=\"index, follow, max-snippet:-1, max-image-preview:large, max-video-preview:-1\" \/>\n<link rel=\"canonical\" href=\"https:\/\/www.morh.hr\/en\/the-46th-generation-of-conscripts-who-attend-voluntary-military-training-took-oath-in-pozega\/\" \/>\n<meta property=\"og:locale\" content=\"en_US\" \/>\n<meta property=\"og:type\" content=\"article\" \/>\n<meta property=\"og:title\" content=\"The 46th generation of conscripts who attend voluntary military training took oath in Po\u017eega - MORH\" \/>\n<meta property=\"og:description\" content=\"The Croatian Army is changing, it is modernizing in all parts, and the most valuable thing we have and which we are infinitely proud of are members of the Croatian army, State Secretary Drago Matanovi\u0107 said\" \/>\n<meta property=\"og:url\" content=\"https:\/\/www.morh.hr\/en\/the-46th-generation-of-conscripts-who-attend-voluntary-military-training-took-oath-in-pozega\/\" \/>\n<meta property=\"og:site_name\" content=\"MORH\" \/>\n<meta property=\"article:publisher\" content=\"https:\/\/www.facebook.com\/sportasiuhrvatskojvojsci\/\" \/>\n<meta property=\"article:published_time\" content=\"2025-05-29T07:22:31+00:00\" \/>\n<meta property=\"article:modified_time\" content=\"2025-07-29T07:28:54+00:00\" \/>\n<meta property=\"og:image\" content=\"https:\/\/www.morh.hr\/wp-content\/uploads\/2025\/05\/2025-05-29-prisega.jpg\" \/>\n\t<meta property=\"og:image:width\" content=\"2400\" \/>\n\t<meta property=\"og:image:height\" content=\"1600\" \/>\n\t<meta property=\"og:image:type\" content=\"image\/jpeg\" \/>\n<meta name=\"author\" content=\"Mladen\" \/>\n<meta name=\"twitter:card\" content=\"summary_large_image\" \/>\n<meta name=\"twitter:creator\" content=\"@morh_osrh\" \/>\n<meta name=\"twitter:site\" content=\"@morh_osrh\" \/>\n<meta name=\"twitter:label1\" content=\"Written by\" \/>\n\t<meta name=\"twitter:data1\" content=\"Mladen\" \/>\n\t<meta name=\"twitter:label2\" content=\"Est. reading time\" \/>\n\t<meta name=\"twitter:data2\" content=\"6 minutes\" \/>\n<script type=\"application\/ld+json\" class=\"yoast-schema-graph\">{\"@context\":\"https:\/\/schema.org\",\"@graph\":[{\"@type\":\"Article\",\"@id\":\"https:\/\/www.morh.hr\/en\/the-46th-generation-of-conscripts-who-attend-voluntary-military-training-took-oath-in-pozega\/#article\",\"isPartOf\":{\"@id\":\"https:\/\/www.morh.hr\/en\/the-46th-generation-of-conscripts-who-attend-voluntary-military-training-took-oath-in-pozega\/\"},\"author\":{\"name\":\"Mladen\",\"@id\":\"https:\/\/www.morh.hr\/en\/#\/schema\/person\/ec8e2528a579067d8bda0ae2124ac768\"},\"headline\":\"The 46th generation of conscripts who attend voluntary military training took oath in Po\u017eega\",\"datePublished\":\"2025-05-29T07:22:31+00:00\",\"dateModified\":\"2025-07-29T07:28:54+00:00\",\"mainEntityOfPage\":{\"@id\":\"https:\/\/www.morh.hr\/en\/the-46th-generation-of-conscripts-who-attend-voluntary-military-training-took-oath-in-pozega\/\"},\"wordCount\":934,\"image\":{\"@id\":\"https:\/\/www.morh.hr\/en\/the-46th-generation-of-conscripts-who-attend-voluntary-military-training-took-oath-in-pozega\/#primaryimage\"},\"thumbnailUrl\":\"https:\/\/www.morh.hr\/wp-content\/uploads\/2025\/05\/2025-05-29-prisega.jpg\",\"articleSection\":[\"Press releases\"],\"inLanguage\":\"en-US\"},{\"@type\":\"WebPage\",\"@id\":\"https:\/\/www.morh.hr\/en\/the-46th-generation-of-conscripts-who-attend-voluntary-military-training-took-oath-in-pozega\/\",\"url\":\"https:\/\/www.morh.hr\/en\/the-46th-generation-of-conscripts-who-attend-voluntary-military-training-took-oath-in-pozega\/\",\"name\":\"The 46th generation of conscripts who attend voluntary military training took oath in Po\u017eega - MORH\",\"isPartOf\":{\"@id\":\"https:\/\/www.morh.hr\/en\/#website\"},\"primaryImageOfPage\":{\"@id\":\"https:\/\/www.morh.hr\/en\/the-46th-generation-of-conscripts-who-attend-voluntary-military-training-took-oath-in-pozega\/#primaryimage\"},\"image\":{\"@id\":\"https:\/\/www.morh.hr\/en\/the-46th-generation-of-conscripts-who-attend-voluntary-military-training-took-oath-in-pozega\/#primaryimage\"},\"thumbnailUrl\":\"https:\/\/www.morh.hr\/wp-content\/uploads\/2025\/05\/2025-05-29-prisega.jpg\",\"datePublished\":\"2025-05-29T07:22:31+00:00\",\"dateModified\":\"2025-07-29T07:28:54+00:00\",\"author\":{\"@id\":\"https:\/\/www.morh.hr\/en\/#\/schema\/person\/ec8e2528a579067d8bda0ae2124ac768\"},\"description\":\"The Croatian Army is changing, it is modernizing in all parts, and the most valuable thing we have and which we are infinitely proud of are members of the Croatian army, State Secretary Drago Matanovi\u0107 said\",\"breadcrumb\":{\"@id\":\"https:\/\/www.morh.hr\/en\/the-46th-generation-of-conscripts-who-attend-voluntary-military-training-took-oath-in-pozega\/#breadcrumb\"},\"inLanguage\":\"en-US\",\"potentialAction\":[{\"@type\":\"ReadAction\",\"target\":[\"https:\/\/www.morh.hr\/en\/the-46th-generation-of-conscripts-who-attend-voluntary-military-training-took-oath-in-pozega\/\"]}]},{\"@type\":\"ImageObject\",\"inLanguage\":\"en-US\",\"@id\":\"https:\/\/www.morh.hr\/en\/the-46th-generation-of-conscripts-who-attend-voluntary-military-training-took-oath-in-pozega\/#primaryimage\",\"url\":\"https:\/\/www.morh.hr\/wp-content\/uploads\/2025\/05\/2025-05-29-prisega.jpg\",\"contentUrl\":\"https:\/\/www.morh.hr\/wp-content\/uploads\/2025\/05\/2025-05-29-prisega.jpg\",\"width\":2400,\"height\":1600,\"caption\":\"U Po\u017eegi prisegnuo 46. nara\u0161taj ro\u010dnika na dragovoljnom vojnom osposobljavanju | Foto: MORH\/ T. Brandt\"},{\"@type\":\"BreadcrumbList\",\"@id\":\"https:\/\/www.morh.hr\/en\/the-46th-generation-of-conscripts-who-attend-voluntary-military-training-took-oath-in-pozega\/#breadcrumb\",\"itemListElement\":[{\"@type\":\"ListItem\",\"position\":1,\"name\":\"Naslovnica\",\"item\":\"https:\/\/www.morh.hr\/en\/\"},{\"@type\":\"ListItem\",\"position\":2,\"name\":\"News\",\"item\":\"https:\/\/www.morh.hr\/en\/kategorija\/news\/\"},{\"@type\":\"ListItem\",\"position\":3,\"name\":\"Press releases\",\"item\":\"https:\/\/www.morh.hr\/en\/kategorija\/news\/press-releases\/\"},{\"@type\":\"ListItem\",\"position\":4,\"name\":\"The 46th generation of conscripts who attend voluntary military training took oath in Po\u017eega\"}]},{\"@type\":\"WebSite\",\"@id\":\"https:\/\/www.morh.hr\/en\/#website\",\"url\":\"https:\/\/www.morh.hr\/en\/\",\"name\":\"MORH\",\"description\":\"Ministarstvo obrane Republike Hrvatske - slu\u017ebene stranice\",\"potentialAction\":[{\"@type\":\"SearchAction\",\"target\":{\"@type\":\"EntryPoint\",\"urlTemplate\":\"https:\/\/www.morh.hr\/en\/?s={search_term_string}\"},\"query-input\":{\"@type\":\"PropertyValueSpecification\",\"valueRequired\":true,\"valueName\":\"search_term_string\"}}],\"inLanguage\":\"en-US\"},{\"@type\":\"Person\",\"@id\":\"https:\/\/www.morh.hr\/en\/#\/schema\/person\/ec8e2528a579067d8bda0ae2124ac768\",\"name\":\"Mladen\",\"image\":{\"@type\":\"ImageObject\",\"inLanguage\":\"en-US\",\"@id\":\"https:\/\/www.morh.hr\/en\/#\/schema\/person\/image\/\",\"url\":\"https:\/\/secure.gravatar.com\/avatar\/3d5ea7ca0d0a523cf2ec98548db52f920a5f6bbfd2c1aa63d237c2f445528cf7?s=96&d=mm&r=g\",\"contentUrl\":\"https:\/\/secure.gravatar.com\/avatar\/3d5ea7ca0d0a523cf2ec98548db52f920a5f6bbfd2c1aa63d237c2f445528cf7?s=96&d=mm&r=g\",\"caption\":\"Mladen\"}}]}<\/script>\n<!-- \/ Yoast SEO plugin. -->","yoast_head_json":{"title":"The 46th generation of conscripts who attend voluntary military training took oath in Po\u017eega - MORH","description":"The Croatian Army is changing, it is modernizing in all parts, and the most valuable thing we have and which we are infinitely proud of are members of the Croatian army, State Secretary Drago Matanovi\u0107 said","robots":{"index":"index","follow":"follow","max-snippet":"max-snippet:-1","max-image-preview":"max-image-preview:large","max-video-preview":"max-video-preview:-1"},"canonical":"https:\/\/www.morh.hr\/en\/the-46th-generation-of-conscripts-who-attend-voluntary-military-training-took-oath-in-pozega\/","og_locale":"en_US","og_type":"article","og_title":"The 46th generation of conscripts who attend voluntary military training took oath in Po\u017eega - MORH","og_description":"The Croatian Army is changing, it is modernizing in all parts, and the most valuable thing we have and which we are infinitely proud of are members of the Croatian army, State Secretary Drago Matanovi\u0107 said","og_url":"https:\/\/www.morh.hr\/en\/the-46th-generation-of-conscripts-who-attend-voluntary-military-training-took-oath-in-pozega\/","og_site_name":"MORH","article_publisher":"https:\/\/www.facebook.com\/sportasiuhrvatskojvojsci\/","article_published_time":"2025-05-29T07:22:31+00:00","article_modified_time":"2025-07-29T07:28:54+00:00","og_image":[{"width":2400,"height":1600,"url":"https:\/\/www.morh.hr\/wp-content\/uploads\/2025\/05\/2025-05-29-prisega.jpg","type":"image\/jpeg"}],"author":"Mladen","twitter_card":"summary_large_image","twitter_creator":"@morh_osrh","twitter_site":"@morh_osrh","twitter_misc":{"Written by":"Mladen","Est. reading time":"6 minutes"},"schema":{"@context":"https:\/\/schema.org","@graph":[{"@type":"Article","@id":"https:\/\/www.morh.hr\/en\/the-46th-generation-of-conscripts-who-attend-voluntary-military-training-took-oath-in-pozega\/#article","isPartOf":{"@id":"https:\/\/www.morh.hr\/en\/the-46th-generation-of-conscripts-who-attend-voluntary-military-training-took-oath-in-pozega\/"},"author":{"name":"Mladen","@id":"https:\/\/www.morh.hr\/en\/#\/schema\/person\/ec8e2528a579067d8bda0ae2124ac768"},"headline":"The 46th generation of conscripts who attend voluntary military training took oath in Po\u017eega","datePublished":"2025-05-29T07:22:31+00:00","dateModified":"2025-07-29T07:28:54+00:00","mainEntityOfPage":{"@id":"https:\/\/www.morh.hr\/en\/the-46th-generation-of-conscripts-who-attend-voluntary-military-training-took-oath-in-pozega\/"},"wordCount":934,"image":{"@id":"https:\/\/www.morh.hr\/en\/the-46th-generation-of-conscripts-who-attend-voluntary-military-training-took-oath-in-pozega\/#primaryimage"},"thumbnailUrl":"https:\/\/www.morh.hr\/wp-content\/uploads\/2025\/05\/2025-05-29-prisega.jpg","articleSection":["Press releases"],"inLanguage":"en-US"},{"@type":"WebPage","@id":"https:\/\/www.morh.hr\/en\/the-46th-generation-of-conscripts-who-attend-voluntary-military-training-took-oath-in-pozega\/","url":"https:\/\/www.morh.hr\/en\/the-46th-generation-of-conscripts-who-attend-voluntary-military-training-took-oath-in-pozega\/","name":"The 46th generation of conscripts who attend voluntary military training took oath in Po\u017eega - MORH","isPartOf":{"@id":"https:\/\/www.morh.hr\/en\/#website"},"primaryImageOfPage":{"@id":"https:\/\/www.morh.hr\/en\/the-46th-generation-of-conscripts-who-attend-voluntary-military-training-took-oath-in-pozega\/#primaryimage"},"image":{"@id":"https:\/\/www.morh.hr\/en\/the-46th-generation-of-conscripts-who-attend-voluntary-military-training-took-oath-in-pozega\/#primaryimage"},"thumbnailUrl":"https:\/\/www.morh.hr\/wp-content\/uploads\/2025\/05\/2025-05-29-prisega.jpg","datePublished":"2025-05-29T07:22:31+00:00","dateModified":"2025-07-29T07:28:54+00:00","author":{"@id":"https:\/\/www.morh.hr\/en\/#\/schema\/person\/ec8e2528a579067d8bda0ae2124ac768"},"description":"The Croatian Army is changing, it is modernizing in all parts, and the most valuable thing we have and which we are infinitely proud of are members of the Croatian army, State Secretary Drago Matanovi\u0107 said","breadcrumb":{"@id":"https:\/\/www.morh.hr\/en\/the-46th-generation-of-conscripts-who-attend-voluntary-military-training-took-oath-in-pozega\/#breadcrumb"},"inLanguage":"en-US","potentialAction":[{"@type":"ReadAction","target":["https:\/\/www.morh.hr\/en\/the-46th-generation-of-conscripts-who-attend-voluntary-military-training-took-oath-in-pozega\/"]}]},{"@type":"ImageObject","inLanguage":"en-US","@id":"https:\/\/www.morh.hr\/en\/the-46th-generation-of-conscripts-who-attend-voluntary-military-training-took-oath-in-pozega\/#primaryimage","url":"https:\/\/www.morh.hr\/wp-content\/uploads\/2025\/05\/2025-05-29-prisega.jpg","contentUrl":"https:\/\/www.morh.hr\/wp-content\/uploads\/2025\/05\/2025-05-29-prisega.jpg","width":2400,"height":1600,"caption":"U Po\u017eegi prisegnuo 46. nara\u0161taj ro\u010dnika na dragovoljnom vojnom osposobljavanju | Foto: MORH\/ T. Brandt"},{"@type":"BreadcrumbList","@id":"https:\/\/www.morh.hr\/en\/the-46th-generation-of-conscripts-who-attend-voluntary-military-training-took-oath-in-pozega\/#breadcrumb","itemListElement":[{"@type":"ListItem","position":1,"name":"Naslovnica","item":"https:\/\/www.morh.hr\/en\/"},{"@type":"ListItem","position":2,"name":"News","item":"https:\/\/www.morh.hr\/en\/kategorija\/news\/"},{"@type":"ListItem","position":3,"name":"Press releases","item":"https:\/\/www.morh.hr\/en\/kategorija\/news\/press-releases\/"},{"@type":"ListItem","position":4,"name":"The 46th generation of conscripts who attend voluntary military training took oath in Po\u017eega"}]},{"@type":"WebSite","@id":"https:\/\/www.morh.hr\/en\/#website","url":"https:\/\/www.morh.hr\/en\/","name":"MORH","description":"Ministarstvo obrane Republike Hrvatske - slu\u017ebene stranice","potentialAction":[{"@type":"SearchAction","target":{"@type":"EntryPoint","urlTemplate":"https:\/\/www.morh.hr\/en\/?s={search_term_string}"},"query-input":{"@type":"PropertyValueSpecification","valueRequired":true,"valueName":"search_term_string"}}],"inLanguage":"en-US"},{"@type":"Person","@id":"https:\/\/www.morh.hr\/en\/#\/schema\/person\/ec8e2528a579067d8bda0ae2124ac768","name":"Mladen","image":{"@type":"ImageObject","inLanguage":"en-US","@id":"https:\/\/www.morh.hr\/en\/#\/schema\/person\/image\/","url":"https:\/\/secure.gravatar.com\/avatar\/3d5ea7ca0d0a523cf2ec98548db52f920a5f6bbfd2c1aa63d237c2f445528cf7?s=96&d=mm&r=g","contentUrl":"https:\/\/secure.gravatar.com\/avatar\/3d5ea7ca0d0a523cf2ec98548db52f920a5f6bbfd2c1aa63d237c2f445528cf7?s=96&d=mm&r=g","caption":"Mladen"}}]}},"_links":{"self":[{"href":"https:\/\/www.morh.hr\/en\/wp-json\/wp\/v2\/posts\/257893","targetHints":{"allow":["GET"]}}],"collection":[{"href":"https:\/\/www.morh.hr\/en\/wp-json\/wp\/v2\/posts"}],"about":[{"href":"https:\/\/www.morh.hr\/en\/wp-json\/wp\/v2\/types\/post"}],"author":[{"embeddable":true,"href":"https:\/\/www.morh.hr\/en\/wp-json\/wp\/v2\/users\/4699"}],"replies":[{"embeddable":true,"href":"https:\/\/www.morh.hr\/en\/wp-json\/wp\/v2\/comments?post=257893"}],"version-history":[{"count":1,"href":"https:\/\/www.morh.hr\/en\/wp-json\/wp\/v2\/posts\/257893\/revisions"}],"predecessor-version":[{"id":257894,"href":"https:\/\/www.morh.hr\/en\/wp-json\/wp\/v2\/posts\/257893\/revisions\/257894"}],"wp:featuredmedia":[{"embeddable":true,"href":"https:\/\/www.morh.hr\/en\/wp-json\/wp\/v2\/media\/255369"}],"wp:attachment":[{"href":"https:\/\/www.morh.hr\/en\/wp-json\/wp\/v2\/media?parent=257893"}],"wp:term":[{"taxonomy":"category","embeddable":true,"href":"https:\/\/www.morh.hr\/en\/wp-json\/wp\/v2\/categories?post=257893"},{"taxonomy":"post_tag","embeddable":true,"href":"https:\/\/www.morh.hr\/en\/wp-json\/wp\/v2\/tags?post=257893"}],"curies":[{"name":"wp","href":"https:\/\/api.w.org\/{rel}","templated":true}]}}