{"id":257895,"date":"2025-05-30T09:30:05","date_gmt":"2025-05-30T07:30:05","guid":{"rendered":"https:\/\/www.morh.hr\/?p=257895"},"modified":"2025-07-29T09:35:16","modified_gmt":"2025-07-29T07:35:16","slug":"croatian-army-celebrates-the-statehood-day-with-spectacular-display-of-the-capabilities-on-jarun","status":"publish","type":"post","link":"https:\/\/www.morh.hr\/en\/croatian-army-celebrates-the-statehood-day-with-spectacular-display-of-the-capabilities-on-jarun\/","title":{"rendered":"Croatian Army celebrates the Statehood Day with spectacular display of the capabilities on Jarun"},"content":{"rendered":"<p>Today, on 30 May 2025, as part of celebration of the Statehood Day of the Republic of Croatia, Croatian Army, with a festive and impressive program, transformed the Jarun Recreational and Sports Centre into a large open stage where citizens of all ages had the opportunity to experience the Croatian Army up close, in its modern, capable and professional dimension.<\/p>\n<p><strong>Minister Anu\u0161i\u0107: Today, investments are being made in Croatian Army, army is equipped and trained because of the doctrine of deterrence<\/strong><\/p>\n<p>Deputy Prime Minister of the Republic of Croatia and Minister of Defence Ivan Anu\u0161i\u0107 took this opportunity to congratulate all Croatian citizens on the Statehood Day and thanked them for their interest in Croatian Army and for coming: &#8220;There is a record-breaking number of visitors today, and reasons for their arrival are clear. The army has demonstrated its new capabilities, which have not been visible or shown to the public so far. Everyone is welcome!&#8221;<\/p>\n<p>https:\/\/youtu.be\/vKqPYZ5_DZY<\/p>\n<p>Minister Anu\u0161i\u0107 recalled the year 1991, when Croatian army was not sufficiently equipped or armed, but managed to fight for its own state, and pointed out: &#8220;If at that time we had the equipment we have today, I am convinced that by the year 1991, everything that Croatia&#8217;s enemies had imagined would not have happened. It would not have come to their mind to try to crush Croatian nation and destroy their aspiration for freedom. They attacked us because they thought we were weak, that we would not succeed. However, we succeeded, although unarmed, we decisively and courageously fought for our freedom and created our own Croatian state.&#8221;<\/p>\n<p>&#8220;Today, precisely for this reason, Croatian army is investing in its capabilities, equipment and training. This is not only an investment in security, but also in a credible doctrine of deterrence, because we want to be sure that no one will ever again think of doing to Croatia what was done to it in 1991,&#8221; Minister Anu\u0161i\u0107 said.<\/p>\n<p>Minister Anu\u0161i\u0107 recalled this day 35 years ago: &#8220;I was in high school and I remember the euphoria, celebration, on streets, in the cities, and in all places in the Republic of Croatia.&#8221;<\/p>\n<p>Minister Anu\u0161i\u0107 recalled this day of 35 years ago: &#8220;I was in high school and I remember the euphoria, celebration, both on streets, in cities, and in all settlements in the Republic of Croatia.&#8221;<\/p>\n<p><strong>A powerful joint display of the capabilities of the Special Forces Command, Croatian army and Croatian Air Force<\/strong><\/p>\n<p>In central part of the programme, members of the Special Forces Command with RIB boats, Croatian Air Force with UH-60 Black Hawk and OH-58D Kiowa Warrior helicopters, and Croatian Army with Patria vehicles performed a brilliant display of joint capabilities on land, in water and in air.<\/p>\n<p><strong>Powerful Rafales above Jarun and an impressive display of the Croatian army capabilities<\/strong><\/p>\n<p>The highlight of the day was certainly the overflight of six Rafale multi-role fighter jets, which powerfully and sonorously overflew the sky above Jarun. Two Rafales continued their overflight over the mainland and cities, while the other two overflew the Dalmatian route.<\/p>\n<p>https:\/\/youtu.be\/R_kT65ThtPE<\/p>\n<p>The remaining two Rafales performed an attractive exercise and greeted numerous citizens on Jarun.<\/p>\n<p>These aircraft, a symbol of technological excellence and modernization of the Croatian Armed Forces, pleased everyone present, emphasizing how equipped and ready the Croatian Army is today to respond to all challenges. As a sign of unity and togetherness, the Rafales also overflew other parts of Croatia, symbolically connecting the entire country in a joint celebration of the Statehood Day.<\/p>\n<p>As part of the traditional exhibition of weapons and military equipment, visitors were able to view a wide range of combat and non-combat equipment of the Croatian Army units. Some of the state-of-the-art systems were on display, such as Patria armoured combat vehicle, MRAP vehicle, M-84 tank, Bradley armoured personnel carrier, Panzer Haubitze 2000 self-propelled howitzer, as well as various artillery and missile weapons, such as the SVLR 122 M92 Vuklan and the SVLR 122 BM-21 Grad. Demining equipment, Mistral 3 air defence system, an explosive ordnance disposal robot, the RU TAKRAD satellite system, infantry weapons and other sophisticated military equipment also attracted special attention.<\/p>\n<p><strong>Programme for all generations &#8211; a combination of education and entertainment<\/strong><\/p>\n<p>In addition to military display and exhibitions, Croatian Army organized a series of activities that included informative content about military careers in the HV INFO ZONE. A special place to meet and socialize with members of the Croatian Army was the HV FAN ZONE, which offered numerous activities for children: from taking photos with Croatian Army members, virtual flights using VR goggles to an inflatable training ground, which provided the youngest with an amusing and unique experience.<\/p>\n<p>The overall festive atmosphere was further enriched by a concert performed by Croatian Army Jazz Orchestra, which was a special and emotional musical experience for all citizens present.<\/p>\n<div class=\"morh-galleria\"><a href=\"https:\/\/live.staticflickr.com\/65535\/54556557449_0d72293e39_h.jpg\" title=\"Hrvatska vojska proslavila Dan dr\u017eavnosti spektakularnim prikazom sposobnosti na Jarunu\"><img decoding=\"async\" data-title=\"Hrvatska vojska proslavila Dan dr\u017eavnosti spektakularnim prikazom sposobnosti na Jarunu\" data-description=\"Tisu\u0107e gra\u0111ana u\u017eivale su u dojmljivom predstavljanju mo\u0107i i spremnosti Hrvatske vojske, uz prelet Rafalea, izlo\u017ebu vojne opreme i bogat program za sve generacije | Foto: MORH\/ J. Kopi\" alt=\"Hrvatska vojska proslavila Dan dr\u017eavnosti spektakularnim prikazom sposobnosti na Jarunu\" src=\"https:\/\/live.staticflickr.com\/65535\/54556557449_0d72293e39_h.jpg\" data-layer=\"&lt;div class=&#039;morh-gallery-image-download&#039;&gt;&lt;a href=&#039;https:\/\/live.staticflickr.com\/65535\/54556557449_d4891f46a3_o.jpg&#039; target=&#039;_blank&#039;&gt;Slika za preuzimanje&lt;\/a&gt;&lt;\/div&gt;\" \/><\/a><a href=\"https:\/\/live.staticflickr.com\/65535\/54556368646_2a6443b68a_h.jpg\" title=\"Hrvatska vojska proslavila Dan dr\u017eavnosti spektakularnim prikazom sposobnosti na Jarunu\"><img decoding=\"async\" data-title=\"Hrvatska vojska proslavila Dan dr\u017eavnosti spektakularnim prikazom sposobnosti na Jarunu\" data-description=\"Tisu\u0107e gra\u0111ana u\u017eivale su u dojmljivom predstavljanju mo\u0107i i spremnosti Hrvatske vojske, uz prelet Rafalea, izlo\u017ebu vojne opreme i bogat program za sve generacije | Foto: MORH\/ J. Kopi\" alt=\"Hrvatska vojska proslavila Dan dr\u017eavnosti spektakularnim prikazom sposobnosti na Jarunu\" src=\"https:\/\/live.staticflickr.com\/65535\/54556368646_2a6443b68a_h.jpg\" data-layer=\"&lt;div class=&#039;morh-gallery-image-download&#039;&gt;&lt;a href=&#039;https:\/\/live.staticflickr.com\/65535\/54556368646_e2c1cb3568_o.jpg&#039; target=&#039;_blank&#039;&gt;Slika za preuzimanje&lt;\/a&gt;&lt;\/div&gt;\" \/><\/a><a href=\"https:\/\/live.staticflickr.com\/65535\/54555489462_92bae62a3e_h.jpg\" title=\"Hrvatska vojska proslavila Dan dr\u017eavnosti spektakularnim prikazom sposobnosti na Jarunu\"><img decoding=\"async\" data-title=\"Hrvatska vojska proslavila Dan dr\u017eavnosti spektakularnim prikazom sposobnosti na Jarunu\" data-description=\"Tisu\u0107e gra\u0111ana u\u017eivale su u dojmljivom predstavljanju mo\u0107i i spremnosti Hrvatske vojske, uz prelet Rafalea, izlo\u017ebu vojne opreme i bogat program za sve generacije | Foto: MORH\/ J. Kopi\" alt=\"Hrvatska vojska proslavila Dan dr\u017eavnosti spektakularnim prikazom sposobnosti na Jarunu\" src=\"https:\/\/live.staticflickr.com\/65535\/54555489462_92bae62a3e_h.jpg\" data-layer=\"&lt;div class=&#039;morh-gallery-image-download&#039;&gt;&lt;a href=&#039;https:\/\/live.staticflickr.com\/65535\/54555489462_70eeb9afd3_o.jpg&#039; target=&#039;_blank&#039;&gt;Slika za preuzimanje&lt;\/a&gt;&lt;\/div&gt;\" \/><\/a><a href=\"https:\/\/live.staticflickr.com\/65535\/54556368726_2185a527a5_h.jpg\" title=\"Hrvatska vojska proslavila Dan dr\u017eavnosti spektakularnim prikazom sposobnosti na Jarunu\"><img decoding=\"async\" data-title=\"Hrvatska vojska proslavila Dan dr\u017eavnosti spektakularnim prikazom sposobnosti na Jarunu\" data-description=\"Tisu\u0107e gra\u0111ana u\u017eivale su u dojmljivom predstavljanju mo\u0107i i spremnosti Hrvatske vojske, uz prelet Rafalea, izlo\u017ebu vojne opreme i bogat program za sve generacije | Foto: MORH\/ J. Kopi\" alt=\"Hrvatska vojska proslavila Dan dr\u017eavnosti spektakularnim prikazom sposobnosti na Jarunu\" src=\"https:\/\/live.staticflickr.com\/65535\/54556368726_2185a527a5_h.jpg\" data-layer=\"&lt;div class=&#039;morh-gallery-image-download&#039;&gt;&lt;a href=&#039;https:\/\/live.staticflickr.com\/65535\/54556368726_81190746f7_o.jpg&#039; target=&#039;_blank&#039;&gt;Slika za preuzimanje&lt;\/a&gt;&lt;\/div&gt;\" \/><\/a><a href=\"https:\/\/live.staticflickr.com\/65535\/54555489682_3cd6e63add_h.jpg\" title=\"Hrvatska vojska proslavila Dan dr\u017eavnosti spektakularnim prikazom sposobnosti na Jarunu\"><img decoding=\"async\" data-title=\"Hrvatska vojska proslavila Dan dr\u017eavnosti spektakularnim prikazom sposobnosti na Jarunu\" data-description=\"Tisu\u0107e gra\u0111ana u\u017eivale su u dojmljivom predstavljanju mo\u0107i i spremnosti Hrvatske vojske, uz prelet Rafalea, izlo\u017ebu vojne opreme i bogat program za sve generacije | Foto: MORH\/ J. Kopi\" alt=\"Hrvatska vojska proslavila Dan dr\u017eavnosti spektakularnim prikazom sposobnosti na Jarunu\" src=\"https:\/\/live.staticflickr.com\/65535\/54555489682_3cd6e63add_h.jpg\" data-layer=\"&lt;div class=&#039;morh-gallery-image-download&#039;&gt;&lt;a href=&#039;https:\/\/live.staticflickr.com\/65535\/54555489682_9588aea9c6_o.jpg&#039; target=&#039;_blank&#039;&gt;Slika za preuzimanje&lt;\/a&gt;&lt;\/div&gt;\" \/><\/a><a href=\"https:\/\/live.staticflickr.com\/65535\/54556368826_b0bf0902a3_h.jpg\" title=\"Hrvatska vojska proslavila Dan dr\u017eavnosti spektakularnim prikazom sposobnosti na Jarunu\"><img decoding=\"async\" data-title=\"Hrvatska vojska proslavila Dan dr\u017eavnosti spektakularnim prikazom sposobnosti na Jarunu\" data-description=\"Tisu\u0107e gra\u0111ana u\u017eivale su u dojmljivom predstavljanju mo\u0107i i spremnosti Hrvatske vojske, uz prelet Rafalea, izlo\u017ebu vojne opreme i bogat program za sve generacije | Foto: MORH\/ J. Kopi\" alt=\"Hrvatska vojska proslavila Dan dr\u017eavnosti spektakularnim prikazom sposobnosti na Jarunu\" src=\"https:\/\/live.staticflickr.com\/65535\/54556368826_b0bf0902a3_h.jpg\" data-layer=\"&lt;div class=&#039;morh-gallery-image-download&#039;&gt;&lt;a href=&#039;https:\/\/live.staticflickr.com\/65535\/54556368826_633a50db45_o.jpg&#039; target=&#039;_blank&#039;&gt;Slika za preuzimanje&lt;\/a&gt;&lt;\/div&gt;\" \/><\/a><a href=\"https:\/\/live.staticflickr.com\/65535\/54556607383_1d3f2cfb54_h.jpg\" title=\"Hrvatska vojska proslavila Dan dr\u017eavnosti spektakularnim prikazom sposobnosti na Jarunu\"><img decoding=\"async\" data-title=\"Hrvatska vojska proslavila Dan dr\u017eavnosti spektakularnim prikazom sposobnosti na Jarunu\" data-description=\"Tisu\u0107e gra\u0111ana u\u017eivale su u dojmljivom predstavljanju mo\u0107i i spremnosti Hrvatske vojske, uz prelet Rafalea, izlo\u017ebu vojne opreme i bogat program za sve generacije | Foto: MORH\/ J. Kopi\" alt=\"Hrvatska vojska proslavila Dan dr\u017eavnosti spektakularnim prikazom sposobnosti na Jarunu\" src=\"https:\/\/live.staticflickr.com\/65535\/54556607383_1d3f2cfb54_h.jpg\" data-layer=\"&lt;div class=&#039;morh-gallery-image-download&#039;&gt;&lt;a href=&#039;https:\/\/live.staticflickr.com\/65535\/54556607383_b12e825674_o.jpg&#039; target=&#039;_blank&#039;&gt;Slika za preuzimanje&lt;\/a&gt;&lt;\/div&gt;\" \/><\/a><a href=\"https:\/\/live.staticflickr.com\/65535\/54556368886_53afab8220_h.jpg\" title=\"Hrvatska vojska proslavila Dan dr\u017eavnosti spektakularnim prikazom sposobnosti na Jarunu\"><img decoding=\"async\" data-title=\"Hrvatska vojska proslavila Dan dr\u017eavnosti spektakularnim prikazom sposobnosti na Jarunu\" data-description=\"Tisu\u0107e gra\u0111ana u\u017eivale su u dojmljivom predstavljanju mo\u0107i i spremnosti Hrvatske vojske, uz prelet Rafalea, izlo\u017ebu vojne opreme i bogat program za sve generacije | Foto: MORH\/ J. Kopi\" alt=\"Hrvatska vojska proslavila Dan dr\u017eavnosti spektakularnim prikazom sposobnosti na Jarunu\" src=\"https:\/\/live.staticflickr.com\/65535\/54556368886_53afab8220_h.jpg\" data-layer=\"&lt;div class=&#039;morh-gallery-image-download&#039;&gt;&lt;a href=&#039;https:\/\/live.staticflickr.com\/65535\/54556368886_fb8d262d1d_o.jpg&#039; target=&#039;_blank&#039;&gt;Slika za preuzimanje&lt;\/a&gt;&lt;\/div&gt;\" \/><\/a><a href=\"https:\/\/live.staticflickr.com\/65535\/54556368926_1dd4e9d972_h.jpg\" title=\"Hrvatska vojska proslavila Dan dr\u017eavnosti spektakularnim prikazom sposobnosti na Jarunu\"><img decoding=\"async\" data-title=\"Hrvatska vojska proslavila Dan dr\u017eavnosti spektakularnim prikazom sposobnosti na Jarunu\" data-description=\"Tisu\u0107e gra\u0111ana u\u017eivale su u dojmljivom predstavljanju mo\u0107i i spremnosti Hrvatske vojske, uz prelet Rafalea, izlo\u017ebu vojne opreme i bogat program za sve generacije | Foto: MORH\/ J. Kopi\" alt=\"Hrvatska vojska proslavila Dan dr\u017eavnosti spektakularnim prikazom sposobnosti na Jarunu\" src=\"https:\/\/live.staticflickr.com\/65535\/54556368926_1dd4e9d972_h.jpg\" data-layer=\"&lt;div class=&#039;morh-gallery-image-download&#039;&gt;&lt;a href=&#039;https:\/\/live.staticflickr.com\/65535\/54556368926_8a68805622_o.jpg&#039; target=&#039;_blank&#039;&gt;Slika za preuzimanje&lt;\/a&gt;&lt;\/div&gt;\" \/><\/a><a href=\"https:\/\/live.staticflickr.com\/65535\/54556707875_4eef80e8cf_h.jpg\" title=\"Hrvatska vojska proslavila Dan dr\u017eavnosti spektakularnim prikazom sposobnosti na Jarunu\"><img decoding=\"async\" data-title=\"Hrvatska vojska proslavila Dan dr\u017eavnosti spektakularnim prikazom sposobnosti na Jarunu\" data-description=\"Tisu\u0107e gra\u0111ana u\u017eivale su u dojmljivom predstavljanju mo\u0107i i spremnosti Hrvatske vojske, uz prelet Rafalea, izlo\u017ebu vojne opreme i bogat program za sve generacije | Foto: MORH\/ J. Kopi\" alt=\"Hrvatska vojska proslavila Dan dr\u017eavnosti spektakularnim prikazom sposobnosti na Jarunu\" src=\"https:\/\/live.staticflickr.com\/65535\/54556707875_4eef80e8cf_h.jpg\" data-layer=\"&lt;div class=&#039;morh-gallery-image-download&#039;&gt;&lt;a href=&#039;https:\/\/live.staticflickr.com\/65535\/54556707875_c9cc1d7863_o.jpg&#039; target=&#039;_blank&#039;&gt;Slika za preuzimanje&lt;\/a&gt;&lt;\/div&gt;\" \/><\/a><a href=\"https:\/\/live.staticflickr.com\/65535\/54556368641_4f326a7632_h.jpg\" title=\"Hrvatska vojska proslavila Dan dr\u017eavnosti spektakularnim prikazom sposobnosti na Jarunu\"><img decoding=\"async\" data-title=\"Hrvatska vojska proslavila Dan dr\u017eavnosti spektakularnim prikazom sposobnosti na Jarunu\" data-description=\"Tisu\u0107e gra\u0111ana u\u017eivale su u dojmljivom predstavljanju mo\u0107i i spremnosti Hrvatske vojske, uz prelet Rafalea, izlo\u017ebu vojne opreme i bogat program za sve generacije | Foto: MORH\/ J. Kopi\" alt=\"Hrvatska vojska proslavila Dan dr\u017eavnosti spektakularnim prikazom sposobnosti na Jarunu\" src=\"https:\/\/live.staticflickr.com\/65535\/54556368641_4f326a7632_h.jpg\" data-layer=\"&lt;div class=&#039;morh-gallery-image-download&#039;&gt;&lt;a href=&#039;https:\/\/live.staticflickr.com\/65535\/54556368641_fe31b21bee_o.jpg&#039; target=&#039;_blank&#039;&gt;Slika za preuzimanje&lt;\/a&gt;&lt;\/div&gt;\" \/><\/a><a href=\"https:\/\/live.staticflickr.com\/65535\/54556368566_a533028531_h.jpg\" title=\"Hrvatska vojska proslavila Dan dr\u017eavnosti spektakularnim prikazom sposobnosti na Jarunu\"><img decoding=\"async\" data-title=\"Hrvatska vojska proslavila Dan dr\u017eavnosti spektakularnim prikazom sposobnosti na Jarunu\" data-description=\"Tisu\u0107e gra\u0111ana u\u017eivale su u dojmljivom predstavljanju mo\u0107i i spremnosti Hrvatske vojske, uz prelet Rafalea, izlo\u017ebu vojne opreme i bogat program za sve generacije | Foto: MORH\/ J. Kopi\" alt=\"Hrvatska vojska proslavila Dan dr\u017eavnosti spektakularnim prikazom sposobnosti na Jarunu\" src=\"https:\/\/live.staticflickr.com\/65535\/54556368566_a533028531_h.jpg\" data-layer=\"&lt;div class=&#039;morh-gallery-image-download&#039;&gt;&lt;a href=&#039;https:\/\/live.staticflickr.com\/65535\/54556368566_1ebfacc868_o.jpg&#039; target=&#039;_blank&#039;&gt;Slika za preuzimanje&lt;\/a&gt;&lt;\/div&gt;\" \/><\/a><a href=\"https:\/\/live.staticflickr.com\/65535\/54556607158_4ddc72c455_h.jpg\" title=\"Hrvatska vojska proslavila Dan dr\u017eavnosti spektakularnim prikazom sposobnosti na Jarunu\"><img decoding=\"async\" data-title=\"Hrvatska vojska proslavila Dan dr\u017eavnosti spektakularnim prikazom sposobnosti na Jarunu\" data-description=\"Tisu\u0107e gra\u0111ana u\u017eivale su u dojmljivom predstavljanju mo\u0107i i spremnosti Hrvatske vojske, uz prelet Rafalea, izlo\u017ebu vojne opreme i bogat program za sve generacije | Foto: MORH\/ J. Kopi\" alt=\"Hrvatska vojska proslavila Dan dr\u017eavnosti spektakularnim prikazom sposobnosti na Jarunu\" src=\"https:\/\/live.staticflickr.com\/65535\/54556607158_4ddc72c455_h.jpg\" data-layer=\"&lt;div class=&#039;morh-gallery-image-download&#039;&gt;&lt;a href=&#039;https:\/\/live.staticflickr.com\/65535\/54556607158_3a4bd8754b_o.jpg&#039; target=&#039;_blank&#039;&gt;Slika za preuzimanje&lt;\/a&gt;&lt;\/div&gt;\" \/><\/a><a href=\"https:\/\/live.staticflickr.com\/65535\/54556594163_87f390eef0_h.jpg\" title=\"Hrvatska vojska proslavila Dan dr\u017eavnosti spektakularnim prikazom sposobnosti na Jarunu\"><img decoding=\"async\" data-title=\"Hrvatska vojska proslavila Dan dr\u017eavnosti spektakularnim prikazom sposobnosti na Jarunu\" data-description=\"Tisu\u0107e gra\u0111ana u\u017eivalo je u dojmljivom predstavljanju mo\u0107i i spremnosti Hrvatske vojske, uz prelet Rafalea, izlo\u017ebu vojne opreme i bogat program za sve generacije | Foto: MORH\/ T. Brandt\" alt=\"Hrvatska vojska proslavila Dan dr\u017eavnosti spektakularnim prikazom sposobnosti na Jarunu\" src=\"https:\/\/live.staticflickr.com\/65535\/54556594163_87f390eef0_h.jpg\" data-layer=\"&lt;div class=&#039;morh-gallery-image-download&#039;&gt;&lt;a href=&#039;https:\/\/live.staticflickr.com\/65535\/54556594163_13d7064fa3_o.jpg&#039; target=&#039;_blank&#039;&gt;Slika za preuzimanje&lt;\/a&gt;&lt;\/div&gt;\" \/><\/a><a href=\"https:\/\/live.staticflickr.com\/65535\/54556594503_bce6d8bda2_h.jpg\" title=\"Hrvatska vojska proslavila Dan dr\u017eavnosti spektakularnim prikazom sposobnosti na Jarunu\"><img decoding=\"async\" data-title=\"Hrvatska vojska proslavila Dan dr\u017eavnosti spektakularnim prikazom sposobnosti na Jarunu\" data-description=\"Tisu\u0107e gra\u0111ana u\u017eivalo je u dojmljivom predstavljanju mo\u0107i i spremnosti Hrvatske vojske, uz prelet Rafalea, izlo\u017ebu vojne opreme i bogat program za sve generacije | Foto: MORH\/ T. Brandt\" alt=\"Hrvatska vojska proslavila Dan dr\u017eavnosti spektakularnim prikazom sposobnosti na Jarunu\" src=\"https:\/\/live.staticflickr.com\/65535\/54556594503_bce6d8bda2_h.jpg\" data-layer=\"&lt;div class=&#039;morh-gallery-image-download&#039;&gt;&lt;a href=&#039;https:\/\/live.staticflickr.com\/65535\/54556594503_8d69378c1f_o.jpg&#039; target=&#039;_blank&#039;&gt;Slika za preuzimanje&lt;\/a&gt;&lt;\/div&gt;\" \/><\/a><a href=\"https:\/\/live.staticflickr.com\/65535\/54556594158_616db4c3df_h.jpg\" title=\"Hrvatska vojska proslavila Dan dr\u017eavnosti spektakularnim prikazom sposobnosti na Jarunu\"><img decoding=\"async\" data-title=\"Hrvatska vojska proslavila Dan dr\u017eavnosti spektakularnim prikazom sposobnosti na Jarunu\" data-description=\"Tisu\u0107e gra\u0111ana u\u017eivalo je u dojmljivom predstavljanju mo\u0107i i spremnosti Hrvatske vojske, uz prelet Rafalea, izlo\u017ebu vojne opreme i bogat program za sve generacije | Foto: MORH\/ T. Brandt\" alt=\"Hrvatska vojska proslavila Dan dr\u017eavnosti spektakularnim prikazom sposobnosti na Jarunu\" src=\"https:\/\/live.staticflickr.com\/65535\/54556594158_616db4c3df_h.jpg\" data-layer=\"&lt;div class=&#039;morh-gallery-image-download&#039;&gt;&lt;a href=&#039;https:\/\/live.staticflickr.com\/65535\/54556594158_3f77e94b36_o.jpg&#039; target=&#039;_blank&#039;&gt;Slika za preuzimanje&lt;\/a&gt;&lt;\/div&gt;\" \/><\/a><a href=\"https:\/\/live.staticflickr.com\/65535\/54556694525_1683847909_h.jpg\" title=\"Hrvatska vojska proslavila Dan dr\u017eavnosti spektakularnim prikazom sposobnosti na Jarunu\"><img decoding=\"async\" data-title=\"Hrvatska vojska proslavila Dan dr\u017eavnosti spektakularnim prikazom sposobnosti na Jarunu\" data-description=\"Tisu\u0107e gra\u0111ana u\u017eivalo je u dojmljivom predstavljanju mo\u0107i i spremnosti Hrvatske vojske, uz prelet Rafalea, izlo\u017ebu vojne opreme i bogat program za sve generacije | Foto: MORH\/ T. Brandt\" alt=\"Hrvatska vojska proslavila Dan dr\u017eavnosti spektakularnim prikazom sposobnosti na Jarunu\" src=\"https:\/\/live.staticflickr.com\/65535\/54556694525_1683847909_h.jpg\" data-layer=\"&lt;div class=&#039;morh-gallery-image-download&#039;&gt;&lt;a href=&#039;https:\/\/live.staticflickr.com\/65535\/54556694525_6e207c2fed_o.jpg&#039; target=&#039;_blank&#039;&gt;Slika za preuzimanje&lt;\/a&gt;&lt;\/div&gt;\" \/><\/a><a href=\"https:\/\/live.staticflickr.com\/65535\/54556355046_0db27b9640_h.jpg\" title=\"Hrvatska vojska proslavila Dan dr\u017eavnosti spektakularnim prikazom sposobnosti na Jarunu\"><img decoding=\"async\" data-title=\"Hrvatska vojska proslavila Dan dr\u017eavnosti spektakularnim prikazom sposobnosti na Jarunu\" data-description=\"Tisu\u0107e gra\u0111ana u\u017eivalo je u dojmljivom predstavljanju mo\u0107i i spremnosti Hrvatske vojske, uz prelet Rafalea, izlo\u017ebu vojne opreme i bogat program za sve generacije | Foto: MORH\/ T. Brandt\" alt=\"Hrvatska vojska proslavila Dan dr\u017eavnosti spektakularnim prikazom sposobnosti na Jarunu\" src=\"https:\/\/live.staticflickr.com\/65535\/54556355046_0db27b9640_h.jpg\" data-layer=\"&lt;div class=&#039;morh-gallery-image-download&#039;&gt;&lt;a href=&#039;https:\/\/live.staticflickr.com\/65535\/54556355046_36fc8e57dd_o.jpg&#039; target=&#039;_blank&#039;&gt;Slika za preuzimanje&lt;\/a&gt;&lt;\/div&gt;\" \/><\/a><a href=\"https:\/\/live.staticflickr.com\/65535\/54555476357_6218ee02f3_h.jpg\" title=\"Hrvatska vojska proslavila Dan dr\u017eavnosti spektakularnim prikazom sposobnosti na Jarunu\"><img decoding=\"async\" data-title=\"Hrvatska vojska proslavila Dan dr\u017eavnosti spektakularnim prikazom sposobnosti na Jarunu\" data-description=\"Tisu\u0107e gra\u0111ana u\u017eivalo je u dojmljivom predstavljanju mo\u0107i i spremnosti Hrvatske vojske, uz prelet Rafalea, izlo\u017ebu vojne opreme i bogat program za sve generacije | Foto: MORH\/ T. Brandt\" alt=\"Hrvatska vojska proslavila Dan dr\u017eavnosti spektakularnim prikazom sposobnosti na Jarunu\" src=\"https:\/\/live.staticflickr.com\/65535\/54555476357_6218ee02f3_h.jpg\" data-layer=\"&lt;div class=&#039;morh-gallery-image-download&#039;&gt;&lt;a href=&#039;https:\/\/live.staticflickr.com\/65535\/54555476357_cc6165a03c_o.jpg&#039; target=&#039;_blank&#039;&gt;Slika za preuzimanje&lt;\/a&gt;&lt;\/div&gt;\" \/><\/a><a href=\"https:\/\/live.staticflickr.com\/65535\/54556694695_08955f512d_h.jpg\" title=\"Hrvatska vojska proslavila Dan dr\u017eavnosti spektakularnim prikazom sposobnosti na Jarunu\"><img decoding=\"async\" data-title=\"Hrvatska vojska proslavila Dan dr\u017eavnosti spektakularnim prikazom sposobnosti na Jarunu\" data-description=\"Tisu\u0107e gra\u0111ana u\u017eivalo je u dojmljivom predstavljanju mo\u0107i i spremnosti Hrvatske vojske, uz prelet Rafalea, izlo\u017ebu vojne opreme i bogat program za sve generacije | Foto: MORH\/ T. Brandt\" alt=\"Hrvatska vojska proslavila Dan dr\u017eavnosti spektakularnim prikazom sposobnosti na Jarunu\" src=\"https:\/\/live.staticflickr.com\/65535\/54556694695_08955f512d_h.jpg\" data-layer=\"&lt;div class=&#039;morh-gallery-image-download&#039;&gt;&lt;a href=&#039;https:\/\/live.staticflickr.com\/65535\/54556694695_2321bf33a6_o.jpg&#039; target=&#039;_blank&#039;&gt;Slika za preuzimanje&lt;\/a&gt;&lt;\/div&gt;\" \/><\/a><a href=\"https:\/\/live.staticflickr.com\/65535\/54556544094_3b05c4d416_h.jpg\" title=\"Hrvatska vojska proslavila Dan dr\u017eavnosti spektakularnim prikazom sposobnosti na Jarunu\"><img decoding=\"async\" data-title=\"Hrvatska vojska proslavila Dan dr\u017eavnosti spektakularnim prikazom sposobnosti na Jarunu\" data-description=\"Tisu\u0107e gra\u0111ana u\u017eivalo je u dojmljivom predstavljanju mo\u0107i i spremnosti Hrvatske vojske, uz prelet Rafalea, izlo\u017ebu vojne opreme i bogat program za sve generacije | Foto: MORH\/ T. Brandt\" alt=\"Hrvatska vojska proslavila Dan dr\u017eavnosti spektakularnim prikazom sposobnosti na Jarunu\" src=\"https:\/\/live.staticflickr.com\/65535\/54556544094_3b05c4d416_h.jpg\" data-layer=\"&lt;div class=&#039;morh-gallery-image-download&#039;&gt;&lt;a href=&#039;https:\/\/live.staticflickr.com\/65535\/54556544094_184a30c239_o.jpg&#039; target=&#039;_blank&#039;&gt;Slika za preuzimanje&lt;\/a&gt;&lt;\/div&gt;\" \/><\/a><a href=\"https:\/\/live.staticflickr.com\/65535\/54555476452_936a78bebf_h.jpg\" title=\"Hrvatska vojska proslavila Dan dr\u017eavnosti spektakularnim prikazom sposobnosti na Jarunu\"><img decoding=\"async\" data-title=\"Hrvatska vojska proslavila Dan dr\u017eavnosti spektakularnim prikazom sposobnosti na Jarunu\" data-description=\"Tisu\u0107e gra\u0111ana u\u017eivalo je u dojmljivom predstavljanju mo\u0107i i spremnosti Hrvatske vojske, uz prelet Rafalea, izlo\u017ebu vojne opreme i bogat program za sve generacije | Foto: MORH\/ T. Brandt\" alt=\"Hrvatska vojska proslavila Dan dr\u017eavnosti spektakularnim prikazom sposobnosti na Jarunu\" src=\"https:\/\/live.staticflickr.com\/65535\/54555476452_936a78bebf_h.jpg\" data-layer=\"&lt;div class=&#039;morh-gallery-image-download&#039;&gt;&lt;a href=&#039;https:\/\/live.staticflickr.com\/65535\/54555476452_c36e2bf2db_o.jpg&#039; target=&#039;_blank&#039;&gt;Slika za preuzimanje&lt;\/a&gt;&lt;\/div&gt;\" \/><\/a><a href=\"https:\/\/live.staticflickr.com\/65535\/54556355251_02b331c312_h.jpg\" title=\"Hrvatska vojska proslavila Dan dr\u017eavnosti spektakularnim prikazom sposobnosti na Jarunu\"><img decoding=\"async\" data-title=\"Hrvatska vojska proslavila Dan dr\u017eavnosti spektakularnim prikazom sposobnosti na Jarunu\" data-description=\"Tisu\u0107e gra\u0111ana u\u017eivalo je u dojmljivom predstavljanju mo\u0107i i spremnosti Hrvatske vojske, uz prelet Rafalea, izlo\u017ebu vojne opreme i bogat program za sve generacije | Foto: MORH\/ T. Brandt\" alt=\"Hrvatska vojska proslavila Dan dr\u017eavnosti spektakularnim prikazom sposobnosti na Jarunu\" src=\"https:\/\/live.staticflickr.com\/65535\/54556355251_02b331c312_h.jpg\" data-layer=\"&lt;div class=&#039;morh-gallery-image-download&#039;&gt;&lt;a href=&#039;https:\/\/live.staticflickr.com\/65535\/54556355251_c4863594a4_o.jpg&#039; target=&#039;_blank&#039;&gt;Slika za preuzimanje&lt;\/a&gt;&lt;\/div&gt;\" \/><\/a><a href=\"https:\/\/live.staticflickr.com\/65535\/54555476382_5fce493aae_h.jpg\" title=\"Hrvatska vojska proslavila Dan dr\u017eavnosti spektakularnim prikazom sposobnosti na Jarunu\"><img decoding=\"async\" data-title=\"Hrvatska vojska proslavila Dan dr\u017eavnosti spektakularnim prikazom sposobnosti na Jarunu\" data-description=\"Tisu\u0107e gra\u0111ana u\u017eivalo je u dojmljivom predstavljanju mo\u0107i i spremnosti Hrvatske vojske, uz prelet Rafalea, izlo\u017ebu vojne opreme i bogat program za sve generacije | Foto: MORH\/ T. Brandt\" alt=\"Hrvatska vojska proslavila Dan dr\u017eavnosti spektakularnim prikazom sposobnosti na Jarunu\" src=\"https:\/\/live.staticflickr.com\/65535\/54555476382_5fce493aae_h.jpg\" data-layer=\"&lt;div class=&#039;morh-gallery-image-download&#039;&gt;&lt;a href=&#039;https:\/\/live.staticflickr.com\/65535\/54555476382_22256fa125_o.jpg&#039; target=&#039;_blank&#039;&gt;Slika za preuzimanje&lt;\/a&gt;&lt;\/div&gt;\" \/><\/a><a href=\"https:\/\/live.staticflickr.com\/65535\/54555476497_776318f734_h.jpg\" title=\"Hrvatska vojska proslavila Dan dr\u017eavnosti spektakularnim prikazom sposobnosti na Jarunu\"><img decoding=\"async\" data-title=\"Hrvatska vojska proslavila Dan dr\u017eavnosti spektakularnim prikazom sposobnosti na Jarunu\" data-description=\"Tisu\u0107e gra\u0111ana u\u017eivalo je u dojmljivom predstavljanju mo\u0107i i spremnosti Hrvatske vojske, uz prelet Rafalea, izlo\u017ebu vojne opreme i bogat program za sve generacije | Foto: MORH\/ T. Brandt\" alt=\"Hrvatska vojska proslavila Dan dr\u017eavnosti spektakularnim prikazom sposobnosti na Jarunu\" src=\"https:\/\/live.staticflickr.com\/65535\/54555476497_776318f734_h.jpg\" data-layer=\"&lt;div class=&#039;morh-gallery-image-download&#039;&gt;&lt;a href=&#039;https:\/\/live.staticflickr.com\/65535\/54555476497_5158395049_o.jpg&#039; target=&#039;_blank&#039;&gt;Slika za preuzimanje&lt;\/a&gt;&lt;\/div&gt;\" \/><\/a><a href=\"https:\/\/live.staticflickr.com\/65535\/54555476492_03f8922d65_h.jpg\" title=\"Hrvatska vojska proslavila Dan dr\u017eavnosti spektakularnim prikazom sposobnosti na Jarunu\"><img decoding=\"async\" data-title=\"Hrvatska vojska proslavila Dan dr\u017eavnosti spektakularnim prikazom sposobnosti na Jarunu\" data-description=\"Tisu\u0107e gra\u0111ana u\u017eivalo je u dojmljivom predstavljanju mo\u0107i i spremnosti Hrvatske vojske, uz prelet Rafalea, izlo\u017ebu vojne opreme i bogat program za sve generacije | Foto: MORH\/ T. Brandt\" alt=\"Hrvatska vojska proslavila Dan dr\u017eavnosti spektakularnim prikazom sposobnosti na Jarunu\" src=\"https:\/\/live.staticflickr.com\/65535\/54555476492_03f8922d65_h.jpg\" data-layer=\"&lt;div class=&#039;morh-gallery-image-download&#039;&gt;&lt;a href=&#039;https:\/\/live.staticflickr.com\/65535\/54555476492_5b922816e3_o.jpg&#039; target=&#039;_blank&#039;&gt;Slika za preuzimanje&lt;\/a&gt;&lt;\/div&gt;\" \/><\/a><a href=\"https:\/\/live.staticflickr.com\/65535\/54556694745_4f7be06447_h.jpg\" title=\"Hrvatska vojska proslavila Dan dr\u017eavnosti spektakularnim prikazom sposobnosti na Jarunu\"><img decoding=\"async\" data-title=\"Hrvatska vojska proslavila Dan dr\u017eavnosti spektakularnim prikazom sposobnosti na Jarunu\" data-description=\"Tisu\u0107e gra\u0111ana u\u017eivalo je u dojmljivom predstavljanju mo\u0107i i spremnosti Hrvatske vojske, uz prelet Rafalea, izlo\u017ebu vojne opreme i bogat program za sve generacije | Foto: MORH\/ T. Brandt\" alt=\"Hrvatska vojska proslavila Dan dr\u017eavnosti spektakularnim prikazom sposobnosti na Jarunu\" src=\"https:\/\/live.staticflickr.com\/65535\/54556694745_4f7be06447_h.jpg\" data-layer=\"&lt;div class=&#039;morh-gallery-image-download&#039;&gt;&lt;a href=&#039;https:\/\/live.staticflickr.com\/65535\/54556694745_84d7d221b6_o.jpg&#039; target=&#039;_blank&#039;&gt;Slika za preuzimanje&lt;\/a&gt;&lt;\/div&gt;\" \/><\/a><a href=\"https:\/\/live.staticflickr.com\/65535\/54555476572_735840da97_h.jpg\" title=\"Hrvatska vojska proslavila Dan dr\u017eavnosti spektakularnim prikazom sposobnosti na Jarunu\"><img decoding=\"async\" data-title=\"Hrvatska vojska proslavila Dan dr\u017eavnosti spektakularnim prikazom sposobnosti na Jarunu\" data-description=\"Tisu\u0107e gra\u0111ana u\u017eivalo je u dojmljivom predstavljanju mo\u0107i i spremnosti Hrvatske vojske, uz prelet Rafalea, izlo\u017ebu vojne opreme i bogat program za sve generacije | Foto: MORH\/ T. Brandt\" alt=\"Hrvatska vojska proslavila Dan dr\u017eavnosti spektakularnim prikazom sposobnosti na Jarunu\" src=\"https:\/\/live.staticflickr.com\/65535\/54555476572_735840da97_h.jpg\" data-layer=\"&lt;div class=&#039;morh-gallery-image-download&#039;&gt;&lt;a href=&#039;https:\/\/live.staticflickr.com\/65535\/54555476572_fae1444012_o.jpg&#039; target=&#039;_blank&#039;&gt;Slika za preuzimanje&lt;\/a&gt;&lt;\/div&gt;\" \/><\/a><a href=\"https:\/\/live.staticflickr.com\/65535\/54556694720_4f82ec2aa9_h.jpg\" title=\"Hrvatska vojska proslavila Dan dr\u017eavnosti spektakularnim prikazom sposobnosti na Jarunu\"><img decoding=\"async\" data-title=\"Hrvatska vojska proslavila Dan dr\u017eavnosti spektakularnim prikazom sposobnosti na Jarunu\" data-description=\"Tisu\u0107e gra\u0111ana u\u017eivalo je u dojmljivom predstavljanju mo\u0107i i spremnosti Hrvatske vojske, uz prelet Rafalea, izlo\u017ebu vojne opreme i bogat program za sve generacije | Foto: MORH\/ T. Brandt\" alt=\"Hrvatska vojska proslavila Dan dr\u017eavnosti spektakularnim prikazom sposobnosti na Jarunu\" src=\"https:\/\/live.staticflickr.com\/65535\/54556694720_4f82ec2aa9_h.jpg\" data-layer=\"&lt;div class=&#039;morh-gallery-image-download&#039;&gt;&lt;a href=&#039;https:\/\/live.staticflickr.com\/65535\/54556694720_0530fe4821_o.jpg&#039; target=&#039;_blank&#039;&gt;Slika za preuzimanje&lt;\/a&gt;&lt;\/div&gt;\" \/><\/a><a href=\"https:\/\/live.staticflickr.com\/65535\/54556694790_009bf057b8_h.jpg\" title=\"Hrvatska vojska proslavila Dan dr\u017eavnosti spektakularnim prikazom sposobnosti na Jarunu\"><img decoding=\"async\" data-title=\"Hrvatska vojska proslavila Dan dr\u017eavnosti spektakularnim prikazom sposobnosti na Jarunu\" data-description=\"Tisu\u0107e gra\u0111ana u\u017eivalo je u dojmljivom predstavljanju mo\u0107i i spremnosti Hrvatske vojske, uz prelet Rafalea, izlo\u017ebu vojne opreme i bogat program za sve generacije | Foto: MORH\/ T. Brandt\" alt=\"Hrvatska vojska proslavila Dan dr\u017eavnosti spektakularnim prikazom sposobnosti na Jarunu\" src=\"https:\/\/live.staticflickr.com\/65535\/54556694790_009bf057b8_h.jpg\" data-layer=\"&lt;div class=&#039;morh-gallery-image-download&#039;&gt;&lt;a href=&#039;https:\/\/live.staticflickr.com\/65535\/54556694790_752a995ca0_o.jpg&#039; target=&#039;_blank&#039;&gt;Slika za preuzimanje&lt;\/a&gt;&lt;\/div&gt;\" \/><\/a><a href=\"https:\/\/live.staticflickr.com\/65535\/54556594398_3d331a60eb_h.jpg\" title=\"Hrvatska vojska proslavila Dan dr\u017eavnosti spektakularnim prikazom sposobnosti na Jarunu\"><img decoding=\"async\" data-title=\"Hrvatska vojska proslavila Dan dr\u017eavnosti spektakularnim prikazom sposobnosti na Jarunu\" data-description=\"Tisu\u0107e gra\u0111ana u\u017eivalo je u dojmljivom predstavljanju mo\u0107i i spremnosti Hrvatske vojske, uz prelet Rafalea, izlo\u017ebu vojne opreme i bogat program za sve generacije | Foto: MORH\/ T. Brandt\" alt=\"Hrvatska vojska proslavila Dan dr\u017eavnosti spektakularnim prikazom sposobnosti na Jarunu\" src=\"https:\/\/live.staticflickr.com\/65535\/54556594398_3d331a60eb_h.jpg\" data-layer=\"&lt;div class=&#039;morh-gallery-image-download&#039;&gt;&lt;a href=&#039;https:\/\/live.staticflickr.com\/65535\/54556594398_75ec5f5b80_o.jpg&#039; target=&#039;_blank&#039;&gt;Slika za preuzimanje&lt;\/a&gt;&lt;\/div&gt;\" \/><\/a><a href=\"https:\/\/live.staticflickr.com\/65535\/54556694795_62edb33aff_h.jpg\" title=\"Hrvatska vojska proslavila Dan dr\u017eavnosti spektakularnim prikazom sposobnosti na Jarunu\"><img decoding=\"async\" data-title=\"Hrvatska vojska proslavila Dan dr\u017eavnosti spektakularnim prikazom sposobnosti na Jarunu\" data-description=\"Tisu\u0107e gra\u0111ana u\u017eivalo je u dojmljivom predstavljanju mo\u0107i i spremnosti Hrvatske vojske, uz prelet Rafalea, izlo\u017ebu vojne opreme i bogat program za sve generacije | Foto: MORH\/ T. Brandt\" alt=\"Hrvatska vojska proslavila Dan dr\u017eavnosti spektakularnim prikazom sposobnosti na Jarunu\" src=\"https:\/\/live.staticflickr.com\/65535\/54556694795_62edb33aff_h.jpg\" data-layer=\"&lt;div class=&#039;morh-gallery-image-download&#039;&gt;&lt;a href=&#039;https:\/\/live.staticflickr.com\/65535\/54556694795_c58330d649_o.jpg&#039; target=&#039;_blank&#039;&gt;Slika za preuzimanje&lt;\/a&gt;&lt;\/div&gt;\" \/><\/a><a href=\"https:\/\/live.staticflickr.com\/65535\/54556594393_49a62e40d9_h.jpg\" title=\"Hrvatska vojska proslavila Dan dr\u017eavnosti spektakularnim prikazom sposobnosti na Jarunu\"><img decoding=\"async\" data-title=\"Hrvatska vojska proslavila Dan dr\u017eavnosti spektakularnim prikazom sposobnosti na Jarunu\" data-description=\"Tisu\u0107e gra\u0111ana u\u017eivalo je u dojmljivom predstavljanju mo\u0107i i spremnosti Hrvatske vojske, uz prelet Rafalea, izlo\u017ebu vojne opreme i bogat program za sve generacije | Foto: MORH\/ T. Brandt\" alt=\"Hrvatska vojska proslavila Dan dr\u017eavnosti spektakularnim prikazom sposobnosti na Jarunu\" src=\"https:\/\/live.staticflickr.com\/65535\/54556594393_49a62e40d9_h.jpg\" data-layer=\"&lt;div class=&#039;morh-gallery-image-download&#039;&gt;&lt;a href=&#039;https:\/\/live.staticflickr.com\/65535\/54556594393_32588b7b6d_o.jpg&#039; target=&#039;_blank&#039;&gt;Slika za preuzimanje&lt;\/a&gt;&lt;\/div&gt;\" \/><\/a><a href=\"https:\/\/live.staticflickr.com\/65535\/54556694805_c441bb4e7f_h.jpg\" title=\"Hrvatska vojska proslavila Dan dr\u017eavnosti spektakularnim prikazom sposobnosti na Jarunu\"><img decoding=\"async\" data-title=\"Hrvatska vojska proslavila Dan dr\u017eavnosti spektakularnim prikazom sposobnosti na Jarunu\" data-description=\"Tisu\u0107e gra\u0111ana u\u017eivalo je u dojmljivom predstavljanju mo\u0107i i spremnosti Hrvatske vojske, uz prelet Rafalea, izlo\u017ebu vojne opreme i bogat program za sve generacije | Foto: MORH\/ T. Brandt\" alt=\"Hrvatska vojska proslavila Dan dr\u017eavnosti spektakularnim prikazom sposobnosti na Jarunu\" src=\"https:\/\/live.staticflickr.com\/65535\/54556694805_c441bb4e7f_h.jpg\" data-layer=\"&lt;div class=&#039;morh-gallery-image-download&#039;&gt;&lt;a href=&#039;https:\/\/live.staticflickr.com\/65535\/54556694805_d9e6f2a893_o.jpg&#039; target=&#039;_blank&#039;&gt;Slika za preuzimanje&lt;\/a&gt;&lt;\/div&gt;\" \/><\/a><a href=\"https:\/\/live.staticflickr.com\/65535\/54556544284_a2d39ac630_h.jpg\" title=\"Hrvatska vojska proslavila Dan dr\u017eavnosti spektakularnim prikazom sposobnosti na Jarunu\"><img decoding=\"async\" data-title=\"Hrvatska vojska proslavila Dan dr\u017eavnosti spektakularnim prikazom sposobnosti na Jarunu\" data-description=\"Tisu\u0107e gra\u0111ana u\u017eivalo je u dojmljivom predstavljanju mo\u0107i i spremnosti Hrvatske vojske, uz prelet Rafalea, izlo\u017ebu vojne opreme i bogat program za sve generacije | Foto: MORH\/ T. Brandt\" alt=\"Hrvatska vojska proslavila Dan dr\u017eavnosti spektakularnim prikazom sposobnosti na Jarunu\" src=\"https:\/\/live.staticflickr.com\/65535\/54556544284_a2d39ac630_h.jpg\" data-layer=\"&lt;div class=&#039;morh-gallery-image-download&#039;&gt;&lt;a href=&#039;https:\/\/live.staticflickr.com\/65535\/54556544284_255853536b_o.jpg&#039; target=&#039;_blank&#039;&gt;Slika za preuzimanje&lt;\/a&gt;&lt;\/div&gt;\" \/><\/a><a href=\"https:\/\/live.staticflickr.com\/65535\/54556694865_c3280b7cad_h.jpg\" title=\"Hrvatska vojska proslavila Dan dr\u017eavnosti spektakularnim prikazom sposobnosti na Jarunu\"><img decoding=\"async\" data-title=\"Hrvatska vojska proslavila Dan dr\u017eavnosti spektakularnim prikazom sposobnosti na Jarunu\" data-description=\"Tisu\u0107e gra\u0111ana u\u017eivalo je u dojmljivom predstavljanju mo\u0107i i spremnosti Hrvatske vojske, uz prelet Rafalea, izlo\u017ebu vojne opreme i bogat program za sve generacije | Foto: MORH\/ T. Brandt\" alt=\"Hrvatska vojska proslavila Dan dr\u017eavnosti spektakularnim prikazom sposobnosti na Jarunu\" src=\"https:\/\/live.staticflickr.com\/65535\/54556694865_c3280b7cad_h.jpg\" data-layer=\"&lt;div class=&#039;morh-gallery-image-download&#039;&gt;&lt;a href=&#039;https:\/\/live.staticflickr.com\/65535\/54556694865_a4b94838f6_o.jpg&#039; target=&#039;_blank&#039;&gt;Slika za preuzimanje&lt;\/a&gt;&lt;\/div&gt;\" \/><\/a><a href=\"https:\/\/live.staticflickr.com\/65535\/54555476602_126071cf82_h.jpg\" title=\"Hrvatska vojska proslavila Dan dr\u017eavnosti spektakularnim prikazom sposobnosti na Jarunu\"><img decoding=\"async\" data-title=\"Hrvatska vojska proslavila Dan dr\u017eavnosti spektakularnim prikazom sposobnosti na Jarunu\" data-description=\"Tisu\u0107e gra\u0111ana u\u017eivalo je u dojmljivom predstavljanju mo\u0107i i spremnosti Hrvatske vojske, uz prelet Rafalea, izlo\u017ebu vojne opreme i bogat program za sve generacije | Foto: MORH\/ T. Brandt\" alt=\"Hrvatska vojska proslavila Dan dr\u017eavnosti spektakularnim prikazom sposobnosti na Jarunu\" src=\"https:\/\/live.staticflickr.com\/65535\/54555476602_126071cf82_h.jpg\" data-layer=\"&lt;div class=&#039;morh-gallery-image-download&#039;&gt;&lt;a href=&#039;https:\/\/live.staticflickr.com\/65535\/54555476602_d81c4269ce_o.jpg&#039; target=&#039;_blank&#039;&gt;Slika za preuzimanje&lt;\/a&gt;&lt;\/div&gt;\" \/><\/a><a href=\"https:\/\/live.staticflickr.com\/65535\/54556694885_1aad93eeb3_h.jpg\" title=\"Hrvatska vojska proslavila Dan dr\u017eavnosti spektakularnim prikazom sposobnosti na Jarunu\"><img decoding=\"async\" data-title=\"Hrvatska vojska proslavila Dan dr\u017eavnosti spektakularnim prikazom sposobnosti na Jarunu\" data-description=\"Tisu\u0107e gra\u0111ana u\u017eivalo je u dojmljivom predstavljanju mo\u0107i i spremnosti Hrvatske vojske, uz prelet Rafalea, izlo\u017ebu vojne opreme i bogat program za sve generacije | Foto: MORH\/ T. Brandt\" alt=\"Hrvatska vojska proslavila Dan dr\u017eavnosti spektakularnim prikazom sposobnosti na Jarunu\" src=\"https:\/\/live.staticflickr.com\/65535\/54556694885_1aad93eeb3_h.jpg\" data-layer=\"&lt;div class=&#039;morh-gallery-image-download&#039;&gt;&lt;a href=&#039;https:\/\/live.staticflickr.com\/65535\/54556694885_bef7547485_o.jpg&#039; target=&#039;_blank&#039;&gt;Slika za preuzimanje&lt;\/a&gt;&lt;\/div&gt;\" \/><\/a><a href=\"https:\/\/live.staticflickr.com\/65535\/54556355156_3d9eae49b5_h.jpg\" title=\"Hrvatska vojska proslavila Dan dr\u017eavnosti spektakularnim prikazom sposobnosti na Jarunu\"><img decoding=\"async\" data-title=\"Hrvatska vojska proslavila Dan dr\u017eavnosti spektakularnim prikazom sposobnosti na Jarunu\" data-description=\"Tisu\u0107e gra\u0111ana u\u017eivalo je u dojmljivom predstavljanju mo\u0107i i spremnosti Hrvatske vojske, uz prelet Rafalea, izlo\u017ebu vojne opreme i bogat program za sve generacije | Foto: MORH\/ T. Brandt\" alt=\"Hrvatska vojska proslavila Dan dr\u017eavnosti spektakularnim prikazom sposobnosti na Jarunu\" src=\"https:\/\/live.staticflickr.com\/65535\/54556355156_3d9eae49b5_h.jpg\" data-layer=\"&lt;div class=&#039;morh-gallery-image-download&#039;&gt;&lt;a href=&#039;https:\/\/live.staticflickr.com\/65535\/54556355156_b39de738ae_o.jpg&#039; target=&#039;_blank&#039;&gt;Slika za preuzimanje&lt;\/a&gt;&lt;\/div&gt;\" \/><\/a><a href=\"https:\/\/live.staticflickr.com\/65535\/54555476612_8ce8aa1ec1_h.jpg\" title=\"Hrvatska vojska proslavila Dan dr\u017eavnosti spektakularnim prikazom sposobnosti na Jarunu\"><img decoding=\"async\" data-title=\"Hrvatska vojska proslavila Dan dr\u017eavnosti spektakularnim prikazom sposobnosti na Jarunu\" data-description=\"Tisu\u0107e gra\u0111ana u\u017eivalo je u dojmljivom predstavljanju mo\u0107i i spremnosti Hrvatske vojske, uz prelet Rafalea, izlo\u017ebu vojne opreme i bogat program za sve generacije | Foto: MORH\/ T. Brandt\" alt=\"Hrvatska vojska proslavila Dan dr\u017eavnosti spektakularnim prikazom sposobnosti na Jarunu\" src=\"https:\/\/live.staticflickr.com\/65535\/54555476612_8ce8aa1ec1_h.jpg\" data-layer=\"&lt;div class=&#039;morh-gallery-image-download&#039;&gt;&lt;a href=&#039;https:\/\/live.staticflickr.com\/65535\/54555476612_54e44ddcec_o.jpg&#039; target=&#039;_blank&#039;&gt;Slika za preuzimanje&lt;\/a&gt;&lt;\/div&gt;\" \/><\/a><a href=\"https:\/\/live.staticflickr.com\/65535\/54556694880_f2d15fa585_h.jpg\" title=\"Hrvatska vojska proslavila Dan dr\u017eavnosti spektakularnim prikazom sposobnosti na Jarunu\"><img decoding=\"async\" data-title=\"Hrvatska vojska proslavila Dan dr\u017eavnosti spektakularnim prikazom sposobnosti na Jarunu\" data-description=\"Tisu\u0107e gra\u0111ana u\u017eivalo je u dojmljivom predstavljanju mo\u0107i i spremnosti Hrvatske vojske, uz prelet Rafalea, izlo\u017ebu vojne opreme i bogat program za sve generacije | Foto: MORH\/ T. Brandt\" alt=\"Hrvatska vojska proslavila Dan dr\u017eavnosti spektakularnim prikazom sposobnosti na Jarunu\" src=\"https:\/\/live.staticflickr.com\/65535\/54556694880_f2d15fa585_h.jpg\" data-layer=\"&lt;div class=&#039;morh-gallery-image-download&#039;&gt;&lt;a href=&#039;https:\/\/live.staticflickr.com\/65535\/54556694880_9b15f1be80_o.jpg&#039; target=&#039;_blank&#039;&gt;Slika za preuzimanje&lt;\/a&gt;&lt;\/div&gt;\" \/><\/a><a href=\"https:\/\/live.staticflickr.com\/65535\/54556355431_529abdd466_h.jpg\" title=\"Hrvatska vojska proslavila Dan dr\u017eavnosti spektakularnim prikazom sposobnosti na Jarunu\"><img decoding=\"async\" data-title=\"Hrvatska vojska proslavila Dan dr\u017eavnosti spektakularnim prikazom sposobnosti na Jarunu\" data-description=\"Tisu\u0107e gra\u0111ana u\u017eivalo je u dojmljivom predstavljanju mo\u0107i i spremnosti Hrvatske vojske, uz prelet Rafalea, izlo\u017ebu vojne opreme i bogat program za sve generacije | Foto: MORH\/ T. Brandt\" alt=\"Hrvatska vojska proslavila Dan dr\u017eavnosti spektakularnim prikazom sposobnosti na Jarunu\" src=\"https:\/\/live.staticflickr.com\/65535\/54556355431_529abdd466_h.jpg\" data-layer=\"&lt;div class=&#039;morh-gallery-image-download&#039;&gt;&lt;a href=&#039;https:\/\/live.staticflickr.com\/65535\/54556355431_d443c20014_o.jpg&#039; target=&#039;_blank&#039;&gt;Slika za preuzimanje&lt;\/a&gt;&lt;\/div&gt;\" \/><\/a><a href=\"https:\/\/live.staticflickr.com\/65535\/54556355171_326c0956b3_h.jpg\" title=\"Hrvatska vojska proslavila Dan dr\u017eavnosti spektakularnim prikazom sposobnosti na Jarunu\"><img decoding=\"async\" data-title=\"Hrvatska vojska proslavila Dan dr\u017eavnosti spektakularnim prikazom sposobnosti na Jarunu\" data-description=\"Tisu\u0107e gra\u0111ana u\u017eivalo je u dojmljivom predstavljanju mo\u0107i i spremnosti Hrvatske vojske, uz prelet Rafalea, izlo\u017ebu vojne opreme i bogat program za sve generacije | Foto: MORH\/ T. Brandt\" alt=\"Hrvatska vojska proslavila Dan dr\u017eavnosti spektakularnim prikazom sposobnosti na Jarunu\" src=\"https:\/\/live.staticflickr.com\/65535\/54556355171_326c0956b3_h.jpg\" data-layer=\"&lt;div class=&#039;morh-gallery-image-download&#039;&gt;&lt;a href=&#039;https:\/\/live.staticflickr.com\/65535\/54556355171_fea64d2b8b_o.jpg&#039; target=&#039;_blank&#039;&gt;Slika za preuzimanje&lt;\/a&gt;&lt;\/div&gt;\" \/><\/a><a href=\"https:\/\/live.staticflickr.com\/65535\/54555476652_c909db50e6_h.jpg\" title=\"Hrvatska vojska proslavila Dan dr\u017eavnosti spektakularnim prikazom sposobnosti na Jarunu\"><img decoding=\"async\" data-title=\"Hrvatska vojska proslavila Dan dr\u017eavnosti spektakularnim prikazom sposobnosti na Jarunu\" data-description=\"Tisu\u0107e gra\u0111ana u\u017eivalo je u dojmljivom predstavljanju mo\u0107i i spremnosti Hrvatske vojske, uz prelet Rafalea, izlo\u017ebu vojne opreme i bogat program za sve generacije | Foto: MORH\/ T. Brandt\" alt=\"Hrvatska vojska proslavila Dan dr\u017eavnosti spektakularnim prikazom sposobnosti na Jarunu\" src=\"https:\/\/live.staticflickr.com\/65535\/54555476652_c909db50e6_h.jpg\" data-layer=\"&lt;div class=&#039;morh-gallery-image-download&#039;&gt;&lt;a href=&#039;https:\/\/live.staticflickr.com\/65535\/54555476652_34a4089d48_o.jpg&#039; target=&#039;_blank&#039;&gt;Slika za preuzimanje&lt;\/a&gt;&lt;\/div&gt;\" \/><\/a><a href=\"https:\/\/live.staticflickr.com\/65535\/54555476657_a17ccba9e9_h.jpg\" title=\"Hrvatska vojska proslavila Dan dr\u017eavnosti spektakularnim prikazom sposobnosti na Jarunu\"><img decoding=\"async\" data-title=\"Hrvatska vojska proslavila Dan dr\u017eavnosti spektakularnim prikazom sposobnosti na Jarunu\" data-description=\"Tisu\u0107e gra\u0111ana u\u017eivalo je u dojmljivom predstavljanju mo\u0107i i spremnosti Hrvatske vojske, uz prelet Rafalea, izlo\u017ebu vojne opreme i bogat program za sve generacije | Foto: MORH\/ T. Brandt\" alt=\"Hrvatska vojska proslavila Dan dr\u017eavnosti spektakularnim prikazom sposobnosti na Jarunu\" src=\"https:\/\/live.staticflickr.com\/65535\/54555476657_a17ccba9e9_h.jpg\" data-layer=\"&lt;div class=&#039;morh-gallery-image-download&#039;&gt;&lt;a href=&#039;https:\/\/live.staticflickr.com\/65535\/54555476657_621f538183_o.jpg&#039; target=&#039;_blank&#039;&gt;Slika za preuzimanje&lt;\/a&gt;&lt;\/div&gt;\" \/><\/a><a href=\"https:\/\/live.staticflickr.com\/65535\/54556544379_6ada7bdfe9_h.jpg\" title=\"Hrvatska vojska proslavila Dan dr\u017eavnosti spektakularnim prikazom sposobnosti na Jarunu\"><img decoding=\"async\" data-title=\"Hrvatska vojska proslavila Dan dr\u017eavnosti spektakularnim prikazom sposobnosti na Jarunu\" data-description=\"Tisu\u0107e gra\u0111ana u\u017eivalo je u dojmljivom predstavljanju mo\u0107i i spremnosti Hrvatske vojske, uz prelet Rafalea, izlo\u017ebu vojne opreme i bogat program za sve generacije | Foto: MORH\/ T. Brandt\" alt=\"Hrvatska vojska proslavila Dan dr\u017eavnosti spektakularnim prikazom sposobnosti na Jarunu\" src=\"https:\/\/live.staticflickr.com\/65535\/54556544379_6ada7bdfe9_h.jpg\" data-layer=\"&lt;div class=&#039;morh-gallery-image-download&#039;&gt;&lt;a href=&#039;https:\/\/live.staticflickr.com\/65535\/54556544379_f14f411395_o.jpg&#039; target=&#039;_blank&#039;&gt;Slika za preuzimanje&lt;\/a&gt;&lt;\/div&gt;\" \/><\/a><a href=\"https:\/\/live.staticflickr.com\/65535\/54556557649_18cb7a94db_h.jpg\" title=\"Hrvatska vojska proslavila Dan dr\u017eavnosti spektakularnim prikazom sposobnosti na Jarunu\"><img decoding=\"async\" data-title=\"Hrvatska vojska proslavila Dan dr\u017eavnosti spektakularnim prikazom sposobnosti na Jarunu\" data-description=\"Tisu\u0107e gra\u0111ana u\u017eivale su u dojmljivom predstavljanju mo\u0107i i spremnosti Hrvatske vojske, uz prelet Rafalea, izlo\u017ebu vojne opreme i bogat program za sve generacije | Foto: MORH\/ J. Kopi\" alt=\"Hrvatska vojska proslavila Dan dr\u017eavnosti spektakularnim prikazom sposobnosti na Jarunu\" src=\"https:\/\/live.staticflickr.com\/65535\/54556557649_18cb7a94db_h.jpg\" data-layer=\"&lt;div class=&#039;morh-gallery-image-download&#039;&gt;&lt;a href=&#039;https:\/\/live.staticflickr.com\/65535\/54556557649_05c2690e40_o.jpg&#039; target=&#039;_blank&#039;&gt;Slika za preuzimanje&lt;\/a&gt;&lt;\/div&gt;\" \/><\/a><a href=\"https:\/\/live.staticflickr.com\/65535\/54556544179_077f43806d_h.jpg\" title=\"Hrvatska vojska proslavila Dan dr\u017eavnosti spektakularnim prikazom sposobnosti na Jarunu\"><img decoding=\"async\" data-title=\"Hrvatska vojska proslavila Dan dr\u017eavnosti spektakularnim prikazom sposobnosti na Jarunu\" data-description=\"Tisu\u0107e gra\u0111ana u\u017eivalo je u dojmljivom predstavljanju mo\u0107i i spremnosti Hrvatske vojske, uz prelet Rafalea, izlo\u017ebu vojne opreme i bogat program za sve generacije | Foto: MORH\/ T. Brandt\" alt=\"Hrvatska vojska proslavila Dan dr\u017eavnosti spektakularnim prikazom sposobnosti na Jarunu\" src=\"https:\/\/live.staticflickr.com\/65535\/54556544179_077f43806d_h.jpg\" data-layer=\"&lt;div class=&#039;morh-gallery-image-download&#039;&gt;&lt;a href=&#039;https:\/\/live.staticflickr.com\/65535\/54556544179_b031424743_o.jpg&#039; target=&#039;_blank&#039;&gt;Slika za preuzimanje&lt;\/a&gt;&lt;\/div&gt;\" \/><\/a><a href=\"https:\/\/live.staticflickr.com\/65535\/54556694680_9b7a3fb5d3_h.jpg\" title=\"Hrvatska vojska proslavila Dan dr\u017eavnosti spektakularnim prikazom sposobnosti na Jarunu\"><img decoding=\"async\" data-title=\"Hrvatska vojska proslavila Dan dr\u017eavnosti spektakularnim prikazom sposobnosti na Jarunu\" data-description=\"Tisu\u0107e gra\u0111ana u\u017eivalo je u dojmljivom predstavljanju mo\u0107i i spremnosti Hrvatske vojske, uz prelet Rafalea, izlo\u017ebu vojne opreme i bogat program za sve generacije | Foto: MORH\/ T. Brandt\" alt=\"Hrvatska vojska proslavila Dan dr\u017eavnosti spektakularnim prikazom sposobnosti na Jarunu\" src=\"https:\/\/live.staticflickr.com\/65535\/54556694680_9b7a3fb5d3_h.jpg\" data-layer=\"&lt;div class=&#039;morh-gallery-image-download&#039;&gt;&lt;a href=&#039;https:\/\/live.staticflickr.com\/65535\/54556694680_2a1c4f4b97_o.jpg&#039; target=&#039;_blank&#039;&gt;Slika za preuzimanje&lt;\/a&gt;&lt;\/div&gt;\" \/><\/a><a href=\"https:\/\/live.staticflickr.com\/65535\/54556694690_2270d3b426_h.jpg\" title=\"Hrvatska vojska proslavila Dan dr\u017eavnosti spektakularnim prikazom sposobnosti na Jarunu\"><img decoding=\"async\" data-title=\"Hrvatska vojska proslavila Dan dr\u017eavnosti spektakularnim prikazom sposobnosti na Jarunu\" data-description=\"Tisu\u0107e gra\u0111ana u\u017eivalo je u dojmljivom predstavljanju mo\u0107i i spremnosti Hrvatske vojske, uz prelet Rafalea, izlo\u017ebu vojne opreme i bogat program za sve generacije | Foto: MORH\/ T. Brandt\" alt=\"Hrvatska vojska proslavila Dan dr\u017eavnosti spektakularnim prikazom sposobnosti na Jarunu\" src=\"https:\/\/live.staticflickr.com\/65535\/54556694690_2270d3b426_h.jpg\" data-layer=\"&lt;div class=&#039;morh-gallery-image-download&#039;&gt;&lt;a href=&#039;https:\/\/live.staticflickr.com\/65535\/54556694690_9937a9efec_o.jpg&#039; target=&#039;_blank&#039;&gt;Slika za preuzimanje&lt;\/a&gt;&lt;\/div&gt;\" \/><\/a><\/div><!--\/.morh-galleria -->\n","protected":false},"excerpt":{"rendered":"<p>Today, on 30 May 2025, as part of celebration of the Statehood Day of the Republic of Croatia, Croatian Army, with a festive and impressive program, transformed the Jarun Recreational and Sports Centre into a large open stage where citizens of all ages had the opportunity to experience the Croatian Army up close, in its [&hellip;]<\/p>\n","protected":false},"author":4699,"featured_media":255438,"comment_status":"closed","ping_status":"closed","sticky":false,"template":"","format":"standard","meta":{"_acf_changed":false,"_monsterinsights_skip_tracking":false,"_monsterinsights_sitenote_active":false,"_monsterinsights_sitenote_note":"","_monsterinsights_sitenote_category":0,"footnotes":""},"categories":[117],"tags":[],"class_list":["post-257895","post","type-post","status-publish","format-standard","has-post-thumbnail","hentry","category-press-releases"],"acf":[],"yoast_head":"<!-- This site is optimized with the Yoast SEO plugin v26.9 - https:\/\/yoast.com\/product\/yoast-seo-wordpress\/ -->\n<title>Croatian Army celebrates the Statehood Day with spectacular display of the capabilities on Jarun - MORH<\/title>\n<meta name=\"description\" content=\"Today, on 30 May 2025, as part of celebration of the Statehood Day of the Republic of Croatia, Croatian Army, with a festive and impressive program,\" \/>\n<meta name=\"robots\" content=\"index, follow, max-snippet:-1, max-image-preview:large, max-video-preview:-1\" \/>\n<link rel=\"canonical\" href=\"https:\/\/www.morh.hr\/en\/croatian-army-celebrates-the-statehood-day-with-spectacular-display-of-the-capabilities-on-jarun\/\" \/>\n<meta property=\"og:locale\" content=\"en_US\" \/>\n<meta property=\"og:type\" content=\"article\" \/>\n<meta property=\"og:title\" content=\"Croatian Army celebrates the Statehood Day with spectacular display of the capabilities on Jarun - MORH\" \/>\n<meta property=\"og:description\" content=\"Today, on 30 May 2025, as part of celebration of the Statehood Day of the Republic of Croatia, Croatian Army, with a festive and impressive program,\" \/>\n<meta property=\"og:url\" content=\"https:\/\/www.morh.hr\/en\/croatian-army-celebrates-the-statehood-day-with-spectacular-display-of-the-capabilities-on-jarun\/\" \/>\n<meta property=\"og:site_name\" content=\"MORH\" \/>\n<meta property=\"article:publisher\" content=\"https:\/\/www.facebook.com\/sportasiuhrvatskojvojsci\/\" \/>\n<meta property=\"article:published_time\" content=\"2025-05-30T07:30:05+00:00\" \/>\n<meta property=\"article:modified_time\" content=\"2025-07-29T07:35:16+00:00\" \/>\n<meta property=\"og:image\" content=\"https:\/\/www.morh.hr\/wp-content\/uploads\/2025\/05\/2025-05-30-jarin-zss-1024x683.jpg\" \/>\n\t<meta property=\"og:image:width\" content=\"1024\" \/>\n\t<meta property=\"og:image:height\" content=\"683\" \/>\n\t<meta property=\"og:image:type\" content=\"image\/jpeg\" \/>\n<meta name=\"author\" content=\"Mladen\" \/>\n<meta name=\"twitter:card\" content=\"summary_large_image\" \/>\n<meta name=\"twitter:creator\" content=\"@morh_osrh\" \/>\n<meta name=\"twitter:site\" content=\"@morh_osrh\" \/>\n<meta name=\"twitter:label1\" content=\"Written by\" \/>\n\t<meta name=\"twitter:data1\" content=\"Mladen\" \/>\n\t<meta name=\"twitter:label2\" content=\"Est. reading time\" \/>\n\t<meta name=\"twitter:data2\" content=\"5 minutes\" \/>\n<script type=\"application\/ld+json\" class=\"yoast-schema-graph\">{\"@context\":\"https:\/\/schema.org\",\"@graph\":[{\"@type\":\"Article\",\"@id\":\"https:\/\/www.morh.hr\/en\/croatian-army-celebrates-the-statehood-day-with-spectacular-display-of-the-capabilities-on-jarun\/#article\",\"isPartOf\":{\"@id\":\"https:\/\/www.morh.hr\/en\/croatian-army-celebrates-the-statehood-day-with-spectacular-display-of-the-capabilities-on-jarun\/\"},\"author\":{\"name\":\"Mladen\",\"@id\":\"https:\/\/www.morh.hr\/en\/#\/schema\/person\/ec8e2528a579067d8bda0ae2124ac768\"},\"headline\":\"Croatian Army celebrates the Statehood Day with spectacular display of the capabilities on Jarun\",\"datePublished\":\"2025-05-30T07:30:05+00:00\",\"dateModified\":\"2025-07-29T07:35:16+00:00\",\"mainEntityOfPage\":{\"@id\":\"https:\/\/www.morh.hr\/en\/croatian-army-celebrates-the-statehood-day-with-spectacular-display-of-the-capabilities-on-jarun\/\"},\"wordCount\":832,\"image\":{\"@id\":\"https:\/\/www.morh.hr\/en\/croatian-army-celebrates-the-statehood-day-with-spectacular-display-of-the-capabilities-on-jarun\/#primaryimage\"},\"thumbnailUrl\":\"https:\/\/www.morh.hr\/wp-content\/uploads\/2025\/05\/2025-05-30-jarin-zss.jpg\",\"articleSection\":[\"Press releases\"],\"inLanguage\":\"en-US\"},{\"@type\":\"WebPage\",\"@id\":\"https:\/\/www.morh.hr\/en\/croatian-army-celebrates-the-statehood-day-with-spectacular-display-of-the-capabilities-on-jarun\/\",\"url\":\"https:\/\/www.morh.hr\/en\/croatian-army-celebrates-the-statehood-day-with-spectacular-display-of-the-capabilities-on-jarun\/\",\"name\":\"Croatian Army celebrates the Statehood Day with spectacular display of the capabilities on Jarun - MORH\",\"isPartOf\":{\"@id\":\"https:\/\/www.morh.hr\/en\/#website\"},\"primaryImageOfPage\":{\"@id\":\"https:\/\/www.morh.hr\/en\/croatian-army-celebrates-the-statehood-day-with-spectacular-display-of-the-capabilities-on-jarun\/#primaryimage\"},\"image\":{\"@id\":\"https:\/\/www.morh.hr\/en\/croatian-army-celebrates-the-statehood-day-with-spectacular-display-of-the-capabilities-on-jarun\/#primaryimage\"},\"thumbnailUrl\":\"https:\/\/www.morh.hr\/wp-content\/uploads\/2025\/05\/2025-05-30-jarin-zss.jpg\",\"datePublished\":\"2025-05-30T07:30:05+00:00\",\"dateModified\":\"2025-07-29T07:35:16+00:00\",\"author\":{\"@id\":\"https:\/\/www.morh.hr\/en\/#\/schema\/person\/ec8e2528a579067d8bda0ae2124ac768\"},\"description\":\"Today, on 30 May 2025, as part of celebration of the Statehood Day of the Republic of Croatia, Croatian Army, with a festive and impressive program,\",\"breadcrumb\":{\"@id\":\"https:\/\/www.morh.hr\/en\/croatian-army-celebrates-the-statehood-day-with-spectacular-display-of-the-capabilities-on-jarun\/#breadcrumb\"},\"inLanguage\":\"en-US\",\"potentialAction\":[{\"@type\":\"ReadAction\",\"target\":[\"https:\/\/www.morh.hr\/en\/croatian-army-celebrates-the-statehood-day-with-spectacular-display-of-the-capabilities-on-jarun\/\"]}]},{\"@type\":\"ImageObject\",\"inLanguage\":\"en-US\",\"@id\":\"https:\/\/www.morh.hr\/en\/croatian-army-celebrates-the-statehood-day-with-spectacular-display-of-the-capabilities-on-jarun\/#primaryimage\",\"url\":\"https:\/\/www.morh.hr\/wp-content\/uploads\/2025\/05\/2025-05-30-jarin-zss.jpg\",\"contentUrl\":\"https:\/\/www.morh.hr\/wp-content\/uploads\/2025\/05\/2025-05-30-jarin-zss.jpg\",\"width\":2400,\"height\":1600,\"caption\":\"Tisu\u0107e gra\u0111ana u\u017eivalo je u dojmljivom predstavljanju mo\u0107i i spremnosti Hrvatske vojske, uz prelet Rafalea, izlo\u017ebu vojne opreme i bogat program za sve generacije | Foto: MORH\/ T. Brandt\"},{\"@type\":\"BreadcrumbList\",\"@id\":\"https:\/\/www.morh.hr\/en\/croatian-army-celebrates-the-statehood-day-with-spectacular-display-of-the-capabilities-on-jarun\/#breadcrumb\",\"itemListElement\":[{\"@type\":\"ListItem\",\"position\":1,\"name\":\"Naslovnica\",\"item\":\"https:\/\/www.morh.hr\/en\/\"},{\"@type\":\"ListItem\",\"position\":2,\"name\":\"News\",\"item\":\"https:\/\/www.morh.hr\/en\/kategorija\/news\/\"},{\"@type\":\"ListItem\",\"position\":3,\"name\":\"Press releases\",\"item\":\"https:\/\/www.morh.hr\/en\/kategorija\/news\/press-releases\/\"},{\"@type\":\"ListItem\",\"position\":4,\"name\":\"Croatian Army celebrates the Statehood Day with spectacular display of the capabilities on Jarun\"}]},{\"@type\":\"WebSite\",\"@id\":\"https:\/\/www.morh.hr\/en\/#website\",\"url\":\"https:\/\/www.morh.hr\/en\/\",\"name\":\"MORH\",\"description\":\"Ministarstvo obrane Republike Hrvatske - slu\u017ebene stranice\",\"potentialAction\":[{\"@type\":\"SearchAction\",\"target\":{\"@type\":\"EntryPoint\",\"urlTemplate\":\"https:\/\/www.morh.hr\/en\/?s={search_term_string}\"},\"query-input\":{\"@type\":\"PropertyValueSpecification\",\"valueRequired\":true,\"valueName\":\"search_term_string\"}}],\"inLanguage\":\"en-US\"},{\"@type\":\"Person\",\"@id\":\"https:\/\/www.morh.hr\/en\/#\/schema\/person\/ec8e2528a579067d8bda0ae2124ac768\",\"name\":\"Mladen\",\"image\":{\"@type\":\"ImageObject\",\"inLanguage\":\"en-US\",\"@id\":\"https:\/\/www.morh.hr\/en\/#\/schema\/person\/image\/\",\"url\":\"https:\/\/secure.gravatar.com\/avatar\/3d5ea7ca0d0a523cf2ec98548db52f920a5f6bbfd2c1aa63d237c2f445528cf7?s=96&d=mm&r=g\",\"contentUrl\":\"https:\/\/secure.gravatar.com\/avatar\/3d5ea7ca0d0a523cf2ec98548db52f920a5f6bbfd2c1aa63d237c2f445528cf7?s=96&d=mm&r=g\",\"caption\":\"Mladen\"}}]}<\/script>\n<!-- \/ Yoast SEO plugin. -->","yoast_head_json":{"title":"Croatian Army celebrates the Statehood Day with spectacular display of the capabilities on Jarun - MORH","description":"Today, on 30 May 2025, as part of celebration of the Statehood Day of the Republic of Croatia, Croatian Army, with a festive and impressive program,","robots":{"index":"index","follow":"follow","max-snippet":"max-snippet:-1","max-image-preview":"max-image-preview:large","max-video-preview":"max-video-preview:-1"},"canonical":"https:\/\/www.morh.hr\/en\/croatian-army-celebrates-the-statehood-day-with-spectacular-display-of-the-capabilities-on-jarun\/","og_locale":"en_US","og_type":"article","og_title":"Croatian Army celebrates the Statehood Day with spectacular display of the capabilities on Jarun - MORH","og_description":"Today, on 30 May 2025, as part of celebration of the Statehood Day of the Republic of Croatia, Croatian Army, with a festive and impressive program,","og_url":"https:\/\/www.morh.hr\/en\/croatian-army-celebrates-the-statehood-day-with-spectacular-display-of-the-capabilities-on-jarun\/","og_site_name":"MORH","article_publisher":"https:\/\/www.facebook.com\/sportasiuhrvatskojvojsci\/","article_published_time":"2025-05-30T07:30:05+00:00","article_modified_time":"2025-07-29T07:35:16+00:00","og_image":[{"width":1024,"height":683,"url":"https:\/\/www.morh.hr\/wp-content\/uploads\/2025\/05\/2025-05-30-jarin-zss-1024x683.jpg","type":"image\/jpeg"}],"author":"Mladen","twitter_card":"summary_large_image","twitter_creator":"@morh_osrh","twitter_site":"@morh_osrh","twitter_misc":{"Written by":"Mladen","Est. reading time":"5 minutes"},"schema":{"@context":"https:\/\/schema.org","@graph":[{"@type":"Article","@id":"https:\/\/www.morh.hr\/en\/croatian-army-celebrates-the-statehood-day-with-spectacular-display-of-the-capabilities-on-jarun\/#article","isPartOf":{"@id":"https:\/\/www.morh.hr\/en\/croatian-army-celebrates-the-statehood-day-with-spectacular-display-of-the-capabilities-on-jarun\/"},"author":{"name":"Mladen","@id":"https:\/\/www.morh.hr\/en\/#\/schema\/person\/ec8e2528a579067d8bda0ae2124ac768"},"headline":"Croatian Army celebrates the Statehood Day with spectacular display of the capabilities on Jarun","datePublished":"2025-05-30T07:30:05+00:00","dateModified":"2025-07-29T07:35:16+00:00","mainEntityOfPage":{"@id":"https:\/\/www.morh.hr\/en\/croatian-army-celebrates-the-statehood-day-with-spectacular-display-of-the-capabilities-on-jarun\/"},"wordCount":832,"image":{"@id":"https:\/\/www.morh.hr\/en\/croatian-army-celebrates-the-statehood-day-with-spectacular-display-of-the-capabilities-on-jarun\/#primaryimage"},"thumbnailUrl":"https:\/\/www.morh.hr\/wp-content\/uploads\/2025\/05\/2025-05-30-jarin-zss.jpg","articleSection":["Press releases"],"inLanguage":"en-US"},{"@type":"WebPage","@id":"https:\/\/www.morh.hr\/en\/croatian-army-celebrates-the-statehood-day-with-spectacular-display-of-the-capabilities-on-jarun\/","url":"https:\/\/www.morh.hr\/en\/croatian-army-celebrates-the-statehood-day-with-spectacular-display-of-the-capabilities-on-jarun\/","name":"Croatian Army celebrates the Statehood Day with spectacular display of the capabilities on Jarun - MORH","isPartOf":{"@id":"https:\/\/www.morh.hr\/en\/#website"},"primaryImageOfPage":{"@id":"https:\/\/www.morh.hr\/en\/croatian-army-celebrates-the-statehood-day-with-spectacular-display-of-the-capabilities-on-jarun\/#primaryimage"},"image":{"@id":"https:\/\/www.morh.hr\/en\/croatian-army-celebrates-the-statehood-day-with-spectacular-display-of-the-capabilities-on-jarun\/#primaryimage"},"thumbnailUrl":"https:\/\/www.morh.hr\/wp-content\/uploads\/2025\/05\/2025-05-30-jarin-zss.jpg","datePublished":"2025-05-30T07:30:05+00:00","dateModified":"2025-07-29T07:35:16+00:00","author":{"@id":"https:\/\/www.morh.hr\/en\/#\/schema\/person\/ec8e2528a579067d8bda0ae2124ac768"},"description":"Today, on 30 May 2025, as part of celebration of the Statehood Day of the Republic of Croatia, Croatian Army, with a festive and impressive program,","breadcrumb":{"@id":"https:\/\/www.morh.hr\/en\/croatian-army-celebrates-the-statehood-day-with-spectacular-display-of-the-capabilities-on-jarun\/#breadcrumb"},"inLanguage":"en-US","potentialAction":[{"@type":"ReadAction","target":["https:\/\/www.morh.hr\/en\/croatian-army-celebrates-the-statehood-day-with-spectacular-display-of-the-capabilities-on-jarun\/"]}]},{"@type":"ImageObject","inLanguage":"en-US","@id":"https:\/\/www.morh.hr\/en\/croatian-army-celebrates-the-statehood-day-with-spectacular-display-of-the-capabilities-on-jarun\/#primaryimage","url":"https:\/\/www.morh.hr\/wp-content\/uploads\/2025\/05\/2025-05-30-jarin-zss.jpg","contentUrl":"https:\/\/www.morh.hr\/wp-content\/uploads\/2025\/05\/2025-05-30-jarin-zss.jpg","width":2400,"height":1600,"caption":"Tisu\u0107e gra\u0111ana u\u017eivalo je u dojmljivom predstavljanju mo\u0107i i spremnosti Hrvatske vojske, uz prelet Rafalea, izlo\u017ebu vojne opreme i bogat program za sve generacije | Foto: MORH\/ T. Brandt"},{"@type":"BreadcrumbList","@id":"https:\/\/www.morh.hr\/en\/croatian-army-celebrates-the-statehood-day-with-spectacular-display-of-the-capabilities-on-jarun\/#breadcrumb","itemListElement":[{"@type":"ListItem","position":1,"name":"Naslovnica","item":"https:\/\/www.morh.hr\/en\/"},{"@type":"ListItem","position":2,"name":"News","item":"https:\/\/www.morh.hr\/en\/kategorija\/news\/"},{"@type":"ListItem","position":3,"name":"Press releases","item":"https:\/\/www.morh.hr\/en\/kategorija\/news\/press-releases\/"},{"@type":"ListItem","position":4,"name":"Croatian Army celebrates the Statehood Day with spectacular display of the capabilities on Jarun"}]},{"@type":"WebSite","@id":"https:\/\/www.morh.hr\/en\/#website","url":"https:\/\/www.morh.hr\/en\/","name":"MORH","description":"Ministarstvo obrane Republike Hrvatske - slu\u017ebene stranice","potentialAction":[{"@type":"SearchAction","target":{"@type":"EntryPoint","urlTemplate":"https:\/\/www.morh.hr\/en\/?s={search_term_string}"},"query-input":{"@type":"PropertyValueSpecification","valueRequired":true,"valueName":"search_term_string"}}],"inLanguage":"en-US"},{"@type":"Person","@id":"https:\/\/www.morh.hr\/en\/#\/schema\/person\/ec8e2528a579067d8bda0ae2124ac768","name":"Mladen","image":{"@type":"ImageObject","inLanguage":"en-US","@id":"https:\/\/www.morh.hr\/en\/#\/schema\/person\/image\/","url":"https:\/\/secure.gravatar.com\/avatar\/3d5ea7ca0d0a523cf2ec98548db52f920a5f6bbfd2c1aa63d237c2f445528cf7?s=96&d=mm&r=g","contentUrl":"https:\/\/secure.gravatar.com\/avatar\/3d5ea7ca0d0a523cf2ec98548db52f920a5f6bbfd2c1aa63d237c2f445528cf7?s=96&d=mm&r=g","caption":"Mladen"}}]}},"_links":{"self":[{"href":"https:\/\/www.morh.hr\/en\/wp-json\/wp\/v2\/posts\/257895","targetHints":{"allow":["GET"]}}],"collection":[{"href":"https:\/\/www.morh.hr\/en\/wp-json\/wp\/v2\/posts"}],"about":[{"href":"https:\/\/www.morh.hr\/en\/wp-json\/wp\/v2\/types\/post"}],"author":[{"embeddable":true,"href":"https:\/\/www.morh.hr\/en\/wp-json\/wp\/v2\/users\/4699"}],"replies":[{"embeddable":true,"href":"https:\/\/www.morh.hr\/en\/wp-json\/wp\/v2\/comments?post=257895"}],"version-history":[{"count":1,"href":"https:\/\/www.morh.hr\/en\/wp-json\/wp\/v2\/posts\/257895\/revisions"}],"predecessor-version":[{"id":257897,"href":"https:\/\/www.morh.hr\/en\/wp-json\/wp\/v2\/posts\/257895\/revisions\/257897"}],"wp:featuredmedia":[{"embeddable":true,"href":"https:\/\/www.morh.hr\/en\/wp-json\/wp\/v2\/media\/255438"}],"wp:attachment":[{"href":"https:\/\/www.morh.hr\/en\/wp-json\/wp\/v2\/media?parent=257895"}],"wp:term":[{"taxonomy":"category","embeddable":true,"href":"https:\/\/www.morh.hr\/en\/wp-json\/wp\/v2\/categories?post=257895"},{"taxonomy":"post_tag","embeddable":true,"href":"https:\/\/www.morh.hr\/en\/wp-json\/wp\/v2\/tags?post=257895"}],"curies":[{"name":"wp","href":"https:\/\/api.w.org\/{rel}","templated":true}]}}