{"id":257908,"date":"2025-06-03T10:28:26","date_gmt":"2025-06-03T08:28:26","guid":{"rendered":"https:\/\/www.morh.hr\/?p=257908"},"modified":"2025-07-29T10:32:30","modified_gmt":"2025-07-29T08:32:30","slug":"minister-anusic-presented-the-annual-defence-report-for-2024-in-the-croatian-parliament","status":"publish","type":"post","link":"https:\/\/www.morh.hr\/en\/minister-anusic-presented-the-annual-defence-report-for-2024-in-the-croatian-parliament\/","title":{"rendered":"Minister Anu\u0161i\u0107 presented the Annual Defence Report for 2024 in the Croatian Parliament"},"content":{"rendered":"<p>Deputy Prime Minister of the Republic of Croatia and Minister of Defence Ivan Anu\u0161i\u0107 presented today, 3 June 2025, to the members of the Croatian Parliament the Annual Defence Report for 2024, in accordance with the provisions of the Defence Act.<\/p>\n<p>According to the minister, the annual report acts as a civilian oversight mechanism that gives the public and Parliament insight into the activities of the Ministry of Defence and the CAF. It also displays the development of defence capabilities, resources, and key efforts.<\/p>\n<p>In this context, he gave members of Parliament an overview of the major initiatives and projects carried out by the Croatian military during the last 12 months.<\/p>\n<p><strong>Defence budget increase<\/strong><\/p>\n<p>The 2024 defence budget increased by 22.2% over the previous year, while the 2025 budget grew by 18.2% over 2024. In this regard, Croatia maintained its upward trajectory in defence spending and met NATO\u2019s guideline to allocate at least 2% of GDP to defence by the beginning of 2025, according to Anu\u0161i\u0107. Among other things, he highlighted Croatia\u2019s commitment to meeting its obligations on defence modernisation, equipment, and investment.<\/p>\n<p>The handover of Rafale combat aircraft, contracts for eight additional Black Hawk helicopters, FPS-117 radar systems, and six Bayraktar drones are just a few of the major projects that have been able to continue because of the increased defence budget, he said. Along with the purchased patrol boats, enhanced mine countermeasure capabilities, and the delivery of the Umag coastal patrol ship, Anu\u0161i\u0107 also mentioned the modernisation of Bradley fighting vehicles and Patria armoured vehicles, the introduction of Very Short-Range Air Defence, and the Role 2B field hospital.<\/p>\n<p><strong>Providing for the Croatian soldier who is the centre of the defence system<\/strong><\/p>\n<p>The minister emphasised that substantial investments were made in 2024 to enhance the living and working circumstances of CAF members, including the building and refurbishment of infrastructure.<\/p>\n<p>The Croatian government and MoD have adopted a series of measures to improve the status of the military profession under the motto of &#8220;Caring for the Croatian soldier as the centre of the defence system.&#8221; For the first time since 2008, the coefficients used to determine active 2ilitary personnel\u2019s wages have been raised by almost 30% as part of the salary reform. &#8220;Remuneration for housing, guard duty, on-call duty and fieldwork has been increased by around 50 per cent; daily allowances for international missions by 20 per cent; scholarships for cadets by 50 per cent; scholarships for high school students have been introduced, and the allowance for conscripts has also been increased,&#8221; Anu\u0161i\u0107 said, emphasising that in the coming period, special attention will be paid to improving the status and material rights of all CAF members, who form the foundation of the defence system.<\/p>\n<p><strong>Increased interest in voluntary military training and active military service<\/strong><\/p>\n<p>The minister said that 656 conscripts successfully completed the training programme in 2024, a 13% increase over 2023, and that interest in voluntary military training has grown. &#8220;We also have a trend of growing interest in active military service,&#8221; he added.<\/p>\n<p><strong>Building international peace and stability<\/strong><\/p>\n<p>&#8220;The Republic of Croatia, as a credible member of NATO and the European Union, has significantly contributed to efforts to support Ukraine, strengthen deterrence and defence capabilities, improve the defence industry, and develop and implement measures aimed at ensuring and building international peace and stability by participating in peace support operations, missions and activities abroad,&#8221; said the minister.<\/p>\n<p>Previously, the Croatian Parliament\u2019s Defence Committee endorsed the Annual Defence Report. In compliance with the terms of the Defence Act, the Government of the Republic of Croatia delivers this paper to the Croatian Parliament as a legislative requirement, offering insight into the state and defence-related activities.<\/p>\n<div class=\"morh-galleria\"><a href=\"https:\/\/live.staticflickr.com\/65535\/54565565198_f6215fecfe_h.jpg\" title=\"Ministar Anu\u0161i\u0107 u Hrvatskom saboru predstavio Godi\u0161nje izvje\u0161\u0107e o obrani za 2024.\"><img decoding=\"async\" data-title=\"Ministar Anu\u0161i\u0107 u Hrvatskom saboru predstavio Godi\u0161nje izvje\u0161\u0107e o obrani za 2024.\" data-description=\"Ministar je izvijestio o stanju i aktivnostima Hrvatske vojske, rekordnom pove\u0107anju obrambenog prora\u010duna i strate\u0161kim ulaganjima te najavio nastavak modernizacije i pove\u0107anje materijalnih prava u Hrvatskoj vojsci | Foto: MORH\/ J. Kopi\" alt=\"Ministar Anu\u0161i\u0107 u Hrvatskom saboru predstavio Godi\u0161nje izvje\u0161\u0107e o obrani za 2024.\" src=\"https:\/\/live.staticflickr.com\/65535\/54565565198_f6215fecfe_h.jpg\" data-layer=\"&lt;div class=&#039;morh-gallery-image-download&#039;&gt;&lt;a href=&#039;https:\/\/live.staticflickr.com\/65535\/54565565198_8fe4cb6737_o.jpg&#039; target=&#039;_blank&#039;&gt;Slika za preuzimanje&lt;\/a&gt;&lt;\/div&gt;\" \/><\/a><a href=\"https:\/\/live.staticflickr.com\/65535\/54565565253_3c59f43826_h.jpg\" title=\"Ministar Anu\u0161i\u0107 u Hrvatskom saboru predstavio Godi\u0161nje izvje\u0161\u0107e o obrani za 2024.\"><img decoding=\"async\" data-title=\"Ministar Anu\u0161i\u0107 u Hrvatskom saboru predstavio Godi\u0161nje izvje\u0161\u0107e o obrani za 2024.\" data-description=\"Ministar je izvijestio o stanju i aktivnostima Hrvatske vojske, rekordnom pove\u0107anju obrambenog prora\u010duna i strate\u0161kim ulaganjima te najavio nastavak modernizacije i pove\u0107anje materijalnih prava u Hrvatskoj vojsci | Foto: MORH\/ J. Kopi\" alt=\"Ministar Anu\u0161i\u0107 u Hrvatskom saboru predstavio Godi\u0161nje izvje\u0161\u0107e o obrani za 2024.\" src=\"https:\/\/live.staticflickr.com\/65535\/54565565253_3c59f43826_h.jpg\" data-layer=\"&lt;div class=&#039;morh-gallery-image-download&#039;&gt;&lt;a href=&#039;https:\/\/live.staticflickr.com\/65535\/54565565253_20c5680dd9_o.jpg&#039; target=&#039;_blank&#039;&gt;Slika za preuzimanje&lt;\/a&gt;&lt;\/div&gt;\" \/><\/a><a href=\"https:\/\/live.staticflickr.com\/65535\/54565565218_dfa525a4a2_h.jpg\" title=\"Ministar Anu\u0161i\u0107 u Hrvatskom saboru predstavio Godi\u0161nje izvje\u0161\u0107e o obrani za 2024.\"><img decoding=\"async\" data-title=\"Ministar Anu\u0161i\u0107 u Hrvatskom saboru predstavio Godi\u0161nje izvje\u0161\u0107e o obrani za 2024.\" data-description=\"Ministar je izvijestio o stanju i aktivnostima Hrvatske vojske, rekordnom pove\u0107anju obrambenog prora\u010duna i strate\u0161kim ulaganjima te najavio nastavak modernizacije i pove\u0107anje materijalnih prava u Hrvatskoj vojsci | Foto: MORH\/ J. Kopi\" alt=\"Ministar Anu\u0161i\u0107 u Hrvatskom saboru predstavio Godi\u0161nje izvje\u0161\u0107e o obrani za 2024.\" src=\"https:\/\/live.staticflickr.com\/65535\/54565565218_dfa525a4a2_h.jpg\" data-layer=\"&lt;div class=&#039;morh-gallery-image-download&#039;&gt;&lt;a href=&#039;https:\/\/live.staticflickr.com\/65535\/54565565218_8c4398a605_o.jpg&#039; target=&#039;_blank&#039;&gt;Slika za preuzimanje&lt;\/a&gt;&lt;\/div&gt;\" \/><\/a><a href=\"https:\/\/live.staticflickr.com\/65535\/54565332511_3e969a9391_h.jpg\" title=\"Ministar Anu\u0161i\u0107 u Hrvatskom saboru predstavio Godi\u0161nje izvje\u0161\u0107e o obrani za 2024.\"><img decoding=\"async\" data-title=\"Ministar Anu\u0161i\u0107 u Hrvatskom saboru predstavio Godi\u0161nje izvje\u0161\u0107e o obrani za 2024.\" data-description=\"Ministar je izvijestio o stanju i aktivnostima Hrvatske vojske, rekordnom pove\u0107anju obrambenog prora\u010duna i strate\u0161kim ulaganjima te najavio nastavak modernizacije i pove\u0107anje materijalnih prava u Hrvatskoj vojsci | Foto: MORH\/ J. Kopi\" alt=\"Ministar Anu\u0161i\u0107 u Hrvatskom saboru predstavio Godi\u0161nje izvje\u0161\u0107e o obrani za 2024.\" src=\"https:\/\/live.staticflickr.com\/65535\/54565332511_3e969a9391_h.jpg\" data-layer=\"&lt;div class=&#039;morh-gallery-image-download&#039;&gt;&lt;a href=&#039;https:\/\/live.staticflickr.com\/65535\/54565332511_db18296d9a_o.jpg&#039; target=&#039;_blank&#039;&gt;Slika za preuzimanje&lt;\/a&gt;&lt;\/div&gt;\" \/><\/a><a href=\"https:\/\/live.staticflickr.com\/65535\/54565565208_6ec7d9dd74_h.jpg\" title=\"Ministar Anu\u0161i\u0107 u Hrvatskom saboru predstavio Godi\u0161nje izvje\u0161\u0107e o obrani za 2024.\"><img decoding=\"async\" data-title=\"Ministar Anu\u0161i\u0107 u Hrvatskom saboru predstavio Godi\u0161nje izvje\u0161\u0107e o obrani za 2024.\" data-description=\"Ministar je izvijestio o stanju i aktivnostima Hrvatske vojske, rekordnom pove\u0107anju obrambenog prora\u010duna i strate\u0161kim ulaganjima te najavio nastavak modernizacije i pove\u0107anje materijalnih prava u Hrvatskoj vojsci | Foto: MORH\/ J. Kopi\" alt=\"Ministar Anu\u0161i\u0107 u Hrvatskom saboru predstavio Godi\u0161nje izvje\u0161\u0107e o obrani za 2024.\" src=\"https:\/\/live.staticflickr.com\/65535\/54565565208_6ec7d9dd74_h.jpg\" data-layer=\"&lt;div class=&#039;morh-gallery-image-download&#039;&gt;&lt;a href=&#039;https:\/\/live.staticflickr.com\/65535\/54565565208_2e804f0b5e_o.jpg&#039; target=&#039;_blank&#039;&gt;Slika za preuzimanje&lt;\/a&gt;&lt;\/div&gt;\" \/><\/a><a href=\"https:\/\/live.staticflickr.com\/65535\/54565516489_9ea691eeb3_h.jpg\" title=\"Ministar Anu\u0161i\u0107 u Hrvatskom saboru predstavio Godi\u0161nje izvje\u0161\u0107e o obrani za 2024.\"><img decoding=\"async\" data-title=\"Ministar Anu\u0161i\u0107 u Hrvatskom saboru predstavio Godi\u0161nje izvje\u0161\u0107e o obrani za 2024.\" data-description=\"Ministar je izvijestio o stanju i aktivnostima Hrvatske vojske, rekordnom pove\u0107anju obrambenog prora\u010duna i strate\u0161kim ulaganjima te najavio nastavak modernizacije i pove\u0107anje materijalnih prava u Hrvatskoj vojsci | Foto: MORH\/ J. Kopi\" alt=\"Ministar Anu\u0161i\u0107 u Hrvatskom saboru predstavio Godi\u0161nje izvje\u0161\u0107e o obrani za 2024.\" src=\"https:\/\/live.staticflickr.com\/65535\/54565516489_9ea691eeb3_h.jpg\" data-layer=\"&lt;div class=&#039;morh-gallery-image-download&#039;&gt;&lt;a href=&#039;https:\/\/live.staticflickr.com\/65535\/54565516489_1440ffe31b_o.jpg&#039; target=&#039;_blank&#039;&gt;Slika za preuzimanje&lt;\/a&gt;&lt;\/div&gt;\" \/><\/a><a href=\"https:\/\/live.staticflickr.com\/65535\/54565662330_2ef2021150_h.jpg\" title=\"Ministar Anu\u0161i\u0107 u Hrvatskom saboru predstavio Godi\u0161nje izvje\u0161\u0107e o obrani za 2024.\"><img decoding=\"async\" data-title=\"Ministar Anu\u0161i\u0107 u Hrvatskom saboru predstavio Godi\u0161nje izvje\u0161\u0107e o obrani za 2024.\" data-description=\"Ministar je izvijestio o stanju i aktivnostima Hrvatske vojske, rekordnom pove\u0107anju obrambenog prora\u010duna i strate\u0161kim ulaganjima te najavio nastavak modernizacije i pove\u0107anje materijalnih prava u Hrvatskoj vojsci | Foto: MORH\/ J. Kopi\" alt=\"Ministar Anu\u0161i\u0107 u Hrvatskom saboru predstavio Godi\u0161nje izvje\u0161\u0107e o obrani za 2024.\" src=\"https:\/\/live.staticflickr.com\/65535\/54565662330_2ef2021150_h.jpg\" data-layer=\"&lt;div class=&#039;morh-gallery-image-download&#039;&gt;&lt;a href=&#039;https:\/\/live.staticflickr.com\/65535\/54565662330_7c577f15d5_o.jpg&#039; target=&#039;_blank&#039;&gt;Slika za preuzimanje&lt;\/a&gt;&lt;\/div&gt;\" \/><\/a><a href=\"https:\/\/live.staticflickr.com\/65535\/54565332566_dc5dbd948d_h.jpg\" title=\"Ministar Anu\u0161i\u0107 u Hrvatskom saboru predstavio Godi\u0161nje izvje\u0161\u0107e o obrani za 2024.\"><img decoding=\"async\" data-title=\"Ministar Anu\u0161i\u0107 u Hrvatskom saboru predstavio Godi\u0161nje izvje\u0161\u0107e o obrani za 2024.\" data-description=\"Ministar je izvijestio o stanju i aktivnostima Hrvatske vojske, rekordnom pove\u0107anju obrambenog prora\u010duna i strate\u0161kim ulaganjima te najavio nastavak modernizacije i pove\u0107anje materijalnih prava u Hrvatskoj vojsci | Foto: MORH\/ J. Kopi\" alt=\"Ministar Anu\u0161i\u0107 u Hrvatskom saboru predstavio Godi\u0161nje izvje\u0161\u0107e o obrani za 2024.\" src=\"https:\/\/live.staticflickr.com\/65535\/54565332566_dc5dbd948d_h.jpg\" data-layer=\"&lt;div class=&#039;morh-gallery-image-download&#039;&gt;&lt;a href=&#039;https:\/\/live.staticflickr.com\/65535\/54565332566_fff1c6282d_o.jpg&#039; target=&#039;_blank&#039;&gt;Slika za preuzimanje&lt;\/a&gt;&lt;\/div&gt;\" \/><\/a><a href=\"https:\/\/live.staticflickr.com\/65535\/54565565263_09774b0d8a_h.jpg\" title=\"Ministar Anu\u0161i\u0107 u Hrvatskom saboru predstavio Godi\u0161nje izvje\u0161\u0107e o obrani za 2024.\"><img decoding=\"async\" data-title=\"Ministar Anu\u0161i\u0107 u Hrvatskom saboru predstavio Godi\u0161nje izvje\u0161\u0107e o obrani za 2024.\" data-description=\"Ministar je izvijestio o stanju i aktivnostima Hrvatske vojske, rekordnom pove\u0107anju obrambenog prora\u010duna i strate\u0161kim ulaganjima te najavio nastavak modernizacije i pove\u0107anje materijalnih prava u Hrvatskoj vojsci | Foto: MORH\/ J. Kopi\" alt=\"Ministar Anu\u0161i\u0107 u Hrvatskom saboru predstavio Godi\u0161nje izvje\u0161\u0107e o obrani za 2024.\" src=\"https:\/\/live.staticflickr.com\/65535\/54565565263_09774b0d8a_h.jpg\" data-layer=\"&lt;div class=&#039;morh-gallery-image-download&#039;&gt;&lt;a href=&#039;https:\/\/live.staticflickr.com\/65535\/54565565263_307d5507c8_o.jpg&#039; target=&#039;_blank&#039;&gt;Slika za preuzimanje&lt;\/a&gt;&lt;\/div&gt;\" \/><\/a><a href=\"https:\/\/live.staticflickr.com\/65535\/54565332596_3e637e7957_h.jpg\" title=\"Ministar Anu\u0161i\u0107 u Hrvatskom saboru predstavio Godi\u0161nje izvje\u0161\u0107e o obrani za 2024.\"><img decoding=\"async\" data-title=\"Ministar Anu\u0161i\u0107 u Hrvatskom saboru predstavio Godi\u0161nje izvje\u0161\u0107e o obrani za 2024.\" data-description=\"Ministar je izvijestio o stanju i aktivnostima Hrvatske vojske, rekordnom pove\u0107anju obrambenog prora\u010duna i strate\u0161kim ulaganjima te najavio nastavak modernizacije i pove\u0107anje materijalnih prava u Hrvatskoj vojsci | Foto: MORH\/ J. Kopi\" alt=\"Ministar Anu\u0161i\u0107 u Hrvatskom saboru predstavio Godi\u0161nje izvje\u0161\u0107e o obrani za 2024.\" src=\"https:\/\/live.staticflickr.com\/65535\/54565332596_3e637e7957_h.jpg\" data-layer=\"&lt;div class=&#039;morh-gallery-image-download&#039;&gt;&lt;a href=&#039;https:\/\/live.staticflickr.com\/65535\/54565332596_f8f2b3309e_o.jpg&#039; target=&#039;_blank&#039;&gt;Slika za preuzimanje&lt;\/a&gt;&lt;\/div&gt;\" \/><\/a><a href=\"https:\/\/live.staticflickr.com\/65535\/54564457562_fb7191baae_h.jpg\" title=\"Ministar Anu\u0161i\u0107 u Hrvatskom saboru predstavio Godi\u0161nje izvje\u0161\u0107e o obrani za 2024.\"><img decoding=\"async\" data-title=\"Ministar Anu\u0161i\u0107 u Hrvatskom saboru predstavio Godi\u0161nje izvje\u0161\u0107e o obrani za 2024.\" data-description=\"Ministar je izvijestio o stanju i aktivnostima Hrvatske vojske, rekordnom pove\u0107anju obrambenog prora\u010duna i strate\u0161kim ulaganjima te najavio nastavak modernizacije i pove\u0107anje materijalnih prava u Hrvatskoj vojsci | Foto: MORH\/ J. Kopi\" alt=\"Ministar Anu\u0161i\u0107 u Hrvatskom saboru predstavio Godi\u0161nje izvje\u0161\u0107e o obrani za 2024.\" src=\"https:\/\/live.staticflickr.com\/65535\/54564457562_fb7191baae_h.jpg\" data-layer=\"&lt;div class=&#039;morh-gallery-image-download&#039;&gt;&lt;a href=&#039;https:\/\/live.staticflickr.com\/65535\/54564457562_b6c343dae7_o.jpg&#039; target=&#039;_blank&#039;&gt;Slika za preuzimanje&lt;\/a&gt;&lt;\/div&gt;\" \/><\/a><a href=\"https:\/\/live.staticflickr.com\/65535\/54565516549_d9c8569009_h.jpg\" title=\"Ministar Anu\u0161i\u0107 u Hrvatskom saboru predstavio Godi\u0161nje izvje\u0161\u0107e o obrani za 2024.\"><img decoding=\"async\" data-title=\"Ministar Anu\u0161i\u0107 u Hrvatskom saboru predstavio Godi\u0161nje izvje\u0161\u0107e o obrani za 2024.\" data-description=\"Ministar je izvijestio o stanju i aktivnostima Hrvatske vojske, rekordnom pove\u0107anju obrambenog prora\u010duna i strate\u0161kim ulaganjima te najavio nastavak modernizacije i pove\u0107anje materijalnih prava u Hrvatskoj vojsci | Foto: MORH\/ J. Kopi\" alt=\"Ministar Anu\u0161i\u0107 u Hrvatskom saboru predstavio Godi\u0161nje izvje\u0161\u0107e o obrani za 2024.\" src=\"https:\/\/live.staticflickr.com\/65535\/54565516549_d9c8569009_h.jpg\" data-layer=\"&lt;div class=&#039;morh-gallery-image-download&#039;&gt;&lt;a href=&#039;https:\/\/live.staticflickr.com\/65535\/54565516549_362f9a947c_o.jpg&#039; target=&#039;_blank&#039;&gt;Slika za preuzimanje&lt;\/a&gt;&lt;\/div&gt;\" \/><\/a><a href=\"https:\/\/live.staticflickr.com\/65535\/54565516539_3f072bce56_h.jpg\" title=\"Ministar Anu\u0161i\u0107 u Hrvatskom saboru predstavio Godi\u0161nje izvje\u0161\u0107e o obrani za 2024.\"><img decoding=\"async\" data-title=\"Ministar Anu\u0161i\u0107 u Hrvatskom saboru predstavio Godi\u0161nje izvje\u0161\u0107e o obrani za 2024.\" data-description=\"Ministar je izvijestio o stanju i aktivnostima Hrvatske vojske, rekordnom pove\u0107anju obrambenog prora\u010duna i strate\u0161kim ulaganjima te najavio nastavak modernizacije i pove\u0107anje materijalnih prava u Hrvatskoj vojsci | Foto: MORH\/ J. Kopi\" alt=\"Ministar Anu\u0161i\u0107 u Hrvatskom saboru predstavio Godi\u0161nje izvje\u0161\u0107e o obrani za 2024.\" src=\"https:\/\/live.staticflickr.com\/65535\/54565516539_3f072bce56_h.jpg\" data-layer=\"&lt;div class=&#039;morh-gallery-image-download&#039;&gt;&lt;a href=&#039;https:\/\/live.staticflickr.com\/65535\/54565516539_87d2d94226_o.jpg&#039; target=&#039;_blank&#039;&gt;Slika za preuzimanje&lt;\/a&gt;&lt;\/div&gt;\" \/><\/a><a href=\"https:\/\/live.staticflickr.com\/65535\/54564457587_499df42955_h.jpg\" title=\"Ministar Anu\u0161i\u0107 u Hrvatskom saboru predstavio Godi\u0161nje izvje\u0161\u0107e o obrani za 2024.\"><img decoding=\"async\" data-title=\"Ministar Anu\u0161i\u0107 u Hrvatskom saboru predstavio Godi\u0161nje izvje\u0161\u0107e o obrani za 2024.\" data-description=\"Ministar je izvijestio o stanju i aktivnostima Hrvatske vojske, rekordnom pove\u0107anju obrambenog prora\u010duna i strate\u0161kim ulaganjima te najavio nastavak modernizacije i pove\u0107anje materijalnih prava u Hrvatskoj vojsci | Foto: MORH\/ J. Kopi\" alt=\"Ministar Anu\u0161i\u0107 u Hrvatskom saboru predstavio Godi\u0161nje izvje\u0161\u0107e o obrani za 2024.\" src=\"https:\/\/live.staticflickr.com\/65535\/54564457587_499df42955_h.jpg\" data-layer=\"&lt;div class=&#039;morh-gallery-image-download&#039;&gt;&lt;a href=&#039;https:\/\/live.staticflickr.com\/65535\/54564457587_0b8293eb39_o.jpg&#039; target=&#039;_blank&#039;&gt;Slika za preuzimanje&lt;\/a&gt;&lt;\/div&gt;\" \/><\/a><\/div><!--\/.morh-galleria -->\n","protected":false},"excerpt":{"rendered":"<p>The minister reported on the state and activities of the Croatian Armed Forces, the record increase in the defence budget and strategic investments, and announced the continuation of modernisation and the increase in material rights<\/p>\n","protected":false},"author":4699,"featured_media":255560,"comment_status":"closed","ping_status":"closed","sticky":false,"template":"","format":"standard","meta":{"_acf_changed":false,"_monsterinsights_skip_tracking":false,"_monsterinsights_sitenote_active":false,"_monsterinsights_sitenote_note":"","_monsterinsights_sitenote_category":0,"footnotes":""},"categories":[117],"tags":[],"class_list":["post-257908","post","type-post","status-publish","format-standard","has-post-thumbnail","hentry","category-press-releases"],"acf":[],"yoast_head":"<!-- This site is optimized with the Yoast SEO plugin v26.9 - https:\/\/yoast.com\/product\/yoast-seo-wordpress\/ -->\n<title>Minister Anu\u0161i\u0107 presented the Annual Defence Report for 2024 in the Croatian Parliament - MORH<\/title>\n<meta name=\"description\" content=\"The minister reported on the state and activities of the Croatian Armed Forces, the record increase in the defence budget and strategic investments, and announced the continuation of modernisation and the increase in material rights\" \/>\n<meta name=\"robots\" content=\"index, follow, max-snippet:-1, max-image-preview:large, max-video-preview:-1\" \/>\n<link rel=\"canonical\" href=\"https:\/\/www.morh.hr\/en\/minister-anusic-presented-the-annual-defence-report-for-2024-in-the-croatian-parliament\/\" \/>\n<meta property=\"og:locale\" content=\"en_US\" \/>\n<meta property=\"og:type\" content=\"article\" \/>\n<meta property=\"og:title\" content=\"Minister Anu\u0161i\u0107 presented the Annual Defence Report for 2024 in the Croatian Parliament - MORH\" \/>\n<meta property=\"og:description\" content=\"The minister reported on the state and activities of the Croatian Armed Forces, the record increase in the defence budget and strategic investments, and announced the continuation of modernisation and the increase in material rights\" \/>\n<meta property=\"og:url\" content=\"https:\/\/www.morh.hr\/en\/minister-anusic-presented-the-annual-defence-report-for-2024-in-the-croatian-parliament\/\" \/>\n<meta property=\"og:site_name\" content=\"MORH\" \/>\n<meta property=\"article:publisher\" content=\"https:\/\/www.facebook.com\/sportasiuhrvatskojvojsci\/\" \/>\n<meta property=\"article:published_time\" content=\"2025-06-03T08:28:26+00:00\" \/>\n<meta property=\"article:modified_time\" content=\"2025-07-29T08:32:30+00:00\" \/>\n<meta property=\"og:image\" content=\"https:\/\/www.morh.hr\/wp-content\/uploads\/2025\/06\/2025-06-03-ivan-anusic-hr-sabor-scaled.jpg\" \/>\n\t<meta property=\"og:image:width\" content=\"2560\" \/>\n\t<meta property=\"og:image:height\" content=\"1910\" \/>\n\t<meta property=\"og:image:type\" content=\"image\/jpeg\" \/>\n<meta name=\"author\" content=\"Mladen\" \/>\n<meta name=\"twitter:card\" content=\"summary_large_image\" \/>\n<meta name=\"twitter:creator\" content=\"@morh_osrh\" \/>\n<meta name=\"twitter:site\" content=\"@morh_osrh\" \/>\n<meta name=\"twitter:label1\" content=\"Written by\" \/>\n\t<meta name=\"twitter:data1\" content=\"Mladen\" \/>\n\t<meta name=\"twitter:label2\" content=\"Est. reading time\" \/>\n\t<meta name=\"twitter:data2\" content=\"4 minutes\" \/>\n<script type=\"application\/ld+json\" class=\"yoast-schema-graph\">{\"@context\":\"https:\/\/schema.org\",\"@graph\":[{\"@type\":\"Article\",\"@id\":\"https:\/\/www.morh.hr\/en\/minister-anusic-presented-the-annual-defence-report-for-2024-in-the-croatian-parliament\/#article\",\"isPartOf\":{\"@id\":\"https:\/\/www.morh.hr\/en\/minister-anusic-presented-the-annual-defence-report-for-2024-in-the-croatian-parliament\/\"},\"author\":{\"name\":\"Mladen\",\"@id\":\"https:\/\/www.morh.hr\/en\/#\/schema\/person\/ec8e2528a579067d8bda0ae2124ac768\"},\"headline\":\"Minister Anu\u0161i\u0107 presented the Annual Defence Report for 2024 in the Croatian Parliament\",\"datePublished\":\"2025-06-03T08:28:26+00:00\",\"dateModified\":\"2025-07-29T08:32:30+00:00\",\"mainEntityOfPage\":{\"@id\":\"https:\/\/www.morh.hr\/en\/minister-anusic-presented-the-annual-defence-report-for-2024-in-the-croatian-parliament\/\"},\"wordCount\":620,\"image\":{\"@id\":\"https:\/\/www.morh.hr\/en\/minister-anusic-presented-the-annual-defence-report-for-2024-in-the-croatian-parliament\/#primaryimage\"},\"thumbnailUrl\":\"https:\/\/www.morh.hr\/wp-content\/uploads\/2025\/06\/2025-06-03-ivan-anusic-hr-sabor-scaled.jpg\",\"articleSection\":[\"Press releases\"],\"inLanguage\":\"en-US\"},{\"@type\":\"WebPage\",\"@id\":\"https:\/\/www.morh.hr\/en\/minister-anusic-presented-the-annual-defence-report-for-2024-in-the-croatian-parliament\/\",\"url\":\"https:\/\/www.morh.hr\/en\/minister-anusic-presented-the-annual-defence-report-for-2024-in-the-croatian-parliament\/\",\"name\":\"Minister Anu\u0161i\u0107 presented the Annual Defence Report for 2024 in the Croatian Parliament - MORH\",\"isPartOf\":{\"@id\":\"https:\/\/www.morh.hr\/en\/#website\"},\"primaryImageOfPage\":{\"@id\":\"https:\/\/www.morh.hr\/en\/minister-anusic-presented-the-annual-defence-report-for-2024-in-the-croatian-parliament\/#primaryimage\"},\"image\":{\"@id\":\"https:\/\/www.morh.hr\/en\/minister-anusic-presented-the-annual-defence-report-for-2024-in-the-croatian-parliament\/#primaryimage\"},\"thumbnailUrl\":\"https:\/\/www.morh.hr\/wp-content\/uploads\/2025\/06\/2025-06-03-ivan-anusic-hr-sabor-scaled.jpg\",\"datePublished\":\"2025-06-03T08:28:26+00:00\",\"dateModified\":\"2025-07-29T08:32:30+00:00\",\"author\":{\"@id\":\"https:\/\/www.morh.hr\/en\/#\/schema\/person\/ec8e2528a579067d8bda0ae2124ac768\"},\"description\":\"The minister reported on the state and activities of the Croatian Armed Forces, the record increase in the defence budget and strategic investments, and announced the continuation of modernisation and the increase in material rights\",\"breadcrumb\":{\"@id\":\"https:\/\/www.morh.hr\/en\/minister-anusic-presented-the-annual-defence-report-for-2024-in-the-croatian-parliament\/#breadcrumb\"},\"inLanguage\":\"en-US\",\"potentialAction\":[{\"@type\":\"ReadAction\",\"target\":[\"https:\/\/www.morh.hr\/en\/minister-anusic-presented-the-annual-defence-report-for-2024-in-the-croatian-parliament\/\"]}]},{\"@type\":\"ImageObject\",\"inLanguage\":\"en-US\",\"@id\":\"https:\/\/www.morh.hr\/en\/minister-anusic-presented-the-annual-defence-report-for-2024-in-the-croatian-parliament\/#primaryimage\",\"url\":\"https:\/\/www.morh.hr\/wp-content\/uploads\/2025\/06\/2025-06-03-ivan-anusic-hr-sabor-scaled.jpg\",\"contentUrl\":\"https:\/\/www.morh.hr\/wp-content\/uploads\/2025\/06\/2025-06-03-ivan-anusic-hr-sabor-scaled.jpg\",\"width\":2560,\"height\":1910,\"caption\":\"Ministar je izvijestio o stanju i aktivnostima Hrvatske vojske, rekordnom pove\u0107anju obrambenog prora\u010duna i strate\u0161kim ulaganjima te najavio nastavak modernizacije i pove\u0107anje materijalnih prava u Hrvatskoj vojsci | Foto: MORH\/ J. Kopi\"},{\"@type\":\"BreadcrumbList\",\"@id\":\"https:\/\/www.morh.hr\/en\/minister-anusic-presented-the-annual-defence-report-for-2024-in-the-croatian-parliament\/#breadcrumb\",\"itemListElement\":[{\"@type\":\"ListItem\",\"position\":1,\"name\":\"Naslovnica\",\"item\":\"https:\/\/www.morh.hr\/en\/\"},{\"@type\":\"ListItem\",\"position\":2,\"name\":\"News\",\"item\":\"https:\/\/www.morh.hr\/en\/kategorija\/news\/\"},{\"@type\":\"ListItem\",\"position\":3,\"name\":\"Press releases\",\"item\":\"https:\/\/www.morh.hr\/en\/kategorija\/news\/press-releases\/\"},{\"@type\":\"ListItem\",\"position\":4,\"name\":\"Minister Anu\u0161i\u0107 presented the Annual Defence Report for 2024 in the Croatian Parliament\"}]},{\"@type\":\"WebSite\",\"@id\":\"https:\/\/www.morh.hr\/en\/#website\",\"url\":\"https:\/\/www.morh.hr\/en\/\",\"name\":\"MORH\",\"description\":\"Ministarstvo obrane Republike Hrvatske - slu\u017ebene stranice\",\"potentialAction\":[{\"@type\":\"SearchAction\",\"target\":{\"@type\":\"EntryPoint\",\"urlTemplate\":\"https:\/\/www.morh.hr\/en\/?s={search_term_string}\"},\"query-input\":{\"@type\":\"PropertyValueSpecification\",\"valueRequired\":true,\"valueName\":\"search_term_string\"}}],\"inLanguage\":\"en-US\"},{\"@type\":\"Person\",\"@id\":\"https:\/\/www.morh.hr\/en\/#\/schema\/person\/ec8e2528a579067d8bda0ae2124ac768\",\"name\":\"Mladen\",\"image\":{\"@type\":\"ImageObject\",\"inLanguage\":\"en-US\",\"@id\":\"https:\/\/www.morh.hr\/en\/#\/schema\/person\/image\/\",\"url\":\"https:\/\/secure.gravatar.com\/avatar\/3d5ea7ca0d0a523cf2ec98548db52f920a5f6bbfd2c1aa63d237c2f445528cf7?s=96&d=mm&r=g\",\"contentUrl\":\"https:\/\/secure.gravatar.com\/avatar\/3d5ea7ca0d0a523cf2ec98548db52f920a5f6bbfd2c1aa63d237c2f445528cf7?s=96&d=mm&r=g\",\"caption\":\"Mladen\"}}]}<\/script>\n<!-- \/ Yoast SEO plugin. -->","yoast_head_json":{"title":"Minister Anu\u0161i\u0107 presented the Annual Defence Report for 2024 in the Croatian Parliament - MORH","description":"The minister reported on the state and activities of the Croatian Armed Forces, the record increase in the defence budget and strategic investments, and announced the continuation of modernisation and the increase in material rights","robots":{"index":"index","follow":"follow","max-snippet":"max-snippet:-1","max-image-preview":"max-image-preview:large","max-video-preview":"max-video-preview:-1"},"canonical":"https:\/\/www.morh.hr\/en\/minister-anusic-presented-the-annual-defence-report-for-2024-in-the-croatian-parliament\/","og_locale":"en_US","og_type":"article","og_title":"Minister Anu\u0161i\u0107 presented the Annual Defence Report for 2024 in the Croatian Parliament - MORH","og_description":"The minister reported on the state and activities of the Croatian Armed Forces, the record increase in the defence budget and strategic investments, and announced the continuation of modernisation and the increase in material rights","og_url":"https:\/\/www.morh.hr\/en\/minister-anusic-presented-the-annual-defence-report-for-2024-in-the-croatian-parliament\/","og_site_name":"MORH","article_publisher":"https:\/\/www.facebook.com\/sportasiuhrvatskojvojsci\/","article_published_time":"2025-06-03T08:28:26+00:00","article_modified_time":"2025-07-29T08:32:30+00:00","og_image":[{"width":2560,"height":1910,"url":"https:\/\/www.morh.hr\/wp-content\/uploads\/2025\/06\/2025-06-03-ivan-anusic-hr-sabor-scaled.jpg","type":"image\/jpeg"}],"author":"Mladen","twitter_card":"summary_large_image","twitter_creator":"@morh_osrh","twitter_site":"@morh_osrh","twitter_misc":{"Written by":"Mladen","Est. reading time":"4 minutes"},"schema":{"@context":"https:\/\/schema.org","@graph":[{"@type":"Article","@id":"https:\/\/www.morh.hr\/en\/minister-anusic-presented-the-annual-defence-report-for-2024-in-the-croatian-parliament\/#article","isPartOf":{"@id":"https:\/\/www.morh.hr\/en\/minister-anusic-presented-the-annual-defence-report-for-2024-in-the-croatian-parliament\/"},"author":{"name":"Mladen","@id":"https:\/\/www.morh.hr\/en\/#\/schema\/person\/ec8e2528a579067d8bda0ae2124ac768"},"headline":"Minister Anu\u0161i\u0107 presented the Annual Defence Report for 2024 in the Croatian Parliament","datePublished":"2025-06-03T08:28:26+00:00","dateModified":"2025-07-29T08:32:30+00:00","mainEntityOfPage":{"@id":"https:\/\/www.morh.hr\/en\/minister-anusic-presented-the-annual-defence-report-for-2024-in-the-croatian-parliament\/"},"wordCount":620,"image":{"@id":"https:\/\/www.morh.hr\/en\/minister-anusic-presented-the-annual-defence-report-for-2024-in-the-croatian-parliament\/#primaryimage"},"thumbnailUrl":"https:\/\/www.morh.hr\/wp-content\/uploads\/2025\/06\/2025-06-03-ivan-anusic-hr-sabor-scaled.jpg","articleSection":["Press releases"],"inLanguage":"en-US"},{"@type":"WebPage","@id":"https:\/\/www.morh.hr\/en\/minister-anusic-presented-the-annual-defence-report-for-2024-in-the-croatian-parliament\/","url":"https:\/\/www.morh.hr\/en\/minister-anusic-presented-the-annual-defence-report-for-2024-in-the-croatian-parliament\/","name":"Minister Anu\u0161i\u0107 presented the Annual Defence Report for 2024 in the Croatian Parliament - MORH","isPartOf":{"@id":"https:\/\/www.morh.hr\/en\/#website"},"primaryImageOfPage":{"@id":"https:\/\/www.morh.hr\/en\/minister-anusic-presented-the-annual-defence-report-for-2024-in-the-croatian-parliament\/#primaryimage"},"image":{"@id":"https:\/\/www.morh.hr\/en\/minister-anusic-presented-the-annual-defence-report-for-2024-in-the-croatian-parliament\/#primaryimage"},"thumbnailUrl":"https:\/\/www.morh.hr\/wp-content\/uploads\/2025\/06\/2025-06-03-ivan-anusic-hr-sabor-scaled.jpg","datePublished":"2025-06-03T08:28:26+00:00","dateModified":"2025-07-29T08:32:30+00:00","author":{"@id":"https:\/\/www.morh.hr\/en\/#\/schema\/person\/ec8e2528a579067d8bda0ae2124ac768"},"description":"The minister reported on the state and activities of the Croatian Armed Forces, the record increase in the defence budget and strategic investments, and announced the continuation of modernisation and the increase in material rights","breadcrumb":{"@id":"https:\/\/www.morh.hr\/en\/minister-anusic-presented-the-annual-defence-report-for-2024-in-the-croatian-parliament\/#breadcrumb"},"inLanguage":"en-US","potentialAction":[{"@type":"ReadAction","target":["https:\/\/www.morh.hr\/en\/minister-anusic-presented-the-annual-defence-report-for-2024-in-the-croatian-parliament\/"]}]},{"@type":"ImageObject","inLanguage":"en-US","@id":"https:\/\/www.morh.hr\/en\/minister-anusic-presented-the-annual-defence-report-for-2024-in-the-croatian-parliament\/#primaryimage","url":"https:\/\/www.morh.hr\/wp-content\/uploads\/2025\/06\/2025-06-03-ivan-anusic-hr-sabor-scaled.jpg","contentUrl":"https:\/\/www.morh.hr\/wp-content\/uploads\/2025\/06\/2025-06-03-ivan-anusic-hr-sabor-scaled.jpg","width":2560,"height":1910,"caption":"Ministar je izvijestio o stanju i aktivnostima Hrvatske vojske, rekordnom pove\u0107anju obrambenog prora\u010duna i strate\u0161kim ulaganjima te najavio nastavak modernizacije i pove\u0107anje materijalnih prava u Hrvatskoj vojsci | Foto: MORH\/ J. Kopi"},{"@type":"BreadcrumbList","@id":"https:\/\/www.morh.hr\/en\/minister-anusic-presented-the-annual-defence-report-for-2024-in-the-croatian-parliament\/#breadcrumb","itemListElement":[{"@type":"ListItem","position":1,"name":"Naslovnica","item":"https:\/\/www.morh.hr\/en\/"},{"@type":"ListItem","position":2,"name":"News","item":"https:\/\/www.morh.hr\/en\/kategorija\/news\/"},{"@type":"ListItem","position":3,"name":"Press releases","item":"https:\/\/www.morh.hr\/en\/kategorija\/news\/press-releases\/"},{"@type":"ListItem","position":4,"name":"Minister Anu\u0161i\u0107 presented the Annual Defence Report for 2024 in the Croatian Parliament"}]},{"@type":"WebSite","@id":"https:\/\/www.morh.hr\/en\/#website","url":"https:\/\/www.morh.hr\/en\/","name":"MORH","description":"Ministarstvo obrane Republike Hrvatske - slu\u017ebene stranice","potentialAction":[{"@type":"SearchAction","target":{"@type":"EntryPoint","urlTemplate":"https:\/\/www.morh.hr\/en\/?s={search_term_string}"},"query-input":{"@type":"PropertyValueSpecification","valueRequired":true,"valueName":"search_term_string"}}],"inLanguage":"en-US"},{"@type":"Person","@id":"https:\/\/www.morh.hr\/en\/#\/schema\/person\/ec8e2528a579067d8bda0ae2124ac768","name":"Mladen","image":{"@type":"ImageObject","inLanguage":"en-US","@id":"https:\/\/www.morh.hr\/en\/#\/schema\/person\/image\/","url":"https:\/\/secure.gravatar.com\/avatar\/3d5ea7ca0d0a523cf2ec98548db52f920a5f6bbfd2c1aa63d237c2f445528cf7?s=96&d=mm&r=g","contentUrl":"https:\/\/secure.gravatar.com\/avatar\/3d5ea7ca0d0a523cf2ec98548db52f920a5f6bbfd2c1aa63d237c2f445528cf7?s=96&d=mm&r=g","caption":"Mladen"}}]}},"_links":{"self":[{"href":"https:\/\/www.morh.hr\/en\/wp-json\/wp\/v2\/posts\/257908","targetHints":{"allow":["GET"]}}],"collection":[{"href":"https:\/\/www.morh.hr\/en\/wp-json\/wp\/v2\/posts"}],"about":[{"href":"https:\/\/www.morh.hr\/en\/wp-json\/wp\/v2\/types\/post"}],"author":[{"embeddable":true,"href":"https:\/\/www.morh.hr\/en\/wp-json\/wp\/v2\/users\/4699"}],"replies":[{"embeddable":true,"href":"https:\/\/www.morh.hr\/en\/wp-json\/wp\/v2\/comments?post=257908"}],"version-history":[{"count":1,"href":"https:\/\/www.morh.hr\/en\/wp-json\/wp\/v2\/posts\/257908\/revisions"}],"predecessor-version":[{"id":257909,"href":"https:\/\/www.morh.hr\/en\/wp-json\/wp\/v2\/posts\/257908\/revisions\/257909"}],"wp:featuredmedia":[{"embeddable":true,"href":"https:\/\/www.morh.hr\/en\/wp-json\/wp\/v2\/media\/255560"}],"wp:attachment":[{"href":"https:\/\/www.morh.hr\/en\/wp-json\/wp\/v2\/media?parent=257908"}],"wp:term":[{"taxonomy":"category","embeddable":true,"href":"https:\/\/www.morh.hr\/en\/wp-json\/wp\/v2\/categories?post=257908"},{"taxonomy":"post_tag","embeddable":true,"href":"https:\/\/www.morh.hr\/en\/wp-json\/wp\/v2\/tags?post=257908"}],"curies":[{"name":"wp","href":"https:\/\/api.w.org\/{rel}","templated":true}]}}