{"id":257939,"date":"2025-06-11T12:33:19","date_gmt":"2025-06-11T10:33:19","guid":{"rendered":"https:\/\/www.morh.hr\/?p=257939"},"modified":"2025-07-29T12:45:07","modified_gmt":"2025-07-29T10:45:07","slug":"meeting-between-h-e-fabien-fieschi-the-french-ambassador-and-minister-anusic","status":"publish","type":"post","link":"https:\/\/www.morh.hr\/en\/meeting-between-h-e-fabien-fieschi-the-french-ambassador-and-minister-anusic\/","title":{"rendered":"Meeting between H.E. Fabien Fieschi, the French Ambassador, and Minister Anu\u0161i\u0107"},"content":{"rendered":"<p>Deputy Prime Minister Ivan Anu\u0161i\u0107 of the Republic of Croatia and Minister of Defence Ivan Anu\u0161i\u0107 met with French Ambassador H. E. Fabien Fieschi at the Ministry of Defence today, 11 June 2025.<\/p>\n<p>During the discussion, it was underlined that the two nations\u2019 cooperation has increased since 2021, particularly via strategic partnerships and initiatives such as the procurement of CAESAR howitzers, MISTRAL air defence systems, and Rafale multirole combat aircraft. Along with their tight cooperation within NATO and the EU, Croatia and France are also partners in the European Defence Fund (EDF) and participate in five joint PESCO initiatives.<\/p>\n<p>It was stressed how crucial it is to keep up the strategic dialogue and cooperation between Croatia and France, as well as the strategic cooperation of European nations and the defence autonomy of Europe as a whole, given the increasingly challenging security situation in both Europe and the rest of the world.<\/p>\n<p>&#8220;We must not allow anybody else to handle Europe\u2019s security; instead, we must rely on our own capabilities and develop the home defence sector. &#8220;Investments in security and defence must not be seen as an expense. Our priorities are changing, and we are moving in the direction of increasing defence spending,&#8221; Minister Anu\u0161i\u0107 stated, stressing that the increase in defence spending is a responsible policy in the interest of national and European security rather than the result of outside pressure.<\/p>\n<p>Concerning the availability and delivery schedules of combat equipment from European companies, the Minister also issued a warning about the difficulties facing the European defence sector. He emphasised the need of national and European initiatives to strengthen the defence sectors and establish strategic independence in several crucial domains.<\/p>\n<p>Croatia understands that higher defence expenditure is a crucial component of these initiatives, he added. &#8220;The implementation of the White Paper and the ReArm Europe Plan should be ambitious, fast, and pragmatic, and should not remain just a pretty story on paper,&#8221; he said. He also emphasised that Croatia is already making progress towards these objectives by allocating 2% of its GDP to defence this year, with intentions to raise that amount to 2.5% by 2027.<\/p>\n<p>In his remarks, Minister Anu\u0161i\u0107 cautioned that Southeast Europe is a potentially dangerous security area. He highlighted the importance of the international community and the Euro-Atlantic outlook of the region\u2019s nations as key elements of stability, which Croatia has consistently promoted.<\/p>\n<p>&#8220;It would be a special honour for me to host Minister Lecornu in Zagreb,&#8221; the Minister said, adding that all allies and partners, including France, have been invited to the parade in Zagreb on 31 July to commemorate the 30th anniversary of the military police operation Storm.<\/p>\n<p>The meeting was scheduled ahead of next week\u2019s bilateral meeting with S\u00e9bastien Lecornu, the French defence minister.<\/p>\n<div class=\"morh-galleria\"><a href=\"https:\/\/live.staticflickr.com\/65535\/54582311318_41154e82d6_h.jpg\" title=\"Sastanak ministra Anu\u0161i\u0107a s veleposlanikom Francuske Republike Fabienom Fieschijem\"><img decoding=\"async\" data-title=\"Sastanak ministra Anu\u0161i\u0107a s veleposlanikom Francuske Republike Fabienom Fieschijem\" data-description=\"Ministar je najavio obilje\u017eavanje 30. obljetnice VRO Oluja mimohodom 31. srpnja: Bila bi mi osobita \u010dast ugostiti ministra Lecornua u Zagrebu | Foto MORH\/ J. Kopi\" alt=\"Sastanak ministra Anu\u0161i\u0107a s veleposlanikom Francuske Republike Fabienom Fieschijem\" src=\"https:\/\/live.staticflickr.com\/65535\/54582311318_41154e82d6_h.jpg\" data-layer=\"&lt;div class=&#039;morh-gallery-image-download&#039;&gt;&lt;a href=&#039;https:\/\/live.staticflickr.com\/65535\/54582311318_1da5c69964_o.jpg&#039; target=&#039;_blank&#039;&gt;Slika za preuzimanje&lt;\/a&gt;&lt;\/div&gt;\" \/><\/a><a href=\"https:\/\/live.staticflickr.com\/65535\/54582098076_75b7b7fb7c_h.jpg\" title=\"Sastanak ministra Anu\u0161i\u0107a s veleposlanikom Francuske Republike Fabienom Fieschijem\"><img decoding=\"async\" data-title=\"Sastanak ministra Anu\u0161i\u0107a s veleposlanikom Francuske Republike Fabienom Fieschijem\" data-description=\"Ministar je najavio obilje\u017eavanje 30. obljetnice VRO Oluja mimohodom 31. srpnja: Bila bi mi osobita \u010dast ugostiti ministra Lecornua u Zagrebu | Foto MORH\/ J. Kopi\" alt=\"Sastanak ministra Anu\u0161i\u0107a s veleposlanikom Francuske Republike Fabienom Fieschijem\" src=\"https:\/\/live.staticflickr.com\/65535\/54582098076_75b7b7fb7c_h.jpg\" data-layer=\"&lt;div class=&#039;morh-gallery-image-download&#039;&gt;&lt;a href=&#039;https:\/\/live.staticflickr.com\/65535\/54582098076_da1a205391_o.jpg&#039; target=&#039;_blank&#039;&gt;Slika za preuzimanje&lt;\/a&gt;&lt;\/div&gt;\" \/><\/a><a href=\"https:\/\/live.staticflickr.com\/65535\/54582411185_7b3f0aba49_h.jpg\" title=\"Sastanak ministra Anu\u0161i\u0107a s veleposlanikom Francuske Republike Fabienom Fieschijem\"><img decoding=\"async\" data-title=\"Sastanak ministra Anu\u0161i\u0107a s veleposlanikom Francuske Republike Fabienom Fieschijem\" data-description=\"Ministar je najavio obilje\u017eavanje 30. obljetnice VRO Oluja mimohodom 31. srpnja: Bila bi mi osobita \u010dast ugostiti ministra Lecornua u Zagrebu | Foto MORH\/ J. Kopi\" alt=\"Sastanak ministra Anu\u0161i\u0107a s veleposlanikom Francuske Republike Fabienom Fieschijem\" src=\"https:\/\/live.staticflickr.com\/65535\/54582411185_7b3f0aba49_h.jpg\" data-layer=\"&lt;div class=&#039;morh-gallery-image-download&#039;&gt;&lt;a href=&#039;https:\/\/live.staticflickr.com\/65535\/54582411185_12fd6bd467_o.jpg&#039; target=&#039;_blank&#039;&gt;Slika za preuzimanje&lt;\/a&gt;&lt;\/div&gt;\" \/><\/a><a href=\"https:\/\/live.staticflickr.com\/65535\/54582311243_49cf956afc_h.jpg\" title=\"Sastanak ministra Anu\u0161i\u0107a s veleposlanikom Francuske Republike Fabienom Fieschijem\"><img decoding=\"async\" data-title=\"Sastanak ministra Anu\u0161i\u0107a s veleposlanikom Francuske Republike Fabienom Fieschijem\" data-description=\"Ministar je najavio obilje\u017eavanje 30. obljetnice VRO Oluja mimohodom 31. srpnja: Bila bi mi osobita \u010dast ugostiti ministra Lecornua u Zagrebu | Foto MORH\/ J. Kopi\" alt=\"Sastanak ministra Anu\u0161i\u0107a s veleposlanikom Francuske Republike Fabienom Fieschijem\" src=\"https:\/\/live.staticflickr.com\/65535\/54582311243_49cf956afc_h.jpg\" data-layer=\"&lt;div class=&#039;morh-gallery-image-download&#039;&gt;&lt;a href=&#039;https:\/\/live.staticflickr.com\/65535\/54582311243_5ba8660892_o.jpg&#039; target=&#039;_blank&#039;&gt;Slika za preuzimanje&lt;\/a&gt;&lt;\/div&gt;\" \/><\/a><a href=\"https:\/\/live.staticflickr.com\/65535\/54581225542_e8653a037d_h.jpg\" title=\"Sastanak ministra Anu\u0161i\u0107a s veleposlanikom Francuske Republike Fabienom Fieschijem\"><img decoding=\"async\" data-title=\"Sastanak ministra Anu\u0161i\u0107a s veleposlanikom Francuske Republike Fabienom Fieschijem\" data-description=\"Ministar je najavio obilje\u017eavanje 30. obljetnice VRO Oluja mimohodom 31. srpnja: Bila bi mi osobita \u010dast ugostiti ministra Lecornua u Zagrebu | Foto MORH\/ J. Kopi\" alt=\"Sastanak ministra Anu\u0161i\u0107a s veleposlanikom Francuske Republike Fabienom Fieschijem\" src=\"https:\/\/live.staticflickr.com\/65535\/54581225542_e8653a037d_h.jpg\" data-layer=\"&lt;div class=&#039;morh-gallery-image-download&#039;&gt;&lt;a href=&#039;https:\/\/live.staticflickr.com\/65535\/54581225542_a350f36cdc_o.jpg&#039; target=&#039;_blank&#039;&gt;Slika za preuzimanje&lt;\/a&gt;&lt;\/div&gt;\" \/><\/a><a href=\"https:\/\/live.staticflickr.com\/65535\/54582273604_643341663f_h.jpg\" title=\"Sastanak ministra Anu\u0161i\u0107a s veleposlanikom Francuske Republike Fabienom Fieschijem\"><img decoding=\"async\" data-title=\"Sastanak ministra Anu\u0161i\u0107a s veleposlanikom Francuske Republike Fabienom Fieschijem\" data-description=\"Ministar je najavio obilje\u017eavanje 30. obljetnice VRO Oluja mimohodom 31. srpnja: Bila bi mi osobita \u010dast ugostiti ministra Lecornua u Zagrebu | Foto MORH\/ J. Kopi\" alt=\"Sastanak ministra Anu\u0161i\u0107a s veleposlanikom Francuske Republike Fabienom Fieschijem\" src=\"https:\/\/live.staticflickr.com\/65535\/54582273604_643341663f_h.jpg\" data-layer=\"&lt;div class=&#039;morh-gallery-image-download&#039;&gt;&lt;a href=&#039;https:\/\/live.staticflickr.com\/65535\/54582273604_68947ea357_o.jpg&#039; target=&#039;_blank&#039;&gt;Slika za preuzimanje&lt;\/a&gt;&lt;\/div&gt;\" \/><\/a><a href=\"https:\/\/live.staticflickr.com\/65535\/54582098056_c51048624d_h.jpg\" title=\"Sastanak ministra Anu\u0161i\u0107a s veleposlanikom Francuske Republike Fabienom Fieschijem\"><img decoding=\"async\" data-title=\"Sastanak ministra Anu\u0161i\u0107a s veleposlanikom Francuske Republike Fabienom Fieschijem\" data-description=\"Ministar je najavio obilje\u017eavanje 30. obljetnice VRO Oluja mimohodom 31. srpnja: Bila bi mi osobita \u010dast ugostiti ministra Lecornua u Zagrebu | Foto MORH\/ J. Kopi\" alt=\"Sastanak ministra Anu\u0161i\u0107a s veleposlanikom Francuske Republike Fabienom Fieschijem\" src=\"https:\/\/live.staticflickr.com\/65535\/54582098056_c51048624d_h.jpg\" data-layer=\"&lt;div class=&#039;morh-gallery-image-download&#039;&gt;&lt;a href=&#039;https:\/\/live.staticflickr.com\/65535\/54582098056_a0ea32293f_o.jpg&#039; target=&#039;_blank&#039;&gt;Slika za preuzimanje&lt;\/a&gt;&lt;\/div&gt;\" \/><\/a><\/div><!--\/.morh-galleria -->\n","protected":false},"excerpt":{"rendered":"<p>The Minister stated that on 31 July there will be a parade to commemorate the 30th anniversary of the military and police operation Storm. &#8220;It would be a unique privilege for me to welcome Minister Lecornu to Zagreb&#8221;<\/p>\n","protected":false},"author":4699,"featured_media":256118,"comment_status":"closed","ping_status":"closed","sticky":false,"template":"","format":"standard","meta":{"_acf_changed":false,"_monsterinsights_skip_tracking":false,"_monsterinsights_sitenote_active":false,"_monsterinsights_sitenote_note":"","_monsterinsights_sitenote_category":0,"footnotes":""},"categories":[117],"tags":[],"class_list":["post-257939","post","type-post","status-publish","format-standard","has-post-thumbnail","hentry","category-press-releases"],"acf":[],"yoast_head":"<!-- This site is optimized with the Yoast SEO plugin v26.9 - https:\/\/yoast.com\/product\/yoast-seo-wordpress\/ -->\n<title>Meeting between H.E. Fabien Fieschi, the French Ambassador, and Minister Anu\u0161i\u0107 - MORH<\/title>\n<meta name=\"description\" content=\"The Minister stated that on 31 July there will be a parade to commemorate the 30th anniversary of the military and police operation Storm. &quot;It would be a unique privilege for me to welcome Minister Lecornu to Zagreb&quot;\" \/>\n<meta name=\"robots\" content=\"index, follow, max-snippet:-1, max-image-preview:large, max-video-preview:-1\" \/>\n<link rel=\"canonical\" href=\"https:\/\/www.morh.hr\/en\/meeting-between-h-e-fabien-fieschi-the-french-ambassador-and-minister-anusic\/\" \/>\n<meta property=\"og:locale\" content=\"en_US\" \/>\n<meta property=\"og:type\" content=\"article\" \/>\n<meta property=\"og:title\" content=\"Meeting between H.E. Fabien Fieschi, the French Ambassador, and Minister Anu\u0161i\u0107 - MORH\" \/>\n<meta property=\"og:description\" content=\"The Minister stated that on 31 July there will be a parade to commemorate the 30th anniversary of the military and police operation Storm. &quot;It would be a unique privilege for me to welcome Minister Lecornu to Zagreb&quot;\" \/>\n<meta property=\"og:url\" content=\"https:\/\/www.morh.hr\/en\/meeting-between-h-e-fabien-fieschi-the-french-ambassador-and-minister-anusic\/\" \/>\n<meta property=\"og:site_name\" content=\"MORH\" \/>\n<meta property=\"article:publisher\" content=\"https:\/\/www.facebook.com\/sportasiuhrvatskojvojsci\/\" \/>\n<meta property=\"article:published_time\" content=\"2025-06-11T10:33:19+00:00\" \/>\n<meta property=\"article:modified_time\" content=\"2025-07-29T10:45:07+00:00\" \/>\n<meta property=\"og:image\" content=\"https:\/\/www.morh.hr\/wp-content\/uploads\/2025\/06\/2025-06-11-mo-anusic-s-veleposlanikom-francuske-republike-scaled.jpg\" \/>\n\t<meta property=\"og:image:width\" content=\"2560\" \/>\n\t<meta property=\"og:image:height\" content=\"1578\" \/>\n\t<meta property=\"og:image:type\" content=\"image\/jpeg\" \/>\n<meta name=\"author\" content=\"Mladen\" \/>\n<meta name=\"twitter:card\" content=\"summary_large_image\" \/>\n<meta name=\"twitter:creator\" content=\"@morh_osrh\" \/>\n<meta name=\"twitter:site\" content=\"@morh_osrh\" \/>\n<meta name=\"twitter:label1\" content=\"Written by\" \/>\n\t<meta name=\"twitter:data1\" content=\"Mladen\" \/>\n\t<meta name=\"twitter:label2\" content=\"Est. reading time\" \/>\n\t<meta name=\"twitter:data2\" content=\"3 minutes\" \/>\n<script type=\"application\/ld+json\" class=\"yoast-schema-graph\">{\"@context\":\"https:\/\/schema.org\",\"@graph\":[{\"@type\":\"Article\",\"@id\":\"https:\/\/www.morh.hr\/en\/meeting-between-h-e-fabien-fieschi-the-french-ambassador-and-minister-anusic\/#article\",\"isPartOf\":{\"@id\":\"https:\/\/www.morh.hr\/en\/meeting-between-h-e-fabien-fieschi-the-french-ambassador-and-minister-anusic\/\"},\"author\":{\"name\":\"Mladen\",\"@id\":\"https:\/\/www.morh.hr\/en\/#\/schema\/person\/ec8e2528a579067d8bda0ae2124ac768\"},\"headline\":\"Meeting between H.E. Fabien Fieschi, the French Ambassador, and Minister Anu\u0161i\u0107\",\"datePublished\":\"2025-06-11T10:33:19+00:00\",\"dateModified\":\"2025-07-29T10:45:07+00:00\",\"mainEntityOfPage\":{\"@id\":\"https:\/\/www.morh.hr\/en\/meeting-between-h-e-fabien-fieschi-the-french-ambassador-and-minister-anusic\/\"},\"wordCount\":480,\"image\":{\"@id\":\"https:\/\/www.morh.hr\/en\/meeting-between-h-e-fabien-fieschi-the-french-ambassador-and-minister-anusic\/#primaryimage\"},\"thumbnailUrl\":\"https:\/\/www.morh.hr\/wp-content\/uploads\/2025\/06\/2025-06-11-mo-anusic-s-veleposlanikom-francuske-republike-scaled.jpg\",\"articleSection\":[\"Press releases\"],\"inLanguage\":\"en-US\"},{\"@type\":\"WebPage\",\"@id\":\"https:\/\/www.morh.hr\/en\/meeting-between-h-e-fabien-fieschi-the-french-ambassador-and-minister-anusic\/\",\"url\":\"https:\/\/www.morh.hr\/en\/meeting-between-h-e-fabien-fieschi-the-french-ambassador-and-minister-anusic\/\",\"name\":\"Meeting between H.E. Fabien Fieschi, the French Ambassador, and Minister Anu\u0161i\u0107 - MORH\",\"isPartOf\":{\"@id\":\"https:\/\/www.morh.hr\/en\/#website\"},\"primaryImageOfPage\":{\"@id\":\"https:\/\/www.morh.hr\/en\/meeting-between-h-e-fabien-fieschi-the-french-ambassador-and-minister-anusic\/#primaryimage\"},\"image\":{\"@id\":\"https:\/\/www.morh.hr\/en\/meeting-between-h-e-fabien-fieschi-the-french-ambassador-and-minister-anusic\/#primaryimage\"},\"thumbnailUrl\":\"https:\/\/www.morh.hr\/wp-content\/uploads\/2025\/06\/2025-06-11-mo-anusic-s-veleposlanikom-francuske-republike-scaled.jpg\",\"datePublished\":\"2025-06-11T10:33:19+00:00\",\"dateModified\":\"2025-07-29T10:45:07+00:00\",\"author\":{\"@id\":\"https:\/\/www.morh.hr\/en\/#\/schema\/person\/ec8e2528a579067d8bda0ae2124ac768\"},\"description\":\"The Minister stated that on 31 July there will be a parade to commemorate the 30th anniversary of the military and police operation Storm. \\\"It would be a unique privilege for me to welcome Minister Lecornu to Zagreb\\\"\",\"breadcrumb\":{\"@id\":\"https:\/\/www.morh.hr\/en\/meeting-between-h-e-fabien-fieschi-the-french-ambassador-and-minister-anusic\/#breadcrumb\"},\"inLanguage\":\"en-US\",\"potentialAction\":[{\"@type\":\"ReadAction\",\"target\":[\"https:\/\/www.morh.hr\/en\/meeting-between-h-e-fabien-fieschi-the-french-ambassador-and-minister-anusic\/\"]}]},{\"@type\":\"ImageObject\",\"inLanguage\":\"en-US\",\"@id\":\"https:\/\/www.morh.hr\/en\/meeting-between-h-e-fabien-fieschi-the-french-ambassador-and-minister-anusic\/#primaryimage\",\"url\":\"https:\/\/www.morh.hr\/wp-content\/uploads\/2025\/06\/2025-06-11-mo-anusic-s-veleposlanikom-francuske-republike-scaled.jpg\",\"contentUrl\":\"https:\/\/www.morh.hr\/wp-content\/uploads\/2025\/06\/2025-06-11-mo-anusic-s-veleposlanikom-francuske-republike-scaled.jpg\",\"width\":2560,\"height\":1578,\"caption\":\"Sastanak ministra Anu\u0161i\u0107a s veleposlanikom Francuske Republike Fabienom Fieschijem | Foto: MORH\/ J. Kopi\"},{\"@type\":\"BreadcrumbList\",\"@id\":\"https:\/\/www.morh.hr\/en\/meeting-between-h-e-fabien-fieschi-the-french-ambassador-and-minister-anusic\/#breadcrumb\",\"itemListElement\":[{\"@type\":\"ListItem\",\"position\":1,\"name\":\"Naslovnica\",\"item\":\"https:\/\/www.morh.hr\/en\/\"},{\"@type\":\"ListItem\",\"position\":2,\"name\":\"News\",\"item\":\"https:\/\/www.morh.hr\/en\/kategorija\/news\/\"},{\"@type\":\"ListItem\",\"position\":3,\"name\":\"Press releases\",\"item\":\"https:\/\/www.morh.hr\/en\/kategorija\/news\/press-releases\/\"},{\"@type\":\"ListItem\",\"position\":4,\"name\":\"Meeting between H.E. Fabien Fieschi, the French Ambassador, and Minister Anu\u0161i\u0107\"}]},{\"@type\":\"WebSite\",\"@id\":\"https:\/\/www.morh.hr\/en\/#website\",\"url\":\"https:\/\/www.morh.hr\/en\/\",\"name\":\"MORH\",\"description\":\"Ministarstvo obrane Republike Hrvatske - slu\u017ebene stranice\",\"potentialAction\":[{\"@type\":\"SearchAction\",\"target\":{\"@type\":\"EntryPoint\",\"urlTemplate\":\"https:\/\/www.morh.hr\/en\/?s={search_term_string}\"},\"query-input\":{\"@type\":\"PropertyValueSpecification\",\"valueRequired\":true,\"valueName\":\"search_term_string\"}}],\"inLanguage\":\"en-US\"},{\"@type\":\"Person\",\"@id\":\"https:\/\/www.morh.hr\/en\/#\/schema\/person\/ec8e2528a579067d8bda0ae2124ac768\",\"name\":\"Mladen\",\"image\":{\"@type\":\"ImageObject\",\"inLanguage\":\"en-US\",\"@id\":\"https:\/\/www.morh.hr\/en\/#\/schema\/person\/image\/\",\"url\":\"https:\/\/secure.gravatar.com\/avatar\/3d5ea7ca0d0a523cf2ec98548db52f920a5f6bbfd2c1aa63d237c2f445528cf7?s=96&d=mm&r=g\",\"contentUrl\":\"https:\/\/secure.gravatar.com\/avatar\/3d5ea7ca0d0a523cf2ec98548db52f920a5f6bbfd2c1aa63d237c2f445528cf7?s=96&d=mm&r=g\",\"caption\":\"Mladen\"}}]}<\/script>\n<!-- \/ Yoast SEO plugin. -->","yoast_head_json":{"title":"Meeting between H.E. Fabien Fieschi, the French Ambassador, and Minister Anu\u0161i\u0107 - MORH","description":"The Minister stated that on 31 July there will be a parade to commemorate the 30th anniversary of the military and police operation Storm. \"It would be a unique privilege for me to welcome Minister Lecornu to Zagreb\"","robots":{"index":"index","follow":"follow","max-snippet":"max-snippet:-1","max-image-preview":"max-image-preview:large","max-video-preview":"max-video-preview:-1"},"canonical":"https:\/\/www.morh.hr\/en\/meeting-between-h-e-fabien-fieschi-the-french-ambassador-and-minister-anusic\/","og_locale":"en_US","og_type":"article","og_title":"Meeting between H.E. Fabien Fieschi, the French Ambassador, and Minister Anu\u0161i\u0107 - MORH","og_description":"The Minister stated that on 31 July there will be a parade to commemorate the 30th anniversary of the military and police operation Storm. \"It would be a unique privilege for me to welcome Minister Lecornu to Zagreb\"","og_url":"https:\/\/www.morh.hr\/en\/meeting-between-h-e-fabien-fieschi-the-french-ambassador-and-minister-anusic\/","og_site_name":"MORH","article_publisher":"https:\/\/www.facebook.com\/sportasiuhrvatskojvojsci\/","article_published_time":"2025-06-11T10:33:19+00:00","article_modified_time":"2025-07-29T10:45:07+00:00","og_image":[{"width":2560,"height":1578,"url":"https:\/\/www.morh.hr\/wp-content\/uploads\/2025\/06\/2025-06-11-mo-anusic-s-veleposlanikom-francuske-republike-scaled.jpg","type":"image\/jpeg"}],"author":"Mladen","twitter_card":"summary_large_image","twitter_creator":"@morh_osrh","twitter_site":"@morh_osrh","twitter_misc":{"Written by":"Mladen","Est. reading time":"3 minutes"},"schema":{"@context":"https:\/\/schema.org","@graph":[{"@type":"Article","@id":"https:\/\/www.morh.hr\/en\/meeting-between-h-e-fabien-fieschi-the-french-ambassador-and-minister-anusic\/#article","isPartOf":{"@id":"https:\/\/www.morh.hr\/en\/meeting-between-h-e-fabien-fieschi-the-french-ambassador-and-minister-anusic\/"},"author":{"name":"Mladen","@id":"https:\/\/www.morh.hr\/en\/#\/schema\/person\/ec8e2528a579067d8bda0ae2124ac768"},"headline":"Meeting between H.E. Fabien Fieschi, the French Ambassador, and Minister Anu\u0161i\u0107","datePublished":"2025-06-11T10:33:19+00:00","dateModified":"2025-07-29T10:45:07+00:00","mainEntityOfPage":{"@id":"https:\/\/www.morh.hr\/en\/meeting-between-h-e-fabien-fieschi-the-french-ambassador-and-minister-anusic\/"},"wordCount":480,"image":{"@id":"https:\/\/www.morh.hr\/en\/meeting-between-h-e-fabien-fieschi-the-french-ambassador-and-minister-anusic\/#primaryimage"},"thumbnailUrl":"https:\/\/www.morh.hr\/wp-content\/uploads\/2025\/06\/2025-06-11-mo-anusic-s-veleposlanikom-francuske-republike-scaled.jpg","articleSection":["Press releases"],"inLanguage":"en-US"},{"@type":"WebPage","@id":"https:\/\/www.morh.hr\/en\/meeting-between-h-e-fabien-fieschi-the-french-ambassador-and-minister-anusic\/","url":"https:\/\/www.morh.hr\/en\/meeting-between-h-e-fabien-fieschi-the-french-ambassador-and-minister-anusic\/","name":"Meeting between H.E. Fabien Fieschi, the French Ambassador, and Minister Anu\u0161i\u0107 - MORH","isPartOf":{"@id":"https:\/\/www.morh.hr\/en\/#website"},"primaryImageOfPage":{"@id":"https:\/\/www.morh.hr\/en\/meeting-between-h-e-fabien-fieschi-the-french-ambassador-and-minister-anusic\/#primaryimage"},"image":{"@id":"https:\/\/www.morh.hr\/en\/meeting-between-h-e-fabien-fieschi-the-french-ambassador-and-minister-anusic\/#primaryimage"},"thumbnailUrl":"https:\/\/www.morh.hr\/wp-content\/uploads\/2025\/06\/2025-06-11-mo-anusic-s-veleposlanikom-francuske-republike-scaled.jpg","datePublished":"2025-06-11T10:33:19+00:00","dateModified":"2025-07-29T10:45:07+00:00","author":{"@id":"https:\/\/www.morh.hr\/en\/#\/schema\/person\/ec8e2528a579067d8bda0ae2124ac768"},"description":"The Minister stated that on 31 July there will be a parade to commemorate the 30th anniversary of the military and police operation Storm. \"It would be a unique privilege for me to welcome Minister Lecornu to Zagreb\"","breadcrumb":{"@id":"https:\/\/www.morh.hr\/en\/meeting-between-h-e-fabien-fieschi-the-french-ambassador-and-minister-anusic\/#breadcrumb"},"inLanguage":"en-US","potentialAction":[{"@type":"ReadAction","target":["https:\/\/www.morh.hr\/en\/meeting-between-h-e-fabien-fieschi-the-french-ambassador-and-minister-anusic\/"]}]},{"@type":"ImageObject","inLanguage":"en-US","@id":"https:\/\/www.morh.hr\/en\/meeting-between-h-e-fabien-fieschi-the-french-ambassador-and-minister-anusic\/#primaryimage","url":"https:\/\/www.morh.hr\/wp-content\/uploads\/2025\/06\/2025-06-11-mo-anusic-s-veleposlanikom-francuske-republike-scaled.jpg","contentUrl":"https:\/\/www.morh.hr\/wp-content\/uploads\/2025\/06\/2025-06-11-mo-anusic-s-veleposlanikom-francuske-republike-scaled.jpg","width":2560,"height":1578,"caption":"Sastanak ministra Anu\u0161i\u0107a s veleposlanikom Francuske Republike Fabienom Fieschijem | Foto: MORH\/ J. Kopi"},{"@type":"BreadcrumbList","@id":"https:\/\/www.morh.hr\/en\/meeting-between-h-e-fabien-fieschi-the-french-ambassador-and-minister-anusic\/#breadcrumb","itemListElement":[{"@type":"ListItem","position":1,"name":"Naslovnica","item":"https:\/\/www.morh.hr\/en\/"},{"@type":"ListItem","position":2,"name":"News","item":"https:\/\/www.morh.hr\/en\/kategorija\/news\/"},{"@type":"ListItem","position":3,"name":"Press releases","item":"https:\/\/www.morh.hr\/en\/kategorija\/news\/press-releases\/"},{"@type":"ListItem","position":4,"name":"Meeting between H.E. Fabien Fieschi, the French Ambassador, and Minister Anu\u0161i\u0107"}]},{"@type":"WebSite","@id":"https:\/\/www.morh.hr\/en\/#website","url":"https:\/\/www.morh.hr\/en\/","name":"MORH","description":"Ministarstvo obrane Republike Hrvatske - slu\u017ebene stranice","potentialAction":[{"@type":"SearchAction","target":{"@type":"EntryPoint","urlTemplate":"https:\/\/www.morh.hr\/en\/?s={search_term_string}"},"query-input":{"@type":"PropertyValueSpecification","valueRequired":true,"valueName":"search_term_string"}}],"inLanguage":"en-US"},{"@type":"Person","@id":"https:\/\/www.morh.hr\/en\/#\/schema\/person\/ec8e2528a579067d8bda0ae2124ac768","name":"Mladen","image":{"@type":"ImageObject","inLanguage":"en-US","@id":"https:\/\/www.morh.hr\/en\/#\/schema\/person\/image\/","url":"https:\/\/secure.gravatar.com\/avatar\/3d5ea7ca0d0a523cf2ec98548db52f920a5f6bbfd2c1aa63d237c2f445528cf7?s=96&d=mm&r=g","contentUrl":"https:\/\/secure.gravatar.com\/avatar\/3d5ea7ca0d0a523cf2ec98548db52f920a5f6bbfd2c1aa63d237c2f445528cf7?s=96&d=mm&r=g","caption":"Mladen"}}]}},"_links":{"self":[{"href":"https:\/\/www.morh.hr\/en\/wp-json\/wp\/v2\/posts\/257939","targetHints":{"allow":["GET"]}}],"collection":[{"href":"https:\/\/www.morh.hr\/en\/wp-json\/wp\/v2\/posts"}],"about":[{"href":"https:\/\/www.morh.hr\/en\/wp-json\/wp\/v2\/types\/post"}],"author":[{"embeddable":true,"href":"https:\/\/www.morh.hr\/en\/wp-json\/wp\/v2\/users\/4699"}],"replies":[{"embeddable":true,"href":"https:\/\/www.morh.hr\/en\/wp-json\/wp\/v2\/comments?post=257939"}],"version-history":[{"count":1,"href":"https:\/\/www.morh.hr\/en\/wp-json\/wp\/v2\/posts\/257939\/revisions"}],"predecessor-version":[{"id":257940,"href":"https:\/\/www.morh.hr\/en\/wp-json\/wp\/v2\/posts\/257939\/revisions\/257940"}],"wp:featuredmedia":[{"embeddable":true,"href":"https:\/\/www.morh.hr\/en\/wp-json\/wp\/v2\/media\/256118"}],"wp:attachment":[{"href":"https:\/\/www.morh.hr\/en\/wp-json\/wp\/v2\/media?parent=257939"}],"wp:term":[{"taxonomy":"category","embeddable":true,"href":"https:\/\/www.morh.hr\/en\/wp-json\/wp\/v2\/categories?post=257939"},{"taxonomy":"post_tag","embeddable":true,"href":"https:\/\/www.morh.hr\/en\/wp-json\/wp\/v2\/tags?post=257939"}],"curies":[{"name":"wp","href":"https:\/\/api.w.org\/{rel}","templated":true}]}}