{"id":257941,"date":"2025-06-16T12:46:39","date_gmt":"2025-06-16T10:46:39","guid":{"rendered":"https:\/\/www.morh.hr\/?p=257941"},"modified":"2025-07-29T12:50:01","modified_gmt":"2025-07-29T10:50:01","slug":"french-defence-minister-lecornu-and-minister-anusic-at-the-2025-paris-air-show","status":"publish","type":"post","link":"https:\/\/www.morh.hr\/en\/french-defence-minister-lecornu-and-minister-anusic-at-the-2025-paris-air-show\/","title":{"rendered":"French Defence Minister Lecornu and Minister Anu\u0161i\u0107 at the 2025 Paris Air Show"},"content":{"rendered":"<p>Ivan Anu\u0161i\u0107, the Deputy Prime Minister of the Republic of Croatia and Minister of Defence, met with S\u00e9bastien Lecornu, the Minister of the Armed Forces of the French Republic, today in Paris as part of his visit to the Paris Air Show 2025, an international event that showcases aerospace, defence, and space technologies.<\/p>\n<p>In a highly productive meeting, Ministers Anu\u0161i\u0107 and Lecornu reaffirmed Croatia\u2019s excellent defence cooperation with France, which has been intensified since the acquisition of Rafale multirole combat aircraft.<\/p>\n<p>A repeat visit by French Minister Lecornu to Croatia is scheduled for the autumn, and Minister Anu\u0161i\u0107 will present him to Croatian defence businesses during his stay. According to the comprehensive approach principle (a complete package of logistical support and training), the contract for the purchase of 18 Caesar howitzers for the Croatian Armed Forces is also anticipated to be finalised in the autumn. The French Republic is the procurement leader for these weapons.<\/p>\n<p>Minister Anu\u0161i\u0107 explained to his French counterpart Croatia\u2019s goal of becoming a leader in the manufacture and acquisition of small drones as part of the ReArm Europe Plan and bolstering its own defence industries.<\/p>\n<p>As part of the Rafale multirole combat aircraft acquisition project, he thanked Minister Lecornu for France\u2019s assistance in modernising the Croatian Armed Forces, particularly the transfer of invaluable experience and knowledge.<\/p>\n<p>&#8220;We should have a clear contract for the purchase of Caesar howitzers for the Croatian Armed Forces by the time French Minister Lecornu visits Croatia in September. This will allow us to continue the intensive modernisation and equipping of our military. We also discussed small combat drones, for which Croatia would be the leading nation in manufacture and joint procurement. I gave a presentation on the capabilities and prospects of Croatian companies in this field. Additionally, Minister Lecornu will inspect the drones\u2019 manufacturing facilities when he visits Croatia.&#8221;<\/p>\n<p>The ministers also discussed the further modernization of the Rafale multirole combat aircraft.<\/p>\n<p><strong>Minister Anu\u0161i\u0107: &#8220;The process of strengthening the armed forces on European soil&#8221;<\/strong><\/p>\n<p>Additionally, the ministers talked on the necessity of increasing defence expenditure, which will be resolved at next week\u2019s NATO summit in The Hague. Minister Anu\u0161i\u0107 underlined in this regard: &#8220;Now is a good time for Europe since the process of strengthening the military forces and weaponry on European territory is starting. However, our priorities need to alter. Croatia understands the importance of higher defence spending, and this year we are spending 2% of GDP on defence. By 2027, we want to raise that to 2.5% of GDP, or 3% by 2030,&#8221; Minister Anu\u0161i\u0107 said.<\/p>\n<div class=\"morh-galleria\"><a href=\"https:\/\/live.staticflickr.com\/65535\/54593533838_2e81117a14_h.jpg\" title=\"Ministar Anu\u0161i\u0107 s francuskim ministrom obrane Lecornuom na Paris Air Show 2025.\"><img decoding=\"async\" data-title=\"Ministar Anu\u0161i\u0107 s francuskim ministrom obrane Lecornuom na Paris Air Show 2025.\" data-description=\"U sklopu posjeta me\u0111unarodnoj izlo\u017ebi vojne opreme i naoru\u017eanja Paris Air Show 2025., potpredsjednik Vlade Republike Hrvatske i ministar obrane Ivan Anu\u0161i\u0107 sastao se danas u Parizu s ministrom oru\u017eanih snaga Francuske Republike S\u00e9bastienom Lecornuom | Foto: MORH\/ F. Klen\" alt=\"Ministar Anu\u0161i\u0107 s francuskim ministrom obrane Lecornuom na Paris Air Show 2025.\" src=\"https:\/\/live.staticflickr.com\/65535\/54593533838_2e81117a14_h.jpg\" data-layer=\"&lt;div class=&#039;morh-gallery-image-download&#039;&gt;&lt;a href=&#039;https:\/\/live.staticflickr.com\/65535\/54593533838_4f4a2a5627_o.jpg&#039; target=&#039;_blank&#039;&gt;Slika za preuzimanje&lt;\/a&gt;&lt;\/div&gt;\" \/><\/a><a href=\"https:\/\/live.staticflickr.com\/65535\/54593323561_caad4bb02f_h.jpg\" title=\"Ministar Anu\u0161i\u0107 s francuskim ministrom obrane Lecornuom na Paris Air Show 2025.\"><img decoding=\"async\" data-title=\"Ministar Anu\u0161i\u0107 s francuskim ministrom obrane Lecornuom na Paris Air Show 2025.\" data-description=\"U sklopu posjeta me\u0111unarodnoj izlo\u017ebi vojne opreme i naoru\u017eanja Paris Air Show 2025., potpredsjednik Vlade Republike Hrvatske i ministar obrane Ivan Anu\u0161i\u0107 sastao se danas u Parizu s ministrom oru\u017eanih snaga Francuske Republike S\u00e9bastienom Lecornuom | Foto: MORH\/ F. Klen\" alt=\"Ministar Anu\u0161i\u0107 s francuskim ministrom obrane Lecornuom na Paris Air Show 2025.\" src=\"https:\/\/live.staticflickr.com\/65535\/54593323561_caad4bb02f_h.jpg\" data-layer=\"&lt;div class=&#039;morh-gallery-image-download&#039;&gt;&lt;a href=&#039;https:\/\/live.staticflickr.com\/65535\/54593323561_7ce6f40df3_o.jpg&#039; target=&#039;_blank&#039;&gt;Slika za preuzimanje&lt;\/a&gt;&lt;\/div&gt;\" \/><\/a><a href=\"https:\/\/live.staticflickr.com\/65535\/54593630190_6fc6a552e7_h.jpg\" title=\"Ministar Anu\u0161i\u0107 s francuskim ministrom obrane Lecornuom na Paris Air Show 2025.\"><img decoding=\"async\" data-title=\"Ministar Anu\u0161i\u0107 s francuskim ministrom obrane Lecornuom na Paris Air Show 2025.\" data-description=\"U sklopu posjeta me\u0111unarodnoj izlo\u017ebi vojne opreme i naoru\u017eanja Paris Air Show 2025., potpredsjednik Vlade Republike Hrvatske i ministar obrane Ivan Anu\u0161i\u0107 sastao se danas u Parizu s ministrom oru\u017eanih snaga Francuske Republike S\u00e9bastienom Lecornuom | Foto: MORH\/ F. Klen\" alt=\"Ministar Anu\u0161i\u0107 s francuskim ministrom obrane Lecornuom na Paris Air Show 2025.\" src=\"https:\/\/live.staticflickr.com\/65535\/54593630190_6fc6a552e7_h.jpg\" data-layer=\"&lt;div class=&#039;morh-gallery-image-download&#039;&gt;&lt;a href=&#039;https:\/\/live.staticflickr.com\/65535\/54593630190_30e7358bdc_o.jpg&#039; target=&#039;_blank&#039;&gt;Slika za preuzimanje&lt;\/a&gt;&lt;\/div&gt;\" \/><\/a><a href=\"https:\/\/live.staticflickr.com\/65535\/54592443667_c44f41ad38_h.jpg\" title=\"Ministar Anu\u0161i\u0107 s francuskim ministrom obrane Lecornuom na Paris Air Show 2025.\"><img decoding=\"async\" data-title=\"Ministar Anu\u0161i\u0107 s francuskim ministrom obrane Lecornuom na Paris Air Show 2025.\" data-description=\"U sklopu posjeta me\u0111unarodnoj izlo\u017ebi vojne opreme i naoru\u017eanja Paris Air Show 2025., potpredsjednik Vlade Republike Hrvatske i ministar obrane Ivan Anu\u0161i\u0107 sastao se danas u Parizu s ministrom oru\u017eanih snaga Francuske Republike S\u00e9bastienom Lecornuom | Foto: MORH\/ F. Klen\" alt=\"Ministar Anu\u0161i\u0107 s francuskim ministrom obrane Lecornuom na Paris Air Show 2025.\" src=\"https:\/\/live.staticflickr.com\/65535\/54592443667_c44f41ad38_h.jpg\" data-layer=\"&lt;div class=&#039;morh-gallery-image-download&#039;&gt;&lt;a href=&#039;https:\/\/live.staticflickr.com\/65535\/54592443667_c4b431e21d_o.jpg&#039; target=&#039;_blank&#039;&gt;Slika za preuzimanje&lt;\/a&gt;&lt;\/div&gt;\" \/><\/a><a href=\"https:\/\/live.staticflickr.com\/65535\/54593515254_7cd43b1af3_h.jpg\" title=\"Ministar Anu\u0161i\u0107 s francuskim ministrom obrane Lecornuom na Paris Air Show 2025.\"><img decoding=\"async\" data-title=\"Ministar Anu\u0161i\u0107 s francuskim ministrom obrane Lecornuom na Paris Air Show 2025.\" data-description=\"U sklopu posjeta me\u0111unarodnoj izlo\u017ebi vojne opreme i naoru\u017eanja Paris Air Show 2025., potpredsjednik Vlade Republike Hrvatske i ministar obrane Ivan Anu\u0161i\u0107 sastao se danas u Parizu s ministrom oru\u017eanih snaga Francuske Republike S\u00e9bastienom Lecornuom | Foto: MORH\/ F. Klen\" alt=\"Ministar Anu\u0161i\u0107 s francuskim ministrom obrane Lecornuom na Paris Air Show 2025.\" src=\"https:\/\/live.staticflickr.com\/65535\/54593515254_7cd43b1af3_h.jpg\" data-layer=\"&lt;div class=&#039;morh-gallery-image-download&#039;&gt;&lt;a href=&#039;https:\/\/live.staticflickr.com\/65535\/54593515254_a0fbdf7b23_o.jpg&#039; target=&#039;_blank&#039;&gt;Slika za preuzimanje&lt;\/a&gt;&lt;\/div&gt;\" \/><\/a><a href=\"https:\/\/live.staticflickr.com\/65535\/54593515234_a5ed4601f7_h.jpg\" title=\"Ministar Anu\u0161i\u0107 s francuskim ministrom obrane Lecornuom na Paris Air Show 2025.\"><img decoding=\"async\" data-title=\"Ministar Anu\u0161i\u0107 s francuskim ministrom obrane Lecornuom na Paris Air Show 2025.\" data-description=\"U sklopu posjeta me\u0111unarodnoj izlo\u017ebi vojne opreme i naoru\u017eanja Paris Air Show 2025., potpredsjednik Vlade Republike Hrvatske i ministar obrane Ivan Anu\u0161i\u0107 sastao se danas u Parizu s ministrom oru\u017eanih snaga Francuske Republike S\u00e9bastienom Lecornuom | Foto: MORH\/ F. Klen\" alt=\"Ministar Anu\u0161i\u0107 s francuskim ministrom obrane Lecornuom na Paris Air Show 2025.\" src=\"https:\/\/live.staticflickr.com\/65535\/54593515234_a5ed4601f7_h.jpg\" data-layer=\"&lt;div class=&#039;morh-gallery-image-download&#039;&gt;&lt;a href=&#039;https:\/\/live.staticflickr.com\/65535\/54593515234_2114e1972d_o.jpg&#039; target=&#039;_blank&#039;&gt;Slika za preuzimanje&lt;\/a&gt;&lt;\/div&gt;\" \/><\/a><a href=\"https:\/\/live.staticflickr.com\/65535\/54593323281_fc324a8243_h.jpg\" title=\"Ministar Anu\u0161i\u0107 s francuskim ministrom obrane Lecornuom na Paris Air Show 2025.\"><img decoding=\"async\" data-title=\"Ministar Anu\u0161i\u0107 s francuskim ministrom obrane Lecornuom na Paris Air Show 2025.\" data-description=\"U sklopu posjeta me\u0111unarodnoj izlo\u017ebi vojne opreme i naoru\u017eanja Paris Air Show 2025., potpredsjednik Vlade Republike Hrvatske i ministar obrane Ivan Anu\u0161i\u0107 sastao se danas u Parizu s ministrom oru\u017eanih snaga Francuske Republike S\u00e9bastienom Lecornuom | Foto: MORH\/ F. Klen\" alt=\"Ministar Anu\u0161i\u0107 s francuskim ministrom obrane Lecornuom na Paris Air Show 2025.\" src=\"https:\/\/live.staticflickr.com\/65535\/54593323281_fc324a8243_h.jpg\" data-layer=\"&lt;div class=&#039;morh-gallery-image-download&#039;&gt;&lt;a href=&#039;https:\/\/live.staticflickr.com\/65535\/54593323281_fffeeb59e6_o.jpg&#039; target=&#039;_blank&#039;&gt;Slika za preuzimanje&lt;\/a&gt;&lt;\/div&gt;\" \/><\/a><a href=\"https:\/\/live.staticflickr.com\/65535\/54592443112_d1dc5d6985_h.jpg\" title=\"Ministar Anu\u0161i\u0107 s francuskim ministrom obrane Lecornuom na Paris Air Show 2025.\"><img decoding=\"async\" data-title=\"Ministar Anu\u0161i\u0107 s francuskim ministrom obrane Lecornuom na Paris Air Show 2025.\" data-description=\"U sklopu posjeta me\u0111unarodnoj izlo\u017ebi vojne opreme i naoru\u017eanja Paris Air Show 2025., potpredsjednik Vlade Republike Hrvatske i ministar obrane Ivan Anu\u0161i\u0107 sastao se danas u Parizu s ministrom oru\u017eanih snaga Francuske Republike S\u00e9bastienom Lecornuom | Foto: MORH\/ F. Klen\" alt=\"Ministar Anu\u0161i\u0107 s francuskim ministrom obrane Lecornuom na Paris Air Show 2025.\" src=\"https:\/\/live.staticflickr.com\/65535\/54592443112_d1dc5d6985_h.jpg\" data-layer=\"&lt;div class=&#039;morh-gallery-image-download&#039;&gt;&lt;a href=&#039;https:\/\/live.staticflickr.com\/65535\/54592443112_33462d805f_o.jpg&#039; target=&#039;_blank&#039;&gt;Slika za preuzimanje&lt;\/a&gt;&lt;\/div&gt;\" \/><\/a><a href=\"https:\/\/live.staticflickr.com\/65535\/54593533663_3c6590cf7c_h.jpg\" title=\"Ministar Anu\u0161i\u0107 s francuskim ministrom obrane Lecornuom na Paris Air Show 2025.\"><img decoding=\"async\" data-title=\"Ministar Anu\u0161i\u0107 s francuskim ministrom obrane Lecornuom na Paris Air Show 2025.\" data-description=\"U sklopu posjeta me\u0111unarodnoj izlo\u017ebi vojne opreme i naoru\u017eanja Paris Air Show 2025., potpredsjednik Vlade Republike Hrvatske i ministar obrane Ivan Anu\u0161i\u0107 sastao se danas u Parizu s ministrom oru\u017eanih snaga Francuske Republike S\u00e9bastienom Lecornuom | Foto: MORH\/ F. Klen\" alt=\"Ministar Anu\u0161i\u0107 s francuskim ministrom obrane Lecornuom na Paris Air Show 2025.\" src=\"https:\/\/live.staticflickr.com\/65535\/54593533663_3c6590cf7c_h.jpg\" data-layer=\"&lt;div class=&#039;morh-gallery-image-download&#039;&gt;&lt;a href=&#039;https:\/\/live.staticflickr.com\/65535\/54593533663_810389f915_o.jpg&#039; target=&#039;_blank&#039;&gt;Slika za preuzimanje&lt;\/a&gt;&lt;\/div&gt;\" \/><\/a><a href=\"https:\/\/live.staticflickr.com\/65535\/54593629570_28da132586_h.jpg\" title=\"Ministar Anu\u0161i\u0107 s francuskim ministrom obrane Lecornuom na Paris Air Show 2025.\"><img decoding=\"async\" data-title=\"Ministar Anu\u0161i\u0107 s francuskim ministrom obrane Lecornuom na Paris Air Show 2025.\" data-description=\"U sklopu posjeta me\u0111unarodnoj izlo\u017ebi vojne opreme i naoru\u017eanja Paris Air Show 2025., potpredsjednik Vlade Republike Hrvatske i ministar obrane Ivan Anu\u0161i\u0107 sastao se danas u Parizu s ministrom oru\u017eanih snaga Francuske Republike S\u00e9bastienom Lecornuom | Foto: MORH\/ F. Klen\" alt=\"Ministar Anu\u0161i\u0107 s francuskim ministrom obrane Lecornuom na Paris Air Show 2025.\" src=\"https:\/\/live.staticflickr.com\/65535\/54593629570_28da132586_h.jpg\" data-layer=\"&lt;div class=&#039;morh-gallery-image-download&#039;&gt;&lt;a href=&#039;https:\/\/live.staticflickr.com\/65535\/54593629570_2d39139589_o.jpg&#039; target=&#039;_blank&#039;&gt;Slika za preuzimanje&lt;\/a&gt;&lt;\/div&gt;\" \/><\/a><a href=\"https:\/\/live.staticflickr.com\/65535\/54593533253_aa44ea6bdb_h.jpg\" title=\"Ministar Anu\u0161i\u0107 s francuskim ministrom obrane Lecornuom na Paris Air Show 2025.\"><img decoding=\"async\" data-title=\"Ministar Anu\u0161i\u0107 s francuskim ministrom obrane Lecornuom na Paris Air Show 2025.\" data-description=\"U sklopu posjeta me\u0111unarodnoj izlo\u017ebi vojne opreme i naoru\u017eanja Paris Air Show 2025., potpredsjednik Vlade Republike Hrvatske i ministar obrane Ivan Anu\u0161i\u0107 sastao se danas u Parizu s ministrom oru\u017eanih snaga Francuske Republike S\u00e9bastienom Lecornuom | Foto: MORH\/ F. Klen\" alt=\"Ministar Anu\u0161i\u0107 s francuskim ministrom obrane Lecornuom na Paris Air Show 2025.\" src=\"https:\/\/live.staticflickr.com\/65535\/54593533253_aa44ea6bdb_h.jpg\" data-layer=\"&lt;div class=&#039;morh-gallery-image-download&#039;&gt;&lt;a href=&#039;https:\/\/live.staticflickr.com\/65535\/54593533253_09bdd16a51_o.jpg&#039; target=&#039;_blank&#039;&gt;Slika za preuzimanje&lt;\/a&gt;&lt;\/div&gt;\" \/><\/a><a href=\"https:\/\/live.staticflickr.com\/65535\/54592442822_6874d2bc6c_h.jpg\" title=\"Ministar Anu\u0161i\u0107 s francuskim ministrom obrane Lecornuom na Paris Air Show 2025.\"><img decoding=\"async\" data-title=\"Ministar Anu\u0161i\u0107 s francuskim ministrom obrane Lecornuom na Paris Air Show 2025.\" data-description=\"U sklopu posjeta me\u0111unarodnoj izlo\u017ebi vojne opreme i naoru\u017eanja Paris Air Show 2025., potpredsjednik Vlade Republike Hrvatske i ministar obrane Ivan Anu\u0161i\u0107 sastao se danas u Parizu s ministrom oru\u017eanih snaga Francuske Republike S\u00e9bastienom Lecornuom | Foto: MORH\/ F. Klen\" alt=\"Ministar Anu\u0161i\u0107 s francuskim ministrom obrane Lecornuom na Paris Air Show 2025.\" src=\"https:\/\/live.staticflickr.com\/65535\/54592442822_6874d2bc6c_h.jpg\" data-layer=\"&lt;div class=&#039;morh-gallery-image-download&#039;&gt;&lt;a href=&#039;https:\/\/live.staticflickr.com\/65535\/54592442822_bc61d29cc6_o.jpg&#039; target=&#039;_blank&#039;&gt;Slika za preuzimanje&lt;\/a&gt;&lt;\/div&gt;\" \/><\/a><a href=\"https:\/\/live.staticflickr.com\/65535\/54593322066_06b46e942b_b.jpg\" title=\"Ministar Anu\u0161i\u0107 s francuskim ministrom obrane Lecornuom na Paris Air Show 2025.\"><img decoding=\"async\" data-title=\"Ministar Anu\u0161i\u0107 s francuskim ministrom obrane Lecornuom na Paris Air Show 2025.\" data-description=\"U sklopu posjeta me\u0111unarodnoj izlo\u017ebi vojne opreme i naoru\u017eanja Paris Air Show 2025., potpredsjednik Vlade Republike Hrvatske i ministar obrane Ivan Anu\u0161i\u0107 sastao se danas u Parizu s ministrom oru\u017eanih snaga Francuske Republike S\u00e9bastienom Lecornuom | Foto: MORH\/ F. Klen\" alt=\"Ministar Anu\u0161i\u0107 s francuskim ministrom obrane Lecornuom na Paris Air Show 2025.\" src=\"https:\/\/live.staticflickr.com\/65535\/54593322066_06b46e942b_b.jpg\" data-layer=\"&lt;div class=&#039;morh-gallery-image-download&#039;&gt;&lt;a href=&#039;https:\/\/live.staticflickr.com\/65535\/54593322066_55ff68f596_o.jpg&#039; target=&#039;_blank&#039;&gt;Slika za preuzimanje&lt;\/a&gt;&lt;\/div&gt;\" \/><\/a><a href=\"https:\/\/live.staticflickr.com\/65535\/54592442762_cc520a7858_h.jpg\" title=\"Ministar Anu\u0161i\u0107 s francuskim ministrom obrane Lecornuom na Paris Air Show 2025.\"><img decoding=\"async\" data-title=\"Ministar Anu\u0161i\u0107 s francuskim ministrom obrane Lecornuom na Paris Air Show 2025.\" data-description=\"U sklopu posjeta me\u0111unarodnoj izlo\u017ebi vojne opreme i naoru\u017eanja Paris Air Show 2025., potpredsjednik Vlade Republike Hrvatske i ministar obrane Ivan Anu\u0161i\u0107 sastao se danas u Parizu s ministrom oru\u017eanih snaga Francuske Republike S\u00e9bastienom Lecornuom | Foto: MORH\/ F. Klen\" alt=\"Ministar Anu\u0161i\u0107 s francuskim ministrom obrane Lecornuom na Paris Air Show 2025.\" src=\"https:\/\/live.staticflickr.com\/65535\/54592442762_cc520a7858_h.jpg\" data-layer=\"&lt;div class=&#039;morh-gallery-image-download&#039;&gt;&lt;a href=&#039;https:\/\/live.staticflickr.com\/65535\/54592442762_953e9da23b_o.jpg&#039; target=&#039;_blank&#039;&gt;Slika za preuzimanje&lt;\/a&gt;&lt;\/div&gt;\" \/><\/a><a href=\"https:\/\/live.staticflickr.com\/65535\/54593628950_7cd0d20a8e_h.jpg\" title=\"Ministar Anu\u0161i\u0107 s francuskim ministrom obrane Lecornuom na Paris Air Show 2025.\"><img decoding=\"async\" data-title=\"Ministar Anu\u0161i\u0107 s francuskim ministrom obrane Lecornuom na Paris Air Show 2025.\" data-description=\"U sklopu posjeta me\u0111unarodnoj izlo\u017ebi vojne opreme i naoru\u017eanja Paris Air Show 2025., potpredsjednik Vlade Republike Hrvatske i ministar obrane Ivan Anu\u0161i\u0107 sastao se danas u Parizu s ministrom oru\u017eanih snaga Francuske Republike S\u00e9bastienom Lecornuom | Foto: MORH\/ F. Klen\" alt=\"Ministar Anu\u0161i\u0107 s francuskim ministrom obrane Lecornuom na Paris Air Show 2025.\" src=\"https:\/\/live.staticflickr.com\/65535\/54593628950_7cd0d20a8e_h.jpg\" data-layer=\"&lt;div class=&#039;morh-gallery-image-download&#039;&gt;&lt;a href=&#039;https:\/\/live.staticflickr.com\/65535\/54593628950_242c87f931_o.jpg&#039; target=&#039;_blank&#039;&gt;Slika za preuzimanje&lt;\/a&gt;&lt;\/div&gt;\" \/><\/a><a href=\"https:\/\/live.staticflickr.com\/65535\/54592442067_6d111db4f3_h.jpg\" title=\"Ministar Anu\u0161i\u0107 s francuskim ministrom obrane Lecornuom na Paris Air Show 2025.\"><img decoding=\"async\" data-title=\"Ministar Anu\u0161i\u0107 s francuskim ministrom obrane Lecornuom na Paris Air Show 2025.\" data-description=\"U sklopu posjeta me\u0111unarodnoj izlo\u017ebi vojne opreme i naoru\u017eanja Paris Air Show 2025., potpredsjednik Vlade Republike Hrvatske i ministar obrane Ivan Anu\u0161i\u0107 sastao se danas u Parizu s ministrom oru\u017eanih snaga Francuske Republike S\u00e9bastienom Lecornuom | Foto: MORH\/ F. Klen\" alt=\"Ministar Anu\u0161i\u0107 s francuskim ministrom obrane Lecornuom na Paris Air Show 2025.\" src=\"https:\/\/live.staticflickr.com\/65535\/54592442067_6d111db4f3_h.jpg\" data-layer=\"&lt;div class=&#039;morh-gallery-image-download&#039;&gt;&lt;a href=&#039;https:\/\/live.staticflickr.com\/65535\/54592442067_41da0524ee_o.jpg&#039; target=&#039;_blank&#039;&gt;Slika za preuzimanje&lt;\/a&gt;&lt;\/div&gt;\" \/><\/a><a href=\"https:\/\/live.staticflickr.com\/65535\/54593513894_fc8ff149ef_h.jpg\" title=\"Ministar Anu\u0161i\u0107 s francuskim ministrom obrane Lecornuom na Paris Air Show 2025.\"><img decoding=\"async\" data-title=\"Ministar Anu\u0161i\u0107 s francuskim ministrom obrane Lecornuom na Paris Air Show 2025.\" data-description=\"U sklopu posjeta me\u0111unarodnoj izlo\u017ebi vojne opreme i naoru\u017eanja Paris Air Show 2025., potpredsjednik Vlade Republike Hrvatske i ministar obrane Ivan Anu\u0161i\u0107 sastao se danas u Parizu s ministrom oru\u017eanih snaga Francuske Republike S\u00e9bastienom Lecornuom | Foto: MORH\/ F. Klen\" alt=\"Ministar Anu\u0161i\u0107 s francuskim ministrom obrane Lecornuom na Paris Air Show 2025.\" src=\"https:\/\/live.staticflickr.com\/65535\/54593513894_fc8ff149ef_h.jpg\" data-layer=\"&lt;div class=&#039;morh-gallery-image-download&#039;&gt;&lt;a href=&#039;https:\/\/live.staticflickr.com\/65535\/54593513894_70ccbc77a6_o.jpg&#039; target=&#039;_blank&#039;&gt;Slika za preuzimanje&lt;\/a&gt;&lt;\/div&gt;\" \/><\/a><a href=\"https:\/\/live.staticflickr.com\/65535\/54593532683_36fc459b0f_h.jpg\" title=\"Ministar Anu\u0161i\u0107 s francuskim ministrom obrane Lecornuom na Paris Air Show 2025.\"><img decoding=\"async\" data-title=\"Ministar Anu\u0161i\u0107 s francuskim ministrom obrane Lecornuom na Paris Air Show 2025.\" data-description=\"U sklopu posjeta me\u0111unarodnoj izlo\u017ebi vojne opreme i naoru\u017eanja Paris Air Show 2025., potpredsjednik Vlade Republike Hrvatske i ministar obrane Ivan Anu\u0161i\u0107 sastao se danas u Parizu s ministrom oru\u017eanih snaga Francuske Republike S\u00e9bastienom Lecornuom | Foto: MORH\/ F. Klen\" alt=\"Ministar Anu\u0161i\u0107 s francuskim ministrom obrane Lecornuom na Paris Air Show 2025.\" src=\"https:\/\/live.staticflickr.com\/65535\/54593532683_36fc459b0f_h.jpg\" data-layer=\"&lt;div class=&#039;morh-gallery-image-download&#039;&gt;&lt;a href=&#039;https:\/\/live.staticflickr.com\/65535\/54593532683_cf93ce1bcf_o.jpg&#039; target=&#039;_blank&#039;&gt;Slika za preuzimanje&lt;\/a&gt;&lt;\/div&gt;\" \/><\/a><a href=\"https:\/\/live.staticflickr.com\/65535\/54592441552_288e0ecf05_h.jpg\" title=\"Ministar Anu\u0161i\u0107 s francuskim ministrom obrane Lecornuom na Paris Air Show 2025.\"><img decoding=\"async\" data-title=\"Ministar Anu\u0161i\u0107 s francuskim ministrom obrane Lecornuom na Paris Air Show 2025.\" data-description=\"U sklopu posjeta me\u0111unarodnoj izlo\u017ebi vojne opreme i naoru\u017eanja Paris Air Show 2025., potpredsjednik Vlade Republike Hrvatske i ministar obrane Ivan Anu\u0161i\u0107 sastao se danas u Parizu s ministrom oru\u017eanih snaga Francuske Republike S\u00e9bastienom Lecornuom | Foto: MORH\/ F. Klen\" alt=\"Ministar Anu\u0161i\u0107 s francuskim ministrom obrane Lecornuom na Paris Air Show 2025.\" src=\"https:\/\/live.staticflickr.com\/65535\/54592441552_288e0ecf05_h.jpg\" data-layer=\"&lt;div class=&#039;morh-gallery-image-download&#039;&gt;&lt;a href=&#039;https:\/\/live.staticflickr.com\/65535\/54592441552_1556a45f12_o.jpg&#039; target=&#039;_blank&#039;&gt;Slika za preuzimanje&lt;\/a&gt;&lt;\/div&gt;\" \/><\/a><a href=\"https:\/\/live.staticflickr.com\/65535\/54593513449_0d65149efa_h.jpg\" title=\"Ministar Anu\u0161i\u0107 s francuskim ministrom obrane Lecornuom na Paris Air Show 2025.\"><img decoding=\"async\" data-title=\"Ministar Anu\u0161i\u0107 s francuskim ministrom obrane Lecornuom na Paris Air Show 2025.\" data-description=\"U sklopu posjeta me\u0111unarodnoj izlo\u017ebi vojne opreme i naoru\u017eanja Paris Air Show 2025., potpredsjednik Vlade Republike Hrvatske i ministar obrane Ivan Anu\u0161i\u0107 sastao se danas u Parizu s ministrom oru\u017eanih snaga Francuske Republike S\u00e9bastienom Lecornuom | Foto: MORH\/ F. Klen\" alt=\"Ministar Anu\u0161i\u0107 s francuskim ministrom obrane Lecornuom na Paris Air Show 2025.\" src=\"https:\/\/live.staticflickr.com\/65535\/54593513449_0d65149efa_h.jpg\" data-layer=\"&lt;div class=&#039;morh-gallery-image-download&#039;&gt;&lt;a href=&#039;https:\/\/live.staticflickr.com\/65535\/54593513449_6fa28124c8_o.jpg&#039; target=&#039;_blank&#039;&gt;Slika za preuzimanje&lt;\/a&gt;&lt;\/div&gt;\" \/><\/a><a href=\"https:\/\/live.staticflickr.com\/65535\/54592441562_01bf0b59f1_h.jpg\" title=\"Ministar Anu\u0161i\u0107 s francuskim ministrom obrane Lecornuom na Paris Air Show 2025.\"><img decoding=\"async\" data-title=\"Ministar Anu\u0161i\u0107 s francuskim ministrom obrane Lecornuom na Paris Air Show 2025.\" data-description=\"U sklopu posjeta me\u0111unarodnoj izlo\u017ebi vojne opreme i naoru\u017eanja Paris Air Show 2025., potpredsjednik Vlade Republike Hrvatske i ministar obrane Ivan Anu\u0161i\u0107 sastao se danas u Parizu s ministrom oru\u017eanih snaga Francuske Republike S\u00e9bastienom Lecornuom | Foto: MORH\/ F. Klen\" alt=\"Ministar Anu\u0161i\u0107 s francuskim ministrom obrane Lecornuom na Paris Air Show 2025.\" src=\"https:\/\/live.staticflickr.com\/65535\/54592441562_01bf0b59f1_h.jpg\" data-layer=\"&lt;div class=&#039;morh-gallery-image-download&#039;&gt;&lt;a href=&#039;https:\/\/live.staticflickr.com\/65535\/54592441562_27de322818_o.jpg&#039; target=&#039;_blank&#039;&gt;Slika za preuzimanje&lt;\/a&gt;&lt;\/div&gt;\" \/><\/a><a href=\"https:\/\/live.staticflickr.com\/65535\/54593628045_4a3dff305c_h.jpg\" title=\"Ministar Anu\u0161i\u0107 s francuskim ministrom obrane Lecornuom na Paris Air Show 2025.\"><img decoding=\"async\" data-title=\"Ministar Anu\u0161i\u0107 s francuskim ministrom obrane Lecornuom na Paris Air Show 2025.\" data-description=\"U sklopu posjeta me\u0111unarodnoj izlo\u017ebi vojne opreme i naoru\u017eanja Paris Air Show 2025., potpredsjednik Vlade Republike Hrvatske i ministar obrane Ivan Anu\u0161i\u0107 sastao se danas u Parizu s ministrom oru\u017eanih snaga Francuske Republike S\u00e9bastienom Lecornuom | Foto: MORH\/ F. Klen\" alt=\"Ministar Anu\u0161i\u0107 s francuskim ministrom obrane Lecornuom na Paris Air Show 2025.\" src=\"https:\/\/live.staticflickr.com\/65535\/54593628045_4a3dff305c_h.jpg\" data-layer=\"&lt;div class=&#039;morh-gallery-image-download&#039;&gt;&lt;a href=&#039;https:\/\/live.staticflickr.com\/65535\/54593628045_24bc08fc8a_o.jpg&#039; target=&#039;_blank&#039;&gt;Slika za preuzimanje&lt;\/a&gt;&lt;\/div&gt;\" \/><\/a><\/div><!--\/.morh-galleria -->\n","protected":false},"excerpt":{"rendered":"<p>The contract for purchasing 18 Caesar howitzers will be finalised when Lecornu visits Croatia in September<\/p>\n","protected":false},"author":4699,"featured_media":256292,"comment_status":"closed","ping_status":"closed","sticky":false,"template":"","format":"standard","meta":{"_acf_changed":false,"_monsterinsights_skip_tracking":false,"_monsterinsights_sitenote_active":false,"_monsterinsights_sitenote_note":"","_monsterinsights_sitenote_category":0,"footnotes":""},"categories":[117],"tags":[],"class_list":["post-257941","post","type-post","status-publish","format-standard","has-post-thumbnail","hentry","category-press-releases"],"acf":[],"yoast_head":"<!-- This site is optimized with the Yoast SEO plugin v26.9 - https:\/\/yoast.com\/product\/yoast-seo-wordpress\/ -->\n<title>French Defence Minister Lecornu and Minister Anu\u0161i\u0107 at the 2025 Paris Air Show - MORH<\/title>\n<meta name=\"description\" content=\"The contract for purchasing 18 Caesar howitzers will be finalised when Lecornu visits Croatia in September\" \/>\n<meta name=\"robots\" content=\"index, follow, max-snippet:-1, max-image-preview:large, max-video-preview:-1\" \/>\n<link rel=\"canonical\" href=\"https:\/\/www.morh.hr\/en\/french-defence-minister-lecornu-and-minister-anusic-at-the-2025-paris-air-show\/\" \/>\n<meta property=\"og:locale\" content=\"en_US\" \/>\n<meta property=\"og:type\" content=\"article\" \/>\n<meta property=\"og:title\" content=\"French Defence Minister Lecornu and Minister Anu\u0161i\u0107 at the 2025 Paris Air Show - MORH\" \/>\n<meta property=\"og:description\" content=\"The contract for purchasing 18 Caesar howitzers will be finalised when Lecornu visits Croatia in September\" \/>\n<meta property=\"og:url\" content=\"https:\/\/www.morh.hr\/en\/french-defence-minister-lecornu-and-minister-anusic-at-the-2025-paris-air-show\/\" \/>\n<meta property=\"og:site_name\" content=\"MORH\" \/>\n<meta property=\"article:publisher\" content=\"https:\/\/www.facebook.com\/sportasiuhrvatskojvojsci\/\" \/>\n<meta property=\"article:published_time\" content=\"2025-06-16T10:46:39+00:00\" \/>\n<meta property=\"article:modified_time\" content=\"2025-07-29T10:50:01+00:00\" \/>\n<meta property=\"og:image\" content=\"https:\/\/www.morh.hr\/wp-content\/uploads\/2025\/06\/2025-06-16-paris-air-show-1.jpg\" \/>\n\t<meta property=\"og:image:width\" content=\"2400\" \/>\n\t<meta property=\"og:image:height\" content=\"1600\" \/>\n\t<meta property=\"og:image:type\" content=\"image\/jpeg\" \/>\n<meta name=\"author\" content=\"Mladen\" \/>\n<meta name=\"twitter:card\" content=\"summary_large_image\" \/>\n<meta name=\"twitter:creator\" content=\"@morh_osrh\" \/>\n<meta name=\"twitter:site\" content=\"@morh_osrh\" \/>\n<meta name=\"twitter:label1\" content=\"Written by\" \/>\n\t<meta name=\"twitter:data1\" content=\"Mladen\" \/>\n\t<meta name=\"twitter:label2\" content=\"Est. reading time\" \/>\n\t<meta name=\"twitter:data2\" content=\"3 minutes\" \/>\n<script type=\"application\/ld+json\" class=\"yoast-schema-graph\">{\"@context\":\"https:\/\/schema.org\",\"@graph\":[{\"@type\":\"Article\",\"@id\":\"https:\/\/www.morh.hr\/en\/french-defence-minister-lecornu-and-minister-anusic-at-the-2025-paris-air-show\/#article\",\"isPartOf\":{\"@id\":\"https:\/\/www.morh.hr\/en\/french-defence-minister-lecornu-and-minister-anusic-at-the-2025-paris-air-show\/\"},\"author\":{\"name\":\"Mladen\",\"@id\":\"https:\/\/www.morh.hr\/en\/#\/schema\/person\/ec8e2528a579067d8bda0ae2124ac768\"},\"headline\":\"French Defence Minister Lecornu and Minister Anu\u0161i\u0107 at the 2025 Paris Air Show\",\"datePublished\":\"2025-06-16T10:46:39+00:00\",\"dateModified\":\"2025-07-29T10:50:01+00:00\",\"mainEntityOfPage\":{\"@id\":\"https:\/\/www.morh.hr\/en\/french-defence-minister-lecornu-and-minister-anusic-at-the-2025-paris-air-show\/\"},\"wordCount\":451,\"image\":{\"@id\":\"https:\/\/www.morh.hr\/en\/french-defence-minister-lecornu-and-minister-anusic-at-the-2025-paris-air-show\/#primaryimage\"},\"thumbnailUrl\":\"https:\/\/www.morh.hr\/wp-content\/uploads\/2025\/06\/2025-06-16-paris-air-show-1.jpg\",\"articleSection\":[\"Press releases\"],\"inLanguage\":\"en-US\"},{\"@type\":\"WebPage\",\"@id\":\"https:\/\/www.morh.hr\/en\/french-defence-minister-lecornu-and-minister-anusic-at-the-2025-paris-air-show\/\",\"url\":\"https:\/\/www.morh.hr\/en\/french-defence-minister-lecornu-and-minister-anusic-at-the-2025-paris-air-show\/\",\"name\":\"French Defence Minister Lecornu and Minister Anu\u0161i\u0107 at the 2025 Paris Air Show - MORH\",\"isPartOf\":{\"@id\":\"https:\/\/www.morh.hr\/en\/#website\"},\"primaryImageOfPage\":{\"@id\":\"https:\/\/www.morh.hr\/en\/french-defence-minister-lecornu-and-minister-anusic-at-the-2025-paris-air-show\/#primaryimage\"},\"image\":{\"@id\":\"https:\/\/www.morh.hr\/en\/french-defence-minister-lecornu-and-minister-anusic-at-the-2025-paris-air-show\/#primaryimage\"},\"thumbnailUrl\":\"https:\/\/www.morh.hr\/wp-content\/uploads\/2025\/06\/2025-06-16-paris-air-show-1.jpg\",\"datePublished\":\"2025-06-16T10:46:39+00:00\",\"dateModified\":\"2025-07-29T10:50:01+00:00\",\"author\":{\"@id\":\"https:\/\/www.morh.hr\/en\/#\/schema\/person\/ec8e2528a579067d8bda0ae2124ac768\"},\"description\":\"The contract for purchasing 18 Caesar howitzers will be finalised when Lecornu visits Croatia in September\",\"breadcrumb\":{\"@id\":\"https:\/\/www.morh.hr\/en\/french-defence-minister-lecornu-and-minister-anusic-at-the-2025-paris-air-show\/#breadcrumb\"},\"inLanguage\":\"en-US\",\"potentialAction\":[{\"@type\":\"ReadAction\",\"target\":[\"https:\/\/www.morh.hr\/en\/french-defence-minister-lecornu-and-minister-anusic-at-the-2025-paris-air-show\/\"]}]},{\"@type\":\"ImageObject\",\"inLanguage\":\"en-US\",\"@id\":\"https:\/\/www.morh.hr\/en\/french-defence-minister-lecornu-and-minister-anusic-at-the-2025-paris-air-show\/#primaryimage\",\"url\":\"https:\/\/www.morh.hr\/wp-content\/uploads\/2025\/06\/2025-06-16-paris-air-show-1.jpg\",\"contentUrl\":\"https:\/\/www.morh.hr\/wp-content\/uploads\/2025\/06\/2025-06-16-paris-air-show-1.jpg\",\"width\":2400,\"height\":1600,\"caption\":\"Ministar Anu\u0161i\u0107 s francuskim ministrom obrane Lecornuom na Paris Air Show 2025. | Foto: MORH\/ F. Klen\"},{\"@type\":\"BreadcrumbList\",\"@id\":\"https:\/\/www.morh.hr\/en\/french-defence-minister-lecornu-and-minister-anusic-at-the-2025-paris-air-show\/#breadcrumb\",\"itemListElement\":[{\"@type\":\"ListItem\",\"position\":1,\"name\":\"Naslovnica\",\"item\":\"https:\/\/www.morh.hr\/en\/\"},{\"@type\":\"ListItem\",\"position\":2,\"name\":\"News\",\"item\":\"https:\/\/www.morh.hr\/en\/kategorija\/news\/\"},{\"@type\":\"ListItem\",\"position\":3,\"name\":\"Press releases\",\"item\":\"https:\/\/www.morh.hr\/en\/kategorija\/news\/press-releases\/\"},{\"@type\":\"ListItem\",\"position\":4,\"name\":\"French Defence Minister Lecornu and Minister Anu\u0161i\u0107 at the 2025 Paris Air Show\"}]},{\"@type\":\"WebSite\",\"@id\":\"https:\/\/www.morh.hr\/en\/#website\",\"url\":\"https:\/\/www.morh.hr\/en\/\",\"name\":\"MORH\",\"description\":\"Ministarstvo obrane Republike Hrvatske - slu\u017ebene stranice\",\"potentialAction\":[{\"@type\":\"SearchAction\",\"target\":{\"@type\":\"EntryPoint\",\"urlTemplate\":\"https:\/\/www.morh.hr\/en\/?s={search_term_string}\"},\"query-input\":{\"@type\":\"PropertyValueSpecification\",\"valueRequired\":true,\"valueName\":\"search_term_string\"}}],\"inLanguage\":\"en-US\"},{\"@type\":\"Person\",\"@id\":\"https:\/\/www.morh.hr\/en\/#\/schema\/person\/ec8e2528a579067d8bda0ae2124ac768\",\"name\":\"Mladen\",\"image\":{\"@type\":\"ImageObject\",\"inLanguage\":\"en-US\",\"@id\":\"https:\/\/www.morh.hr\/en\/#\/schema\/person\/image\/\",\"url\":\"https:\/\/secure.gravatar.com\/avatar\/3d5ea7ca0d0a523cf2ec98548db52f920a5f6bbfd2c1aa63d237c2f445528cf7?s=96&d=mm&r=g\",\"contentUrl\":\"https:\/\/secure.gravatar.com\/avatar\/3d5ea7ca0d0a523cf2ec98548db52f920a5f6bbfd2c1aa63d237c2f445528cf7?s=96&d=mm&r=g\",\"caption\":\"Mladen\"}}]}<\/script>\n<!-- \/ Yoast SEO plugin. -->","yoast_head_json":{"title":"French Defence Minister Lecornu and Minister Anu\u0161i\u0107 at the 2025 Paris Air Show - MORH","description":"The contract for purchasing 18 Caesar howitzers will be finalised when Lecornu visits Croatia in September","robots":{"index":"index","follow":"follow","max-snippet":"max-snippet:-1","max-image-preview":"max-image-preview:large","max-video-preview":"max-video-preview:-1"},"canonical":"https:\/\/www.morh.hr\/en\/french-defence-minister-lecornu-and-minister-anusic-at-the-2025-paris-air-show\/","og_locale":"en_US","og_type":"article","og_title":"French Defence Minister Lecornu and Minister Anu\u0161i\u0107 at the 2025 Paris Air Show - MORH","og_description":"The contract for purchasing 18 Caesar howitzers will be finalised when Lecornu visits Croatia in September","og_url":"https:\/\/www.morh.hr\/en\/french-defence-minister-lecornu-and-minister-anusic-at-the-2025-paris-air-show\/","og_site_name":"MORH","article_publisher":"https:\/\/www.facebook.com\/sportasiuhrvatskojvojsci\/","article_published_time":"2025-06-16T10:46:39+00:00","article_modified_time":"2025-07-29T10:50:01+00:00","og_image":[{"width":2400,"height":1600,"url":"https:\/\/www.morh.hr\/wp-content\/uploads\/2025\/06\/2025-06-16-paris-air-show-1.jpg","type":"image\/jpeg"}],"author":"Mladen","twitter_card":"summary_large_image","twitter_creator":"@morh_osrh","twitter_site":"@morh_osrh","twitter_misc":{"Written by":"Mladen","Est. reading time":"3 minutes"},"schema":{"@context":"https:\/\/schema.org","@graph":[{"@type":"Article","@id":"https:\/\/www.morh.hr\/en\/french-defence-minister-lecornu-and-minister-anusic-at-the-2025-paris-air-show\/#article","isPartOf":{"@id":"https:\/\/www.morh.hr\/en\/french-defence-minister-lecornu-and-minister-anusic-at-the-2025-paris-air-show\/"},"author":{"name":"Mladen","@id":"https:\/\/www.morh.hr\/en\/#\/schema\/person\/ec8e2528a579067d8bda0ae2124ac768"},"headline":"French Defence Minister Lecornu and Minister Anu\u0161i\u0107 at the 2025 Paris Air Show","datePublished":"2025-06-16T10:46:39+00:00","dateModified":"2025-07-29T10:50:01+00:00","mainEntityOfPage":{"@id":"https:\/\/www.morh.hr\/en\/french-defence-minister-lecornu-and-minister-anusic-at-the-2025-paris-air-show\/"},"wordCount":451,"image":{"@id":"https:\/\/www.morh.hr\/en\/french-defence-minister-lecornu-and-minister-anusic-at-the-2025-paris-air-show\/#primaryimage"},"thumbnailUrl":"https:\/\/www.morh.hr\/wp-content\/uploads\/2025\/06\/2025-06-16-paris-air-show-1.jpg","articleSection":["Press releases"],"inLanguage":"en-US"},{"@type":"WebPage","@id":"https:\/\/www.morh.hr\/en\/french-defence-minister-lecornu-and-minister-anusic-at-the-2025-paris-air-show\/","url":"https:\/\/www.morh.hr\/en\/french-defence-minister-lecornu-and-minister-anusic-at-the-2025-paris-air-show\/","name":"French Defence Minister Lecornu and Minister Anu\u0161i\u0107 at the 2025 Paris Air Show - MORH","isPartOf":{"@id":"https:\/\/www.morh.hr\/en\/#website"},"primaryImageOfPage":{"@id":"https:\/\/www.morh.hr\/en\/french-defence-minister-lecornu-and-minister-anusic-at-the-2025-paris-air-show\/#primaryimage"},"image":{"@id":"https:\/\/www.morh.hr\/en\/french-defence-minister-lecornu-and-minister-anusic-at-the-2025-paris-air-show\/#primaryimage"},"thumbnailUrl":"https:\/\/www.morh.hr\/wp-content\/uploads\/2025\/06\/2025-06-16-paris-air-show-1.jpg","datePublished":"2025-06-16T10:46:39+00:00","dateModified":"2025-07-29T10:50:01+00:00","author":{"@id":"https:\/\/www.morh.hr\/en\/#\/schema\/person\/ec8e2528a579067d8bda0ae2124ac768"},"description":"The contract for purchasing 18 Caesar howitzers will be finalised when Lecornu visits Croatia in September","breadcrumb":{"@id":"https:\/\/www.morh.hr\/en\/french-defence-minister-lecornu-and-minister-anusic-at-the-2025-paris-air-show\/#breadcrumb"},"inLanguage":"en-US","potentialAction":[{"@type":"ReadAction","target":["https:\/\/www.morh.hr\/en\/french-defence-minister-lecornu-and-minister-anusic-at-the-2025-paris-air-show\/"]}]},{"@type":"ImageObject","inLanguage":"en-US","@id":"https:\/\/www.morh.hr\/en\/french-defence-minister-lecornu-and-minister-anusic-at-the-2025-paris-air-show\/#primaryimage","url":"https:\/\/www.morh.hr\/wp-content\/uploads\/2025\/06\/2025-06-16-paris-air-show-1.jpg","contentUrl":"https:\/\/www.morh.hr\/wp-content\/uploads\/2025\/06\/2025-06-16-paris-air-show-1.jpg","width":2400,"height":1600,"caption":"Ministar Anu\u0161i\u0107 s francuskim ministrom obrane Lecornuom na Paris Air Show 2025. | Foto: MORH\/ F. Klen"},{"@type":"BreadcrumbList","@id":"https:\/\/www.morh.hr\/en\/french-defence-minister-lecornu-and-minister-anusic-at-the-2025-paris-air-show\/#breadcrumb","itemListElement":[{"@type":"ListItem","position":1,"name":"Naslovnica","item":"https:\/\/www.morh.hr\/en\/"},{"@type":"ListItem","position":2,"name":"News","item":"https:\/\/www.morh.hr\/en\/kategorija\/news\/"},{"@type":"ListItem","position":3,"name":"Press releases","item":"https:\/\/www.morh.hr\/en\/kategorija\/news\/press-releases\/"},{"@type":"ListItem","position":4,"name":"French Defence Minister Lecornu and Minister Anu\u0161i\u0107 at the 2025 Paris Air Show"}]},{"@type":"WebSite","@id":"https:\/\/www.morh.hr\/en\/#website","url":"https:\/\/www.morh.hr\/en\/","name":"MORH","description":"Ministarstvo obrane Republike Hrvatske - slu\u017ebene stranice","potentialAction":[{"@type":"SearchAction","target":{"@type":"EntryPoint","urlTemplate":"https:\/\/www.morh.hr\/en\/?s={search_term_string}"},"query-input":{"@type":"PropertyValueSpecification","valueRequired":true,"valueName":"search_term_string"}}],"inLanguage":"en-US"},{"@type":"Person","@id":"https:\/\/www.morh.hr\/en\/#\/schema\/person\/ec8e2528a579067d8bda0ae2124ac768","name":"Mladen","image":{"@type":"ImageObject","inLanguage":"en-US","@id":"https:\/\/www.morh.hr\/en\/#\/schema\/person\/image\/","url":"https:\/\/secure.gravatar.com\/avatar\/3d5ea7ca0d0a523cf2ec98548db52f920a5f6bbfd2c1aa63d237c2f445528cf7?s=96&d=mm&r=g","contentUrl":"https:\/\/secure.gravatar.com\/avatar\/3d5ea7ca0d0a523cf2ec98548db52f920a5f6bbfd2c1aa63d237c2f445528cf7?s=96&d=mm&r=g","caption":"Mladen"}}]}},"_links":{"self":[{"href":"https:\/\/www.morh.hr\/en\/wp-json\/wp\/v2\/posts\/257941","targetHints":{"allow":["GET"]}}],"collection":[{"href":"https:\/\/www.morh.hr\/en\/wp-json\/wp\/v2\/posts"}],"about":[{"href":"https:\/\/www.morh.hr\/en\/wp-json\/wp\/v2\/types\/post"}],"author":[{"embeddable":true,"href":"https:\/\/www.morh.hr\/en\/wp-json\/wp\/v2\/users\/4699"}],"replies":[{"embeddable":true,"href":"https:\/\/www.morh.hr\/en\/wp-json\/wp\/v2\/comments?post=257941"}],"version-history":[{"count":1,"href":"https:\/\/www.morh.hr\/en\/wp-json\/wp\/v2\/posts\/257941\/revisions"}],"predecessor-version":[{"id":257942,"href":"https:\/\/www.morh.hr\/en\/wp-json\/wp\/v2\/posts\/257941\/revisions\/257942"}],"wp:featuredmedia":[{"embeddable":true,"href":"https:\/\/www.morh.hr\/en\/wp-json\/wp\/v2\/media\/256292"}],"wp:attachment":[{"href":"https:\/\/www.morh.hr\/en\/wp-json\/wp\/v2\/media?parent=257941"}],"wp:term":[{"taxonomy":"category","embeddable":true,"href":"https:\/\/www.morh.hr\/en\/wp-json\/wp\/v2\/categories?post=257941"},{"taxonomy":"post_tag","embeddable":true,"href":"https:\/\/www.morh.hr\/en\/wp-json\/wp\/v2\/tags?post=257941"}],"curies":[{"name":"wp","href":"https:\/\/api.w.org\/{rel}","templated":true}]}}