{"id":257945,"date":"2025-06-18T12:55:20","date_gmt":"2025-06-18T10:55:20","guid":{"rendered":"https:\/\/www.morh.hr\/?p=257945"},"modified":"2025-07-29T13:02:57","modified_gmt":"2025-07-29T11:02:57","slug":"the-army-navy-and-croatian-air-force-are-prepared-for-another-successful-firefighting-season","status":"publish","type":"post","link":"https:\/\/www.morh.hr\/en\/the-army-navy-and-croatian-air-force-are-prepared-for-another-successful-firefighting-season\/","title":{"rendered":"The Army, Navy, and Croatian Air Force Are Prepared for Another Successful Firefighting Season"},"content":{"rendered":"<p>Today, 18 June 2025, Brigadier General \u017deljko Ljubas, Commander of the CAF General Staff\u2019s Command-Operational Centre, attended the Coordination of the Homeland Security System meeting and the press conference on the 2025 wildfire season, which started on 16 June 2025, in the evening on the premises of the State Fire Intervention Unit Split in Divulje.<\/p>\n<p>President of the Coordination of the Homeland Security System, Deputy Prime Minister of the Republic of Croatia and Minister of Croatian Veterans, Tomo Medved, said that at the session, all representatives of the segments of the homeland security system presented information on preparations for this year\u2019s wildfire season, and he particularly emphasized the role of firefighters and continuous investments in the firefighting system.<\/p>\n<p>&#8220;I want to express my gratitude to the Chief Fire Commander, his colleagues, and every fireman for their contribution to a cutting-edge and effective firefighting system. We can conclude from all of the information provided here that tourists are visiting a secure nation,&#8221; Minister Medved stated.<\/p>\n<p>Brigadier General Ljubas highlighted that the air, land, and marine elements of the specialised emergency response Fire and Rescue Teams (PP NOS OS RH) are prepared for another firefighting season as he presented the Croatian Armed Forces\u2019 participation in the 2025 firefighting season.<\/p>\n<p><strong>Throughout the firefighting season, firefighters will be assisted from the air by up to five Canadair CL-415s and up to six Air Tractor AT-802s<\/strong><\/p>\n<p>According to BG Ljubas, &#8220;up to five Canadair CL-415s, up to six Air Tractors AT-802s, one Mi-171 Sh helicopter, one Pilatus PC-9 aircraft for reconnaissance and other tasks, and the Orbiter 3 unmanned system will assist firefighters from the air throughout the firefighting effort.&#8221; The Croatian Navy is also taking part in PP 2025 alongside the Air Force, bringing two inflatable boats, one minesweeper landing craft for moving people and equipment, and one landing craft for moving people.<\/p>\n<p>Additionally, he stated that two CAF platoons are waiting at the 4th Guards Brigade Pauci Barracks in Knin, prepared to deploy within an hour to put out fires in open areas at the Chief Fire Commander\u2019s request and as needed. At the Knez Trpimir Barracks in Divulje, a firefighting battalion of soldiers who have been trained and equipped for fighting fires is also on standby.<\/p>\n<p>&#8220;All of the above-mentioned CAF services also have reinforcement forces at various levels of readiness that can be deployed according to the operational situation and requirements,&#8221; BG Ljubas said.<\/p>\n<p>From June to October 2025, the Air Force will have two Canadair CL-415 aircraft on standby to support other countries as part of the rescEU mechanism.<\/p>\n<p><strong>The Croatian Armed Forces are always present and prepared to assist its citizens when required<\/strong><\/p>\n<p>BG Ljubas ultimately concluded that CAF members are always present and ready to help when needed, so the people of Croatia and the tourists who will be spending a lot of time on the Adriatic this summer need not worry.<\/p>\n<p>As a result, the specialised emergency response Fire and Rescue Teams\u2019 (PP NOS OS RH) members helped put out 11 fires between the beginning of 2025 and 19:00 on 16 June, which is when the second phase of the firefighting season began.<\/p>\n<p>The CAF\u2019s participation in firefighting is defined and coordinated in accordance with the Program of Activities for the Implementation of Special Fire Protection Measures of Interest to the Republic of Croatia in 2025, adopted by the Croatian Government.<\/p>\n<p>The Croatian Operational Firefighting Command coordinates the daily activities of all forces in collaboration with the Croatian Fire Fighting Association, county fire commanders, the CAF\u2019s Command and Operations Centre of the General Staff, the Ministry of the Interior, the Civil Protection Directorate, and other stakeholders involved in the country\u2019s implementation of special fire protection measures. The Operational Firefighting Command\u2019s military component keeps an eye on the situation at fire sites and plans and organises the employment of designated CAF forces to put out flames and restore fire sites.<\/p>\n<p>Representatives from the Ministry of the Interior, the Firefighting Association of Istria and \u0160ibenik-Knin counties, and Chief Firefighting Commander Slavko Tucakovi\u0107 attended the press conference in Divulje alongside Minister Medved and General Ljubas. They also affirmed the excellent cooperation of all homeland security system components involved in the firefighting season.<\/p>\n<div class=\"morh-galleria\"><a href=\"https:\/\/live.staticflickr.com\/65535\/54598384758_e5617f11e6_c.jpg\" title=\"Zra\u010dne, kopnene i mornari\u010dke snage HV-a spremne su za jo\u0161 jednu uspje\u0161nu protupo\u017earnu sezonu\"><img decoding=\"async\" data-title=\"Zra\u010dne, kopnene i mornari\u010dke snage HV-a spremne su za jo\u0161 jednu uspje\u0161nu protupo\u017earnu sezonu\" data-description=\"Zapovjednik Zapovjednog operativnog sredi\u0161ta Glavnog sto\u017eera Oru\u017eanih snaga RH brigadni general \u017deljko Ljubas sudjelovao je danas 18. lipnja 2025. godine u prostorijama Dr\u017eavne vatrogasne intervencijske postrojbe Split u Divuljama, na sjednici Koordinacije sustava domovinske sigurnosti i na konferenciji za medije povodom glavnog napora po\u017earne sezone 2025., koja je po\u010dela 16. lipnja 2025. godine u ve\u010dernjim satima | Foto: HVZ\" alt=\"Zra\u010dne, kopnene i mornari\u010dke snage HV-a spremne su za jo\u0161 jednu uspje\u0161nu protupo\u017earnu sezonu\" src=\"https:\/\/live.staticflickr.com\/65535\/54598384758_e5617f11e6_c.jpg\" data-layer=\"&lt;div class=&#039;morh-gallery-image-download&#039;&gt;&lt;a href=&#039;https:\/\/live.staticflickr.com\/65535\/54598384758_2de27d3f76_o.jpg&#039; target=&#039;_blank&#039;&gt;Slika za preuzimanje&lt;\/a&gt;&lt;\/div&gt;\" \/><\/a><a href=\"https:\/\/live.staticflickr.com\/65535\/54598367709_e15efe732f_h.jpg\" title=\"Zra\u010dne, kopnene i mornari\u010dke snage HV-a spremne su za jo\u0161 jednu uspje\u0161nu protupo\u017earnu sezonu\"><img decoding=\"async\" data-title=\"Zra\u010dne, kopnene i mornari\u010dke snage HV-a spremne su za jo\u0161 jednu uspje\u0161nu protupo\u017earnu sezonu\" data-description=\"Zapovjednik Zapovjednog operativnog sredi\u0161ta Glavnog sto\u017eera Oru\u017eanih snaga RH brigadni general \u017deljko Ljubas sudjelovao je danas 18. lipnja 2025. godine u prostorijama Dr\u017eavne vatrogasne intervencijske postrojbe Split u Divuljama, na sjednici Koordinacije sustava domovinske sigurnosti i na konferenciji za medije povodom glavnog napora po\u017earne sezone 2025., koja je po\u010dela 16. lipnja 2025. godine u ve\u010dernjim satima | Foto: HINA\/ Mario STRMOTI\u0106\" alt=\"Zra\u010dne, kopnene i mornari\u010dke snage HV-a spremne su za jo\u0161 jednu uspje\u0161nu protupo\u017earnu sezonu\" src=\"https:\/\/live.staticflickr.com\/65535\/54598367709_e15efe732f_h.jpg\" data-layer=\"&lt;div class=&#039;morh-gallery-image-download&#039;&gt;&lt;a href=&#039;https:\/\/live.staticflickr.com\/65535\/54598367709_e3b189b19d_o.jpg&#039; target=&#039;_blank&#039;&gt;Slika za preuzimanje&lt;\/a&gt;&lt;\/div&gt;\" \/><\/a><a href=\"https:\/\/live.staticflickr.com\/65535\/54598382478_cdfa86faac_h.jpg\" title=\"Zra\u010dne, kopnene i mornari\u010dke snage HV-a spremne su za jo\u0161 jednu uspje\u0161nu protupo\u017earnu sezonu\"><img decoding=\"async\" data-title=\"Zra\u010dne, kopnene i mornari\u010dke snage HV-a spremne su za jo\u0161 jednu uspje\u0161nu protupo\u017earnu sezonu\" data-description=\"Zapovjednik Zapovjednog operativnog sredi\u0161ta Glavnog sto\u017eera Oru\u017eanih snaga RH brigadni general \u017deljko Ljubas sudjelovao je danas 18. lipnja 2025. godine u prostorijama Dr\u017eavne vatrogasne intervencijske postrojbe Split u Divuljama, na sjednici Koordinacije sustava domovinske sigurnosti i na konferenciji za medije povodom glavnog napora po\u017earne sezone 2025., koja je po\u010dela 16. lipnja 2025. godine u ve\u010dernjim satima | Foto: HINA\/ Mario STRMOTI\u0106\" alt=\"Zra\u010dne, kopnene i mornari\u010dke snage HV-a spremne su za jo\u0161 jednu uspje\u0161nu protupo\u017earnu sezonu\" src=\"https:\/\/live.staticflickr.com\/65535\/54598382478_cdfa86faac_h.jpg\" data-layer=\"&lt;div class=&#039;morh-gallery-image-download&#039;&gt;&lt;a href=&#039;https:\/\/live.staticflickr.com\/65535\/54598382478_c29eeaf54b_o.jpg&#039; target=&#039;_blank&#039;&gt;Slika za preuzimanje&lt;\/a&gt;&lt;\/div&gt;\" \/><\/a><a href=\"https:\/\/live.staticflickr.com\/65535\/54597292862_a1c28270d1_h.jpg\" title=\"Zra\u010dne, kopnene i mornari\u010dke snage HV-a spremne su za jo\u0161 jednu uspje\u0161nu protupo\u017earnu sezonu\"><img decoding=\"async\" data-title=\"Zra\u010dne, kopnene i mornari\u010dke snage HV-a spremne su za jo\u0161 jednu uspje\u0161nu protupo\u017earnu sezonu\" data-description=\"Zapovjednik Zapovjednog operativnog sredi\u0161ta Glavnog sto\u017eera Oru\u017eanih snaga RH brigadni general \u017deljko Ljubas sudjelovao je danas 18. lipnja 2025. godine u prostorijama Dr\u017eavne vatrogasne intervencijske postrojbe Split u Divuljama, na sjednici Koordinacije sustava domovinske sigurnosti i na konferenciji za medije povodom glavnog napora po\u017earne sezone 2025., koja je po\u010dela 16. lipnja 2025. godine u ve\u010dernjim satima | Foto: HINA\/ Mario STRMOTI\u0106\" alt=\"Zra\u010dne, kopnene i mornari\u010dke snage HV-a spremne su za jo\u0161 jednu uspje\u0161nu protupo\u017earnu sezonu\" src=\"https:\/\/live.staticflickr.com\/65535\/54597292862_a1c28270d1_h.jpg\" data-layer=\"&lt;div class=&#039;morh-gallery-image-download&#039;&gt;&lt;a href=&#039;https:\/\/live.staticflickr.com\/65535\/54597292862_7532a2e2bf_o.jpg&#039; target=&#039;_blank&#039;&gt;Slika za preuzimanje&lt;\/a&gt;&lt;\/div&gt;\" \/><\/a><a href=\"https:\/\/live.staticflickr.com\/65535\/54598369449_c25f388372_h.jpg\" title=\"Zra\u010dne, kopnene i mornari\u010dke snage HV-a spremne su za jo\u0161 jednu uspje\u0161nu protupo\u017earnu sezonu\"><img decoding=\"async\" data-title=\"Zra\u010dne, kopnene i mornari\u010dke snage HV-a spremne su za jo\u0161 jednu uspje\u0161nu protupo\u017earnu sezonu\" data-description=\"Zapovjednik Zapovjednog operativnog sredi\u0161ta Glavnog sto\u017eera Oru\u017eanih snaga RH brigadni general \u017deljko Ljubas sudjelovao je danas 18. lipnja 2025. godine u prostorijama Dr\u017eavne vatrogasne intervencijske postrojbe Split u Divuljama, na sjednici Koordinacije sustava domovinske sigurnosti i na konferenciji za medije povodom glavnog napora po\u017earne sezone 2025., koja je po\u010dela 16. lipnja 2025. godine u ve\u010dernjim satima | Foto: HINA\/ Mario STRMOTI\u0106\" alt=\"Zra\u010dne, kopnene i mornari\u010dke snage HV-a spremne su za jo\u0161 jednu uspje\u0161nu protupo\u017earnu sezonu\" src=\"https:\/\/live.staticflickr.com\/65535\/54598369449_c25f388372_h.jpg\" data-layer=\"&lt;div class=&#039;morh-gallery-image-download&#039;&gt;&lt;a href=&#039;https:\/\/live.staticflickr.com\/65535\/54598369449_cb0b2115b8_o.jpg&#039; target=&#039;_blank&#039;&gt;Slika za preuzimanje&lt;\/a&gt;&lt;\/div&gt;\" \/><\/a><a href=\"https:\/\/live.staticflickr.com\/65535\/54598381843_299204a73b_h.jpg\" title=\"Zra\u010dne, kopnene i mornari\u010dke snage HV-a spremne su za jo\u0161 jednu uspje\u0161nu protupo\u017earnu sezonu\"><img decoding=\"async\" data-title=\"Zra\u010dne, kopnene i mornari\u010dke snage HV-a spremne su za jo\u0161 jednu uspje\u0161nu protupo\u017earnu sezonu\" data-description=\"Zapovjednik Zapovjednog operativnog sredi\u0161ta Glavnog sto\u017eera Oru\u017eanih snaga RH brigadni general \u017deljko Ljubas sudjelovao je danas 18. lipnja 2025. godine u prostorijama Dr\u017eavne vatrogasne intervencijske postrojbe Split u Divuljama, na sjednici Koordinacije sustava domovinske sigurnosti i na konferenciji za medije povodom glavnog napora po\u017earne sezone 2025., koja je po\u010dela 16. lipnja 2025. godine u ve\u010dernjim satima | Foto: HINA\/ Mario STRMOTI\u0106\" alt=\"Zra\u010dne, kopnene i mornari\u010dke snage HV-a spremne su za jo\u0161 jednu uspje\u0161nu protupo\u017earnu sezonu\" src=\"https:\/\/live.staticflickr.com\/65535\/54598381843_299204a73b_h.jpg\" data-layer=\"&lt;div class=&#039;morh-gallery-image-download&#039;&gt;&lt;a href=&#039;https:\/\/live.staticflickr.com\/65535\/54598381843_304d888d54_o.jpg&#039; target=&#039;_blank&#039;&gt;Slika za preuzimanje&lt;\/a&gt;&lt;\/div&gt;\" \/><\/a><a href=\"https:\/\/live.staticflickr.com\/65535\/54597292322_b00d46aca6_h.jpg\" title=\"Zra\u010dne, kopnene i mornari\u010dke snage HV-a spremne su za jo\u0161 jednu uspje\u0161nu protupo\u017earnu sezonu\"><img decoding=\"async\" data-title=\"Zra\u010dne, kopnene i mornari\u010dke snage HV-a spremne su za jo\u0161 jednu uspje\u0161nu protupo\u017earnu sezonu\" data-description=\"Zapovjednik Zapovjednog operativnog sredi\u0161ta Glavnog sto\u017eera Oru\u017eanih snaga RH brigadni general \u017deljko Ljubas sudjelovao je danas 18. lipnja 2025. godine u prostorijama Dr\u017eavne vatrogasne intervencijske postrojbe Split u Divuljama, na sjednici Koordinacije sustava domovinske sigurnosti i na konferenciji za medije povodom glavnog napora po\u017earne sezone 2025., koja je po\u010dela 16. lipnja 2025. godine u ve\u010dernjim satima | Foto: HINA\/ Mario STRMOTI\u0106\" alt=\"Zra\u010dne, kopnene i mornari\u010dke snage HV-a spremne su za jo\u0161 jednu uspje\u0161nu protupo\u017earnu sezonu\" src=\"https:\/\/live.staticflickr.com\/65535\/54597292322_b00d46aca6_h.jpg\" data-layer=\"&lt;div class=&#039;morh-gallery-image-download&#039;&gt;&lt;a href=&#039;https:\/\/live.staticflickr.com\/65535\/54597292322_d42c9313e0_o.jpg&#039; target=&#039;_blank&#039;&gt;Slika za preuzimanje&lt;\/a&gt;&lt;\/div&gt;\" \/><\/a><a href=\"https:\/\/live.staticflickr.com\/65535\/54598370599_c807f8ef69_c.jpg\" title=\"Zra\u010dne, kopnene i mornari\u010dke snage HV-a spremne su za jo\u0161 jednu uspje\u0161nu protupo\u017earnu sezonu\"><img decoding=\"async\" data-title=\"Zra\u010dne, kopnene i mornari\u010dke snage HV-a spremne su za jo\u0161 jednu uspje\u0161nu protupo\u017earnu sezonu\" data-description=\"Zapovjednik Zapovjednog operativnog sredi\u0161ta Glavnog sto\u017eera Oru\u017eanih snaga RH brigadni general \u017deljko Ljubas sudjelovao je danas 18. lipnja 2025. godine u prostorijama Dr\u017eavne vatrogasne intervencijske postrojbe Split u Divuljama, na sjednici Koordinacije sustava domovinske sigurnosti i na konferenciji za medije povodom glavnog napora po\u017earne sezone 2025., koja je po\u010dela 16. lipnja 2025. godine u ve\u010dernjim satima | Foto: HVZ\" alt=\"Zra\u010dne, kopnene i mornari\u010dke snage HV-a spremne su za jo\u0161 jednu uspje\u0161nu protupo\u017earnu sezonu\" src=\"https:\/\/live.staticflickr.com\/65535\/54598370599_c807f8ef69_c.jpg\" data-layer=\"&lt;div class=&#039;morh-gallery-image-download&#039;&gt;&lt;a href=&#039;https:\/\/live.staticflickr.com\/65535\/54598370599_c37ef3cdae_o.jpg&#039; target=&#039;_blank&#039;&gt;Slika za preuzimanje&lt;\/a&gt;&lt;\/div&gt;\" \/><\/a><\/div><!--\/.morh-galleria -->\n","protected":false},"excerpt":{"rendered":"<p>According to General Ljubas, Croatian residents and tourists that visit the Adriatic coast should feel secure knowing that the Croatian Armed Forces are constantly near their people and ready to help them when needed<\/p>\n","protected":false},"author":4699,"featured_media":256392,"comment_status":"closed","ping_status":"closed","sticky":false,"template":"","format":"standard","meta":{"_acf_changed":false,"_monsterinsights_skip_tracking":false,"_monsterinsights_sitenote_active":false,"_monsterinsights_sitenote_note":"","_monsterinsights_sitenote_category":0,"footnotes":""},"categories":[117],"tags":[],"class_list":["post-257945","post","type-post","status-publish","format-standard","has-post-thumbnail","hentry","category-press-releases"],"acf":[],"yoast_head":"<!-- This site is optimized with the Yoast SEO plugin v26.9 - https:\/\/yoast.com\/product\/yoast-seo-wordpress\/ -->\n<title>The Army, Navy, and Croatian Air Force Are Prepared for Another Successful Firefighting Season - MORH<\/title>\n<meta name=\"description\" content=\"According to General Ljubas, Croatian residents and tourists that visit the Adriatic coast should feel secure knowing that the Croatian Armed Forces are constantly near their people and ready to help them when needed\" \/>\n<meta name=\"robots\" content=\"index, follow, max-snippet:-1, max-image-preview:large, max-video-preview:-1\" \/>\n<link rel=\"canonical\" href=\"https:\/\/www.morh.hr\/en\/the-army-navy-and-croatian-air-force-are-prepared-for-another-successful-firefighting-season\/\" \/>\n<meta property=\"og:locale\" content=\"en_US\" \/>\n<meta property=\"og:type\" content=\"article\" \/>\n<meta property=\"og:title\" content=\"The Army, Navy, and Croatian Air Force Are Prepared for Another Successful Firefighting Season - MORH\" \/>\n<meta property=\"og:description\" content=\"According to General Ljubas, Croatian residents and tourists that visit the Adriatic coast should feel secure knowing that the Croatian Armed Forces are constantly near their people and ready to help them when needed\" \/>\n<meta property=\"og:url\" content=\"https:\/\/www.morh.hr\/en\/the-army-navy-and-croatian-air-force-are-prepared-for-another-successful-firefighting-season\/\" \/>\n<meta property=\"og:site_name\" content=\"MORH\" \/>\n<meta property=\"article:publisher\" content=\"https:\/\/www.facebook.com\/sportasiuhrvatskojvojsci\/\" \/>\n<meta property=\"article:published_time\" content=\"2025-06-18T10:55:20+00:00\" \/>\n<meta property=\"article:modified_time\" content=\"2025-07-29T11:02:57+00:00\" \/>\n<meta property=\"og:image\" content=\"https:\/\/www.morh.hr\/wp-content\/uploads\/2025\/06\/2026-06-18-spremnost-sustava-za-pozarnu-sezonu-2025.jpg\" \/>\n\t<meta property=\"og:image:width\" content=\"2400\" \/>\n\t<meta property=\"og:image:height\" content=\"1600\" \/>\n\t<meta property=\"og:image:type\" content=\"image\/jpeg\" \/>\n<meta name=\"author\" content=\"Mladen\" \/>\n<meta name=\"twitter:card\" content=\"summary_large_image\" \/>\n<meta name=\"twitter:creator\" content=\"@morh_osrh\" \/>\n<meta name=\"twitter:site\" content=\"@morh_osrh\" \/>\n<meta name=\"twitter:label1\" content=\"Written by\" \/>\n\t<meta name=\"twitter:data1\" content=\"Mladen\" \/>\n\t<meta name=\"twitter:label2\" content=\"Est. reading time\" \/>\n\t<meta name=\"twitter:data2\" content=\"5 minutes\" \/>\n<script type=\"application\/ld+json\" class=\"yoast-schema-graph\">{\"@context\":\"https:\/\/schema.org\",\"@graph\":[{\"@type\":\"Article\",\"@id\":\"https:\/\/www.morh.hr\/en\/the-army-navy-and-croatian-air-force-are-prepared-for-another-successful-firefighting-season\/#article\",\"isPartOf\":{\"@id\":\"https:\/\/www.morh.hr\/en\/the-army-navy-and-croatian-air-force-are-prepared-for-another-successful-firefighting-season\/\"},\"author\":{\"name\":\"Mladen\",\"@id\":\"https:\/\/www.morh.hr\/en\/#\/schema\/person\/ec8e2528a579067d8bda0ae2124ac768\"},\"headline\":\"The Army, Navy, and Croatian Air Force Are Prepared for Another Successful Firefighting Season\",\"datePublished\":\"2025-06-18T10:55:20+00:00\",\"dateModified\":\"2025-07-29T11:02:57+00:00\",\"mainEntityOfPage\":{\"@id\":\"https:\/\/www.morh.hr\/en\/the-army-navy-and-croatian-air-force-are-prepared-for-another-successful-firefighting-season\/\"},\"wordCount\":719,\"image\":{\"@id\":\"https:\/\/www.morh.hr\/en\/the-army-navy-and-croatian-air-force-are-prepared-for-another-successful-firefighting-season\/#primaryimage\"},\"thumbnailUrl\":\"https:\/\/www.morh.hr\/wp-content\/uploads\/2025\/06\/2026-06-18-spremnost-sustava-za-pozarnu-sezonu-2025.jpg\",\"articleSection\":[\"Press releases\"],\"inLanguage\":\"en-US\"},{\"@type\":\"WebPage\",\"@id\":\"https:\/\/www.morh.hr\/en\/the-army-navy-and-croatian-air-force-are-prepared-for-another-successful-firefighting-season\/\",\"url\":\"https:\/\/www.morh.hr\/en\/the-army-navy-and-croatian-air-force-are-prepared-for-another-successful-firefighting-season\/\",\"name\":\"The Army, Navy, and Croatian Air Force Are Prepared for Another Successful Firefighting Season - MORH\",\"isPartOf\":{\"@id\":\"https:\/\/www.morh.hr\/en\/#website\"},\"primaryImageOfPage\":{\"@id\":\"https:\/\/www.morh.hr\/en\/the-army-navy-and-croatian-air-force-are-prepared-for-another-successful-firefighting-season\/#primaryimage\"},\"image\":{\"@id\":\"https:\/\/www.morh.hr\/en\/the-army-navy-and-croatian-air-force-are-prepared-for-another-successful-firefighting-season\/#primaryimage\"},\"thumbnailUrl\":\"https:\/\/www.morh.hr\/wp-content\/uploads\/2025\/06\/2026-06-18-spremnost-sustava-za-pozarnu-sezonu-2025.jpg\",\"datePublished\":\"2025-06-18T10:55:20+00:00\",\"dateModified\":\"2025-07-29T11:02:57+00:00\",\"author\":{\"@id\":\"https:\/\/www.morh.hr\/en\/#\/schema\/person\/ec8e2528a579067d8bda0ae2124ac768\"},\"description\":\"According to General Ljubas, Croatian residents and tourists that visit the Adriatic coast should feel secure knowing that the Croatian Armed Forces are constantly near their people and ready to help them when needed\",\"breadcrumb\":{\"@id\":\"https:\/\/www.morh.hr\/en\/the-army-navy-and-croatian-air-force-are-prepared-for-another-successful-firefighting-season\/#breadcrumb\"},\"inLanguage\":\"en-US\",\"potentialAction\":[{\"@type\":\"ReadAction\",\"target\":[\"https:\/\/www.morh.hr\/en\/the-army-navy-and-croatian-air-force-are-prepared-for-another-successful-firefighting-season\/\"]}]},{\"@type\":\"ImageObject\",\"inLanguage\":\"en-US\",\"@id\":\"https:\/\/www.morh.hr\/en\/the-army-navy-and-croatian-air-force-are-prepared-for-another-successful-firefighting-season\/#primaryimage\",\"url\":\"https:\/\/www.morh.hr\/wp-content\/uploads\/2025\/06\/2026-06-18-spremnost-sustava-za-pozarnu-sezonu-2025.jpg\",\"contentUrl\":\"https:\/\/www.morh.hr\/wp-content\/uploads\/2025\/06\/2026-06-18-spremnost-sustava-za-pozarnu-sezonu-2025.jpg\",\"width\":2400,\"height\":1600,\"caption\":\"Ka\u0161tel \u0160tafili\u0107, 18.06.2025. - Hrvatska vatrogasna zajednica odr\u017eala konferenciju za medije s temom \u201eSpremnost sustava za po\u017earnu sezonu 2025.\u201c Foto HINA\/ Mario STRMOTI\u0106\/ MS\"},{\"@type\":\"BreadcrumbList\",\"@id\":\"https:\/\/www.morh.hr\/en\/the-army-navy-and-croatian-air-force-are-prepared-for-another-successful-firefighting-season\/#breadcrumb\",\"itemListElement\":[{\"@type\":\"ListItem\",\"position\":1,\"name\":\"Naslovnica\",\"item\":\"https:\/\/www.morh.hr\/en\/\"},{\"@type\":\"ListItem\",\"position\":2,\"name\":\"News\",\"item\":\"https:\/\/www.morh.hr\/en\/kategorija\/news\/\"},{\"@type\":\"ListItem\",\"position\":3,\"name\":\"Press releases\",\"item\":\"https:\/\/www.morh.hr\/en\/kategorija\/news\/press-releases\/\"},{\"@type\":\"ListItem\",\"position\":4,\"name\":\"The Army, Navy, and Croatian Air Force Are Prepared for Another Successful Firefighting Season\"}]},{\"@type\":\"WebSite\",\"@id\":\"https:\/\/www.morh.hr\/en\/#website\",\"url\":\"https:\/\/www.morh.hr\/en\/\",\"name\":\"MORH\",\"description\":\"Ministarstvo obrane Republike Hrvatske - slu\u017ebene stranice\",\"potentialAction\":[{\"@type\":\"SearchAction\",\"target\":{\"@type\":\"EntryPoint\",\"urlTemplate\":\"https:\/\/www.morh.hr\/en\/?s={search_term_string}\"},\"query-input\":{\"@type\":\"PropertyValueSpecification\",\"valueRequired\":true,\"valueName\":\"search_term_string\"}}],\"inLanguage\":\"en-US\"},{\"@type\":\"Person\",\"@id\":\"https:\/\/www.morh.hr\/en\/#\/schema\/person\/ec8e2528a579067d8bda0ae2124ac768\",\"name\":\"Mladen\",\"image\":{\"@type\":\"ImageObject\",\"inLanguage\":\"en-US\",\"@id\":\"https:\/\/www.morh.hr\/en\/#\/schema\/person\/image\/\",\"url\":\"https:\/\/secure.gravatar.com\/avatar\/3d5ea7ca0d0a523cf2ec98548db52f920a5f6bbfd2c1aa63d237c2f445528cf7?s=96&d=mm&r=g\",\"contentUrl\":\"https:\/\/secure.gravatar.com\/avatar\/3d5ea7ca0d0a523cf2ec98548db52f920a5f6bbfd2c1aa63d237c2f445528cf7?s=96&d=mm&r=g\",\"caption\":\"Mladen\"}}]}<\/script>\n<!-- \/ Yoast SEO plugin. -->","yoast_head_json":{"title":"The Army, Navy, and Croatian Air Force Are Prepared for Another Successful Firefighting Season - MORH","description":"According to General Ljubas, Croatian residents and tourists that visit the Adriatic coast should feel secure knowing that the Croatian Armed Forces are constantly near their people and ready to help them when needed","robots":{"index":"index","follow":"follow","max-snippet":"max-snippet:-1","max-image-preview":"max-image-preview:large","max-video-preview":"max-video-preview:-1"},"canonical":"https:\/\/www.morh.hr\/en\/the-army-navy-and-croatian-air-force-are-prepared-for-another-successful-firefighting-season\/","og_locale":"en_US","og_type":"article","og_title":"The Army, Navy, and Croatian Air Force Are Prepared for Another Successful Firefighting Season - MORH","og_description":"According to General Ljubas, Croatian residents and tourists that visit the Adriatic coast should feel secure knowing that the Croatian Armed Forces are constantly near their people and ready to help them when needed","og_url":"https:\/\/www.morh.hr\/en\/the-army-navy-and-croatian-air-force-are-prepared-for-another-successful-firefighting-season\/","og_site_name":"MORH","article_publisher":"https:\/\/www.facebook.com\/sportasiuhrvatskojvojsci\/","article_published_time":"2025-06-18T10:55:20+00:00","article_modified_time":"2025-07-29T11:02:57+00:00","og_image":[{"width":2400,"height":1600,"url":"https:\/\/www.morh.hr\/wp-content\/uploads\/2025\/06\/2026-06-18-spremnost-sustava-za-pozarnu-sezonu-2025.jpg","type":"image\/jpeg"}],"author":"Mladen","twitter_card":"summary_large_image","twitter_creator":"@morh_osrh","twitter_site":"@morh_osrh","twitter_misc":{"Written by":"Mladen","Est. reading time":"5 minutes"},"schema":{"@context":"https:\/\/schema.org","@graph":[{"@type":"Article","@id":"https:\/\/www.morh.hr\/en\/the-army-navy-and-croatian-air-force-are-prepared-for-another-successful-firefighting-season\/#article","isPartOf":{"@id":"https:\/\/www.morh.hr\/en\/the-army-navy-and-croatian-air-force-are-prepared-for-another-successful-firefighting-season\/"},"author":{"name":"Mladen","@id":"https:\/\/www.morh.hr\/en\/#\/schema\/person\/ec8e2528a579067d8bda0ae2124ac768"},"headline":"The Army, Navy, and Croatian Air Force Are Prepared for Another Successful Firefighting Season","datePublished":"2025-06-18T10:55:20+00:00","dateModified":"2025-07-29T11:02:57+00:00","mainEntityOfPage":{"@id":"https:\/\/www.morh.hr\/en\/the-army-navy-and-croatian-air-force-are-prepared-for-another-successful-firefighting-season\/"},"wordCount":719,"image":{"@id":"https:\/\/www.morh.hr\/en\/the-army-navy-and-croatian-air-force-are-prepared-for-another-successful-firefighting-season\/#primaryimage"},"thumbnailUrl":"https:\/\/www.morh.hr\/wp-content\/uploads\/2025\/06\/2026-06-18-spremnost-sustava-za-pozarnu-sezonu-2025.jpg","articleSection":["Press releases"],"inLanguage":"en-US"},{"@type":"WebPage","@id":"https:\/\/www.morh.hr\/en\/the-army-navy-and-croatian-air-force-are-prepared-for-another-successful-firefighting-season\/","url":"https:\/\/www.morh.hr\/en\/the-army-navy-and-croatian-air-force-are-prepared-for-another-successful-firefighting-season\/","name":"The Army, Navy, and Croatian Air Force Are Prepared for Another Successful Firefighting Season - MORH","isPartOf":{"@id":"https:\/\/www.morh.hr\/en\/#website"},"primaryImageOfPage":{"@id":"https:\/\/www.morh.hr\/en\/the-army-navy-and-croatian-air-force-are-prepared-for-another-successful-firefighting-season\/#primaryimage"},"image":{"@id":"https:\/\/www.morh.hr\/en\/the-army-navy-and-croatian-air-force-are-prepared-for-another-successful-firefighting-season\/#primaryimage"},"thumbnailUrl":"https:\/\/www.morh.hr\/wp-content\/uploads\/2025\/06\/2026-06-18-spremnost-sustava-za-pozarnu-sezonu-2025.jpg","datePublished":"2025-06-18T10:55:20+00:00","dateModified":"2025-07-29T11:02:57+00:00","author":{"@id":"https:\/\/www.morh.hr\/en\/#\/schema\/person\/ec8e2528a579067d8bda0ae2124ac768"},"description":"According to General Ljubas, Croatian residents and tourists that visit the Adriatic coast should feel secure knowing that the Croatian Armed Forces are constantly near their people and ready to help them when needed","breadcrumb":{"@id":"https:\/\/www.morh.hr\/en\/the-army-navy-and-croatian-air-force-are-prepared-for-another-successful-firefighting-season\/#breadcrumb"},"inLanguage":"en-US","potentialAction":[{"@type":"ReadAction","target":["https:\/\/www.morh.hr\/en\/the-army-navy-and-croatian-air-force-are-prepared-for-another-successful-firefighting-season\/"]}]},{"@type":"ImageObject","inLanguage":"en-US","@id":"https:\/\/www.morh.hr\/en\/the-army-navy-and-croatian-air-force-are-prepared-for-another-successful-firefighting-season\/#primaryimage","url":"https:\/\/www.morh.hr\/wp-content\/uploads\/2025\/06\/2026-06-18-spremnost-sustava-za-pozarnu-sezonu-2025.jpg","contentUrl":"https:\/\/www.morh.hr\/wp-content\/uploads\/2025\/06\/2026-06-18-spremnost-sustava-za-pozarnu-sezonu-2025.jpg","width":2400,"height":1600,"caption":"Ka\u0161tel \u0160tafili\u0107, 18.06.2025. - Hrvatska vatrogasna zajednica odr\u017eala konferenciju za medije s temom \u201eSpremnost sustava za po\u017earnu sezonu 2025.\u201c Foto HINA\/ Mario STRMOTI\u0106\/ MS"},{"@type":"BreadcrumbList","@id":"https:\/\/www.morh.hr\/en\/the-army-navy-and-croatian-air-force-are-prepared-for-another-successful-firefighting-season\/#breadcrumb","itemListElement":[{"@type":"ListItem","position":1,"name":"Naslovnica","item":"https:\/\/www.morh.hr\/en\/"},{"@type":"ListItem","position":2,"name":"News","item":"https:\/\/www.morh.hr\/en\/kategorija\/news\/"},{"@type":"ListItem","position":3,"name":"Press releases","item":"https:\/\/www.morh.hr\/en\/kategorija\/news\/press-releases\/"},{"@type":"ListItem","position":4,"name":"The Army, Navy, and Croatian Air Force Are Prepared for Another Successful Firefighting Season"}]},{"@type":"WebSite","@id":"https:\/\/www.morh.hr\/en\/#website","url":"https:\/\/www.morh.hr\/en\/","name":"MORH","description":"Ministarstvo obrane Republike Hrvatske - slu\u017ebene stranice","potentialAction":[{"@type":"SearchAction","target":{"@type":"EntryPoint","urlTemplate":"https:\/\/www.morh.hr\/en\/?s={search_term_string}"},"query-input":{"@type":"PropertyValueSpecification","valueRequired":true,"valueName":"search_term_string"}}],"inLanguage":"en-US"},{"@type":"Person","@id":"https:\/\/www.morh.hr\/en\/#\/schema\/person\/ec8e2528a579067d8bda0ae2124ac768","name":"Mladen","image":{"@type":"ImageObject","inLanguage":"en-US","@id":"https:\/\/www.morh.hr\/en\/#\/schema\/person\/image\/","url":"https:\/\/secure.gravatar.com\/avatar\/3d5ea7ca0d0a523cf2ec98548db52f920a5f6bbfd2c1aa63d237c2f445528cf7?s=96&d=mm&r=g","contentUrl":"https:\/\/secure.gravatar.com\/avatar\/3d5ea7ca0d0a523cf2ec98548db52f920a5f6bbfd2c1aa63d237c2f445528cf7?s=96&d=mm&r=g","caption":"Mladen"}}]}},"_links":{"self":[{"href":"https:\/\/www.morh.hr\/en\/wp-json\/wp\/v2\/posts\/257945","targetHints":{"allow":["GET"]}}],"collection":[{"href":"https:\/\/www.morh.hr\/en\/wp-json\/wp\/v2\/posts"}],"about":[{"href":"https:\/\/www.morh.hr\/en\/wp-json\/wp\/v2\/types\/post"}],"author":[{"embeddable":true,"href":"https:\/\/www.morh.hr\/en\/wp-json\/wp\/v2\/users\/4699"}],"replies":[{"embeddable":true,"href":"https:\/\/www.morh.hr\/en\/wp-json\/wp\/v2\/comments?post=257945"}],"version-history":[{"count":1,"href":"https:\/\/www.morh.hr\/en\/wp-json\/wp\/v2\/posts\/257945\/revisions"}],"predecessor-version":[{"id":257946,"href":"https:\/\/www.morh.hr\/en\/wp-json\/wp\/v2\/posts\/257945\/revisions\/257946"}],"wp:featuredmedia":[{"embeddable":true,"href":"https:\/\/www.morh.hr\/en\/wp-json\/wp\/v2\/media\/256392"}],"wp:attachment":[{"href":"https:\/\/www.morh.hr\/en\/wp-json\/wp\/v2\/media?parent=257945"}],"wp:term":[{"taxonomy":"category","embeddable":true,"href":"https:\/\/www.morh.hr\/en\/wp-json\/wp\/v2\/categories?post=257945"},{"taxonomy":"post_tag","embeddable":true,"href":"https:\/\/www.morh.hr\/en\/wp-json\/wp\/v2\/tags?post=257945"}],"curies":[{"name":"wp","href":"https:\/\/api.w.org\/{rel}","templated":true}]}}