{"id":257952,"date":"2025-06-24T13:09:40","date_gmt":"2025-06-24T11:09:40","guid":{"rendered":"https:\/\/www.morh.hr\/?p=257952"},"modified":"2025-07-29T13:11:47","modified_gmt":"2025-07-29T11:11:47","slug":"at-the-nato-meeting-minister-anusic-croatia-is-prepared-to-increase-defence-spending-by-5","status":"publish","type":"post","link":"https:\/\/www.morh.hr\/en\/at-the-nato-meeting-minister-anusic-croatia-is-prepared-to-increase-defence-spending-by-5\/","title":{"rendered":"At the NATO meeting, Minister Anu\u0161i\u0107: &#8220;Croatia is prepared to increase defence spending by 5%&#8221;"},"content":{"rendered":"<p>Deputy Prime Minister of the Republic of Croatia and Minister of Defence Ivan Anu\u0161i\u0107 is participating in the NATO Summit, which is being held on 24 and 25 June 2025 in The Hague, Kingdom of the Netherlands.<\/p>\n<p>Increased defence spending, current security challenges, bolstering the Alliance&#8217;s defence capabilities, deterrence, and defence, as well as adjusting NATO forces to new situations, bolstering the defence industry, and ongoing support for Ukraine, are among the topics that will be covered at the NATO Summit.<\/p>\n<p>&#8220;We are in support of raising defence expenditure to 5% of GDP, but I want to make it very clear that this is broken down into 1.5% for investments connected to defence and security and 3.5% for defence, which includes arming, equipping, and modernising the armed services. Croatia is ready. We have our own dynamics, strategy, and well-defined plan for achieving these allocations and directing them to national objectives, and we are headed in that way.&#8221; The deadline for fulfilment has been set for 2035, and its extension has been proposed. In a media statement, Minister Anu\u0161i\u0107 told reporters that Croatia would certainly meet these deadlines.<\/p>\n<p>The Minister also attended the NATO Summit Defence Industry Forum 2025.<\/p>\n<p>&#8220;The messages were unambiguous, and everyone present experienced a profound sense of unity.&#8221; Minister Anu\u0161i\u0107 stated that although the media\u2019s attention has shifted to the Middle East conflicts, the threat of Russian aggression against Ukraine has not diminished.<\/p>\n<p>He went on to say that this is a great chance for Croatia and many other countries to boost their economy by investing in the military and security sector. &#8220;These days, defence is more than simply a tank, grenade, or a howitzer. It also includes cybersecurity, transport systems and corridors, as well as communications and border security systems,&#8221; he added.<\/p>\n<p>Regarding strengthening Croatia\u2019s defence sector, Anu\u0161i\u0107 noted that the country is presently manufacturing over two hundred thousand combat FPV drones.<\/p>\n<p>He clarified that these drones are entirely Croatian, with not a single component coming from China or other nations that are not currently members of the EU or NATO.<\/p>\n<p>&#8220;FPV drones are proven combat drones that have been used on battlefields worldwide, mostly in Ukraine, for a very long time. We have already notified NATO and EU members that we are prepared to take the lead in the production and cooperative acquisition of small FPV drones, as the company that makes them is based in the country. Even before the end of the year, we can swiftly boost production to half a million drones. We are now making great progress in this area,&#8221; the Minister stated and added that, in order to achieve the new objective, raise defence spending to 5%, and develop new capabilities, Croatia will invest in radar systems, cyber security, and air defence.<\/p>\n<p>A historic modernisation and equipping of the Croatian Armed Forces is currently being carried out by the Ministry of Defence and the Government of the Republic of Croatia. The acquisition of the most advanced Leopard 2A8 tanks, the powerful HIMARS missile system, and Bayraktar unmanned systems is currently in progress.<\/p>\n<p><strong>US Senators and Minister Anu\u0161i\u0107 at the NATO Summit sidelines<\/strong><\/p>\n<p>During his bilateral discussions with US senators on the sidelines of the NATO Summit, Minister Anu\u0161i\u0107 talked about regional security, sustained Croatian participation in international missions and operations, and strengthening defence cooperation with the US.<\/p>\n<p>The Minister underlined at the time that the United States of America is the Republic of Croatia\u2019s most significant and reliable defence ally and that a contract with the US Government has been signed for the delivery of military services and equipment valued at $1 billion USD.<\/p>\n<p>He gave the senators an overview of the Croatian Armed Forces\u2019 ongoing modernisation initiatives, including the introduction of the ROLE 2 field hospital, HIMARS missiles, and Bradley armoured combat vehicles into operational usage.<\/p>\n<p>Additionally, the minister emphasised Croatia\u2019s dedication to defence spending, stating: &#8220;This year we reached 2%, and in the last 10 years Croatia has increased defence allocations by as much as 200%.&#8221;<\/p>\n<p>In the evening, Minister Anu\u0161i\u0107 will attend the North Atlantic Council\u2019s working dinner in a ministerial format.<\/p>\n<div class=\"morh-galleria\"><a href=\"https:\/\/live.staticflickr.com\/65535\/54611516265_105f881d4a_h.jpg\" title=\"Ministar Anu\u0161i\u0107 na NATO summitu: Hrvatska je spremna dosti\u0107i 5 posto za obranu\"><img decoding=\"async\" data-title=\"Ministar Anu\u0161i\u0107 na NATO summitu: Hrvatska je spremna dosti\u0107i 5 posto za obranu\" data-description=\"Potpredsjednik Vlade Republike Hrvatske i ministar obrane Ivan Anu\u0161i\u0107 sudjeluje na NATO summitu, koji se odr\u017eava 24. i 25. lipnja 2025. godine u Den Haagu u Kraljevini Nizozemskoj | Foto: MORH\" alt=\"Ministar Anu\u0161i\u0107 na NATO summitu: Hrvatska je spremna dosti\u0107i 5 posto za obranu\" src=\"https:\/\/live.staticflickr.com\/65535\/54611516265_105f881d4a_h.jpg\" data-layer=\"&lt;div class=&#039;morh-gallery-image-download&#039;&gt;&lt;a href=&#039;https:\/\/live.staticflickr.com\/65535\/54611516265_3130325870_o.jpg&#039; target=&#039;_blank&#039;&gt;Slika za preuzimanje&lt;\/a&gt;&lt;\/div&gt;\" \/><\/a><a href=\"https:\/\/live.staticflickr.com\/65535\/54611423948_d477a09be6_h.jpg\" title=\"Ministar Anu\u0161i\u0107 na NATO summitu: Hrvatska je spremna dosti\u0107i 5 posto za obranu\"><img decoding=\"async\" data-title=\"Ministar Anu\u0161i\u0107 na NATO summitu: Hrvatska je spremna dosti\u0107i 5 posto za obranu\" data-description=\"Potpredsjednik Vlade Republike Hrvatske i ministar obrane Ivan Anu\u0161i\u0107 sudjeluje na NATO summitu, koji se odr\u017eava 24. i 25. lipnja 2025. godine u Den Haagu u Kraljevini Nizozemskoj | Foto: MORH\" alt=\"Ministar Anu\u0161i\u0107 na NATO summitu: Hrvatska je spremna dosti\u0107i 5 posto za obranu\" src=\"https:\/\/live.staticflickr.com\/65535\/54611423948_d477a09be6_h.jpg\" data-layer=\"&lt;div class=&#039;morh-gallery-image-download&#039;&gt;&lt;a href=&#039;https:\/\/live.staticflickr.com\/65535\/54611423948_6151334f43_o.jpg&#039; target=&#039;_blank&#039;&gt;Slika za preuzimanje&lt;\/a&gt;&lt;\/div&gt;\" \/><\/a><a href=\"https:\/\/live.staticflickr.com\/65535\/54610331402_0e4793c767_h.jpg\" title=\"Ministar Anu\u0161i\u0107 na NATO summitu: Hrvatska je spremna dosti\u0107i 5 posto za obranu\"><img decoding=\"async\" data-title=\"Ministar Anu\u0161i\u0107 na NATO summitu: Hrvatska je spremna dosti\u0107i 5 posto za obranu\" data-description=\"Potpredsjednik Vlade Republike Hrvatske i ministar obrane Ivan Anu\u0161i\u0107 sudjeluje na NATO summitu, koji se odr\u017eava 24. i 25. lipnja 2025. godine u Den Haagu u Kraljevini Nizozemskoj | Foto: MORH\" alt=\"Ministar Anu\u0161i\u0107 na NATO summitu: Hrvatska je spremna dosti\u0107i 5 posto za obranu\" src=\"https:\/\/live.staticflickr.com\/65535\/54610331402_0e4793c767_h.jpg\" data-layer=\"&lt;div class=&#039;morh-gallery-image-download&#039;&gt;&lt;a href=&#039;https:\/\/live.staticflickr.com\/65535\/54610331402_37146f78c7_o.jpg&#039; target=&#039;_blank&#039;&gt;Slika za preuzimanje&lt;\/a&gt;&lt;\/div&gt;\" \/><\/a><a href=\"https:\/\/live.staticflickr.com\/65535\/54610331277_aef5a3079f_b.jpg\" title=\"Ministar Anu\u0161i\u0107 na NATO summitu: Hrvatska je spremna dosti\u0107i 5 posto za obranu\"><img decoding=\"async\" data-title=\"Ministar Anu\u0161i\u0107 na NATO summitu: Hrvatska je spremna dosti\u0107i 5 posto za obranu\" data-description=\"Potpredsjednik Vlade Republike Hrvatske i ministar obrane Ivan Anu\u0161i\u0107 sudjeluje na NATO summitu, koji se odr\u017eava 24. i 25. lipnja 2025. godine u Den Haagu u Kraljevini Nizozemskoj | Foto: MORH\" alt=\"Ministar Anu\u0161i\u0107 na NATO summitu: Hrvatska je spremna dosti\u0107i 5 posto za obranu\" src=\"https:\/\/live.staticflickr.com\/65535\/54610331277_aef5a3079f_b.jpg\" data-layer=\"&lt;div class=&#039;morh-gallery-image-download&#039;&gt;&lt;a href=&#039;https:\/\/live.staticflickr.com\/65535\/54610331277_cc2de5f83a_o.jpg&#039; target=&#039;_blank&#039;&gt;Slika za preuzimanje&lt;\/a&gt;&lt;\/div&gt;\" \/><\/a><a href=\"https:\/\/live.staticflickr.com\/65535\/54611407634_6e8cece4e3_h.jpg\" title=\"Ministar Anu\u0161i\u0107 na NATO summitu: Hrvatska je spremna dosti\u0107i 5 posto za obranu\"><img decoding=\"async\" data-title=\"Ministar Anu\u0161i\u0107 na NATO summitu: Hrvatska je spremna dosti\u0107i 5 posto za obranu\" data-description=\"Potpredsjednik Vlade Republike Hrvatske i ministar obrane Ivan Anu\u0161i\u0107 sudjeluje na NATO summitu, koji se odr\u017eava 24. i 25. lipnja 2025. godine u Den Haagu u Kraljevini Nizozemskoj | Foto: MORH\" alt=\"Ministar Anu\u0161i\u0107 na NATO summitu: Hrvatska je spremna dosti\u0107i 5 posto za obranu\" src=\"https:\/\/live.staticflickr.com\/65535\/54611407634_6e8cece4e3_h.jpg\" data-layer=\"&lt;div class=&#039;morh-gallery-image-download&#039;&gt;&lt;a href=&#039;https:\/\/live.staticflickr.com\/65535\/54611407634_0753dab5dd_o.jpg&#039; target=&#039;_blank&#039;&gt;Slika za preuzimanje&lt;\/a&gt;&lt;\/div&gt;\" \/><\/a><a href=\"https:\/\/live.staticflickr.com\/65535\/54611407419_9b65aea52f_h.jpg\" title=\"Ministar Anu\u0161i\u0107 na NATO summitu: Hrvatska je spremna dosti\u0107i 5 posto za obranu\"><img decoding=\"async\" data-title=\"Ministar Anu\u0161i\u0107 na NATO summitu: Hrvatska je spremna dosti\u0107i 5 posto za obranu\" data-description=\"Potpredsjednik Vlade Republike Hrvatske i ministar obrane Ivan Anu\u0161i\u0107 sudjeluje na NATO summitu, koji se odr\u017eava 24. i 25. lipnja 2025. godine u Den Haagu u Kraljevini Nizozemskoj | Foto: MORH\" alt=\"Ministar Anu\u0161i\u0107 na NATO summitu: Hrvatska je spremna dosti\u0107i 5 posto za obranu\" src=\"https:\/\/live.staticflickr.com\/65535\/54611407419_9b65aea52f_h.jpg\" data-layer=\"&lt;div class=&#039;morh-gallery-image-download&#039;&gt;&lt;a href=&#039;https:\/\/live.staticflickr.com\/65535\/54611407419_5e8bb828a5_o.jpg&#039; target=&#039;_blank&#039;&gt;Slika za preuzimanje&lt;\/a&gt;&lt;\/div&gt;\" \/><\/a><a href=\"https:\/\/live.staticflickr.com\/65535\/54611208706_d4123d8636_h.jpg\" title=\"Ministar Anu\u0161i\u0107 na NATO summitu: Hrvatska je spremna dosti\u0107i 5 posto za obranu\"><img decoding=\"async\" data-title=\"Ministar Anu\u0161i\u0107 na NATO summitu: Hrvatska je spremna dosti\u0107i 5 posto za obranu\" data-description=\"Potpredsjednik Vlade Republike Hrvatske i ministar obrane Ivan Anu\u0161i\u0107 sudjeluje na NATO summitu, koji se odr\u017eava 24. i 25. lipnja 2025. godine u Den Haagu u Kraljevini Nizozemskoj | Foto: MORH\" alt=\"Ministar Anu\u0161i\u0107 na NATO summitu: Hrvatska je spremna dosti\u0107i 5 posto za obranu\" src=\"https:\/\/live.staticflickr.com\/65535\/54611208706_d4123d8636_h.jpg\" data-layer=\"&lt;div class=&#039;morh-gallery-image-download&#039;&gt;&lt;a href=&#039;https:\/\/live.staticflickr.com\/65535\/54611208706_880d33cd58_o.jpg&#039; target=&#039;_blank&#039;&gt;Slika za preuzimanje&lt;\/a&gt;&lt;\/div&gt;\" \/><\/a><a href=\"https:\/\/live.staticflickr.com\/65535\/54611423748_5bdcf86c9d_h.jpg\" title=\"Ministar Anu\u0161i\u0107 na NATO summitu: Hrvatska je spremna dosti\u0107i 5 posto za obranu\"><img decoding=\"async\" data-title=\"Ministar Anu\u0161i\u0107 na NATO summitu: Hrvatska je spremna dosti\u0107i 5 posto za obranu\" data-description=\"Potpredsjednik Vlade Republike Hrvatske i ministar obrane Ivan Anu\u0161i\u0107 sudjeluje na NATO summitu, koji se odr\u017eava 24. i 25. lipnja 2025. godine u Den Haagu u Kraljevini Nizozemskoj | Foto: MORH\" alt=\"Ministar Anu\u0161i\u0107 na NATO summitu: Hrvatska je spremna dosti\u0107i 5 posto za obranu\" src=\"https:\/\/live.staticflickr.com\/65535\/54611423748_5bdcf86c9d_h.jpg\" data-layer=\"&lt;div class=&#039;morh-gallery-image-download&#039;&gt;&lt;a href=&#039;https:\/\/live.staticflickr.com\/65535\/54611423748_6956cdbd1a_o.jpg&#039; target=&#039;_blank&#039;&gt;Slika za preuzimanje&lt;\/a&gt;&lt;\/div&gt;\" \/><\/a><a href=\"https:\/\/live.staticflickr.com\/65535\/54611516375_f29ac13add_h.jpg\" title=\"Ministar Anu\u0161i\u0107 na NATO summitu: Hrvatska je spremna dosti\u0107i 5 posto za obranu\"><img decoding=\"async\" data-title=\"Ministar Anu\u0161i\u0107 na NATO summitu: Hrvatska je spremna dosti\u0107i 5 posto za obranu\" data-description=\"Potpredsjednik Vlade Republike Hrvatske i ministar obrane Ivan Anu\u0161i\u0107 sudjeluje na NATO summitu, koji se odr\u017eava 24. i 25. lipnja 2025. godine u Den Haagu u Kraljevini Nizozemskoj | Foto: MORH\" alt=\"Ministar Anu\u0161i\u0107 na NATO summitu: Hrvatska je spremna dosti\u0107i 5 posto za obranu\" src=\"https:\/\/live.staticflickr.com\/65535\/54611516375_f29ac13add_h.jpg\" data-layer=\"&lt;div class=&#039;morh-gallery-image-download&#039;&gt;&lt;a href=&#039;https:\/\/live.staticflickr.com\/65535\/54611516375_db4ab8809f_o.jpg&#039; target=&#039;_blank&#039;&gt;Slika za preuzimanje&lt;\/a&gt;&lt;\/div&gt;\" \/><\/a><a href=\"https:\/\/live.staticflickr.com\/65535\/54611516370_2e1c5de9d7_h.jpg\" title=\"Ministar Anu\u0161i\u0107 na NATO summitu: Hrvatska je spremna dosti\u0107i 5 posto za obranu\"><img decoding=\"async\" data-title=\"Ministar Anu\u0161i\u0107 na NATO summitu: Hrvatska je spremna dosti\u0107i 5 posto za obranu\" data-description=\"Potpredsjednik Vlade Republike Hrvatske i ministar obrane Ivan Anu\u0161i\u0107 sudjeluje na NATO summitu, koji se odr\u017eava 24. i 25. lipnja 2025. godine u Den Haagu u Kraljevini Nizozemskoj | Foto: MORH\" alt=\"Ministar Anu\u0161i\u0107 na NATO summitu: Hrvatska je spremna dosti\u0107i 5 posto za obranu\" src=\"https:\/\/live.staticflickr.com\/65535\/54611516370_2e1c5de9d7_h.jpg\" data-layer=\"&lt;div class=&#039;morh-gallery-image-download&#039;&gt;&lt;a href=&#039;https:\/\/live.staticflickr.com\/65535\/54611516370_28dbf3de4a_o.jpg&#039; target=&#039;_blank&#039;&gt;Slika za preuzimanje&lt;\/a&gt;&lt;\/div&gt;\" \/><\/a><a href=\"https:\/\/live.staticflickr.com\/65535\/54611424048_c98bad1c0f_h.jpg\" title=\"Ministar Anu\u0161i\u0107 na NATO summitu: Hrvatska je spremna dosti\u0107i 5 posto za obranu\"><img decoding=\"async\" data-title=\"Ministar Anu\u0161i\u0107 na NATO summitu: Hrvatska je spremna dosti\u0107i 5 posto za obranu\" data-description=\"Potpredsjednik Vlade Republike Hrvatske i ministar obrane Ivan Anu\u0161i\u0107 sudjeluje na NATO summitu, koji se odr\u017eava 24. i 25. lipnja 2025. godine u Den Haagu u Kraljevini Nizozemskoj | Foto: MORH\" alt=\"Ministar Anu\u0161i\u0107 na NATO summitu: Hrvatska je spremna dosti\u0107i 5 posto za obranu\" src=\"https:\/\/live.staticflickr.com\/65535\/54611424048_c98bad1c0f_h.jpg\" data-layer=\"&lt;div class=&#039;morh-gallery-image-download&#039;&gt;&lt;a href=&#039;https:\/\/live.staticflickr.com\/65535\/54611424048_b1e57184f1_o.jpg&#039; target=&#039;_blank&#039;&gt;Slika za preuzimanje&lt;\/a&gt;&lt;\/div&gt;\" \/><\/a><a href=\"https:\/\/live.staticflickr.com\/65535\/54611516365_4e9283d1e3_h.jpg\" title=\"Ministar Anu\u0161i\u0107 na NATO summitu: Hrvatska je spremna dosti\u0107i 5 posto za obranu\"><img decoding=\"async\" data-title=\"Ministar Anu\u0161i\u0107 na NATO summitu: Hrvatska je spremna dosti\u0107i 5 posto za obranu\" data-description=\"Potpredsjednik Vlade Republike Hrvatske i ministar obrane Ivan Anu\u0161i\u0107 sudjeluje na NATO summitu, koji se odr\u017eava 24. i 25. lipnja 2025. godine u Den Haagu u Kraljevini Nizozemskoj | Foto: MORH\" alt=\"Ministar Anu\u0161i\u0107 na NATO summitu: Hrvatska je spremna dosti\u0107i 5 posto za obranu\" src=\"https:\/\/live.staticflickr.com\/65535\/54611516365_4e9283d1e3_h.jpg\" data-layer=\"&lt;div class=&#039;morh-gallery-image-download&#039;&gt;&lt;a href=&#039;https:\/\/live.staticflickr.com\/65535\/54611516365_56e5a9a858_o.jpg&#039; target=&#039;_blank&#039;&gt;Slika za preuzimanje&lt;\/a&gt;&lt;\/div&gt;\" \/><\/a><a href=\"https:\/\/live.staticflickr.com\/65535\/54612448016_e856d366c0_h.jpg\" title=\"Ministar Anu\u0161i\u0107 na NATO summitu: Hrvatska je spremna dosti\u0107i 5 posto za obranu\"><img decoding=\"async\" data-title=\"Ministar Anu\u0161i\u0107 na NATO summitu: Hrvatska je spremna dosti\u0107i 5 posto za obranu\" data-description=\"Potpredsjednik Vlade Republike Hrvatske i ministar obrane Ivan Anu\u0161i\u0107 sudjeluje na NATO summitu, koji se odr\u017eava 24. i 25. lipnja 2025. godine u Den Haagu u Kraljevini Nizozemskoj | Foto: MORH\" alt=\"Ministar Anu\u0161i\u0107 na NATO summitu: Hrvatska je spremna dosti\u0107i 5 posto za obranu\" src=\"https:\/\/live.staticflickr.com\/65535\/54612448016_e856d366c0_h.jpg\" data-layer=\"&lt;div class=&#039;morh-gallery-image-download&#039;&gt;&lt;a href=&#039;https:\/\/live.staticflickr.com\/65535\/54612448016_ca6db22b42_o.jpg&#039; target=&#039;_blank&#039;&gt;Slika za preuzimanje&lt;\/a&gt;&lt;\/div&gt;\" \/><\/a><a href=\"https:\/\/live.staticflickr.com\/65535\/54611567042_5b6728871d_h.jpg\" title=\"Ministar Anu\u0161i\u0107 na NATO summitu: Hrvatska je spremna dosti\u0107i 5 posto za obranu\"><img decoding=\"async\" data-title=\"Ministar Anu\u0161i\u0107 na NATO summitu: Hrvatska je spremna dosti\u0107i 5 posto za obranu\" data-description=\"Potpredsjednik Vlade Republike Hrvatske i ministar obrane Ivan Anu\u0161i\u0107 sudjeluje na NATO summitu, koji se odr\u017eava 24. i 25. lipnja 2025. godine u Den Haagu u Kraljevini Nizozemskoj | Foto: MORH\" alt=\"Ministar Anu\u0161i\u0107 na NATO summitu: Hrvatska je spremna dosti\u0107i 5 posto za obranu\" src=\"https:\/\/live.staticflickr.com\/65535\/54611567042_5b6728871d_h.jpg\" data-layer=\"&lt;div class=&#039;morh-gallery-image-download&#039;&gt;&lt;a href=&#039;https:\/\/live.staticflickr.com\/65535\/54611567042_7a61973b1e_o.jpg&#039; target=&#039;_blank&#039;&gt;Slika za preuzimanje&lt;\/a&gt;&lt;\/div&gt;\" \/><\/a><a href=\"https:\/\/live.staticflickr.com\/65535\/54612660053_246e0dfe08_h.jpg\" title=\"Ministar Anu\u0161i\u0107 na NATO summitu: Hrvatska je spremna dosti\u0107i 5 posto za obranu\"><img decoding=\"async\" data-title=\"Ministar Anu\u0161i\u0107 na NATO summitu: Hrvatska je spremna dosti\u0107i 5 posto za obranu\" data-description=\"Potpredsjednik Vlade Republike Hrvatske i ministar obrane Ivan Anu\u0161i\u0107 sudjeluje na NATO summitu, koji se odr\u017eava 24. i 25. lipnja 2025. godine u Den Haagu u Kraljevini Nizozemskoj | Foto: MORH\" alt=\"Ministar Anu\u0161i\u0107 na NATO summitu: Hrvatska je spremna dosti\u0107i 5 posto za obranu\" src=\"https:\/\/live.staticflickr.com\/65535\/54612660053_246e0dfe08_h.jpg\" data-layer=\"&lt;div class=&#039;morh-gallery-image-download&#039;&gt;&lt;a href=&#039;https:\/\/live.staticflickr.com\/65535\/54612660053_074bab9ed5_o.jpg&#039; target=&#039;_blank&#039;&gt;Slika za preuzimanje&lt;\/a&gt;&lt;\/div&gt;\" \/><\/a><a href=\"https:\/\/live.staticflickr.com\/65535\/54612644859_76e5c7de42_h.jpg\" title=\"Ministar Anu\u0161i\u0107 na NATO summitu: Hrvatska je spremna dosti\u0107i 5 posto za obranu\"><img decoding=\"async\" data-title=\"Ministar Anu\u0161i\u0107 na NATO summitu: Hrvatska je spremna dosti\u0107i 5 posto za obranu\" data-description=\"Potpredsjednik Vlade Republike Hrvatske i ministar obrane Ivan Anu\u0161i\u0107 sudjeluje na NATO summitu, koji se odr\u017eava 24. i 25. lipnja 2025. godine u Den Haagu u Kraljevini Nizozemskoj | Foto: MORH\" alt=\"Ministar Anu\u0161i\u0107 na NATO summitu: Hrvatska je spremna dosti\u0107i 5 posto za obranu\" src=\"https:\/\/live.staticflickr.com\/65535\/54612644859_76e5c7de42_h.jpg\" data-layer=\"&lt;div class=&#039;morh-gallery-image-download&#039;&gt;&lt;a href=&#039;https:\/\/live.staticflickr.com\/65535\/54612644859_d26526ae56_o.jpg&#039; target=&#039;_blank&#039;&gt;Slika za preuzimanje&lt;\/a&gt;&lt;\/div&gt;\" \/><\/a><a href=\"https:\/\/live.staticflickr.com\/65535\/54612754110_90a8c04ef1_h.jpg\" title=\"Ministar Anu\u0161i\u0107 na NATO summitu: Hrvatska je spremna dosti\u0107i 5 posto za obranu\"><img decoding=\"async\" data-title=\"Ministar Anu\u0161i\u0107 na NATO summitu: Hrvatska je spremna dosti\u0107i 5 posto za obranu\" data-description=\"Potpredsjednik Vlade Republike Hrvatske i ministar obrane Ivan Anu\u0161i\u0107 sudjeluje na NATO summitu, koji se odr\u017eava 24. i 25. lipnja 2025. godine u Den Haagu u Kraljevini Nizozemskoj | Foto: MORH\" alt=\"Ministar Anu\u0161i\u0107 na NATO summitu: Hrvatska je spremna dosti\u0107i 5 posto za obranu\" src=\"https:\/\/live.staticflickr.com\/65535\/54612754110_90a8c04ef1_h.jpg\" data-layer=\"&lt;div class=&#039;morh-gallery-image-download&#039;&gt;&lt;a href=&#039;https:\/\/live.staticflickr.com\/65535\/54612754110_d96c871530_o.jpg&#039; target=&#039;_blank&#039;&gt;Slika za preuzimanje&lt;\/a&gt;&lt;\/div&gt;\" \/><\/a><a href=\"https:\/\/live.staticflickr.com\/65535\/54612754090_ffb15132b7_h.jpg\" title=\"Ministar Anu\u0161i\u0107 na NATO summitu: Hrvatska je spremna dosti\u0107i 5 posto za obranu\"><img decoding=\"async\" data-title=\"Ministar Anu\u0161i\u0107 na NATO summitu: Hrvatska je spremna dosti\u0107i 5 posto za obranu\" data-description=\"Potpredsjednik Vlade Republike Hrvatske i ministar obrane Ivan Anu\u0161i\u0107 sudjeluje na NATO summitu, koji se odr\u017eava 24. i 25. lipnja 2025. godine u Den Haagu u Kraljevini Nizozemskoj | Foto: MORH\" alt=\"Ministar Anu\u0161i\u0107 na NATO summitu: Hrvatska je spremna dosti\u0107i 5 posto za obranu\" src=\"https:\/\/live.staticflickr.com\/65535\/54612754090_ffb15132b7_h.jpg\" data-layer=\"&lt;div class=&#039;morh-gallery-image-download&#039;&gt;&lt;a href=&#039;https:\/\/live.staticflickr.com\/65535\/54612754090_d8d372219e_o.jpg&#039; target=&#039;_blank&#039;&gt;Slika za preuzimanje&lt;\/a&gt;&lt;\/div&gt;\" \/><\/a><a href=\"https:\/\/live.staticflickr.com\/65535\/54612754100_d54b11e2b1_h.jpg\" title=\"Ministar Anu\u0161i\u0107 na NATO summitu: Hrvatska je spremna dosti\u0107i 5 posto za obranu\"><img decoding=\"async\" data-title=\"Ministar Anu\u0161i\u0107 na NATO summitu: Hrvatska je spremna dosti\u0107i 5 posto za obranu\" data-description=\"Potpredsjednik Vlade Republike Hrvatske i ministar obrane Ivan Anu\u0161i\u0107 sudjeluje na NATO summitu, koji se odr\u017eava 24. i 25. lipnja 2025. godine u Den Haagu u Kraljevini Nizozemskoj | Foto: MORH\" alt=\"Ministar Anu\u0161i\u0107 na NATO summitu: Hrvatska je spremna dosti\u0107i 5 posto za obranu\" src=\"https:\/\/live.staticflickr.com\/65535\/54612754100_d54b11e2b1_h.jpg\" data-layer=\"&lt;div class=&#039;morh-gallery-image-download&#039;&gt;&lt;a href=&#039;https:\/\/live.staticflickr.com\/65535\/54612754100_f37a8d7076_o.jpg&#039; target=&#039;_blank&#039;&gt;Slika za preuzimanje&lt;\/a&gt;&lt;\/div&gt;\" \/><\/a><a href=\"https:\/\/live.staticflickr.com\/65535\/54612448081_ae98a49953_h.jpg\" title=\"Ministar Anu\u0161i\u0107 na NATO summitu: Hrvatska je spremna dosti\u0107i 5 posto za obranu\"><img decoding=\"async\" data-title=\"Ministar Anu\u0161i\u0107 na NATO summitu: Hrvatska je spremna dosti\u0107i 5 posto za obranu\" data-description=\"Potpredsjednik Vlade Republike Hrvatske i ministar obrane Ivan Anu\u0161i\u0107 sudjeluje na NATO summitu, koji se odr\u017eava 24. i 25. lipnja 2025. godine u Den Haagu u Kraljevini Nizozemskoj | Foto: NATO\" alt=\"Ministar Anu\u0161i\u0107 na NATO summitu: Hrvatska je spremna dosti\u0107i 5 posto za obranu\" src=\"https:\/\/live.staticflickr.com\/65535\/54612448081_ae98a49953_h.jpg\" data-layer=\"&lt;div class=&#039;morh-gallery-image-download&#039;&gt;&lt;a href=&#039;https:\/\/live.staticflickr.com\/65535\/54612448081_86640bb832_o.jpg&#039; target=&#039;_blank&#039;&gt;Slika za preuzimanje&lt;\/a&gt;&lt;\/div&gt;\" \/><\/a><a href=\"https:\/\/live.staticflickr.com\/65535\/54611567107_4db561aaf3_h.jpg\" title=\"Ministar Anu\u0161i\u0107 na NATO summitu: Hrvatska je spremna dosti\u0107i 5 posto za obranu\"><img decoding=\"async\" data-title=\"Ministar Anu\u0161i\u0107 na NATO summitu: Hrvatska je spremna dosti\u0107i 5 posto za obranu\" data-description=\"Potpredsjednik Vlade Republike Hrvatske i ministar obrane Ivan Anu\u0161i\u0107 sudjeluje na NATO summitu, koji se odr\u017eava 24. i 25. lipnja 2025. godine u Den Haagu u Kraljevini Nizozemskoj | Foto: NATO\" alt=\"Ministar Anu\u0161i\u0107 na NATO summitu: Hrvatska je spremna dosti\u0107i 5 posto za obranu\" src=\"https:\/\/live.staticflickr.com\/65535\/54611567107_4db561aaf3_h.jpg\" data-layer=\"&lt;div class=&#039;morh-gallery-image-download&#039;&gt;&lt;a href=&#039;https:\/\/live.staticflickr.com\/65535\/54611567107_49b5335571_o.jpg&#039; target=&#039;_blank&#039;&gt;Slika za preuzimanje&lt;\/a&gt;&lt;\/div&gt;\" \/><\/a><\/div><!--\/.morh-galleria -->\n","protected":false},"excerpt":{"rendered":"<p>&#8220;I want to make it very clear that 3.5 percent will be allocated for military purposes and 1.5 percent for defence-related purposes,&#8221; said Anu\u0161i\u0107<\/p>\n","protected":false},"author":4699,"featured_media":256583,"comment_status":"closed","ping_status":"closed","sticky":false,"template":"","format":"standard","meta":{"_acf_changed":false,"_monsterinsights_skip_tracking":false,"_monsterinsights_sitenote_active":false,"_monsterinsights_sitenote_note":"","_monsterinsights_sitenote_category":0,"footnotes":""},"categories":[117],"tags":[],"class_list":["post-257952","post","type-post","status-publish","format-standard","has-post-thumbnail","hentry","category-press-releases"],"acf":[],"yoast_head":"<!-- This site is optimized with the Yoast SEO plugin v26.9 - https:\/\/yoast.com\/product\/yoast-seo-wordpress\/ -->\n<title>At the NATO meeting, Minister Anu\u0161i\u0107: &quot;Croatia is prepared to increase defence spending by 5%&quot; - MORH<\/title>\n<meta name=\"description\" content=\"&quot;I want to make it very clear that 3.5 percent will be allocated for military purposes and 1.5 percent for defence-related purposes,&quot; said Anu\u0161i\u0107\" \/>\n<meta name=\"robots\" content=\"index, follow, max-snippet:-1, max-image-preview:large, max-video-preview:-1\" \/>\n<link rel=\"canonical\" href=\"https:\/\/www.morh.hr\/en\/at-the-nato-meeting-minister-anusic-croatia-is-prepared-to-increase-defence-spending-by-5\/\" \/>\n<meta property=\"og:locale\" content=\"en_US\" \/>\n<meta property=\"og:type\" content=\"article\" \/>\n<meta property=\"og:title\" content=\"At the NATO meeting, Minister Anu\u0161i\u0107: &quot;Croatia is prepared to increase defence spending by 5%&quot; - MORH\" \/>\n<meta property=\"og:description\" content=\"&quot;I want to make it very clear that 3.5 percent will be allocated for military purposes and 1.5 percent for defence-related purposes,&quot; said Anu\u0161i\u0107\" \/>\n<meta property=\"og:url\" content=\"https:\/\/www.morh.hr\/en\/at-the-nato-meeting-minister-anusic-croatia-is-prepared-to-increase-defence-spending-by-5\/\" \/>\n<meta property=\"og:site_name\" content=\"MORH\" \/>\n<meta property=\"article:publisher\" content=\"https:\/\/www.facebook.com\/sportasiuhrvatskojvojsci\/\" \/>\n<meta property=\"article:published_time\" content=\"2025-06-24T11:09:40+00:00\" \/>\n<meta property=\"article:modified_time\" content=\"2025-07-29T11:11:47+00:00\" \/>\n<meta property=\"og:image\" content=\"https:\/\/www.morh.hr\/wp-content\/uploads\/2025\/06\/2025-06-24-nato-haag-.jpg\" \/>\n\t<meta property=\"og:image:width\" content=\"2200\" \/>\n\t<meta property=\"og:image:height\" content=\"1250\" \/>\n\t<meta property=\"og:image:type\" content=\"image\/jpeg\" \/>\n<meta name=\"author\" content=\"Mladen\" \/>\n<meta name=\"twitter:card\" content=\"summary_large_image\" \/>\n<meta name=\"twitter:creator\" content=\"@morh_osrh\" \/>\n<meta name=\"twitter:site\" content=\"@morh_osrh\" \/>\n<meta name=\"twitter:label1\" content=\"Written by\" \/>\n\t<meta name=\"twitter:data1\" content=\"Mladen\" \/>\n\t<meta name=\"twitter:label2\" content=\"Est. reading time\" \/>\n\t<meta name=\"twitter:data2\" content=\"4 minutes\" \/>\n<script type=\"application\/ld+json\" class=\"yoast-schema-graph\">{\"@context\":\"https:\/\/schema.org\",\"@graph\":[{\"@type\":\"Article\",\"@id\":\"https:\/\/www.morh.hr\/en\/at-the-nato-meeting-minister-anusic-croatia-is-prepared-to-increase-defence-spending-by-5\/#article\",\"isPartOf\":{\"@id\":\"https:\/\/www.morh.hr\/en\/at-the-nato-meeting-minister-anusic-croatia-is-prepared-to-increase-defence-spending-by-5\/\"},\"author\":{\"name\":\"Mladen\",\"@id\":\"https:\/\/www.morh.hr\/en\/#\/schema\/person\/ec8e2528a579067d8bda0ae2124ac768\"},\"headline\":\"At the NATO meeting, Minister Anu\u0161i\u0107: &#8220;Croatia is prepared to increase defence spending by 5%&#8221;\",\"datePublished\":\"2025-06-24T11:09:40+00:00\",\"dateModified\":\"2025-07-29T11:11:47+00:00\",\"mainEntityOfPage\":{\"@id\":\"https:\/\/www.morh.hr\/en\/at-the-nato-meeting-minister-anusic-croatia-is-prepared-to-increase-defence-spending-by-5\/\"},\"wordCount\":705,\"image\":{\"@id\":\"https:\/\/www.morh.hr\/en\/at-the-nato-meeting-minister-anusic-croatia-is-prepared-to-increase-defence-spending-by-5\/#primaryimage\"},\"thumbnailUrl\":\"https:\/\/www.morh.hr\/wp-content\/uploads\/2025\/06\/2025-06-24-nato-haag-.jpg\",\"articleSection\":[\"Press releases\"],\"inLanguage\":\"en-US\"},{\"@type\":\"WebPage\",\"@id\":\"https:\/\/www.morh.hr\/en\/at-the-nato-meeting-minister-anusic-croatia-is-prepared-to-increase-defence-spending-by-5\/\",\"url\":\"https:\/\/www.morh.hr\/en\/at-the-nato-meeting-minister-anusic-croatia-is-prepared-to-increase-defence-spending-by-5\/\",\"name\":\"At the NATO meeting, Minister Anu\u0161i\u0107: \\\"Croatia is prepared to increase defence spending by 5%\\\" - MORH\",\"isPartOf\":{\"@id\":\"https:\/\/www.morh.hr\/en\/#website\"},\"primaryImageOfPage\":{\"@id\":\"https:\/\/www.morh.hr\/en\/at-the-nato-meeting-minister-anusic-croatia-is-prepared-to-increase-defence-spending-by-5\/#primaryimage\"},\"image\":{\"@id\":\"https:\/\/www.morh.hr\/en\/at-the-nato-meeting-minister-anusic-croatia-is-prepared-to-increase-defence-spending-by-5\/#primaryimage\"},\"thumbnailUrl\":\"https:\/\/www.morh.hr\/wp-content\/uploads\/2025\/06\/2025-06-24-nato-haag-.jpg\",\"datePublished\":\"2025-06-24T11:09:40+00:00\",\"dateModified\":\"2025-07-29T11:11:47+00:00\",\"author\":{\"@id\":\"https:\/\/www.morh.hr\/en\/#\/schema\/person\/ec8e2528a579067d8bda0ae2124ac768\"},\"description\":\"\\\"I want to make it very clear that 3.5 percent will be allocated for military purposes and 1.5 percent for defence-related purposes,\\\" said Anu\u0161i\u0107\",\"breadcrumb\":{\"@id\":\"https:\/\/www.morh.hr\/en\/at-the-nato-meeting-minister-anusic-croatia-is-prepared-to-increase-defence-spending-by-5\/#breadcrumb\"},\"inLanguage\":\"en-US\",\"potentialAction\":[{\"@type\":\"ReadAction\",\"target\":[\"https:\/\/www.morh.hr\/en\/at-the-nato-meeting-minister-anusic-croatia-is-prepared-to-increase-defence-spending-by-5\/\"]}]},{\"@type\":\"ImageObject\",\"inLanguage\":\"en-US\",\"@id\":\"https:\/\/www.morh.hr\/en\/at-the-nato-meeting-minister-anusic-croatia-is-prepared-to-increase-defence-spending-by-5\/#primaryimage\",\"url\":\"https:\/\/www.morh.hr\/wp-content\/uploads\/2025\/06\/2025-06-24-nato-haag-.jpg\",\"contentUrl\":\"https:\/\/www.morh.hr\/wp-content\/uploads\/2025\/06\/2025-06-24-nato-haag-.jpg\",\"width\":2200,\"height\":1250,\"caption\":\"View of the room\"},{\"@type\":\"BreadcrumbList\",\"@id\":\"https:\/\/www.morh.hr\/en\/at-the-nato-meeting-minister-anusic-croatia-is-prepared-to-increase-defence-spending-by-5\/#breadcrumb\",\"itemListElement\":[{\"@type\":\"ListItem\",\"position\":1,\"name\":\"Naslovnica\",\"item\":\"https:\/\/www.morh.hr\/en\/\"},{\"@type\":\"ListItem\",\"position\":2,\"name\":\"News\",\"item\":\"https:\/\/www.morh.hr\/en\/kategorija\/news\/\"},{\"@type\":\"ListItem\",\"position\":3,\"name\":\"Press releases\",\"item\":\"https:\/\/www.morh.hr\/en\/kategorija\/news\/press-releases\/\"},{\"@type\":\"ListItem\",\"position\":4,\"name\":\"At the NATO meeting, Minister Anu\u0161i\u0107: &#8220;Croatia is prepared to increase defence spending by 5%&#8221;\"}]},{\"@type\":\"WebSite\",\"@id\":\"https:\/\/www.morh.hr\/en\/#website\",\"url\":\"https:\/\/www.morh.hr\/en\/\",\"name\":\"MORH\",\"description\":\"Ministarstvo obrane Republike Hrvatske - slu\u017ebene stranice\",\"potentialAction\":[{\"@type\":\"SearchAction\",\"target\":{\"@type\":\"EntryPoint\",\"urlTemplate\":\"https:\/\/www.morh.hr\/en\/?s={search_term_string}\"},\"query-input\":{\"@type\":\"PropertyValueSpecification\",\"valueRequired\":true,\"valueName\":\"search_term_string\"}}],\"inLanguage\":\"en-US\"},{\"@type\":\"Person\",\"@id\":\"https:\/\/www.morh.hr\/en\/#\/schema\/person\/ec8e2528a579067d8bda0ae2124ac768\",\"name\":\"Mladen\",\"image\":{\"@type\":\"ImageObject\",\"inLanguage\":\"en-US\",\"@id\":\"https:\/\/www.morh.hr\/en\/#\/schema\/person\/image\/\",\"url\":\"https:\/\/secure.gravatar.com\/avatar\/3d5ea7ca0d0a523cf2ec98548db52f920a5f6bbfd2c1aa63d237c2f445528cf7?s=96&d=mm&r=g\",\"contentUrl\":\"https:\/\/secure.gravatar.com\/avatar\/3d5ea7ca0d0a523cf2ec98548db52f920a5f6bbfd2c1aa63d237c2f445528cf7?s=96&d=mm&r=g\",\"caption\":\"Mladen\"}}]}<\/script>\n<!-- \/ Yoast SEO plugin. -->","yoast_head_json":{"title":"At the NATO meeting, Minister Anu\u0161i\u0107: \"Croatia is prepared to increase defence spending by 5%\" - MORH","description":"\"I want to make it very clear that 3.5 percent will be allocated for military purposes and 1.5 percent for defence-related purposes,\" said Anu\u0161i\u0107","robots":{"index":"index","follow":"follow","max-snippet":"max-snippet:-1","max-image-preview":"max-image-preview:large","max-video-preview":"max-video-preview:-1"},"canonical":"https:\/\/www.morh.hr\/en\/at-the-nato-meeting-minister-anusic-croatia-is-prepared-to-increase-defence-spending-by-5\/","og_locale":"en_US","og_type":"article","og_title":"At the NATO meeting, Minister Anu\u0161i\u0107: \"Croatia is prepared to increase defence spending by 5%\" - MORH","og_description":"\"I want to make it very clear that 3.5 percent will be allocated for military purposes and 1.5 percent for defence-related purposes,\" said Anu\u0161i\u0107","og_url":"https:\/\/www.morh.hr\/en\/at-the-nato-meeting-minister-anusic-croatia-is-prepared-to-increase-defence-spending-by-5\/","og_site_name":"MORH","article_publisher":"https:\/\/www.facebook.com\/sportasiuhrvatskojvojsci\/","article_published_time":"2025-06-24T11:09:40+00:00","article_modified_time":"2025-07-29T11:11:47+00:00","og_image":[{"width":2200,"height":1250,"url":"https:\/\/www.morh.hr\/wp-content\/uploads\/2025\/06\/2025-06-24-nato-haag-.jpg","type":"image\/jpeg"}],"author":"Mladen","twitter_card":"summary_large_image","twitter_creator":"@morh_osrh","twitter_site":"@morh_osrh","twitter_misc":{"Written by":"Mladen","Est. reading time":"4 minutes"},"schema":{"@context":"https:\/\/schema.org","@graph":[{"@type":"Article","@id":"https:\/\/www.morh.hr\/en\/at-the-nato-meeting-minister-anusic-croatia-is-prepared-to-increase-defence-spending-by-5\/#article","isPartOf":{"@id":"https:\/\/www.morh.hr\/en\/at-the-nato-meeting-minister-anusic-croatia-is-prepared-to-increase-defence-spending-by-5\/"},"author":{"name":"Mladen","@id":"https:\/\/www.morh.hr\/en\/#\/schema\/person\/ec8e2528a579067d8bda0ae2124ac768"},"headline":"At the NATO meeting, Minister Anu\u0161i\u0107: &#8220;Croatia is prepared to increase defence spending by 5%&#8221;","datePublished":"2025-06-24T11:09:40+00:00","dateModified":"2025-07-29T11:11:47+00:00","mainEntityOfPage":{"@id":"https:\/\/www.morh.hr\/en\/at-the-nato-meeting-minister-anusic-croatia-is-prepared-to-increase-defence-spending-by-5\/"},"wordCount":705,"image":{"@id":"https:\/\/www.morh.hr\/en\/at-the-nato-meeting-minister-anusic-croatia-is-prepared-to-increase-defence-spending-by-5\/#primaryimage"},"thumbnailUrl":"https:\/\/www.morh.hr\/wp-content\/uploads\/2025\/06\/2025-06-24-nato-haag-.jpg","articleSection":["Press releases"],"inLanguage":"en-US"},{"@type":"WebPage","@id":"https:\/\/www.morh.hr\/en\/at-the-nato-meeting-minister-anusic-croatia-is-prepared-to-increase-defence-spending-by-5\/","url":"https:\/\/www.morh.hr\/en\/at-the-nato-meeting-minister-anusic-croatia-is-prepared-to-increase-defence-spending-by-5\/","name":"At the NATO meeting, Minister Anu\u0161i\u0107: \"Croatia is prepared to increase defence spending by 5%\" - MORH","isPartOf":{"@id":"https:\/\/www.morh.hr\/en\/#website"},"primaryImageOfPage":{"@id":"https:\/\/www.morh.hr\/en\/at-the-nato-meeting-minister-anusic-croatia-is-prepared-to-increase-defence-spending-by-5\/#primaryimage"},"image":{"@id":"https:\/\/www.morh.hr\/en\/at-the-nato-meeting-minister-anusic-croatia-is-prepared-to-increase-defence-spending-by-5\/#primaryimage"},"thumbnailUrl":"https:\/\/www.morh.hr\/wp-content\/uploads\/2025\/06\/2025-06-24-nato-haag-.jpg","datePublished":"2025-06-24T11:09:40+00:00","dateModified":"2025-07-29T11:11:47+00:00","author":{"@id":"https:\/\/www.morh.hr\/en\/#\/schema\/person\/ec8e2528a579067d8bda0ae2124ac768"},"description":"\"I want to make it very clear that 3.5 percent will be allocated for military purposes and 1.5 percent for defence-related purposes,\" said Anu\u0161i\u0107","breadcrumb":{"@id":"https:\/\/www.morh.hr\/en\/at-the-nato-meeting-minister-anusic-croatia-is-prepared-to-increase-defence-spending-by-5\/#breadcrumb"},"inLanguage":"en-US","potentialAction":[{"@type":"ReadAction","target":["https:\/\/www.morh.hr\/en\/at-the-nato-meeting-minister-anusic-croatia-is-prepared-to-increase-defence-spending-by-5\/"]}]},{"@type":"ImageObject","inLanguage":"en-US","@id":"https:\/\/www.morh.hr\/en\/at-the-nato-meeting-minister-anusic-croatia-is-prepared-to-increase-defence-spending-by-5\/#primaryimage","url":"https:\/\/www.morh.hr\/wp-content\/uploads\/2025\/06\/2025-06-24-nato-haag-.jpg","contentUrl":"https:\/\/www.morh.hr\/wp-content\/uploads\/2025\/06\/2025-06-24-nato-haag-.jpg","width":2200,"height":1250,"caption":"View of the room"},{"@type":"BreadcrumbList","@id":"https:\/\/www.morh.hr\/en\/at-the-nato-meeting-minister-anusic-croatia-is-prepared-to-increase-defence-spending-by-5\/#breadcrumb","itemListElement":[{"@type":"ListItem","position":1,"name":"Naslovnica","item":"https:\/\/www.morh.hr\/en\/"},{"@type":"ListItem","position":2,"name":"News","item":"https:\/\/www.morh.hr\/en\/kategorija\/news\/"},{"@type":"ListItem","position":3,"name":"Press releases","item":"https:\/\/www.morh.hr\/en\/kategorija\/news\/press-releases\/"},{"@type":"ListItem","position":4,"name":"At the NATO meeting, Minister Anu\u0161i\u0107: &#8220;Croatia is prepared to increase defence spending by 5%&#8221;"}]},{"@type":"WebSite","@id":"https:\/\/www.morh.hr\/en\/#website","url":"https:\/\/www.morh.hr\/en\/","name":"MORH","description":"Ministarstvo obrane Republike Hrvatske - slu\u017ebene stranice","potentialAction":[{"@type":"SearchAction","target":{"@type":"EntryPoint","urlTemplate":"https:\/\/www.morh.hr\/en\/?s={search_term_string}"},"query-input":{"@type":"PropertyValueSpecification","valueRequired":true,"valueName":"search_term_string"}}],"inLanguage":"en-US"},{"@type":"Person","@id":"https:\/\/www.morh.hr\/en\/#\/schema\/person\/ec8e2528a579067d8bda0ae2124ac768","name":"Mladen","image":{"@type":"ImageObject","inLanguage":"en-US","@id":"https:\/\/www.morh.hr\/en\/#\/schema\/person\/image\/","url":"https:\/\/secure.gravatar.com\/avatar\/3d5ea7ca0d0a523cf2ec98548db52f920a5f6bbfd2c1aa63d237c2f445528cf7?s=96&d=mm&r=g","contentUrl":"https:\/\/secure.gravatar.com\/avatar\/3d5ea7ca0d0a523cf2ec98548db52f920a5f6bbfd2c1aa63d237c2f445528cf7?s=96&d=mm&r=g","caption":"Mladen"}}]}},"_links":{"self":[{"href":"https:\/\/www.morh.hr\/en\/wp-json\/wp\/v2\/posts\/257952","targetHints":{"allow":["GET"]}}],"collection":[{"href":"https:\/\/www.morh.hr\/en\/wp-json\/wp\/v2\/posts"}],"about":[{"href":"https:\/\/www.morh.hr\/en\/wp-json\/wp\/v2\/types\/post"}],"author":[{"embeddable":true,"href":"https:\/\/www.morh.hr\/en\/wp-json\/wp\/v2\/users\/4699"}],"replies":[{"embeddable":true,"href":"https:\/\/www.morh.hr\/en\/wp-json\/wp\/v2\/comments?post=257952"}],"version-history":[{"count":1,"href":"https:\/\/www.morh.hr\/en\/wp-json\/wp\/v2\/posts\/257952\/revisions"}],"predecessor-version":[{"id":257953,"href":"https:\/\/www.morh.hr\/en\/wp-json\/wp\/v2\/posts\/257952\/revisions\/257953"}],"wp:featuredmedia":[{"embeddable":true,"href":"https:\/\/www.morh.hr\/en\/wp-json\/wp\/v2\/media\/256583"}],"wp:attachment":[{"href":"https:\/\/www.morh.hr\/en\/wp-json\/wp\/v2\/media?parent=257952"}],"wp:term":[{"taxonomy":"category","embeddable":true,"href":"https:\/\/www.morh.hr\/en\/wp-json\/wp\/v2\/categories?post=257952"},{"taxonomy":"post_tag","embeddable":true,"href":"https:\/\/www.morh.hr\/en\/wp-json\/wp\/v2\/tags?post=257952"}],"curies":[{"name":"wp","href":"https:\/\/api.w.org\/{rel}","templated":true}]}}