{"id":257956,"date":"2025-06-26T13:16:41","date_gmt":"2025-06-26T11:16:41","guid":{"rendered":"https:\/\/www.morh.hr\/?p=257956"},"modified":"2025-12-02T09:24:32","modified_gmt":"2025-12-02T08:24:32","slug":"cda-honours-126-military-school-graduates-with-a-formal-graduation-ceremony","status":"publish","type":"post","link":"https:\/\/www.morh.hr\/en\/cda-honours-126-military-school-graduates-with-a-formal-graduation-ceremony\/","title":{"rendered":"CDA honours 126 military school graduates with a formal graduation ceremony"},"content":{"rendered":"<p>On 26 June 2025, the Croatian Military Academy Dr. Franjo Tu\u0111man held a ceremonial graduation ceremony for this year\u2019s generation of military graduates at the Petar Zrinski Barracks in Zagreb.<\/p>\n<p>Diplomas were awarded to 126 participants, including 106 members of the Croatian Armed Forces, one from each of the Ministry of the Interior, the Ministry of Defence, the Ministry of Foreign and European Affairs, and the Croatian Parliament, as well as 16 members of foreign armed forces from Bosnia and Herzegovina, Montenegro, the Republic of Kosovo, the Republic of North Macedonia, and the Republic of Slovenia.<\/p>\n<p>Speaking to the graduating students, Lieutenant General Tihomir Kundid, Chief of the General Staff of the Croatian Armed Forces, underlined: &#8220;This event represents both a new step of your professional development and a stage of your military education. With additional responsibilities, you assume leadership and decision-making responsibilities. This calls for expertise as well as a personal example.&#8221;<\/p>\n<p>&#8220;Contemporary security challenges are becoming increasingly complex and threats unpredictable, while technology determines the implementation of the primary tasks of a military organization. Technological sovereignty as the integration of new knowledge is becoming one of the key capabilities of the modern armed forces. Military education is not just preparation for performing new and higher duties, it is the foundation for the development of modern armed forces,&#8221; General Kundid told the graduates.<\/p>\n<p>The Commandant of the Croatian Military Academy, Major General Slaven Zdilar, congratulated the participants from all military school levels as well as those from partner and allied countries on successfully completing their training. He said it was a great pleasure to see everyone who had successfully finished their education, starting a new chapter in their distinguished military careers. He placed special emphasis on the significance of the international character of military education. &#8220;I am confident that the expertise and skills you have gained here will not only be a significant advancement in your military career, but also a genuine asset to the units and commands you are returning to or have recently been assigned to&#8221; said MG Slaven Zdilar.<\/p>\n<p>&#8220;The fundamental task of the CDA is to educate and prepare participants to readily assume and implement all duties and tasks in order to fulfil the mission and the very purpose of the existence of the Croatian Armed Forces, which is the defence of the homeland,&#8221; stated General Zdilar.<\/p>\n<p>The Supreme Commander of the Croatian Armed Forces and the President of the Republic of Croatia\u2019s envoy, Defence Advisor Ivica Oluji\u0107, commended everyone for choosing to serve in the military and for training and promotion.<\/p>\n<p>He stressed that the awarding of the first officer ranks to our new officers is undoubtedly the ceremony\u2019s most significant event. &#8220;I extend to them special greetings from President Milanovi\u0107 with best wishes for an effective beginning to their military service after the education they have successfully completed,&#8221; he said.<\/p>\n<p>&#8220;You did not get an ordinary job, but a duty in the Armed Forces, and after these ceremonies and maybe a short break, you will assume your first officer duties. I wish you success in this and that in a few years you will return here to the Croatian Military Academy to take part in the Advanced Officer Course, Command and Staff School, and War College,&#8221; concluded Mr. Oluji\u0107.<\/p>\n<p>Best students<\/p>\n<p>Among those promoted were students of the Ban Josip Jela\u010di\u0107 War College, the Command and Staff School Blago Zadro, the Basic Officer Course and the Advanced NCO Course.<br \/>\nThe graduates of the War College were given a ring along with their certificates. In honour of Major General Blago Zadro, the City of Vukovar presented the Plaque of the City of Vukovar and a monetary reward to the best Basic Officer Course student.<\/p>\n<p>This year, the plaque for the best student of the 33rd generation of the Command and Staff School was awarded to Major Boris Lokas, who donated the cash prize to the Duga humanitarian association Vukovar.<\/p>\n<p>This year\u2019s best student of the Command and Staff School Blago Zadro is Major Boris Lokas.<\/p>\n<p>Second Lieutenant Tomislav Juri\u0107-\u0106ivro is the best student of the 24th generation of Basic Officer Course.<\/p>\n<p>The best student of the 23rd generation of Advanced NCO Course is Master Sergeant Robert-Mike Jurkovac.<\/p>\n<p>In addition to military school students and lecturers from the Croatian Defence Academy, the ceremony was attended by the envoy of the President of the Republic of Croatia and the Supreme Commander of the Croatian Armed Forces, Defence Advisor Ivica Oluji\u0107, the envoy of the Deputy Prime Minister and Minister of Defence, Branko Hrg, the Chief of the General Staff of the CAF, Lieutenant General Tihomir Kundid, the Commandant of the Croatian Defence Academy, Major General Slaven Zdilar, as well as numerous officials and advisors from the Office of the President and the Ministry of Defence, former CDA commandants, generals, non-commissioned officers and soldiers, as well as representatives of religious communities, the Catholic Church and the Islamic Community, the first secretaries of the embassies of BIH and Kosovo, as well as representatives of the Military Diplomatic Corps.<\/p>\n<div class=\"morh-galleria\"><a href=\"https:\/\/live.staticflickr.com\/65535\/54614973311_e4492fd9ad_h.jpg\" title=\"Na HVU-u odr\u017eana sve\u010dana promocija 126 polaznika vojnih \u0161kola\"><img decoding=\"async\" data-title=\"Na HVU-u odr\u017eana sve\u010dana promocija 126 polaznika vojnih \u0161kola\" data-description=\"Sve\u010dana promocija ovogodi\u0161njih nara\u0161taja polaznika vojnih \u0161kola Hrvatskog vojnog u\u010dili\u0161ta 'Dr. Franjo Tu\u0111man' odr\u017eana je danas, 26. lipnja 2025. godine u vojarni 'Petar Zrinski' u Zagrebu | Foto: MORH\/ T. Brandt\" alt=\"Na HVU-u odr\u017eana sve\u010dana promocija 126 polaznika vojnih \u0161kola\" src=\"https:\/\/live.staticflickr.com\/65535\/54614973311_e4492fd9ad_h.jpg\" data-layer=\"&lt;div class=&#039;morh-gallery-image-download&#039;&gt;&lt;a href=&#039;https:\/\/live.staticflickr.com\/65535\/54614973311_91daa04204_o.jpg&#039; target=&#039;_blank&#039;&gt;Slika za preuzimanje&lt;\/a&gt;&lt;\/div&gt;\" \/><\/a><a href=\"https:\/\/live.staticflickr.com\/65535\/54615192273_b549d28711_h.jpg\" title=\"Na HVU-u odr\u017eana sve\u010dana promocija 126 polaznika vojnih \u0161kola\"><img decoding=\"async\" data-title=\"Na HVU-u odr\u017eana sve\u010dana promocija 126 polaznika vojnih \u0161kola\" data-description=\"Sve\u010dana promocija ovogodi\u0161njih nara\u0161taja polaznika vojnih \u0161kola Hrvatskog vojnog u\u010dili\u0161ta 'Dr. Franjo Tu\u0111man' odr\u017eana je danas, 26. lipnja 2025. godine u vojarni 'Petar Zrinski' u Zagrebu | Foto: MORH\/ T. Brandt\" alt=\"Na HVU-u odr\u017eana sve\u010dana promocija 126 polaznika vojnih \u0161kola\" src=\"https:\/\/live.staticflickr.com\/65535\/54615192273_b549d28711_h.jpg\" data-layer=\"&lt;div class=&#039;morh-gallery-image-download&#039;&gt;&lt;a href=&#039;https:\/\/live.staticflickr.com\/65535\/54615192273_5384be9f42_o.jpg&#039; target=&#039;_blank&#039;&gt;Slika za preuzimanje&lt;\/a&gt;&lt;\/div&gt;\" \/><\/a><a href=\"https:\/\/live.staticflickr.com\/65535\/54614093182_52138da307_h.jpg\" title=\"Na HVU-u odr\u017eana sve\u010dana promocija 126 polaznika vojnih \u0161kola\"><img decoding=\"async\" data-title=\"Na HVU-u odr\u017eana sve\u010dana promocija 126 polaznika vojnih \u0161kola\" data-description=\"Sve\u010dana promocija ovogodi\u0161njih nara\u0161taja polaznika vojnih \u0161kola Hrvatskog vojnog u\u010dili\u0161ta 'Dr. Franjo Tu\u0111man' odr\u017eana je danas, 26. lipnja 2025. godine u vojarni 'Petar Zrinski' u Zagrebu | Foto: MORH\/ T. Brandt\" alt=\"Na HVU-u odr\u017eana sve\u010dana promocija 126 polaznika vojnih \u0161kola\" src=\"https:\/\/live.staticflickr.com\/65535\/54614093182_52138da307_h.jpg\" data-layer=\"&lt;div class=&#039;morh-gallery-image-download&#039;&gt;&lt;a href=&#039;https:\/\/live.staticflickr.com\/65535\/54614093182_bc13c53552_o.jpg&#039; target=&#039;_blank&#039;&gt;Slika za preuzimanje&lt;\/a&gt;&lt;\/div&gt;\" \/><\/a><a href=\"https:\/\/live.staticflickr.com\/65535\/54615192268_9f6c4a9501_h.jpg\" title=\"Na HVU-u odr\u017eana sve\u010dana promocija 126 polaznika vojnih \u0161kola\"><img decoding=\"async\" data-title=\"Na HVU-u odr\u017eana sve\u010dana promocija 126 polaznika vojnih \u0161kola\" data-description=\"Sve\u010dana promocija ovogodi\u0161njih nara\u0161taja polaznika vojnih \u0161kola Hrvatskog vojnog u\u010dili\u0161ta 'Dr. Franjo Tu\u0111man' odr\u017eana je danas, 26. lipnja 2025. godine u vojarni 'Petar Zrinski' u Zagrebu | Foto: MORH\/ T. Brandt\" alt=\"Na HVU-u odr\u017eana sve\u010dana promocija 126 polaznika vojnih \u0161kola\" src=\"https:\/\/live.staticflickr.com\/65535\/54615192268_9f6c4a9501_h.jpg\" data-layer=\"&lt;div class=&#039;morh-gallery-image-download&#039;&gt;&lt;a href=&#039;https:\/\/live.staticflickr.com\/65535\/54615192268_7b73154418_o.jpg&#039; target=&#039;_blank&#039;&gt;Slika za preuzimanje&lt;\/a&gt;&lt;\/div&gt;\" \/><\/a><a href=\"https:\/\/live.staticflickr.com\/65535\/54615282690_e7187317f1_h.jpg\" title=\"Na HVU-u odr\u017eana sve\u010dana promocija 126 polaznika vojnih \u0161kola\"><img decoding=\"async\" data-title=\"Na HVU-u odr\u017eana sve\u010dana promocija 126 polaznika vojnih \u0161kola\" data-description=\"Sve\u010dana promocija ovogodi\u0161njih nara\u0161taja polaznika vojnih \u0161kola Hrvatskog vojnog u\u010dili\u0161ta 'Dr. Franjo Tu\u0111man' odr\u017eana je danas, 26. lipnja 2025. godine u vojarni 'Petar Zrinski' u Zagrebu | Foto: MORH\/ T. Brandt\" alt=\"Na HVU-u odr\u017eana sve\u010dana promocija 126 polaznika vojnih \u0161kola\" src=\"https:\/\/live.staticflickr.com\/65535\/54615282690_e7187317f1_h.jpg\" data-layer=\"&lt;div class=&#039;morh-gallery-image-download&#039;&gt;&lt;a href=&#039;https:\/\/live.staticflickr.com\/65535\/54615282690_9aedc7c3b1_o.jpg&#039; target=&#039;_blank&#039;&gt;Slika za preuzimanje&lt;\/a&gt;&lt;\/div&gt;\" \/><\/a><a href=\"https:\/\/live.staticflickr.com\/65535\/54615172109_72e7d18ee4_h.jpg\" title=\"Na HVU-u odr\u017eana sve\u010dana promocija 126 polaznika vojnih \u0161kola\"><img decoding=\"async\" data-title=\"Na HVU-u odr\u017eana sve\u010dana promocija 126 polaznika vojnih \u0161kola\" data-description=\"Sve\u010dana promocija ovogodi\u0161njih nara\u0161taja polaznika vojnih \u0161kola Hrvatskog vojnog u\u010dili\u0161ta 'Dr. Franjo Tu\u0111man' odr\u017eana je danas, 26. lipnja 2025. godine u vojarni 'Petar Zrinski' u Zagrebu | Foto: MORH\/ T. Brandt\" alt=\"Na HVU-u odr\u017eana sve\u010dana promocija 126 polaznika vojnih \u0161kola\" src=\"https:\/\/live.staticflickr.com\/65535\/54615172109_72e7d18ee4_h.jpg\" data-layer=\"&lt;div class=&#039;morh-gallery-image-download&#039;&gt;&lt;a href=&#039;https:\/\/live.staticflickr.com\/65535\/54615172109_04a8a6dd0c_o.jpg&#039; target=&#039;_blank&#039;&gt;Slika za preuzimanje&lt;\/a&gt;&lt;\/div&gt;\" \/><\/a><a href=\"https:\/\/live.staticflickr.com\/65535\/54615192413_1a33ddbd3d_h.jpg\" title=\"Na HVU-u odr\u017eana sve\u010dana promocija 126 polaznika vojnih \u0161kola\"><img decoding=\"async\" data-title=\"Na HVU-u odr\u017eana sve\u010dana promocija 126 polaznika vojnih \u0161kola\" data-description=\"Sve\u010dana promocija ovogodi\u0161njih nara\u0161taja polaznika vojnih \u0161kola Hrvatskog vojnog u\u010dili\u0161ta 'Dr. Franjo Tu\u0111man' odr\u017eana je danas, 26. lipnja 2025. godine u vojarni 'Petar Zrinski' u Zagrebu | Foto: MORH\/ T. Brandt\" alt=\"Na HVU-u odr\u017eana sve\u010dana promocija 126 polaznika vojnih \u0161kola\" src=\"https:\/\/live.staticflickr.com\/65535\/54615192413_1a33ddbd3d_h.jpg\" data-layer=\"&lt;div class=&#039;morh-gallery-image-download&#039;&gt;&lt;a href=&#039;https:\/\/live.staticflickr.com\/65535\/54615192413_c1fe9794df_o.jpg&#039; target=&#039;_blank&#039;&gt;Slika za preuzimanje&lt;\/a&gt;&lt;\/div&gt;\" \/><\/a><a href=\"https:\/\/live.staticflickr.com\/65535\/54615282675_20b35a2480_h.jpg\" title=\"Na HVU-u odr\u017eana sve\u010dana promocija 126 polaznika vojnih \u0161kola\"><img decoding=\"async\" data-title=\"Na HVU-u odr\u017eana sve\u010dana promocija 126 polaznika vojnih \u0161kola\" data-description=\"Sve\u010dana promocija ovogodi\u0161njih nara\u0161taja polaznika vojnih \u0161kola Hrvatskog vojnog u\u010dili\u0161ta 'Dr. Franjo Tu\u0111man' odr\u017eana je danas, 26. lipnja 2025. godine u vojarni 'Petar Zrinski' u Zagrebu | Foto: MORH\/ T. Brandt\" alt=\"Na HVU-u odr\u017eana sve\u010dana promocija 126 polaznika vojnih \u0161kola\" src=\"https:\/\/live.staticflickr.com\/65535\/54615282675_20b35a2480_h.jpg\" data-layer=\"&lt;div class=&#039;morh-gallery-image-download&#039;&gt;&lt;a href=&#039;https:\/\/live.staticflickr.com\/65535\/54615282675_c1fe9794df_o.jpg&#039; target=&#039;_blank&#039;&gt;Slika za preuzimanje&lt;\/a&gt;&lt;\/div&gt;\" \/><\/a><a href=\"https:\/\/live.staticflickr.com\/65535\/54615282640_0df636a1a3_h.jpg\" title=\"Na HVU-u odr\u017eana sve\u010dana promocija 126 polaznika vojnih \u0161kola\"><img decoding=\"async\" data-title=\"Na HVU-u odr\u017eana sve\u010dana promocija 126 polaznika vojnih \u0161kola\" data-description=\"Sve\u010dana promocija ovogodi\u0161njih nara\u0161taja polaznika vojnih \u0161kola Hrvatskog vojnog u\u010dili\u0161ta 'Dr. Franjo Tu\u0111man' odr\u017eana je danas, 26. lipnja 2025. godine u vojarni 'Petar Zrinski' u Zagrebu | Foto: MORH\/ T. Brandt\" alt=\"Na HVU-u odr\u017eana sve\u010dana promocija 126 polaznika vojnih \u0161kola\" src=\"https:\/\/live.staticflickr.com\/65535\/54615282640_0df636a1a3_h.jpg\" data-layer=\"&lt;div class=&#039;morh-gallery-image-download&#039;&gt;&lt;a href=&#039;https:\/\/live.staticflickr.com\/65535\/54615282640_d509a9bd89_o.jpg&#039; target=&#039;_blank&#039;&gt;Slika za preuzimanje&lt;\/a&gt;&lt;\/div&gt;\" \/><\/a><a href=\"https:\/\/live.staticflickr.com\/65535\/54615282625_be2d447dd2_h.jpg\" title=\"Na HVU-u odr\u017eana sve\u010dana promocija 126 polaznika vojnih \u0161kola\"><img decoding=\"async\" data-title=\"Na HVU-u odr\u017eana sve\u010dana promocija 126 polaznika vojnih \u0161kola\" data-description=\"Sve\u010dana promocija ovogodi\u0161njih nara\u0161taja polaznika vojnih \u0161kola Hrvatskog vojnog u\u010dili\u0161ta 'Dr. Franjo Tu\u0111man' odr\u017eana je danas, 26. lipnja 2025. godine u vojarni 'Petar Zrinski' u Zagrebu | Foto: MORH\/ T. Brandt\" alt=\"Na HVU-u odr\u017eana sve\u010dana promocija 126 polaznika vojnih \u0161kola\" src=\"https:\/\/live.staticflickr.com\/65535\/54615282625_be2d447dd2_h.jpg\" data-layer=\"&lt;div class=&#039;morh-gallery-image-download&#039;&gt;&lt;a href=&#039;https:\/\/live.staticflickr.com\/65535\/54615282625_7a3af11bd4_o.jpg&#039; target=&#039;_blank&#039;&gt;Slika za preuzimanje&lt;\/a&gt;&lt;\/div&gt;\" \/><\/a><a href=\"https:\/\/live.staticflickr.com\/65535\/54615192403_36b6eb6e31_h.jpg\" title=\"Na HVU-u odr\u017eana sve\u010dana promocija 126 polaznika vojnih \u0161kola\"><img decoding=\"async\" data-title=\"Na HVU-u odr\u017eana sve\u010dana promocija 126 polaznika vojnih \u0161kola\" data-description=\"Sve\u010dana promocija ovogodi\u0161njih nara\u0161taja polaznika vojnih \u0161kola Hrvatskog vojnog u\u010dili\u0161ta 'Dr. Franjo Tu\u0111man' odr\u017eana je danas, 26. lipnja 2025. godine u vojarni 'Petar Zrinski' u Zagrebu | Foto: MORH\/ T. Brandt\" alt=\"Na HVU-u odr\u017eana sve\u010dana promocija 126 polaznika vojnih \u0161kola\" src=\"https:\/\/live.staticflickr.com\/65535\/54615192403_36b6eb6e31_h.jpg\" data-layer=\"&lt;div class=&#039;morh-gallery-image-download&#039;&gt;&lt;a href=&#039;https:\/\/live.staticflickr.com\/65535\/54615192403_e1683bf5dc_o.jpg&#039; target=&#039;_blank&#039;&gt;Slika za preuzimanje&lt;\/a&gt;&lt;\/div&gt;\" \/><\/a><a href=\"https:\/\/live.staticflickr.com\/65535\/54614093242_b1bd9497d9_h.jpg\" title=\"Na HVU-u odr\u017eana sve\u010dana promocija 126 polaznika vojnih \u0161kola\"><img decoding=\"async\" data-title=\"Na HVU-u odr\u017eana sve\u010dana promocija 126 polaznika vojnih \u0161kola\" data-description=\"Sve\u010dana promocija ovogodi\u0161njih nara\u0161taja polaznika vojnih \u0161kola Hrvatskog vojnog u\u010dili\u0161ta 'Dr. Franjo Tu\u0111man' odr\u017eana je danas, 26. lipnja 2025. godine u vojarni 'Petar Zrinski' u Zagrebu | Foto: MORH\/ T. Brandt\" alt=\"Na HVU-u odr\u017eana sve\u010dana promocija 126 polaznika vojnih \u0161kola\" src=\"https:\/\/live.staticflickr.com\/65535\/54614093242_b1bd9497d9_h.jpg\" data-layer=\"&lt;div class=&#039;morh-gallery-image-download&#039;&gt;&lt;a href=&#039;https:\/\/live.staticflickr.com\/65535\/54614093242_5e82d91ee9_o.jpg&#039; target=&#039;_blank&#039;&gt;Slika za preuzimanje&lt;\/a&gt;&lt;\/div&gt;\" \/><\/a><a href=\"https:\/\/live.staticflickr.com\/65535\/54615192338_20f3f04e27_h.jpg\" title=\"Na HVU-u odr\u017eana sve\u010dana promocija 126 polaznika vojnih \u0161kola\"><img decoding=\"async\" data-title=\"Na HVU-u odr\u017eana sve\u010dana promocija 126 polaznika vojnih \u0161kola\" data-description=\"Sve\u010dana promocija ovogodi\u0161njih nara\u0161taja polaznika vojnih \u0161kola Hrvatskog vojnog u\u010dili\u0161ta 'Dr. Franjo Tu\u0111man' odr\u017eana je danas, 26. lipnja 2025. godine u vojarni 'Petar Zrinski' u Zagrebu | Foto: MORH\/ T. Brandt\" alt=\"Na HVU-u odr\u017eana sve\u010dana promocija 126 polaznika vojnih \u0161kola\" src=\"https:\/\/live.staticflickr.com\/65535\/54615192338_20f3f04e27_h.jpg\" data-layer=\"&lt;div class=&#039;morh-gallery-image-download&#039;&gt;&lt;a href=&#039;https:\/\/live.staticflickr.com\/65535\/54615192338_54b584db12_o.jpg&#039; target=&#039;_blank&#039;&gt;Slika za preuzimanje&lt;\/a&gt;&lt;\/div&gt;\" \/><\/a><a href=\"https:\/\/live.staticflickr.com\/65535\/54614093237_0ea8abaf20_h.jpg\" title=\"Na HVU-u odr\u017eana sve\u010dana promocija 126 polaznika vojnih \u0161kola\"><img decoding=\"async\" data-title=\"Na HVU-u odr\u017eana sve\u010dana promocija 126 polaznika vojnih \u0161kola\" data-description=\"Sve\u010dana promocija ovogodi\u0161njih nara\u0161taja polaznika vojnih \u0161kola Hrvatskog vojnog u\u010dili\u0161ta 'Dr. Franjo Tu\u0111man' odr\u017eana je danas, 26. lipnja 2025. godine u vojarni 'Petar Zrinski' u Zagrebu | Foto: MORH\/ T. Brandt\" alt=\"Na HVU-u odr\u017eana sve\u010dana promocija 126 polaznika vojnih \u0161kola\" src=\"https:\/\/live.staticflickr.com\/65535\/54614093237_0ea8abaf20_h.jpg\" data-layer=\"&lt;div class=&#039;morh-gallery-image-download&#039;&gt;&lt;a href=&#039;https:\/\/live.staticflickr.com\/65535\/54614093237_762688f72d_o.jpg&#039; target=&#039;_blank&#039;&gt;Slika za preuzimanje&lt;\/a&gt;&lt;\/div&gt;\" \/><\/a><a href=\"https:\/\/live.staticflickr.com\/65535\/54615171994_eca1b4abe1_h.jpg\" title=\"Na HVU-u odr\u017eana sve\u010dana promocija 126 polaznika vojnih \u0161kola\"><img decoding=\"async\" data-title=\"Na HVU-u odr\u017eana sve\u010dana promocija 126 polaznika vojnih \u0161kola\" data-description=\"Sve\u010dana promocija ovogodi\u0161njih nara\u0161taja polaznika vojnih \u0161kola Hrvatskog vojnog u\u010dili\u0161ta 'Dr. Franjo Tu\u0111man' odr\u017eana je danas, 26. lipnja 2025. godine u vojarni 'Petar Zrinski' u Zagrebu | Foto: MORH\/ T. Brandt\" alt=\"Na HVU-u odr\u017eana sve\u010dana promocija 126 polaznika vojnih \u0161kola\" src=\"https:\/\/live.staticflickr.com\/65535\/54615171994_eca1b4abe1_h.jpg\" data-layer=\"&lt;div class=&#039;morh-gallery-image-download&#039;&gt;&lt;a href=&#039;https:\/\/live.staticflickr.com\/65535\/54615171994_b16519bc30_o.jpg&#039; target=&#039;_blank&#039;&gt;Slika za preuzimanje&lt;\/a&gt;&lt;\/div&gt;\" \/><\/a><a href=\"https:\/\/live.staticflickr.com\/65535\/54615171959_9d21ee6ebe_h.jpg\" title=\"Na HVU-u odr\u017eana sve\u010dana promocija 126 polaznika vojnih \u0161kola\"><img decoding=\"async\" data-title=\"Na HVU-u odr\u017eana sve\u010dana promocija 126 polaznika vojnih \u0161kola\" data-description=\"Sve\u010dana promocija ovogodi\u0161njih nara\u0161taja polaznika vojnih \u0161kola Hrvatskog vojnog u\u010dili\u0161ta 'Dr. Franjo Tu\u0111man' odr\u017eana je danas, 26. lipnja 2025. godine u vojarni 'Petar Zrinski' u Zagrebu | Foto: MORH\/ T. Brandt\" alt=\"Na HVU-u odr\u017eana sve\u010dana promocija 126 polaznika vojnih \u0161kola\" src=\"https:\/\/live.staticflickr.com\/65535\/54615171959_9d21ee6ebe_h.jpg\" data-layer=\"&lt;div class=&#039;morh-gallery-image-download&#039;&gt;&lt;a href=&#039;https:\/\/live.staticflickr.com\/65535\/54615171959_994d556366_o.jpg&#039; target=&#039;_blank&#039;&gt;Slika za preuzimanje&lt;\/a&gt;&lt;\/div&gt;\" \/><\/a><a href=\"https:\/\/live.staticflickr.com\/65535\/54614093147_838b3e4438_h.jpg\" title=\"Na HVU-u odr\u017eana sve\u010dana promocija 126 polaznika vojnih \u0161kola\"><img decoding=\"async\" data-title=\"Na HVU-u odr\u017eana sve\u010dana promocija 126 polaznika vojnih \u0161kola\" data-description=\"Sve\u010dana promocija ovogodi\u0161njih nara\u0161taja polaznika vojnih \u0161kola Hrvatskog vojnog u\u010dili\u0161ta 'Dr. Franjo Tu\u0111man' odr\u017eana je danas, 26. lipnja 2025. godine u vojarni 'Petar Zrinski' u Zagrebu | Foto: MORH\/ T. Brandt\" alt=\"Na HVU-u odr\u017eana sve\u010dana promocija 126 polaznika vojnih \u0161kola\" src=\"https:\/\/live.staticflickr.com\/65535\/54614093147_838b3e4438_h.jpg\" data-layer=\"&lt;div class=&#039;morh-gallery-image-download&#039;&gt;&lt;a href=&#039;https:\/\/live.staticflickr.com\/65535\/54614093147_67bd0d480b_o.jpg&#039; target=&#039;_blank&#039;&gt;Slika za preuzimanje&lt;\/a&gt;&lt;\/div&gt;\" \/><\/a><a href=\"https:\/\/live.staticflickr.com\/65535\/54614093152_02f0fa9eee_h.jpg\" title=\"Na HVU-u odr\u017eana sve\u010dana promocija 126 polaznika vojnih \u0161kola\"><img decoding=\"async\" data-title=\"Na HVU-u odr\u017eana sve\u010dana promocija 126 polaznika vojnih \u0161kola\" data-description=\"Sve\u010dana promocija ovogodi\u0161njih nara\u0161taja polaznika vojnih \u0161kola Hrvatskog vojnog u\u010dili\u0161ta 'Dr. Franjo Tu\u0111man' odr\u017eana je danas, 26. lipnja 2025. godine u vojarni 'Petar Zrinski' u Zagrebu | Foto: MORH\/ T. Brandt\" alt=\"Na HVU-u odr\u017eana sve\u010dana promocija 126 polaznika vojnih \u0161kola\" src=\"https:\/\/live.staticflickr.com\/65535\/54614093152_02f0fa9eee_h.jpg\" data-layer=\"&lt;div class=&#039;morh-gallery-image-download&#039;&gt;&lt;a href=&#039;https:\/\/live.staticflickr.com\/65535\/54614093152_0fd629f910_o.jpg&#039; target=&#039;_blank&#039;&gt;Slika za preuzimanje&lt;\/a&gt;&lt;\/div&gt;\" \/><\/a><a href=\"https:\/\/live.staticflickr.com\/65535\/54614093157_2d7be008e3_h.jpg\" title=\"Na HVU-u odr\u017eana sve\u010dana promocija 126 polaznika vojnih \u0161kola\"><img decoding=\"async\" data-title=\"Na HVU-u odr\u017eana sve\u010dana promocija 126 polaznika vojnih \u0161kola\" data-description=\"Sve\u010dana promocija ovogodi\u0161njih nara\u0161taja polaznika vojnih \u0161kola Hrvatskog vojnog u\u010dili\u0161ta 'Dr. Franjo Tu\u0111man' odr\u017eana je danas, 26. lipnja 2025. godine u vojarni 'Petar Zrinski' u Zagrebu | Foto: MORH\/ T. Brandt\" alt=\"Na HVU-u odr\u017eana sve\u010dana promocija 126 polaznika vojnih \u0161kola\" src=\"https:\/\/live.staticflickr.com\/65535\/54614093157_2d7be008e3_h.jpg\" data-layer=\"&lt;div class=&#039;morh-gallery-image-download&#039;&gt;&lt;a href=&#039;https:\/\/live.staticflickr.com\/65535\/54614093157_1ddb5460f9_o.jpg&#039; target=&#039;_blank&#039;&gt;Slika za preuzimanje&lt;\/a&gt;&lt;\/div&gt;\" \/><\/a><a href=\"https:\/\/live.staticflickr.com\/65535\/54615192238_91166dd37d_h.jpg\" title=\"Na HVU-u odr\u017eana sve\u010dana promocija 126 polaznika vojnih \u0161kola\"><img decoding=\"async\" data-title=\"Na HVU-u odr\u017eana sve\u010dana promocija 126 polaznika vojnih \u0161kola\" data-description=\"Sve\u010dana promocija ovogodi\u0161njih nara\u0161taja polaznika vojnih \u0161kola Hrvatskog vojnog u\u010dili\u0161ta 'Dr. Franjo Tu\u0111man' odr\u017eana je danas, 26. lipnja 2025. godine u vojarni 'Petar Zrinski' u Zagrebu | Foto: MORH\/ T. Brandt\" alt=\"Na HVU-u odr\u017eana sve\u010dana promocija 126 polaznika vojnih \u0161kola\" src=\"https:\/\/live.staticflickr.com\/65535\/54615192238_91166dd37d_h.jpg\" data-layer=\"&lt;div class=&#039;morh-gallery-image-download&#039;&gt;&lt;a href=&#039;https:\/\/live.staticflickr.com\/65535\/54615192238_1b0e99118f_o.jpg&#039; target=&#039;_blank&#039;&gt;Slika za preuzimanje&lt;\/a&gt;&lt;\/div&gt;\" \/><\/a><\/div><!--\/.morh-galleria -->\n","protected":false},"excerpt":{"rendered":"<p>Lieutenant General Tihomir Kundid asserted that military education is the cornerstone for the development of modern armed forces and not only a means of preparing for new and more challenging tasks<\/p>\n","protected":false},"author":4699,"featured_media":256642,"comment_status":"closed","ping_status":"closed","sticky":false,"template":"","format":"standard","meta":{"_acf_changed":false,"_monsterinsights_skip_tracking":false,"_monsterinsights_sitenote_active":false,"_monsterinsights_sitenote_note":"","_monsterinsights_sitenote_category":0,"footnotes":""},"categories":[117],"tags":[],"class_list":["post-257956","post","type-post","status-publish","format-standard","has-post-thumbnail","hentry","category-press-releases"],"acf":[],"yoast_head":"<!-- This site is optimized with the Yoast SEO plugin v26.9 - https:\/\/yoast.com\/product\/yoast-seo-wordpress\/ -->\n<title>CDA honours 126 military school graduates with a formal graduation ceremony - MORH<\/title>\n<meta name=\"description\" content=\"Lieutenant General Tihomir Kundid asserted that military education is the cornerstone for the development of modern armed forces and not only a means of preparing for new and more challenging tasks\" \/>\n<meta name=\"robots\" content=\"index, follow, max-snippet:-1, max-image-preview:large, max-video-preview:-1\" \/>\n<link rel=\"canonical\" href=\"https:\/\/www.morh.hr\/en\/cda-honours-126-military-school-graduates-with-a-formal-graduation-ceremony\/\" \/>\n<meta property=\"og:locale\" content=\"en_US\" \/>\n<meta property=\"og:type\" content=\"article\" \/>\n<meta property=\"og:title\" content=\"CDA honours 126 military school graduates with a formal graduation ceremony - MORH\" \/>\n<meta property=\"og:description\" content=\"Lieutenant General Tihomir Kundid asserted that military education is the cornerstone for the development of modern armed forces and not only a means of preparing for new and more challenging tasks\" \/>\n<meta property=\"og:url\" content=\"https:\/\/www.morh.hr\/en\/cda-honours-126-military-school-graduates-with-a-formal-graduation-ceremony\/\" \/>\n<meta property=\"og:site_name\" content=\"MORH\" \/>\n<meta property=\"article:publisher\" content=\"https:\/\/www.facebook.com\/sportasiuhrvatskojvojsci\/\" \/>\n<meta property=\"article:published_time\" content=\"2025-06-26T11:16:41+00:00\" \/>\n<meta property=\"article:modified_time\" content=\"2025-12-02T08:24:32+00:00\" \/>\n<meta property=\"og:image\" content=\"https:\/\/www.morh.hr\/wp-content\/uploads\/2025\/06\/2025-06-26-promocija-polaznika-vojnih-skola.jpg\" \/>\n\t<meta property=\"og:image:width\" content=\"2400\" \/>\n\t<meta property=\"og:image:height\" content=\"1597\" \/>\n\t<meta property=\"og:image:type\" content=\"image\/jpeg\" \/>\n<meta name=\"author\" content=\"Mladen\" \/>\n<meta name=\"twitter:card\" content=\"summary_large_image\" \/>\n<meta name=\"twitter:creator\" content=\"@morh_osrh\" \/>\n<meta name=\"twitter:site\" content=\"@morh_osrh\" \/>\n<meta name=\"twitter:label1\" content=\"Written by\" \/>\n\t<meta name=\"twitter:data1\" content=\"Mladen\" \/>\n\t<meta name=\"twitter:label2\" content=\"Est. reading time\" \/>\n\t<meta name=\"twitter:data2\" content=\"5 minutes\" \/>\n<script type=\"application\/ld+json\" class=\"yoast-schema-graph\">{\"@context\":\"https:\/\/schema.org\",\"@graph\":[{\"@type\":\"Article\",\"@id\":\"https:\/\/www.morh.hr\/en\/cda-honours-126-military-school-graduates-with-a-formal-graduation-ceremony\/#article\",\"isPartOf\":{\"@id\":\"https:\/\/www.morh.hr\/en\/cda-honours-126-military-school-graduates-with-a-formal-graduation-ceremony\/\"},\"author\":{\"name\":\"Mladen\",\"@id\":\"https:\/\/www.morh.hr\/en\/#\/schema\/person\/ec8e2528a579067d8bda0ae2124ac768\"},\"headline\":\"CDA honours 126 military school graduates with a formal graduation ceremony\",\"datePublished\":\"2025-06-26T11:16:41+00:00\",\"dateModified\":\"2025-12-02T08:24:32+00:00\",\"mainEntityOfPage\":{\"@id\":\"https:\/\/www.morh.hr\/en\/cda-honours-126-military-school-graduates-with-a-formal-graduation-ceremony\/\"},\"wordCount\":859,\"image\":{\"@id\":\"https:\/\/www.morh.hr\/en\/cda-honours-126-military-school-graduates-with-a-formal-graduation-ceremony\/#primaryimage\"},\"thumbnailUrl\":\"https:\/\/www.morh.hr\/wp-content\/uploads\/2025\/06\/2025-06-26-promocija-polaznika-vojnih-skola.jpg\",\"articleSection\":[\"Press releases\"],\"inLanguage\":\"en-US\"},{\"@type\":\"WebPage\",\"@id\":\"https:\/\/www.morh.hr\/en\/cda-honours-126-military-school-graduates-with-a-formal-graduation-ceremony\/\",\"url\":\"https:\/\/www.morh.hr\/en\/cda-honours-126-military-school-graduates-with-a-formal-graduation-ceremony\/\",\"name\":\"CDA honours 126 military school graduates with a formal graduation ceremony - MORH\",\"isPartOf\":{\"@id\":\"https:\/\/www.morh.hr\/en\/#website\"},\"primaryImageOfPage\":{\"@id\":\"https:\/\/www.morh.hr\/en\/cda-honours-126-military-school-graduates-with-a-formal-graduation-ceremony\/#primaryimage\"},\"image\":{\"@id\":\"https:\/\/www.morh.hr\/en\/cda-honours-126-military-school-graduates-with-a-formal-graduation-ceremony\/#primaryimage\"},\"thumbnailUrl\":\"https:\/\/www.morh.hr\/wp-content\/uploads\/2025\/06\/2025-06-26-promocija-polaznika-vojnih-skola.jpg\",\"datePublished\":\"2025-06-26T11:16:41+00:00\",\"dateModified\":\"2025-12-02T08:24:32+00:00\",\"author\":{\"@id\":\"https:\/\/www.morh.hr\/en\/#\/schema\/person\/ec8e2528a579067d8bda0ae2124ac768\"},\"description\":\"Lieutenant General Tihomir Kundid asserted that military education is the cornerstone for the development of modern armed forces and not only a means of preparing for new and more challenging tasks\",\"breadcrumb\":{\"@id\":\"https:\/\/www.morh.hr\/en\/cda-honours-126-military-school-graduates-with-a-formal-graduation-ceremony\/#breadcrumb\"},\"inLanguage\":\"en-US\",\"potentialAction\":[{\"@type\":\"ReadAction\",\"target\":[\"https:\/\/www.morh.hr\/en\/cda-honours-126-military-school-graduates-with-a-formal-graduation-ceremony\/\"]}]},{\"@type\":\"ImageObject\",\"inLanguage\":\"en-US\",\"@id\":\"https:\/\/www.morh.hr\/en\/cda-honours-126-military-school-graduates-with-a-formal-graduation-ceremony\/#primaryimage\",\"url\":\"https:\/\/www.morh.hr\/wp-content\/uploads\/2025\/06\/2025-06-26-promocija-polaznika-vojnih-skola.jpg\",\"contentUrl\":\"https:\/\/www.morh.hr\/wp-content\/uploads\/2025\/06\/2025-06-26-promocija-polaznika-vojnih-skola.jpg\",\"width\":2400,\"height\":1597,\"caption\":\"Na HVU-u odr\u017eana sve\u010dana promocija 126 polaznika vojnih \u0161kola | Foto: MORH\/ T. Brandt\"},{\"@type\":\"BreadcrumbList\",\"@id\":\"https:\/\/www.morh.hr\/en\/cda-honours-126-military-school-graduates-with-a-formal-graduation-ceremony\/#breadcrumb\",\"itemListElement\":[{\"@type\":\"ListItem\",\"position\":1,\"name\":\"Naslovnica\",\"item\":\"https:\/\/www.morh.hr\/en\/\"},{\"@type\":\"ListItem\",\"position\":2,\"name\":\"News\",\"item\":\"https:\/\/www.morh.hr\/en\/kategorija\/news\/\"},{\"@type\":\"ListItem\",\"position\":3,\"name\":\"Press releases\",\"item\":\"https:\/\/www.morh.hr\/en\/kategorija\/news\/press-releases\/\"},{\"@type\":\"ListItem\",\"position\":4,\"name\":\"CDA honours 126 military school graduates with a formal graduation ceremony\"}]},{\"@type\":\"WebSite\",\"@id\":\"https:\/\/www.morh.hr\/en\/#website\",\"url\":\"https:\/\/www.morh.hr\/en\/\",\"name\":\"MORH\",\"description\":\"Ministarstvo obrane Republike Hrvatske - slu\u017ebene stranice\",\"potentialAction\":[{\"@type\":\"SearchAction\",\"target\":{\"@type\":\"EntryPoint\",\"urlTemplate\":\"https:\/\/www.morh.hr\/en\/?s={search_term_string}\"},\"query-input\":{\"@type\":\"PropertyValueSpecification\",\"valueRequired\":true,\"valueName\":\"search_term_string\"}}],\"inLanguage\":\"en-US\"},{\"@type\":\"Person\",\"@id\":\"https:\/\/www.morh.hr\/en\/#\/schema\/person\/ec8e2528a579067d8bda0ae2124ac768\",\"name\":\"Mladen\",\"image\":{\"@type\":\"ImageObject\",\"inLanguage\":\"en-US\",\"@id\":\"https:\/\/www.morh.hr\/en\/#\/schema\/person\/image\/\",\"url\":\"https:\/\/secure.gravatar.com\/avatar\/3d5ea7ca0d0a523cf2ec98548db52f920a5f6bbfd2c1aa63d237c2f445528cf7?s=96&d=mm&r=g\",\"contentUrl\":\"https:\/\/secure.gravatar.com\/avatar\/3d5ea7ca0d0a523cf2ec98548db52f920a5f6bbfd2c1aa63d237c2f445528cf7?s=96&d=mm&r=g\",\"caption\":\"Mladen\"}}]}<\/script>\n<!-- \/ Yoast SEO plugin. -->","yoast_head_json":{"title":"CDA honours 126 military school graduates with a formal graduation ceremony - MORH","description":"Lieutenant General Tihomir Kundid asserted that military education is the cornerstone for the development of modern armed forces and not only a means of preparing for new and more challenging tasks","robots":{"index":"index","follow":"follow","max-snippet":"max-snippet:-1","max-image-preview":"max-image-preview:large","max-video-preview":"max-video-preview:-1"},"canonical":"https:\/\/www.morh.hr\/en\/cda-honours-126-military-school-graduates-with-a-formal-graduation-ceremony\/","og_locale":"en_US","og_type":"article","og_title":"CDA honours 126 military school graduates with a formal graduation ceremony - MORH","og_description":"Lieutenant General Tihomir Kundid asserted that military education is the cornerstone for the development of modern armed forces and not only a means of preparing for new and more challenging tasks","og_url":"https:\/\/www.morh.hr\/en\/cda-honours-126-military-school-graduates-with-a-formal-graduation-ceremony\/","og_site_name":"MORH","article_publisher":"https:\/\/www.facebook.com\/sportasiuhrvatskojvojsci\/","article_published_time":"2025-06-26T11:16:41+00:00","article_modified_time":"2025-12-02T08:24:32+00:00","og_image":[{"width":2400,"height":1597,"url":"https:\/\/www.morh.hr\/wp-content\/uploads\/2025\/06\/2025-06-26-promocija-polaznika-vojnih-skola.jpg","type":"image\/jpeg"}],"author":"Mladen","twitter_card":"summary_large_image","twitter_creator":"@morh_osrh","twitter_site":"@morh_osrh","twitter_misc":{"Written by":"Mladen","Est. reading time":"5 minutes"},"schema":{"@context":"https:\/\/schema.org","@graph":[{"@type":"Article","@id":"https:\/\/www.morh.hr\/en\/cda-honours-126-military-school-graduates-with-a-formal-graduation-ceremony\/#article","isPartOf":{"@id":"https:\/\/www.morh.hr\/en\/cda-honours-126-military-school-graduates-with-a-formal-graduation-ceremony\/"},"author":{"name":"Mladen","@id":"https:\/\/www.morh.hr\/en\/#\/schema\/person\/ec8e2528a579067d8bda0ae2124ac768"},"headline":"CDA honours 126 military school graduates with a formal graduation ceremony","datePublished":"2025-06-26T11:16:41+00:00","dateModified":"2025-12-02T08:24:32+00:00","mainEntityOfPage":{"@id":"https:\/\/www.morh.hr\/en\/cda-honours-126-military-school-graduates-with-a-formal-graduation-ceremony\/"},"wordCount":859,"image":{"@id":"https:\/\/www.morh.hr\/en\/cda-honours-126-military-school-graduates-with-a-formal-graduation-ceremony\/#primaryimage"},"thumbnailUrl":"https:\/\/www.morh.hr\/wp-content\/uploads\/2025\/06\/2025-06-26-promocija-polaznika-vojnih-skola.jpg","articleSection":["Press releases"],"inLanguage":"en-US"},{"@type":"WebPage","@id":"https:\/\/www.morh.hr\/en\/cda-honours-126-military-school-graduates-with-a-formal-graduation-ceremony\/","url":"https:\/\/www.morh.hr\/en\/cda-honours-126-military-school-graduates-with-a-formal-graduation-ceremony\/","name":"CDA honours 126 military school graduates with a formal graduation ceremony - MORH","isPartOf":{"@id":"https:\/\/www.morh.hr\/en\/#website"},"primaryImageOfPage":{"@id":"https:\/\/www.morh.hr\/en\/cda-honours-126-military-school-graduates-with-a-formal-graduation-ceremony\/#primaryimage"},"image":{"@id":"https:\/\/www.morh.hr\/en\/cda-honours-126-military-school-graduates-with-a-formal-graduation-ceremony\/#primaryimage"},"thumbnailUrl":"https:\/\/www.morh.hr\/wp-content\/uploads\/2025\/06\/2025-06-26-promocija-polaznika-vojnih-skola.jpg","datePublished":"2025-06-26T11:16:41+00:00","dateModified":"2025-12-02T08:24:32+00:00","author":{"@id":"https:\/\/www.morh.hr\/en\/#\/schema\/person\/ec8e2528a579067d8bda0ae2124ac768"},"description":"Lieutenant General Tihomir Kundid asserted that military education is the cornerstone for the development of modern armed forces and not only a means of preparing for new and more challenging tasks","breadcrumb":{"@id":"https:\/\/www.morh.hr\/en\/cda-honours-126-military-school-graduates-with-a-formal-graduation-ceremony\/#breadcrumb"},"inLanguage":"en-US","potentialAction":[{"@type":"ReadAction","target":["https:\/\/www.morh.hr\/en\/cda-honours-126-military-school-graduates-with-a-formal-graduation-ceremony\/"]}]},{"@type":"ImageObject","inLanguage":"en-US","@id":"https:\/\/www.morh.hr\/en\/cda-honours-126-military-school-graduates-with-a-formal-graduation-ceremony\/#primaryimage","url":"https:\/\/www.morh.hr\/wp-content\/uploads\/2025\/06\/2025-06-26-promocija-polaznika-vojnih-skola.jpg","contentUrl":"https:\/\/www.morh.hr\/wp-content\/uploads\/2025\/06\/2025-06-26-promocija-polaznika-vojnih-skola.jpg","width":2400,"height":1597,"caption":"Na HVU-u odr\u017eana sve\u010dana promocija 126 polaznika vojnih \u0161kola | Foto: MORH\/ T. Brandt"},{"@type":"BreadcrumbList","@id":"https:\/\/www.morh.hr\/en\/cda-honours-126-military-school-graduates-with-a-formal-graduation-ceremony\/#breadcrumb","itemListElement":[{"@type":"ListItem","position":1,"name":"Naslovnica","item":"https:\/\/www.morh.hr\/en\/"},{"@type":"ListItem","position":2,"name":"News","item":"https:\/\/www.morh.hr\/en\/kategorija\/news\/"},{"@type":"ListItem","position":3,"name":"Press releases","item":"https:\/\/www.morh.hr\/en\/kategorija\/news\/press-releases\/"},{"@type":"ListItem","position":4,"name":"CDA honours 126 military school graduates with a formal graduation ceremony"}]},{"@type":"WebSite","@id":"https:\/\/www.morh.hr\/en\/#website","url":"https:\/\/www.morh.hr\/en\/","name":"MORH","description":"Ministarstvo obrane Republike Hrvatske - slu\u017ebene stranice","potentialAction":[{"@type":"SearchAction","target":{"@type":"EntryPoint","urlTemplate":"https:\/\/www.morh.hr\/en\/?s={search_term_string}"},"query-input":{"@type":"PropertyValueSpecification","valueRequired":true,"valueName":"search_term_string"}}],"inLanguage":"en-US"},{"@type":"Person","@id":"https:\/\/www.morh.hr\/en\/#\/schema\/person\/ec8e2528a579067d8bda0ae2124ac768","name":"Mladen","image":{"@type":"ImageObject","inLanguage":"en-US","@id":"https:\/\/www.morh.hr\/en\/#\/schema\/person\/image\/","url":"https:\/\/secure.gravatar.com\/avatar\/3d5ea7ca0d0a523cf2ec98548db52f920a5f6bbfd2c1aa63d237c2f445528cf7?s=96&d=mm&r=g","contentUrl":"https:\/\/secure.gravatar.com\/avatar\/3d5ea7ca0d0a523cf2ec98548db52f920a5f6bbfd2c1aa63d237c2f445528cf7?s=96&d=mm&r=g","caption":"Mladen"}}]}},"_links":{"self":[{"href":"https:\/\/www.morh.hr\/en\/wp-json\/wp\/v2\/posts\/257956","targetHints":{"allow":["GET"]}}],"collection":[{"href":"https:\/\/www.morh.hr\/en\/wp-json\/wp\/v2\/posts"}],"about":[{"href":"https:\/\/www.morh.hr\/en\/wp-json\/wp\/v2\/types\/post"}],"author":[{"embeddable":true,"href":"https:\/\/www.morh.hr\/en\/wp-json\/wp\/v2\/users\/4699"}],"replies":[{"embeddable":true,"href":"https:\/\/www.morh.hr\/en\/wp-json\/wp\/v2\/comments?post=257956"}],"version-history":[{"count":1,"href":"https:\/\/www.morh.hr\/en\/wp-json\/wp\/v2\/posts\/257956\/revisions"}],"predecessor-version":[{"id":257957,"href":"https:\/\/www.morh.hr\/en\/wp-json\/wp\/v2\/posts\/257956\/revisions\/257957"}],"wp:featuredmedia":[{"embeddable":true,"href":"https:\/\/www.morh.hr\/en\/wp-json\/wp\/v2\/media\/256642"}],"wp:attachment":[{"href":"https:\/\/www.morh.hr\/en\/wp-json\/wp\/v2\/media?parent=257956"}],"wp:term":[{"taxonomy":"category","embeddable":true,"href":"https:\/\/www.morh.hr\/en\/wp-json\/wp\/v2\/categories?post=257956"},{"taxonomy":"post_tag","embeddable":true,"href":"https:\/\/www.morh.hr\/en\/wp-json\/wp\/v2\/tags?post=257956"}],"curies":[{"name":"wp","href":"https:\/\/api.w.org\/{rel}","templated":true}]}}