{"id":263821,"date":"2025-10-27T11:23:57","date_gmt":"2025-10-27T10:23:57","guid":{"rendered":"https:\/\/www.morh.hr\/?p=263821"},"modified":"2025-11-26T11:35:13","modified_gmt":"2025-11-26T10:35:13","slug":"minister-anusic-pays-an-official-visit-to-ukraine","status":"publish","type":"post","link":"https:\/\/www.morh.hr\/en\/minister-anusic-pays-an-official-visit-to-ukraine\/","title":{"rendered":"Minister Anu\u0161i\u0107 Pays an Official Visit to Ukraine"},"content":{"rendered":"<p>Deputy Prime Minister and Minister of Defence Ivan Anu\u0161i\u0107 arrived this morning for a two-day official visit to Ukraine, during which he will meet with Ukrainian Defence Minister Denys Shmyhal in Kyiv on Monday, 27 October 2025.<\/p>\n<p>Minister Anu\u0161i\u0107 and Ukrainian Defence Minister Shmyhal will discuss the continuation of Croatia&#8217;s support to the Ukrainian people, assistance to Ukraine\u2019s defence industry, as well as cooperation between Croatian and Ukrainian defence companies and joint defence projects.<\/p>\n<p>The Republic of Croatia has supported and assisted Ukraine since the beginning of the Russian aggression, having so far donated 14 packages of military aid worth a total of 214 million euros.<\/p>\n<p>&#8220;In addition to this bilateral visit, I have come to Kyiv to pay tribute to the brave Ukrainian people, the Ukrainian warriors, and all the victims of Russia\u2019s war of aggression against Ukraine. Ukraine has been resisting Russian attacks for almost four years. Croatia knows what it means to face an imposed war, and the Croatian Government will continue to support Ukraine through humanitarian and military assistance. During my visit to Kyiv, we will also discuss support for Ukraine\u2019s defence industry and cooperation between the Croatian and Ukrainian military industries,&#8221; said Minister Anu\u0161i\u0107.<\/p>\n<div class=\"morh-galleria\"><a href=\"https:\/\/live.staticflickr.com\/65535\/54879344902_2af594624b_h.jpg\" title=\"Ministar Anu\u0161i\u0107 u slu\u017ebenom posjetu Ukrajini\"><img decoding=\"async\" data-title=\"Ministar Anu\u0161i\u0107 u slu\u017ebenom posjetu Ukrajini\" data-description=\"Ministar Anu\u0161i\u0107 sastat \u0107e se s ukrajinskim ministrom obrane \u0160mihalom | Foto: MORH\/ J. \u0160eri\" alt=\"Ministar Anu\u0161i\u0107 u slu\u017ebenom posjetu Ukrajini\" src=\"https:\/\/live.staticflickr.com\/65535\/54879344902_2af594624b_h.jpg\" data-layer=\"&lt;div class=&#039;morh-gallery-image-download&#039;&gt;&lt;a href=&#039;https:\/\/live.staticflickr.com\/65535\/54879344902_e30549b4a8_o.jpg&#039; target=&#039;_blank&#039;&gt;Slika za preuzimanje&lt;\/a&gt;&lt;\/div&gt;\" \/><\/a><a href=\"https:\/\/live.staticflickr.com\/65535\/54880458494_597df72966_h.jpg\" title=\"Ministar Anu\u0161i\u0107 u slu\u017ebenom posjetu Ukrajini\"><img decoding=\"async\" data-title=\"Ministar Anu\u0161i\u0107 u slu\u017ebenom posjetu Ukrajini\" data-description=\"Ministar Anu\u0161i\u0107 sastat \u0107e se s ukrajinskim ministrom obrane \u0160mihalom | Foto: MORH\/ J. \u0160eri\" alt=\"Ministar Anu\u0161i\u0107 u slu\u017ebenom posjetu Ukrajini\" src=\"https:\/\/live.staticflickr.com\/65535\/54880458494_597df72966_h.jpg\" data-layer=\"&lt;div class=&#039;morh-gallery-image-download&#039;&gt;&lt;a href=&#039;https:\/\/live.staticflickr.com\/65535\/54880458494_c847b3aa55_o.jpg&#039; target=&#039;_blank&#039;&gt;Slika za preuzimanje&lt;\/a&gt;&lt;\/div&gt;\" \/><\/a><a href=\"https:\/\/live.staticflickr.com\/65535\/54880231811_473d0d0618_h.jpg\" title=\"Ministar Anu\u0161i\u0107 u slu\u017ebenom posjetu Ukrajini\"><img decoding=\"async\" data-title=\"Ministar Anu\u0161i\u0107 u slu\u017ebenom posjetu Ukrajini\" data-description=\"Ministar Anu\u0161i\u0107 sastat \u0107e se s ukrajinskim ministrom obrane \u0160mihalom | Foto: MORH\/ J. \u0160eri\" alt=\"Ministar Anu\u0161i\u0107 u slu\u017ebenom posjetu Ukrajini\" src=\"https:\/\/live.staticflickr.com\/65535\/54880231811_473d0d0618_h.jpg\" data-layer=\"&lt;div class=&#039;morh-gallery-image-download&#039;&gt;&lt;a href=&#039;https:\/\/live.staticflickr.com\/65535\/54880231811_512abd1bbe_o.jpg&#039; target=&#039;_blank&#039;&gt;Slika za preuzimanje&lt;\/a&gt;&lt;\/div&gt;\" \/><\/a><\/div><!--\/.morh-galleria -->\n","protected":false},"excerpt":{"rendered":"<p>Minister Anu\u0161i\u0107 to Meet Ukrainian Defence Minister Shmyhal<\/p>\n","protected":false},"author":4699,"featured_media":263822,"comment_status":"closed","ping_status":"closed","sticky":false,"template":"","format":"standard","meta":{"_acf_changed":false,"_monsterinsights_skip_tracking":false,"_monsterinsights_sitenote_active":false,"_monsterinsights_sitenote_note":"","_monsterinsights_sitenote_category":0,"footnotes":""},"categories":[117],"tags":[],"class_list":["post-263821","post","type-post","status-publish","format-standard","has-post-thumbnail","hentry","category-press-releases"],"acf":[],"yoast_head":"<!-- This site is optimized with the Yoast SEO plugin v26.9 - https:\/\/yoast.com\/product\/yoast-seo-wordpress\/ -->\n<title>Minister Anu\u0161i\u0107 Pays an Official Visit to Ukraine - MORH<\/title>\n<meta name=\"description\" content=\"Minister Anu\u0161i\u0107 to Meet Ukrainian Defence Minister Shmyhal\" \/>\n<meta name=\"robots\" content=\"index, follow, max-snippet:-1, max-image-preview:large, max-video-preview:-1\" \/>\n<link rel=\"canonical\" href=\"https:\/\/www.morh.hr\/en\/minister-anusic-pays-an-official-visit-to-ukraine\/\" \/>\n<meta property=\"og:locale\" content=\"en_US\" \/>\n<meta property=\"og:type\" content=\"article\" \/>\n<meta property=\"og:title\" content=\"Minister Anu\u0161i\u0107 Pays an Official Visit to Ukraine - MORH\" \/>\n<meta property=\"og:description\" content=\"Minister Anu\u0161i\u0107 to Meet Ukrainian Defence Minister Shmyhal\" \/>\n<meta property=\"og:url\" content=\"https:\/\/www.morh.hr\/en\/minister-anusic-pays-an-official-visit-to-ukraine\/\" \/>\n<meta property=\"og:site_name\" content=\"MORH\" \/>\n<meta property=\"article:publisher\" content=\"https:\/\/www.facebook.com\/sportasiuhrvatskojvojsci\/\" \/>\n<meta property=\"article:published_time\" content=\"2025-10-27T10:23:57+00:00\" \/>\n<meta property=\"article:modified_time\" content=\"2025-11-26T10:35:13+00:00\" \/>\n<meta property=\"og:image\" content=\"https:\/\/www.morh.hr\/wp-content\/uploads\/2025\/11\/2025-10-25-mo-ukraina-eng.jpg\" \/>\n\t<meta property=\"og:image:width\" content=\"2400\" \/>\n\t<meta property=\"og:image:height\" content=\"1608\" \/>\n\t<meta property=\"og:image:type\" content=\"image\/jpeg\" \/>\n<meta name=\"author\" content=\"Mladen\" \/>\n<meta name=\"twitter:card\" content=\"summary_large_image\" \/>\n<meta name=\"twitter:creator\" content=\"@morh_osrh\" \/>\n<meta name=\"twitter:site\" content=\"@morh_osrh\" \/>\n<meta name=\"twitter:label1\" content=\"Written by\" \/>\n\t<meta name=\"twitter:data1\" content=\"Mladen\" \/>\n\t<meta name=\"twitter:label2\" content=\"Est. reading time\" \/>\n\t<meta name=\"twitter:data2\" content=\"2 minutes\" \/>\n<script type=\"application\/ld+json\" class=\"yoast-schema-graph\">{\"@context\":\"https:\/\/schema.org\",\"@graph\":[{\"@type\":\"Article\",\"@id\":\"https:\/\/www.morh.hr\/en\/minister-anusic-pays-an-official-visit-to-ukraine\/#article\",\"isPartOf\":{\"@id\":\"https:\/\/www.morh.hr\/en\/minister-anusic-pays-an-official-visit-to-ukraine\/\"},\"author\":{\"name\":\"Mladen\",\"@id\":\"https:\/\/www.morh.hr\/en\/#\/schema\/person\/ec8e2528a579067d8bda0ae2124ac768\"},\"headline\":\"Minister Anu\u0161i\u0107 Pays an Official Visit to Ukraine\",\"datePublished\":\"2025-10-27T10:23:57+00:00\",\"dateModified\":\"2025-11-26T10:35:13+00:00\",\"mainEntityOfPage\":{\"@id\":\"https:\/\/www.morh.hr\/en\/minister-anusic-pays-an-official-visit-to-ukraine\/\"},\"wordCount\":217,\"image\":{\"@id\":\"https:\/\/www.morh.hr\/en\/minister-anusic-pays-an-official-visit-to-ukraine\/#primaryimage\"},\"thumbnailUrl\":\"https:\/\/www.morh.hr\/wp-content\/uploads\/2025\/11\/2025-10-25-mo-ukraina-eng.jpg\",\"articleSection\":[\"Press releases\"],\"inLanguage\":\"en-US\"},{\"@type\":\"WebPage\",\"@id\":\"https:\/\/www.morh.hr\/en\/minister-anusic-pays-an-official-visit-to-ukraine\/\",\"url\":\"https:\/\/www.morh.hr\/en\/minister-anusic-pays-an-official-visit-to-ukraine\/\",\"name\":\"Minister Anu\u0161i\u0107 Pays an Official Visit to Ukraine - MORH\",\"isPartOf\":{\"@id\":\"https:\/\/www.morh.hr\/en\/#website\"},\"primaryImageOfPage\":{\"@id\":\"https:\/\/www.morh.hr\/en\/minister-anusic-pays-an-official-visit-to-ukraine\/#primaryimage\"},\"image\":{\"@id\":\"https:\/\/www.morh.hr\/en\/minister-anusic-pays-an-official-visit-to-ukraine\/#primaryimage\"},\"thumbnailUrl\":\"https:\/\/www.morh.hr\/wp-content\/uploads\/2025\/11\/2025-10-25-mo-ukraina-eng.jpg\",\"datePublished\":\"2025-10-27T10:23:57+00:00\",\"dateModified\":\"2025-11-26T10:35:13+00:00\",\"author\":{\"@id\":\"https:\/\/www.morh.hr\/en\/#\/schema\/person\/ec8e2528a579067d8bda0ae2124ac768\"},\"description\":\"Minister Anu\u0161i\u0107 to Meet Ukrainian Defence Minister Shmyhal\",\"breadcrumb\":{\"@id\":\"https:\/\/www.morh.hr\/en\/minister-anusic-pays-an-official-visit-to-ukraine\/#breadcrumb\"},\"inLanguage\":\"en-US\",\"potentialAction\":[{\"@type\":\"ReadAction\",\"target\":[\"https:\/\/www.morh.hr\/en\/minister-anusic-pays-an-official-visit-to-ukraine\/\"]}]},{\"@type\":\"ImageObject\",\"inLanguage\":\"en-US\",\"@id\":\"https:\/\/www.morh.hr\/en\/minister-anusic-pays-an-official-visit-to-ukraine\/#primaryimage\",\"url\":\"https:\/\/www.morh.hr\/wp-content\/uploads\/2025\/11\/2025-10-25-mo-ukraina-eng.jpg\",\"contentUrl\":\"https:\/\/www.morh.hr\/wp-content\/uploads\/2025\/11\/2025-10-25-mo-ukraina-eng.jpg\",\"width\":2400,\"height\":1608,\"caption\":\"Minister Anu\u0161i\u0107 Pays an Official Visit to Ukraine | Photo: MORH\/ J. \u0160eri\"},{\"@type\":\"BreadcrumbList\",\"@id\":\"https:\/\/www.morh.hr\/en\/minister-anusic-pays-an-official-visit-to-ukraine\/#breadcrumb\",\"itemListElement\":[{\"@type\":\"ListItem\",\"position\":1,\"name\":\"Naslovnica\",\"item\":\"https:\/\/www.morh.hr\/en\/\"},{\"@type\":\"ListItem\",\"position\":2,\"name\":\"News\",\"item\":\"https:\/\/www.morh.hr\/en\/kategorija\/news\/\"},{\"@type\":\"ListItem\",\"position\":3,\"name\":\"Press releases\",\"item\":\"https:\/\/www.morh.hr\/en\/kategorija\/news\/press-releases\/\"},{\"@type\":\"ListItem\",\"position\":4,\"name\":\"Minister Anu\u0161i\u0107 Pays an Official Visit to Ukraine\"}]},{\"@type\":\"WebSite\",\"@id\":\"https:\/\/www.morh.hr\/en\/#website\",\"url\":\"https:\/\/www.morh.hr\/en\/\",\"name\":\"MORH\",\"description\":\"Ministarstvo obrane Republike Hrvatske - slu\u017ebene stranice\",\"potentialAction\":[{\"@type\":\"SearchAction\",\"target\":{\"@type\":\"EntryPoint\",\"urlTemplate\":\"https:\/\/www.morh.hr\/en\/?s={search_term_string}\"},\"query-input\":{\"@type\":\"PropertyValueSpecification\",\"valueRequired\":true,\"valueName\":\"search_term_string\"}}],\"inLanguage\":\"en-US\"},{\"@type\":\"Person\",\"@id\":\"https:\/\/www.morh.hr\/en\/#\/schema\/person\/ec8e2528a579067d8bda0ae2124ac768\",\"name\":\"Mladen\",\"image\":{\"@type\":\"ImageObject\",\"inLanguage\":\"en-US\",\"@id\":\"https:\/\/www.morh.hr\/en\/#\/schema\/person\/image\/\",\"url\":\"https:\/\/secure.gravatar.com\/avatar\/3d5ea7ca0d0a523cf2ec98548db52f920a5f6bbfd2c1aa63d237c2f445528cf7?s=96&d=mm&r=g\",\"contentUrl\":\"https:\/\/secure.gravatar.com\/avatar\/3d5ea7ca0d0a523cf2ec98548db52f920a5f6bbfd2c1aa63d237c2f445528cf7?s=96&d=mm&r=g\",\"caption\":\"Mladen\"}}]}<\/script>\n<!-- \/ Yoast SEO plugin. -->","yoast_head_json":{"title":"Minister Anu\u0161i\u0107 Pays an Official Visit to Ukraine - MORH","description":"Minister Anu\u0161i\u0107 to Meet Ukrainian Defence Minister Shmyhal","robots":{"index":"index","follow":"follow","max-snippet":"max-snippet:-1","max-image-preview":"max-image-preview:large","max-video-preview":"max-video-preview:-1"},"canonical":"https:\/\/www.morh.hr\/en\/minister-anusic-pays-an-official-visit-to-ukraine\/","og_locale":"en_US","og_type":"article","og_title":"Minister Anu\u0161i\u0107 Pays an Official Visit to Ukraine - MORH","og_description":"Minister Anu\u0161i\u0107 to Meet Ukrainian Defence Minister Shmyhal","og_url":"https:\/\/www.morh.hr\/en\/minister-anusic-pays-an-official-visit-to-ukraine\/","og_site_name":"MORH","article_publisher":"https:\/\/www.facebook.com\/sportasiuhrvatskojvojsci\/","article_published_time":"2025-10-27T10:23:57+00:00","article_modified_time":"2025-11-26T10:35:13+00:00","og_image":[{"width":2400,"height":1608,"url":"https:\/\/www.morh.hr\/wp-content\/uploads\/2025\/11\/2025-10-25-mo-ukraina-eng.jpg","type":"image\/jpeg"}],"author":"Mladen","twitter_card":"summary_large_image","twitter_creator":"@morh_osrh","twitter_site":"@morh_osrh","twitter_misc":{"Written by":"Mladen","Est. reading time":"2 minutes"},"schema":{"@context":"https:\/\/schema.org","@graph":[{"@type":"Article","@id":"https:\/\/www.morh.hr\/en\/minister-anusic-pays-an-official-visit-to-ukraine\/#article","isPartOf":{"@id":"https:\/\/www.morh.hr\/en\/minister-anusic-pays-an-official-visit-to-ukraine\/"},"author":{"name":"Mladen","@id":"https:\/\/www.morh.hr\/en\/#\/schema\/person\/ec8e2528a579067d8bda0ae2124ac768"},"headline":"Minister Anu\u0161i\u0107 Pays an Official Visit to Ukraine","datePublished":"2025-10-27T10:23:57+00:00","dateModified":"2025-11-26T10:35:13+00:00","mainEntityOfPage":{"@id":"https:\/\/www.morh.hr\/en\/minister-anusic-pays-an-official-visit-to-ukraine\/"},"wordCount":217,"image":{"@id":"https:\/\/www.morh.hr\/en\/minister-anusic-pays-an-official-visit-to-ukraine\/#primaryimage"},"thumbnailUrl":"https:\/\/www.morh.hr\/wp-content\/uploads\/2025\/11\/2025-10-25-mo-ukraina-eng.jpg","articleSection":["Press releases"],"inLanguage":"en-US"},{"@type":"WebPage","@id":"https:\/\/www.morh.hr\/en\/minister-anusic-pays-an-official-visit-to-ukraine\/","url":"https:\/\/www.morh.hr\/en\/minister-anusic-pays-an-official-visit-to-ukraine\/","name":"Minister Anu\u0161i\u0107 Pays an Official Visit to Ukraine - MORH","isPartOf":{"@id":"https:\/\/www.morh.hr\/en\/#website"},"primaryImageOfPage":{"@id":"https:\/\/www.morh.hr\/en\/minister-anusic-pays-an-official-visit-to-ukraine\/#primaryimage"},"image":{"@id":"https:\/\/www.morh.hr\/en\/minister-anusic-pays-an-official-visit-to-ukraine\/#primaryimage"},"thumbnailUrl":"https:\/\/www.morh.hr\/wp-content\/uploads\/2025\/11\/2025-10-25-mo-ukraina-eng.jpg","datePublished":"2025-10-27T10:23:57+00:00","dateModified":"2025-11-26T10:35:13+00:00","author":{"@id":"https:\/\/www.morh.hr\/en\/#\/schema\/person\/ec8e2528a579067d8bda0ae2124ac768"},"description":"Minister Anu\u0161i\u0107 to Meet Ukrainian Defence Minister Shmyhal","breadcrumb":{"@id":"https:\/\/www.morh.hr\/en\/minister-anusic-pays-an-official-visit-to-ukraine\/#breadcrumb"},"inLanguage":"en-US","potentialAction":[{"@type":"ReadAction","target":["https:\/\/www.morh.hr\/en\/minister-anusic-pays-an-official-visit-to-ukraine\/"]}]},{"@type":"ImageObject","inLanguage":"en-US","@id":"https:\/\/www.morh.hr\/en\/minister-anusic-pays-an-official-visit-to-ukraine\/#primaryimage","url":"https:\/\/www.morh.hr\/wp-content\/uploads\/2025\/11\/2025-10-25-mo-ukraina-eng.jpg","contentUrl":"https:\/\/www.morh.hr\/wp-content\/uploads\/2025\/11\/2025-10-25-mo-ukraina-eng.jpg","width":2400,"height":1608,"caption":"Minister Anu\u0161i\u0107 Pays an Official Visit to Ukraine | Photo: MORH\/ J. \u0160eri"},{"@type":"BreadcrumbList","@id":"https:\/\/www.morh.hr\/en\/minister-anusic-pays-an-official-visit-to-ukraine\/#breadcrumb","itemListElement":[{"@type":"ListItem","position":1,"name":"Naslovnica","item":"https:\/\/www.morh.hr\/en\/"},{"@type":"ListItem","position":2,"name":"News","item":"https:\/\/www.morh.hr\/en\/kategorija\/news\/"},{"@type":"ListItem","position":3,"name":"Press releases","item":"https:\/\/www.morh.hr\/en\/kategorija\/news\/press-releases\/"},{"@type":"ListItem","position":4,"name":"Minister Anu\u0161i\u0107 Pays an Official Visit to Ukraine"}]},{"@type":"WebSite","@id":"https:\/\/www.morh.hr\/en\/#website","url":"https:\/\/www.morh.hr\/en\/","name":"MORH","description":"Ministarstvo obrane Republike Hrvatske - slu\u017ebene stranice","potentialAction":[{"@type":"SearchAction","target":{"@type":"EntryPoint","urlTemplate":"https:\/\/www.morh.hr\/en\/?s={search_term_string}"},"query-input":{"@type":"PropertyValueSpecification","valueRequired":true,"valueName":"search_term_string"}}],"inLanguage":"en-US"},{"@type":"Person","@id":"https:\/\/www.morh.hr\/en\/#\/schema\/person\/ec8e2528a579067d8bda0ae2124ac768","name":"Mladen","image":{"@type":"ImageObject","inLanguage":"en-US","@id":"https:\/\/www.morh.hr\/en\/#\/schema\/person\/image\/","url":"https:\/\/secure.gravatar.com\/avatar\/3d5ea7ca0d0a523cf2ec98548db52f920a5f6bbfd2c1aa63d237c2f445528cf7?s=96&d=mm&r=g","contentUrl":"https:\/\/secure.gravatar.com\/avatar\/3d5ea7ca0d0a523cf2ec98548db52f920a5f6bbfd2c1aa63d237c2f445528cf7?s=96&d=mm&r=g","caption":"Mladen"}}]}},"_links":{"self":[{"href":"https:\/\/www.morh.hr\/en\/wp-json\/wp\/v2\/posts\/263821","targetHints":{"allow":["GET"]}}],"collection":[{"href":"https:\/\/www.morh.hr\/en\/wp-json\/wp\/v2\/posts"}],"about":[{"href":"https:\/\/www.morh.hr\/en\/wp-json\/wp\/v2\/types\/post"}],"author":[{"embeddable":true,"href":"https:\/\/www.morh.hr\/en\/wp-json\/wp\/v2\/users\/4699"}],"replies":[{"embeddable":true,"href":"https:\/\/www.morh.hr\/en\/wp-json\/wp\/v2\/comments?post=263821"}],"version-history":[{"count":1,"href":"https:\/\/www.morh.hr\/en\/wp-json\/wp\/v2\/posts\/263821\/revisions"}],"predecessor-version":[{"id":263824,"href":"https:\/\/www.morh.hr\/en\/wp-json\/wp\/v2\/posts\/263821\/revisions\/263824"}],"wp:featuredmedia":[{"embeddable":true,"href":"https:\/\/www.morh.hr\/en\/wp-json\/wp\/v2\/media\/263822"}],"wp:attachment":[{"href":"https:\/\/www.morh.hr\/en\/wp-json\/wp\/v2\/media?parent=263821"}],"wp:term":[{"taxonomy":"category","embeddable":true,"href":"https:\/\/www.morh.hr\/en\/wp-json\/wp\/v2\/categories?post=263821"},{"taxonomy":"post_tag","embeddable":true,"href":"https:\/\/www.morh.hr\/en\/wp-json\/wp\/v2\/tags?post=263821"}],"curies":[{"name":"wp","href":"https:\/\/api.w.org\/{rel}","templated":true}]}}