{"id":264569,"date":"2025-10-01T14:54:50","date_gmt":"2025-10-01T12:54:50","guid":{"rendered":"https:\/\/www.morh.hr\/?p=264569"},"modified":"2025-12-09T14:58:00","modified_gmt":"2025-12-09T13:58:00","slug":"anusic-exercise-sava-star-strengthens-the-alliance-between-the-republic-of-croatia-and-the-united-kingdom","status":"publish","type":"post","link":"https:\/\/www.morh.hr\/en\/anusic-exercise-sava-star-strengthens-the-alliance-between-the-republic-of-croatia-and-the-united-kingdom\/","title":{"rendered":"Anu\u0161i\u0107: Exercise Sava Star Strengthens the Alliance Between the Republic of Croatia and the United Kingdom"},"content":{"rendered":"<p>The Deputy Prime Minister of the Republic of Croatia and Minister of Defence Ivan Anu\u0161i\u0107, the Chief of the General Staff of the Croatian Armed Forces, Lieutenant General Tihomir Kundid, and the Ambassador of the United Kingdom of Great Britain and Northern Ireland, H.E. Javed Patel, attended the official presentation of the International Military Exercise Sava Star 25 today, 1 October 2025, at the &#8220;Ga\u0161inci&#8221; military range in Ga\u0161inci.<\/p>\n<p>During coordinated exercise, the audience observed a manoeuvre to seize the opposing positions conducted jointly by the Croatian and British armed forces.<\/p>\n<p>The Deputy Prime Minister of the Republic of Croatia and Minister of Defence Ivan Anu\u0161i\u0107 stressed that, through their participation in the international military exercise Sava Star, the British and Croatian Armed Forces are demonstrating their knowledge, skills and capabilities.<\/p>\n<p>&#8220;I would like to emphasise that Croatia, and in particular the Ministry of Defence, seeks to strengthen and enhance ties and cooperation with the United Kingdom. In the situation, in which we all find ourselves in, the United Kingdom clearly supports Croatian policy, and Croatia supports the policy of the United Kingdom,&#8221; said Minister Anu\u0161i\u0107.<\/p>\n<p>In conclusion, Minister Anu\u0161i\u0107 stated that in his bilateral talks with Ambassador H.E. Javed Patel, they agreed upon the need to strengthen communication, joint projects and cooperation between the British and Croatian Armed Forces.<\/p>\n<p>The Chief of the General Staff, Lieutenant General Tihomir Kundid, explained that in this joint exercise, the Croatian and British Armed Forces formed a combined multinational battalion-level unit with a multinational command.<\/p>\n<p>&#8220;This exercise demonstrated the unified operation of the Croatian and British Armed Forces. The aim of such exercises is to standardise procedures to enable the forces to conduct joint manoeuvre operations,&#8221; said General Kundid.<\/p>\n<p>The Ambassador of the United Kingdom of Great Britain and Northern Ireland, H.E. Javed Patel, expressed his satisfaction with the exercise and stated: &#8220;Strengthening the partnership between the United Kingdom and Croatia in the field of defence is one of my key priorities. This exercise forms an important part of our cooperation and, given the challenging security situation, I believe that such exercises are important for ensuring a timely response to potential threats.&#8221;<\/p>\n<p>The British Defence Attach\u00e9 to Croatia, Andrew Higgs, expressed his satisfaction with the cooperation between the British and Croatian Armed Forces demonstrated at the international military exercise Sava Star.<\/p>\n<p>The International Military Exercise Sava Star 25 is being conducted from 18 September to 5 October 2025 at the &#8220;Ga\u0161inci&#8221; military range in Ga\u0161inci. It brings together 120 members of the Croatian Armed Forces and 80 members of the British Armed Forces.<\/p>\n<p>The Sava Star international military exercise has been conducted since 2013 as part of bilateral military cooperation between the Croatian Armed Forces and the British Armed Forces. The aim of the exercise is to improve interoperability, both technical and procedural, and to test and standardise tactics against modern threats.<\/p>\n<div class=\"morh-galleria\"><a href=\"https:\/\/live.staticflickr.com\/65535\/54825021684_bf437e4ff8_h.jpg\" title=\"Anu\u0161i\u0107: Vje\u017ebom Sava Star ja\u010damo savezni\u0161tvo Hrvatske i Ujedinjenog Kraljevstva\"><img decoding=\"async\" data-title=\"Anu\u0161i\u0107: Vje\u017ebom Sava Star ja\u010damo savezni\u0161tvo Hrvatske i Ujedinjenog Kraljevstva\" data-description=\"Potpredsjednik Vlade Republike Hrvatske i ministar obrane Ivan Anu\u0161i\u0107, na\u010delnik Glavnog sto\u017eera Oru\u017eanih snaga RH general-pukovnik Tihomir Kundid i veleposlanik Ujedinjenog Kraljevstva Velike Britanije i Sjeverne Irske Javed Patel prisustvovali su prikazu me\u0111unarodne vojne vje\u017ebe Sava Star 25 danas, 1. listopada 2025., na vojnom poligonu 'Ga\u0161inci' u Ga\u0161incima | Foto: MORH\/ J. Kopi\" alt=\"Anu\u0161i\u0107: Vje\u017ebom Sava Star ja\u010damo savezni\u0161tvo Hrvatske i Ujedinjenog Kraljevstva\" src=\"https:\/\/live.staticflickr.com\/65535\/54825021684_bf437e4ff8_h.jpg\" data-layer=\"&lt;div class=&#039;morh-gallery-image-download&#039;&gt;&lt;a href=&#039;https:\/\/live.staticflickr.com\/65535\/54825021684_81a5f88957_o.jpg&#039; target=&#039;_blank&#039;&gt;Slika za preuzimanje&lt;\/a&gt;&lt;\/div&gt;\" \/><\/a><a href=\"https:\/\/live.staticflickr.com\/65535\/54825041853_6307774959_h.jpg\" title=\"Anu\u0161i\u0107: Vje\u017ebom Sava Star ja\u010damo savezni\u0161tvo Hrvatske i Ujedinjenog Kraljevstva\"><img decoding=\"async\" data-title=\"Anu\u0161i\u0107: Vje\u017ebom Sava Star ja\u010damo savezni\u0161tvo Hrvatske i Ujedinjenog Kraljevstva\" data-description=\"Potpredsjednik Vlade Republike Hrvatske i ministar obrane Ivan Anu\u0161i\u0107, na\u010delnik Glavnog sto\u017eera Oru\u017eanih snaga RH general-pukovnik Tihomir Kundid i veleposlanik Ujedinjenog Kraljevstva Velike Britanije i Sjeverne Irske Javed Patel prisustvovali su prikazu me\u0111unarodne vojne vje\u017ebe Sava Star 25 danas, 1. listopada 2025., na vojnom poligonu 'Ga\u0161inci' u Ga\u0161incima | Foto: MORH\/ J. Kopi\" alt=\"Anu\u0161i\u0107: Vje\u017ebom Sava Star ja\u010damo savezni\u0161tvo Hrvatske i Ujedinjenog Kraljevstva\" src=\"https:\/\/live.staticflickr.com\/65535\/54825041853_6307774959_h.jpg\" data-layer=\"&lt;div class=&#039;morh-gallery-image-download&#039;&gt;&lt;a href=&#039;https:\/\/live.staticflickr.com\/65535\/54825041853_f9833361af_o.jpg&#039; target=&#039;_blank&#039;&gt;Slika za preuzimanje&lt;\/a&gt;&lt;\/div&gt;\" \/><\/a><a href=\"https:\/\/live.staticflickr.com\/65535\/54825105130_f3e7f04b9c_h.jpg\" title=\"Anu\u0161i\u0107: Vje\u017ebom Sava Star ja\u010damo savezni\u0161tvo Hrvatske i Ujedinjenog Kraljevstva\"><img decoding=\"async\" data-title=\"Anu\u0161i\u0107: Vje\u017ebom Sava Star ja\u010damo savezni\u0161tvo Hrvatske i Ujedinjenog Kraljevstva\" data-description=\"Potpredsjednik Vlade Republike Hrvatske i ministar obrane Ivan Anu\u0161i\u0107, na\u010delnik Glavnog sto\u017eera Oru\u017eanih snaga RH general-pukovnik Tihomir Kundid i veleposlanik Ujedinjenog Kraljevstva Velike Britanije i Sjeverne Irske Javed Patel prisustvovali su prikazu me\u0111unarodne vojne vje\u017ebe Sava Star 25 danas, 1. listopada 2025., na vojnom poligonu 'Ga\u0161inci' u Ga\u0161incima | Foto: MORH\/ J. Kopi\" alt=\"Anu\u0161i\u0107: Vje\u017ebom Sava Star ja\u010damo savezni\u0161tvo Hrvatske i Ujedinjenog Kraljevstva\" src=\"https:\/\/live.staticflickr.com\/65535\/54825105130_f3e7f04b9c_h.jpg\" data-layer=\"&lt;div class=&#039;morh-gallery-image-download&#039;&gt;&lt;a href=&#039;https:\/\/live.staticflickr.com\/65535\/54825105130_1c9389def4_o.jpg&#039; target=&#039;_blank&#039;&gt;Slika za preuzimanje&lt;\/a&gt;&lt;\/div&gt;\" \/><\/a><a href=\"https:\/\/live.staticflickr.com\/65535\/54825019974_49b24be223_h.jpg\" title=\"Anu\u0161i\u0107: Vje\u017ebom Sava Star ja\u010damo savezni\u0161tvo Hrvatske i Ujedinjenog Kraljevstva\"><img decoding=\"async\" data-title=\"Anu\u0161i\u0107: Vje\u017ebom Sava Star ja\u010damo savezni\u0161tvo Hrvatske i Ujedinjenog Kraljevstva\" data-description=\"Potpredsjednik Vlade Republike Hrvatske i ministar obrane Ivan Anu\u0161i\u0107, na\u010delnik Glavnog sto\u017eera Oru\u017eanih snaga RH general-pukovnik Tihomir Kundid i veleposlanik Ujedinjenog Kraljevstva Velike Britanije i Sjeverne Irske Javed Patel prisustvovali su prikazu me\u0111unarodne vojne vje\u017ebe Sava Star 25 danas, 1. listopada 2025., na vojnom poligonu 'Ga\u0161inci' u Ga\u0161incima | Foto: MORH\/ J. Kopi\" alt=\"Anu\u0161i\u0107: Vje\u017ebom Sava Star ja\u010damo savezni\u0161tvo Hrvatske i Ujedinjenog Kraljevstva\" src=\"https:\/\/live.staticflickr.com\/65535\/54825019974_49b24be223_h.jpg\" data-layer=\"&lt;div class=&#039;morh-gallery-image-download&#039;&gt;&lt;a href=&#039;https:\/\/live.staticflickr.com\/65535\/54825019974_0a9362ec0d_o.jpg&#039; target=&#039;_blank&#039;&gt;Slika za preuzimanje&lt;\/a&gt;&lt;\/div&gt;\" \/><\/a><a href=\"https:\/\/live.staticflickr.com\/65535\/54825099840_6d925a6525_h.jpg\" title=\"Anu\u0161i\u0107: Vje\u017ebom Sava Star ja\u010damo savezni\u0161tvo Hrvatske i Ujedinjenog Kraljevstva\"><img decoding=\"async\" data-title=\"Anu\u0161i\u0107: Vje\u017ebom Sava Star ja\u010damo savezni\u0161tvo Hrvatske i Ujedinjenog Kraljevstva\" data-description=\"Potpredsjednik Vlade Republike Hrvatske i ministar obrane Ivan Anu\u0161i\u0107, na\u010delnik Glavnog sto\u017eera Oru\u017eanih snaga RH general-pukovnik Tihomir Kundid i veleposlanik Ujedinjenog Kraljevstva Velike Britanije i Sjeverne Irske Javed Patel prisustvovali su prikazu me\u0111unarodne vojne vje\u017ebe Sava Star 25 danas, 1. listopada 2025., na vojnom poligonu 'Ga\u0161inci' u Ga\u0161incima | Foto: MORH\/ J. Kopi\" alt=\"Anu\u0161i\u0107: Vje\u017ebom Sava Star ja\u010damo savezni\u0161tvo Hrvatske i Ujedinjenog Kraljevstva\" src=\"https:\/\/live.staticflickr.com\/65535\/54825099840_6d925a6525_h.jpg\" data-layer=\"&lt;div class=&#039;morh-gallery-image-download&#039;&gt;&lt;a href=&#039;https:\/\/live.staticflickr.com\/65535\/54825099840_06c3e12bfb_o.jpg&#039; target=&#039;_blank&#039;&gt;Slika za preuzimanje&lt;\/a&gt;&lt;\/div&gt;\" \/><\/a><a href=\"https:\/\/live.staticflickr.com\/65535\/54825039968_134b0d6023_h.jpg\" title=\"Anu\u0161i\u0107: Vje\u017ebom Sava Star ja\u010damo savezni\u0161tvo Hrvatske i Ujedinjenog Kraljevstva\"><img decoding=\"async\" data-title=\"Anu\u0161i\u0107: Vje\u017ebom Sava Star ja\u010damo savezni\u0161tvo Hrvatske i Ujedinjenog Kraljevstva\" data-description=\"Potpredsjednik Vlade Republike Hrvatske i ministar obrane Ivan Anu\u0161i\u0107, na\u010delnik Glavnog sto\u017eera Oru\u017eanih snaga RH general-pukovnik Tihomir Kundid i veleposlanik Ujedinjenog Kraljevstva Velike Britanije i Sjeverne Irske Javed Patel prisustvovali su prikazu me\u0111unarodne vojne vje\u017ebe Sava Star 25 danas, 1. listopada 2025., na vojnom poligonu 'Ga\u0161inci' u Ga\u0161incima | Foto: MORH\/ J. Kopi\" alt=\"Anu\u0161i\u0107: Vje\u017ebom Sava Star ja\u010damo savezni\u0161tvo Hrvatske i Ujedinjenog Kraljevstva\" src=\"https:\/\/live.staticflickr.com\/65535\/54825039968_134b0d6023_h.jpg\" data-layer=\"&lt;div class=&#039;morh-gallery-image-download&#039;&gt;&lt;a href=&#039;https:\/\/live.staticflickr.com\/65535\/54825039968_395e729dc8_o.jpg&#039; target=&#039;_blank&#039;&gt;Slika za preuzimanje&lt;\/a&gt;&lt;\/div&gt;\" \/><\/a><a href=\"https:\/\/live.staticflickr.com\/65535\/54824770786_e21fa32a22_h.jpg\" title=\"Anu\u0161i\u0107: Vje\u017ebom Sava Star ja\u010damo savezni\u0161tvo Hrvatske i Ujedinjenog Kraljevstva\"><img decoding=\"async\" data-title=\"Anu\u0161i\u0107: Vje\u017ebom Sava Star ja\u010damo savezni\u0161tvo Hrvatske i Ujedinjenog Kraljevstva\" data-description=\"Potpredsjednik Vlade Republike Hrvatske i ministar obrane Ivan Anu\u0161i\u0107, na\u010delnik Glavnog sto\u017eera Oru\u017eanih snaga RH general-pukovnik Tihomir Kundid i veleposlanik Ujedinjenog Kraljevstva Velike Britanije i Sjeverne Irske Javed Patel prisustvovali su prikazu me\u0111unarodne vojne vje\u017ebe Sava Star 25 danas, 1. listopada 2025., na vojnom poligonu 'Ga\u0161inci' u Ga\u0161incima | Foto: MORH\/ J. Kopi\" alt=\"Anu\u0161i\u0107: Vje\u017ebom Sava Star ja\u010damo savezni\u0161tvo Hrvatske i Ujedinjenog Kraljevstva\" src=\"https:\/\/live.staticflickr.com\/65535\/54824770786_e21fa32a22_h.jpg\" data-layer=\"&lt;div class=&#039;morh-gallery-image-download&#039;&gt;&lt;a href=&#039;https:\/\/live.staticflickr.com\/65535\/54824770786_9cdd8688d1_o.jpg&#039; target=&#039;_blank&#039;&gt;Slika za preuzimanje&lt;\/a&gt;&lt;\/div&gt;\" \/><\/a><a href=\"https:\/\/live.staticflickr.com\/65535\/54825020344_0e29bd165e_h.jpg\" title=\"Anu\u0161i\u0107: Vje\u017ebom Sava Star ja\u010damo savezni\u0161tvo Hrvatske i Ujedinjenog Kraljevstva\"><img decoding=\"async\" data-title=\"Anu\u0161i\u0107: Vje\u017ebom Sava Star ja\u010damo savezni\u0161tvo Hrvatske i Ujedinjenog Kraljevstva\" data-description=\"Potpredsjednik Vlade Republike Hrvatske i ministar obrane Ivan Anu\u0161i\u0107, na\u010delnik Glavnog sto\u017eera Oru\u017eanih snaga RH general-pukovnik Tihomir Kundid i veleposlanik Ujedinjenog Kraljevstva Velike Britanije i Sjeverne Irske Javed Patel prisustvovali su prikazu me\u0111unarodne vojne vje\u017ebe Sava Star 25 danas, 1. listopada 2025., na vojnom poligonu 'Ga\u0161inci' u Ga\u0161incima | Foto: MORH\/ J. Kopi\" alt=\"Anu\u0161i\u0107: Vje\u017ebom Sava Star ja\u010damo savezni\u0161tvo Hrvatske i Ujedinjenog Kraljevstva\" src=\"https:\/\/live.staticflickr.com\/65535\/54825020344_0e29bd165e_h.jpg\" data-layer=\"&lt;div class=&#039;morh-gallery-image-download&#039;&gt;&lt;a href=&#039;https:\/\/live.staticflickr.com\/65535\/54825020344_4363d4f89b_o.jpg&#039; target=&#039;_blank&#039;&gt;Slika za preuzimanje&lt;\/a&gt;&lt;\/div&gt;\" \/><\/a><a href=\"https:\/\/live.staticflickr.com\/65535\/54825103160_36289994ab_h.jpg\" title=\"Anu\u0161i\u0107: Vje\u017ebom Sava Star ja\u010damo savezni\u0161tvo Hrvatske i Ujedinjenog Kraljevstva\"><img decoding=\"async\" data-title=\"Anu\u0161i\u0107: Vje\u017ebom Sava Star ja\u010damo savezni\u0161tvo Hrvatske i Ujedinjenog Kraljevstva\" data-description=\"Potpredsjednik Vlade Republike Hrvatske i ministar obrane Ivan Anu\u0161i\u0107, na\u010delnik Glavnog sto\u017eera Oru\u017eanih snaga RH general-pukovnik Tihomir Kundid i veleposlanik Ujedinjenog Kraljevstva Velike Britanije i Sjeverne Irske Javed Patel prisustvovali su prikazu me\u0111unarodne vojne vje\u017ebe Sava Star 25 danas, 1. listopada 2025., na vojnom poligonu 'Ga\u0161inci' u Ga\u0161incima | Foto: MORH\/ J. Kopi\" alt=\"Anu\u0161i\u0107: Vje\u017ebom Sava Star ja\u010damo savezni\u0161tvo Hrvatske i Ujedinjenog Kraljevstva\" src=\"https:\/\/live.staticflickr.com\/65535\/54825103160_36289994ab_h.jpg\" data-layer=\"&lt;div class=&#039;morh-gallery-image-download&#039;&gt;&lt;a href=&#039;https:\/\/live.staticflickr.com\/65535\/54825103160_607628e842_o.jpg&#039; target=&#039;_blank&#039;&gt;Slika za preuzimanje&lt;\/a&gt;&lt;\/div&gt;\" \/><\/a><a href=\"https:\/\/live.staticflickr.com\/65535\/54825102965_d9300f6ddf_h.jpg\" title=\"Anu\u0161i\u0107: Vje\u017ebom Sava Star ja\u010damo savezni\u0161tvo Hrvatske i Ujedinjenog Kraljevstva\"><img decoding=\"async\" data-title=\"Anu\u0161i\u0107: Vje\u017ebom Sava Star ja\u010damo savezni\u0161tvo Hrvatske i Ujedinjenog Kraljevstva\" data-description=\"Potpredsjednik Vlade Republike Hrvatske i ministar obrane Ivan Anu\u0161i\u0107, na\u010delnik Glavnog sto\u017eera Oru\u017eanih snaga RH general-pukovnik Tihomir Kundid i veleposlanik Ujedinjenog Kraljevstva Velike Britanije i Sjeverne Irske Javed Patel prisustvovali su prikazu me\u0111unarodne vojne vje\u017ebe Sava Star 25 danas, 1. listopada 2025., na vojnom poligonu 'Ga\u0161inci' u Ga\u0161incima | Foto: MORH\/ J. Kopi\" alt=\"Anu\u0161i\u0107: Vje\u017ebom Sava Star ja\u010damo savezni\u0161tvo Hrvatske i Ujedinjenog Kraljevstva\" src=\"https:\/\/live.staticflickr.com\/65535\/54825102965_d9300f6ddf_h.jpg\" data-layer=\"&lt;div class=&#039;morh-gallery-image-download&#039;&gt;&lt;a href=&#039;https:\/\/live.staticflickr.com\/65535\/54825102965_5ff6d7fdf4_o.jpg&#039; target=&#039;_blank&#039;&gt;Slika za preuzimanje&lt;\/a&gt;&lt;\/div&gt;\" \/><\/a><a href=\"https:\/\/live.staticflickr.com\/65535\/54823927212_6506ff661f_h.jpg\" title=\"Anu\u0161i\u0107: Vje\u017ebom Sava Star ja\u010damo savezni\u0161tvo Hrvatske i Ujedinjenog Kraljevstva\"><img decoding=\"async\" data-title=\"Anu\u0161i\u0107: Vje\u017ebom Sava Star ja\u010damo savezni\u0161tvo Hrvatske i Ujedinjenog Kraljevstva\" data-description=\"Potpredsjednik Vlade Republike Hrvatske i ministar obrane Ivan Anu\u0161i\u0107, na\u010delnik Glavnog sto\u017eera Oru\u017eanih snaga RH general-pukovnik Tihomir Kundid i veleposlanik Ujedinjenog Kraljevstva Velike Britanije i Sjeverne Irske Javed Patel prisustvovali su prikazu me\u0111unarodne vojne vje\u017ebe Sava Star 25 danas, 1. listopada 2025., na vojnom poligonu 'Ga\u0161inci' u Ga\u0161incima | Foto: MORH\/ J. Kopi\" alt=\"Anu\u0161i\u0107: Vje\u017ebom Sava Star ja\u010damo savezni\u0161tvo Hrvatske i Ujedinjenog Kraljevstva\" src=\"https:\/\/live.staticflickr.com\/65535\/54823927212_6506ff661f_h.jpg\" data-layer=\"&lt;div class=&#039;morh-gallery-image-download&#039;&gt;&lt;a href=&#039;https:\/\/live.staticflickr.com\/65535\/54823927212_d84b0a90d1_o.jpg&#039; target=&#039;_blank&#039;&gt;Slika za preuzimanje&lt;\/a&gt;&lt;\/div&gt;\" \/><\/a><a href=\"https:\/\/live.staticflickr.com\/65535\/54825023984_b47681f776_h.jpg\" title=\"Anu\u0161i\u0107: Vje\u017ebom Sava Star ja\u010damo savezni\u0161tvo Hrvatske i Ujedinjenog Kraljevstva\"><img decoding=\"async\" data-title=\"Anu\u0161i\u0107: Vje\u017ebom Sava Star ja\u010damo savezni\u0161tvo Hrvatske i Ujedinjenog Kraljevstva\" data-description=\"Potpredsjednik Vlade Republike Hrvatske i ministar obrane Ivan Anu\u0161i\u0107, na\u010delnik Glavnog sto\u017eera Oru\u017eanih snaga RH general-pukovnik Tihomir Kundid i veleposlanik Ujedinjenog Kraljevstva Velike Britanije i Sjeverne Irske Javed Patel prisustvovali su prikazu me\u0111unarodne vojne vje\u017ebe Sava Star 25 danas, 1. listopada 2025., na vojnom poligonu 'Ga\u0161inci' u Ga\u0161incima | Foto: MORH\/ J. Kopi\" alt=\"Anu\u0161i\u0107: Vje\u017ebom Sava Star ja\u010damo savezni\u0161tvo Hrvatske i Ujedinjenog Kraljevstva\" src=\"https:\/\/live.staticflickr.com\/65535\/54825023984_b47681f776_h.jpg\" data-layer=\"&lt;div class=&#039;morh-gallery-image-download&#039;&gt;&lt;a href=&#039;https:\/\/live.staticflickr.com\/65535\/54825023984_2363ea0dcf_o.jpg&#039; target=&#039;_blank&#039;&gt;Slika za preuzimanje&lt;\/a&gt;&lt;\/div&gt;\" \/><\/a><a href=\"https:\/\/live.staticflickr.com\/65535\/54825043938_2c7319b2ad_h.jpg\" title=\"Anu\u0161i\u0107: Vje\u017ebom Sava Star ja\u010damo savezni\u0161tvo Hrvatske i Ujedinjenog Kraljevstva\"><img decoding=\"async\" data-title=\"Anu\u0161i\u0107: Vje\u017ebom Sava Star ja\u010damo savezni\u0161tvo Hrvatske i Ujedinjenog Kraljevstva\" data-description=\"Potpredsjednik Vlade Republike Hrvatske i ministar obrane Ivan Anu\u0161i\u0107, na\u010delnik Glavnog sto\u017eera Oru\u017eanih snaga RH general-pukovnik Tihomir Kundid i veleposlanik Ujedinjenog Kraljevstva Velike Britanije i Sjeverne Irske Javed Patel prisustvovali su prikazu me\u0111unarodne vojne vje\u017ebe Sava Star 25 danas, 1. listopada 2025., na vojnom poligonu 'Ga\u0161inci' u Ga\u0161incima | Foto: MORH\/ J. Kopi\" alt=\"Anu\u0161i\u0107: Vje\u017ebom Sava Star ja\u010damo savezni\u0161tvo Hrvatske i Ujedinjenog Kraljevstva\" src=\"https:\/\/live.staticflickr.com\/65535\/54825043938_2c7319b2ad_h.jpg\" data-layer=\"&lt;div class=&#039;morh-gallery-image-download&#039;&gt;&lt;a href=&#039;https:\/\/live.staticflickr.com\/65535\/54825043938_979833234d_o.jpg&#039; target=&#039;_blank&#039;&gt;Slika za preuzimanje&lt;\/a&gt;&lt;\/div&gt;\" \/><\/a><a href=\"https:\/\/live.staticflickr.com\/65535\/54825043118_f7a633f9b5_h.jpg\" title=\"Anu\u0161i\u0107: Vje\u017ebom Sava Star ja\u010damo savezni\u0161tvo Hrvatske i Ujedinjenog Kraljevstva\"><img decoding=\"async\" data-title=\"Anu\u0161i\u0107: Vje\u017ebom Sava Star ja\u010damo savezni\u0161tvo Hrvatske i Ujedinjenog Kraljevstva\" data-description=\"Potpredsjednik Vlade Republike Hrvatske i ministar obrane Ivan Anu\u0161i\u0107, na\u010delnik Glavnog sto\u017eera Oru\u017eanih snaga RH general-pukovnik Tihomir Kundid i veleposlanik Ujedinjenog Kraljevstva Velike Britanije i Sjeverne Irske Javed Patel prisustvovali su prikazu me\u0111unarodne vojne vje\u017ebe Sava Star 25 danas, 1. listopada 2025., na vojnom poligonu 'Ga\u0161inci' u Ga\u0161incima | Foto: MORH\/ J. Kopi\" alt=\"Anu\u0161i\u0107: Vje\u017ebom Sava Star ja\u010damo savezni\u0161tvo Hrvatske i Ujedinjenog Kraljevstva\" src=\"https:\/\/live.staticflickr.com\/65535\/54825043118_f7a633f9b5_h.jpg\" data-layer=\"&lt;div class=&#039;morh-gallery-image-download&#039;&gt;&lt;a href=&#039;https:\/\/live.staticflickr.com\/65535\/54825043118_e41871a80a_o.jpg&#039; target=&#039;_blank&#039;&gt;Slika za preuzimanje&lt;\/a&gt;&lt;\/div&gt;\" \/><\/a><a href=\"https:\/\/live.staticflickr.com\/65535\/54825106490_b98896766a_h.jpg\" title=\"Anu\u0161i\u0107: Vje\u017ebom Sava Star ja\u010damo savezni\u0161tvo Hrvatske i Ujedinjenog Kraljevstva\"><img decoding=\"async\" data-title=\"Anu\u0161i\u0107: Vje\u017ebom Sava Star ja\u010damo savezni\u0161tvo Hrvatske i Ujedinjenog Kraljevstva\" data-description=\"Potpredsjednik Vlade Republike Hrvatske i ministar obrane Ivan Anu\u0161i\u0107, na\u010delnik Glavnog sto\u017eera Oru\u017eanih snaga RH general-pukovnik Tihomir Kundid i veleposlanik Ujedinjenog Kraljevstva Velike Britanije i Sjeverne Irske Javed Patel prisustvovali su prikazu me\u0111unarodne vojne vje\u017ebe Sava Star 25 danas, 1. listopada 2025., na vojnom poligonu 'Ga\u0161inci' u Ga\u0161incima | Foto: MORH\/ J. Kopi\" alt=\"Anu\u0161i\u0107: Vje\u017ebom Sava Star ja\u010damo savezni\u0161tvo Hrvatske i Ujedinjenog Kraljevstva\" src=\"https:\/\/live.staticflickr.com\/65535\/54825106490_b98896766a_h.jpg\" data-layer=\"&lt;div class=&#039;morh-gallery-image-download&#039;&gt;&lt;a href=&#039;https:\/\/live.staticflickr.com\/65535\/54825106490_4186ee19f0_o.jpg&#039; target=&#039;_blank&#039;&gt;Slika za preuzimanje&lt;\/a&gt;&lt;\/div&gt;\" \/><\/a><a href=\"https:\/\/live.staticflickr.com\/65535\/54825102135_dd7485f842_h.jpg\" title=\"Anu\u0161i\u0107: Vje\u017ebom Sava Star ja\u010damo savezni\u0161tvo Hrvatske i Ujedinjenog Kraljevstva\"><img decoding=\"async\" data-title=\"Anu\u0161i\u0107: Vje\u017ebom Sava Star ja\u010damo savezni\u0161tvo Hrvatske i Ujedinjenog Kraljevstva\" data-description=\"Potpredsjednik Vlade Republike Hrvatske i ministar obrane Ivan Anu\u0161i\u0107, na\u010delnik Glavnog sto\u017eera Oru\u017eanih snaga RH general-pukovnik Tihomir Kundid i veleposlanik Ujedinjenog Kraljevstva Velike Britanije i Sjeverne Irske Javed Patel prisustvovali su prikazu me\u0111unarodne vojne vje\u017ebe Sava Star 25 danas, 1. listopada 2025., na vojnom poligonu 'Ga\u0161inci' u Ga\u0161incima | Foto: MORH\/ J. Kopi\" alt=\"Anu\u0161i\u0107: Vje\u017ebom Sava Star ja\u010damo savezni\u0161tvo Hrvatske i Ujedinjenog Kraljevstva\" src=\"https:\/\/live.staticflickr.com\/65535\/54825102135_dd7485f842_h.jpg\" data-layer=\"&lt;div class=&#039;morh-gallery-image-download&#039;&gt;&lt;a href=&#039;https:\/\/live.staticflickr.com\/65535\/54825102135_8fa803976d_o.jpg&#039; target=&#039;_blank&#039;&gt;Slika za preuzimanje&lt;\/a&gt;&lt;\/div&gt;\" \/><\/a><a href=\"https:\/\/live.staticflickr.com\/65535\/54825037968_07e302ce00_h.jpg\" title=\"Anu\u0161i\u0107: Vje\u017ebom Sava Star ja\u010damo savezni\u0161tvo Hrvatske i Ujedinjenog Kraljevstva\"><img decoding=\"async\" data-title=\"Anu\u0161i\u0107: Vje\u017ebom Sava Star ja\u010damo savezni\u0161tvo Hrvatske i Ujedinjenog Kraljevstva\" data-description=\"Potpredsjednik Vlade Republike Hrvatske i ministar obrane Ivan Anu\u0161i\u0107, na\u010delnik Glavnog sto\u017eera Oru\u017eanih snaga RH general-pukovnik Tihomir Kundid i veleposlanik Ujedinjenog Kraljevstva Velike Britanije i Sjeverne Irske Javed Patel prisustvovali su prikazu me\u0111unarodne vojne vje\u017ebe Sava Star 25 danas, 1. listopada 2025., na vojnom poligonu 'Ga\u0161inci' u Ga\u0161incima | Foto: MORH\/ J. Kopi\" alt=\"Anu\u0161i\u0107: Vje\u017ebom Sava Star ja\u010damo savezni\u0161tvo Hrvatske i Ujedinjenog Kraljevstva\" src=\"https:\/\/live.staticflickr.com\/65535\/54825037968_07e302ce00_h.jpg\" data-layer=\"&lt;div class=&#039;morh-gallery-image-download&#039;&gt;&lt;a href=&#039;https:\/\/live.staticflickr.com\/65535\/54825037968_46ac24c20d_o.jpg&#039; target=&#039;_blank&#039;&gt;Slika za preuzimanje&lt;\/a&gt;&lt;\/div&gt;\" \/><\/a><a href=\"https:\/\/live.staticflickr.com\/65535\/54823920997_765648b483_h.jpg\" title=\"Anu\u0161i\u0107: Vje\u017ebom Sava Star ja\u010damo savezni\u0161tvo Hrvatske i Ujedinjenog Kraljevstva\"><img decoding=\"async\" data-title=\"Anu\u0161i\u0107: Vje\u017ebom Sava Star ja\u010damo savezni\u0161tvo Hrvatske i Ujedinjenog Kraljevstva\" data-description=\"Potpredsjednik Vlade Republike Hrvatske i ministar obrane Ivan Anu\u0161i\u0107, na\u010delnik Glavnog sto\u017eera Oru\u017eanih snaga RH general-pukovnik Tihomir Kundid i veleposlanik Ujedinjenog Kraljevstva Velike Britanije i Sjeverne Irske Javed Patel prisustvovali su prikazu me\u0111unarodne vojne vje\u017ebe Sava Star 25 danas, 1. listopada 2025., na vojnom poligonu 'Ga\u0161inci' u Ga\u0161incima | Foto: MORH\/ J. Kopi\" alt=\"Anu\u0161i\u0107: Vje\u017ebom Sava Star ja\u010damo savezni\u0161tvo Hrvatske i Ujedinjenog Kraljevstva\" src=\"https:\/\/live.staticflickr.com\/65535\/54823920997_765648b483_h.jpg\" data-layer=\"&lt;div class=&#039;morh-gallery-image-download&#039;&gt;&lt;a href=&#039;https:\/\/live.staticflickr.com\/65535\/54823920997_ace1b5ef43_o.jpg&#039; target=&#039;_blank&#039;&gt;Slika za preuzimanje&lt;\/a&gt;&lt;\/div&gt;\" \/><\/a><a href=\"https:\/\/live.staticflickr.com\/65535\/54825037768_cdb97a7613_h.jpg\" title=\"Anu\u0161i\u0107: Vje\u017ebom Sava Star ja\u010damo savezni\u0161tvo Hrvatske i Ujedinjenog Kraljevstva\"><img decoding=\"async\" data-title=\"Anu\u0161i\u0107: Vje\u017ebom Sava Star ja\u010damo savezni\u0161tvo Hrvatske i Ujedinjenog Kraljevstva\" data-description=\"Potpredsjednik Vlade Republike Hrvatske i ministar obrane Ivan Anu\u0161i\u0107, na\u010delnik Glavnog sto\u017eera Oru\u017eanih snaga RH general-pukovnik Tihomir Kundid i veleposlanik Ujedinjenog Kraljevstva Velike Britanije i Sjeverne Irske Javed Patel prisustvovali su prikazu me\u0111unarodne vojne vje\u017ebe Sava Star 25 danas, 1. listopada 2025., na vojnom poligonu 'Ga\u0161inci' u Ga\u0161incima | Foto: MORH\/ J. Kopi\" alt=\"Anu\u0161i\u0107: Vje\u017ebom Sava Star ja\u010damo savezni\u0161tvo Hrvatske i Ujedinjenog Kraljevstva\" src=\"https:\/\/live.staticflickr.com\/65535\/54825037768_cdb97a7613_h.jpg\" data-layer=\"&lt;div class=&#039;morh-gallery-image-download&#039;&gt;&lt;a href=&#039;https:\/\/live.staticflickr.com\/65535\/54825037768_cd5f875a6a_o.jpg&#039; target=&#039;_blank&#039;&gt;Slika za preuzimanje&lt;\/a&gt;&lt;\/div&gt;\" \/><\/a><a href=\"https:\/\/live.staticflickr.com\/65535\/54825016079_0923bf7c15_h.jpg\" title=\"Anu\u0161i\u0107: Vje\u017ebom Sava Star ja\u010damo savezni\u0161tvo Hrvatske i Ujedinjenog Kraljevstva\"><img decoding=\"async\" data-title=\"Anu\u0161i\u0107: Vje\u017ebom Sava Star ja\u010damo savezni\u0161tvo Hrvatske i Ujedinjenog Kraljevstva\" data-description=\"Potpredsjednik Vlade Republike Hrvatske i ministar obrane Ivan Anu\u0161i\u0107, na\u010delnik Glavnog sto\u017eera Oru\u017eanih snaga RH general-pukovnik Tihomir Kundid i veleposlanik Ujedinjenog Kraljevstva Velike Britanije i Sjeverne Irske Javed Patel prisustvovali su prikazu me\u0111unarodne vojne vje\u017ebe Sava Star 25 danas, 1. listopada 2025., na vojnom poligonu 'Ga\u0161inci' u Ga\u0161incima | Foto: MORH\/ J. Kopi\" alt=\"Anu\u0161i\u0107: Vje\u017ebom Sava Star ja\u010damo savezni\u0161tvo Hrvatske i Ujedinjenog Kraljevstva\" src=\"https:\/\/live.staticflickr.com\/65535\/54825016079_0923bf7c15_h.jpg\" data-layer=\"&lt;div class=&#039;morh-gallery-image-download&#039;&gt;&lt;a href=&#039;https:\/\/live.staticflickr.com\/65535\/54825016079_6bf3916d3c_o.jpg&#039; target=&#039;_blank&#039;&gt;Slika za preuzimanje&lt;\/a&gt;&lt;\/div&gt;\" \/><\/a><a href=\"https:\/\/live.staticflickr.com\/65535\/54825016549_ec57102ebc_h.jpg\" title=\"Anu\u0161i\u0107: Vje\u017ebom Sava Star ja\u010damo savezni\u0161tvo Hrvatske i Ujedinjenog Kraljevstva\"><img decoding=\"async\" data-title=\"Anu\u0161i\u0107: Vje\u017ebom Sava Star ja\u010damo savezni\u0161tvo Hrvatske i Ujedinjenog Kraljevstva\" data-description=\"Potpredsjednik Vlade Republike Hrvatske i ministar obrane Ivan Anu\u0161i\u0107, na\u010delnik Glavnog sto\u017eera Oru\u017eanih snaga RH general-pukovnik Tihomir Kundid i veleposlanik Ujedinjenog Kraljevstva Velike Britanije i Sjeverne Irske Javed Patel prisustvovali su prikazu me\u0111unarodne vojne vje\u017ebe Sava Star 25 danas, 1. listopada 2025., na vojnom poligonu 'Ga\u0161inci' u Ga\u0161incima | Foto: MORH\/ J. Kopi\" alt=\"Anu\u0161i\u0107: Vje\u017ebom Sava Star ja\u010damo savezni\u0161tvo Hrvatske i Ujedinjenog Kraljevstva\" src=\"https:\/\/live.staticflickr.com\/65535\/54825016549_ec57102ebc_h.jpg\" data-layer=\"&lt;div class=&#039;morh-gallery-image-download&#039;&gt;&lt;a href=&#039;https:\/\/live.staticflickr.com\/65535\/54825016549_0044061bdc_o.jpg&#039; target=&#039;_blank&#039;&gt;Slika za preuzimanje&lt;\/a&gt;&lt;\/div&gt;\" \/><\/a><a href=\"https:\/\/live.staticflickr.com\/65535\/54825015654_92f132d77b_h.jpg\" title=\"Anu\u0161i\u0107: Vje\u017ebom Sava Star ja\u010damo savezni\u0161tvo Hrvatske i Ujedinjenog Kraljevstva\"><img decoding=\"async\" data-title=\"Anu\u0161i\u0107: Vje\u017ebom Sava Star ja\u010damo savezni\u0161tvo Hrvatske i Ujedinjenog Kraljevstva\" data-description=\"Potpredsjednik Vlade Republike Hrvatske i ministar obrane Ivan Anu\u0161i\u0107, na\u010delnik Glavnog sto\u017eera Oru\u017eanih snaga RH general-pukovnik Tihomir Kundid i veleposlanik Ujedinjenog Kraljevstva Velike Britanije i Sjeverne Irske Javed Patel prisustvovali su prikazu me\u0111unarodne vojne vje\u017ebe Sava Star 25 danas, 1. listopada 2025., na vojnom poligonu 'Ga\u0161inci' u Ga\u0161incima | Foto: MORH\/ J. Kopi\" alt=\"Anu\u0161i\u0107: Vje\u017ebom Sava Star ja\u010damo savezni\u0161tvo Hrvatske i Ujedinjenog Kraljevstva\" src=\"https:\/\/live.staticflickr.com\/65535\/54825015654_92f132d77b_h.jpg\" data-layer=\"&lt;div class=&#039;morh-gallery-image-download&#039;&gt;&lt;a href=&#039;https:\/\/live.staticflickr.com\/65535\/54825015654_e7ebeb42ac_o.jpg&#039; target=&#039;_blank&#039;&gt;Slika za preuzimanje&lt;\/a&gt;&lt;\/div&gt;\" \/><\/a><a href=\"https:\/\/live.staticflickr.com\/65535\/54824767481_5db6067a37_h.jpg\" title=\"Anu\u0161i\u0107: Vje\u017ebom Sava Star ja\u010damo savezni\u0161tvo Hrvatske i Ujedinjenog Kraljevstva\"><img decoding=\"async\" data-title=\"Anu\u0161i\u0107: Vje\u017ebom Sava Star ja\u010damo savezni\u0161tvo Hrvatske i Ujedinjenog Kraljevstva\" data-description=\"Potpredsjednik Vlade Republike Hrvatske i ministar obrane Ivan Anu\u0161i\u0107, na\u010delnik Glavnog sto\u017eera Oru\u017eanih snaga RH general-pukovnik Tihomir Kundid i veleposlanik Ujedinjenog Kraljevstva Velike Britanije i Sjeverne Irske Javed Patel prisustvovali su prikazu me\u0111unarodne vojne vje\u017ebe Sava Star 25 danas, 1. listopada 2025., na vojnom poligonu 'Ga\u0161inci' u Ga\u0161incima | Foto: MORH\/ J. Kopi\" alt=\"Anu\u0161i\u0107: Vje\u017ebom Sava Star ja\u010damo savezni\u0161tvo Hrvatske i Ujedinjenog Kraljevstva\" src=\"https:\/\/live.staticflickr.com\/65535\/54824767481_5db6067a37_h.jpg\" data-layer=\"&lt;div class=&#039;morh-gallery-image-download&#039;&gt;&lt;a href=&#039;https:\/\/live.staticflickr.com\/65535\/54824767481_732ecce3c1_o.jpg&#039; target=&#039;_blank&#039;&gt;Slika za preuzimanje&lt;\/a&gt;&lt;\/div&gt;\" \/><\/a><a href=\"https:\/\/live.staticflickr.com\/65535\/54825044333_b193b5f4da_h.jpg\" title=\"Anu\u0161i\u0107: Vje\u017ebom Sava Star ja\u010damo savezni\u0161tvo Hrvatske i Ujedinjenog Kraljevstva\"><img decoding=\"async\" data-title=\"Anu\u0161i\u0107: Vje\u017ebom Sava Star ja\u010damo savezni\u0161tvo Hrvatske i Ujedinjenog Kraljevstva\" data-description=\"Potpredsjednik Vlade Republike Hrvatske i ministar obrane Ivan Anu\u0161i\u0107, na\u010delnik Glavnog sto\u017eera Oru\u017eanih snaga RH general-pukovnik Tihomir Kundid i veleposlanik Ujedinjenog Kraljevstva Velike Britanije i Sjeverne Irske Javed Patel prisustvovali su prikazu me\u0111unarodne vojne vje\u017ebe Sava Star 25 danas, 1. listopada 2025., na vojnom poligonu 'Ga\u0161inci' u Ga\u0161incima | Foto: MORH\" alt=\"Anu\u0161i\u0107: Vje\u017ebom Sava Star ja\u010damo savezni\u0161tvo Hrvatske i Ujedinjenog Kraljevstva\" src=\"https:\/\/live.staticflickr.com\/65535\/54825044333_b193b5f4da_h.jpg\" data-layer=\"&lt;div class=&#039;morh-gallery-image-download&#039;&gt;&lt;a href=&#039;https:\/\/live.staticflickr.com\/65535\/54825044333_ca958e236d_o.jpg&#039; target=&#039;_blank&#039;&gt;Slika za preuzimanje&lt;\/a&gt;&lt;\/div&gt;\" \/><\/a><\/div><!--\/.morh-galleria -->\n","protected":false},"excerpt":{"rendered":"<p>Excellent cooperation between the British and the Croatian Armed Forces was demonstrated in Ga\u0161inci<\/p>\n","protected":false},"author":4699,"featured_media":264570,"comment_status":"closed","ping_status":"closed","sticky":false,"template":"","format":"standard","meta":{"_acf_changed":false,"_monsterinsights_skip_tracking":false,"_monsterinsights_sitenote_active":false,"_monsterinsights_sitenote_note":"","_monsterinsights_sitenote_category":0,"footnotes":""},"categories":[117],"tags":[],"class_list":["post-264569","post","type-post","status-publish","format-standard","has-post-thumbnail","hentry","category-press-releases"],"acf":[],"yoast_head":"<!-- This site is optimized with the Yoast SEO plugin v26.9 - https:\/\/yoast.com\/product\/yoast-seo-wordpress\/ -->\n<title>Anu\u0161i\u0107: Exercise Sava Star Strengthens the Alliance Between the Republic of Croatia and the United Kingdom - MORH<\/title>\n<meta name=\"description\" content=\"Excellent cooperation between the British and the Croatian Armed Forces was demonstrated in Ga\u0161inci\" \/>\n<meta name=\"robots\" content=\"index, follow, max-snippet:-1, max-image-preview:large, max-video-preview:-1\" \/>\n<link rel=\"canonical\" href=\"https:\/\/www.morh.hr\/en\/anusic-exercise-sava-star-strengthens-the-alliance-between-the-republic-of-croatia-and-the-united-kingdom\/\" \/>\n<meta property=\"og:locale\" content=\"en_US\" \/>\n<meta property=\"og:type\" content=\"article\" \/>\n<meta property=\"og:title\" content=\"Anu\u0161i\u0107: Exercise Sava Star Strengthens the Alliance Between the Republic of Croatia and the United Kingdom - MORH\" \/>\n<meta property=\"og:description\" content=\"Excellent cooperation between the British and the Croatian Armed Forces was demonstrated in Ga\u0161inci\" \/>\n<meta property=\"og:url\" content=\"https:\/\/www.morh.hr\/en\/anusic-exercise-sava-star-strengthens-the-alliance-between-the-republic-of-croatia-and-the-united-kingdom\/\" \/>\n<meta property=\"og:site_name\" content=\"MORH\" \/>\n<meta property=\"article:publisher\" content=\"https:\/\/www.facebook.com\/sportasiuhrvatskojvojsci\/\" \/>\n<meta property=\"article:published_time\" content=\"2025-10-01T12:54:50+00:00\" \/>\n<meta property=\"article:modified_time\" content=\"2025-12-09T13:58:00+00:00\" \/>\n<meta property=\"og:image\" content=\"https:\/\/www.morh.hr\/wp-content\/uploads\/2025\/12\/2025-10-01-mo-sava-star-eng.jpg\" \/>\n\t<meta property=\"og:image:width\" content=\"2400\" \/>\n\t<meta property=\"og:image:height\" content=\"1600\" \/>\n\t<meta property=\"og:image:type\" content=\"image\/jpeg\" \/>\n<meta name=\"author\" content=\"Mladen\" \/>\n<meta name=\"twitter:card\" content=\"summary_large_image\" \/>\n<meta name=\"twitter:creator\" content=\"@morh_osrh\" \/>\n<meta name=\"twitter:site\" content=\"@morh_osrh\" \/>\n<meta name=\"twitter:label1\" content=\"Written by\" \/>\n\t<meta name=\"twitter:data1\" content=\"Mladen\" \/>\n\t<meta name=\"twitter:label2\" content=\"Est. reading time\" \/>\n\t<meta name=\"twitter:data2\" content=\"3 minutes\" \/>\n<script type=\"application\/ld+json\" class=\"yoast-schema-graph\">{\"@context\":\"https:\/\/schema.org\",\"@graph\":[{\"@type\":\"Article\",\"@id\":\"https:\/\/www.morh.hr\/en\/anusic-exercise-sava-star-strengthens-the-alliance-between-the-republic-of-croatia-and-the-united-kingdom\/#article\",\"isPartOf\":{\"@id\":\"https:\/\/www.morh.hr\/en\/anusic-exercise-sava-star-strengthens-the-alliance-between-the-republic-of-croatia-and-the-united-kingdom\/\"},\"author\":{\"name\":\"Mladen\",\"@id\":\"https:\/\/www.morh.hr\/en\/#\/schema\/person\/ec8e2528a579067d8bda0ae2124ac768\"},\"headline\":\"Anu\u0161i\u0107: Exercise Sava Star Strengthens the Alliance Between the Republic of Croatia and the United Kingdom\",\"datePublished\":\"2025-10-01T12:54:50+00:00\",\"dateModified\":\"2025-12-09T13:58:00+00:00\",\"mainEntityOfPage\":{\"@id\":\"https:\/\/www.morh.hr\/en\/anusic-exercise-sava-star-strengthens-the-alliance-between-the-republic-of-croatia-and-the-united-kingdom\/\"},\"wordCount\":503,\"image\":{\"@id\":\"https:\/\/www.morh.hr\/en\/anusic-exercise-sava-star-strengthens-the-alliance-between-the-republic-of-croatia-and-the-united-kingdom\/#primaryimage\"},\"thumbnailUrl\":\"https:\/\/www.morh.hr\/wp-content\/uploads\/2025\/12\/2025-10-01-mo-sava-star-eng.jpg\",\"articleSection\":[\"Press releases\"],\"inLanguage\":\"en-US\"},{\"@type\":\"WebPage\",\"@id\":\"https:\/\/www.morh.hr\/en\/anusic-exercise-sava-star-strengthens-the-alliance-between-the-republic-of-croatia-and-the-united-kingdom\/\",\"url\":\"https:\/\/www.morh.hr\/en\/anusic-exercise-sava-star-strengthens-the-alliance-between-the-republic-of-croatia-and-the-united-kingdom\/\",\"name\":\"Anu\u0161i\u0107: Exercise Sava Star Strengthens the Alliance Between the Republic of Croatia and the United Kingdom - MORH\",\"isPartOf\":{\"@id\":\"https:\/\/www.morh.hr\/en\/#website\"},\"primaryImageOfPage\":{\"@id\":\"https:\/\/www.morh.hr\/en\/anusic-exercise-sava-star-strengthens-the-alliance-between-the-republic-of-croatia-and-the-united-kingdom\/#primaryimage\"},\"image\":{\"@id\":\"https:\/\/www.morh.hr\/en\/anusic-exercise-sava-star-strengthens-the-alliance-between-the-republic-of-croatia-and-the-united-kingdom\/#primaryimage\"},\"thumbnailUrl\":\"https:\/\/www.morh.hr\/wp-content\/uploads\/2025\/12\/2025-10-01-mo-sava-star-eng.jpg\",\"datePublished\":\"2025-10-01T12:54:50+00:00\",\"dateModified\":\"2025-12-09T13:58:00+00:00\",\"author\":{\"@id\":\"https:\/\/www.morh.hr\/en\/#\/schema\/person\/ec8e2528a579067d8bda0ae2124ac768\"},\"description\":\"Excellent cooperation between the British and the Croatian Armed Forces was demonstrated in Ga\u0161inci\",\"breadcrumb\":{\"@id\":\"https:\/\/www.morh.hr\/en\/anusic-exercise-sava-star-strengthens-the-alliance-between-the-republic-of-croatia-and-the-united-kingdom\/#breadcrumb\"},\"inLanguage\":\"en-US\",\"potentialAction\":[{\"@type\":\"ReadAction\",\"target\":[\"https:\/\/www.morh.hr\/en\/anusic-exercise-sava-star-strengthens-the-alliance-between-the-republic-of-croatia-and-the-united-kingdom\/\"]}]},{\"@type\":\"ImageObject\",\"inLanguage\":\"en-US\",\"@id\":\"https:\/\/www.morh.hr\/en\/anusic-exercise-sava-star-strengthens-the-alliance-between-the-republic-of-croatia-and-the-united-kingdom\/#primaryimage\",\"url\":\"https:\/\/www.morh.hr\/wp-content\/uploads\/2025\/12\/2025-10-01-mo-sava-star-eng.jpg\",\"contentUrl\":\"https:\/\/www.morh.hr\/wp-content\/uploads\/2025\/12\/2025-10-01-mo-sava-star-eng.jpg\",\"width\":2400,\"height\":1600,\"caption\":\"Anu\u0161i\u0107: Exercise Sava Star Strengthens the Alliance Between the Republic of Croatia and the United Kingdom | Photo: MORH\/ J. Kopi\"},{\"@type\":\"BreadcrumbList\",\"@id\":\"https:\/\/www.morh.hr\/en\/anusic-exercise-sava-star-strengthens-the-alliance-between-the-republic-of-croatia-and-the-united-kingdom\/#breadcrumb\",\"itemListElement\":[{\"@type\":\"ListItem\",\"position\":1,\"name\":\"Naslovnica\",\"item\":\"https:\/\/www.morh.hr\/en\/\"},{\"@type\":\"ListItem\",\"position\":2,\"name\":\"News\",\"item\":\"https:\/\/www.morh.hr\/en\/kategorija\/news\/\"},{\"@type\":\"ListItem\",\"position\":3,\"name\":\"Press releases\",\"item\":\"https:\/\/www.morh.hr\/en\/kategorija\/news\/press-releases\/\"},{\"@type\":\"ListItem\",\"position\":4,\"name\":\"Anu\u0161i\u0107: Exercise Sava Star Strengthens the Alliance Between the Republic of Croatia and the United Kingdom\"}]},{\"@type\":\"WebSite\",\"@id\":\"https:\/\/www.morh.hr\/en\/#website\",\"url\":\"https:\/\/www.morh.hr\/en\/\",\"name\":\"MORH\",\"description\":\"Ministarstvo obrane Republike Hrvatske - slu\u017ebene stranice\",\"potentialAction\":[{\"@type\":\"SearchAction\",\"target\":{\"@type\":\"EntryPoint\",\"urlTemplate\":\"https:\/\/www.morh.hr\/en\/?s={search_term_string}\"},\"query-input\":{\"@type\":\"PropertyValueSpecification\",\"valueRequired\":true,\"valueName\":\"search_term_string\"}}],\"inLanguage\":\"en-US\"},{\"@type\":\"Person\",\"@id\":\"https:\/\/www.morh.hr\/en\/#\/schema\/person\/ec8e2528a579067d8bda0ae2124ac768\",\"name\":\"Mladen\",\"image\":{\"@type\":\"ImageObject\",\"inLanguage\":\"en-US\",\"@id\":\"https:\/\/www.morh.hr\/en\/#\/schema\/person\/image\/\",\"url\":\"https:\/\/secure.gravatar.com\/avatar\/3d5ea7ca0d0a523cf2ec98548db52f920a5f6bbfd2c1aa63d237c2f445528cf7?s=96&d=mm&r=g\",\"contentUrl\":\"https:\/\/secure.gravatar.com\/avatar\/3d5ea7ca0d0a523cf2ec98548db52f920a5f6bbfd2c1aa63d237c2f445528cf7?s=96&d=mm&r=g\",\"caption\":\"Mladen\"}}]}<\/script>\n<!-- \/ Yoast SEO plugin. -->","yoast_head_json":{"title":"Anu\u0161i\u0107: Exercise Sava Star Strengthens the Alliance Between the Republic of Croatia and the United Kingdom - MORH","description":"Excellent cooperation between the British and the Croatian Armed Forces was demonstrated in Ga\u0161inci","robots":{"index":"index","follow":"follow","max-snippet":"max-snippet:-1","max-image-preview":"max-image-preview:large","max-video-preview":"max-video-preview:-1"},"canonical":"https:\/\/www.morh.hr\/en\/anusic-exercise-sava-star-strengthens-the-alliance-between-the-republic-of-croatia-and-the-united-kingdom\/","og_locale":"en_US","og_type":"article","og_title":"Anu\u0161i\u0107: Exercise Sava Star Strengthens the Alliance Between the Republic of Croatia and the United Kingdom - MORH","og_description":"Excellent cooperation between the British and the Croatian Armed Forces was demonstrated in Ga\u0161inci","og_url":"https:\/\/www.morh.hr\/en\/anusic-exercise-sava-star-strengthens-the-alliance-between-the-republic-of-croatia-and-the-united-kingdom\/","og_site_name":"MORH","article_publisher":"https:\/\/www.facebook.com\/sportasiuhrvatskojvojsci\/","article_published_time":"2025-10-01T12:54:50+00:00","article_modified_time":"2025-12-09T13:58:00+00:00","og_image":[{"width":2400,"height":1600,"url":"https:\/\/www.morh.hr\/wp-content\/uploads\/2025\/12\/2025-10-01-mo-sava-star-eng.jpg","type":"image\/jpeg"}],"author":"Mladen","twitter_card":"summary_large_image","twitter_creator":"@morh_osrh","twitter_site":"@morh_osrh","twitter_misc":{"Written by":"Mladen","Est. reading time":"3 minutes"},"schema":{"@context":"https:\/\/schema.org","@graph":[{"@type":"Article","@id":"https:\/\/www.morh.hr\/en\/anusic-exercise-sava-star-strengthens-the-alliance-between-the-republic-of-croatia-and-the-united-kingdom\/#article","isPartOf":{"@id":"https:\/\/www.morh.hr\/en\/anusic-exercise-sava-star-strengthens-the-alliance-between-the-republic-of-croatia-and-the-united-kingdom\/"},"author":{"name":"Mladen","@id":"https:\/\/www.morh.hr\/en\/#\/schema\/person\/ec8e2528a579067d8bda0ae2124ac768"},"headline":"Anu\u0161i\u0107: Exercise Sava Star Strengthens the Alliance Between the Republic of Croatia and the United Kingdom","datePublished":"2025-10-01T12:54:50+00:00","dateModified":"2025-12-09T13:58:00+00:00","mainEntityOfPage":{"@id":"https:\/\/www.morh.hr\/en\/anusic-exercise-sava-star-strengthens-the-alliance-between-the-republic-of-croatia-and-the-united-kingdom\/"},"wordCount":503,"image":{"@id":"https:\/\/www.morh.hr\/en\/anusic-exercise-sava-star-strengthens-the-alliance-between-the-republic-of-croatia-and-the-united-kingdom\/#primaryimage"},"thumbnailUrl":"https:\/\/www.morh.hr\/wp-content\/uploads\/2025\/12\/2025-10-01-mo-sava-star-eng.jpg","articleSection":["Press releases"],"inLanguage":"en-US"},{"@type":"WebPage","@id":"https:\/\/www.morh.hr\/en\/anusic-exercise-sava-star-strengthens-the-alliance-between-the-republic-of-croatia-and-the-united-kingdom\/","url":"https:\/\/www.morh.hr\/en\/anusic-exercise-sava-star-strengthens-the-alliance-between-the-republic-of-croatia-and-the-united-kingdom\/","name":"Anu\u0161i\u0107: Exercise Sava Star Strengthens the Alliance Between the Republic of Croatia and the United Kingdom - MORH","isPartOf":{"@id":"https:\/\/www.morh.hr\/en\/#website"},"primaryImageOfPage":{"@id":"https:\/\/www.morh.hr\/en\/anusic-exercise-sava-star-strengthens-the-alliance-between-the-republic-of-croatia-and-the-united-kingdom\/#primaryimage"},"image":{"@id":"https:\/\/www.morh.hr\/en\/anusic-exercise-sava-star-strengthens-the-alliance-between-the-republic-of-croatia-and-the-united-kingdom\/#primaryimage"},"thumbnailUrl":"https:\/\/www.morh.hr\/wp-content\/uploads\/2025\/12\/2025-10-01-mo-sava-star-eng.jpg","datePublished":"2025-10-01T12:54:50+00:00","dateModified":"2025-12-09T13:58:00+00:00","author":{"@id":"https:\/\/www.morh.hr\/en\/#\/schema\/person\/ec8e2528a579067d8bda0ae2124ac768"},"description":"Excellent cooperation between the British and the Croatian Armed Forces was demonstrated in Ga\u0161inci","breadcrumb":{"@id":"https:\/\/www.morh.hr\/en\/anusic-exercise-sava-star-strengthens-the-alliance-between-the-republic-of-croatia-and-the-united-kingdom\/#breadcrumb"},"inLanguage":"en-US","potentialAction":[{"@type":"ReadAction","target":["https:\/\/www.morh.hr\/en\/anusic-exercise-sava-star-strengthens-the-alliance-between-the-republic-of-croatia-and-the-united-kingdom\/"]}]},{"@type":"ImageObject","inLanguage":"en-US","@id":"https:\/\/www.morh.hr\/en\/anusic-exercise-sava-star-strengthens-the-alliance-between-the-republic-of-croatia-and-the-united-kingdom\/#primaryimage","url":"https:\/\/www.morh.hr\/wp-content\/uploads\/2025\/12\/2025-10-01-mo-sava-star-eng.jpg","contentUrl":"https:\/\/www.morh.hr\/wp-content\/uploads\/2025\/12\/2025-10-01-mo-sava-star-eng.jpg","width":2400,"height":1600,"caption":"Anu\u0161i\u0107: Exercise Sava Star Strengthens the Alliance Between the Republic of Croatia and the United Kingdom | Photo: MORH\/ J. Kopi"},{"@type":"BreadcrumbList","@id":"https:\/\/www.morh.hr\/en\/anusic-exercise-sava-star-strengthens-the-alliance-between-the-republic-of-croatia-and-the-united-kingdom\/#breadcrumb","itemListElement":[{"@type":"ListItem","position":1,"name":"Naslovnica","item":"https:\/\/www.morh.hr\/en\/"},{"@type":"ListItem","position":2,"name":"News","item":"https:\/\/www.morh.hr\/en\/kategorija\/news\/"},{"@type":"ListItem","position":3,"name":"Press releases","item":"https:\/\/www.morh.hr\/en\/kategorija\/news\/press-releases\/"},{"@type":"ListItem","position":4,"name":"Anu\u0161i\u0107: Exercise Sava Star Strengthens the Alliance Between the Republic of Croatia and the United Kingdom"}]},{"@type":"WebSite","@id":"https:\/\/www.morh.hr\/en\/#website","url":"https:\/\/www.morh.hr\/en\/","name":"MORH","description":"Ministarstvo obrane Republike Hrvatske - slu\u017ebene stranice","potentialAction":[{"@type":"SearchAction","target":{"@type":"EntryPoint","urlTemplate":"https:\/\/www.morh.hr\/en\/?s={search_term_string}"},"query-input":{"@type":"PropertyValueSpecification","valueRequired":true,"valueName":"search_term_string"}}],"inLanguage":"en-US"},{"@type":"Person","@id":"https:\/\/www.morh.hr\/en\/#\/schema\/person\/ec8e2528a579067d8bda0ae2124ac768","name":"Mladen","image":{"@type":"ImageObject","inLanguage":"en-US","@id":"https:\/\/www.morh.hr\/en\/#\/schema\/person\/image\/","url":"https:\/\/secure.gravatar.com\/avatar\/3d5ea7ca0d0a523cf2ec98548db52f920a5f6bbfd2c1aa63d237c2f445528cf7?s=96&d=mm&r=g","contentUrl":"https:\/\/secure.gravatar.com\/avatar\/3d5ea7ca0d0a523cf2ec98548db52f920a5f6bbfd2c1aa63d237c2f445528cf7?s=96&d=mm&r=g","caption":"Mladen"}}]}},"_links":{"self":[{"href":"https:\/\/www.morh.hr\/en\/wp-json\/wp\/v2\/posts\/264569","targetHints":{"allow":["GET"]}}],"collection":[{"href":"https:\/\/www.morh.hr\/en\/wp-json\/wp\/v2\/posts"}],"about":[{"href":"https:\/\/www.morh.hr\/en\/wp-json\/wp\/v2\/types\/post"}],"author":[{"embeddable":true,"href":"https:\/\/www.morh.hr\/en\/wp-json\/wp\/v2\/users\/4699"}],"replies":[{"embeddable":true,"href":"https:\/\/www.morh.hr\/en\/wp-json\/wp\/v2\/comments?post=264569"}],"version-history":[{"count":1,"href":"https:\/\/www.morh.hr\/en\/wp-json\/wp\/v2\/posts\/264569\/revisions"}],"predecessor-version":[{"id":264572,"href":"https:\/\/www.morh.hr\/en\/wp-json\/wp\/v2\/posts\/264569\/revisions\/264572"}],"wp:featuredmedia":[{"embeddable":true,"href":"https:\/\/www.morh.hr\/en\/wp-json\/wp\/v2\/media\/264570"}],"wp:attachment":[{"href":"https:\/\/www.morh.hr\/en\/wp-json\/wp\/v2\/media?parent=264569"}],"wp:term":[{"taxonomy":"category","embeddable":true,"href":"https:\/\/www.morh.hr\/en\/wp-json\/wp\/v2\/categories?post=264569"},{"taxonomy":"post_tag","embeddable":true,"href":"https:\/\/www.morh.hr\/en\/wp-json\/wp\/v2\/tags?post=264569"}],"curies":[{"name":"wp","href":"https:\/\/api.w.org\/{rel}","templated":true}]}}