{"id":52820,"date":"2017-10-01T16:39:04","date_gmt":"2017-10-01T14:39:04","guid":{"rendered":"https:\/\/www.morh.hr\/fotogalerija-poljski-ministar-obrane-na-25-vojno-redarstvenom-hodocascu\/"},"modified":"2023-12-19T12:58:41","modified_gmt":"2023-12-19T11:58:41","slug":"fotogalerija-poljski-ministar-obrane-na-25-vojno-redarstvenom-hodocascu","status":"publish","type":"post","link":"https:\/\/www.morh.hr\/en\/fotogalerija-poljski-ministar-obrane-na-25-vojno-redarstvenom-hodocascu\/","title":{"rendered":"Fotogalerija: Poljski ministar obrane na 25. vojno-redarstvenom hodo\u010da\u0161\u0107u"},"content":{"rendered":"<div class=\"morh-galleria\"><a href=\"https:\/\/live.staticflickr.com\/65535\/53408114330_4bbb77f60f_b.jpg\" title=\"Poljski ministar obrane na 25. vojno-redarstvenom hodo\u010da\u0161\u0107u\"><img decoding=\"async\" data-title=\"Poljski ministar obrane na 25. vojno-redarstvenom hodo\u010da\u0161\u0107u\" data-description=\"Foto: MORH\/ J. Kopi\" alt=\"Poljski ministar obrane na 25. vojno-redarstvenom hodo\u010da\u0161\u0107u\" src=\"https:\/\/live.staticflickr.com\/65535\/53408114330_4bbb77f60f_b.jpg\" data-layer=\"&lt;div class=&#039;morh-gallery-image-download&#039;&gt;&lt;a href=&#039;https:\/\/live.staticflickr.com\/65535\/53408114330_ce76d8586e_o.jpg&#039; target=&#039;_blank&#039;&gt;Slika za preuzimanje&lt;\/a&gt;&lt;\/div&gt;\" \/><\/a><a href=\"https:\/\/live.staticflickr.com\/65535\/53408010634_dbcd5e9707_b.jpg\" title=\"Poljski ministar obrane na 25. vojno-redarstvenom hodo\u010da\u0161\u0107u\"><img decoding=\"async\" data-title=\"Poljski ministar obrane na 25. vojno-redarstvenom hodo\u010da\u0161\u0107u\" data-description=\"Foto: MORH\/ J. Kopi\" alt=\"Poljski ministar obrane na 25. vojno-redarstvenom hodo\u010da\u0161\u0107u\" src=\"https:\/\/live.staticflickr.com\/65535\/53408010634_dbcd5e9707_b.jpg\" data-layer=\"&lt;div class=&#039;morh-gallery-image-download&#039;&gt;&lt;a href=&#039;https:\/\/live.staticflickr.com\/65535\/53408010634_391291b253_o.jpg&#039; target=&#039;_blank&#039;&gt;Slika za preuzimanje&lt;\/a&gt;&lt;\/div&gt;\" \/><\/a><a href=\"https:\/\/live.staticflickr.com\/65535\/53407679136_bc8805ef4c_b.jpg\" title=\"Poljski ministar obrane na 25. vojno-redarstvenom hodo\u010da\u0161\u0107u\"><img decoding=\"async\" data-title=\"Poljski ministar obrane na 25. vojno-redarstvenom hodo\u010da\u0161\u0107u\" data-description=\"Foto: MORH\/ J. Kopi\" alt=\"Poljski ministar obrane na 25. vojno-redarstvenom hodo\u010da\u0161\u0107u\" src=\"https:\/\/live.staticflickr.com\/65535\/53407679136_bc8805ef4c_b.jpg\" data-layer=\"&lt;div class=&#039;morh-gallery-image-download&#039;&gt;&lt;a href=&#039;https:\/\/live.staticflickr.com\/65535\/53407679136_0ca55322e6_o.jpg&#039; target=&#039;_blank&#039;&gt;Slika za preuzimanje&lt;\/a&gt;&lt;\/div&gt;\" \/><\/a><a href=\"https:\/\/live.staticflickr.com\/65535\/53407859603_f4a0aef192_b.jpg\" title=\"Poljski ministar obrane na 25. vojno-redarstvenom hodo\u010da\u0161\u0107u\"><img decoding=\"async\" data-title=\"Poljski ministar obrane na 25. vojno-redarstvenom hodo\u010da\u0161\u0107u\" data-description=\"Foto: MORH\/ J. Kopi\" alt=\"Poljski ministar obrane na 25. vojno-redarstvenom hodo\u010da\u0161\u0107u\" src=\"https:\/\/live.staticflickr.com\/65535\/53407859603_f4a0aef192_b.jpg\" data-layer=\"&lt;div class=&#039;morh-gallery-image-download&#039;&gt;&lt;a href=&#039;https:\/\/live.staticflickr.com\/65535\/53407859603_ed64357fd5_o.jpg&#039; target=&#039;_blank&#039;&gt;Slika za preuzimanje&lt;\/a&gt;&lt;\/div&gt;\" \/><\/a><a href=\"https:\/\/live.staticflickr.com\/65535\/53406755972_14582f7538_b.jpg\" title=\"Poljski ministar obrane na 25. vojno-redarstvenom hodo\u010da\u0161\u0107u\"><img decoding=\"async\" data-title=\"Poljski ministar obrane na 25. vojno-redarstvenom hodo\u010da\u0161\u0107u\" data-description=\"Foto: MORH\/ J. Kopi\" alt=\"Poljski ministar obrane na 25. vojno-redarstvenom hodo\u010da\u0161\u0107u\" src=\"https:\/\/live.staticflickr.com\/65535\/53406755972_14582f7538_b.jpg\" data-layer=\"&lt;div class=&#039;morh-gallery-image-download&#039;&gt;&lt;a href=&#039;https:\/\/live.staticflickr.com\/65535\/53406755972_52519bfaef_o.jpg&#039; target=&#039;_blank&#039;&gt;Slika za preuzimanje&lt;\/a&gt;&lt;\/div&gt;\" \/><\/a><a href=\"https:\/\/live.staticflickr.com\/65535\/53408114300_0a08fe61a9_b.jpg\" title=\"Poljski ministar obrane na 25. vojno-redarstvenom hodo\u010da\u0161\u0107u\"><img decoding=\"async\" data-title=\"Poljski ministar obrane na 25. vojno-redarstvenom hodo\u010da\u0161\u0107u\" data-description=\"Foto: MORH\/ J. Kopi\" alt=\"Poljski ministar obrane na 25. vojno-redarstvenom hodo\u010da\u0161\u0107u\" src=\"https:\/\/live.staticflickr.com\/65535\/53408114300_0a08fe61a9_b.jpg\" data-layer=\"&lt;div class=&#039;morh-gallery-image-download&#039;&gt;&lt;a href=&#039;https:\/\/live.staticflickr.com\/65535\/53408114300_55c5bf0808_o.jpg&#039; target=&#039;_blank&#039;&gt;Slika za preuzimanje&lt;\/a&gt;&lt;\/div&gt;\" \/><\/a><a href=\"https:\/\/live.staticflickr.com\/65535\/53407859583_8c103e247a_b.jpg\" title=\"Poljski ministar obrane na 25. vojno-redarstvenom hodo\u010da\u0161\u0107u\"><img decoding=\"async\" data-title=\"Poljski ministar obrane na 25. vojno-redarstvenom hodo\u010da\u0161\u0107u\" data-description=\"Foto: MORH\/ J. Kopi\" alt=\"Poljski ministar obrane na 25. vojno-redarstvenom hodo\u010da\u0161\u0107u\" src=\"https:\/\/live.staticflickr.com\/65535\/53407859583_8c103e247a_b.jpg\" data-layer=\"&lt;div class=&#039;morh-gallery-image-download&#039;&gt;&lt;a href=&#039;https:\/\/live.staticflickr.com\/65535\/53407859583_a5ea97f3bc_o.jpg&#039; target=&#039;_blank&#039;&gt;Slika za preuzimanje&lt;\/a&gt;&lt;\/div&gt;\" \/><\/a><a href=\"https:\/\/live.staticflickr.com\/65535\/53407679076_bbd65bb5c0_b.jpg\" title=\"Poljski ministar obrane na 25. vojno-redarstvenom hodo\u010da\u0161\u0107u\"><img decoding=\"async\" data-title=\"Poljski ministar obrane na 25. vojno-redarstvenom hodo\u010da\u0161\u0107u\" data-description=\"Foto: MORH\/ J. Kopi\" alt=\"Poljski ministar obrane na 25. vojno-redarstvenom hodo\u010da\u0161\u0107u\" src=\"https:\/\/live.staticflickr.com\/65535\/53407679076_bbd65bb5c0_b.jpg\" data-layer=\"&lt;div class=&#039;morh-gallery-image-download&#039;&gt;&lt;a href=&#039;https:\/\/live.staticflickr.com\/65535\/53407679076_e0e8e228b9_o.jpg&#039; target=&#039;_blank&#039;&gt;Slika za preuzimanje&lt;\/a&gt;&lt;\/div&gt;\" \/><\/a><a href=\"https:\/\/live.staticflickr.com\/65535\/53407859613_619bf0b214_b.jpg\" title=\"Poljski ministar obrane na 25. vojno-redarstvenom hodo\u010da\u0161\u0107u\"><img decoding=\"async\" data-title=\"Poljski ministar obrane na 25. vojno-redarstvenom hodo\u010da\u0161\u0107u\" data-description=\"Foto: MORH\/ J. Kopi\" alt=\"Poljski ministar obrane na 25. vojno-redarstvenom hodo\u010da\u0161\u0107u\" src=\"https:\/\/live.staticflickr.com\/65535\/53407859613_619bf0b214_b.jpg\" data-layer=\"&lt;div class=&#039;morh-gallery-image-download&#039;&gt;&lt;a href=&#039;https:\/\/live.staticflickr.com\/65535\/53407859613_383b95be1e_o.jpg&#039; target=&#039;_blank&#039;&gt;Slika za preuzimanje&lt;\/a&gt;&lt;\/div&gt;\" \/><\/a><a href=\"https:\/\/live.staticflickr.com\/65535\/53407859543_9e2420d1da_b.jpg\" title=\"Poljski ministar obrane na 25. vojno-redarstvenom hodo\u010da\u0161\u0107u\"><img decoding=\"async\" data-title=\"Poljski ministar obrane na 25. vojno-redarstvenom hodo\u010da\u0161\u0107u\" data-description=\"Foto: MORH\/ J. Kopi\" alt=\"Poljski ministar obrane na 25. vojno-redarstvenom hodo\u010da\u0161\u0107u\" src=\"https:\/\/live.staticflickr.com\/65535\/53407859543_9e2420d1da_b.jpg\" data-layer=\"&lt;div class=&#039;morh-gallery-image-download&#039;&gt;&lt;a href=&#039;https:\/\/live.staticflickr.com\/65535\/53407859543_ff04d3092f_o.jpg&#039; target=&#039;_blank&#039;&gt;Slika za preuzimanje&lt;\/a&gt;&lt;\/div&gt;\" \/><\/a><a href=\"https:\/\/live.staticflickr.com\/65535\/53407679031_480f4455cc_b.jpg\" title=\"Poljski ministar obrane na 25. vojno-redarstvenom hodo\u010da\u0161\u0107u\"><img decoding=\"async\" data-title=\"Poljski ministar obrane na 25. vojno-redarstvenom hodo\u010da\u0161\u0107u\" data-description=\"Foto: MORH\/ J. Kopi\" alt=\"Poljski ministar obrane na 25. vojno-redarstvenom hodo\u010da\u0161\u0107u\" src=\"https:\/\/live.staticflickr.com\/65535\/53407679031_480f4455cc_b.jpg\" data-layer=\"&lt;div class=&#039;morh-gallery-image-download&#039;&gt;&lt;a href=&#039;https:\/\/live.staticflickr.com\/65535\/53407679031_189bf85660_o.jpg&#039; target=&#039;_blank&#039;&gt;Slika za preuzimanje&lt;\/a&gt;&lt;\/div&gt;\" \/><\/a><a href=\"https:\/\/live.staticflickr.com\/65535\/53406755922_2dda05fa54_b.jpg\" title=\"Poljski ministar obrane na 25. vojno-redarstvenom hodo\u010da\u0161\u0107u\"><img decoding=\"async\" data-title=\"Poljski ministar obrane na 25. vojno-redarstvenom hodo\u010da\u0161\u0107u\" data-description=\"Foto: MORH\/ J. Kopi\" alt=\"Poljski ministar obrane na 25. vojno-redarstvenom hodo\u010da\u0161\u0107u\" src=\"https:\/\/live.staticflickr.com\/65535\/53406755922_2dda05fa54_b.jpg\" data-layer=\"&lt;div class=&#039;morh-gallery-image-download&#039;&gt;&lt;a href=&#039;https:\/\/live.staticflickr.com\/65535\/53406755922_23cb9d07ea_o.jpg&#039; target=&#039;_blank&#039;&gt;Slika za preuzimanje&lt;\/a&gt;&lt;\/div&gt;\" \/><\/a><a href=\"https:\/\/live.staticflickr.com\/65535\/53408010559_6f22b0816d_b.jpg\" title=\"Poljski ministar obrane na 25. vojno-redarstvenom hodo\u010da\u0161\u0107u\"><img decoding=\"async\" data-title=\"Poljski ministar obrane na 25. vojno-redarstvenom hodo\u010da\u0161\u0107u\" data-description=\"Foto: MORH\/ J. Kopi\" alt=\"Poljski ministar obrane na 25. vojno-redarstvenom hodo\u010da\u0161\u0107u\" src=\"https:\/\/live.staticflickr.com\/65535\/53408010559_6f22b0816d_b.jpg\" data-layer=\"&lt;div class=&#039;morh-gallery-image-download&#039;&gt;&lt;a href=&#039;https:\/\/live.staticflickr.com\/65535\/53408010559_4514e34139_o.jpg&#039; target=&#039;_blank&#039;&gt;Slika za preuzimanje&lt;\/a&gt;&lt;\/div&gt;\" \/><\/a><a href=\"https:\/\/live.staticflickr.com\/65535\/53408114235_ee6c1c32a6_b.jpg\" title=\"Poljski ministar obrane na 25. vojno-redarstvenom hodo\u010da\u0161\u0107u\"><img decoding=\"async\" data-title=\"Poljski ministar obrane na 25. vojno-redarstvenom hodo\u010da\u0161\u0107u\" data-description=\"Foto: MORH\/ J. Kopi\" alt=\"Poljski ministar obrane na 25. vojno-redarstvenom hodo\u010da\u0161\u0107u\" src=\"https:\/\/live.staticflickr.com\/65535\/53408114235_ee6c1c32a6_b.jpg\" data-layer=\"&lt;div class=&#039;morh-gallery-image-download&#039;&gt;&lt;a href=&#039;https:\/\/live.staticflickr.com\/65535\/53408114235_db0bf2d33d_o.jpg&#039; target=&#039;_blank&#039;&gt;Slika za preuzimanje&lt;\/a&gt;&lt;\/div&gt;\" \/><\/a><a href=\"https:\/\/live.staticflickr.com\/65535\/53407678981_932960997c_b.jpg\" title=\"Poljski ministar obrane na 25. vojno-redarstvenom hodo\u010da\u0161\u0107u\"><img decoding=\"async\" data-title=\"Poljski ministar obrane na 25. vojno-redarstvenom hodo\u010da\u0161\u0107u\" data-description=\"Foto: MORH\/ J. Kopi\" alt=\"Poljski ministar obrane na 25. vojno-redarstvenom hodo\u010da\u0161\u0107u\" src=\"https:\/\/live.staticflickr.com\/65535\/53407678981_932960997c_b.jpg\" data-layer=\"&lt;div class=&#039;morh-gallery-image-download&#039;&gt;&lt;a href=&#039;https:\/\/live.staticflickr.com\/65535\/53407678981_6c9ff33835_o.jpg&#039; target=&#039;_blank&#039;&gt;Slika za preuzimanje&lt;\/a&gt;&lt;\/div&gt;\" \/><\/a><a href=\"https:\/\/live.staticflickr.com\/65535\/53408114255_f1e3faf406_b.jpg\" title=\"Poljski ministar obrane na 25. vojno-redarstvenom hodo\u010da\u0161\u0107u\"><img decoding=\"async\" data-title=\"Poljski ministar obrane na 25. vojno-redarstvenom hodo\u010da\u0161\u0107u\" data-description=\"Foto: MORH\/ J. Kopi\" alt=\"Poljski ministar obrane na 25. vojno-redarstvenom hodo\u010da\u0161\u0107u\" src=\"https:\/\/live.staticflickr.com\/65535\/53408114255_f1e3faf406_b.jpg\" data-layer=\"&lt;div class=&#039;morh-gallery-image-download&#039;&gt;&lt;a href=&#039;https:\/\/live.staticflickr.com\/65535\/53408114255_8c1a7b1109_o.jpg&#039; target=&#039;_blank&#039;&gt;Slika za preuzimanje&lt;\/a&gt;&lt;\/div&gt;\" \/><\/a><a href=\"https:\/\/live.staticflickr.com\/65535\/53407678951_e5348d56ff_b.jpg\" title=\"Poljski ministar obrane na 25. vojno-redarstvenom hodo\u010da\u0161\u0107u\"><img decoding=\"async\" data-title=\"Poljski ministar obrane na 25. vojno-redarstvenom hodo\u010da\u0161\u0107u\" data-description=\"Foto: MORH\/ J. Kopi\" alt=\"Poljski ministar obrane na 25. vojno-redarstvenom hodo\u010da\u0161\u0107u\" src=\"https:\/\/live.staticflickr.com\/65535\/53407678951_e5348d56ff_b.jpg\" data-layer=\"&lt;div class=&#039;morh-gallery-image-download&#039;&gt;&lt;a href=&#039;https:\/\/live.staticflickr.com\/65535\/53407678951_512c829437_o.jpg&#039; target=&#039;_blank&#039;&gt;Slika za preuzimanje&lt;\/a&gt;&lt;\/div&gt;\" \/><\/a><\/div><!--\/.morh-galleria -->\n","protected":false},"excerpt":{"rendered":"<p>Foto: MORH\/ J.Kopi<\/p>\n","protected":false},"author":3,"featured_media":49229,"comment_status":"closed","ping_status":"closed","sticky":false,"template":"","format":"standard","meta":{"_acf_changed":false,"_monsterinsights_skip_tracking":false,"_monsterinsights_sitenote_active":false,"_monsterinsights_sitenote_note":"","_monsterinsights_sitenote_category":0,"footnotes":""},"categories":[329],"tags":[],"class_list":["post-52820","post","type-post","status-publish","format-standard","has-post-thumbnail","hentry","category-fotogalerije-dogadaji-en"],"acf":[],"yoast_head":"<!-- This site is optimized with the Yoast SEO plugin v26.9 - https:\/\/yoast.com\/product\/yoast-seo-wordpress\/ -->\n<title>Fotogalerija: Poljski ministar obrane na 25. vojno-redarstvenom hodo\u010da\u0161\u0107u - MORH<\/title>\n<meta name=\"description\" content=\"Foto: MORH\/ J.Kopi\" \/>\n<meta name=\"robots\" content=\"index, follow, max-snippet:-1, max-image-preview:large, max-video-preview:-1\" \/>\n<link rel=\"canonical\" href=\"https:\/\/www.morh.hr\/en\/fotogalerija-poljski-ministar-obrane-na-25-vojno-redarstvenom-hodocascu\/\" \/>\n<meta property=\"og:locale\" content=\"en_US\" \/>\n<meta property=\"og:type\" content=\"article\" \/>\n<meta property=\"og:title\" content=\"Fotogalerija: Poljski ministar obrane na 25. vojno-redarstvenom hodo\u010da\u0161\u0107u - MORH\" \/>\n<meta property=\"og:description\" content=\"Foto: MORH\/ J.Kopi\" \/>\n<meta property=\"og:url\" content=\"https:\/\/www.morh.hr\/en\/fotogalerija-poljski-ministar-obrane-na-25-vojno-redarstvenom-hodocascu\/\" \/>\n<meta property=\"og:site_name\" content=\"MORH\" \/>\n<meta property=\"article:publisher\" content=\"https:\/\/www.facebook.com\/sportasiuhrvatskojvojsci\/\" \/>\n<meta property=\"article:published_time\" content=\"2017-10-01T14:39:04+00:00\" \/>\n<meta property=\"article:modified_time\" content=\"2023-12-19T11:58:41+00:00\" \/>\n<meta property=\"og:image\" content=\"https:\/\/www.morh.hr\/wp-content\/uploads\/2017\/10\/krizni_put_01102017_01.jpg\" \/>\n\t<meta property=\"og:image:width\" content=\"1200\" \/>\n\t<meta property=\"og:image:height\" content=\"799\" \/>\n\t<meta property=\"og:image:type\" content=\"image\/jpeg\" \/>\n<meta name=\"author\" content=\"Drazen\" \/>\n<meta name=\"twitter:card\" content=\"summary_large_image\" \/>\n<meta name=\"twitter:creator\" content=\"@morh_osrh\" \/>\n<meta name=\"twitter:site\" content=\"@morh_osrh\" \/>\n<meta name=\"twitter:label1\" content=\"Written by\" \/>\n\t<meta name=\"twitter:data1\" content=\"Drazen\" \/>\n<script type=\"application\/ld+json\" class=\"yoast-schema-graph\">{\"@context\":\"https:\/\/schema.org\",\"@graph\":[{\"@type\":\"Article\",\"@id\":\"https:\/\/www.morh.hr\/en\/fotogalerija-poljski-ministar-obrane-na-25-vojno-redarstvenom-hodocascu\/#article\",\"isPartOf\":{\"@id\":\"https:\/\/www.morh.hr\/en\/fotogalerija-poljski-ministar-obrane-na-25-vojno-redarstvenom-hodocascu\/\"},\"author\":{\"name\":\"Drazen\",\"@id\":\"https:\/\/www.morh.hr\/en\/#\/schema\/person\/2d72e03399043d9513ab6bec75f2ce27\"},\"headline\":\"Fotogalerija: Poljski ministar obrane na 25. vojno-redarstvenom hodo\u010da\u0161\u0107u\",\"datePublished\":\"2017-10-01T14:39:04+00:00\",\"dateModified\":\"2023-12-19T11:58:41+00:00\",\"mainEntityOfPage\":{\"@id\":\"https:\/\/www.morh.hr\/en\/fotogalerija-poljski-ministar-obrane-na-25-vojno-redarstvenom-hodocascu\/\"},\"wordCount\":18,\"image\":{\"@id\":\"https:\/\/www.morh.hr\/en\/fotogalerija-poljski-ministar-obrane-na-25-vojno-redarstvenom-hodocascu\/#primaryimage\"},\"thumbnailUrl\":\"https:\/\/www.morh.hr\/wp-content\/uploads\/2017\/10\/krizni_put_01102017_01.jpg\",\"articleSection\":[\"Fotogalerije: doga\u0111aji\"],\"inLanguage\":\"en-US\"},{\"@type\":\"WebPage\",\"@id\":\"https:\/\/www.morh.hr\/en\/fotogalerija-poljski-ministar-obrane-na-25-vojno-redarstvenom-hodocascu\/\",\"url\":\"https:\/\/www.morh.hr\/en\/fotogalerija-poljski-ministar-obrane-na-25-vojno-redarstvenom-hodocascu\/\",\"name\":\"Fotogalerija: Poljski ministar obrane na 25. vojno-redarstvenom hodo\u010da\u0161\u0107u - MORH\",\"isPartOf\":{\"@id\":\"https:\/\/www.morh.hr\/en\/#website\"},\"primaryImageOfPage\":{\"@id\":\"https:\/\/www.morh.hr\/en\/fotogalerija-poljski-ministar-obrane-na-25-vojno-redarstvenom-hodocascu\/#primaryimage\"},\"image\":{\"@id\":\"https:\/\/www.morh.hr\/en\/fotogalerija-poljski-ministar-obrane-na-25-vojno-redarstvenom-hodocascu\/#primaryimage\"},\"thumbnailUrl\":\"https:\/\/www.morh.hr\/wp-content\/uploads\/2017\/10\/krizni_put_01102017_01.jpg\",\"datePublished\":\"2017-10-01T14:39:04+00:00\",\"dateModified\":\"2023-12-19T11:58:41+00:00\",\"author\":{\"@id\":\"https:\/\/www.morh.hr\/en\/#\/schema\/person\/2d72e03399043d9513ab6bec75f2ce27\"},\"description\":\"Foto: MORH\/ J.Kopi\",\"breadcrumb\":{\"@id\":\"https:\/\/www.morh.hr\/en\/fotogalerija-poljski-ministar-obrane-na-25-vojno-redarstvenom-hodocascu\/#breadcrumb\"},\"inLanguage\":\"en-US\",\"potentialAction\":[{\"@type\":\"ReadAction\",\"target\":[\"https:\/\/www.morh.hr\/en\/fotogalerija-poljski-ministar-obrane-na-25-vojno-redarstvenom-hodocascu\/\"]}]},{\"@type\":\"ImageObject\",\"inLanguage\":\"en-US\",\"@id\":\"https:\/\/www.morh.hr\/en\/fotogalerija-poljski-ministar-obrane-na-25-vojno-redarstvenom-hodocascu\/#primaryimage\",\"url\":\"https:\/\/www.morh.hr\/wp-content\/uploads\/2017\/10\/krizni_put_01102017_01.jpg\",\"contentUrl\":\"https:\/\/www.morh.hr\/wp-content\/uploads\/2017\/10\/krizni_put_01102017_01.jpg\",\"width\":1200,\"height\":799,\"caption\":\"Foto: MORH\/ J. Kopi\"},{\"@type\":\"BreadcrumbList\",\"@id\":\"https:\/\/www.morh.hr\/en\/fotogalerija-poljski-ministar-obrane-na-25-vojno-redarstvenom-hodocascu\/#breadcrumb\",\"itemListElement\":[{\"@type\":\"ListItem\",\"position\":1,\"name\":\"Naslovnica\",\"item\":\"https:\/\/www.morh.hr\/en\/\"},{\"@type\":\"ListItem\",\"position\":2,\"name\":\"Multimedija\",\"item\":\"https:\/\/www.morh.hr\/en\/kategorija\/multimedija-en\/\"},{\"@type\":\"ListItem\",\"position\":3,\"name\":\"Fotogalerije\",\"item\":\"https:\/\/www.morh.hr\/en\/kategorija\/multimedija-en\/fotogalerije-en\/\"},{\"@type\":\"ListItem\",\"position\":4,\"name\":\"Fotogalerije: doga\u0111aji\",\"item\":\"https:\/\/www.morh.hr\/en\/kategorija\/multimedija-en\/fotogalerije-en\/fotogalerije-dogadaji-en\/\"},{\"@type\":\"ListItem\",\"position\":5,\"name\":\"Fotogalerija: Poljski ministar obrane na 25. vojno-redarstvenom hodo\u010da\u0161\u0107u\"}]},{\"@type\":\"WebSite\",\"@id\":\"https:\/\/www.morh.hr\/en\/#website\",\"url\":\"https:\/\/www.morh.hr\/en\/\",\"name\":\"MORH\",\"description\":\"Ministarstvo obrane Republike Hrvatske - slu\u017ebene stranice\",\"potentialAction\":[{\"@type\":\"SearchAction\",\"target\":{\"@type\":\"EntryPoint\",\"urlTemplate\":\"https:\/\/www.morh.hr\/en\/?s={search_term_string}\"},\"query-input\":{\"@type\":\"PropertyValueSpecification\",\"valueRequired\":true,\"valueName\":\"search_term_string\"}}],\"inLanguage\":\"en-US\"},{\"@type\":\"Person\",\"@id\":\"https:\/\/www.morh.hr\/en\/#\/schema\/person\/2d72e03399043d9513ab6bec75f2ce27\",\"name\":\"Drazen\",\"image\":{\"@type\":\"ImageObject\",\"inLanguage\":\"en-US\",\"@id\":\"https:\/\/www.morh.hr\/en\/#\/schema\/person\/image\/\",\"url\":\"https:\/\/secure.gravatar.com\/avatar\/e36ef7e573425ae72988c73df868c1e87a656b0e005ca4fd7d30d2ba7e49c9cf?s=96&d=mm&r=g\",\"contentUrl\":\"https:\/\/secure.gravatar.com\/avatar\/e36ef7e573425ae72988c73df868c1e87a656b0e005ca4fd7d30d2ba7e49c9cf?s=96&d=mm&r=g\",\"caption\":\"Drazen\"}}]}<\/script>\n<!-- \/ Yoast SEO plugin. -->","yoast_head_json":{"title":"Fotogalerija: Poljski ministar obrane na 25. vojno-redarstvenom hodo\u010da\u0161\u0107u - MORH","description":"Foto: MORH\/ J.Kopi","robots":{"index":"index","follow":"follow","max-snippet":"max-snippet:-1","max-image-preview":"max-image-preview:large","max-video-preview":"max-video-preview:-1"},"canonical":"https:\/\/www.morh.hr\/en\/fotogalerija-poljski-ministar-obrane-na-25-vojno-redarstvenom-hodocascu\/","og_locale":"en_US","og_type":"article","og_title":"Fotogalerija: Poljski ministar obrane na 25. vojno-redarstvenom hodo\u010da\u0161\u0107u - MORH","og_description":"Foto: MORH\/ J.Kopi","og_url":"https:\/\/www.morh.hr\/en\/fotogalerija-poljski-ministar-obrane-na-25-vojno-redarstvenom-hodocascu\/","og_site_name":"MORH","article_publisher":"https:\/\/www.facebook.com\/sportasiuhrvatskojvojsci\/","article_published_time":"2017-10-01T14:39:04+00:00","article_modified_time":"2023-12-19T11:58:41+00:00","og_image":[{"width":1200,"height":799,"url":"https:\/\/www.morh.hr\/wp-content\/uploads\/2017\/10\/krizni_put_01102017_01.jpg","type":"image\/jpeg"}],"author":"Drazen","twitter_card":"summary_large_image","twitter_creator":"@morh_osrh","twitter_site":"@morh_osrh","twitter_misc":{"Written by":"Drazen"},"schema":{"@context":"https:\/\/schema.org","@graph":[{"@type":"Article","@id":"https:\/\/www.morh.hr\/en\/fotogalerija-poljski-ministar-obrane-na-25-vojno-redarstvenom-hodocascu\/#article","isPartOf":{"@id":"https:\/\/www.morh.hr\/en\/fotogalerija-poljski-ministar-obrane-na-25-vojno-redarstvenom-hodocascu\/"},"author":{"name":"Drazen","@id":"https:\/\/www.morh.hr\/en\/#\/schema\/person\/2d72e03399043d9513ab6bec75f2ce27"},"headline":"Fotogalerija: Poljski ministar obrane na 25. vojno-redarstvenom hodo\u010da\u0161\u0107u","datePublished":"2017-10-01T14:39:04+00:00","dateModified":"2023-12-19T11:58:41+00:00","mainEntityOfPage":{"@id":"https:\/\/www.morh.hr\/en\/fotogalerija-poljski-ministar-obrane-na-25-vojno-redarstvenom-hodocascu\/"},"wordCount":18,"image":{"@id":"https:\/\/www.morh.hr\/en\/fotogalerija-poljski-ministar-obrane-na-25-vojno-redarstvenom-hodocascu\/#primaryimage"},"thumbnailUrl":"https:\/\/www.morh.hr\/wp-content\/uploads\/2017\/10\/krizni_put_01102017_01.jpg","articleSection":["Fotogalerije: doga\u0111aji"],"inLanguage":"en-US"},{"@type":"WebPage","@id":"https:\/\/www.morh.hr\/en\/fotogalerija-poljski-ministar-obrane-na-25-vojno-redarstvenom-hodocascu\/","url":"https:\/\/www.morh.hr\/en\/fotogalerija-poljski-ministar-obrane-na-25-vojno-redarstvenom-hodocascu\/","name":"Fotogalerija: Poljski ministar obrane na 25. vojno-redarstvenom hodo\u010da\u0161\u0107u - MORH","isPartOf":{"@id":"https:\/\/www.morh.hr\/en\/#website"},"primaryImageOfPage":{"@id":"https:\/\/www.morh.hr\/en\/fotogalerija-poljski-ministar-obrane-na-25-vojno-redarstvenom-hodocascu\/#primaryimage"},"image":{"@id":"https:\/\/www.morh.hr\/en\/fotogalerija-poljski-ministar-obrane-na-25-vojno-redarstvenom-hodocascu\/#primaryimage"},"thumbnailUrl":"https:\/\/www.morh.hr\/wp-content\/uploads\/2017\/10\/krizni_put_01102017_01.jpg","datePublished":"2017-10-01T14:39:04+00:00","dateModified":"2023-12-19T11:58:41+00:00","author":{"@id":"https:\/\/www.morh.hr\/en\/#\/schema\/person\/2d72e03399043d9513ab6bec75f2ce27"},"description":"Foto: MORH\/ J.Kopi","breadcrumb":{"@id":"https:\/\/www.morh.hr\/en\/fotogalerija-poljski-ministar-obrane-na-25-vojno-redarstvenom-hodocascu\/#breadcrumb"},"inLanguage":"en-US","potentialAction":[{"@type":"ReadAction","target":["https:\/\/www.morh.hr\/en\/fotogalerija-poljski-ministar-obrane-na-25-vojno-redarstvenom-hodocascu\/"]}]},{"@type":"ImageObject","inLanguage":"en-US","@id":"https:\/\/www.morh.hr\/en\/fotogalerija-poljski-ministar-obrane-na-25-vojno-redarstvenom-hodocascu\/#primaryimage","url":"https:\/\/www.morh.hr\/wp-content\/uploads\/2017\/10\/krizni_put_01102017_01.jpg","contentUrl":"https:\/\/www.morh.hr\/wp-content\/uploads\/2017\/10\/krizni_put_01102017_01.jpg","width":1200,"height":799,"caption":"Foto: MORH\/ J. Kopi"},{"@type":"BreadcrumbList","@id":"https:\/\/www.morh.hr\/en\/fotogalerija-poljski-ministar-obrane-na-25-vojno-redarstvenom-hodocascu\/#breadcrumb","itemListElement":[{"@type":"ListItem","position":1,"name":"Naslovnica","item":"https:\/\/www.morh.hr\/en\/"},{"@type":"ListItem","position":2,"name":"Multimedija","item":"https:\/\/www.morh.hr\/en\/kategorija\/multimedija-en\/"},{"@type":"ListItem","position":3,"name":"Fotogalerije","item":"https:\/\/www.morh.hr\/en\/kategorija\/multimedija-en\/fotogalerije-en\/"},{"@type":"ListItem","position":4,"name":"Fotogalerije: doga\u0111aji","item":"https:\/\/www.morh.hr\/en\/kategorija\/multimedija-en\/fotogalerije-en\/fotogalerije-dogadaji-en\/"},{"@type":"ListItem","position":5,"name":"Fotogalerija: Poljski ministar obrane na 25. vojno-redarstvenom hodo\u010da\u0161\u0107u"}]},{"@type":"WebSite","@id":"https:\/\/www.morh.hr\/en\/#website","url":"https:\/\/www.morh.hr\/en\/","name":"MORH","description":"Ministarstvo obrane Republike Hrvatske - slu\u017ebene stranice","potentialAction":[{"@type":"SearchAction","target":{"@type":"EntryPoint","urlTemplate":"https:\/\/www.morh.hr\/en\/?s={search_term_string}"},"query-input":{"@type":"PropertyValueSpecification","valueRequired":true,"valueName":"search_term_string"}}],"inLanguage":"en-US"},{"@type":"Person","@id":"https:\/\/www.morh.hr\/en\/#\/schema\/person\/2d72e03399043d9513ab6bec75f2ce27","name":"Drazen","image":{"@type":"ImageObject","inLanguage":"en-US","@id":"https:\/\/www.morh.hr\/en\/#\/schema\/person\/image\/","url":"https:\/\/secure.gravatar.com\/avatar\/e36ef7e573425ae72988c73df868c1e87a656b0e005ca4fd7d30d2ba7e49c9cf?s=96&d=mm&r=g","contentUrl":"https:\/\/secure.gravatar.com\/avatar\/e36ef7e573425ae72988c73df868c1e87a656b0e005ca4fd7d30d2ba7e49c9cf?s=96&d=mm&r=g","caption":"Drazen"}}]}},"_links":{"self":[{"href":"https:\/\/www.morh.hr\/en\/wp-json\/wp\/v2\/posts\/52820","targetHints":{"allow":["GET"]}}],"collection":[{"href":"https:\/\/www.morh.hr\/en\/wp-json\/wp\/v2\/posts"}],"about":[{"href":"https:\/\/www.morh.hr\/en\/wp-json\/wp\/v2\/types\/post"}],"author":[{"embeddable":true,"href":"https:\/\/www.morh.hr\/en\/wp-json\/wp\/v2\/users\/3"}],"replies":[{"embeddable":true,"href":"https:\/\/www.morh.hr\/en\/wp-json\/wp\/v2\/comments?post=52820"}],"version-history":[{"count":0,"href":"https:\/\/www.morh.hr\/en\/wp-json\/wp\/v2\/posts\/52820\/revisions"}],"wp:featuredmedia":[{"embeddable":true,"href":"https:\/\/www.morh.hr\/en\/wp-json\/wp\/v2\/media\/49229"}],"wp:attachment":[{"href":"https:\/\/www.morh.hr\/en\/wp-json\/wp\/v2\/media?parent=52820"}],"wp:term":[{"taxonomy":"category","embeddable":true,"href":"https:\/\/www.morh.hr\/en\/wp-json\/wp\/v2\/categories?post=52820"},{"taxonomy":"post_tag","embeddable":true,"href":"https:\/\/www.morh.hr\/en\/wp-json\/wp\/v2\/tags?post=52820"}],"curies":[{"name":"wp","href":"https:\/\/api.w.org\/{rel}","templated":true}]}}