{"id":52830,"date":"2017-09-22T11:30:57","date_gmt":"2017-09-22T09:30:57","guid":{"rendered":"https:\/\/www.morh.hr\/fotogalerija-108-kadeta-i-kadetkinja-polozilo-svecanu-prisegu-na-hvu\/"},"modified":"2023-12-19T10:55:26","modified_gmt":"2023-12-19T09:55:26","slug":"fotogalerija-108-kadeta-i-kadetkinja-polozilo-svecanu-prisegu-na-hvu","status":"publish","type":"post","link":"https:\/\/www.morh.hr\/en\/fotogalerija-108-kadeta-i-kadetkinja-polozilo-svecanu-prisegu-na-hvu\/","title":{"rendered":"Fotogalerija: 108 kadeta i kadetkinja polo\u017eilo sve\u010danu prisegu na HVU"},"content":{"rendered":"<div class=\"morh-galleria\"><a href=\"https:\/\/live.staticflickr.com\/65535\/53407956165_656f17fc7d_b.jpg\" title=\"108 kadeta i kadetkinja polo\u017eilo sve\u010danu prisegu na HVU\"><img decoding=\"async\" data-title=\"108 kadeta i kadetkinja polo\u017eilo sve\u010danu prisegu na HVU\" data-description=\"Sve\u010dana prisega 15. nara\u0161taja kadeta Oru\u017eanih snaga Republike Hrvatske i sve\u010dano obilje\u017eavanje po\u010detka akademske godine 2017.\/2018. odr\u017eano je na Hrvatskom vojnom u\u010dili\u0161tu 'Dr. Franjo Tu\u0111man' u Zagrebu u petak, 22. rujna 2017. godine | Foto: MORH\/ M. \u010cobanovi\u0107\" alt=\"108 kadeta i kadetkinja polo\u017eilo sve\u010danu prisegu na HVU\" src=\"https:\/\/live.staticflickr.com\/65535\/53407956165_656f17fc7d_b.jpg\" data-layer=\"&lt;div class=&#039;morh-gallery-image-download&#039;&gt;&lt;a href=&#039;https:\/\/live.staticflickr.com\/65535\/53407956165_82763e6b2d_o.jpg&#039; target=&#039;_blank&#039;&gt;Slika za preuzimanje&lt;\/a&gt;&lt;\/div&gt;\" \/><\/a><a href=\"https:\/\/live.staticflickr.com\/65535\/53407700428_7eb121c94d_b.jpg\" title=\"108 kadeta i kadetkinja polo\u017eilo sve\u010danu prisegu na HVU\"><img decoding=\"async\" data-title=\"108 kadeta i kadetkinja polo\u017eilo sve\u010danu prisegu na HVU\" data-description=\"Sve\u010dana prisega 15. nara\u0161taja kadeta Oru\u017eanih snaga Republike Hrvatske i sve\u010dano obilje\u017eavanje po\u010detka akademske godine 2017.\/2018. odr\u017eano je na Hrvatskom vojnom u\u010dili\u0161tu 'Dr. Franjo Tu\u0111man' u Zagrebu u petak, 22. rujna 2017. godine | Foto: MORH\/ M. \u010cobanovi\u0107\" alt=\"108 kadeta i kadetkinja polo\u017eilo sve\u010danu prisegu na HVU\" src=\"https:\/\/live.staticflickr.com\/65535\/53407700428_7eb121c94d_b.jpg\" data-layer=\"&lt;div class=&#039;morh-gallery-image-download&#039;&gt;&lt;a href=&#039;https:\/\/live.staticflickr.com\/65535\/53407700428_19d3bb3a58_o.jpg&#039; target=&#039;_blank&#039;&gt;Slika za preuzimanje&lt;\/a&gt;&lt;\/div&gt;\" \/><\/a><a href=\"https:\/\/live.staticflickr.com\/65535\/53407956150_81414bff88_b.jpg\" title=\"108 kadeta i kadetkinja polo\u017eilo sve\u010danu prisegu na HVU\"><img decoding=\"async\" data-title=\"108 kadeta i kadetkinja polo\u017eilo sve\u010danu prisegu na HVU\" data-description=\"Sve\u010dana prisega 15. nara\u0161taja kadeta Oru\u017eanih snaga Republike Hrvatske i sve\u010dano obilje\u017eavanje po\u010detka akademske godine 2017.\/2018. odr\u017eano je na Hrvatskom vojnom u\u010dili\u0161tu 'Dr. Franjo Tu\u0111man' u Zagrebu u petak, 22. rujna 2017. godine | Foto: MORH\/ M. \u010cobanovi\u0107\" alt=\"108 kadeta i kadetkinja polo\u017eilo sve\u010danu prisegu na HVU\" src=\"https:\/\/live.staticflickr.com\/65535\/53407956150_81414bff88_b.jpg\" data-layer=\"&lt;div class=&#039;morh-gallery-image-download&#039;&gt;&lt;a href=&#039;https:\/\/live.staticflickr.com\/65535\/53407956150_38db024c36_o.jpg&#039; target=&#039;_blank&#039;&gt;Slika za preuzimanje&lt;\/a&gt;&lt;\/div&gt;\" \/><\/a><a href=\"https:\/\/live.staticflickr.com\/65535\/53406597397_c638bf4411_b.jpg\" title=\"108 kadeta i kadetkinja polo\u017eilo sve\u010danu prisegu na HVU\"><img decoding=\"async\" data-title=\"108 kadeta i kadetkinja polo\u017eilo sve\u010danu prisegu na HVU\" data-description=\"Sve\u010dana prisega 15. nara\u0161taja kadeta Oru\u017eanih snaga Republike Hrvatske i sve\u010dano obilje\u017eavanje po\u010detka akademske godine 2017.\/2018. odr\u017eano je na Hrvatskom vojnom u\u010dili\u0161tu 'Dr. Franjo Tu\u0111man' u Zagrebu u petak, 22. rujna 2017. godine | Foto: MORH\/ M. \u010cobanovi\u0107\" alt=\"108 kadeta i kadetkinja polo\u017eilo sve\u010danu prisegu na HVU\" src=\"https:\/\/live.staticflickr.com\/65535\/53406597397_c638bf4411_b.jpg\" data-layer=\"&lt;div class=&#039;morh-gallery-image-download&#039;&gt;&lt;a href=&#039;https:\/\/live.staticflickr.com\/65535\/53406597397_70b6ae95f1_o.jpg&#039; target=&#039;_blank&#039;&gt;Slika za preuzimanje&lt;\/a&gt;&lt;\/div&gt;\" \/><\/a><a href=\"https:\/\/live.staticflickr.com\/65535\/53406597612_0bd1a87850_b.jpg\" title=\"108 kadeta i kadetkinja polo\u017eilo sve\u010danu prisegu na HVU\"><img decoding=\"async\" data-title=\"108 kadeta i kadetkinja polo\u017eilo sve\u010danu prisegu na HVU\" data-description=\"Sve\u010dana prisega 15. nara\u0161taja kadeta Oru\u017eanih snaga Republike Hrvatske i sve\u010dano obilje\u017eavanje po\u010detka akademske godine 2017.\/2018. odr\u017eano je na Hrvatskom vojnom u\u010dili\u0161tu 'Dr. Franjo Tu\u0111man' u Zagrebu u petak, 22. rujna 2017. godine | Foto: MORH\/ M. \u010cobanovi\u0107\" alt=\"108 kadeta i kadetkinja polo\u017eilo sve\u010danu prisegu na HVU\" src=\"https:\/\/live.staticflickr.com\/65535\/53406597612_0bd1a87850_b.jpg\" data-layer=\"&lt;div class=&#039;morh-gallery-image-download&#039;&gt;&lt;a href=&#039;https:\/\/live.staticflickr.com\/65535\/53406597612_f77f1bb5b9_o.jpg&#039; target=&#039;_blank&#039;&gt;Slika za preuzimanje&lt;\/a&gt;&lt;\/div&gt;\" \/><\/a><a href=\"https:\/\/live.staticflickr.com\/65535\/53407520196_beb1a9641f_b.jpg\" title=\"108 kadeta i kadetkinja polo\u017eilo sve\u010danu prisegu na HVU\"><img decoding=\"async\" data-title=\"108 kadeta i kadetkinja polo\u017eilo sve\u010danu prisegu na HVU\" data-description=\"Sve\u010dana prisega 15. nara\u0161taja kadeta Oru\u017eanih snaga Republike Hrvatske i sve\u010dano obilje\u017eavanje po\u010detka akademske godine 2017.\/2018. odr\u017eano je na Hrvatskom vojnom u\u010dili\u0161tu 'Dr. Franjo Tu\u0111man' u Zagrebu u petak, 22. rujna 2017. godine | Foto: MORH\/ M. \u010cobanovi\u0107\" alt=\"108 kadeta i kadetkinja polo\u017eilo sve\u010danu prisegu na HVU\" src=\"https:\/\/live.staticflickr.com\/65535\/53407520196_beb1a9641f_b.jpg\" data-layer=\"&lt;div class=&#039;morh-gallery-image-download&#039;&gt;&lt;a href=&#039;https:\/\/live.staticflickr.com\/65535\/53407520196_5d3baa8e7f_o.jpg&#039; target=&#039;_blank&#039;&gt;Slika za preuzimanje&lt;\/a&gt;&lt;\/div&gt;\" \/><\/a><a href=\"https:\/\/live.staticflickr.com\/65535\/53407956115_ac31f8cfdb_b.jpg\" title=\"108 kadeta i kadetkinja polo\u017eilo sve\u010danu prisegu na HVU\"><img decoding=\"async\" data-title=\"108 kadeta i kadetkinja polo\u017eilo sve\u010danu prisegu na HVU\" data-description=\"Sve\u010dana prisega 15. nara\u0161taja kadeta Oru\u017eanih snaga Republike Hrvatske i sve\u010dano obilje\u017eavanje po\u010detka akademske godine 2017.\/2018. odr\u017eano je na Hrvatskom vojnom u\u010dili\u0161tu 'Dr. Franjo Tu\u0111man' u Zagrebu u petak, 22. rujna 2017. godine | Foto: MORH\/ M. \u010cobanovi\u0107\" alt=\"108 kadeta i kadetkinja polo\u017eilo sve\u010danu prisegu na HVU\" src=\"https:\/\/live.staticflickr.com\/65535\/53407956115_ac31f8cfdb_b.jpg\" data-layer=\"&lt;div class=&#039;morh-gallery-image-download&#039;&gt;&lt;a href=&#039;https:\/\/live.staticflickr.com\/65535\/53407956115_cc5fffd3bd_o.jpg&#039; target=&#039;_blank&#039;&gt;Slika za preuzimanje&lt;\/a&gt;&lt;\/div&gt;\" \/><\/a><a href=\"https:\/\/live.staticflickr.com\/65535\/53407850104_83e7f5ab27_b.jpg\" title=\"108 kadeta i kadetkinja polo\u017eilo sve\u010danu prisegu na HVU\"><img decoding=\"async\" data-title=\"108 kadeta i kadetkinja polo\u017eilo sve\u010danu prisegu na HVU\" data-description=\"Sve\u010dana prisega 15. nara\u0161taja kadeta Oru\u017eanih snaga Republike Hrvatske i sve\u010dano obilje\u017eavanje po\u010detka akademske godine 2017.\/2018. odr\u017eano je na Hrvatskom vojnom u\u010dili\u0161tu 'Dr. Franjo Tu\u0111man' u Zagrebu u petak, 22. rujna 2017. godine | Foto: MORH\/ M. \u010cobanovi\u0107\" alt=\"108 kadeta i kadetkinja polo\u017eilo sve\u010danu prisegu na HVU\" src=\"https:\/\/live.staticflickr.com\/65535\/53407850104_83e7f5ab27_b.jpg\" data-layer=\"&lt;div class=&#039;morh-gallery-image-download&#039;&gt;&lt;a href=&#039;https:\/\/live.staticflickr.com\/65535\/53407850104_0457b6796b_o.jpg&#039; target=&#039;_blank&#039;&gt;Slika za preuzimanje&lt;\/a&gt;&lt;\/div&gt;\" \/><\/a><a href=\"https:\/\/live.staticflickr.com\/65535\/53406597532_f05878135b_b.jpg\" title=\"108 kadeta i kadetkinja polo\u017eilo sve\u010danu prisegu na HVU\"><img decoding=\"async\" data-title=\"108 kadeta i kadetkinja polo\u017eilo sve\u010danu prisegu na HVU\" data-description=\"Sve\u010dana prisega 15. nara\u0161taja kadeta Oru\u017eanih snaga Republike Hrvatske i sve\u010dano obilje\u017eavanje po\u010detka akademske godine 2017.\/2018. odr\u017eano je na Hrvatskom vojnom u\u010dili\u0161tu 'Dr. Franjo Tu\u0111man' u Zagrebu u petak, 22. rujna 2017. godine | Foto: MORH\/ M. \u010cobanovi\u0107\" alt=\"108 kadeta i kadetkinja polo\u017eilo sve\u010danu prisegu na HVU\" src=\"https:\/\/live.staticflickr.com\/65535\/53406597532_f05878135b_b.jpg\" data-layer=\"&lt;div class=&#039;morh-gallery-image-download&#039;&gt;&lt;a href=&#039;https:\/\/live.staticflickr.com\/65535\/53406597532_91abce7d48_o.jpg&#039; target=&#039;_blank&#039;&gt;Slika za preuzimanje&lt;\/a&gt;&lt;\/div&gt;\" \/><\/a><a href=\"https:\/\/live.staticflickr.com\/65535\/53406597537_8232e303bf_b.jpg\" title=\"108 kadeta i kadetkinja polo\u017eilo sve\u010danu prisegu na HVU\"><img decoding=\"async\" data-title=\"108 kadeta i kadetkinja polo\u017eilo sve\u010danu prisegu na HVU\" data-description=\"Sve\u010dana prisega 15. nara\u0161taja kadeta Oru\u017eanih snaga Republike Hrvatske i sve\u010dano obilje\u017eavanje po\u010detka akademske godine 2017.\/2018. odr\u017eano je na Hrvatskom vojnom u\u010dili\u0161tu 'Dr. Franjo Tu\u0111man' u Zagrebu u petak, 22. rujna 2017. godine | Foto: MORH\/ M. \u010cobanovi\u0107\" alt=\"108 kadeta i kadetkinja polo\u017eilo sve\u010danu prisegu na HVU\" src=\"https:\/\/live.staticflickr.com\/65535\/53406597537_8232e303bf_b.jpg\" data-layer=\"&lt;div class=&#039;morh-gallery-image-download&#039;&gt;&lt;a href=&#039;https:\/\/live.staticflickr.com\/65535\/53406597537_c2a326fd45_o.jpg&#039; target=&#039;_blank&#039;&gt;Slika za preuzimanje&lt;\/a&gt;&lt;\/div&gt;\" \/><\/a><a href=\"https:\/\/live.staticflickr.com\/65535\/53407520176_d51d319012_b.jpg\" title=\"108 kadeta i kadetkinja polo\u017eilo sve\u010danu prisegu na HVU\"><img decoding=\"async\" data-title=\"108 kadeta i kadetkinja polo\u017eilo sve\u010danu prisegu na HVU\" data-description=\"Sve\u010dana prisega 15. nara\u0161taja kadeta Oru\u017eanih snaga Republike Hrvatske i sve\u010dano obilje\u017eavanje po\u010detka akademske godine 2017.\/2018. odr\u017eano je na Hrvatskom vojnom u\u010dili\u0161tu 'Dr. Franjo Tu\u0111man' u Zagrebu u petak, 22. rujna 2017. godine | Foto: MORH\/ M. \u010cobanovi\u0107\" alt=\"108 kadeta i kadetkinja polo\u017eilo sve\u010danu prisegu na HVU\" src=\"https:\/\/live.staticflickr.com\/65535\/53407520176_d51d319012_b.jpg\" data-layer=\"&lt;div class=&#039;morh-gallery-image-download&#039;&gt;&lt;a href=&#039;https:\/\/live.staticflickr.com\/65535\/53407520176_ab702a5689_o.jpg&#039; target=&#039;_blank&#039;&gt;Slika za preuzimanje&lt;\/a&gt;&lt;\/div&gt;\" \/><\/a><a href=\"https:\/\/live.staticflickr.com\/65535\/53407850094_a0d98c3ed1_b.jpg\" title=\"108 kadeta i kadetkinja polo\u017eilo sve\u010danu prisegu na HVU\"><img decoding=\"async\" data-title=\"108 kadeta i kadetkinja polo\u017eilo sve\u010danu prisegu na HVU\" data-description=\"Sve\u010dana prisega 15. nara\u0161taja kadeta Oru\u017eanih snaga Republike Hrvatske i sve\u010dano obilje\u017eavanje po\u010detka akademske godine 2017.\/2018. odr\u017eano je na Hrvatskom vojnom u\u010dili\u0161tu 'Dr. Franjo Tu\u0111man' u Zagrebu u petak, 22. rujna 2017. godine | Foto: MORH\/ M. \u010cobanovi\u0107\" alt=\"108 kadeta i kadetkinja polo\u017eilo sve\u010danu prisegu na HVU\" src=\"https:\/\/live.staticflickr.com\/65535\/53407850094_a0d98c3ed1_b.jpg\" data-layer=\"&lt;div class=&#039;morh-gallery-image-download&#039;&gt;&lt;a href=&#039;https:\/\/live.staticflickr.com\/65535\/53407850094_25b8a6a6df_o.jpg&#039; target=&#039;_blank&#039;&gt;Slika za preuzimanje&lt;\/a&gt;&lt;\/div&gt;\" \/><\/a><a href=\"https:\/\/live.staticflickr.com\/65535\/53407520171_dfd4b926c1_b.jpg\" title=\"108 kadeta i kadetkinja polo\u017eilo sve\u010danu prisegu na HVU\"><img decoding=\"async\" data-title=\"108 kadeta i kadetkinja polo\u017eilo sve\u010danu prisegu na HVU\" data-description=\"Sve\u010dana prisega 15. nara\u0161taja kadeta Oru\u017eanih snaga Republike Hrvatske i sve\u010dano obilje\u017eavanje po\u010detka akademske godine 2017.\/2018. odr\u017eano je na Hrvatskom vojnom u\u010dili\u0161tu 'Dr. Franjo Tu\u0111man' u Zagrebu u petak, 22. rujna 2017. godine | Foto: MORH\/ M. \u010cobanovi\u0107\" alt=\"108 kadeta i kadetkinja polo\u017eilo sve\u010danu prisegu na HVU\" src=\"https:\/\/live.staticflickr.com\/65535\/53407520171_dfd4b926c1_b.jpg\" data-layer=\"&lt;div class=&#039;morh-gallery-image-download&#039;&gt;&lt;a href=&#039;https:\/\/live.staticflickr.com\/65535\/53407520171_dd378fe3d9_o.jpg&#039; target=&#039;_blank&#039;&gt;Slika za preuzimanje&lt;\/a&gt;&lt;\/div&gt;\" \/><\/a><a href=\"https:\/\/live.staticflickr.com\/65535\/53407956080_8a296c9822_b.jpg\" title=\"108 kadeta i kadetkinja polo\u017eilo sve\u010danu prisegu na HVU\"><img decoding=\"async\" data-title=\"108 kadeta i kadetkinja polo\u017eilo sve\u010danu prisegu na HVU\" data-description=\"Sve\u010dana prisega 15. nara\u0161taja kadeta Oru\u017eanih snaga Republike Hrvatske i sve\u010dano obilje\u017eavanje po\u010detka akademske godine 2017.\/2018. odr\u017eano je na Hrvatskom vojnom u\u010dili\u0161tu 'Dr. Franjo Tu\u0111man' u Zagrebu u petak, 22. rujna 2017. godine | Foto: MORH\/ M. \u010cobanovi\u0107\" alt=\"108 kadeta i kadetkinja polo\u017eilo sve\u010danu prisegu na HVU\" src=\"https:\/\/live.staticflickr.com\/65535\/53407956080_8a296c9822_b.jpg\" data-layer=\"&lt;div class=&#039;morh-gallery-image-download&#039;&gt;&lt;a href=&#039;https:\/\/live.staticflickr.com\/65535\/53407956080_9efd9f01a2_o.jpg&#039; target=&#039;_blank&#039;&gt;Slika za preuzimanje&lt;\/a&gt;&lt;\/div&gt;\" \/><\/a><a href=\"https:\/\/live.staticflickr.com\/65535\/53407955930_ffd6935769_b.jpg\" title=\"108 kadeta i kadetkinja polo\u017eilo sve\u010danu prisegu na HVU\"><img decoding=\"async\" data-title=\"108 kadeta i kadetkinja polo\u017eilo sve\u010danu prisegu na HVU\" data-description=\"Sve\u010dana prisega 15. nara\u0161taja kadeta Oru\u017eanih snaga Republike Hrvatske i sve\u010dano obilje\u017eavanje po\u010detka akademske godine 2017.\/2018. odr\u017eano je na Hrvatskom vojnom u\u010dili\u0161tu 'Dr. Franjo Tu\u0111man' u Zagrebu u petak, 22. rujna 2017. godine | Foto: MORH\/ M. \u010cobanovi\u0107\" alt=\"108 kadeta i kadetkinja polo\u017eilo sve\u010danu prisegu na HVU\" src=\"https:\/\/live.staticflickr.com\/65535\/53407955930_ffd6935769_b.jpg\" data-layer=\"&lt;div class=&#039;morh-gallery-image-download&#039;&gt;&lt;a href=&#039;https:\/\/live.staticflickr.com\/65535\/53407955930_d2d0ffd917_o.jpg&#039; target=&#039;_blank&#039;&gt;Slika za preuzimanje&lt;\/a&gt;&lt;\/div&gt;\" \/><\/a><a href=\"https:\/\/live.staticflickr.com\/65535\/53407520166_4c81ef1316_b.jpg\" title=\"108 kadeta i kadetkinja polo\u017eilo sve\u010danu prisegu na HVU\"><img decoding=\"async\" data-title=\"108 kadeta i kadetkinja polo\u017eilo sve\u010danu prisegu na HVU\" data-description=\"Sve\u010dana prisega 15. nara\u0161taja kadeta Oru\u017eanih snaga Republike Hrvatske i sve\u010dano obilje\u017eavanje po\u010detka akademske godine 2017.\/2018. odr\u017eano je na Hrvatskom vojnom u\u010dili\u0161tu 'Dr. Franjo Tu\u0111man' u Zagrebu u petak, 22. rujna 2017. godine | Foto: MORH\/ M. \u010cobanovi\u0107\" alt=\"108 kadeta i kadetkinja polo\u017eilo sve\u010danu prisegu na HVU\" src=\"https:\/\/live.staticflickr.com\/65535\/53407520166_4c81ef1316_b.jpg\" data-layer=\"&lt;div class=&#039;morh-gallery-image-download&#039;&gt;&lt;a href=&#039;https:\/\/live.staticflickr.com\/65535\/53407520166_6343df27d5_o.jpg&#039; target=&#039;_blank&#039;&gt;Slika za preuzimanje&lt;\/a&gt;&lt;\/div&gt;\" \/><\/a><a href=\"https:\/\/live.staticflickr.com\/65535\/53407700398_f8e4da40fd_b.jpg\" title=\"108 kadeta i kadetkinja polo\u017eilo sve\u010danu prisegu na HVU\"><img decoding=\"async\" data-title=\"108 kadeta i kadetkinja polo\u017eilo sve\u010danu prisegu na HVU\" data-description=\"Sve\u010dana prisega 15. nara\u0161taja kadeta Oru\u017eanih snaga Republike Hrvatske i sve\u010dano obilje\u017eavanje po\u010detka akademske godine 2017.\/2018. odr\u017eano je na Hrvatskom vojnom u\u010dili\u0161tu 'Dr. Franjo Tu\u0111man' u Zagrebu u petak, 22. rujna 2017. godine | Foto: MORH\/ M. \u010cobanovi\u0107\" alt=\"108 kadeta i kadetkinja polo\u017eilo sve\u010danu prisegu na HVU\" src=\"https:\/\/live.staticflickr.com\/65535\/53407700398_f8e4da40fd_b.jpg\" data-layer=\"&lt;div class=&#039;morh-gallery-image-download&#039;&gt;&lt;a href=&#039;https:\/\/live.staticflickr.com\/65535\/53407700398_9fbd33477a_o.jpg&#039; target=&#039;_blank&#039;&gt;Slika za preuzimanje&lt;\/a&gt;&lt;\/div&gt;\" \/><\/a><a href=\"https:\/\/live.staticflickr.com\/65535\/53407700403_ae0d9c27d4_b.jpg\" title=\"108 kadeta i kadetkinja polo\u017eilo sve\u010danu prisegu na HVU\"><img decoding=\"async\" data-title=\"108 kadeta i kadetkinja polo\u017eilo sve\u010danu prisegu na HVU\" data-description=\"Sve\u010dana prisega 15. nara\u0161taja kadeta Oru\u017eanih snaga Republike Hrvatske i sve\u010dano obilje\u017eavanje po\u010detka akademske godine 2017.\/2018. odr\u017eano je na Hrvatskom vojnom u\u010dili\u0161tu 'Dr. Franjo Tu\u0111man' u Zagrebu u petak, 22. rujna 2017. godine | Foto: MORH\/ M. \u010cobanovi\u0107\" alt=\"108 kadeta i kadetkinja polo\u017eilo sve\u010danu prisegu na HVU\" src=\"https:\/\/live.staticflickr.com\/65535\/53407700403_ae0d9c27d4_b.jpg\" data-layer=\"&lt;div class=&#039;morh-gallery-image-download&#039;&gt;&lt;a href=&#039;https:\/\/live.staticflickr.com\/65535\/53407700403_7ff3c08391_o.jpg&#039; target=&#039;_blank&#039;&gt;Slika za preuzimanje&lt;\/a&gt;&lt;\/div&gt;\" \/><\/a><a href=\"https:\/\/live.staticflickr.com\/65535\/53407700493_154d584fec_b.jpg\" title=\"108 kadeta i kadetkinja polo\u017eilo sve\u010danu prisegu na HVU\"><img decoding=\"async\" data-title=\"108 kadeta i kadetkinja polo\u017eilo sve\u010danu prisegu na HVU\" data-description=\"Sve\u010dana prisega 15. nara\u0161taja kadeta Oru\u017eanih snaga Republike Hrvatske i sve\u010dano obilje\u017eavanje po\u010detka akademske godine 2017.\/2018. odr\u017eano je na Hrvatskom vojnom u\u010dili\u0161tu 'Dr. Franjo Tu\u0111man' u Zagrebu u petak, 22. rujna 2017. godine | Foto: MORH\/ M. \u010cobanovi\u0107\" alt=\"108 kadeta i kadetkinja polo\u017eilo sve\u010danu prisegu na HVU\" src=\"https:\/\/live.staticflickr.com\/65535\/53407700493_154d584fec_b.jpg\" data-layer=\"&lt;div class=&#039;morh-gallery-image-download&#039;&gt;&lt;a href=&#039;https:\/\/live.staticflickr.com\/65535\/53407700493_5ca9f5e733_o.jpg&#039; target=&#039;_blank&#039;&gt;Slika za preuzimanje&lt;\/a&gt;&lt;\/div&gt;\" \/><\/a><a href=\"https:\/\/live.staticflickr.com\/65535\/53407700498_1f0f3c71da_b.jpg\" title=\"108 kadeta i kadetkinja polo\u017eilo sve\u010danu prisegu na HVU\"><img decoding=\"async\" data-title=\"108 kadeta i kadetkinja polo\u017eilo sve\u010danu prisegu na HVU\" data-description=\"Sve\u010dana prisega 15. nara\u0161taja kadeta Oru\u017eanih snaga Republike Hrvatske i sve\u010dano obilje\u017eavanje po\u010detka akademske godine 2017.\/2018. odr\u017eano je na Hrvatskom vojnom u\u010dili\u0161tu 'Dr. Franjo Tu\u0111man' u Zagrebu u petak, 22. rujna 2017. godine | Foto: MORH\/ M. \u010cobanovi\u0107\" alt=\"108 kadeta i kadetkinja polo\u017eilo sve\u010danu prisegu na HVU\" src=\"https:\/\/live.staticflickr.com\/65535\/53407700498_1f0f3c71da_b.jpg\" data-layer=\"&lt;div class=&#039;morh-gallery-image-download&#039;&gt;&lt;a href=&#039;https:\/\/live.staticflickr.com\/65535\/53407700498_72510c74fd_o.jpg&#039; target=&#039;_blank&#039;&gt;Slika za preuzimanje&lt;\/a&gt;&lt;\/div&gt;\" \/><\/a><a href=\"https:\/\/live.staticflickr.com\/65535\/53407850044_41b7dca6f6_b.jpg\" title=\"108 kadeta i kadetkinja polo\u017eilo sve\u010danu prisegu na HVU\"><img decoding=\"async\" data-title=\"108 kadeta i kadetkinja polo\u017eilo sve\u010danu prisegu na HVU\" data-description=\"Sve\u010dana prisega 15. nara\u0161taja kadeta Oru\u017eanih snaga Republike Hrvatske i sve\u010dano obilje\u017eavanje po\u010detka akademske godine 2017.\/2018. odr\u017eano je na Hrvatskom vojnom u\u010dili\u0161tu 'Dr. Franjo Tu\u0111man' u Zagrebu u petak, 22. rujna 2017. godine | Foto: MORH\/ M. \u010cobanovi\u0107\" alt=\"108 kadeta i kadetkinja polo\u017eilo sve\u010danu prisegu na HVU\" src=\"https:\/\/live.staticflickr.com\/65535\/53407850044_41b7dca6f6_b.jpg\" data-layer=\"&lt;div class=&#039;morh-gallery-image-download&#039;&gt;&lt;a href=&#039;https:\/\/live.staticflickr.com\/65535\/53407850044_45b614bf8e_o.jpg&#039; target=&#039;_blank&#039;&gt;Slika za preuzimanje&lt;\/a&gt;&lt;\/div&gt;\" \/><\/a><a href=\"https:\/\/live.staticflickr.com\/65535\/53407520161_dfd4b926c1_b.jpg\" title=\"108 kadeta i kadetkinja polo\u017eilo sve\u010danu prisegu na HVU\"><img decoding=\"async\" data-title=\"108 kadeta i kadetkinja polo\u017eilo sve\u010danu prisegu na HVU\" data-description=\"Sve\u010dana prisega 15. nara\u0161taja kadeta Oru\u017eanih snaga Republike Hrvatske i sve\u010dano obilje\u017eavanje po\u010detka akademske godine 2017.\/2018. odr\u017eano je na Hrvatskom vojnom u\u010dili\u0161tu 'Dr. Franjo Tu\u0111man' u Zagrebu u petak, 22. rujna 2017. godine | Foto: MORH\/ M. \u010cobanovi\u0107\" alt=\"108 kadeta i kadetkinja polo\u017eilo sve\u010danu prisegu na HVU\" src=\"https:\/\/live.staticflickr.com\/65535\/53407520161_dfd4b926c1_b.jpg\" data-layer=\"&lt;div class=&#039;morh-gallery-image-download&#039;&gt;&lt;a href=&#039;https:\/\/live.staticflickr.com\/65535\/53407520161_6f8d56dac3_o.jpg&#039; target=&#039;_blank&#039;&gt;Slika za preuzimanje&lt;\/a&gt;&lt;\/div&gt;\" \/><\/a><a href=\"https:\/\/live.staticflickr.com\/65535\/53407700473_59a0f2f6f4_b.jpg\" title=\"108 kadeta i kadetkinja polo\u017eilo sve\u010danu prisegu na HVU\"><img decoding=\"async\" data-title=\"108 kadeta i kadetkinja polo\u017eilo sve\u010danu prisegu na HVU\" data-description=\"Sve\u010dana prisega 15. nara\u0161taja kadeta Oru\u017eanih snaga Republike Hrvatske i sve\u010dano obilje\u017eavanje po\u010detka akademske godine 2017.\/2018. odr\u017eano je na Hrvatskom vojnom u\u010dili\u0161tu 'Dr. Franjo Tu\u0111man' u Zagrebu u petak, 22. rujna 2017. godine | Foto: MORH\/ M. \u010cobanovi\u0107\" alt=\"108 kadeta i kadetkinja polo\u017eilo sve\u010danu prisegu na HVU\" src=\"https:\/\/live.staticflickr.com\/65535\/53407700473_59a0f2f6f4_b.jpg\" data-layer=\"&lt;div class=&#039;morh-gallery-image-download&#039;&gt;&lt;a href=&#039;https:\/\/live.staticflickr.com\/65535\/53407700473_00218508d6_o.jpg&#039; target=&#039;_blank&#039;&gt;Slika za preuzimanje&lt;\/a&gt;&lt;\/div&gt;\" \/><\/a><a href=\"https:\/\/live.staticflickr.com\/65535\/53407520131_959f570b35_b.jpg\" title=\"108 kadeta i kadetkinja polo\u017eilo sve\u010danu prisegu na HVU\"><img decoding=\"async\" data-title=\"108 kadeta i kadetkinja polo\u017eilo sve\u010danu prisegu na HVU\" data-description=\"Sve\u010dana prisega 15. nara\u0161taja kadeta Oru\u017eanih snaga Republike Hrvatske i sve\u010dano obilje\u017eavanje po\u010detka akademske godine 2017.\/2018. odr\u017eano je na Hrvatskom vojnom u\u010dili\u0161tu 'Dr. Franjo Tu\u0111man' u Zagrebu u petak, 22. rujna 2017. godine | Foto: MORH\/ M. \u010cobanovi\u0107\" alt=\"108 kadeta i kadetkinja polo\u017eilo sve\u010danu prisegu na HVU\" src=\"https:\/\/live.staticflickr.com\/65535\/53407520131_959f570b35_b.jpg\" data-layer=\"&lt;div class=&#039;morh-gallery-image-download&#039;&gt;&lt;a href=&#039;https:\/\/live.staticflickr.com\/65535\/53407520131_438519aa9e_o.jpg&#039; target=&#039;_blank&#039;&gt;Slika za preuzimanje&lt;\/a&gt;&lt;\/div&gt;\" \/><\/a><a href=\"https:\/\/live.staticflickr.com\/65535\/53407955995_6e421ffb7d_b.jpg\" title=\"108 kadeta i kadetkinja polo\u017eilo sve\u010danu prisegu na HVU\"><img decoding=\"async\" data-title=\"108 kadeta i kadetkinja polo\u017eilo sve\u010danu prisegu na HVU\" data-description=\"Sve\u010dana prisega 15. nara\u0161taja kadeta Oru\u017eanih snaga Republike Hrvatske i sve\u010dano obilje\u017eavanje po\u010detka akademske godine 2017.\/2018. odr\u017eano je na Hrvatskom vojnom u\u010dili\u0161tu 'Dr. Franjo Tu\u0111man' u Zagrebu u petak, 22. rujna 2017. godine | Foto: MORH\/ M. \u010cobanovi\u0107\" alt=\"108 kadeta i kadetkinja polo\u017eilo sve\u010danu prisegu na HVU\" src=\"https:\/\/live.staticflickr.com\/65535\/53407955995_6e421ffb7d_b.jpg\" data-layer=\"&lt;div class=&#039;morh-gallery-image-download&#039;&gt;&lt;a href=&#039;https:\/\/live.staticflickr.com\/65535\/53407955995_5d2c6e745b_o.jpg&#039; target=&#039;_blank&#039;&gt;Slika za preuzimanje&lt;\/a&gt;&lt;\/div&gt;\" \/><\/a><a href=\"https:\/\/live.staticflickr.com\/65535\/53407700448_8aa11e0a07_b.jpg\" title=\"108 kadeta i kadetkinja polo\u017eilo sve\u010danu prisegu na HVU\"><img decoding=\"async\" data-title=\"108 kadeta i kadetkinja polo\u017eilo sve\u010danu prisegu na HVU\" data-description=\"Sve\u010dana prisega 15. nara\u0161taja kadeta Oru\u017eanih snaga Republike Hrvatske i sve\u010dano obilje\u017eavanje po\u010detka akademske godine 2017.\/2018. odr\u017eano je na Hrvatskom vojnom u\u010dili\u0161tu 'Dr. Franjo Tu\u0111man' u Zagrebu u petak, 22. rujna 2017. godine | Foto: MORH\/ M. \u010cobanovi\u0107\" alt=\"108 kadeta i kadetkinja polo\u017eilo sve\u010danu prisegu na HVU\" src=\"https:\/\/live.staticflickr.com\/65535\/53407700448_8aa11e0a07_b.jpg\" data-layer=\"&lt;div class=&#039;morh-gallery-image-download&#039;&gt;&lt;a href=&#039;https:\/\/live.staticflickr.com\/65535\/53407700448_f87af2f900_o.jpg&#039; target=&#039;_blank&#039;&gt;Slika za preuzimanje&lt;\/a&gt;&lt;\/div&gt;\" \/><\/a><a href=\"https:\/\/live.staticflickr.com\/65535\/53406597427_828281c99f_b.jpg\" title=\"108 kadeta i kadetkinja polo\u017eilo sve\u010danu prisegu na HVU\"><img decoding=\"async\" data-title=\"108 kadeta i kadetkinja polo\u017eilo sve\u010danu prisegu na HVU\" data-description=\"Sve\u010dana prisega 15. nara\u0161taja kadeta Oru\u017eanih snaga Republike Hrvatske i sve\u010dano obilje\u017eavanje po\u010detka akademske godine 2017.\/2018. odr\u017eano je na Hrvatskom vojnom u\u010dili\u0161tu 'Dr. Franjo Tu\u0111man' u Zagrebu u petak, 22. rujna 2017. godine | Foto: MORH\/ M. \u010cobanovi\u0107\" alt=\"108 kadeta i kadetkinja polo\u017eilo sve\u010danu prisegu na HVU\" src=\"https:\/\/live.staticflickr.com\/65535\/53406597427_828281c99f_b.jpg\" data-layer=\"&lt;div class=&#039;morh-gallery-image-download&#039;&gt;&lt;a href=&#039;https:\/\/live.staticflickr.com\/65535\/53406597427_61f811cb12_o.jpg&#039; target=&#039;_blank&#039;&gt;Slika za preuzimanje&lt;\/a&gt;&lt;\/div&gt;\" \/><\/a><a href=\"https:\/\/live.staticflickr.com\/65535\/53407520086_b22d088315_b.jpg\" title=\"108 kadeta i kadetkinja polo\u017eilo sve\u010danu prisegu na HVU\"><img decoding=\"async\" data-title=\"108 kadeta i kadetkinja polo\u017eilo sve\u010danu prisegu na HVU\" data-description=\"Sve\u010dana prisega 15. nara\u0161taja kadeta Oru\u017eanih snaga Republike Hrvatske i sve\u010dano obilje\u017eavanje po\u010detka akademske godine 2017.\/2018. odr\u017eano je na Hrvatskom vojnom u\u010dili\u0161tu 'Dr. Franjo Tu\u0111man' u Zagrebu u petak, 22. rujna 2017. godine | Foto: MORH\/ M. \u010cobanovi\u0107\" alt=\"108 kadeta i kadetkinja polo\u017eilo sve\u010danu prisegu na HVU\" src=\"https:\/\/live.staticflickr.com\/65535\/53407520086_b22d088315_b.jpg\" data-layer=\"&lt;div class=&#039;morh-gallery-image-download&#039;&gt;&lt;a href=&#039;https:\/\/live.staticflickr.com\/65535\/53407520086_5837da9c98_o.jpg&#039; target=&#039;_blank&#039;&gt;Slika za preuzimanje&lt;\/a&gt;&lt;\/div&gt;\" \/><\/a><a href=\"https:\/\/live.staticflickr.com\/65535\/53407849974_bbc4a5336c_b.jpg\" title=\"108 kadeta i kadetkinja polo\u017eilo sve\u010danu prisegu na HVU\"><img decoding=\"async\" data-title=\"108 kadeta i kadetkinja polo\u017eilo sve\u010danu prisegu na HVU\" data-description=\"Sve\u010dana prisega 15. nara\u0161taja kadeta Oru\u017eanih snaga Republike Hrvatske i sve\u010dano obilje\u017eavanje po\u010detka akademske godine 2017.\/2018. odr\u017eano je na Hrvatskom vojnom u\u010dili\u0161tu 'Dr. Franjo Tu\u0111man' u Zagrebu u petak, 22. rujna 2017. godine | Foto: MORH\/ M. \u010cobanovi\u0107\" alt=\"108 kadeta i kadetkinja polo\u017eilo sve\u010danu prisegu na HVU\" src=\"https:\/\/live.staticflickr.com\/65535\/53407849974_bbc4a5336c_b.jpg\" data-layer=\"&lt;div class=&#039;morh-gallery-image-download&#039;&gt;&lt;a href=&#039;https:\/\/live.staticflickr.com\/65535\/53407849974_709774e037_o.jpg&#039; target=&#039;_blank&#039;&gt;Slika za preuzimanje&lt;\/a&gt;&lt;\/div&gt;\" \/><\/a><a href=\"https:\/\/live.staticflickr.com\/65535\/53407520091_65f7d375e3_b.jpg\" title=\"108 kadeta i kadetkinja polo\u017eilo sve\u010danu prisegu na HVU\"><img decoding=\"async\" data-title=\"108 kadeta i kadetkinja polo\u017eilo sve\u010danu prisegu na HVU\" data-description=\"Sve\u010dana prisega 15. nara\u0161taja kadeta Oru\u017eanih snaga Republike Hrvatske i sve\u010dano obilje\u017eavanje po\u010detka akademske godine 2017.\/2018. odr\u017eano je na Hrvatskom vojnom u\u010dili\u0161tu 'Dr. Franjo Tu\u0111man' u Zagrebu u petak, 22. rujna 2017. godine | Foto: MORH\/ M. \u010cobanovi\u0107\" alt=\"108 kadeta i kadetkinja polo\u017eilo sve\u010danu prisegu na HVU\" src=\"https:\/\/live.staticflickr.com\/65535\/53407520091_65f7d375e3_b.jpg\" data-layer=\"&lt;div class=&#039;morh-gallery-image-download&#039;&gt;&lt;a href=&#039;https:\/\/live.staticflickr.com\/65535\/53407520091_1bcba7d416_o.jpg&#039; target=&#039;_blank&#039;&gt;Slika za preuzimanje&lt;\/a&gt;&lt;\/div&gt;\" \/><\/a><a href=\"https:\/\/live.staticflickr.com\/65535\/53407849914_5168174a7b_b.jpg\" title=\"108 kadeta i kadetkinja polo\u017eilo sve\u010danu prisegu na HVU\"><img decoding=\"async\" data-title=\"108 kadeta i kadetkinja polo\u017eilo sve\u010danu prisegu na HVU\" data-description=\"Sve\u010dana prisega 15. nara\u0161taja kadeta Oru\u017eanih snaga Republike Hrvatske i sve\u010dano obilje\u017eavanje po\u010detka akademske godine 2017.\/2018. odr\u017eano je na Hrvatskom vojnom u\u010dili\u0161tu 'Dr. Franjo Tu\u0111man' u Zagrebu u petak, 22. rujna 2017. godine | Foto: MORH\/ M. \u010cobanovi\u0107\" alt=\"108 kadeta i kadetkinja polo\u017eilo sve\u010danu prisegu na HVU\" src=\"https:\/\/live.staticflickr.com\/65535\/53407849914_5168174a7b_b.jpg\" data-layer=\"&lt;div class=&#039;morh-gallery-image-download&#039;&gt;&lt;a href=&#039;https:\/\/live.staticflickr.com\/65535\/53407849914_cd18473b18_o.jpg&#039; target=&#039;_blank&#039;&gt;Slika za preuzimanje&lt;\/a&gt;&lt;\/div&gt;\" \/><\/a><a href=\"https:\/\/live.staticflickr.com\/65535\/53407955925_1c45852ea7_b.jpg\" title=\"108 kadeta i kadetkinja polo\u017eilo sve\u010danu prisegu na HVU\"><img decoding=\"async\" data-title=\"108 kadeta i kadetkinja polo\u017eilo sve\u010danu prisegu na HVU\" data-description=\"Sve\u010dana prisega 15. nara\u0161taja kadeta Oru\u017eanih snaga Republike Hrvatske i sve\u010dano obilje\u017eavanje po\u010detka akademske godine 2017.\/2018. odr\u017eano je na Hrvatskom vojnom u\u010dili\u0161tu 'Dr. Franjo Tu\u0111man' u Zagrebu u petak, 22. rujna 2017. godine | Foto: MORH\/ M. \u010cobanovi\u0107\" alt=\"108 kadeta i kadetkinja polo\u017eilo sve\u010danu prisegu na HVU\" src=\"https:\/\/live.staticflickr.com\/65535\/53407955925_1c45852ea7_b.jpg\" data-layer=\"&lt;div class=&#039;morh-gallery-image-download&#039;&gt;&lt;a href=&#039;https:\/\/live.staticflickr.com\/65535\/53407955925_509d0430fc_o.jpg&#039; target=&#039;_blank&#039;&gt;Slika za preuzimanje&lt;\/a&gt;&lt;\/div&gt;\" \/><\/a><a href=\"https:\/\/live.staticflickr.com\/65535\/53407849919_c1fca5f671_b.jpg\" title=\"108 kadeta i kadetkinja polo\u017eilo sve\u010danu prisegu na HVU\"><img decoding=\"async\" data-title=\"108 kadeta i kadetkinja polo\u017eilo sve\u010danu prisegu na HVU\" data-description=\"Sve\u010dana prisega 15. nara\u0161taja kadeta Oru\u017eanih snaga Republike Hrvatske i sve\u010dano obilje\u017eavanje po\u010detka akademske godine 2017.\/2018. odr\u017eano je na Hrvatskom vojnom u\u010dili\u0161tu 'Dr. Franjo Tu\u0111man' u Zagrebu u petak, 22. rujna 2017. godine | Foto: MORH\/ M. \u010cobanovi\u0107\" alt=\"108 kadeta i kadetkinja polo\u017eilo sve\u010danu prisegu na HVU\" src=\"https:\/\/live.staticflickr.com\/65535\/53407849919_c1fca5f671_b.jpg\" data-layer=\"&lt;div class=&#039;morh-gallery-image-download&#039;&gt;&lt;a href=&#039;https:\/\/live.staticflickr.com\/65535\/53407849919_f337bda9f7_o.jpg&#039; target=&#039;_blank&#039;&gt;Slika za preuzimanje&lt;\/a&gt;&lt;\/div&gt;\" \/><\/a><a href=\"https:\/\/live.staticflickr.com\/65535\/53407955920_38e3acf266_b.jpg\" title=\"108 kadeta i kadetkinja polo\u017eilo sve\u010danu prisegu na HVU\"><img decoding=\"async\" data-title=\"108 kadeta i kadetkinja polo\u017eilo sve\u010danu prisegu na HVU\" data-description=\"Sve\u010dana prisega 15. nara\u0161taja kadeta Oru\u017eanih snaga Republike Hrvatske i sve\u010dano obilje\u017eavanje po\u010detka akademske godine 2017.\/2018. odr\u017eano je na Hrvatskom vojnom u\u010dili\u0161tu 'Dr. Franjo Tu\u0111man' u Zagrebu u petak, 22. rujna 2017. godine | Foto: MORH\/ M. \u010cobanovi\u0107\" alt=\"108 kadeta i kadetkinja polo\u017eilo sve\u010danu prisegu na HVU\" src=\"https:\/\/live.staticflickr.com\/65535\/53407955920_38e3acf266_b.jpg\" data-layer=\"&lt;div class=&#039;morh-gallery-image-download&#039;&gt;&lt;a href=&#039;https:\/\/live.staticflickr.com\/65535\/53407955920_a832865b1f_o.jpg&#039; target=&#039;_blank&#039;&gt;Slika za preuzimanje&lt;\/a&gt;&lt;\/div&gt;\" \/><\/a><\/div><!--\/.morh-galleria -->\n","protected":false},"excerpt":{"rendered":"<p>Foto: MORH\/ M. \u010cobanovi\u0107<\/p>\n","protected":false},"author":3,"featured_media":49199,"comment_status":"closed","ping_status":"closed","sticky":false,"template":"","format":"standard","meta":{"_acf_changed":false,"_monsterinsights_skip_tracking":false,"_monsterinsights_sitenote_active":false,"_monsterinsights_sitenote_note":"","_monsterinsights_sitenote_category":0,"footnotes":""},"categories":[329],"tags":[],"class_list":["post-52830","post","type-post","status-publish","format-standard","has-post-thumbnail","hentry","category-fotogalerije-dogadaji-en"],"acf":[],"yoast_head":"<!-- This site is optimized with the Yoast SEO plugin v26.9 - https:\/\/yoast.com\/product\/yoast-seo-wordpress\/ -->\n<title>Fotogalerija: 108 kadeta i kadetkinja polo\u017eilo sve\u010danu prisegu na HVU - MORH<\/title>\n<meta name=\"description\" content=\"Foto: MORH\/ M. \u010cobanovi\u0107\" \/>\n<meta name=\"robots\" content=\"index, follow, max-snippet:-1, max-image-preview:large, max-video-preview:-1\" \/>\n<link rel=\"canonical\" href=\"https:\/\/www.morh.hr\/en\/fotogalerija-108-kadeta-i-kadetkinja-polozilo-svecanu-prisegu-na-hvu\/\" \/>\n<meta property=\"og:locale\" content=\"en_US\" \/>\n<meta property=\"og:type\" content=\"article\" \/>\n<meta property=\"og:title\" content=\"Fotogalerija: 108 kadeta i kadetkinja polo\u017eilo sve\u010danu prisegu na HVU - MORH\" \/>\n<meta property=\"og:description\" content=\"Foto: MORH\/ M. \u010cobanovi\u0107\" \/>\n<meta property=\"og:url\" content=\"https:\/\/www.morh.hr\/en\/fotogalerija-108-kadeta-i-kadetkinja-polozilo-svecanu-prisegu-na-hvu\/\" \/>\n<meta property=\"og:site_name\" content=\"MORH\" \/>\n<meta property=\"article:publisher\" content=\"https:\/\/www.facebook.com\/sportasiuhrvatskojvojsci\/\" \/>\n<meta property=\"article:published_time\" content=\"2017-09-22T09:30:57+00:00\" \/>\n<meta property=\"article:modified_time\" content=\"2023-12-19T09:55:26+00:00\" \/>\n<meta property=\"og:image\" content=\"https:\/\/www.morh.hr\/wp-content\/uploads\/2017\/10\/mco_8519.jpg\" \/>\n\t<meta property=\"og:image:width\" content=\"1200\" \/>\n\t<meta property=\"og:image:height\" content=\"798\" \/>\n\t<meta property=\"og:image:type\" content=\"image\/jpeg\" \/>\n<meta name=\"author\" content=\"Drazen\" \/>\n<meta name=\"twitter:card\" content=\"summary_large_image\" \/>\n<meta name=\"twitter:creator\" content=\"@morh_osrh\" \/>\n<meta name=\"twitter:site\" content=\"@morh_osrh\" \/>\n<meta name=\"twitter:label1\" content=\"Written by\" \/>\n\t<meta name=\"twitter:data1\" content=\"Drazen\" \/>\n<script type=\"application\/ld+json\" class=\"yoast-schema-graph\">{\"@context\":\"https:\/\/schema.org\",\"@graph\":[{\"@type\":\"Article\",\"@id\":\"https:\/\/www.morh.hr\/en\/fotogalerija-108-kadeta-i-kadetkinja-polozilo-svecanu-prisegu-na-hvu\/#article\",\"isPartOf\":{\"@id\":\"https:\/\/www.morh.hr\/en\/fotogalerija-108-kadeta-i-kadetkinja-polozilo-svecanu-prisegu-na-hvu\/\"},\"author\":{\"name\":\"Drazen\",\"@id\":\"https:\/\/www.morh.hr\/en\/#\/schema\/person\/2d72e03399043d9513ab6bec75f2ce27\"},\"headline\":\"Fotogalerija: 108 kadeta i kadetkinja polo\u017eilo sve\u010danu prisegu na HVU\",\"datePublished\":\"2017-09-22T09:30:57+00:00\",\"dateModified\":\"2023-12-19T09:55:26+00:00\",\"mainEntityOfPage\":{\"@id\":\"https:\/\/www.morh.hr\/en\/fotogalerija-108-kadeta-i-kadetkinja-polozilo-svecanu-prisegu-na-hvu\/\"},\"wordCount\":20,\"image\":{\"@id\":\"https:\/\/www.morh.hr\/en\/fotogalerija-108-kadeta-i-kadetkinja-polozilo-svecanu-prisegu-na-hvu\/#primaryimage\"},\"thumbnailUrl\":\"https:\/\/www.morh.hr\/wp-content\/uploads\/2017\/10\/mco_8519.jpg\",\"articleSection\":[\"Fotogalerije: doga\u0111aji\"],\"inLanguage\":\"en-US\"},{\"@type\":\"WebPage\",\"@id\":\"https:\/\/www.morh.hr\/en\/fotogalerija-108-kadeta-i-kadetkinja-polozilo-svecanu-prisegu-na-hvu\/\",\"url\":\"https:\/\/www.morh.hr\/en\/fotogalerija-108-kadeta-i-kadetkinja-polozilo-svecanu-prisegu-na-hvu\/\",\"name\":\"Fotogalerija: 108 kadeta i kadetkinja polo\u017eilo sve\u010danu prisegu na HVU - MORH\",\"isPartOf\":{\"@id\":\"https:\/\/www.morh.hr\/en\/#website\"},\"primaryImageOfPage\":{\"@id\":\"https:\/\/www.morh.hr\/en\/fotogalerija-108-kadeta-i-kadetkinja-polozilo-svecanu-prisegu-na-hvu\/#primaryimage\"},\"image\":{\"@id\":\"https:\/\/www.morh.hr\/en\/fotogalerija-108-kadeta-i-kadetkinja-polozilo-svecanu-prisegu-na-hvu\/#primaryimage\"},\"thumbnailUrl\":\"https:\/\/www.morh.hr\/wp-content\/uploads\/2017\/10\/mco_8519.jpg\",\"datePublished\":\"2017-09-22T09:30:57+00:00\",\"dateModified\":\"2023-12-19T09:55:26+00:00\",\"author\":{\"@id\":\"https:\/\/www.morh.hr\/en\/#\/schema\/person\/2d72e03399043d9513ab6bec75f2ce27\"},\"description\":\"Foto: MORH\/ M. \u010cobanovi\u0107\",\"breadcrumb\":{\"@id\":\"https:\/\/www.morh.hr\/en\/fotogalerija-108-kadeta-i-kadetkinja-polozilo-svecanu-prisegu-na-hvu\/#breadcrumb\"},\"inLanguage\":\"en-US\",\"potentialAction\":[{\"@type\":\"ReadAction\",\"target\":[\"https:\/\/www.morh.hr\/en\/fotogalerija-108-kadeta-i-kadetkinja-polozilo-svecanu-prisegu-na-hvu\/\"]}]},{\"@type\":\"ImageObject\",\"inLanguage\":\"en-US\",\"@id\":\"https:\/\/www.morh.hr\/en\/fotogalerija-108-kadeta-i-kadetkinja-polozilo-svecanu-prisegu-na-hvu\/#primaryimage\",\"url\":\"https:\/\/www.morh.hr\/wp-content\/uploads\/2017\/10\/mco_8519.jpg\",\"contentUrl\":\"https:\/\/www.morh.hr\/wp-content\/uploads\/2017\/10\/mco_8519.jpg\",\"width\":1200,\"height\":798,\"caption\":\"Foto: MORH\/ M. \u010cobanovi\u0107\"},{\"@type\":\"BreadcrumbList\",\"@id\":\"https:\/\/www.morh.hr\/en\/fotogalerija-108-kadeta-i-kadetkinja-polozilo-svecanu-prisegu-na-hvu\/#breadcrumb\",\"itemListElement\":[{\"@type\":\"ListItem\",\"position\":1,\"name\":\"Naslovnica\",\"item\":\"https:\/\/www.morh.hr\/en\/\"},{\"@type\":\"ListItem\",\"position\":2,\"name\":\"Multimedija\",\"item\":\"https:\/\/www.morh.hr\/en\/kategorija\/multimedija-en\/\"},{\"@type\":\"ListItem\",\"position\":3,\"name\":\"Fotogalerije\",\"item\":\"https:\/\/www.morh.hr\/en\/kategorija\/multimedija-en\/fotogalerije-en\/\"},{\"@type\":\"ListItem\",\"position\":4,\"name\":\"Fotogalerije: doga\u0111aji\",\"item\":\"https:\/\/www.morh.hr\/en\/kategorija\/multimedija-en\/fotogalerije-en\/fotogalerije-dogadaji-en\/\"},{\"@type\":\"ListItem\",\"position\":5,\"name\":\"Fotogalerija: 108 kadeta i kadetkinja polo\u017eilo sve\u010danu prisegu na HVU\"}]},{\"@type\":\"WebSite\",\"@id\":\"https:\/\/www.morh.hr\/en\/#website\",\"url\":\"https:\/\/www.morh.hr\/en\/\",\"name\":\"MORH\",\"description\":\"Ministarstvo obrane Republike Hrvatske - slu\u017ebene stranice\",\"potentialAction\":[{\"@type\":\"SearchAction\",\"target\":{\"@type\":\"EntryPoint\",\"urlTemplate\":\"https:\/\/www.morh.hr\/en\/?s={search_term_string}\"},\"query-input\":{\"@type\":\"PropertyValueSpecification\",\"valueRequired\":true,\"valueName\":\"search_term_string\"}}],\"inLanguage\":\"en-US\"},{\"@type\":\"Person\",\"@id\":\"https:\/\/www.morh.hr\/en\/#\/schema\/person\/2d72e03399043d9513ab6bec75f2ce27\",\"name\":\"Drazen\",\"image\":{\"@type\":\"ImageObject\",\"inLanguage\":\"en-US\",\"@id\":\"https:\/\/www.morh.hr\/en\/#\/schema\/person\/image\/\",\"url\":\"https:\/\/secure.gravatar.com\/avatar\/e36ef7e573425ae72988c73df868c1e87a656b0e005ca4fd7d30d2ba7e49c9cf?s=96&d=mm&r=g\",\"contentUrl\":\"https:\/\/secure.gravatar.com\/avatar\/e36ef7e573425ae72988c73df868c1e87a656b0e005ca4fd7d30d2ba7e49c9cf?s=96&d=mm&r=g\",\"caption\":\"Drazen\"}}]}<\/script>\n<!-- \/ Yoast SEO plugin. -->","yoast_head_json":{"title":"Fotogalerija: 108 kadeta i kadetkinja polo\u017eilo sve\u010danu prisegu na HVU - MORH","description":"Foto: MORH\/ M. \u010cobanovi\u0107","robots":{"index":"index","follow":"follow","max-snippet":"max-snippet:-1","max-image-preview":"max-image-preview:large","max-video-preview":"max-video-preview:-1"},"canonical":"https:\/\/www.morh.hr\/en\/fotogalerija-108-kadeta-i-kadetkinja-polozilo-svecanu-prisegu-na-hvu\/","og_locale":"en_US","og_type":"article","og_title":"Fotogalerija: 108 kadeta i kadetkinja polo\u017eilo sve\u010danu prisegu na HVU - MORH","og_description":"Foto: MORH\/ M. \u010cobanovi\u0107","og_url":"https:\/\/www.morh.hr\/en\/fotogalerija-108-kadeta-i-kadetkinja-polozilo-svecanu-prisegu-na-hvu\/","og_site_name":"MORH","article_publisher":"https:\/\/www.facebook.com\/sportasiuhrvatskojvojsci\/","article_published_time":"2017-09-22T09:30:57+00:00","article_modified_time":"2023-12-19T09:55:26+00:00","og_image":[{"width":1200,"height":798,"url":"https:\/\/www.morh.hr\/wp-content\/uploads\/2017\/10\/mco_8519.jpg","type":"image\/jpeg"}],"author":"Drazen","twitter_card":"summary_large_image","twitter_creator":"@morh_osrh","twitter_site":"@morh_osrh","twitter_misc":{"Written by":"Drazen"},"schema":{"@context":"https:\/\/schema.org","@graph":[{"@type":"Article","@id":"https:\/\/www.morh.hr\/en\/fotogalerija-108-kadeta-i-kadetkinja-polozilo-svecanu-prisegu-na-hvu\/#article","isPartOf":{"@id":"https:\/\/www.morh.hr\/en\/fotogalerija-108-kadeta-i-kadetkinja-polozilo-svecanu-prisegu-na-hvu\/"},"author":{"name":"Drazen","@id":"https:\/\/www.morh.hr\/en\/#\/schema\/person\/2d72e03399043d9513ab6bec75f2ce27"},"headline":"Fotogalerija: 108 kadeta i kadetkinja polo\u017eilo sve\u010danu prisegu na HVU","datePublished":"2017-09-22T09:30:57+00:00","dateModified":"2023-12-19T09:55:26+00:00","mainEntityOfPage":{"@id":"https:\/\/www.morh.hr\/en\/fotogalerija-108-kadeta-i-kadetkinja-polozilo-svecanu-prisegu-na-hvu\/"},"wordCount":20,"image":{"@id":"https:\/\/www.morh.hr\/en\/fotogalerija-108-kadeta-i-kadetkinja-polozilo-svecanu-prisegu-na-hvu\/#primaryimage"},"thumbnailUrl":"https:\/\/www.morh.hr\/wp-content\/uploads\/2017\/10\/mco_8519.jpg","articleSection":["Fotogalerije: doga\u0111aji"],"inLanguage":"en-US"},{"@type":"WebPage","@id":"https:\/\/www.morh.hr\/en\/fotogalerija-108-kadeta-i-kadetkinja-polozilo-svecanu-prisegu-na-hvu\/","url":"https:\/\/www.morh.hr\/en\/fotogalerija-108-kadeta-i-kadetkinja-polozilo-svecanu-prisegu-na-hvu\/","name":"Fotogalerija: 108 kadeta i kadetkinja polo\u017eilo sve\u010danu prisegu na HVU - MORH","isPartOf":{"@id":"https:\/\/www.morh.hr\/en\/#website"},"primaryImageOfPage":{"@id":"https:\/\/www.morh.hr\/en\/fotogalerija-108-kadeta-i-kadetkinja-polozilo-svecanu-prisegu-na-hvu\/#primaryimage"},"image":{"@id":"https:\/\/www.morh.hr\/en\/fotogalerija-108-kadeta-i-kadetkinja-polozilo-svecanu-prisegu-na-hvu\/#primaryimage"},"thumbnailUrl":"https:\/\/www.morh.hr\/wp-content\/uploads\/2017\/10\/mco_8519.jpg","datePublished":"2017-09-22T09:30:57+00:00","dateModified":"2023-12-19T09:55:26+00:00","author":{"@id":"https:\/\/www.morh.hr\/en\/#\/schema\/person\/2d72e03399043d9513ab6bec75f2ce27"},"description":"Foto: MORH\/ M. \u010cobanovi\u0107","breadcrumb":{"@id":"https:\/\/www.morh.hr\/en\/fotogalerija-108-kadeta-i-kadetkinja-polozilo-svecanu-prisegu-na-hvu\/#breadcrumb"},"inLanguage":"en-US","potentialAction":[{"@type":"ReadAction","target":["https:\/\/www.morh.hr\/en\/fotogalerija-108-kadeta-i-kadetkinja-polozilo-svecanu-prisegu-na-hvu\/"]}]},{"@type":"ImageObject","inLanguage":"en-US","@id":"https:\/\/www.morh.hr\/en\/fotogalerija-108-kadeta-i-kadetkinja-polozilo-svecanu-prisegu-na-hvu\/#primaryimage","url":"https:\/\/www.morh.hr\/wp-content\/uploads\/2017\/10\/mco_8519.jpg","contentUrl":"https:\/\/www.morh.hr\/wp-content\/uploads\/2017\/10\/mco_8519.jpg","width":1200,"height":798,"caption":"Foto: MORH\/ M. \u010cobanovi\u0107"},{"@type":"BreadcrumbList","@id":"https:\/\/www.morh.hr\/en\/fotogalerija-108-kadeta-i-kadetkinja-polozilo-svecanu-prisegu-na-hvu\/#breadcrumb","itemListElement":[{"@type":"ListItem","position":1,"name":"Naslovnica","item":"https:\/\/www.morh.hr\/en\/"},{"@type":"ListItem","position":2,"name":"Multimedija","item":"https:\/\/www.morh.hr\/en\/kategorija\/multimedija-en\/"},{"@type":"ListItem","position":3,"name":"Fotogalerije","item":"https:\/\/www.morh.hr\/en\/kategorija\/multimedija-en\/fotogalerije-en\/"},{"@type":"ListItem","position":4,"name":"Fotogalerije: doga\u0111aji","item":"https:\/\/www.morh.hr\/en\/kategorija\/multimedija-en\/fotogalerije-en\/fotogalerije-dogadaji-en\/"},{"@type":"ListItem","position":5,"name":"Fotogalerija: 108 kadeta i kadetkinja polo\u017eilo sve\u010danu prisegu na HVU"}]},{"@type":"WebSite","@id":"https:\/\/www.morh.hr\/en\/#website","url":"https:\/\/www.morh.hr\/en\/","name":"MORH","description":"Ministarstvo obrane Republike Hrvatske - slu\u017ebene stranice","potentialAction":[{"@type":"SearchAction","target":{"@type":"EntryPoint","urlTemplate":"https:\/\/www.morh.hr\/en\/?s={search_term_string}"},"query-input":{"@type":"PropertyValueSpecification","valueRequired":true,"valueName":"search_term_string"}}],"inLanguage":"en-US"},{"@type":"Person","@id":"https:\/\/www.morh.hr\/en\/#\/schema\/person\/2d72e03399043d9513ab6bec75f2ce27","name":"Drazen","image":{"@type":"ImageObject","inLanguage":"en-US","@id":"https:\/\/www.morh.hr\/en\/#\/schema\/person\/image\/","url":"https:\/\/secure.gravatar.com\/avatar\/e36ef7e573425ae72988c73df868c1e87a656b0e005ca4fd7d30d2ba7e49c9cf?s=96&d=mm&r=g","contentUrl":"https:\/\/secure.gravatar.com\/avatar\/e36ef7e573425ae72988c73df868c1e87a656b0e005ca4fd7d30d2ba7e49c9cf?s=96&d=mm&r=g","caption":"Drazen"}}]}},"_links":{"self":[{"href":"https:\/\/www.morh.hr\/en\/wp-json\/wp\/v2\/posts\/52830","targetHints":{"allow":["GET"]}}],"collection":[{"href":"https:\/\/www.morh.hr\/en\/wp-json\/wp\/v2\/posts"}],"about":[{"href":"https:\/\/www.morh.hr\/en\/wp-json\/wp\/v2\/types\/post"}],"author":[{"embeddable":true,"href":"https:\/\/www.morh.hr\/en\/wp-json\/wp\/v2\/users\/3"}],"replies":[{"embeddable":true,"href":"https:\/\/www.morh.hr\/en\/wp-json\/wp\/v2\/comments?post=52830"}],"version-history":[{"count":0,"href":"https:\/\/www.morh.hr\/en\/wp-json\/wp\/v2\/posts\/52830\/revisions"}],"wp:featuredmedia":[{"embeddable":true,"href":"https:\/\/www.morh.hr\/en\/wp-json\/wp\/v2\/media\/49199"}],"wp:attachment":[{"href":"https:\/\/www.morh.hr\/en\/wp-json\/wp\/v2\/media?parent=52830"}],"wp:term":[{"taxonomy":"category","embeddable":true,"href":"https:\/\/www.morh.hr\/en\/wp-json\/wp\/v2\/categories?post=52830"},{"taxonomy":"post_tag","embeddable":true,"href":"https:\/\/www.morh.hr\/en\/wp-json\/wp\/v2\/tags?post=52830"}],"curies":[{"name":"wp","href":"https:\/\/api.w.org\/{rel}","templated":true}]}}