{"id":52832,"date":"2017-09-19T17:01:23","date_gmt":"2017-09-19T15:01:23","guid":{"rendered":"https:\/\/www.morh.hr\/fotogalerija-zahvala-zracnim-i-kopnenim-snagama-u-ime-cijele-hrvatske\/"},"modified":"2023-12-19T09:52:06","modified_gmt":"2023-12-19T08:52:06","slug":"fotogalerija-zahvala-zracnim-i-kopnenim-snagama-u-ime-cijele-hrvatske","status":"publish","type":"post","link":"https:\/\/www.morh.hr\/en\/fotogalerija-zahvala-zracnim-i-kopnenim-snagama-u-ime-cijele-hrvatske\/","title":{"rendered":"Fotogalerija: Zahvala zra\u010dnim i kopnenim snagama u ime cijele Hrvatske"},"content":{"rendered":"<div class=\"morh-galleria\"><a href=\"https:\/\/live.staticflickr.com\/65535\/53407619068_ef89520461_b.jpg\" title=\"Zahvala zra\u010dnim i kopnenim snagama u ime cijele Hrvatske\"><img decoding=\"async\" data-title=\"Zahvala zra\u010dnim i kopnenim snagama u ime cijele Hrvatske\" data-description=\"Izaslanstvo Ministarstva obrane i Oru\u017eanih snaga Republike Hrvatske koje su predvodili potpredsjednik Vlade i ministar obrane RH Damir Krsti\u010devi\u0107 te na\u010delnik Glavnog sto\u017eera Oru\u017eanih snaga RH general zbora Mirko \u0160undov je u utorak, 19. rujna 2017., uz predstavnike DUSZ-a, vatrogastva i lokalne uprave i samouprave boravilo u vojarni 'Pukovnik Mirko Vuku\u0161i\u0107' u Zemuniku | Foto: MORH\/ T. Brandt\" alt=\"Zahvala zra\u010dnim i kopnenim snagama u ime cijele Hrvatske\" src=\"https:\/\/live.staticflickr.com\/65535\/53407619068_ef89520461_b.jpg\" data-layer=\"&lt;div class=&#039;morh-gallery-image-download&#039;&gt;&lt;a href=&#039;https:\/\/live.staticflickr.com\/65535\/53407619068_57be06f39b_o.jpg&#039; target=&#039;_blank&#039;&gt;Slika za preuzimanje&lt;\/a&gt;&lt;\/div&gt;\" \/><\/a><a href=\"https:\/\/live.staticflickr.com\/65535\/53407619173_91da684aa8_b.jpg\" title=\"Zahvala zra\u010dnim i kopnenim snagama u ime cijele Hrvatske\"><img decoding=\"async\" data-title=\"Zahvala zra\u010dnim i kopnenim snagama u ime cijele Hrvatske\" data-description=\"Izaslanstvo Ministarstva obrane i Oru\u017eanih snaga Republike Hrvatske koje su predvodili potpredsjednik Vlade i ministar obrane RH Damir Krsti\u010devi\u0107 te na\u010delnik Glavnog sto\u017eera Oru\u017eanih snaga RH general zbora Mirko \u0160undov je u utorak, 19. rujna 2017., uz predstavnike DUSZ-a, vatrogastva i lokalne uprave i samouprave boravilo u vojarni 'Pukovnik Mirko Vuku\u0161i\u0107' u Zemuniku | Foto: MORH\/ T. Brandt\" alt=\"Zahvala zra\u010dnim i kopnenim snagama u ime cijele Hrvatske\" src=\"https:\/\/live.staticflickr.com\/65535\/53407619173_91da684aa8_b.jpg\" data-layer=\"&lt;div class=&#039;morh-gallery-image-download&#039;&gt;&lt;a href=&#039;https:\/\/live.staticflickr.com\/65535\/53407619173_78cb00b1fe_o.jpg&#039; target=&#039;_blank&#039;&gt;Slika za preuzimanje&lt;\/a&gt;&lt;\/div&gt;\" \/><\/a><a href=\"https:\/\/live.staticflickr.com\/65535\/53407875085_db97c73433_b.jpg\" title=\"Zahvala zra\u010dnim i kopnenim snagama u ime cijele Hrvatske\"><img decoding=\"async\" data-title=\"Zahvala zra\u010dnim i kopnenim snagama u ime cijele Hrvatske\" data-description=\"Izaslanstvo Ministarstva obrane i Oru\u017eanih snaga Republike Hrvatske koje su predvodili potpredsjednik Vlade i ministar obrane RH Damir Krsti\u010devi\u0107 te na\u010delnik Glavnog sto\u017eera Oru\u017eanih snaga RH general zbora Mirko \u0160undov je u utorak, 19. rujna 2017., uz predstavnike DUSZ-a, vatrogastva i lokalne uprave i samouprave boravilo u vojarni 'Pukovnik Mirko Vuku\u0161i\u0107' u Zemuniku | Foto: MORH\/ T. Brandt\" alt=\"Zahvala zra\u010dnim i kopnenim snagama u ime cijele Hrvatske\" src=\"https:\/\/live.staticflickr.com\/65535\/53407875085_db97c73433_b.jpg\" data-layer=\"&lt;div class=&#039;morh-gallery-image-download&#039;&gt;&lt;a href=&#039;https:\/\/live.staticflickr.com\/65535\/53407875085_e647bc715f_o.jpg&#039; target=&#039;_blank&#039;&gt;Slika za preuzimanje&lt;\/a&gt;&lt;\/div&gt;\" \/><\/a><a href=\"https:\/\/live.staticflickr.com\/65535\/53407875050_ab7307bcd5_b.jpg\" title=\"Zahvala zra\u010dnim i kopnenim snagama u ime cijele Hrvatske\"><img decoding=\"async\" data-title=\"Zahvala zra\u010dnim i kopnenim snagama u ime cijele Hrvatske\" data-description=\"Izaslanstvo Ministarstva obrane i Oru\u017eanih snaga Republike Hrvatske koje su predvodili potpredsjednik Vlade i ministar obrane RH Damir Krsti\u010devi\u0107 te na\u010delnik Glavnog sto\u017eera Oru\u017eanih snaga RH general zbora Mirko \u0160undov je u utorak, 19. rujna 2017., uz predstavnike DUSZ-a, vatrogastva i lokalne uprave i samouprave boravilo u vojarni 'Pukovnik Mirko Vuku\u0161i\u0107' u Zemuniku | Foto: MORH\/ T. Brandt\" alt=\"Zahvala zra\u010dnim i kopnenim snagama u ime cijele Hrvatske\" src=\"https:\/\/live.staticflickr.com\/65535\/53407875050_ab7307bcd5_b.jpg\" data-layer=\"&lt;div class=&#039;morh-gallery-image-download&#039;&gt;&lt;a href=&#039;https:\/\/live.staticflickr.com\/65535\/53407875050_4b6df36460_o.jpg&#039; target=&#039;_blank&#039;&gt;Slika za preuzimanje&lt;\/a&gt;&lt;\/div&gt;\" \/><\/a><a href=\"https:\/\/live.staticflickr.com\/65535\/53407875070_d8f61cd72f_b.jpg\" title=\"Zahvala zra\u010dnim i kopnenim snagama u ime cijele Hrvatske\"><img decoding=\"async\" data-title=\"Zahvala zra\u010dnim i kopnenim snagama u ime cijele Hrvatske\" data-description=\"Izaslanstvo Ministarstva obrane i Oru\u017eanih snaga Republike Hrvatske koje su predvodili potpredsjednik Vlade i ministar obrane RH Damir Krsti\u010devi\u0107 te na\u010delnik Glavnog sto\u017eera Oru\u017eanih snaga RH general zbora Mirko \u0160undov je u utorak, 19. rujna 2017., uz predstavnike DUSZ-a, vatrogastva i lokalne uprave i samouprave boravilo u vojarni 'Pukovnik Mirko Vuku\u0161i\u0107' u Zemuniku | Foto: MORH\/ T. Brandt\" alt=\"Zahvala zra\u010dnim i kopnenim snagama u ime cijele Hrvatske\" src=\"https:\/\/live.staticflickr.com\/65535\/53407875070_d8f61cd72f_b.jpg\" data-layer=\"&lt;div class=&#039;morh-gallery-image-download&#039;&gt;&lt;a href=&#039;https:\/\/live.staticflickr.com\/65535\/53407875070_1948760de2_o.jpg&#039; target=&#039;_blank&#039;&gt;Slika za preuzimanje&lt;\/a&gt;&lt;\/div&gt;\" \/><\/a><a href=\"https:\/\/live.staticflickr.com\/65535\/53407875075_d28acb6199_b.jpg\" title=\"Zahvala zra\u010dnim i kopnenim snagama u ime cijele Hrvatske\"><img decoding=\"async\" data-title=\"Zahvala zra\u010dnim i kopnenim snagama u ime cijele Hrvatske\" data-description=\"Izaslanstvo Ministarstva obrane i Oru\u017eanih snaga Republike Hrvatske koje su predvodili potpredsjednik Vlade i ministar obrane RH Damir Krsti\u010devi\u0107 te na\u010delnik Glavnog sto\u017eera Oru\u017eanih snaga RH general zbora Mirko \u0160undov je u utorak, 19. rujna 2017., uz predstavnike DUSZ-a, vatrogastva i lokalne uprave i samouprave boravilo u vojarni 'Pukovnik Mirko Vuku\u0161i\u0107' u Zemuniku | Foto: MORH\/ T. Brandt\" alt=\"Zahvala zra\u010dnim i kopnenim snagama u ime cijele Hrvatske\" src=\"https:\/\/live.staticflickr.com\/65535\/53407875075_d28acb6199_b.jpg\" data-layer=\"&lt;div class=&#039;morh-gallery-image-download&#039;&gt;&lt;a href=&#039;https:\/\/live.staticflickr.com\/65535\/53407875075_15bf5deb59_o.jpg&#039; target=&#039;_blank&#039;&gt;Slika za preuzimanje&lt;\/a&gt;&lt;\/div&gt;\" \/><\/a><a href=\"https:\/\/live.staticflickr.com\/65535\/53407766619_2c9bb6c613_b.jpg\" title=\"Zahvala zra\u010dnim i kopnenim snagama u ime cijele Hrvatske\"><img decoding=\"async\" data-title=\"Zahvala zra\u010dnim i kopnenim snagama u ime cijele Hrvatske\" data-description=\"Izaslanstvo Ministarstva obrane i Oru\u017eanih snaga Republike Hrvatske koje su predvodili potpredsjednik Vlade i ministar obrane RH Damir Krsti\u010devi\u0107 te na\u010delnik Glavnog sto\u017eera Oru\u017eanih snaga RH general zbora Mirko \u0160undov je u utorak, 19. rujna 2017., uz predstavnike DUSZ-a, vatrogastva i lokalne uprave i samouprave boravilo u vojarni 'Pukovnik Mirko Vuku\u0161i\u0107' u Zemuniku | Foto: MORH\/ T. Brandt\" alt=\"Zahvala zra\u010dnim i kopnenim snagama u ime cijele Hrvatske\" src=\"https:\/\/live.staticflickr.com\/65535\/53407766619_2c9bb6c613_b.jpg\" data-layer=\"&lt;div class=&#039;morh-gallery-image-download&#039;&gt;&lt;a href=&#039;https:\/\/live.staticflickr.com\/65535\/53407766619_e8717a086a_o.jpg&#039; target=&#039;_blank&#039;&gt;Slika za preuzimanje&lt;\/a&gt;&lt;\/div&gt;\" \/><\/a><a href=\"https:\/\/live.staticflickr.com\/65535\/53406515152_558b6c5abc_b.jpg\" title=\"Zahvala zra\u010dnim i kopnenim snagama u ime cijele Hrvatske\"><img decoding=\"async\" data-title=\"Zahvala zra\u010dnim i kopnenim snagama u ime cijele Hrvatske\" data-description=\"Izaslanstvo Ministarstva obrane i Oru\u017eanih snaga Republike Hrvatske koje su predvodili potpredsjednik Vlade i ministar obrane RH Damir Krsti\u010devi\u0107 te na\u010delnik Glavnog sto\u017eera Oru\u017eanih snaga RH general zbora Mirko \u0160undov je u utorak, 19. rujna 2017., uz predstavnike DUSZ-a, vatrogastva i lokalne uprave i samouprave boravilo u vojarni 'Pukovnik Mirko Vuku\u0161i\u0107' u Zemuniku | Foto: MORH\/ T. Brandt\" alt=\"Zahvala zra\u010dnim i kopnenim snagama u ime cijele Hrvatske\" src=\"https:\/\/live.staticflickr.com\/65535\/53406515152_558b6c5abc_b.jpg\" data-layer=\"&lt;div class=&#039;morh-gallery-image-download&#039;&gt;&lt;a href=&#039;https:\/\/live.staticflickr.com\/65535\/53406515152_f0902b26b5_o.jpg&#039; target=&#039;_blank&#039;&gt;Slika za preuzimanje&lt;\/a&gt;&lt;\/div&gt;\" \/><\/a><a href=\"https:\/\/live.staticflickr.com\/65535\/53407875020_fd01c7684a_b.jpg\" title=\"Zahvala zra\u010dnim i kopnenim snagama u ime cijele Hrvatske\"><img decoding=\"async\" data-title=\"Zahvala zra\u010dnim i kopnenim snagama u ime cijele Hrvatske\" data-description=\"Izaslanstvo Ministarstva obrane i Oru\u017eanih snaga Republike Hrvatske koje su predvodili potpredsjednik Vlade i ministar obrane RH Damir Krsti\u010devi\u0107 te na\u010delnik Glavnog sto\u017eera Oru\u017eanih snaga RH general zbora Mirko \u0160undov je u utorak, 19. rujna 2017., uz predstavnike DUSZ-a, vatrogastva i lokalne uprave i samouprave boravilo u vojarni 'Pukovnik Mirko Vuku\u0161i\u0107' u Zemuniku | Foto: MORH\/ T. Brandt\" alt=\"Zahvala zra\u010dnim i kopnenim snagama u ime cijele Hrvatske\" src=\"https:\/\/live.staticflickr.com\/65535\/53407875020_fd01c7684a_b.jpg\" data-layer=\"&lt;div class=&#039;morh-gallery-image-download&#039;&gt;&lt;a href=&#039;https:\/\/live.staticflickr.com\/65535\/53407875020_5a49a2418c_o.jpg&#039; target=&#039;_blank&#039;&gt;Slika za preuzimanje&lt;\/a&gt;&lt;\/div&gt;\" \/><\/a><a href=\"https:\/\/live.staticflickr.com\/65535\/53407766624_4106735a04_b.jpg\" title=\"Zahvala zra\u010dnim i kopnenim snagama u ime cijele Hrvatske\"><img decoding=\"async\" data-title=\"Zahvala zra\u010dnim i kopnenim snagama u ime cijele Hrvatske\" data-description=\"Izaslanstvo Ministarstva obrane i Oru\u017eanih snaga Republike Hrvatske koje su predvodili potpredsjednik Vlade i ministar obrane RH Damir Krsti\u010devi\u0107 te na\u010delnik Glavnog sto\u017eera Oru\u017eanih snaga RH general zbora Mirko \u0160undov je u utorak, 19. rujna 2017., uz predstavnike DUSZ-a, vatrogastva i lokalne uprave i samouprave boravilo u vojarni 'Pukovnik Mirko Vuku\u0161i\u0107' u Zemuniku | Foto: MORH\/ T. Brandt\" alt=\"Zahvala zra\u010dnim i kopnenim snagama u ime cijele Hrvatske\" src=\"https:\/\/live.staticflickr.com\/65535\/53407766624_4106735a04_b.jpg\" data-layer=\"&lt;div class=&#039;morh-gallery-image-download&#039;&gt;&lt;a href=&#039;https:\/\/live.staticflickr.com\/65535\/53407766624_c07780edee_o.jpg&#039; target=&#039;_blank&#039;&gt;Slika za preuzimanje&lt;\/a&gt;&lt;\/div&gt;\" \/><\/a><a href=\"https:\/\/live.staticflickr.com\/65535\/53406515132_0e4c2af09b_b.jpg\" title=\"Zahvala zra\u010dnim i kopnenim snagama u ime cijele Hrvatske\"><img decoding=\"async\" data-title=\"Zahvala zra\u010dnim i kopnenim snagama u ime cijele Hrvatske\" data-description=\"Izaslanstvo Ministarstva obrane i Oru\u017eanih snaga Republike Hrvatske koje su predvodili potpredsjednik Vlade i ministar obrane RH Damir Krsti\u010devi\u0107 te na\u010delnik Glavnog sto\u017eera Oru\u017eanih snaga RH general zbora Mirko \u0160undov je u utorak, 19. rujna 2017., uz predstavnike DUSZ-a, vatrogastva i lokalne uprave i samouprave boravilo u vojarni 'Pukovnik Mirko Vuku\u0161i\u0107' u Zemuniku | Foto: MORH\/ T. Brandt\" alt=\"Zahvala zra\u010dnim i kopnenim snagama u ime cijele Hrvatske\" src=\"https:\/\/live.staticflickr.com\/65535\/53406515132_0e4c2af09b_b.jpg\" data-layer=\"&lt;div class=&#039;morh-gallery-image-download&#039;&gt;&lt;a href=&#039;https:\/\/live.staticflickr.com\/65535\/53406515132_b8636651ed_o.jpg&#039; target=&#039;_blank&#039;&gt;Slika za preuzimanje&lt;\/a&gt;&lt;\/div&gt;\" \/><\/a><a href=\"https:\/\/live.staticflickr.com\/65535\/53406515137_5c0f363919_b.jpg\" title=\"Zahvala zra\u010dnim i kopnenim snagama u ime cijele Hrvatske\"><img decoding=\"async\" data-title=\"Zahvala zra\u010dnim i kopnenim snagama u ime cijele Hrvatske\" data-description=\"Izaslanstvo Ministarstva obrane i Oru\u017eanih snaga Republike Hrvatske koje su predvodili potpredsjednik Vlade i ministar obrane RH Damir Krsti\u010devi\u0107 te na\u010delnik Glavnog sto\u017eera Oru\u017eanih snaga RH general zbora Mirko \u0160undov je u utorak, 19. rujna 2017., uz predstavnike DUSZ-a, vatrogastva i lokalne uprave i samouprave boravilo u vojarni 'Pukovnik Mirko Vuku\u0161i\u0107' u Zemuniku | Foto: MORH\/ T. Brandt\" alt=\"Zahvala zra\u010dnim i kopnenim snagama u ime cijele Hrvatske\" src=\"https:\/\/live.staticflickr.com\/65535\/53406515137_5c0f363919_b.jpg\" data-layer=\"&lt;div class=&#039;morh-gallery-image-download&#039;&gt;&lt;a href=&#039;https:\/\/live.staticflickr.com\/65535\/53406515137_b92c81af16_o.jpg&#039; target=&#039;_blank&#039;&gt;Slika za preuzimanje&lt;\/a&gt;&lt;\/div&gt;\" \/><\/a><a href=\"https:\/\/live.staticflickr.com\/65535\/53406515077_63ce3e6c53_b.jpg\" title=\"Zahvala zra\u010dnim i kopnenim snagama u ime cijele Hrvatske\"><img decoding=\"async\" data-title=\"Zahvala zra\u010dnim i kopnenim snagama u ime cijele Hrvatske\" data-description=\"Izaslanstvo Ministarstva obrane i Oru\u017eanih snaga Republike Hrvatske koje su predvodili potpredsjednik Vlade i ministar obrane RH Damir Krsti\u010devi\u0107 te na\u010delnik Glavnog sto\u017eera Oru\u017eanih snaga RH general zbora Mirko \u0160undov je u utorak, 19. rujna 2017., uz predstavnike DUSZ-a, vatrogastva i lokalne uprave i samouprave boravilo u vojarni 'Pukovnik Mirko Vuku\u0161i\u0107' u Zemuniku | Foto: MORH\/ T. Brandt\" alt=\"Zahvala zra\u010dnim i kopnenim snagama u ime cijele Hrvatske\" src=\"https:\/\/live.staticflickr.com\/65535\/53406515077_63ce3e6c53_b.jpg\" data-layer=\"&lt;div class=&#039;morh-gallery-image-download&#039;&gt;&lt;a href=&#039;https:\/\/live.staticflickr.com\/65535\/53406515077_883c245e61_o.jpg&#039; target=&#039;_blank&#039;&gt;Slika za preuzimanje&lt;\/a&gt;&lt;\/div&gt;\" \/><\/a><a href=\"https:\/\/live.staticflickr.com\/65535\/53407619058_3659a868d0_b.jpg\" title=\"Zahvala zra\u010dnim i kopnenim snagama u ime cijele Hrvatske\"><img decoding=\"async\" data-title=\"Zahvala zra\u010dnim i kopnenim snagama u ime cijele Hrvatske\" data-description=\"Izaslanstvo Ministarstva obrane i Oru\u017eanih snaga Republike Hrvatske koje su predvodili potpredsjednik Vlade i ministar obrane RH Damir Krsti\u010devi\u0107 te na\u010delnik Glavnog sto\u017eera Oru\u017eanih snaga RH general zbora Mirko \u0160undov je u utorak, 19. rujna 2017., uz predstavnike DUSZ-a, vatrogastva i lokalne uprave i samouprave boravilo u vojarni 'Pukovnik Mirko Vuku\u0161i\u0107' u Zemuniku | Foto: MORH\/ T. Brandt\" alt=\"Zahvala zra\u010dnim i kopnenim snagama u ime cijele Hrvatske\" src=\"https:\/\/live.staticflickr.com\/65535\/53407619058_3659a868d0_b.jpg\" data-layer=\"&lt;div class=&#039;morh-gallery-image-download&#039;&gt;&lt;a href=&#039;https:\/\/live.staticflickr.com\/65535\/53407619058_7afe87a4a0_o.jpg&#039; target=&#039;_blank&#039;&gt;Slika za preuzimanje&lt;\/a&gt;&lt;\/div&gt;\" \/><\/a><a href=\"https:\/\/live.staticflickr.com\/65535\/53407438186_f2e8507ef9_b.jpg\" title=\"Zahvala zra\u010dnim i kopnenim snagama u ime cijele Hrvatske\"><img decoding=\"async\" data-title=\"Zahvala zra\u010dnim i kopnenim snagama u ime cijele Hrvatske\" data-description=\"Izaslanstvo Ministarstva obrane i Oru\u017eanih snaga Republike Hrvatske koje su predvodili potpredsjednik Vlade i ministar obrane RH Damir Krsti\u010devi\u0107 te na\u010delnik Glavnog sto\u017eera Oru\u017eanih snaga RH general zbora Mirko \u0160undov je u utorak, 19. rujna 2017., uz predstavnike DUSZ-a, vatrogastva i lokalne uprave i samouprave boravilo u vojarni 'Pukovnik Mirko Vuku\u0161i\u0107' u Zemuniku | Foto: MORH\/ T. Brandt\" alt=\"Zahvala zra\u010dnim i kopnenim snagama u ime cijele Hrvatske\" src=\"https:\/\/live.staticflickr.com\/65535\/53407438186_f2e8507ef9_b.jpg\" data-layer=\"&lt;div class=&#039;morh-gallery-image-download&#039;&gt;&lt;a href=&#039;https:\/\/live.staticflickr.com\/65535\/53407438186_7afe87a4a0_o.jpg&#039; target=&#039;_blank&#039;&gt;Slika za preuzimanje&lt;\/a&gt;&lt;\/div&gt;\" \/><\/a><a href=\"https:\/\/live.staticflickr.com\/65535\/53407619123_f7cf628b15_b.jpg\" title=\"Zahvala zra\u010dnim i kopnenim snagama u ime cijele Hrvatske\"><img decoding=\"async\" data-title=\"Zahvala zra\u010dnim i kopnenim snagama u ime cijele Hrvatske\" data-description=\"Izaslanstvo Ministarstva obrane i Oru\u017eanih snaga Republike Hrvatske koje su predvodili potpredsjednik Vlade i ministar obrane RH Damir Krsti\u010devi\u0107 te na\u010delnik Glavnog sto\u017eera Oru\u017eanih snaga RH general zbora Mirko \u0160undov je u utorak, 19. rujna 2017., uz predstavnike DUSZ-a, vatrogastva i lokalne uprave i samouprave boravilo u vojarni 'Pukovnik Mirko Vuku\u0161i\u0107' u Zemuniku | Foto: MORH\/ T. Brandt\" alt=\"Zahvala zra\u010dnim i kopnenim snagama u ime cijele Hrvatske\" src=\"https:\/\/live.staticflickr.com\/65535\/53407619123_f7cf628b15_b.jpg\" data-layer=\"&lt;div class=&#039;morh-gallery-image-download&#039;&gt;&lt;a href=&#039;https:\/\/live.staticflickr.com\/65535\/53407619123_53b716d582_o.jpg&#039; target=&#039;_blank&#039;&gt;Slika za preuzimanje&lt;\/a&gt;&lt;\/div&gt;\" \/><\/a><a href=\"https:\/\/live.staticflickr.com\/65535\/53406515107_a47157149c_b.jpg\" title=\"Zahvala zra\u010dnim i kopnenim snagama u ime cijele Hrvatske\"><img decoding=\"async\" data-title=\"Zahvala zra\u010dnim i kopnenim snagama u ime cijele Hrvatske\" data-description=\"Izaslanstvo Ministarstva obrane i Oru\u017eanih snaga Republike Hrvatske koje su predvodili potpredsjednik Vlade i ministar obrane RH Damir Krsti\u010devi\u0107 te na\u010delnik Glavnog sto\u017eera Oru\u017eanih snaga RH general zbora Mirko \u0160undov je u utorak, 19. rujna 2017., uz predstavnike DUSZ-a, vatrogastva i lokalne uprave i samouprave boravilo u vojarni 'Pukovnik Mirko Vuku\u0161i\u0107' u Zemuniku | Foto: MORH\/ T. Brandt\" alt=\"Zahvala zra\u010dnim i kopnenim snagama u ime cijele Hrvatske\" src=\"https:\/\/live.staticflickr.com\/65535\/53406515107_a47157149c_b.jpg\" data-layer=\"&lt;div class=&#039;morh-gallery-image-download&#039;&gt;&lt;a href=&#039;https:\/\/live.staticflickr.com\/65535\/53406515107_b06c19f3a8_o.jpg&#039; target=&#039;_blank&#039;&gt;Slika za preuzimanje&lt;\/a&gt;&lt;\/div&gt;\" \/><\/a><a href=\"https:\/\/live.staticflickr.com\/65535\/53407438236_dd73b6d33c_b.jpg\" title=\"Zahvala zra\u010dnim i kopnenim snagama u ime cijele Hrvatske\"><img decoding=\"async\" data-title=\"Zahvala zra\u010dnim i kopnenim snagama u ime cijele Hrvatske\" data-description=\"Izaslanstvo Ministarstva obrane i Oru\u017eanih snaga Republike Hrvatske koje su predvodili potpredsjednik Vlade i ministar obrane RH Damir Krsti\u010devi\u0107 te na\u010delnik Glavnog sto\u017eera Oru\u017eanih snaga RH general zbora Mirko \u0160undov je u utorak, 19. rujna 2017., uz predstavnike DUSZ-a, vatrogastva i lokalne uprave i samouprave boravilo u vojarni 'Pukovnik Mirko Vuku\u0161i\u0107' u Zemuniku | Foto: MORH\/ T. Brandt\" alt=\"Zahvala zra\u010dnim i kopnenim snagama u ime cijele Hrvatske\" src=\"https:\/\/live.staticflickr.com\/65535\/53407438236_dd73b6d33c_b.jpg\" data-layer=\"&lt;div class=&#039;morh-gallery-image-download&#039;&gt;&lt;a href=&#039;https:\/\/live.staticflickr.com\/65535\/53407438236_21bcf49b37_o.jpg&#039; target=&#039;_blank&#039;&gt;Slika za preuzimanje&lt;\/a&gt;&lt;\/div&gt;\" \/><\/a><a href=\"https:\/\/live.staticflickr.com\/65535\/53407619108_946f34cffa_b.jpg\" title=\"Zahvala zra\u010dnim i kopnenim snagama u ime cijele Hrvatske\"><img decoding=\"async\" data-title=\"Zahvala zra\u010dnim i kopnenim snagama u ime cijele Hrvatske\" data-description=\"Izaslanstvo Ministarstva obrane i Oru\u017eanih snaga Republike Hrvatske koje su predvodili potpredsjednik Vlade i ministar obrane RH Damir Krsti\u010devi\u0107 te na\u010delnik Glavnog sto\u017eera Oru\u017eanih snaga RH general zbora Mirko \u0160undov je u utorak, 19. rujna 2017., uz predstavnike DUSZ-a, vatrogastva i lokalne uprave i samouprave boravilo u vojarni 'Pukovnik Mirko Vuku\u0161i\u0107' u Zemuniku | Foto: MORH\/ T. Brandt\" alt=\"Zahvala zra\u010dnim i kopnenim snagama u ime cijele Hrvatske\" src=\"https:\/\/live.staticflickr.com\/65535\/53407619108_946f34cffa_b.jpg\" data-layer=\"&lt;div class=&#039;morh-gallery-image-download&#039;&gt;&lt;a href=&#039;https:\/\/live.staticflickr.com\/65535\/53407619108_c824291344_o.jpg&#039; target=&#039;_blank&#039;&gt;Slika za preuzimanje&lt;\/a&gt;&lt;\/div&gt;\" \/><\/a><a href=\"https:\/\/live.staticflickr.com\/65535\/53407874985_60a3b7c675_b.jpg\" title=\"Zahvala zra\u010dnim i kopnenim snagama u ime cijele Hrvatske\"><img decoding=\"async\" data-title=\"Zahvala zra\u010dnim i kopnenim snagama u ime cijele Hrvatske\" data-description=\"Izaslanstvo Ministarstva obrane i Oru\u017eanih snaga Republike Hrvatske koje su predvodili potpredsjednik Vlade i ministar obrane RH Damir Krsti\u010devi\u0107 te na\u010delnik Glavnog sto\u017eera Oru\u017eanih snaga RH general zbora Mirko \u0160undov je u utorak, 19. rujna 2017., uz predstavnike DUSZ-a, vatrogastva i lokalne uprave i samouprave boravilo u vojarni 'Pukovnik Mirko Vuku\u0161i\u0107' u Zemuniku | Foto: MORH\/ T. Brandt\" alt=\"Zahvala zra\u010dnim i kopnenim snagama u ime cijele Hrvatske\" src=\"https:\/\/live.staticflickr.com\/65535\/53407874985_60a3b7c675_b.jpg\" data-layer=\"&lt;div class=&#039;morh-gallery-image-download&#039;&gt;&lt;a href=&#039;https:\/\/live.staticflickr.com\/65535\/53407874985_a5a4379b6a_o.jpg&#039; target=&#039;_blank&#039;&gt;Slika za preuzimanje&lt;\/a&gt;&lt;\/div&gt;\" \/><\/a><a href=\"https:\/\/live.staticflickr.com\/65535\/53407874980_0bfb300648_b.jpg\" title=\"Zahvala zra\u010dnim i kopnenim snagama u ime cijele Hrvatske\"><img decoding=\"async\" data-title=\"Zahvala zra\u010dnim i kopnenim snagama u ime cijele Hrvatske\" data-description=\"Izaslanstvo Ministarstva obrane i Oru\u017eanih snaga Republike Hrvatske koje su predvodili potpredsjednik Vlade i ministar obrane RH Damir Krsti\u010devi\u0107 te na\u010delnik Glavnog sto\u017eera Oru\u017eanih snaga RH general zbora Mirko \u0160undov je u utorak, 19. rujna 2017., uz predstavnike DUSZ-a, vatrogastva i lokalne uprave i samouprave boravilo u vojarni 'Pukovnik Mirko Vuku\u0161i\u0107' u Zemuniku | Foto: MORH\/ T. Brandt\" alt=\"Zahvala zra\u010dnim i kopnenim snagama u ime cijele Hrvatske\" src=\"https:\/\/live.staticflickr.com\/65535\/53407874980_0bfb300648_b.jpg\" data-layer=\"&lt;div class=&#039;morh-gallery-image-download&#039;&gt;&lt;a href=&#039;https:\/\/live.staticflickr.com\/65535\/53407874980_c7994530cf_o.jpg&#039; target=&#039;_blank&#039;&gt;Slika za preuzimanje&lt;\/a&gt;&lt;\/div&gt;\" \/><\/a><a href=\"https:\/\/live.staticflickr.com\/65535\/53407619023_a0e2874172_b.jpg\" title=\"Zahvala zra\u010dnim i kopnenim snagama u ime cijele Hrvatske\"><img decoding=\"async\" data-title=\"Zahvala zra\u010dnim i kopnenim snagama u ime cijele Hrvatske\" data-description=\"Izaslanstvo Ministarstva obrane i Oru\u017eanih snaga Republike Hrvatske koje su predvodili potpredsjednik Vlade i ministar obrane RH Damir Krsti\u010devi\u0107 te na\u010delnik Glavnog sto\u017eera Oru\u017eanih snaga RH general zbora Mirko \u0160undov je u utorak, 19. rujna 2017., uz predstavnike DUSZ-a, vatrogastva i lokalne uprave i samouprave boravilo u vojarni 'Pukovnik Mirko Vuku\u0161i\u0107' u Zemuniku | Foto: MORH\/ T. Brandt\" alt=\"Zahvala zra\u010dnim i kopnenim snagama u ime cijele Hrvatske\" src=\"https:\/\/live.staticflickr.com\/65535\/53407619023_a0e2874172_b.jpg\" data-layer=\"&lt;div class=&#039;morh-gallery-image-download&#039;&gt;&lt;a href=&#039;https:\/\/live.staticflickr.com\/65535\/53407619023_08dd15672b_o.jpg&#039; target=&#039;_blank&#039;&gt;Slika za preuzimanje&lt;\/a&gt;&lt;\/div&gt;\" \/><\/a><a href=\"https:\/\/live.staticflickr.com\/65535\/53407619028_6e08480778_b.jpg\" title=\"Zahvala zra\u010dnim i kopnenim snagama u ime cijele Hrvatske\"><img decoding=\"async\" data-title=\"Zahvala zra\u010dnim i kopnenim snagama u ime cijele Hrvatske\" data-description=\"Izaslanstvo Ministarstva obrane i Oru\u017eanih snaga Republike Hrvatske koje su predvodili potpredsjednik Vlade i ministar obrane RH Damir Krsti\u010devi\u0107 te na\u010delnik Glavnog sto\u017eera Oru\u017eanih snaga RH general zbora Mirko \u0160undov je u utorak, 19. rujna 2017., uz predstavnike DUSZ-a, vatrogastva i lokalne uprave i samouprave boravilo u vojarni 'Pukovnik Mirko Vuku\u0161i\u0107' u Zemuniku | Foto: MORH\/ T. Brandt\" alt=\"Zahvala zra\u010dnim i kopnenim snagama u ime cijele Hrvatske\" src=\"https:\/\/live.staticflickr.com\/65535\/53407619028_6e08480778_b.jpg\" data-layer=\"&lt;div class=&#039;morh-gallery-image-download&#039;&gt;&lt;a href=&#039;https:\/\/live.staticflickr.com\/65535\/53407619028_fdd1036181_o.jpg&#039; target=&#039;_blank&#039;&gt;Slika za preuzimanje&lt;\/a&gt;&lt;\/div&gt;\" \/><\/a><a href=\"https:\/\/live.staticflickr.com\/65535\/53407766529_6a41d9e85c_b.jpg\" title=\"Zahvala zra\u010dnim i kopnenim snagama u ime cijele Hrvatske\"><img decoding=\"async\" data-title=\"Zahvala zra\u010dnim i kopnenim snagama u ime cijele Hrvatske\" data-description=\"Izaslanstvo Ministarstva obrane i Oru\u017eanih snaga Republike Hrvatske koje su predvodili potpredsjednik Vlade i ministar obrane RH Damir Krsti\u010devi\u0107 te na\u010delnik Glavnog sto\u017eera Oru\u017eanih snaga RH general zbora Mirko \u0160undov je u utorak, 19. rujna 2017., uz predstavnike DUSZ-a, vatrogastva i lokalne uprave i samouprave boravilo u vojarni 'Pukovnik Mirko Vuku\u0161i\u0107' u Zemuniku | Foto: MORH\/ T. Brandt\" alt=\"Zahvala zra\u010dnim i kopnenim snagama u ime cijele Hrvatske\" src=\"https:\/\/live.staticflickr.com\/65535\/53407766529_6a41d9e85c_b.jpg\" data-layer=\"&lt;div class=&#039;morh-gallery-image-download&#039;&gt;&lt;a href=&#039;https:\/\/live.staticflickr.com\/65535\/53407766529_b5c25eaf12_o.jpg&#039; target=&#039;_blank&#039;&gt;Slika za preuzimanje&lt;\/a&gt;&lt;\/div&gt;\" \/><\/a><a href=\"https:\/\/live.staticflickr.com\/65535\/53407874935_7ed58f3bf8_b.jpg\" title=\"Zahvala zra\u010dnim i kopnenim snagama u ime cijele Hrvatske\"><img decoding=\"async\" data-title=\"Zahvala zra\u010dnim i kopnenim snagama u ime cijele Hrvatske\" data-description=\"Izaslanstvo Ministarstva obrane i Oru\u017eanih snaga Republike Hrvatske koje su predvodili potpredsjednik Vlade i ministar obrane RH Damir Krsti\u010devi\u0107 te na\u010delnik Glavnog sto\u017eera Oru\u017eanih snaga RH general zbora Mirko \u0160undov je u utorak, 19. rujna 2017., uz predstavnike DUSZ-a, vatrogastva i lokalne uprave i samouprave boravilo u vojarni 'Pukovnik Mirko Vuku\u0161i\u0107' u Zemuniku | Foto: MORH\/ T. Brandt\" alt=\"Zahvala zra\u010dnim i kopnenim snagama u ime cijele Hrvatske\" src=\"https:\/\/live.staticflickr.com\/65535\/53407874935_7ed58f3bf8_b.jpg\" data-layer=\"&lt;div class=&#039;morh-gallery-image-download&#039;&gt;&lt;a href=&#039;https:\/\/live.staticflickr.com\/65535\/53407874935_2ef7a15725_o.jpg&#039; target=&#039;_blank&#039;&gt;Slika za preuzimanje&lt;\/a&gt;&lt;\/div&gt;\" \/><\/a><\/div><!--\/.morh-galleria -->\n","protected":false},"excerpt":{"rendered":"<p>Foto: MORH\/ T. Brandt<\/p>\n","protected":false},"author":3,"featured_media":49193,"comment_status":"closed","ping_status":"closed","sticky":false,"template":"","format":"standard","meta":{"_acf_changed":false,"_monsterinsights_skip_tracking":false,"_monsterinsights_sitenote_active":false,"_monsterinsights_sitenote_note":"","_monsterinsights_sitenote_category":0,"footnotes":""},"categories":[329],"tags":[],"class_list":["post-52832","post","type-post","status-publish","format-standard","has-post-thumbnail","hentry","category-fotogalerije-dogadaji-en"],"acf":[],"yoast_head":"<!-- This site is optimized with the Yoast SEO plugin v26.9 - https:\/\/yoast.com\/product\/yoast-seo-wordpress\/ -->\n<title>Fotogalerija: Zahvala zra\u010dnim i kopnenim snagama u ime cijele Hrvatske - MORH<\/title>\n<meta name=\"description\" content=\"Foto: MORH\/ T. Brandt\" \/>\n<meta name=\"robots\" content=\"index, follow, max-snippet:-1, max-image-preview:large, max-video-preview:-1\" \/>\n<link rel=\"canonical\" href=\"https:\/\/www.morh.hr\/en\/fotogalerija-zahvala-zracnim-i-kopnenim-snagama-u-ime-cijele-hrvatske\/\" \/>\n<meta property=\"og:locale\" content=\"en_US\" \/>\n<meta property=\"og:type\" content=\"article\" \/>\n<meta property=\"og:title\" content=\"Fotogalerija: Zahvala zra\u010dnim i kopnenim snagama u ime cijele Hrvatske - MORH\" \/>\n<meta property=\"og:description\" content=\"Foto: MORH\/ T. Brandt\" \/>\n<meta property=\"og:url\" content=\"https:\/\/www.morh.hr\/en\/fotogalerija-zahvala-zracnim-i-kopnenim-snagama-u-ime-cijele-hrvatske\/\" \/>\n<meta property=\"og:site_name\" content=\"MORH\" \/>\n<meta property=\"article:publisher\" content=\"https:\/\/www.facebook.com\/sportasiuhrvatskojvojsci\/\" \/>\n<meta property=\"article:published_time\" content=\"2017-09-19T15:01:23+00:00\" \/>\n<meta property=\"article:modified_time\" content=\"2023-12-19T08:52:06+00:00\" \/>\n<meta property=\"og:image\" content=\"https:\/\/www.morh.hr\/wp-content\/uploads\/2017\/10\/zemunik_19092017_01.jpg\" \/>\n\t<meta property=\"og:image:width\" content=\"1200\" \/>\n\t<meta property=\"og:image:height\" content=\"801\" \/>\n\t<meta property=\"og:image:type\" content=\"image\/jpeg\" \/>\n<meta name=\"author\" content=\"Drazen\" \/>\n<meta name=\"twitter:card\" content=\"summary_large_image\" \/>\n<meta name=\"twitter:creator\" content=\"@morh_osrh\" \/>\n<meta name=\"twitter:site\" content=\"@morh_osrh\" \/>\n<meta name=\"twitter:label1\" content=\"Written by\" \/>\n\t<meta name=\"twitter:data1\" content=\"Drazen\" \/>\n<script type=\"application\/ld+json\" class=\"yoast-schema-graph\">{\"@context\":\"https:\/\/schema.org\",\"@graph\":[{\"@type\":\"Article\",\"@id\":\"https:\/\/www.morh.hr\/en\/fotogalerija-zahvala-zracnim-i-kopnenim-snagama-u-ime-cijele-hrvatske\/#article\",\"isPartOf\":{\"@id\":\"https:\/\/www.morh.hr\/en\/fotogalerija-zahvala-zracnim-i-kopnenim-snagama-u-ime-cijele-hrvatske\/\"},\"author\":{\"name\":\"Drazen\",\"@id\":\"https:\/\/www.morh.hr\/en\/#\/schema\/person\/2d72e03399043d9513ab6bec75f2ce27\"},\"headline\":\"Fotogalerija: Zahvala zra\u010dnim i kopnenim snagama u ime cijele Hrvatske\",\"datePublished\":\"2017-09-19T15:01:23+00:00\",\"dateModified\":\"2023-12-19T08:52:06+00:00\",\"mainEntityOfPage\":{\"@id\":\"https:\/\/www.morh.hr\/en\/fotogalerija-zahvala-zracnim-i-kopnenim-snagama-u-ime-cijele-hrvatske\/\"},\"wordCount\":20,\"image\":{\"@id\":\"https:\/\/www.morh.hr\/en\/fotogalerija-zahvala-zracnim-i-kopnenim-snagama-u-ime-cijele-hrvatske\/#primaryimage\"},\"thumbnailUrl\":\"https:\/\/www.morh.hr\/wp-content\/uploads\/2017\/10\/zemunik_19092017_01.jpg\",\"articleSection\":[\"Fotogalerije: doga\u0111aji\"],\"inLanguage\":\"en-US\"},{\"@type\":\"WebPage\",\"@id\":\"https:\/\/www.morh.hr\/en\/fotogalerija-zahvala-zracnim-i-kopnenim-snagama-u-ime-cijele-hrvatske\/\",\"url\":\"https:\/\/www.morh.hr\/en\/fotogalerija-zahvala-zracnim-i-kopnenim-snagama-u-ime-cijele-hrvatske\/\",\"name\":\"Fotogalerija: Zahvala zra\u010dnim i kopnenim snagama u ime cijele Hrvatske - MORH\",\"isPartOf\":{\"@id\":\"https:\/\/www.morh.hr\/en\/#website\"},\"primaryImageOfPage\":{\"@id\":\"https:\/\/www.morh.hr\/en\/fotogalerija-zahvala-zracnim-i-kopnenim-snagama-u-ime-cijele-hrvatske\/#primaryimage\"},\"image\":{\"@id\":\"https:\/\/www.morh.hr\/en\/fotogalerija-zahvala-zracnim-i-kopnenim-snagama-u-ime-cijele-hrvatske\/#primaryimage\"},\"thumbnailUrl\":\"https:\/\/www.morh.hr\/wp-content\/uploads\/2017\/10\/zemunik_19092017_01.jpg\",\"datePublished\":\"2017-09-19T15:01:23+00:00\",\"dateModified\":\"2023-12-19T08:52:06+00:00\",\"author\":{\"@id\":\"https:\/\/www.morh.hr\/en\/#\/schema\/person\/2d72e03399043d9513ab6bec75f2ce27\"},\"description\":\"Foto: MORH\/ T. Brandt\",\"breadcrumb\":{\"@id\":\"https:\/\/www.morh.hr\/en\/fotogalerija-zahvala-zracnim-i-kopnenim-snagama-u-ime-cijele-hrvatske\/#breadcrumb\"},\"inLanguage\":\"en-US\",\"potentialAction\":[{\"@type\":\"ReadAction\",\"target\":[\"https:\/\/www.morh.hr\/en\/fotogalerija-zahvala-zracnim-i-kopnenim-snagama-u-ime-cijele-hrvatske\/\"]}]},{\"@type\":\"ImageObject\",\"inLanguage\":\"en-US\",\"@id\":\"https:\/\/www.morh.hr\/en\/fotogalerija-zahvala-zracnim-i-kopnenim-snagama-u-ime-cijele-hrvatske\/#primaryimage\",\"url\":\"https:\/\/www.morh.hr\/wp-content\/uploads\/2017\/10\/zemunik_19092017_01.jpg\",\"contentUrl\":\"https:\/\/www.morh.hr\/wp-content\/uploads\/2017\/10\/zemunik_19092017_01.jpg\",\"width\":1200,\"height\":801,\"caption\":\"Foto: MORH\/ T. Brandt\"},{\"@type\":\"BreadcrumbList\",\"@id\":\"https:\/\/www.morh.hr\/en\/fotogalerija-zahvala-zracnim-i-kopnenim-snagama-u-ime-cijele-hrvatske\/#breadcrumb\",\"itemListElement\":[{\"@type\":\"ListItem\",\"position\":1,\"name\":\"Naslovnica\",\"item\":\"https:\/\/www.morh.hr\/en\/\"},{\"@type\":\"ListItem\",\"position\":2,\"name\":\"Multimedija\",\"item\":\"https:\/\/www.morh.hr\/en\/kategorija\/multimedija-en\/\"},{\"@type\":\"ListItem\",\"position\":3,\"name\":\"Fotogalerije\",\"item\":\"https:\/\/www.morh.hr\/en\/kategorija\/multimedija-en\/fotogalerije-en\/\"},{\"@type\":\"ListItem\",\"position\":4,\"name\":\"Fotogalerije: doga\u0111aji\",\"item\":\"https:\/\/www.morh.hr\/en\/kategorija\/multimedija-en\/fotogalerije-en\/fotogalerije-dogadaji-en\/\"},{\"@type\":\"ListItem\",\"position\":5,\"name\":\"Fotogalerija: Zahvala zra\u010dnim i kopnenim snagama u ime cijele Hrvatske\"}]},{\"@type\":\"WebSite\",\"@id\":\"https:\/\/www.morh.hr\/en\/#website\",\"url\":\"https:\/\/www.morh.hr\/en\/\",\"name\":\"MORH\",\"description\":\"Ministarstvo obrane Republike Hrvatske - slu\u017ebene stranice\",\"potentialAction\":[{\"@type\":\"SearchAction\",\"target\":{\"@type\":\"EntryPoint\",\"urlTemplate\":\"https:\/\/www.morh.hr\/en\/?s={search_term_string}\"},\"query-input\":{\"@type\":\"PropertyValueSpecification\",\"valueRequired\":true,\"valueName\":\"search_term_string\"}}],\"inLanguage\":\"en-US\"},{\"@type\":\"Person\",\"@id\":\"https:\/\/www.morh.hr\/en\/#\/schema\/person\/2d72e03399043d9513ab6bec75f2ce27\",\"name\":\"Drazen\",\"image\":{\"@type\":\"ImageObject\",\"inLanguage\":\"en-US\",\"@id\":\"https:\/\/www.morh.hr\/en\/#\/schema\/person\/image\/\",\"url\":\"https:\/\/secure.gravatar.com\/avatar\/e36ef7e573425ae72988c73df868c1e87a656b0e005ca4fd7d30d2ba7e49c9cf?s=96&d=mm&r=g\",\"contentUrl\":\"https:\/\/secure.gravatar.com\/avatar\/e36ef7e573425ae72988c73df868c1e87a656b0e005ca4fd7d30d2ba7e49c9cf?s=96&d=mm&r=g\",\"caption\":\"Drazen\"}}]}<\/script>\n<!-- \/ Yoast SEO plugin. -->","yoast_head_json":{"title":"Fotogalerija: Zahvala zra\u010dnim i kopnenim snagama u ime cijele Hrvatske - MORH","description":"Foto: MORH\/ T. Brandt","robots":{"index":"index","follow":"follow","max-snippet":"max-snippet:-1","max-image-preview":"max-image-preview:large","max-video-preview":"max-video-preview:-1"},"canonical":"https:\/\/www.morh.hr\/en\/fotogalerija-zahvala-zracnim-i-kopnenim-snagama-u-ime-cijele-hrvatske\/","og_locale":"en_US","og_type":"article","og_title":"Fotogalerija: Zahvala zra\u010dnim i kopnenim snagama u ime cijele Hrvatske - MORH","og_description":"Foto: MORH\/ T. Brandt","og_url":"https:\/\/www.morh.hr\/en\/fotogalerija-zahvala-zracnim-i-kopnenim-snagama-u-ime-cijele-hrvatske\/","og_site_name":"MORH","article_publisher":"https:\/\/www.facebook.com\/sportasiuhrvatskojvojsci\/","article_published_time":"2017-09-19T15:01:23+00:00","article_modified_time":"2023-12-19T08:52:06+00:00","og_image":[{"width":1200,"height":801,"url":"https:\/\/www.morh.hr\/wp-content\/uploads\/2017\/10\/zemunik_19092017_01.jpg","type":"image\/jpeg"}],"author":"Drazen","twitter_card":"summary_large_image","twitter_creator":"@morh_osrh","twitter_site":"@morh_osrh","twitter_misc":{"Written by":"Drazen"},"schema":{"@context":"https:\/\/schema.org","@graph":[{"@type":"Article","@id":"https:\/\/www.morh.hr\/en\/fotogalerija-zahvala-zracnim-i-kopnenim-snagama-u-ime-cijele-hrvatske\/#article","isPartOf":{"@id":"https:\/\/www.morh.hr\/en\/fotogalerija-zahvala-zracnim-i-kopnenim-snagama-u-ime-cijele-hrvatske\/"},"author":{"name":"Drazen","@id":"https:\/\/www.morh.hr\/en\/#\/schema\/person\/2d72e03399043d9513ab6bec75f2ce27"},"headline":"Fotogalerija: Zahvala zra\u010dnim i kopnenim snagama u ime cijele Hrvatske","datePublished":"2017-09-19T15:01:23+00:00","dateModified":"2023-12-19T08:52:06+00:00","mainEntityOfPage":{"@id":"https:\/\/www.morh.hr\/en\/fotogalerija-zahvala-zracnim-i-kopnenim-snagama-u-ime-cijele-hrvatske\/"},"wordCount":20,"image":{"@id":"https:\/\/www.morh.hr\/en\/fotogalerija-zahvala-zracnim-i-kopnenim-snagama-u-ime-cijele-hrvatske\/#primaryimage"},"thumbnailUrl":"https:\/\/www.morh.hr\/wp-content\/uploads\/2017\/10\/zemunik_19092017_01.jpg","articleSection":["Fotogalerije: doga\u0111aji"],"inLanguage":"en-US"},{"@type":"WebPage","@id":"https:\/\/www.morh.hr\/en\/fotogalerija-zahvala-zracnim-i-kopnenim-snagama-u-ime-cijele-hrvatske\/","url":"https:\/\/www.morh.hr\/en\/fotogalerija-zahvala-zracnim-i-kopnenim-snagama-u-ime-cijele-hrvatske\/","name":"Fotogalerija: Zahvala zra\u010dnim i kopnenim snagama u ime cijele Hrvatske - MORH","isPartOf":{"@id":"https:\/\/www.morh.hr\/en\/#website"},"primaryImageOfPage":{"@id":"https:\/\/www.morh.hr\/en\/fotogalerija-zahvala-zracnim-i-kopnenim-snagama-u-ime-cijele-hrvatske\/#primaryimage"},"image":{"@id":"https:\/\/www.morh.hr\/en\/fotogalerija-zahvala-zracnim-i-kopnenim-snagama-u-ime-cijele-hrvatske\/#primaryimage"},"thumbnailUrl":"https:\/\/www.morh.hr\/wp-content\/uploads\/2017\/10\/zemunik_19092017_01.jpg","datePublished":"2017-09-19T15:01:23+00:00","dateModified":"2023-12-19T08:52:06+00:00","author":{"@id":"https:\/\/www.morh.hr\/en\/#\/schema\/person\/2d72e03399043d9513ab6bec75f2ce27"},"description":"Foto: MORH\/ T. Brandt","breadcrumb":{"@id":"https:\/\/www.morh.hr\/en\/fotogalerija-zahvala-zracnim-i-kopnenim-snagama-u-ime-cijele-hrvatske\/#breadcrumb"},"inLanguage":"en-US","potentialAction":[{"@type":"ReadAction","target":["https:\/\/www.morh.hr\/en\/fotogalerija-zahvala-zracnim-i-kopnenim-snagama-u-ime-cijele-hrvatske\/"]}]},{"@type":"ImageObject","inLanguage":"en-US","@id":"https:\/\/www.morh.hr\/en\/fotogalerija-zahvala-zracnim-i-kopnenim-snagama-u-ime-cijele-hrvatske\/#primaryimage","url":"https:\/\/www.morh.hr\/wp-content\/uploads\/2017\/10\/zemunik_19092017_01.jpg","contentUrl":"https:\/\/www.morh.hr\/wp-content\/uploads\/2017\/10\/zemunik_19092017_01.jpg","width":1200,"height":801,"caption":"Foto: MORH\/ T. Brandt"},{"@type":"BreadcrumbList","@id":"https:\/\/www.morh.hr\/en\/fotogalerija-zahvala-zracnim-i-kopnenim-snagama-u-ime-cijele-hrvatske\/#breadcrumb","itemListElement":[{"@type":"ListItem","position":1,"name":"Naslovnica","item":"https:\/\/www.morh.hr\/en\/"},{"@type":"ListItem","position":2,"name":"Multimedija","item":"https:\/\/www.morh.hr\/en\/kategorija\/multimedija-en\/"},{"@type":"ListItem","position":3,"name":"Fotogalerije","item":"https:\/\/www.morh.hr\/en\/kategorija\/multimedija-en\/fotogalerije-en\/"},{"@type":"ListItem","position":4,"name":"Fotogalerije: doga\u0111aji","item":"https:\/\/www.morh.hr\/en\/kategorija\/multimedija-en\/fotogalerije-en\/fotogalerije-dogadaji-en\/"},{"@type":"ListItem","position":5,"name":"Fotogalerija: Zahvala zra\u010dnim i kopnenim snagama u ime cijele Hrvatske"}]},{"@type":"WebSite","@id":"https:\/\/www.morh.hr\/en\/#website","url":"https:\/\/www.morh.hr\/en\/","name":"MORH","description":"Ministarstvo obrane Republike Hrvatske - slu\u017ebene stranice","potentialAction":[{"@type":"SearchAction","target":{"@type":"EntryPoint","urlTemplate":"https:\/\/www.morh.hr\/en\/?s={search_term_string}"},"query-input":{"@type":"PropertyValueSpecification","valueRequired":true,"valueName":"search_term_string"}}],"inLanguage":"en-US"},{"@type":"Person","@id":"https:\/\/www.morh.hr\/en\/#\/schema\/person\/2d72e03399043d9513ab6bec75f2ce27","name":"Drazen","image":{"@type":"ImageObject","inLanguage":"en-US","@id":"https:\/\/www.morh.hr\/en\/#\/schema\/person\/image\/","url":"https:\/\/secure.gravatar.com\/avatar\/e36ef7e573425ae72988c73df868c1e87a656b0e005ca4fd7d30d2ba7e49c9cf?s=96&d=mm&r=g","contentUrl":"https:\/\/secure.gravatar.com\/avatar\/e36ef7e573425ae72988c73df868c1e87a656b0e005ca4fd7d30d2ba7e49c9cf?s=96&d=mm&r=g","caption":"Drazen"}}]}},"_links":{"self":[{"href":"https:\/\/www.morh.hr\/en\/wp-json\/wp\/v2\/posts\/52832","targetHints":{"allow":["GET"]}}],"collection":[{"href":"https:\/\/www.morh.hr\/en\/wp-json\/wp\/v2\/posts"}],"about":[{"href":"https:\/\/www.morh.hr\/en\/wp-json\/wp\/v2\/types\/post"}],"author":[{"embeddable":true,"href":"https:\/\/www.morh.hr\/en\/wp-json\/wp\/v2\/users\/3"}],"replies":[{"embeddable":true,"href":"https:\/\/www.morh.hr\/en\/wp-json\/wp\/v2\/comments?post=52832"}],"version-history":[{"count":0,"href":"https:\/\/www.morh.hr\/en\/wp-json\/wp\/v2\/posts\/52832\/revisions"}],"wp:featuredmedia":[{"embeddable":true,"href":"https:\/\/www.morh.hr\/en\/wp-json\/wp\/v2\/media\/49193"}],"wp:attachment":[{"href":"https:\/\/www.morh.hr\/en\/wp-json\/wp\/v2\/media?parent=52832"}],"wp:term":[{"taxonomy":"category","embeddable":true,"href":"https:\/\/www.morh.hr\/en\/wp-json\/wp\/v2\/categories?post=52832"},{"taxonomy":"post_tag","embeddable":true,"href":"https:\/\/www.morh.hr\/en\/wp-json\/wp\/v2\/tags?post=52832"}],"curies":[{"name":"wp","href":"https:\/\/api.w.org\/{rel}","templated":true}]}}