{"id":52905,"date":"2017-07-19T09:16:23","date_gmt":"2017-07-19T07:16:23","guid":{"rendered":"https:\/\/www.morh.hr\/fotogalerija-pripadnici-os-rh-angazirani-na-pozaristima\/"},"modified":"2023-12-07T15:00:29","modified_gmt":"2023-12-07T14:00:29","slug":"fotogalerija-pripadnici-os-rh-angazirani-na-pozaristima","status":"publish","type":"post","link":"https:\/\/www.morh.hr\/en\/fotogalerija-pripadnici-os-rh-angazirani-na-pozaristima\/","title":{"rendered":"Fotogalerija: Pripadnici OS RH anga\u017eirani na po\u017eari\u0161tima"},"content":{"rendered":"<div class=\"morh-galleria\"><a href=\"https:\/\/live.staticflickr.com\/65535\/53382044730_4f7539178c_h.jpg\" title=\"Pripadnici OS RH anga\u017eirani na po\u017eari\u0161tima\"><img decoding=\"async\" data-title=\"Pripadnici OS RH anga\u017eirani na po\u017eari\u0161tima\" data-description=\"Zra\u010dne snage Protupo\u017earnih namjenski organiziranih snaga Oru\u017eanih snaga RH (PP NOS OS RH) iz sastava 93. zrakoplovne baze Hrvatskog ratnog zrakoplovstva i protuzra\u010dne obrane (HRZ i PZO) iz vojarne &quot;Pukovnik Mirko Vuku\u0161i\u0107&quot; iz Zemunika u srijedu, 19. srpnja 2017. su na po\u017eari\u0161tima kod Splita | Foto: MORH\/ T. Brandt\" alt=\"Pripadnici OS RH anga\u017eirani na po\u017eari\u0161tima\" src=\"https:\/\/live.staticflickr.com\/65535\/53382044730_4f7539178c_h.jpg\" data-layer=\"&lt;div class=&#039;morh-gallery-image-download&#039;&gt;&lt;a href=&#039;https:\/\/live.staticflickr.com\/65535\/53382044730_d3f835dbcd_o.jpg&#039; target=&#039;_blank&#039;&gt;Slika za preuzimanje&lt;\/a&gt;&lt;\/div&gt;\" \/><\/a><a href=\"https:\/\/live.staticflickr.com\/65535\/53381605211_e33a29e40d_h.jpg\" title=\"Pripadnici OS RH anga\u017eirani na po\u017eari\u0161tima\"><img decoding=\"async\" data-title=\"Pripadnici OS RH anga\u017eirani na po\u017eari\u0161tima\" data-description=\"Zra\u010dne snage Protupo\u017earnih namjenski organiziranih snaga Oru\u017eanih snaga RH (PP NOS OS RH) iz sastava 93. zrakoplovne baze Hrvatskog ratnog zrakoplovstva i protuzra\u010dne obrane (HRZ i PZO) iz vojarne &quot;Pukovnik Mirko Vuku\u0161i\u0107&quot; iz Zemunika u srijedu, 19. srpnja 2017. su na po\u017eari\u0161tima kod Splita | Foto: MORH\/ T. Brandt\" alt=\"Pripadnici OS RH anga\u017eirani na po\u017eari\u0161tima\" src=\"https:\/\/live.staticflickr.com\/65535\/53381605211_e33a29e40d_h.jpg\" data-layer=\"&lt;div class=&#039;morh-gallery-image-download&#039;&gt;&lt;a href=&#039;https:\/\/live.staticflickr.com\/65535\/53381605211_06519c5317_o.jpg&#039; target=&#039;_blank&#039;&gt;Slika za preuzimanje&lt;\/a&gt;&lt;\/div&gt;\" \/><\/a><a href=\"https:\/\/live.staticflickr.com\/65535\/53381925574_dc750c81c7_h.jpg\" title=\"Pripadnici OS RH anga\u017eirani na po\u017eari\u0161tima\"><img decoding=\"async\" data-title=\"Pripadnici OS RH anga\u017eirani na po\u017eari\u0161tima\" data-description=\"Zra\u010dne snage Protupo\u017earnih namjenski organiziranih snaga Oru\u017eanih snaga RH (PP NOS OS RH) iz sastava 93. zrakoplovne baze Hrvatskog ratnog zrakoplovstva i protuzra\u010dne obrane (HRZ i PZO) iz vojarne &quot;Pukovnik Mirko Vuku\u0161i\u0107&quot; iz Zemunika u srijedu, 19. srpnja 2017. su na po\u017eari\u0161tima kod Splita | Foto: MORH\/ T. Brandt\" alt=\"Pripadnici OS RH anga\u017eirani na po\u017eari\u0161tima\" src=\"https:\/\/live.staticflickr.com\/65535\/53381925574_dc750c81c7_h.jpg\" data-layer=\"&lt;div class=&#039;morh-gallery-image-download&#039;&gt;&lt;a href=&#039;https:\/\/live.staticflickr.com\/65535\/53381925574_5740b82f8f_o.jpg&#039; target=&#039;_blank&#039;&gt;Slika za preuzimanje&lt;\/a&gt;&lt;\/div&gt;\" \/><\/a><a href=\"https:\/\/live.staticflickr.com\/65535\/53382044720_9263828157_h.jpg\" title=\"Pripadnici OS RH anga\u017eirani na po\u017eari\u0161tima\"><img decoding=\"async\" data-title=\"Pripadnici OS RH anga\u017eirani na po\u017eari\u0161tima\" data-description=\"Zra\u010dne snage Protupo\u017earnih namjenski organiziranih snaga Oru\u017eanih snaga RH (PP NOS OS RH) iz sastava 93. zrakoplovne baze Hrvatskog ratnog zrakoplovstva i protuzra\u010dne obrane (HRZ i PZO) iz vojarne &quot;Pukovnik Mirko Vuku\u0161i\u0107&quot; iz Zemunika u srijedu, 19. srpnja 2017. su na po\u017eari\u0161tima kod Splita | Foto: MORH\/ T. Brandt\" alt=\"Pripadnici OS RH anga\u017eirani na po\u017eari\u0161tima\" src=\"https:\/\/live.staticflickr.com\/65535\/53382044720_9263828157_h.jpg\" data-layer=\"&lt;div class=&#039;morh-gallery-image-download&#039;&gt;&lt;a href=&#039;https:\/\/live.staticflickr.com\/65535\/53382044720_e763e2cd50_o.jpg&#039; target=&#039;_blank&#039;&gt;Slika za preuzimanje&lt;\/a&gt;&lt;\/div&gt;\" \/><\/a><a href=\"https:\/\/live.staticflickr.com\/65535\/53382044670_8839869b1d_h.jpg\" title=\"Pripadnici OS RH anga\u017eirani na po\u017eari\u0161tima\"><img decoding=\"async\" data-title=\"Pripadnici OS RH anga\u017eirani na po\u017eari\u0161tima\" data-description=\"Zra\u010dne snage Protupo\u017earnih namjenski organiziranih snaga Oru\u017eanih snaga RH (PP NOS OS RH) iz sastava 93. zrakoplovne baze Hrvatskog ratnog zrakoplovstva i protuzra\u010dne obrane (HRZ i PZO) iz vojarne &quot;Pukovnik Mirko Vuku\u0161i\u0107&quot; iz Zemunika u srijedu, 19. srpnja 2017. su na po\u017eari\u0161tima kod Splita | Foto: MORH\/ T. Brandt\" alt=\"Pripadnici OS RH anga\u017eirani na po\u017eari\u0161tima\" src=\"https:\/\/live.staticflickr.com\/65535\/53382044670_8839869b1d_h.jpg\" data-layer=\"&lt;div class=&#039;morh-gallery-image-download&#039;&gt;&lt;a href=&#039;https:\/\/live.staticflickr.com\/65535\/53382044670_cbcaa26d55_o.jpg&#039; target=&#039;_blank&#039;&gt;Slika za preuzimanje&lt;\/a&gt;&lt;\/div&gt;\" \/><\/a><a href=\"https:\/\/live.staticflickr.com\/65535\/53381925544_d948768e3d_h.jpg\" title=\"Pripadnici OS RH anga\u017eirani na po\u017eari\u0161tima\"><img decoding=\"async\" data-title=\"Pripadnici OS RH anga\u017eirani na po\u017eari\u0161tima\" data-description=\"Zra\u010dne snage Protupo\u017earnih namjenski organiziranih snaga Oru\u017eanih snaga RH (PP NOS OS RH) iz sastava 93. zrakoplovne baze Hrvatskog ratnog zrakoplovstva i protuzra\u010dne obrane (HRZ i PZO) iz vojarne &quot;Pukovnik Mirko Vuku\u0161i\u0107&quot; iz Zemunika u srijedu, 19. srpnja 2017. su na po\u017eari\u0161tima kod Splita | Foto: MORH\/ T. Brandt\" alt=\"Pripadnici OS RH anga\u017eirani na po\u017eari\u0161tima\" src=\"https:\/\/live.staticflickr.com\/65535\/53381925544_d948768e3d_h.jpg\" data-layer=\"&lt;div class=&#039;morh-gallery-image-download&#039;&gt;&lt;a href=&#039;https:\/\/live.staticflickr.com\/65535\/53381925544_8fdfcf67a7_o.jpg&#039; target=&#039;_blank&#039;&gt;Slika za preuzimanje&lt;\/a&gt;&lt;\/div&gt;\" \/><\/a><a href=\"https:\/\/live.staticflickr.com\/65535\/53381782423_67ba92413d_h.jpg\" title=\"Pripadnici OS RH anga\u017eirani na po\u017eari\u0161tima\"><img decoding=\"async\" data-title=\"Pripadnici OS RH anga\u017eirani na po\u017eari\u0161tima\" data-description=\"Zra\u010dne snage Protupo\u017earnih namjenski organiziranih snaga Oru\u017eanih snaga RH (PP NOS OS RH) iz sastava 93. zrakoplovne baze Hrvatskog ratnog zrakoplovstva i protuzra\u010dne obrane (HRZ i PZO) iz vojarne &quot;Pukovnik Mirko Vuku\u0161i\u0107&quot; iz Zemunika u srijedu, 19. srpnja 2017. su na po\u017eari\u0161tima kod Splita | Foto: MORH\/ T. Brandt\" alt=\"Pripadnici OS RH anga\u017eirani na po\u017eari\u0161tima\" src=\"https:\/\/live.staticflickr.com\/65535\/53381782423_67ba92413d_h.jpg\" data-layer=\"&lt;div class=&#039;morh-gallery-image-download&#039;&gt;&lt;a href=&#039;https:\/\/live.staticflickr.com\/65535\/53381782423_1733db13a2_o.jpg&#039; target=&#039;_blank&#039;&gt;Slika za preuzimanje&lt;\/a&gt;&lt;\/div&gt;\" \/><\/a><a href=\"https:\/\/live.staticflickr.com\/65535\/53382044570_57dff362e1_h.jpg\" title=\"Pripadnici OS RH anga\u017eirani na po\u017eari\u0161tima\"><img decoding=\"async\" data-title=\"Pripadnici OS RH anga\u017eirani na po\u017eari\u0161tima\" data-description=\"Zra\u010dne snage Protupo\u017earnih namjenski organiziranih snaga Oru\u017eanih snaga RH (PP NOS OS RH) iz sastava 93. zrakoplovne baze Hrvatskog ratnog zrakoplovstva i protuzra\u010dne obrane (HRZ i PZO) iz vojarne &quot;Pukovnik Mirko Vuku\u0161i\u0107&quot; iz Zemunika u srijedu, 19. srpnja 2017. su na po\u017eari\u0161tima kod Splita | Foto: MORH\/ T. Brandt\" alt=\"Pripadnici OS RH anga\u017eirani na po\u017eari\u0161tima\" src=\"https:\/\/live.staticflickr.com\/65535\/53382044570_57dff362e1_h.jpg\" data-layer=\"&lt;div class=&#039;morh-gallery-image-download&#039;&gt;&lt;a href=&#039;https:\/\/live.staticflickr.com\/65535\/53382044570_134e37a85b_o.jpg&#039; target=&#039;_blank&#039;&gt;Slika za preuzimanje&lt;\/a&gt;&lt;\/div&gt;\" \/><\/a><a href=\"https:\/\/live.staticflickr.com\/65535\/53380685592_31cf437554_h.jpg\" title=\"Pripadnici OS RH anga\u017eirani na po\u017eari\u0161tima\"><img decoding=\"async\" data-title=\"Pripadnici OS RH anga\u017eirani na po\u017eari\u0161tima\" data-description=\"Zra\u010dne snage Protupo\u017earnih namjenski organiziranih snaga Oru\u017eanih snaga RH (PP NOS OS RH) iz sastava 93. zrakoplovne baze Hrvatskog ratnog zrakoplovstva i protuzra\u010dne obrane (HRZ i PZO) iz vojarne &quot;Pukovnik Mirko Vuku\u0161i\u0107&quot; iz Zemunika u srijedu, 19. srpnja 2017. su na po\u017eari\u0161tima kod Splita | Foto: MORH\/ T. Brandt\" alt=\"Pripadnici OS RH anga\u017eirani na po\u017eari\u0161tima\" src=\"https:\/\/live.staticflickr.com\/65535\/53380685592_31cf437554_h.jpg\" data-layer=\"&lt;div class=&#039;morh-gallery-image-download&#039;&gt;&lt;a href=&#039;https:\/\/live.staticflickr.com\/65535\/53380685592_429659b34e_o.jpg&#039; target=&#039;_blank&#039;&gt;Slika za preuzimanje&lt;\/a&gt;&lt;\/div&gt;\" \/><\/a><a href=\"https:\/\/live.staticflickr.com\/65535\/53381605136_62f3417016_h.jpg\" title=\"Pripadnici OS RH anga\u017eirani na po\u017eari\u0161tima\"><img decoding=\"async\" data-title=\"Pripadnici OS RH anga\u017eirani na po\u017eari\u0161tima\" data-description=\"Zra\u010dne snage Protupo\u017earnih namjenski organiziranih snaga Oru\u017eanih snaga RH (PP NOS OS RH) iz sastava 93. zrakoplovne baze Hrvatskog ratnog zrakoplovstva i protuzra\u010dne obrane (HRZ i PZO) iz vojarne &quot;Pukovnik Mirko Vuku\u0161i\u0107&quot; iz Zemunika u srijedu, 19. srpnja 2017. su na po\u017eari\u0161tima kod Splita | Foto: MORH\/ T. Brandt\" alt=\"Pripadnici OS RH anga\u017eirani na po\u017eari\u0161tima\" src=\"https:\/\/live.staticflickr.com\/65535\/53381605136_62f3417016_h.jpg\" data-layer=\"&lt;div class=&#039;morh-gallery-image-download&#039;&gt;&lt;a href=&#039;https:\/\/live.staticflickr.com\/65535\/53381605136_6270c9f44b_o.jpg&#039; target=&#039;_blank&#039;&gt;Slika za preuzimanje&lt;\/a&gt;&lt;\/div&gt;\" \/><\/a><a href=\"https:\/\/live.staticflickr.com\/65535\/53380685682_7f966741d7_h.jpg\" title=\"Pripadnici OS RH anga\u017eirani na po\u017eari\u0161tima\"><img decoding=\"async\" data-title=\"Pripadnici OS RH anga\u017eirani na po\u017eari\u0161tima\" data-description=\"Zra\u010dne snage Protupo\u017earnih namjenski organiziranih snaga Oru\u017eanih snaga RH (PP NOS OS RH) iz sastava 93. zrakoplovne baze Hrvatskog ratnog zrakoplovstva i protuzra\u010dne obrane (HRZ i PZO) iz vojarne &quot;Pukovnik Mirko Vuku\u0161i\u0107&quot; iz Zemunika u srijedu, 19. srpnja 2017. su na po\u017eari\u0161tima kod Splita | Foto: MORH\/ T. Brandt\" alt=\"Pripadnici OS RH anga\u017eirani na po\u017eari\u0161tima\" src=\"https:\/\/live.staticflickr.com\/65535\/53380685682_7f966741d7_h.jpg\" data-layer=\"&lt;div class=&#039;morh-gallery-image-download&#039;&gt;&lt;a href=&#039;https:\/\/live.staticflickr.com\/65535\/53380685682_6c4fdb4fc9_o.jpg&#039; target=&#039;_blank&#039;&gt;Slika za preuzimanje&lt;\/a&gt;&lt;\/div&gt;\" \/><\/a><a href=\"https:\/\/live.staticflickr.com\/65535\/53381925489_9f557656bb_h.jpg\" title=\"Pripadnici OS RH anga\u017eirani na po\u017eari\u0161tima\"><img decoding=\"async\" data-title=\"Pripadnici OS RH anga\u017eirani na po\u017eari\u0161tima\" data-description=\"Zra\u010dne snage Protupo\u017earnih namjenski organiziranih snaga Oru\u017eanih snaga RH (PP NOS OS RH) iz sastava 93. zrakoplovne baze Hrvatskog ratnog zrakoplovstva i protuzra\u010dne obrane (HRZ i PZO) iz vojarne &quot;Pukovnik Mirko Vuku\u0161i\u0107&quot; iz Zemunika u srijedu, 19. srpnja 2017. su na po\u017eari\u0161tima kod Splita | Foto: MORH\/ T. Brandt\" alt=\"Pripadnici OS RH anga\u017eirani na po\u017eari\u0161tima\" src=\"https:\/\/live.staticflickr.com\/65535\/53381925489_9f557656bb_h.jpg\" data-layer=\"&lt;div class=&#039;morh-gallery-image-download&#039;&gt;&lt;a href=&#039;https:\/\/live.staticflickr.com\/65535\/53381925489_5636ff0870_o.jpg&#039; target=&#039;_blank&#039;&gt;Slika za preuzimanje&lt;\/a&gt;&lt;\/div&gt;\" \/><\/a><a href=\"https:\/\/live.staticflickr.com\/65535\/53382044650_61654faa93_h.jpg\" title=\"Pripadnici OS RH anga\u017eirani na po\u017eari\u0161tima\"><img decoding=\"async\" data-title=\"Pripadnici OS RH anga\u017eirani na po\u017eari\u0161tima\" data-description=\"Zra\u010dne snage Protupo\u017earnih namjenski organiziranih snaga Oru\u017eanih snaga RH (PP NOS OS RH) iz sastava 93. zrakoplovne baze Hrvatskog ratnog zrakoplovstva i protuzra\u010dne obrane (HRZ i PZO) iz vojarne &quot;Pukovnik Mirko Vuku\u0161i\u0107&quot; iz Zemunika u srijedu, 19. srpnja 2017. su na po\u017eari\u0161tima kod Splita | Foto: MORH\/ T. Brandt\" alt=\"Pripadnici OS RH anga\u017eirani na po\u017eari\u0161tima\" src=\"https:\/\/live.staticflickr.com\/65535\/53382044650_61654faa93_h.jpg\" data-layer=\"&lt;div class=&#039;morh-gallery-image-download&#039;&gt;&lt;a href=&#039;https:\/\/live.staticflickr.com\/65535\/53382044650_9e9535af28_o.jpg&#039; target=&#039;_blank&#039;&gt;Slika za preuzimanje&lt;\/a&gt;&lt;\/div&gt;\" \/><\/a><a href=\"https:\/\/live.staticflickr.com\/65535\/53381925479_80c6298180_h.jpg\" title=\"Pripadnici OS RH anga\u017eirani na po\u017eari\u0161tima\"><img decoding=\"async\" data-title=\"Pripadnici OS RH anga\u017eirani na po\u017eari\u0161tima\" data-description=\"Zra\u010dne snage Protupo\u017earnih namjenski organiziranih snaga Oru\u017eanih snaga RH (PP NOS OS RH) iz sastava 93. zrakoplovne baze Hrvatskog ratnog zrakoplovstva i protuzra\u010dne obrane (HRZ i PZO) iz vojarne &quot;Pukovnik Mirko Vuku\u0161i\u0107&quot; iz Zemunika u srijedu, 19. srpnja 2017. su na po\u017eari\u0161tima kod Splita | Foto: MORH\/ T. Brandt\" alt=\"Pripadnici OS RH anga\u017eirani na po\u017eari\u0161tima\" src=\"https:\/\/live.staticflickr.com\/65535\/53381925479_80c6298180_h.jpg\" data-layer=\"&lt;div class=&#039;morh-gallery-image-download&#039;&gt;&lt;a href=&#039;https:\/\/live.staticflickr.com\/65535\/53381925479_a29b2b716e_o.jpg&#039; target=&#039;_blank&#039;&gt;Slika za preuzimanje&lt;\/a&gt;&lt;\/div&gt;\" \/><\/a><a href=\"https:\/\/live.staticflickr.com\/65535\/53380685607_bef2bc7d76_h.jpg\" title=\"Pripadnici OS RH anga\u017eirani na po\u017eari\u0161tima\"><img decoding=\"async\" data-title=\"Pripadnici OS RH anga\u017eirani na po\u017eari\u0161tima\" data-description=\"Zra\u010dne snage Protupo\u017earnih namjenski organiziranih snaga Oru\u017eanih snaga RH (PP NOS OS RH) iz sastava 93. zrakoplovne baze Hrvatskog ratnog zrakoplovstva i protuzra\u010dne obrane (HRZ i PZO) iz vojarne &quot;Pukovnik Mirko Vuku\u0161i\u0107&quot; iz Zemunika u srijedu, 19. srpnja 2017. su na po\u017eari\u0161tima kod Splita | Foto: MORH\/ T. Brandt\" alt=\"Pripadnici OS RH anga\u017eirani na po\u017eari\u0161tima\" src=\"https:\/\/live.staticflickr.com\/65535\/53380685607_bef2bc7d76_h.jpg\" data-layer=\"&lt;div class=&#039;morh-gallery-image-download&#039;&gt;&lt;a href=&#039;https:\/\/live.staticflickr.com\/65535\/53380685607_0bc88ec0a1_o.jpg&#039; target=&#039;_blank&#039;&gt;Slika za preuzimanje&lt;\/a&gt;&lt;\/div&gt;\" \/><\/a><a href=\"https:\/\/live.staticflickr.com\/65535\/53380685567_58d8f5d0a0_h.jpg\" title=\"Pripadnici OS RH anga\u017eirani na po\u017eari\u0161tima\"><img decoding=\"async\" data-title=\"Pripadnici OS RH anga\u017eirani na po\u017eari\u0161tima\" data-description=\"Zra\u010dne snage Protupo\u017earnih namjenski organiziranih snaga Oru\u017eanih snaga RH (PP NOS OS RH) iz sastava 93. zrakoplovne baze Hrvatskog ratnog zrakoplovstva i protuzra\u010dne obrane (HRZ i PZO) iz vojarne &quot;Pukovnik Mirko Vuku\u0161i\u0107&quot; iz Zemunika u srijedu, 19. srpnja 2017. su na po\u017eari\u0161tima kod Splita | Foto: MORH\/ T. Brandt\" alt=\"Pripadnici OS RH anga\u017eirani na po\u017eari\u0161tima\" src=\"https:\/\/live.staticflickr.com\/65535\/53380685567_58d8f5d0a0_h.jpg\" data-layer=\"&lt;div class=&#039;morh-gallery-image-download&#039;&gt;&lt;a href=&#039;https:\/\/live.staticflickr.com\/65535\/53380685567_582619cf02_o.jpg&#039; target=&#039;_blank&#039;&gt;Slika za preuzimanje&lt;\/a&gt;&lt;\/div&gt;\" \/><\/a><a href=\"https:\/\/live.staticflickr.com\/65535\/53381782418_8cdc5821cb_h.jpg\" title=\"Pripadnici OS RH anga\u017eirani na po\u017eari\u0161tima\"><img decoding=\"async\" data-title=\"Pripadnici OS RH anga\u017eirani na po\u017eari\u0161tima\" data-description=\"Zra\u010dne snage Protupo\u017earnih namjenski organiziranih snaga Oru\u017eanih snaga RH (PP NOS OS RH) iz sastava 93. zrakoplovne baze Hrvatskog ratnog zrakoplovstva i protuzra\u010dne obrane (HRZ i PZO) iz vojarne &quot;Pukovnik Mirko Vuku\u0161i\u0107&quot; iz Zemunika u srijedu, 19. srpnja 2017. su na po\u017eari\u0161tima kod Splita | Foto: MORH\/ T. Brandt\" alt=\"Pripadnici OS RH anga\u017eirani na po\u017eari\u0161tima\" src=\"https:\/\/live.staticflickr.com\/65535\/53381782418_8cdc5821cb_h.jpg\" data-layer=\"&lt;div class=&#039;morh-gallery-image-download&#039;&gt;&lt;a href=&#039;https:\/\/live.staticflickr.com\/65535\/53381782418_2f6fc6c7fb_o.jpg&#039; target=&#039;_blank&#039;&gt;Slika za preuzimanje&lt;\/a&gt;&lt;\/div&gt;\" \/><\/a><a href=\"https:\/\/live.staticflickr.com\/65535\/53382044545_ce57ffbb1b_h.jpg\" title=\"Pripadnici OS RH anga\u017eirani na po\u017eari\u0161tima\"><img decoding=\"async\" data-title=\"Pripadnici OS RH anga\u017eirani na po\u017eari\u0161tima\" data-description=\"Zra\u010dne snage Protupo\u017earnih namjenski organiziranih snaga Oru\u017eanih snaga RH (PP NOS OS RH) iz sastava 93. zrakoplovne baze Hrvatskog ratnog zrakoplovstva i protuzra\u010dne obrane (HRZ i PZO) iz vojarne &quot;Pukovnik Mirko Vuku\u0161i\u0107&quot; iz Zemunika u srijedu, 19. srpnja 2017. su na po\u017eari\u0161tima kod Splita | Foto: MORH\/ T. Brandt\" alt=\"Pripadnici OS RH anga\u017eirani na po\u017eari\u0161tima\" src=\"https:\/\/live.staticflickr.com\/65535\/53382044545_ce57ffbb1b_h.jpg\" data-layer=\"&lt;div class=&#039;morh-gallery-image-download&#039;&gt;&lt;a href=&#039;https:\/\/live.staticflickr.com\/65535\/53382044545_deac462f7e_o.jpg&#039; target=&#039;_blank&#039;&gt;Slika za preuzimanje&lt;\/a&gt;&lt;\/div&gt;\" \/><\/a><a href=\"https:\/\/live.staticflickr.com\/65535\/53382044530_514614c8f2_h.jpg\" title=\"Pripadnici OS RH anga\u017eirani na po\u017eari\u0161tima\"><img decoding=\"async\" data-title=\"Pripadnici OS RH anga\u017eirani na po\u017eari\u0161tima\" data-description=\"Zra\u010dne snage Protupo\u017earnih namjenski organiziranih snaga Oru\u017eanih snaga RH (PP NOS OS RH) iz sastava 93. zrakoplovne baze Hrvatskog ratnog zrakoplovstva i protuzra\u010dne obrane (HRZ i PZO) iz vojarne &quot;Pukovnik Mirko Vuku\u0161i\u0107&quot; iz Zemunika u srijedu, 19. srpnja 2017. su na po\u017eari\u0161tima kod Splita | Foto: MORH\/ T. Brandt\" alt=\"Pripadnici OS RH anga\u017eirani na po\u017eari\u0161tima\" src=\"https:\/\/live.staticflickr.com\/65535\/53382044530_514614c8f2_h.jpg\" data-layer=\"&lt;div class=&#039;morh-gallery-image-download&#039;&gt;&lt;a href=&#039;https:\/\/live.staticflickr.com\/65535\/53382044530_c54c422792_o.jpg&#039; target=&#039;_blank&#039;&gt;Slika za preuzimanje&lt;\/a&gt;&lt;\/div&gt;\" \/><\/a><\/div><!--\/.morh-galleria -->\n","protected":false},"excerpt":{"rendered":"<p>Foto: MORH\/ T. Brandt<\/p>\n","protected":false},"author":3,"featured_media":50142,"comment_status":"closed","ping_status":"closed","sticky":false,"template":"","format":"standard","meta":{"_acf_changed":false,"_monsterinsights_skip_tracking":false,"_monsterinsights_sitenote_active":false,"_monsterinsights_sitenote_note":"","_monsterinsights_sitenote_category":0,"footnotes":""},"categories":[334],"tags":[],"class_list":["post-52905","post","type-post","status-publish","format-standard","has-post-thumbnail","hentry","category-fotogalerije-protupozarna-sezona-en"],"acf":[],"yoast_head":"<!-- This site is optimized with the Yoast SEO plugin v26.9 - https:\/\/yoast.com\/product\/yoast-seo-wordpress\/ -->\n<title>Fotogalerija: Pripadnici OS RH anga\u017eirani na po\u017eari\u0161tima - MORH<\/title>\n<meta name=\"description\" content=\"Foto: MORH\/ T. Brandt\" \/>\n<meta name=\"robots\" content=\"index, follow, max-snippet:-1, max-image-preview:large, max-video-preview:-1\" \/>\n<link rel=\"canonical\" href=\"https:\/\/www.morh.hr\/en\/fotogalerija-pripadnici-os-rh-angazirani-na-pozaristima\/\" \/>\n<meta property=\"og:locale\" content=\"en_US\" \/>\n<meta property=\"og:type\" content=\"article\" \/>\n<meta property=\"og:title\" content=\"Fotogalerija: Pripadnici OS RH anga\u017eirani na po\u017eari\u0161tima - MORH\" \/>\n<meta property=\"og:description\" content=\"Foto: MORH\/ T. Brandt\" \/>\n<meta property=\"og:url\" content=\"https:\/\/www.morh.hr\/en\/fotogalerija-pripadnici-os-rh-angazirani-na-pozaristima\/\" \/>\n<meta property=\"og:site_name\" content=\"MORH\" \/>\n<meta property=\"article:publisher\" content=\"https:\/\/www.facebook.com\/sportasiuhrvatskojvojsci\/\" \/>\n<meta property=\"article:published_time\" content=\"2017-07-19T07:16:23+00:00\" \/>\n<meta property=\"article:modified_time\" content=\"2023-12-07T14:00:29+00:00\" \/>\n<meta property=\"og:image\" content=\"https:\/\/www.morh.hr\/wp-content\/uploads\/2017\/10\/pps-hv_19072017_01.jpg\" \/>\n\t<meta property=\"og:image:width\" content=\"1600\" \/>\n\t<meta property=\"og:image:height\" content=\"1068\" \/>\n\t<meta property=\"og:image:type\" content=\"image\/jpeg\" \/>\n<meta name=\"author\" content=\"Drazen\" \/>\n<meta name=\"twitter:card\" content=\"summary_large_image\" \/>\n<meta name=\"twitter:creator\" content=\"@morh_osrh\" \/>\n<meta name=\"twitter:site\" content=\"@morh_osrh\" \/>\n<meta name=\"twitter:label1\" content=\"Written by\" \/>\n\t<meta name=\"twitter:data1\" content=\"Drazen\" \/>\n\t<meta name=\"twitter:label2\" content=\"Est. reading time\" \/>\n\t<meta name=\"twitter:data2\" content=\"1 minute\" \/>\n<script type=\"application\/ld+json\" class=\"yoast-schema-graph\">{\"@context\":\"https:\/\/schema.org\",\"@graph\":[{\"@type\":\"Article\",\"@id\":\"https:\/\/www.morh.hr\/en\/fotogalerija-pripadnici-os-rh-angazirani-na-pozaristima\/#article\",\"isPartOf\":{\"@id\":\"https:\/\/www.morh.hr\/en\/fotogalerija-pripadnici-os-rh-angazirani-na-pozaristima\/\"},\"author\":{\"name\":\"Drazen\",\"@id\":\"https:\/\/www.morh.hr\/en\/#\/schema\/person\/2d72e03399043d9513ab6bec75f2ce27\"},\"headline\":\"Fotogalerija: Pripadnici OS RH anga\u017eirani na po\u017eari\u0161tima\",\"datePublished\":\"2017-07-19T07:16:23+00:00\",\"dateModified\":\"2023-12-07T14:00:29+00:00\",\"mainEntityOfPage\":{\"@id\":\"https:\/\/www.morh.hr\/en\/fotogalerija-pripadnici-os-rh-angazirani-na-pozaristima\/\"},\"wordCount\":19,\"image\":{\"@id\":\"https:\/\/www.morh.hr\/en\/fotogalerija-pripadnici-os-rh-angazirani-na-pozaristima\/#primaryimage\"},\"thumbnailUrl\":\"https:\/\/www.morh.hr\/wp-content\/uploads\/2017\/10\/pps-hv_19072017_01.jpg\",\"articleSection\":[\"Fotogalerije: protupo\u017earna sezona\"],\"inLanguage\":\"en-US\"},{\"@type\":\"WebPage\",\"@id\":\"https:\/\/www.morh.hr\/en\/fotogalerija-pripadnici-os-rh-angazirani-na-pozaristima\/\",\"url\":\"https:\/\/www.morh.hr\/en\/fotogalerija-pripadnici-os-rh-angazirani-na-pozaristima\/\",\"name\":\"Fotogalerija: Pripadnici OS RH anga\u017eirani na po\u017eari\u0161tima - MORH\",\"isPartOf\":{\"@id\":\"https:\/\/www.morh.hr\/en\/#website\"},\"primaryImageOfPage\":{\"@id\":\"https:\/\/www.morh.hr\/en\/fotogalerija-pripadnici-os-rh-angazirani-na-pozaristima\/#primaryimage\"},\"image\":{\"@id\":\"https:\/\/www.morh.hr\/en\/fotogalerija-pripadnici-os-rh-angazirani-na-pozaristima\/#primaryimage\"},\"thumbnailUrl\":\"https:\/\/www.morh.hr\/wp-content\/uploads\/2017\/10\/pps-hv_19072017_01.jpg\",\"datePublished\":\"2017-07-19T07:16:23+00:00\",\"dateModified\":\"2023-12-07T14:00:29+00:00\",\"author\":{\"@id\":\"https:\/\/www.morh.hr\/en\/#\/schema\/person\/2d72e03399043d9513ab6bec75f2ce27\"},\"description\":\"Foto: MORH\/ T. Brandt\",\"breadcrumb\":{\"@id\":\"https:\/\/www.morh.hr\/en\/fotogalerija-pripadnici-os-rh-angazirani-na-pozaristima\/#breadcrumb\"},\"inLanguage\":\"en-US\",\"potentialAction\":[{\"@type\":\"ReadAction\",\"target\":[\"https:\/\/www.morh.hr\/en\/fotogalerija-pripadnici-os-rh-angazirani-na-pozaristima\/\"]}]},{\"@type\":\"ImageObject\",\"inLanguage\":\"en-US\",\"@id\":\"https:\/\/www.morh.hr\/en\/fotogalerija-pripadnici-os-rh-angazirani-na-pozaristima\/#primaryimage\",\"url\":\"https:\/\/www.morh.hr\/wp-content\/uploads\/2017\/10\/pps-hv_19072017_01.jpg\",\"contentUrl\":\"https:\/\/www.morh.hr\/wp-content\/uploads\/2017\/10\/pps-hv_19072017_01.jpg\",\"width\":1600,\"height\":1068},{\"@type\":\"BreadcrumbList\",\"@id\":\"https:\/\/www.morh.hr\/en\/fotogalerija-pripadnici-os-rh-angazirani-na-pozaristima\/#breadcrumb\",\"itemListElement\":[{\"@type\":\"ListItem\",\"position\":1,\"name\":\"Naslovnica\",\"item\":\"https:\/\/www.morh.hr\/en\/\"},{\"@type\":\"ListItem\",\"position\":2,\"name\":\"Multimedija\",\"item\":\"https:\/\/www.morh.hr\/en\/kategorija\/multimedija-en\/\"},{\"@type\":\"ListItem\",\"position\":3,\"name\":\"Fotogalerije\",\"item\":\"https:\/\/www.morh.hr\/en\/kategorija\/multimedija-en\/fotogalerije-en\/\"},{\"@type\":\"ListItem\",\"position\":4,\"name\":\"Fotogalerije: protupo\u017earna sezona\",\"item\":\"https:\/\/www.morh.hr\/en\/kategorija\/multimedija-en\/fotogalerije-en\/fotogalerije-protupozarna-sezona-en\/\"},{\"@type\":\"ListItem\",\"position\":5,\"name\":\"Fotogalerija: Pripadnici OS RH anga\u017eirani na po\u017eari\u0161tima\"}]},{\"@type\":\"WebSite\",\"@id\":\"https:\/\/www.morh.hr\/en\/#website\",\"url\":\"https:\/\/www.morh.hr\/en\/\",\"name\":\"MORH\",\"description\":\"Ministarstvo obrane Republike Hrvatske - slu\u017ebene stranice\",\"potentialAction\":[{\"@type\":\"SearchAction\",\"target\":{\"@type\":\"EntryPoint\",\"urlTemplate\":\"https:\/\/www.morh.hr\/en\/?s={search_term_string}\"},\"query-input\":{\"@type\":\"PropertyValueSpecification\",\"valueRequired\":true,\"valueName\":\"search_term_string\"}}],\"inLanguage\":\"en-US\"},{\"@type\":\"Person\",\"@id\":\"https:\/\/www.morh.hr\/en\/#\/schema\/person\/2d72e03399043d9513ab6bec75f2ce27\",\"name\":\"Drazen\",\"image\":{\"@type\":\"ImageObject\",\"inLanguage\":\"en-US\",\"@id\":\"https:\/\/www.morh.hr\/en\/#\/schema\/person\/image\/\",\"url\":\"https:\/\/secure.gravatar.com\/avatar\/e36ef7e573425ae72988c73df868c1e87a656b0e005ca4fd7d30d2ba7e49c9cf?s=96&d=mm&r=g\",\"contentUrl\":\"https:\/\/secure.gravatar.com\/avatar\/e36ef7e573425ae72988c73df868c1e87a656b0e005ca4fd7d30d2ba7e49c9cf?s=96&d=mm&r=g\",\"caption\":\"Drazen\"}}]}<\/script>\n<!-- \/ Yoast SEO plugin. -->","yoast_head_json":{"title":"Fotogalerija: Pripadnici OS RH anga\u017eirani na po\u017eari\u0161tima - MORH","description":"Foto: MORH\/ T. Brandt","robots":{"index":"index","follow":"follow","max-snippet":"max-snippet:-1","max-image-preview":"max-image-preview:large","max-video-preview":"max-video-preview:-1"},"canonical":"https:\/\/www.morh.hr\/en\/fotogalerija-pripadnici-os-rh-angazirani-na-pozaristima\/","og_locale":"en_US","og_type":"article","og_title":"Fotogalerija: Pripadnici OS RH anga\u017eirani na po\u017eari\u0161tima - MORH","og_description":"Foto: MORH\/ T. Brandt","og_url":"https:\/\/www.morh.hr\/en\/fotogalerija-pripadnici-os-rh-angazirani-na-pozaristima\/","og_site_name":"MORH","article_publisher":"https:\/\/www.facebook.com\/sportasiuhrvatskojvojsci\/","article_published_time":"2017-07-19T07:16:23+00:00","article_modified_time":"2023-12-07T14:00:29+00:00","og_image":[{"width":1600,"height":1068,"url":"https:\/\/www.morh.hr\/wp-content\/uploads\/2017\/10\/pps-hv_19072017_01.jpg","type":"image\/jpeg"}],"author":"Drazen","twitter_card":"summary_large_image","twitter_creator":"@morh_osrh","twitter_site":"@morh_osrh","twitter_misc":{"Written by":"Drazen","Est. reading time":"1 minute"},"schema":{"@context":"https:\/\/schema.org","@graph":[{"@type":"Article","@id":"https:\/\/www.morh.hr\/en\/fotogalerija-pripadnici-os-rh-angazirani-na-pozaristima\/#article","isPartOf":{"@id":"https:\/\/www.morh.hr\/en\/fotogalerija-pripadnici-os-rh-angazirani-na-pozaristima\/"},"author":{"name":"Drazen","@id":"https:\/\/www.morh.hr\/en\/#\/schema\/person\/2d72e03399043d9513ab6bec75f2ce27"},"headline":"Fotogalerija: Pripadnici OS RH anga\u017eirani na po\u017eari\u0161tima","datePublished":"2017-07-19T07:16:23+00:00","dateModified":"2023-12-07T14:00:29+00:00","mainEntityOfPage":{"@id":"https:\/\/www.morh.hr\/en\/fotogalerija-pripadnici-os-rh-angazirani-na-pozaristima\/"},"wordCount":19,"image":{"@id":"https:\/\/www.morh.hr\/en\/fotogalerija-pripadnici-os-rh-angazirani-na-pozaristima\/#primaryimage"},"thumbnailUrl":"https:\/\/www.morh.hr\/wp-content\/uploads\/2017\/10\/pps-hv_19072017_01.jpg","articleSection":["Fotogalerije: protupo\u017earna sezona"],"inLanguage":"en-US"},{"@type":"WebPage","@id":"https:\/\/www.morh.hr\/en\/fotogalerija-pripadnici-os-rh-angazirani-na-pozaristima\/","url":"https:\/\/www.morh.hr\/en\/fotogalerija-pripadnici-os-rh-angazirani-na-pozaristima\/","name":"Fotogalerija: Pripadnici OS RH anga\u017eirani na po\u017eari\u0161tima - MORH","isPartOf":{"@id":"https:\/\/www.morh.hr\/en\/#website"},"primaryImageOfPage":{"@id":"https:\/\/www.morh.hr\/en\/fotogalerija-pripadnici-os-rh-angazirani-na-pozaristima\/#primaryimage"},"image":{"@id":"https:\/\/www.morh.hr\/en\/fotogalerija-pripadnici-os-rh-angazirani-na-pozaristima\/#primaryimage"},"thumbnailUrl":"https:\/\/www.morh.hr\/wp-content\/uploads\/2017\/10\/pps-hv_19072017_01.jpg","datePublished":"2017-07-19T07:16:23+00:00","dateModified":"2023-12-07T14:00:29+00:00","author":{"@id":"https:\/\/www.morh.hr\/en\/#\/schema\/person\/2d72e03399043d9513ab6bec75f2ce27"},"description":"Foto: MORH\/ T. Brandt","breadcrumb":{"@id":"https:\/\/www.morh.hr\/en\/fotogalerija-pripadnici-os-rh-angazirani-na-pozaristima\/#breadcrumb"},"inLanguage":"en-US","potentialAction":[{"@type":"ReadAction","target":["https:\/\/www.morh.hr\/en\/fotogalerija-pripadnici-os-rh-angazirani-na-pozaristima\/"]}]},{"@type":"ImageObject","inLanguage":"en-US","@id":"https:\/\/www.morh.hr\/en\/fotogalerija-pripadnici-os-rh-angazirani-na-pozaristima\/#primaryimage","url":"https:\/\/www.morh.hr\/wp-content\/uploads\/2017\/10\/pps-hv_19072017_01.jpg","contentUrl":"https:\/\/www.morh.hr\/wp-content\/uploads\/2017\/10\/pps-hv_19072017_01.jpg","width":1600,"height":1068},{"@type":"BreadcrumbList","@id":"https:\/\/www.morh.hr\/en\/fotogalerija-pripadnici-os-rh-angazirani-na-pozaristima\/#breadcrumb","itemListElement":[{"@type":"ListItem","position":1,"name":"Naslovnica","item":"https:\/\/www.morh.hr\/en\/"},{"@type":"ListItem","position":2,"name":"Multimedija","item":"https:\/\/www.morh.hr\/en\/kategorija\/multimedija-en\/"},{"@type":"ListItem","position":3,"name":"Fotogalerije","item":"https:\/\/www.morh.hr\/en\/kategorija\/multimedija-en\/fotogalerije-en\/"},{"@type":"ListItem","position":4,"name":"Fotogalerije: protupo\u017earna sezona","item":"https:\/\/www.morh.hr\/en\/kategorija\/multimedija-en\/fotogalerije-en\/fotogalerije-protupozarna-sezona-en\/"},{"@type":"ListItem","position":5,"name":"Fotogalerija: Pripadnici OS RH anga\u017eirani na po\u017eari\u0161tima"}]},{"@type":"WebSite","@id":"https:\/\/www.morh.hr\/en\/#website","url":"https:\/\/www.morh.hr\/en\/","name":"MORH","description":"Ministarstvo obrane Republike Hrvatske - slu\u017ebene stranice","potentialAction":[{"@type":"SearchAction","target":{"@type":"EntryPoint","urlTemplate":"https:\/\/www.morh.hr\/en\/?s={search_term_string}"},"query-input":{"@type":"PropertyValueSpecification","valueRequired":true,"valueName":"search_term_string"}}],"inLanguage":"en-US"},{"@type":"Person","@id":"https:\/\/www.morh.hr\/en\/#\/schema\/person\/2d72e03399043d9513ab6bec75f2ce27","name":"Drazen","image":{"@type":"ImageObject","inLanguage":"en-US","@id":"https:\/\/www.morh.hr\/en\/#\/schema\/person\/image\/","url":"https:\/\/secure.gravatar.com\/avatar\/e36ef7e573425ae72988c73df868c1e87a656b0e005ca4fd7d30d2ba7e49c9cf?s=96&d=mm&r=g","contentUrl":"https:\/\/secure.gravatar.com\/avatar\/e36ef7e573425ae72988c73df868c1e87a656b0e005ca4fd7d30d2ba7e49c9cf?s=96&d=mm&r=g","caption":"Drazen"}}]}},"_links":{"self":[{"href":"https:\/\/www.morh.hr\/en\/wp-json\/wp\/v2\/posts\/52905","targetHints":{"allow":["GET"]}}],"collection":[{"href":"https:\/\/www.morh.hr\/en\/wp-json\/wp\/v2\/posts"}],"about":[{"href":"https:\/\/www.morh.hr\/en\/wp-json\/wp\/v2\/types\/post"}],"author":[{"embeddable":true,"href":"https:\/\/www.morh.hr\/en\/wp-json\/wp\/v2\/users\/3"}],"replies":[{"embeddable":true,"href":"https:\/\/www.morh.hr\/en\/wp-json\/wp\/v2\/comments?post=52905"}],"version-history":[{"count":0,"href":"https:\/\/www.morh.hr\/en\/wp-json\/wp\/v2\/posts\/52905\/revisions"}],"wp:featuredmedia":[{"embeddable":true,"href":"https:\/\/www.morh.hr\/en\/wp-json\/wp\/v2\/media\/50142"}],"wp:attachment":[{"href":"https:\/\/www.morh.hr\/en\/wp-json\/wp\/v2\/media?parent=52905"}],"wp:term":[{"taxonomy":"category","embeddable":true,"href":"https:\/\/www.morh.hr\/en\/wp-json\/wp\/v2\/categories?post=52905"},{"taxonomy":"post_tag","embeddable":true,"href":"https:\/\/www.morh.hr\/en\/wp-json\/wp\/v2\/tags?post=52905"}],"curies":[{"name":"wp","href":"https:\/\/api.w.org\/{rel}","templated":true}]}}