{"id":52937,"date":"2017-07-03T12:16:49","date_gmt":"2017-07-03T10:16:49","guid":{"rendered":"https:\/\/www.morh.hr\/fotogalerija-pripadnici-os-rh-sudjeluju-na-vjezbi-saber-guardian-17\/"},"modified":"2023-12-06T09:42:07","modified_gmt":"2023-12-06T08:42:07","slug":"fotogalerija-pripadnici-os-rh-sudjeluju-na-vjezbi-saber-guardian-17","status":"publish","type":"post","link":"https:\/\/www.morh.hr\/en\/fotogalerija-pripadnici-os-rh-sudjeluju-na-vjezbi-saber-guardian-17\/","title":{"rendered":"Fotogalerija: Pripadnici OS RH sudjeluju na vje\u017ebi &#8220;SABER GUARDIAN 17&#8221;"},"content":{"rendered":"<div class=\"morh-galleria\"><a href=\"https:\/\/live.staticflickr.com\/65535\/53378000347_d2335ed5cc_b.jpg\" title=\"Pripadnici OS RH sudjeluju na vje\u017ebi 'SABER GUARDIAN 17'\"><img decoding=\"async\" data-title=\"Pripadnici OS RH sudjeluju na vje\u017ebi 'SABER GUARDIAN 17'\" data-description=\"Pripadnici Oru\u017eanih snaga RH sudjelovat \u0107e na me\u0111unarodnoj vojnoj vje\u017ebi 'Saber Guardian 17', koja se odr\u017eava od 25. lipnja do 25. srpnja 2017., na teritoriju Ma\u0111arske, Rumunjske i Bugarske | Foto: MORH\/ J. Kopi\" alt=\"Pripadnici OS RH sudjeluju na vje\u017ebi 'SABER GUARDIAN 17'\" src=\"https:\/\/live.staticflickr.com\/65535\/53378000347_d2335ed5cc_b.jpg\" data-layer=\"&lt;div class=&#039;morh-gallery-image-download&#039;&gt;&lt;a href=&#039;https:\/\/live.staticflickr.com\/65535\/53378000347_ab882901ba_o.jpg&#039; target=&#039;_blank&#039;&gt;Slika za preuzimanje&lt;\/a&gt;&lt;\/div&gt;\" \/><\/a><a href=\"https:\/\/live.staticflickr.com\/65535\/53379370015_b05debb707_b.jpg\" title=\"Pripadnici OS RH sudjeluju na vje\u017ebi 'SABER GUARDIAN 17'\"><img decoding=\"async\" data-title=\"Pripadnici OS RH sudjeluju na vje\u017ebi 'SABER GUARDIAN 17'\" data-description=\"Pripadnici Oru\u017eanih snaga RH sudjelovat \u0107e na me\u0111unarodnoj vojnoj vje\u017ebi 'Saber Guardian 17', koja se odr\u017eava od 25. lipnja do 25. srpnja 2017., na teritoriju Ma\u0111arske, Rumunjske i Bugarske | Foto: MORH\/ J. Kopi\" alt=\"Pripadnici OS RH sudjeluju na vje\u017ebi 'SABER GUARDIAN 17'\" src=\"https:\/\/live.staticflickr.com\/65535\/53379370015_b05debb707_b.jpg\" data-layer=\"&lt;div class=&#039;morh-gallery-image-download&#039;&gt;&lt;a href=&#039;https:\/\/live.staticflickr.com\/65535\/53379370015_a71ae8a553_o.jpg&#039; target=&#039;_blank&#039;&gt;Slika za preuzimanje&lt;\/a&gt;&lt;\/div&gt;\" \/><\/a><a href=\"https:\/\/live.staticflickr.com\/65535\/53379370025_63532862b0_b.jpg\" title=\"Pripadnici OS RH sudjeluju na vje\u017ebi 'SABER GUARDIAN 17'\"><img decoding=\"async\" data-title=\"Pripadnici OS RH sudjeluju na vje\u017ebi 'SABER GUARDIAN 17'\" data-description=\"Pripadnici Oru\u017eanih snaga RH sudjelovat \u0107e na me\u0111unarodnoj vojnoj vje\u017ebi 'Saber Guardian 17', koja se odr\u017eava od 25. lipnja do 25. srpnja 2017., na teritoriju Ma\u0111arske, Rumunjske i Bugarske | Foto: MORH\/ J. Kopi\" alt=\"Pripadnici OS RH sudjeluju na vje\u017ebi 'SABER GUARDIAN 17'\" src=\"https:\/\/live.staticflickr.com\/65535\/53379370025_63532862b0_b.jpg\" data-layer=\"&lt;div class=&#039;morh-gallery-image-download&#039;&gt;&lt;a href=&#039;https:\/\/live.staticflickr.com\/65535\/53379370025_1ec1d61b7c_o.jpg&#039; target=&#039;_blank&#039;&gt;Slika za preuzimanje&lt;\/a&gt;&lt;\/div&gt;\" \/><\/a><a href=\"https:\/\/live.staticflickr.com\/65535\/53379370040_35a8d06cce_b.jpg\" title=\"Pripadnici OS RH sudjeluju na vje\u017ebi 'SABER GUARDIAN 17'\"><img decoding=\"async\" data-title=\"Pripadnici OS RH sudjeluju na vje\u017ebi 'SABER GUARDIAN 17'\" data-description=\"Pripadnici Oru\u017eanih snaga RH sudjelovat \u0107e na me\u0111unarodnoj vojnoj vje\u017ebi 'Saber Guardian 17', koja se odr\u017eava od 25. lipnja do 25. srpnja 2017., na teritoriju Ma\u0111arske, Rumunjske i Bugarske | Foto: MORH\/ J. Kopi\" alt=\"Pripadnici OS RH sudjeluju na vje\u017ebi 'SABER GUARDIAN 17'\" src=\"https:\/\/live.staticflickr.com\/65535\/53379370040_35a8d06cce_b.jpg\" data-layer=\"&lt;div class=&#039;morh-gallery-image-download&#039;&gt;&lt;a href=&#039;https:\/\/live.staticflickr.com\/65535\/53379370040_a2efc5f5b6_o.jpg&#039; target=&#039;_blank&#039;&gt;Slika za preuzimanje&lt;\/a&gt;&lt;\/div&gt;\" \/><\/a><a href=\"https:\/\/live.staticflickr.com\/65535\/53379370020_ea89a41a6b_b.jpg\" title=\"Pripadnici OS RH sudjeluju na vje\u017ebi 'SABER GUARDIAN 17'\"><img decoding=\"async\" data-title=\"Pripadnici OS RH sudjeluju na vje\u017ebi 'SABER GUARDIAN 17'\" data-description=\"Pripadnici Oru\u017eanih snaga RH sudjelovat \u0107e na me\u0111unarodnoj vojnoj vje\u017ebi 'Saber Guardian 17', koja se odr\u017eava od 25. lipnja do 25. srpnja 2017., na teritoriju Ma\u0111arske, Rumunjske i Bugarske | Foto: MORH\/ J. Kopi\" alt=\"Pripadnici OS RH sudjeluju na vje\u017ebi 'SABER GUARDIAN 17'\" src=\"https:\/\/live.staticflickr.com\/65535\/53379370020_ea89a41a6b_b.jpg\" data-layer=\"&lt;div class=&#039;morh-gallery-image-download&#039;&gt;&lt;a href=&#039;https:\/\/live.staticflickr.com\/65535\/53379370020_03afa7d67f_o.jpg&#039; target=&#039;_blank&#039;&gt;Slika za preuzimanje&lt;\/a&gt;&lt;\/div&gt;\" \/><\/a><a href=\"https:\/\/live.staticflickr.com\/65535\/53379097148_67b787ffe4_b.jpg\" title=\"Pripadnici OS RH sudjeluju na vje\u017ebi 'SABER GUARDIAN 17'\"><img decoding=\"async\" data-title=\"Pripadnici OS RH sudjeluju na vje\u017ebi 'SABER GUARDIAN 17'\" data-description=\"Pripadnici Oru\u017eanih snaga RH sudjelovat \u0107e na me\u0111unarodnoj vojnoj vje\u017ebi 'Saber Guardian 17', koja se odr\u017eava od 25. lipnja do 25. srpnja 2017., na teritoriju Ma\u0111arske, Rumunjske i Bugarske | Foto: MORH\/ J. Kopi\" alt=\"Pripadnici OS RH sudjeluju na vje\u017ebi 'SABER GUARDIAN 17'\" src=\"https:\/\/live.staticflickr.com\/65535\/53379097148_67b787ffe4_b.jpg\" data-layer=\"&lt;div class=&#039;morh-gallery-image-download&#039;&gt;&lt;a href=&#039;https:\/\/live.staticflickr.com\/65535\/53379097148_df263a8fa4_o.jpg&#039; target=&#039;_blank&#039;&gt;Slika za preuzimanje&lt;\/a&gt;&lt;\/div&gt;\" \/><\/a><a href=\"https:\/\/live.staticflickr.com\/65535\/53378923946_755b1c94f6_b.jpg\" title=\"Pripadnici OS RH sudjeluju na vje\u017ebi 'SABER GUARDIAN 17'\"><img decoding=\"async\" data-title=\"Pripadnici OS RH sudjeluju na vje\u017ebi 'SABER GUARDIAN 17'\" data-description=\"Pripadnici Oru\u017eanih snaga RH sudjelovat \u0107e na me\u0111unarodnoj vojnoj vje\u017ebi 'Saber Guardian 17', koja se odr\u017eava od 25. lipnja do 25. srpnja 2017., na teritoriju Ma\u0111arske, Rumunjske i Bugarske | Foto: MORH\/ J. Kopi\" alt=\"Pripadnici OS RH sudjeluju na vje\u017ebi 'SABER GUARDIAN 17'\" src=\"https:\/\/live.staticflickr.com\/65535\/53378923946_755b1c94f6_b.jpg\" data-layer=\"&lt;div class=&#039;morh-gallery-image-download&#039;&gt;&lt;a href=&#039;https:\/\/live.staticflickr.com\/65535\/53378923946_304384f5ec_o.jpg&#039; target=&#039;_blank&#039;&gt;Slika za preuzimanje&lt;\/a&gt;&lt;\/div&gt;\" \/><\/a><a href=\"https:\/\/live.staticflickr.com\/65535\/53378923941_536a50cb17_b.jpg\" title=\"Pripadnici OS RH sudjeluju na vje\u017ebi 'SABER GUARDIAN 17'\"><img decoding=\"async\" data-title=\"Pripadnici OS RH sudjeluju na vje\u017ebi 'SABER GUARDIAN 17'\" data-description=\"Pripadnici Oru\u017eanih snaga RH sudjelovat \u0107e na me\u0111unarodnoj vojnoj vje\u017ebi 'Saber Guardian 17', koja se odr\u017eava od 25. lipnja do 25. srpnja 2017., na teritoriju Ma\u0111arske, Rumunjske i Bugarske | Foto: MORH\/ J. Kopi\" alt=\"Pripadnici OS RH sudjeluju na vje\u017ebi 'SABER GUARDIAN 17'\" src=\"https:\/\/live.staticflickr.com\/65535\/53378923941_536a50cb17_b.jpg\" data-layer=\"&lt;div class=&#039;morh-gallery-image-download&#039;&gt;&lt;a href=&#039;https:\/\/live.staticflickr.com\/65535\/53378923941_0a4e54eff7_o.jpg&#039; target=&#039;_blank&#039;&gt;Slika za preuzimanje&lt;\/a&gt;&lt;\/div&gt;\" \/><\/a><a href=\"https:\/\/live.staticflickr.com\/65535\/53379238534_20d67c856b_b.jpg\" title=\"Pripadnici OS RH sudjeluju na vje\u017ebi 'SABER GUARDIAN 17'\"><img decoding=\"async\" data-title=\"Pripadnici OS RH sudjeluju na vje\u017ebi 'SABER GUARDIAN 17'\" data-description=\"Pripadnici Oru\u017eanih snaga RH sudjelovat \u0107e na me\u0111unarodnoj vojnoj vje\u017ebi 'Saber Guardian 17', koja se odr\u017eava od 25. lipnja do 25. srpnja 2017., na teritoriju Ma\u0111arske, Rumunjske i Bugarske | Foto: MORH\/ J. Kopi\" alt=\"Pripadnici OS RH sudjeluju na vje\u017ebi 'SABER GUARDIAN 17'\" src=\"https:\/\/live.staticflickr.com\/65535\/53379238534_20d67c856b_b.jpg\" data-layer=\"&lt;div class=&#039;morh-gallery-image-download&#039;&gt;&lt;a href=&#039;https:\/\/live.staticflickr.com\/65535\/53379238534_403f517383_o.jpg&#039; target=&#039;_blank&#039;&gt;Slika za preuzimanje&lt;\/a&gt;&lt;\/div&gt;\" \/><\/a><a href=\"https:\/\/live.staticflickr.com\/65535\/53379238554_eec0425e4c_b.jpg\" title=\"Pripadnici OS RH sudjeluju na vje\u017ebi 'SABER GUARDIAN 17'\"><img decoding=\"async\" data-title=\"Pripadnici OS RH sudjeluju na vje\u017ebi 'SABER GUARDIAN 17'\" data-description=\"Pripadnici Oru\u017eanih snaga RH sudjelovat \u0107e na me\u0111unarodnoj vojnoj vje\u017ebi 'Saber Guardian 17', koja se odr\u017eava od 25. lipnja do 25. srpnja 2017., na teritoriju Ma\u0111arske, Rumunjske i Bugarske | Foto: MORH\/ J. Kopi\" alt=\"Pripadnici OS RH sudjeluju na vje\u017ebi 'SABER GUARDIAN 17'\" src=\"https:\/\/live.staticflickr.com\/65535\/53379238554_eec0425e4c_b.jpg\" data-layer=\"&lt;div class=&#039;morh-gallery-image-download&#039;&gt;&lt;a href=&#039;https:\/\/live.staticflickr.com\/65535\/53379238554_83a7aae479_o.jpg&#039; target=&#039;_blank&#039;&gt;Slika za preuzimanje&lt;\/a&gt;&lt;\/div&gt;\" \/><\/a><a href=\"https:\/\/live.staticflickr.com\/65535\/53379097098_42b20d9d74_b.jpg\" title=\"Pripadnici OS RH sudjeluju na vje\u017ebi 'SABER GUARDIAN 17'\"><img decoding=\"async\" data-title=\"Pripadnici OS RH sudjeluju na vje\u017ebi 'SABER GUARDIAN 17'\" data-description=\"Pripadnici Oru\u017eanih snaga RH sudjelovat \u0107e na me\u0111unarodnoj vojnoj vje\u017ebi 'Saber Guardian 17', koja se odr\u017eava od 25. lipnja do 25. srpnja 2017., na teritoriju Ma\u0111arske, Rumunjske i Bugarske | Foto: MORH\/ J. Kopi\" alt=\"Pripadnici OS RH sudjeluju na vje\u017ebi 'SABER GUARDIAN 17'\" src=\"https:\/\/live.staticflickr.com\/65535\/53379097098_42b20d9d74_b.jpg\" data-layer=\"&lt;div class=&#039;morh-gallery-image-download&#039;&gt;&lt;a href=&#039;https:\/\/live.staticflickr.com\/65535\/53379097098_494e75c055_o.jpg&#039; target=&#039;_blank&#039;&gt;Slika za preuzimanje&lt;\/a&gt;&lt;\/div&gt;\" \/><\/a><a href=\"https:\/\/live.staticflickr.com\/65535\/53379238509_70420b2fe8_b.jpg\" title=\"Pripadnici OS RH sudjeluju na vje\u017ebi 'SABER GUARDIAN 17'\"><img decoding=\"async\" data-title=\"Pripadnici OS RH sudjeluju na vje\u017ebi 'SABER GUARDIAN 17'\" data-description=\"Pripadnici Oru\u017eanih snaga RH sudjelovat \u0107e na me\u0111unarodnoj vojnoj vje\u017ebi 'Saber Guardian 17', koja se odr\u017eava od 25. lipnja do 25. srpnja 2017., na teritoriju Ma\u0111arske, Rumunjske i Bugarske | Foto: MORH\/ J. Kopi\" alt=\"Pripadnici OS RH sudjeluju na vje\u017ebi 'SABER GUARDIAN 17'\" src=\"https:\/\/live.staticflickr.com\/65535\/53379238509_70420b2fe8_b.jpg\" data-layer=\"&lt;div class=&#039;morh-gallery-image-download&#039;&gt;&lt;a href=&#039;https:\/\/live.staticflickr.com\/65535\/53379238509_e39c750c52_o.jpg&#039; target=&#039;_blank&#039;&gt;Slika za preuzimanje&lt;\/a&gt;&lt;\/div&gt;\" \/><\/a><a href=\"https:\/\/live.staticflickr.com\/65535\/53378923921_6f15e09f13_b.jpg\" title=\"Pripadnici OS RH sudjeluju na vje\u017ebi 'SABER GUARDIAN 17'\"><img decoding=\"async\" data-title=\"Pripadnici OS RH sudjeluju na vje\u017ebi 'SABER GUARDIAN 17'\" data-description=\"Pripadnici Oru\u017eanih snaga RH sudjelovat \u0107e na me\u0111unarodnoj vojnoj vje\u017ebi 'Saber Guardian 17', koja se odr\u017eava od 25. lipnja do 25. srpnja 2017., na teritoriju Ma\u0111arske, Rumunjske i Bugarske | Foto: MORH\/ J. Kopi\" alt=\"Pripadnici OS RH sudjeluju na vje\u017ebi 'SABER GUARDIAN 17'\" src=\"https:\/\/live.staticflickr.com\/65535\/53378923921_6f15e09f13_b.jpg\" data-layer=\"&lt;div class=&#039;morh-gallery-image-download&#039;&gt;&lt;a href=&#039;https:\/\/live.staticflickr.com\/65535\/53378923921_9872204af8_o.jpg&#039; target=&#039;_blank&#039;&gt;Slika za preuzimanje&lt;\/a&gt;&lt;\/div&gt;\" \/><\/a><a href=\"https:\/\/live.staticflickr.com\/65535\/53378923896_73239cc94a_b.jpg\" title=\"Pripadnici OS RH sudjeluju na vje\u017ebi 'SABER GUARDIAN 17'\"><img decoding=\"async\" data-title=\"Pripadnici OS RH sudjeluju na vje\u017ebi 'SABER GUARDIAN 17'\" data-description=\"Pripadnici Oru\u017eanih snaga RH sudjelovat \u0107e na me\u0111unarodnoj vojnoj vje\u017ebi 'Saber Guardian 17', koja se odr\u017eava od 25. lipnja do 25. srpnja 2017., na teritoriju Ma\u0111arske, Rumunjske i Bugarske | Foto: MORH\/ J. Kopi\" alt=\"Pripadnici OS RH sudjeluju na vje\u017ebi 'SABER GUARDIAN 17'\" src=\"https:\/\/live.staticflickr.com\/65535\/53378923896_73239cc94a_b.jpg\" data-layer=\"&lt;div class=&#039;morh-gallery-image-download&#039;&gt;&lt;a href=&#039;https:\/\/live.staticflickr.com\/65535\/53378923896_5b5d350112_o.jpg&#039; target=&#039;_blank&#039;&gt;Slika za preuzimanje&lt;\/a&gt;&lt;\/div&gt;\" \/><\/a><a href=\"https:\/\/live.staticflickr.com\/65535\/53378923851_f879735f02_b.jpg\" title=\"Pripadnici OS RH sudjeluju na vje\u017ebi 'SABER GUARDIAN 17'\"><img decoding=\"async\" data-title=\"Pripadnici OS RH sudjeluju na vje\u017ebi 'SABER GUARDIAN 17'\" data-description=\"Pripadnici Oru\u017eanih snaga RH sudjelovat \u0107e na me\u0111unarodnoj vojnoj vje\u017ebi 'Saber Guardian 17', koja se odr\u017eava od 25. lipnja do 25. srpnja 2017., na teritoriju Ma\u0111arske, Rumunjske i Bugarske | Foto: MORH\/ J. Kopi\" alt=\"Pripadnici OS RH sudjeluju na vje\u017ebi 'SABER GUARDIAN 17'\" src=\"https:\/\/live.staticflickr.com\/65535\/53378923851_f879735f02_b.jpg\" data-layer=\"&lt;div class=&#039;morh-gallery-image-download&#039;&gt;&lt;a href=&#039;https:\/\/live.staticflickr.com\/65535\/53378923851_4be4d1e9f0_o.jpg&#039; target=&#039;_blank&#039;&gt;Slika za preuzimanje&lt;\/a&gt;&lt;\/div&gt;\" \/><\/a><a href=\"https:\/\/live.staticflickr.com\/65535\/53378923906_e7a2204e67_b.jpg\" title=\"Pripadnici OS RH sudjeluju na vje\u017ebi 'SABER GUARDIAN 17'\"><img decoding=\"async\" data-title=\"Pripadnici OS RH sudjeluju na vje\u017ebi 'SABER GUARDIAN 17'\" data-description=\"Pripadnici Oru\u017eanih snaga RH sudjelovat \u0107e na me\u0111unarodnoj vojnoj vje\u017ebi 'Saber Guardian 17', koja se odr\u017eava od 25. lipnja do 25. srpnja 2017., na teritoriju Ma\u0111arske, Rumunjske i Bugarske | Foto: MORH\/ J. Kopi\" alt=\"Pripadnici OS RH sudjeluju na vje\u017ebi 'SABER GUARDIAN 17'\" src=\"https:\/\/live.staticflickr.com\/65535\/53378923906_e7a2204e67_b.jpg\" data-layer=\"&lt;div class=&#039;morh-gallery-image-download&#039;&gt;&lt;a href=&#039;https:\/\/live.staticflickr.com\/65535\/53378923906_cd4952d4d5_o.jpg&#039; target=&#039;_blank&#039;&gt;Slika za preuzimanje&lt;\/a&gt;&lt;\/div&gt;\" \/><\/a><a href=\"https:\/\/live.staticflickr.com\/65535\/53379238439_eb73c6b7fd_b.jpg\" title=\"Pripadnici OS RH sudjeluju na vje\u017ebi 'SABER GUARDIAN 17'\"><img decoding=\"async\" data-title=\"Pripadnici OS RH sudjeluju na vje\u017ebi 'SABER GUARDIAN 17'\" data-description=\"Pripadnici Oru\u017eanih snaga RH sudjelovat \u0107e na me\u0111unarodnoj vojnoj vje\u017ebi 'Saber Guardian 17', koja se odr\u017eava od 25. lipnja do 25. srpnja 2017., na teritoriju Ma\u0111arske, Rumunjske i Bugarske | Foto: MORH\/ J. Kopi\" alt=\"Pripadnici OS RH sudjeluju na vje\u017ebi 'SABER GUARDIAN 17'\" src=\"https:\/\/live.staticflickr.com\/65535\/53379238439_eb73c6b7fd_b.jpg\" data-layer=\"&lt;div class=&#039;morh-gallery-image-download&#039;&gt;&lt;a href=&#039;https:\/\/live.staticflickr.com\/65535\/53379238439_ba65c9e95c_o.jpg&#039; target=&#039;_blank&#039;&gt;Slika za preuzimanje&lt;\/a&gt;&lt;\/div&gt;\" \/><\/a><a href=\"https:\/\/live.staticflickr.com\/65535\/53379238479_2def98fc79_b.jpg\" title=\"Pripadnici OS RH sudjeluju na vje\u017ebi 'SABER GUARDIAN 17'\"><img decoding=\"async\" data-title=\"Pripadnici OS RH sudjeluju na vje\u017ebi 'SABER GUARDIAN 17'\" data-description=\"Pripadnici Oru\u017eanih snaga RH sudjelovat \u0107e na me\u0111unarodnoj vojnoj vje\u017ebi 'Saber Guardian 17', koja se odr\u017eava od 25. lipnja do 25. srpnja 2017., na teritoriju Ma\u0111arske, Rumunjske i Bugarske | Foto: MORH\/ J. Kopi\" alt=\"Pripadnici OS RH sudjeluju na vje\u017ebi 'SABER GUARDIAN 17'\" src=\"https:\/\/live.staticflickr.com\/65535\/53379238479_2def98fc79_b.jpg\" data-layer=\"&lt;div class=&#039;morh-gallery-image-download&#039;&gt;&lt;a href=&#039;https:\/\/live.staticflickr.com\/65535\/53379238479_3313e9048a_o.jpg&#039; target=&#039;_blank&#039;&gt;Slika za preuzimanje&lt;\/a&gt;&lt;\/div&gt;\" \/><\/a><a href=\"https:\/\/live.staticflickr.com\/65535\/53378000302_be931a6863_b.jpg\" title=\"Pripadnici OS RH sudjeluju na vje\u017ebi 'SABER GUARDIAN 17'\"><img decoding=\"async\" data-title=\"Pripadnici OS RH sudjeluju na vje\u017ebi 'SABER GUARDIAN 17'\" data-description=\"Pripadnici Oru\u017eanih snaga RH sudjelovat \u0107e na me\u0111unarodnoj vojnoj vje\u017ebi 'Saber Guardian 17', koja se odr\u017eava od 25. lipnja do 25. srpnja 2017., na teritoriju Ma\u0111arske, Rumunjske i Bugarske | Foto: MORH\/ J. Kopi\" alt=\"Pripadnici OS RH sudjeluju na vje\u017ebi 'SABER GUARDIAN 17'\" src=\"https:\/\/live.staticflickr.com\/65535\/53378000302_be931a6863_b.jpg\" data-layer=\"&lt;div class=&#039;morh-gallery-image-download&#039;&gt;&lt;a href=&#039;https:\/\/live.staticflickr.com\/65535\/53378000302_48fa39f6c8_o.jpg&#039; target=&#039;_blank&#039;&gt;Slika za preuzimanje&lt;\/a&gt;&lt;\/div&gt;\" \/><\/a><a href=\"https:\/\/live.staticflickr.com\/65535\/53378000317_bcdaedcc60_b.jpg\" title=\"Pripadnici OS RH sudjeluju na vje\u017ebi 'SABER GUARDIAN 17'\"><img decoding=\"async\" data-title=\"Pripadnici OS RH sudjeluju na vje\u017ebi 'SABER GUARDIAN 17'\" data-description=\"Pripadnici Oru\u017eanih snaga RH sudjelovat \u0107e na me\u0111unarodnoj vojnoj vje\u017ebi 'Saber Guardian 17', koja se odr\u017eava od 25. lipnja do 25. srpnja 2017., na teritoriju Ma\u0111arske, Rumunjske i Bugarske | Foto: MORH\/ J. Kopi\" alt=\"Pripadnici OS RH sudjeluju na vje\u017ebi 'SABER GUARDIAN 17'\" src=\"https:\/\/live.staticflickr.com\/65535\/53378000317_bcdaedcc60_b.jpg\" data-layer=\"&lt;div class=&#039;morh-gallery-image-download&#039;&gt;&lt;a href=&#039;https:\/\/live.staticflickr.com\/65535\/53378000317_11034ab314_o.jpg&#039; target=&#039;_blank&#039;&gt;Slika za preuzimanje&lt;\/a&gt;&lt;\/div&gt;\" \/><\/a><a href=\"https:\/\/live.staticflickr.com\/65535\/53378923841_6c69e305ae_b.jpg\" title=\"Pripadnici OS RH sudjeluju na vje\u017ebi 'SABER GUARDIAN 17'\"><img decoding=\"async\" data-title=\"Pripadnici OS RH sudjeluju na vje\u017ebi 'SABER GUARDIAN 17'\" data-description=\"Pripadnici Oru\u017eanih snaga RH sudjelovat \u0107e na me\u0111unarodnoj vojnoj vje\u017ebi 'Saber Guardian 17', koja se odr\u017eava od 25. lipnja do 25. srpnja 2017., na teritoriju Ma\u0111arske, Rumunjske i Bugarske | Foto: MORH\/ J. Kopi\" alt=\"Pripadnici OS RH sudjeluju na vje\u017ebi 'SABER GUARDIAN 17'\" src=\"https:\/\/live.staticflickr.com\/65535\/53378923841_6c69e305ae_b.jpg\" data-layer=\"&lt;div class=&#039;morh-gallery-image-download&#039;&gt;&lt;a href=&#039;https:\/\/live.staticflickr.com\/65535\/53378923841_a69f909bed_o.jpg&#039; target=&#039;_blank&#039;&gt;Slika za preuzimanje&lt;\/a&gt;&lt;\/div&gt;\" \/><\/a><a href=\"https:\/\/live.staticflickr.com\/65535\/53379238429_b43063af31_b.jpg\" title=\"Pripadnici OS RH sudjeluju na vje\u017ebi 'SABER GUARDIAN 17'\"><img decoding=\"async\" data-title=\"Pripadnici OS RH sudjeluju na vje\u017ebi 'SABER GUARDIAN 17'\" data-description=\"Pripadnici Oru\u017eanih snaga RH sudjelovat \u0107e na me\u0111unarodnoj vojnoj vje\u017ebi 'Saber Guardian 17', koja se odr\u017eava od 25. lipnja do 25. srpnja 2017., na teritoriju Ma\u0111arske, Rumunjske i Bugarske | Foto: MORH\/ J. Kopi\" alt=\"Pripadnici OS RH sudjeluju na vje\u017ebi 'SABER GUARDIAN 17'\" src=\"https:\/\/live.staticflickr.com\/65535\/53379238429_b43063af31_b.jpg\" data-layer=\"&lt;div class=&#039;morh-gallery-image-download&#039;&gt;&lt;a href=&#039;https:\/\/live.staticflickr.com\/65535\/53379238429_5c3ae3a96c_o.jpg&#039; target=&#039;_blank&#039;&gt;Slika za preuzimanje&lt;\/a&gt;&lt;\/div&gt;\" \/><\/a><a href=\"https:\/\/live.staticflickr.com\/65535\/53379097013_6c109888f3_b.jpg\" title=\"Pripadnici OS RH sudjeluju na vje\u017ebi 'SABER GUARDIAN 17'\"><img decoding=\"async\" data-title=\"Pripadnici OS RH sudjeluju na vje\u017ebi 'SABER GUARDIAN 17'\" data-description=\"Pripadnici Oru\u017eanih snaga RH sudjelovat \u0107e na me\u0111unarodnoj vojnoj vje\u017ebi 'Saber Guardian 17', koja se odr\u017eava od 25. lipnja do 25. srpnja 2017., na teritoriju Ma\u0111arske, Rumunjske i Bugarske | Foto: MORH\/ J. Kopi\" alt=\"Pripadnici OS RH sudjeluju na vje\u017ebi 'SABER GUARDIAN 17'\" src=\"https:\/\/live.staticflickr.com\/65535\/53379097013_6c109888f3_b.jpg\" data-layer=\"&lt;div class=&#039;morh-gallery-image-download&#039;&gt;&lt;a href=&#039;https:\/\/live.staticflickr.com\/65535\/53379097013_b03cf4d268_o.jpg&#039; target=&#039;_blank&#039;&gt;Slika za preuzimanje&lt;\/a&gt;&lt;\/div&gt;\" \/><\/a><\/div><!--\/.morh-galleria -->\n","protected":false},"excerpt":{"rendered":"<p>Foto: MORH\/ J. Kopi<\/p>\n","protected":false},"author":3,"featured_media":49617,"comment_status":"closed","ping_status":"closed","sticky":false,"template":"","format":"standard","meta":{"_acf_changed":false,"_monsterinsights_skip_tracking":false,"_monsterinsights_sitenote_active":false,"_monsterinsights_sitenote_note":"","_monsterinsights_sitenote_category":0,"footnotes":""},"categories":[335],"tags":[],"class_list":["post-52937","post","type-post","status-publish","format-standard","has-post-thumbnail","hentry","category-fotogalerije-vojne-vjezbe-en"],"acf":[],"yoast_head":"<!-- This site is optimized with the Yoast SEO plugin v26.9 - https:\/\/yoast.com\/product\/yoast-seo-wordpress\/ -->\n<title>Fotogalerija: Pripadnici OS RH sudjeluju na vje\u017ebi &quot;SABER GUARDIAN 17&quot; - MORH<\/title>\n<meta name=\"description\" content=\"Foto: MORH\/ J. Kopi\" \/>\n<meta name=\"robots\" content=\"index, follow, max-snippet:-1, max-image-preview:large, max-video-preview:-1\" \/>\n<link rel=\"canonical\" href=\"https:\/\/www.morh.hr\/en\/fotogalerija-pripadnici-os-rh-sudjeluju-na-vjezbi-saber-guardian-17\/\" \/>\n<meta property=\"og:locale\" content=\"en_US\" \/>\n<meta property=\"og:type\" content=\"article\" \/>\n<meta property=\"og:title\" content=\"Fotogalerija: Pripadnici OS RH sudjeluju na vje\u017ebi &quot;SABER GUARDIAN 17&quot; - MORH\" \/>\n<meta property=\"og:description\" content=\"Foto: MORH\/ J. Kopi\" \/>\n<meta property=\"og:url\" content=\"https:\/\/www.morh.hr\/en\/fotogalerija-pripadnici-os-rh-sudjeluju-na-vjezbi-saber-guardian-17\/\" \/>\n<meta property=\"og:site_name\" content=\"MORH\" \/>\n<meta property=\"article:publisher\" content=\"https:\/\/www.facebook.com\/sportasiuhrvatskojvojsci\/\" \/>\n<meta property=\"article:published_time\" content=\"2017-07-03T10:16:49+00:00\" \/>\n<meta property=\"article:modified_time\" content=\"2023-12-06T08:42:07+00:00\" \/>\n<meta property=\"og:image\" content=\"https:\/\/www.morh.hr\/wp-content\/uploads\/2017\/10\/bov_03072017_01.jpg\" \/>\n\t<meta property=\"og:image:width\" content=\"1200\" \/>\n\t<meta property=\"og:image:height\" content=\"800\" \/>\n\t<meta property=\"og:image:type\" content=\"image\/jpeg\" \/>\n<meta name=\"author\" content=\"Drazen\" \/>\n<meta name=\"twitter:card\" content=\"summary_large_image\" \/>\n<meta name=\"twitter:creator\" content=\"@morh_osrh\" \/>\n<meta name=\"twitter:site\" content=\"@morh_osrh\" \/>\n<meta name=\"twitter:label1\" content=\"Written by\" \/>\n\t<meta name=\"twitter:data1\" content=\"Drazen\" \/>\n<script type=\"application\/ld+json\" class=\"yoast-schema-graph\">{\"@context\":\"https:\/\/schema.org\",\"@graph\":[{\"@type\":\"Article\",\"@id\":\"https:\/\/www.morh.hr\/en\/fotogalerija-pripadnici-os-rh-sudjeluju-na-vjezbi-saber-guardian-17\/#article\",\"isPartOf\":{\"@id\":\"https:\/\/www.morh.hr\/en\/fotogalerija-pripadnici-os-rh-sudjeluju-na-vjezbi-saber-guardian-17\/\"},\"author\":{\"name\":\"Drazen\",\"@id\":\"https:\/\/www.morh.hr\/en\/#\/schema\/person\/2d72e03399043d9513ab6bec75f2ce27\"},\"headline\":\"Fotogalerija: Pripadnici OS RH sudjeluju na vje\u017ebi &#8220;SABER GUARDIAN 17&#8221;\",\"datePublished\":\"2017-07-03T10:16:49+00:00\",\"dateModified\":\"2023-12-06T08:42:07+00:00\",\"mainEntityOfPage\":{\"@id\":\"https:\/\/www.morh.hr\/en\/fotogalerija-pripadnici-os-rh-sudjeluju-na-vjezbi-saber-guardian-17\/\"},\"wordCount\":19,\"image\":{\"@id\":\"https:\/\/www.morh.hr\/en\/fotogalerija-pripadnici-os-rh-sudjeluju-na-vjezbi-saber-guardian-17\/#primaryimage\"},\"thumbnailUrl\":\"https:\/\/www.morh.hr\/wp-content\/uploads\/2017\/10\/bov_03072017_01.jpg\",\"articleSection\":[\"Fotogalerije: vojne vje\u017ebe\"],\"inLanguage\":\"en-US\"},{\"@type\":\"WebPage\",\"@id\":\"https:\/\/www.morh.hr\/en\/fotogalerija-pripadnici-os-rh-sudjeluju-na-vjezbi-saber-guardian-17\/\",\"url\":\"https:\/\/www.morh.hr\/en\/fotogalerija-pripadnici-os-rh-sudjeluju-na-vjezbi-saber-guardian-17\/\",\"name\":\"Fotogalerija: Pripadnici OS RH sudjeluju na vje\u017ebi \\\"SABER GUARDIAN 17\\\" - MORH\",\"isPartOf\":{\"@id\":\"https:\/\/www.morh.hr\/en\/#website\"},\"primaryImageOfPage\":{\"@id\":\"https:\/\/www.morh.hr\/en\/fotogalerija-pripadnici-os-rh-sudjeluju-na-vjezbi-saber-guardian-17\/#primaryimage\"},\"image\":{\"@id\":\"https:\/\/www.morh.hr\/en\/fotogalerija-pripadnici-os-rh-sudjeluju-na-vjezbi-saber-guardian-17\/#primaryimage\"},\"thumbnailUrl\":\"https:\/\/www.morh.hr\/wp-content\/uploads\/2017\/10\/bov_03072017_01.jpg\",\"datePublished\":\"2017-07-03T10:16:49+00:00\",\"dateModified\":\"2023-12-06T08:42:07+00:00\",\"author\":{\"@id\":\"https:\/\/www.morh.hr\/en\/#\/schema\/person\/2d72e03399043d9513ab6bec75f2ce27\"},\"description\":\"Foto: MORH\/ J. Kopi\",\"breadcrumb\":{\"@id\":\"https:\/\/www.morh.hr\/en\/fotogalerija-pripadnici-os-rh-sudjeluju-na-vjezbi-saber-guardian-17\/#breadcrumb\"},\"inLanguage\":\"en-US\",\"potentialAction\":[{\"@type\":\"ReadAction\",\"target\":[\"https:\/\/www.morh.hr\/en\/fotogalerija-pripadnici-os-rh-sudjeluju-na-vjezbi-saber-guardian-17\/\"]}]},{\"@type\":\"ImageObject\",\"inLanguage\":\"en-US\",\"@id\":\"https:\/\/www.morh.hr\/en\/fotogalerija-pripadnici-os-rh-sudjeluju-na-vjezbi-saber-guardian-17\/#primaryimage\",\"url\":\"https:\/\/www.morh.hr\/wp-content\/uploads\/2017\/10\/bov_03072017_01.jpg\",\"contentUrl\":\"https:\/\/www.morh.hr\/wp-content\/uploads\/2017\/10\/bov_03072017_01.jpg\",\"width\":1200,\"height\":800,\"caption\":\"Foto: MORH\/ J. Kopi\"},{\"@type\":\"BreadcrumbList\",\"@id\":\"https:\/\/www.morh.hr\/en\/fotogalerija-pripadnici-os-rh-sudjeluju-na-vjezbi-saber-guardian-17\/#breadcrumb\",\"itemListElement\":[{\"@type\":\"ListItem\",\"position\":1,\"name\":\"Naslovnica\",\"item\":\"https:\/\/www.morh.hr\/en\/\"},{\"@type\":\"ListItem\",\"position\":2,\"name\":\"Multimedija\",\"item\":\"https:\/\/www.morh.hr\/en\/kategorija\/multimedija-en\/\"},{\"@type\":\"ListItem\",\"position\":3,\"name\":\"Fotogalerije\",\"item\":\"https:\/\/www.morh.hr\/en\/kategorija\/multimedija-en\/fotogalerije-en\/\"},{\"@type\":\"ListItem\",\"position\":4,\"name\":\"Fotogalerije: vojne vje\u017ebe\",\"item\":\"https:\/\/www.morh.hr\/en\/kategorija\/multimedija-en\/fotogalerije-en\/fotogalerije-vojne-vjezbe-en\/\"},{\"@type\":\"ListItem\",\"position\":5,\"name\":\"Fotogalerija: Pripadnici OS RH sudjeluju na vje\u017ebi &#8220;SABER GUARDIAN 17&#8221;\"}]},{\"@type\":\"WebSite\",\"@id\":\"https:\/\/www.morh.hr\/en\/#website\",\"url\":\"https:\/\/www.morh.hr\/en\/\",\"name\":\"MORH\",\"description\":\"Ministarstvo obrane Republike Hrvatske - slu\u017ebene stranice\",\"potentialAction\":[{\"@type\":\"SearchAction\",\"target\":{\"@type\":\"EntryPoint\",\"urlTemplate\":\"https:\/\/www.morh.hr\/en\/?s={search_term_string}\"},\"query-input\":{\"@type\":\"PropertyValueSpecification\",\"valueRequired\":true,\"valueName\":\"search_term_string\"}}],\"inLanguage\":\"en-US\"},{\"@type\":\"Person\",\"@id\":\"https:\/\/www.morh.hr\/en\/#\/schema\/person\/2d72e03399043d9513ab6bec75f2ce27\",\"name\":\"Drazen\",\"image\":{\"@type\":\"ImageObject\",\"inLanguage\":\"en-US\",\"@id\":\"https:\/\/www.morh.hr\/en\/#\/schema\/person\/image\/\",\"url\":\"https:\/\/secure.gravatar.com\/avatar\/e36ef7e573425ae72988c73df868c1e87a656b0e005ca4fd7d30d2ba7e49c9cf?s=96&d=mm&r=g\",\"contentUrl\":\"https:\/\/secure.gravatar.com\/avatar\/e36ef7e573425ae72988c73df868c1e87a656b0e005ca4fd7d30d2ba7e49c9cf?s=96&d=mm&r=g\",\"caption\":\"Drazen\"}}]}<\/script>\n<!-- \/ Yoast SEO plugin. -->","yoast_head_json":{"title":"Fotogalerija: Pripadnici OS RH sudjeluju na vje\u017ebi \"SABER GUARDIAN 17\" - MORH","description":"Foto: MORH\/ J. Kopi","robots":{"index":"index","follow":"follow","max-snippet":"max-snippet:-1","max-image-preview":"max-image-preview:large","max-video-preview":"max-video-preview:-1"},"canonical":"https:\/\/www.morh.hr\/en\/fotogalerija-pripadnici-os-rh-sudjeluju-na-vjezbi-saber-guardian-17\/","og_locale":"en_US","og_type":"article","og_title":"Fotogalerija: Pripadnici OS RH sudjeluju na vje\u017ebi \"SABER GUARDIAN 17\" - MORH","og_description":"Foto: MORH\/ J. Kopi","og_url":"https:\/\/www.morh.hr\/en\/fotogalerija-pripadnici-os-rh-sudjeluju-na-vjezbi-saber-guardian-17\/","og_site_name":"MORH","article_publisher":"https:\/\/www.facebook.com\/sportasiuhrvatskojvojsci\/","article_published_time":"2017-07-03T10:16:49+00:00","article_modified_time":"2023-12-06T08:42:07+00:00","og_image":[{"width":1200,"height":800,"url":"https:\/\/www.morh.hr\/wp-content\/uploads\/2017\/10\/bov_03072017_01.jpg","type":"image\/jpeg"}],"author":"Drazen","twitter_card":"summary_large_image","twitter_creator":"@morh_osrh","twitter_site":"@morh_osrh","twitter_misc":{"Written by":"Drazen"},"schema":{"@context":"https:\/\/schema.org","@graph":[{"@type":"Article","@id":"https:\/\/www.morh.hr\/en\/fotogalerija-pripadnici-os-rh-sudjeluju-na-vjezbi-saber-guardian-17\/#article","isPartOf":{"@id":"https:\/\/www.morh.hr\/en\/fotogalerija-pripadnici-os-rh-sudjeluju-na-vjezbi-saber-guardian-17\/"},"author":{"name":"Drazen","@id":"https:\/\/www.morh.hr\/en\/#\/schema\/person\/2d72e03399043d9513ab6bec75f2ce27"},"headline":"Fotogalerija: Pripadnici OS RH sudjeluju na vje\u017ebi &#8220;SABER GUARDIAN 17&#8221;","datePublished":"2017-07-03T10:16:49+00:00","dateModified":"2023-12-06T08:42:07+00:00","mainEntityOfPage":{"@id":"https:\/\/www.morh.hr\/en\/fotogalerija-pripadnici-os-rh-sudjeluju-na-vjezbi-saber-guardian-17\/"},"wordCount":19,"image":{"@id":"https:\/\/www.morh.hr\/en\/fotogalerija-pripadnici-os-rh-sudjeluju-na-vjezbi-saber-guardian-17\/#primaryimage"},"thumbnailUrl":"https:\/\/www.morh.hr\/wp-content\/uploads\/2017\/10\/bov_03072017_01.jpg","articleSection":["Fotogalerije: vojne vje\u017ebe"],"inLanguage":"en-US"},{"@type":"WebPage","@id":"https:\/\/www.morh.hr\/en\/fotogalerija-pripadnici-os-rh-sudjeluju-na-vjezbi-saber-guardian-17\/","url":"https:\/\/www.morh.hr\/en\/fotogalerija-pripadnici-os-rh-sudjeluju-na-vjezbi-saber-guardian-17\/","name":"Fotogalerija: Pripadnici OS RH sudjeluju na vje\u017ebi \"SABER GUARDIAN 17\" - MORH","isPartOf":{"@id":"https:\/\/www.morh.hr\/en\/#website"},"primaryImageOfPage":{"@id":"https:\/\/www.morh.hr\/en\/fotogalerija-pripadnici-os-rh-sudjeluju-na-vjezbi-saber-guardian-17\/#primaryimage"},"image":{"@id":"https:\/\/www.morh.hr\/en\/fotogalerija-pripadnici-os-rh-sudjeluju-na-vjezbi-saber-guardian-17\/#primaryimage"},"thumbnailUrl":"https:\/\/www.morh.hr\/wp-content\/uploads\/2017\/10\/bov_03072017_01.jpg","datePublished":"2017-07-03T10:16:49+00:00","dateModified":"2023-12-06T08:42:07+00:00","author":{"@id":"https:\/\/www.morh.hr\/en\/#\/schema\/person\/2d72e03399043d9513ab6bec75f2ce27"},"description":"Foto: MORH\/ J. Kopi","breadcrumb":{"@id":"https:\/\/www.morh.hr\/en\/fotogalerija-pripadnici-os-rh-sudjeluju-na-vjezbi-saber-guardian-17\/#breadcrumb"},"inLanguage":"en-US","potentialAction":[{"@type":"ReadAction","target":["https:\/\/www.morh.hr\/en\/fotogalerija-pripadnici-os-rh-sudjeluju-na-vjezbi-saber-guardian-17\/"]}]},{"@type":"ImageObject","inLanguage":"en-US","@id":"https:\/\/www.morh.hr\/en\/fotogalerija-pripadnici-os-rh-sudjeluju-na-vjezbi-saber-guardian-17\/#primaryimage","url":"https:\/\/www.morh.hr\/wp-content\/uploads\/2017\/10\/bov_03072017_01.jpg","contentUrl":"https:\/\/www.morh.hr\/wp-content\/uploads\/2017\/10\/bov_03072017_01.jpg","width":1200,"height":800,"caption":"Foto: MORH\/ J. Kopi"},{"@type":"BreadcrumbList","@id":"https:\/\/www.morh.hr\/en\/fotogalerija-pripadnici-os-rh-sudjeluju-na-vjezbi-saber-guardian-17\/#breadcrumb","itemListElement":[{"@type":"ListItem","position":1,"name":"Naslovnica","item":"https:\/\/www.morh.hr\/en\/"},{"@type":"ListItem","position":2,"name":"Multimedija","item":"https:\/\/www.morh.hr\/en\/kategorija\/multimedija-en\/"},{"@type":"ListItem","position":3,"name":"Fotogalerije","item":"https:\/\/www.morh.hr\/en\/kategorija\/multimedija-en\/fotogalerije-en\/"},{"@type":"ListItem","position":4,"name":"Fotogalerije: vojne vje\u017ebe","item":"https:\/\/www.morh.hr\/en\/kategorija\/multimedija-en\/fotogalerije-en\/fotogalerije-vojne-vjezbe-en\/"},{"@type":"ListItem","position":5,"name":"Fotogalerija: Pripadnici OS RH sudjeluju na vje\u017ebi &#8220;SABER GUARDIAN 17&#8221;"}]},{"@type":"WebSite","@id":"https:\/\/www.morh.hr\/en\/#website","url":"https:\/\/www.morh.hr\/en\/","name":"MORH","description":"Ministarstvo obrane Republike Hrvatske - slu\u017ebene stranice","potentialAction":[{"@type":"SearchAction","target":{"@type":"EntryPoint","urlTemplate":"https:\/\/www.morh.hr\/en\/?s={search_term_string}"},"query-input":{"@type":"PropertyValueSpecification","valueRequired":true,"valueName":"search_term_string"}}],"inLanguage":"en-US"},{"@type":"Person","@id":"https:\/\/www.morh.hr\/en\/#\/schema\/person\/2d72e03399043d9513ab6bec75f2ce27","name":"Drazen","image":{"@type":"ImageObject","inLanguage":"en-US","@id":"https:\/\/www.morh.hr\/en\/#\/schema\/person\/image\/","url":"https:\/\/secure.gravatar.com\/avatar\/e36ef7e573425ae72988c73df868c1e87a656b0e005ca4fd7d30d2ba7e49c9cf?s=96&d=mm&r=g","contentUrl":"https:\/\/secure.gravatar.com\/avatar\/e36ef7e573425ae72988c73df868c1e87a656b0e005ca4fd7d30d2ba7e49c9cf?s=96&d=mm&r=g","caption":"Drazen"}}]}},"_links":{"self":[{"href":"https:\/\/www.morh.hr\/en\/wp-json\/wp\/v2\/posts\/52937","targetHints":{"allow":["GET"]}}],"collection":[{"href":"https:\/\/www.morh.hr\/en\/wp-json\/wp\/v2\/posts"}],"about":[{"href":"https:\/\/www.morh.hr\/en\/wp-json\/wp\/v2\/types\/post"}],"author":[{"embeddable":true,"href":"https:\/\/www.morh.hr\/en\/wp-json\/wp\/v2\/users\/3"}],"replies":[{"embeddable":true,"href":"https:\/\/www.morh.hr\/en\/wp-json\/wp\/v2\/comments?post=52937"}],"version-history":[{"count":0,"href":"https:\/\/www.morh.hr\/en\/wp-json\/wp\/v2\/posts\/52937\/revisions"}],"wp:featuredmedia":[{"embeddable":true,"href":"https:\/\/www.morh.hr\/en\/wp-json\/wp\/v2\/media\/49617"}],"wp:attachment":[{"href":"https:\/\/www.morh.hr\/en\/wp-json\/wp\/v2\/media?parent=52937"}],"wp:term":[{"taxonomy":"category","embeddable":true,"href":"https:\/\/www.morh.hr\/en\/wp-json\/wp\/v2\/categories?post=52937"},{"taxonomy":"post_tag","embeddable":true,"href":"https:\/\/www.morh.hr\/en\/wp-json\/wp\/v2\/tags?post=52937"}],"curies":[{"name":"wp","href":"https:\/\/api.w.org\/{rel}","templated":true}]}}