{"id":52974,"date":"2017-05-30T14:15:04","date_gmt":"2017-05-30T12:15:04","guid":{"rendered":"https:\/\/www.morh.hr\/fotogalerija-okrugli-stol-s-predstavnicima-akademske-i-znanstvene-zajednice\/"},"modified":"2023-11-29T13:36:23","modified_gmt":"2023-11-29T12:36:23","slug":"fotogalerija-okrugli-stol-s-predstavnicima-akademske-i-znanstvene-zajednice","status":"publish","type":"post","link":"https:\/\/www.morh.hr\/en\/fotogalerija-okrugli-stol-s-predstavnicima-akademske-i-znanstvene-zajednice\/","title":{"rendered":"Fotogalerija: Okrugli stol s predstavnicima akademske i znanstvene zajednice"},"content":{"rendered":"<div class=\"morh-galleria\"><a href=\"https:\/\/live.staticflickr.com\/65535\/53364217430_da88d35e65_b.jpg\" title=\"Okrugli stol s predstavnicima akademske i znanstvene zajednice\"><img decoding=\"async\" data-title=\"Okrugli stol s predstavnicima akademske i znanstvene zajednice\" data-description=\"U Ministarstvu obrane RH je u utorak, 30. svibnja 2017., odr\u017ean okrugli stol o nacrtu Prijedloga Strategije nacionalne sigurnosti s predstavnicima akademske i znanstvene zajednice\" alt=\"Okrugli stol s predstavnicima akademske i znanstvene zajednice\" src=\"https:\/\/live.staticflickr.com\/65535\/53364217430_da88d35e65_b.jpg\" data-layer=\"&lt;div class=&#039;morh-gallery-image-download&#039;&gt;&lt;a href=&#039;https:\/\/live.staticflickr.com\/65535\/53364217430_041a26d3dc_o.jpg&#039; target=&#039;_blank&#039;&gt;Slika za preuzimanje&lt;\/a&gt;&lt;\/div&gt;\" \/><\/a><a href=\"https:\/\/live.staticflickr.com\/65535\/53363973608_5362c3d2ff_b.jpg\" title=\"Okrugli stol s predstavnicima akademske i znanstvene zajednice\"><img decoding=\"async\" data-title=\"Okrugli stol s predstavnicima akademske i znanstvene zajednice\" data-description=\"U Ministarstvu obrane RH je u utorak, 30. svibnja 2017., odr\u017ean okrugli stol o nacrtu Prijedloga Strategije nacionalne sigurnosti s predstavnicima akademske i znanstvene zajednice\" alt=\"Okrugli stol s predstavnicima akademske i znanstvene zajednice\" src=\"https:\/\/live.staticflickr.com\/65535\/53363973608_5362c3d2ff_b.jpg\" data-layer=\"&lt;div class=&#039;morh-gallery-image-download&#039;&gt;&lt;a href=&#039;https:\/\/live.staticflickr.com\/65535\/53363973608_da3945e203_o.jpg&#039; target=&#039;_blank&#039;&gt;Slika za preuzimanje&lt;\/a&gt;&lt;\/div&gt;\" \/><\/a><a href=\"https:\/\/live.staticflickr.com\/65535\/53363772371_c477b234c2_b.jpg\" title=\"Okrugli stol s predstavnicima akademske i znanstvene zajednice\"><img decoding=\"async\" data-title=\"Okrugli stol s predstavnicima akademske i znanstvene zajednice\" data-description=\"U Ministarstvu obrane RH je u utorak, 30. svibnja 2017., odr\u017ean okrugli stol o nacrtu Prijedloga Strategije nacionalne sigurnosti s predstavnicima akademske i znanstvene zajednice\" alt=\"Okrugli stol s predstavnicima akademske i znanstvene zajednice\" src=\"https:\/\/live.staticflickr.com\/65535\/53363772371_c477b234c2_b.jpg\" data-layer=\"&lt;div class=&#039;morh-gallery-image-download&#039;&gt;&lt;a href=&#039;https:\/\/live.staticflickr.com\/65535\/53363772371_f3f4f34783_o.jpg&#039; target=&#039;_blank&#039;&gt;Slika za preuzimanje&lt;\/a&gt;&lt;\/div&gt;\" \/><\/a><a href=\"https:\/\/live.staticflickr.com\/65535\/53362886867_1e6f941956_b.jpg\" title=\"Okrugli stol s predstavnicima akademske i znanstvene zajednice\"><img decoding=\"async\" data-title=\"Okrugli stol s predstavnicima akademske i znanstvene zajednice\" data-description=\"U Ministarstvu obrane RH je u utorak, 30. svibnja 2017., odr\u017ean okrugli stol o nacrtu Prijedloga Strategije nacionalne sigurnosti s predstavnicima akademske i znanstvene zajednice\" alt=\"Okrugli stol s predstavnicima akademske i znanstvene zajednice\" src=\"https:\/\/live.staticflickr.com\/65535\/53362886867_1e6f941956_b.jpg\" data-layer=\"&lt;div class=&#039;morh-gallery-image-download&#039;&gt;&lt;a href=&#039;https:\/\/live.staticflickr.com\/65535\/53362886867_cefd2768bf_o.jpg&#039; target=&#039;_blank&#039;&gt;Slika za preuzimanje&lt;\/a&gt;&lt;\/div&gt;\" \/><\/a><a href=\"https:\/\/live.staticflickr.com\/65535\/53363973578_9d3502d7ef_b.jpg\" title=\"Okrugli stol s predstavnicima akademske i znanstvene zajednice\"><img decoding=\"async\" data-title=\"Okrugli stol s predstavnicima akademske i znanstvene zajednice\" data-description=\"U Ministarstvu obrane RH je u utorak, 30. svibnja 2017., odr\u017ean okrugli stol o nacrtu Prijedloga Strategije nacionalne sigurnosti s predstavnicima akademske i znanstvene zajednice\" alt=\"Okrugli stol s predstavnicima akademske i znanstvene zajednice\" src=\"https:\/\/live.staticflickr.com\/65535\/53363973578_9d3502d7ef_b.jpg\" data-layer=\"&lt;div class=&#039;morh-gallery-image-download&#039;&gt;&lt;a href=&#039;https:\/\/live.staticflickr.com\/65535\/53363973578_c5cb780c31_o.jpg&#039; target=&#039;_blank&#039;&gt;Slika za preuzimanje&lt;\/a&gt;&lt;\/div&gt;\" \/><\/a><a href=\"https:\/\/live.staticflickr.com\/65535\/53363772346_237679d4b9_b.jpg\" title=\"Okrugli stol s predstavnicima akademske i znanstvene zajednice\"><img decoding=\"async\" data-title=\"Okrugli stol s predstavnicima akademske i znanstvene zajednice\" data-description=\"U Ministarstvu obrane RH je u utorak, 30. svibnja 2017., odr\u017ean okrugli stol o nacrtu Prijedloga Strategije nacionalne sigurnosti s predstavnicima akademske i znanstvene zajednice\" alt=\"Okrugli stol s predstavnicima akademske i znanstvene zajednice\" src=\"https:\/\/live.staticflickr.com\/65535\/53363772346_237679d4b9_b.jpg\" data-layer=\"&lt;div class=&#039;morh-gallery-image-download&#039;&gt;&lt;a href=&#039;https:\/\/live.staticflickr.com\/65535\/53363772346_405aa9f761_o.jpg&#039; target=&#039;_blank&#039;&gt;Slika za preuzimanje&lt;\/a&gt;&lt;\/div&gt;\" \/><\/a><a href=\"https:\/\/live.staticflickr.com\/65535\/53362886862_82f100ac19_b.jpg\" title=\"Okrugli stol s predstavnicima akademske i znanstvene zajednice\"><img decoding=\"async\" data-title=\"Okrugli stol s predstavnicima akademske i znanstvene zajednice\" data-description=\"U Ministarstvu obrane RH je u utorak, 30. svibnja 2017., odr\u017ean okrugli stol o nacrtu Prijedloga Strategije nacionalne sigurnosti s predstavnicima akademske i znanstvene zajednice\" alt=\"Okrugli stol s predstavnicima akademske i znanstvene zajednice\" src=\"https:\/\/live.staticflickr.com\/65535\/53362886862_82f100ac19_b.jpg\" data-layer=\"&lt;div class=&#039;morh-gallery-image-download&#039;&gt;&lt;a href=&#039;https:\/\/live.staticflickr.com\/65535\/53362886862_f6c3347a4b_o.jpg&#039; target=&#039;_blank&#039;&gt;Slika za preuzimanje&lt;\/a&gt;&lt;\/div&gt;\" \/><\/a><a href=\"https:\/\/live.staticflickr.com\/65535\/53364089744_a5d885f96f_b.jpg\" title=\"Okrugli stol s predstavnicima akademske i znanstvene zajednice\"><img decoding=\"async\" data-title=\"Okrugli stol s predstavnicima akademske i znanstvene zajednice\" data-description=\"U Ministarstvu obrane RH je u utorak, 30. svibnja 2017., odr\u017ean okrugli stol o nacrtu Prijedloga Strategije nacionalne sigurnosti s predstavnicima akademske i znanstvene zajednice\" alt=\"Okrugli stol s predstavnicima akademske i znanstvene zajednice\" src=\"https:\/\/live.staticflickr.com\/65535\/53364089744_a5d885f96f_b.jpg\" data-layer=\"&lt;div class=&#039;morh-gallery-image-download&#039;&gt;&lt;a href=&#039;https:\/\/live.staticflickr.com\/65535\/53364089744_1240790d1e_o.jpg&#039; target=&#039;_blank&#039;&gt;Slika za preuzimanje&lt;\/a&gt;&lt;\/div&gt;\" \/><\/a><a href=\"https:\/\/live.staticflickr.com\/65535\/53363973563_5c20ba7469_b.jpg\" title=\"Okrugli stol s predstavnicima akademske i znanstvene zajednice\"><img decoding=\"async\" data-title=\"Okrugli stol s predstavnicima akademske i znanstvene zajednice\" data-description=\"U Ministarstvu obrane RH je u utorak, 30. svibnja 2017., odr\u017ean okrugli stol o nacrtu Prijedloga Strategije nacionalne sigurnosti s predstavnicima akademske i znanstvene zajednice\" alt=\"Okrugli stol s predstavnicima akademske i znanstvene zajednice\" src=\"https:\/\/live.staticflickr.com\/65535\/53363973563_5c20ba7469_b.jpg\" data-layer=\"&lt;div class=&#039;morh-gallery-image-download&#039;&gt;&lt;a href=&#039;https:\/\/live.staticflickr.com\/65535\/53363973563_7877f4965d_o.jpg&#039; target=&#039;_blank&#039;&gt;Slika za preuzimanje&lt;\/a&gt;&lt;\/div&gt;\" \/><\/a><a href=\"https:\/\/live.staticflickr.com\/65535\/53363973558_d7882d2bca_b.jpg\" title=\"Okrugli stol s predstavnicima akademske i znanstvene zajednice\"><img decoding=\"async\" data-title=\"Okrugli stol s predstavnicima akademske i znanstvene zajednice\" data-description=\"U Ministarstvu obrane RH je u utorak, 30. svibnja 2017., odr\u017ean okrugli stol o nacrtu Prijedloga Strategije nacionalne sigurnosti s predstavnicima akademske i znanstvene zajednice\" alt=\"Okrugli stol s predstavnicima akademske i znanstvene zajednice\" src=\"https:\/\/live.staticflickr.com\/65535\/53363973558_d7882d2bca_b.jpg\" data-layer=\"&lt;div class=&#039;morh-gallery-image-download&#039;&gt;&lt;a href=&#039;https:\/\/live.staticflickr.com\/65535\/53363973558_ed91512b54_o.jpg&#039; target=&#039;_blank&#039;&gt;Slika za preuzimanje&lt;\/a&gt;&lt;\/div&gt;\" \/><\/a><\/div><!--\/.morh-galleria -->\n","protected":false},"excerpt":{"rendered":"","protected":false},"author":3,"featured_media":48818,"comment_status":"closed","ping_status":"closed","sticky":false,"template":"","format":"standard","meta":{"_acf_changed":false,"_monsterinsights_skip_tracking":false,"_monsterinsights_sitenote_active":false,"_monsterinsights_sitenote_note":"","_monsterinsights_sitenote_category":0,"footnotes":""},"categories":[329,379],"tags":[],"class_list":["post-52974","post","type-post","status-publish","format-standard","has-post-thumbnail","hentry","category-fotogalerije-dogadaji-en","category-hrvatsko-vojno-uciliste-en"],"acf":[],"yoast_head":"<!-- This site is optimized with the Yoast SEO plugin v26.9 - https:\/\/yoast.com\/product\/yoast-seo-wordpress\/ -->\n<title>Fotogalerija: Okrugli stol s predstavnicima akademske i znanstvene zajednice - MORH<\/title>\n<meta name=\"robots\" content=\"index, follow, max-snippet:-1, max-image-preview:large, max-video-preview:-1\" \/>\n<link rel=\"canonical\" href=\"https:\/\/www.morh.hr\/en\/fotogalerija-okrugli-stol-s-predstavnicima-akademske-i-znanstvene-zajednice\/\" \/>\n<meta property=\"og:locale\" content=\"en_US\" \/>\n<meta property=\"og:type\" content=\"article\" \/>\n<meta property=\"og:title\" content=\"Fotogalerija: Okrugli stol s predstavnicima akademske i znanstvene zajednice - MORH\" \/>\n<meta property=\"og:url\" content=\"https:\/\/www.morh.hr\/en\/fotogalerija-okrugli-stol-s-predstavnicima-akademske-i-znanstvene-zajednice\/\" \/>\n<meta property=\"og:site_name\" content=\"MORH\" \/>\n<meta property=\"article:publisher\" content=\"https:\/\/www.facebook.com\/sportasiuhrvatskojvojsci\/\" \/>\n<meta property=\"article:published_time\" content=\"2017-05-30T12:15:04+00:00\" \/>\n<meta property=\"article:modified_time\" content=\"2023-11-29T12:36:23+00:00\" \/>\n<meta property=\"og:image\" content=\"https:\/\/www.morh.hr\/wp-content\/uploads\/2017\/10\/hazu_30052017_01.jpg\" \/>\n\t<meta property=\"og:image:width\" content=\"1200\" \/>\n\t<meta property=\"og:image:height\" content=\"800\" \/>\n\t<meta property=\"og:image:type\" content=\"image\/jpeg\" \/>\n<meta name=\"author\" content=\"Drazen\" \/>\n<meta name=\"twitter:card\" content=\"summary_large_image\" \/>\n<meta name=\"twitter:creator\" content=\"@morh_osrh\" \/>\n<meta name=\"twitter:site\" content=\"@morh_osrh\" \/>\n<meta name=\"twitter:label1\" content=\"Written by\" \/>\n\t<meta name=\"twitter:data1\" content=\"Drazen\" \/>\n<script type=\"application\/ld+json\" class=\"yoast-schema-graph\">{\"@context\":\"https:\/\/schema.org\",\"@graph\":[{\"@type\":\"Article\",\"@id\":\"https:\/\/www.morh.hr\/en\/fotogalerija-okrugli-stol-s-predstavnicima-akademske-i-znanstvene-zajednice\/#article\",\"isPartOf\":{\"@id\":\"https:\/\/www.morh.hr\/en\/fotogalerija-okrugli-stol-s-predstavnicima-akademske-i-znanstvene-zajednice\/\"},\"author\":{\"name\":\"Drazen\",\"@id\":\"https:\/\/www.morh.hr\/en\/#\/schema\/person\/2d72e03399043d9513ab6bec75f2ce27\"},\"headline\":\"Fotogalerija: Okrugli stol s predstavnicima akademske i znanstvene zajednice\",\"datePublished\":\"2017-05-30T12:15:04+00:00\",\"dateModified\":\"2023-11-29T12:36:23+00:00\",\"mainEntityOfPage\":{\"@id\":\"https:\/\/www.morh.hr\/en\/fotogalerija-okrugli-stol-s-predstavnicima-akademske-i-znanstvene-zajednice\/\"},\"wordCount\":18,\"image\":{\"@id\":\"https:\/\/www.morh.hr\/en\/fotogalerija-okrugli-stol-s-predstavnicima-akademske-i-znanstvene-zajednice\/#primaryimage\"},\"thumbnailUrl\":\"https:\/\/www.morh.hr\/wp-content\/uploads\/2017\/10\/hazu_30052017_01.jpg\",\"articleSection\":[\"Fotogalerije: doga\u0111aji\",\"Fotogalerije: Hrvatsko vojno u\u010dili\u0161te\"],\"inLanguage\":\"en-US\"},{\"@type\":\"WebPage\",\"@id\":\"https:\/\/www.morh.hr\/en\/fotogalerija-okrugli-stol-s-predstavnicima-akademske-i-znanstvene-zajednice\/\",\"url\":\"https:\/\/www.morh.hr\/en\/fotogalerija-okrugli-stol-s-predstavnicima-akademske-i-znanstvene-zajednice\/\",\"name\":\"Fotogalerija: Okrugli stol s predstavnicima akademske i znanstvene zajednice - MORH\",\"isPartOf\":{\"@id\":\"https:\/\/www.morh.hr\/en\/#website\"},\"primaryImageOfPage\":{\"@id\":\"https:\/\/www.morh.hr\/en\/fotogalerija-okrugli-stol-s-predstavnicima-akademske-i-znanstvene-zajednice\/#primaryimage\"},\"image\":{\"@id\":\"https:\/\/www.morh.hr\/en\/fotogalerija-okrugli-stol-s-predstavnicima-akademske-i-znanstvene-zajednice\/#primaryimage\"},\"thumbnailUrl\":\"https:\/\/www.morh.hr\/wp-content\/uploads\/2017\/10\/hazu_30052017_01.jpg\",\"datePublished\":\"2017-05-30T12:15:04+00:00\",\"dateModified\":\"2023-11-29T12:36:23+00:00\",\"author\":{\"@id\":\"https:\/\/www.morh.hr\/en\/#\/schema\/person\/2d72e03399043d9513ab6bec75f2ce27\"},\"breadcrumb\":{\"@id\":\"https:\/\/www.morh.hr\/en\/fotogalerija-okrugli-stol-s-predstavnicima-akademske-i-znanstvene-zajednice\/#breadcrumb\"},\"inLanguage\":\"en-US\",\"potentialAction\":[{\"@type\":\"ReadAction\",\"target\":[\"https:\/\/www.morh.hr\/en\/fotogalerija-okrugli-stol-s-predstavnicima-akademske-i-znanstvene-zajednice\/\"]}]},{\"@type\":\"ImageObject\",\"inLanguage\":\"en-US\",\"@id\":\"https:\/\/www.morh.hr\/en\/fotogalerija-okrugli-stol-s-predstavnicima-akademske-i-znanstvene-zajednice\/#primaryimage\",\"url\":\"https:\/\/www.morh.hr\/wp-content\/uploads\/2017\/10\/hazu_30052017_01.jpg\",\"contentUrl\":\"https:\/\/www.morh.hr\/wp-content\/uploads\/2017\/10\/hazu_30052017_01.jpg\",\"width\":1200,\"height\":800,\"caption\":\"Foto: MORH\/ J. Kopi\"},{\"@type\":\"BreadcrumbList\",\"@id\":\"https:\/\/www.morh.hr\/en\/fotogalerija-okrugli-stol-s-predstavnicima-akademske-i-znanstvene-zajednice\/#breadcrumb\",\"itemListElement\":[{\"@type\":\"ListItem\",\"position\":1,\"name\":\"Naslovnica\",\"item\":\"https:\/\/www.morh.hr\/en\/\"},{\"@type\":\"ListItem\",\"position\":2,\"name\":\"Multimedija\",\"item\":\"https:\/\/www.morh.hr\/en\/kategorija\/multimedija-en\/\"},{\"@type\":\"ListItem\",\"position\":3,\"name\":\"Fotogalerije\",\"item\":\"https:\/\/www.morh.hr\/en\/kategorija\/multimedija-en\/fotogalerije-en\/\"},{\"@type\":\"ListItem\",\"position\":4,\"name\":\"Fotogalerije: doga\u0111aji\",\"item\":\"https:\/\/www.morh.hr\/en\/kategorija\/multimedija-en\/fotogalerije-en\/fotogalerije-dogadaji-en\/\"},{\"@type\":\"ListItem\",\"position\":5,\"name\":\"Fotogalerija: Okrugli stol s predstavnicima akademske i znanstvene zajednice\"}]},{\"@type\":\"WebSite\",\"@id\":\"https:\/\/www.morh.hr\/en\/#website\",\"url\":\"https:\/\/www.morh.hr\/en\/\",\"name\":\"MORH\",\"description\":\"Ministarstvo obrane Republike Hrvatske - slu\u017ebene stranice\",\"potentialAction\":[{\"@type\":\"SearchAction\",\"target\":{\"@type\":\"EntryPoint\",\"urlTemplate\":\"https:\/\/www.morh.hr\/en\/?s={search_term_string}\"},\"query-input\":{\"@type\":\"PropertyValueSpecification\",\"valueRequired\":true,\"valueName\":\"search_term_string\"}}],\"inLanguage\":\"en-US\"},{\"@type\":\"Person\",\"@id\":\"https:\/\/www.morh.hr\/en\/#\/schema\/person\/2d72e03399043d9513ab6bec75f2ce27\",\"name\":\"Drazen\",\"image\":{\"@type\":\"ImageObject\",\"inLanguage\":\"en-US\",\"@id\":\"https:\/\/www.morh.hr\/en\/#\/schema\/person\/image\/\",\"url\":\"https:\/\/secure.gravatar.com\/avatar\/e36ef7e573425ae72988c73df868c1e87a656b0e005ca4fd7d30d2ba7e49c9cf?s=96&d=mm&r=g\",\"contentUrl\":\"https:\/\/secure.gravatar.com\/avatar\/e36ef7e573425ae72988c73df868c1e87a656b0e005ca4fd7d30d2ba7e49c9cf?s=96&d=mm&r=g\",\"caption\":\"Drazen\"}}]}<\/script>\n<!-- \/ Yoast SEO plugin. -->","yoast_head_json":{"title":"Fotogalerija: Okrugli stol s predstavnicima akademske i znanstvene zajednice - MORH","robots":{"index":"index","follow":"follow","max-snippet":"max-snippet:-1","max-image-preview":"max-image-preview:large","max-video-preview":"max-video-preview:-1"},"canonical":"https:\/\/www.morh.hr\/en\/fotogalerija-okrugli-stol-s-predstavnicima-akademske-i-znanstvene-zajednice\/","og_locale":"en_US","og_type":"article","og_title":"Fotogalerija: Okrugli stol s predstavnicima akademske i znanstvene zajednice - MORH","og_url":"https:\/\/www.morh.hr\/en\/fotogalerija-okrugli-stol-s-predstavnicima-akademske-i-znanstvene-zajednice\/","og_site_name":"MORH","article_publisher":"https:\/\/www.facebook.com\/sportasiuhrvatskojvojsci\/","article_published_time":"2017-05-30T12:15:04+00:00","article_modified_time":"2023-11-29T12:36:23+00:00","og_image":[{"width":1200,"height":800,"url":"https:\/\/www.morh.hr\/wp-content\/uploads\/2017\/10\/hazu_30052017_01.jpg","type":"image\/jpeg"}],"author":"Drazen","twitter_card":"summary_large_image","twitter_creator":"@morh_osrh","twitter_site":"@morh_osrh","twitter_misc":{"Written by":"Drazen"},"schema":{"@context":"https:\/\/schema.org","@graph":[{"@type":"Article","@id":"https:\/\/www.morh.hr\/en\/fotogalerija-okrugli-stol-s-predstavnicima-akademske-i-znanstvene-zajednice\/#article","isPartOf":{"@id":"https:\/\/www.morh.hr\/en\/fotogalerija-okrugli-stol-s-predstavnicima-akademske-i-znanstvene-zajednice\/"},"author":{"name":"Drazen","@id":"https:\/\/www.morh.hr\/en\/#\/schema\/person\/2d72e03399043d9513ab6bec75f2ce27"},"headline":"Fotogalerija: Okrugli stol s predstavnicima akademske i znanstvene zajednice","datePublished":"2017-05-30T12:15:04+00:00","dateModified":"2023-11-29T12:36:23+00:00","mainEntityOfPage":{"@id":"https:\/\/www.morh.hr\/en\/fotogalerija-okrugli-stol-s-predstavnicima-akademske-i-znanstvene-zajednice\/"},"wordCount":18,"image":{"@id":"https:\/\/www.morh.hr\/en\/fotogalerija-okrugli-stol-s-predstavnicima-akademske-i-znanstvene-zajednice\/#primaryimage"},"thumbnailUrl":"https:\/\/www.morh.hr\/wp-content\/uploads\/2017\/10\/hazu_30052017_01.jpg","articleSection":["Fotogalerije: doga\u0111aji","Fotogalerije: Hrvatsko vojno u\u010dili\u0161te"],"inLanguage":"en-US"},{"@type":"WebPage","@id":"https:\/\/www.morh.hr\/en\/fotogalerija-okrugli-stol-s-predstavnicima-akademske-i-znanstvene-zajednice\/","url":"https:\/\/www.morh.hr\/en\/fotogalerija-okrugli-stol-s-predstavnicima-akademske-i-znanstvene-zajednice\/","name":"Fotogalerija: Okrugli stol s predstavnicima akademske i znanstvene zajednice - MORH","isPartOf":{"@id":"https:\/\/www.morh.hr\/en\/#website"},"primaryImageOfPage":{"@id":"https:\/\/www.morh.hr\/en\/fotogalerija-okrugli-stol-s-predstavnicima-akademske-i-znanstvene-zajednice\/#primaryimage"},"image":{"@id":"https:\/\/www.morh.hr\/en\/fotogalerija-okrugli-stol-s-predstavnicima-akademske-i-znanstvene-zajednice\/#primaryimage"},"thumbnailUrl":"https:\/\/www.morh.hr\/wp-content\/uploads\/2017\/10\/hazu_30052017_01.jpg","datePublished":"2017-05-30T12:15:04+00:00","dateModified":"2023-11-29T12:36:23+00:00","author":{"@id":"https:\/\/www.morh.hr\/en\/#\/schema\/person\/2d72e03399043d9513ab6bec75f2ce27"},"breadcrumb":{"@id":"https:\/\/www.morh.hr\/en\/fotogalerija-okrugli-stol-s-predstavnicima-akademske-i-znanstvene-zajednice\/#breadcrumb"},"inLanguage":"en-US","potentialAction":[{"@type":"ReadAction","target":["https:\/\/www.morh.hr\/en\/fotogalerija-okrugli-stol-s-predstavnicima-akademske-i-znanstvene-zajednice\/"]}]},{"@type":"ImageObject","inLanguage":"en-US","@id":"https:\/\/www.morh.hr\/en\/fotogalerija-okrugli-stol-s-predstavnicima-akademske-i-znanstvene-zajednice\/#primaryimage","url":"https:\/\/www.morh.hr\/wp-content\/uploads\/2017\/10\/hazu_30052017_01.jpg","contentUrl":"https:\/\/www.morh.hr\/wp-content\/uploads\/2017\/10\/hazu_30052017_01.jpg","width":1200,"height":800,"caption":"Foto: MORH\/ J. Kopi"},{"@type":"BreadcrumbList","@id":"https:\/\/www.morh.hr\/en\/fotogalerija-okrugli-stol-s-predstavnicima-akademske-i-znanstvene-zajednice\/#breadcrumb","itemListElement":[{"@type":"ListItem","position":1,"name":"Naslovnica","item":"https:\/\/www.morh.hr\/en\/"},{"@type":"ListItem","position":2,"name":"Multimedija","item":"https:\/\/www.morh.hr\/en\/kategorija\/multimedija-en\/"},{"@type":"ListItem","position":3,"name":"Fotogalerije","item":"https:\/\/www.morh.hr\/en\/kategorija\/multimedija-en\/fotogalerije-en\/"},{"@type":"ListItem","position":4,"name":"Fotogalerije: doga\u0111aji","item":"https:\/\/www.morh.hr\/en\/kategorija\/multimedija-en\/fotogalerije-en\/fotogalerije-dogadaji-en\/"},{"@type":"ListItem","position":5,"name":"Fotogalerija: Okrugli stol s predstavnicima akademske i znanstvene zajednice"}]},{"@type":"WebSite","@id":"https:\/\/www.morh.hr\/en\/#website","url":"https:\/\/www.morh.hr\/en\/","name":"MORH","description":"Ministarstvo obrane Republike Hrvatske - slu\u017ebene stranice","potentialAction":[{"@type":"SearchAction","target":{"@type":"EntryPoint","urlTemplate":"https:\/\/www.morh.hr\/en\/?s={search_term_string}"},"query-input":{"@type":"PropertyValueSpecification","valueRequired":true,"valueName":"search_term_string"}}],"inLanguage":"en-US"},{"@type":"Person","@id":"https:\/\/www.morh.hr\/en\/#\/schema\/person\/2d72e03399043d9513ab6bec75f2ce27","name":"Drazen","image":{"@type":"ImageObject","inLanguage":"en-US","@id":"https:\/\/www.morh.hr\/en\/#\/schema\/person\/image\/","url":"https:\/\/secure.gravatar.com\/avatar\/e36ef7e573425ae72988c73df868c1e87a656b0e005ca4fd7d30d2ba7e49c9cf?s=96&d=mm&r=g","contentUrl":"https:\/\/secure.gravatar.com\/avatar\/e36ef7e573425ae72988c73df868c1e87a656b0e005ca4fd7d30d2ba7e49c9cf?s=96&d=mm&r=g","caption":"Drazen"}}]}},"_links":{"self":[{"href":"https:\/\/www.morh.hr\/en\/wp-json\/wp\/v2\/posts\/52974","targetHints":{"allow":["GET"]}}],"collection":[{"href":"https:\/\/www.morh.hr\/en\/wp-json\/wp\/v2\/posts"}],"about":[{"href":"https:\/\/www.morh.hr\/en\/wp-json\/wp\/v2\/types\/post"}],"author":[{"embeddable":true,"href":"https:\/\/www.morh.hr\/en\/wp-json\/wp\/v2\/users\/3"}],"replies":[{"embeddable":true,"href":"https:\/\/www.morh.hr\/en\/wp-json\/wp\/v2\/comments?post=52974"}],"version-history":[{"count":0,"href":"https:\/\/www.morh.hr\/en\/wp-json\/wp\/v2\/posts\/52974\/revisions"}],"wp:featuredmedia":[{"embeddable":true,"href":"https:\/\/www.morh.hr\/en\/wp-json\/wp\/v2\/media\/48818"}],"wp:attachment":[{"href":"https:\/\/www.morh.hr\/en\/wp-json\/wp\/v2\/media?parent=52974"}],"wp:term":[{"taxonomy":"category","embeddable":true,"href":"https:\/\/www.morh.hr\/en\/wp-json\/wp\/v2\/categories?post=52974"},{"taxonomy":"post_tag","embeddable":true,"href":"https:\/\/www.morh.hr\/en\/wp-json\/wp\/v2\/tags?post=52974"}],"curies":[{"name":"wp","href":"https:\/\/api.w.org\/{rel}","templated":true}]}}