{"id":54792,"date":"2011-05-22T11:43:08","date_gmt":"2011-05-22T09:43:08","guid":{"rendered":"https:\/\/www.morh.hr\/fotogalerija-ministri-bozinovic-i-ivic-na-vojno-redarstvenom-hodocascu-u-lourdesu\/"},"modified":"2023-03-21T09:58:08","modified_gmt":"2023-03-21T08:58:08","slug":"fotogalerija-ministri-bozinovic-i-ivic-na-vojno-redarstvenom-hodocascu-u-lourdesu","status":"publish","type":"post","link":"https:\/\/www.morh.hr\/en\/fotogalerija-ministri-bozinovic-i-ivic-na-vojno-redarstvenom-hodocascu-u-lourdesu\/","title":{"rendered":"Fotogalerija: Ministri Bo\u017einovi\u0107 i Ivi\u0107 na vojno-redarstvenom hodo\u010da\u0161\u0107u u Lourdesu"},"content":{"rendered":"<div class=\"morh-galleria\"><a href=\"https:\/\/live.staticflickr.com\/65535\/52761408646_cc54748db8_b.jpg\" title=\"Ministri Bo\u017einovi\u0107 i Ivi\u0107 na vojno-redarstvenom hodo\u010da\u0161\u0107u u Lourdesu\"><img decoding=\"async\" data-title=\"Ministri Bo\u017einovi\u0107 i Ivi\u0107 na vojno-redarstvenom hodo\u010da\u0161\u0107u u Lourdesu\" data-description=\"Foto: MORH\" alt=\"Ministri Bo\u017einovi\u0107 i Ivi\u0107 na vojno-redarstvenom hodo\u010da\u0161\u0107u u Lourdesu\" src=\"https:\/\/live.staticflickr.com\/65535\/52761408646_cc54748db8_b.jpg\" data-layer=\"&lt;div class=&#039;morh-gallery-image-download&#039;&gt;&lt;a href=&#039;https:\/\/live.staticflickr.com\/65535\/52761408646_30c457b28f_o.jpg&#039; target=&#039;_blank&#039;&gt;Slika za preuzimanje&lt;\/a&gt;&lt;\/div&gt;\" \/><\/a><a href=\"https:\/\/live.staticflickr.com\/65535\/52761408636_b5dee8c051_b.jpg\" title=\"Ministri Bo\u017einovi\u0107 i Ivi\u0107 na vojno-redarstvenom hodo\u010da\u0161\u0107u u Lourdesu\"><img decoding=\"async\" data-title=\"Ministri Bo\u017einovi\u0107 i Ivi\u0107 na vojno-redarstvenom hodo\u010da\u0161\u0107u u Lourdesu\" data-description=\"Foto: MORH\" alt=\"Ministri Bo\u017einovi\u0107 i Ivi\u0107 na vojno-redarstvenom hodo\u010da\u0161\u0107u u Lourdesu\" src=\"https:\/\/live.staticflickr.com\/65535\/52761408636_b5dee8c051_b.jpg\" data-layer=\"&lt;div class=&#039;morh-gallery-image-download&#039;&gt;&lt;a href=&#039;https:\/\/live.staticflickr.com\/65535\/52761408636_8d7e5a2c74_o.jpg&#039; target=&#039;_blank&#039;&gt;Slika za preuzimanje&lt;\/a&gt;&lt;\/div&gt;\" \/><\/a><a href=\"https:\/\/live.staticflickr.com\/65535\/52761896973_c7f48b83e2_b.jpg\" title=\"Ministri Bo\u017einovi\u0107 i Ivi\u0107 na vojno-redarstvenom hodo\u010da\u0161\u0107u u Lourdesu\"><img decoding=\"async\" data-title=\"Ministri Bo\u017einovi\u0107 i Ivi\u0107 na vojno-redarstvenom hodo\u010da\u0161\u0107u u Lourdesu\" data-description=\"Foto: MORH\" alt=\"Ministri Bo\u017einovi\u0107 i Ivi\u0107 na vojno-redarstvenom hodo\u010da\u0161\u0107u u Lourdesu\" src=\"https:\/\/live.staticflickr.com\/65535\/52761896973_c7f48b83e2_b.jpg\" data-layer=\"&lt;div class=&#039;morh-gallery-image-download&#039;&gt;&lt;a href=&#039;https:\/\/live.staticflickr.com\/65535\/52761896973_ba255abe11_o.jpg&#039; target=&#039;_blank&#039;&gt;Slika za preuzimanje&lt;\/a&gt;&lt;\/div&gt;\" \/><\/a><a href=\"https:\/\/live.staticflickr.com\/65535\/52761896963_dd67c8ed1b_b.jpg\" title=\"Ministri Bo\u017einovi\u0107 i Ivi\u0107 na vojno-redarstvenom hodo\u010da\u0161\u0107u u Lourdesu\"><img decoding=\"async\" data-title=\"Ministri Bo\u017einovi\u0107 i Ivi\u0107 na vojno-redarstvenom hodo\u010da\u0161\u0107u u Lourdesu\" data-description=\"Foto: MORH\" alt=\"Ministri Bo\u017einovi\u0107 i Ivi\u0107 na vojno-redarstvenom hodo\u010da\u0161\u0107u u Lourdesu\" src=\"https:\/\/live.staticflickr.com\/65535\/52761896963_dd67c8ed1b_b.jpg\" data-layer=\"&lt;div class=&#039;morh-gallery-image-download&#039;&gt;&lt;a href=&#039;https:\/\/live.staticflickr.com\/65535\/52761896963_0c7809930a_o.jpg&#039; target=&#039;_blank&#039;&gt;Slika za preuzimanje&lt;\/a&gt;&lt;\/div&gt;\" \/><\/a><a href=\"https:\/\/live.staticflickr.com\/65535\/52761657299_8b54061501_b.jpg\" title=\"Ministri Bo\u017einovi\u0107 i Ivi\u0107 na vojno-redarstvenom hodo\u010da\u0161\u0107u u Lourdesu\"><img decoding=\"async\" data-title=\"Ministri Bo\u017einovi\u0107 i Ivi\u0107 na vojno-redarstvenom hodo\u010da\u0161\u0107u u Lourdesu\" data-description=\"Foto: MORH\" alt=\"Ministri Bo\u017einovi\u0107 i Ivi\u0107 na vojno-redarstvenom hodo\u010da\u0161\u0107u u Lourdesu\" src=\"https:\/\/live.staticflickr.com\/65535\/52761657299_8b54061501_b.jpg\" data-layer=\"&lt;div class=&#039;morh-gallery-image-download&#039;&gt;&lt;a href=&#039;https:\/\/live.staticflickr.com\/65535\/52761657299_eb0ce1efe9_o.jpg&#039; target=&#039;_blank&#039;&gt;Slika za preuzimanje&lt;\/a&gt;&lt;\/div&gt;\" \/><\/a><a href=\"https:\/\/live.staticflickr.com\/65535\/52761896953_2f43f7db02_h.jpg\" title=\"Ministri Bo\u017einovi\u0107 i Ivi\u0107 na vojno-redarstvenom hodo\u010da\u0161\u0107u u Lourdesu\"><img decoding=\"async\" data-title=\"Ministri Bo\u017einovi\u0107 i Ivi\u0107 na vojno-redarstvenom hodo\u010da\u0161\u0107u u Lourdesu\" data-description=\"Foto: MORH\" alt=\"Ministri Bo\u017einovi\u0107 i Ivi\u0107 na vojno-redarstvenom hodo\u010da\u0161\u0107u u Lourdesu\" src=\"https:\/\/live.staticflickr.com\/65535\/52761896953_2f43f7db02_h.jpg\" data-layer=\"&lt;div class=&#039;morh-gallery-image-download&#039;&gt;&lt;a href=&#039;https:\/\/live.staticflickr.com\/65535\/52761896953_44eab316c0_o.jpg&#039; target=&#039;_blank&#039;&gt;Slika za preuzimanje&lt;\/a&gt;&lt;\/div&gt;\" \/><\/a><a href=\"https:\/\/live.staticflickr.com\/65535\/52761815350_43b5aadecf_h.jpg\" title=\"Ministri Bo\u017einovi\u0107 i Ivi\u0107 na vojno-redarstvenom hodo\u010da\u0161\u0107u u Lourdesu\"><img decoding=\"async\" data-title=\"Ministri Bo\u017einovi\u0107 i Ivi\u0107 na vojno-redarstvenom hodo\u010da\u0161\u0107u u Lourdesu\" data-description=\"Foto: MORH\" alt=\"Ministri Bo\u017einovi\u0107 i Ivi\u0107 na vojno-redarstvenom hodo\u010da\u0161\u0107u u Lourdesu\" src=\"https:\/\/live.staticflickr.com\/65535\/52761815350_43b5aadecf_h.jpg\" data-layer=\"&lt;div class=&#039;morh-gallery-image-download&#039;&gt;&lt;a href=&#039;https:\/\/live.staticflickr.com\/65535\/52761815350_6d69a6ed6a_o.jpg&#039; target=&#039;_blank&#039;&gt;Slika za preuzimanje&lt;\/a&gt;&lt;\/div&gt;\" \/><\/a><a href=\"https:\/\/live.staticflickr.com\/65535\/52761896938_92233cc8b9_h.jpg\" title=\"Ministri Bo\u017einovi\u0107 i Ivi\u0107 na vojno-redarstvenom hodo\u010da\u0161\u0107u u Lourdesu\"><img decoding=\"async\" data-title=\"Ministri Bo\u017einovi\u0107 i Ivi\u0107 na vojno-redarstvenom hodo\u010da\u0161\u0107u u Lourdesu\" data-description=\"Foto: MORH\" alt=\"Ministri Bo\u017einovi\u0107 i Ivi\u0107 na vojno-redarstvenom hodo\u010da\u0161\u0107u u Lourdesu\" src=\"https:\/\/live.staticflickr.com\/65535\/52761896938_92233cc8b9_h.jpg\" data-layer=\"&lt;div class=&#039;morh-gallery-image-download&#039;&gt;&lt;a href=&#039;https:\/\/live.staticflickr.com\/65535\/52761896938_7fcf4fd7dd_o.jpg&#039; target=&#039;_blank&#039;&gt;Slika za preuzimanje&lt;\/a&gt;&lt;\/div&gt;\" \/><\/a><a href=\"https:\/\/live.staticflickr.com\/65535\/52761815335_b073e3e8ac_b.jpg\" title=\"Ministri Bo\u017einovi\u0107 i Ivi\u0107 na vojno-redarstvenom hodo\u010da\u0161\u0107u u Lourdesu\"><img decoding=\"async\" data-title=\"Ministri Bo\u017einovi\u0107 i Ivi\u0107 na vojno-redarstvenom hodo\u010da\u0161\u0107u u Lourdesu\" data-description=\"Foto: MORH\" alt=\"Ministri Bo\u017einovi\u0107 i Ivi\u0107 na vojno-redarstvenom hodo\u010da\u0161\u0107u u Lourdesu\" src=\"https:\/\/live.staticflickr.com\/65535\/52761815335_b073e3e8ac_b.jpg\" data-layer=\"&lt;div class=&#039;morh-gallery-image-download&#039;&gt;&lt;a href=&#039;https:\/\/live.staticflickr.com\/65535\/52761815335_1b08e5a780_o.jpg&#039; target=&#039;_blank&#039;&gt;Slika za preuzimanje&lt;\/a&gt;&lt;\/div&gt;\" \/><\/a><a href=\"https:\/\/live.staticflickr.com\/65535\/52761657544_8c7e43ac95_h.jpg\" title=\"Ministri Bo\u017einovi\u0107 i Ivi\u0107 na vojno-redarstvenom hodo\u010da\u0161\u0107u u Lourdesu\"><img decoding=\"async\" data-title=\"Ministri Bo\u017einovi\u0107 i Ivi\u0107 na vojno-redarstvenom hodo\u010da\u0161\u0107u u Lourdesu\" data-description=\"Foto: MORH\" alt=\"Ministri Bo\u017einovi\u0107 i Ivi\u0107 na vojno-redarstvenom hodo\u010da\u0161\u0107u u Lourdesu\" src=\"https:\/\/live.staticflickr.com\/65535\/52761657544_8c7e43ac95_h.jpg\" data-layer=\"&lt;div class=&#039;morh-gallery-image-download&#039;&gt;&lt;a href=&#039;https:\/\/live.staticflickr.com\/65535\/52761657544_5348c5f57e_o.jpg&#039; target=&#039;_blank&#039;&gt;Slika za preuzimanje&lt;\/a&gt;&lt;\/div&gt;\" \/><\/a><a href=\"https:\/\/live.staticflickr.com\/65535\/52760862192_7462ae678f_b.jpg\" title=\"Ministri Bo\u017einovi\u0107 i Ivi\u0107 na vojno-redarstvenom hodo\u010da\u0161\u0107u u Lourdesu\"><img decoding=\"async\" data-title=\"Ministri Bo\u017einovi\u0107 i Ivi\u0107 na vojno-redarstvenom hodo\u010da\u0161\u0107u u Lourdesu\" data-description=\"Foto: MORH\" alt=\"Ministri Bo\u017einovi\u0107 i Ivi\u0107 na vojno-redarstvenom hodo\u010da\u0161\u0107u u Lourdesu\" src=\"https:\/\/live.staticflickr.com\/65535\/52760862192_7462ae678f_b.jpg\" data-layer=\"&lt;div class=&#039;morh-gallery-image-download&#039;&gt;&lt;a href=&#039;https:\/\/live.staticflickr.com\/65535\/52760862192_1f01b96b1b_o.jpg&#039; target=&#039;_blank&#039;&gt;Slika za preuzimanje&lt;\/a&gt;&lt;\/div&gt;\" \/><\/a><a href=\"https:\/\/live.staticflickr.com\/65535\/52761657524_d1a80bb708_h.jpg\" title=\"Ministri Bo\u017einovi\u0107 i Ivi\u0107 na vojno-redarstvenom hodo\u010da\u0161\u0107u u Lourdesu\"><img decoding=\"async\" data-title=\"Ministri Bo\u017einovi\u0107 i Ivi\u0107 na vojno-redarstvenom hodo\u010da\u0161\u0107u u Lourdesu\" data-description=\"Foto: MORH\" alt=\"Ministri Bo\u017einovi\u0107 i Ivi\u0107 na vojno-redarstvenom hodo\u010da\u0161\u0107u u Lourdesu\" src=\"https:\/\/live.staticflickr.com\/65535\/52761657524_d1a80bb708_h.jpg\" data-layer=\"&lt;div class=&#039;morh-gallery-image-download&#039;&gt;&lt;a href=&#039;https:\/\/live.staticflickr.com\/65535\/52761657524_1a2dbb4453_o.jpg&#039; target=&#039;_blank&#039;&gt;Slika za preuzimanje&lt;\/a&gt;&lt;\/div&gt;\" \/><\/a><a href=\"https:\/\/live.staticflickr.com\/65535\/52761815320_c6f5c22245_b.jpg\" title=\"Ministri Bo\u017einovi\u0107 i Ivi\u0107 na vojno-redarstvenom hodo\u010da\u0161\u0107u u Lourdesu\"><img decoding=\"async\" data-title=\"Ministri Bo\u017einovi\u0107 i Ivi\u0107 na vojno-redarstvenom hodo\u010da\u0161\u0107u u Lourdesu\" data-description=\"Foto: MORH\" alt=\"Ministri Bo\u017einovi\u0107 i Ivi\u0107 na vojno-redarstvenom hodo\u010da\u0161\u0107u u Lourdesu\" src=\"https:\/\/live.staticflickr.com\/65535\/52761815320_c6f5c22245_b.jpg\" data-layer=\"&lt;div class=&#039;morh-gallery-image-download&#039;&gt;&lt;a href=&#039;https:\/\/live.staticflickr.com\/65535\/52761815320_0fbb2efd01_o.jpg&#039; target=&#039;_blank&#039;&gt;Slika za preuzimanje&lt;\/a&gt;&lt;\/div&gt;\" \/><\/a><a href=\"https:\/\/live.staticflickr.com\/65535\/52761896913_2de0034378_h.jpg\" title=\"Ministri Bo\u017einovi\u0107 i Ivi\u0107 na vojno-redarstvenom hodo\u010da\u0161\u0107u u Lourdesu\"><img decoding=\"async\" data-title=\"Ministri Bo\u017einovi\u0107 i Ivi\u0107 na vojno-redarstvenom hodo\u010da\u0161\u0107u u Lourdesu\" data-description=\"Foto: MORH\" alt=\"Ministri Bo\u017einovi\u0107 i Ivi\u0107 na vojno-redarstvenom hodo\u010da\u0161\u0107u u Lourdesu\" src=\"https:\/\/live.staticflickr.com\/65535\/52761896913_2de0034378_h.jpg\" data-layer=\"&lt;div class=&#039;morh-gallery-image-download&#039;&gt;&lt;a href=&#039;https:\/\/live.staticflickr.com\/65535\/52761896913_78e87ba932_o.jpg&#039; target=&#039;_blank&#039;&gt;Slika za preuzimanje&lt;\/a&gt;&lt;\/div&gt;\" \/><\/a><a href=\"https:\/\/live.staticflickr.com\/65535\/52761815130_79522cf803_b.jpg\" title=\"Ministri Bo\u017einovi\u0107 i Ivi\u0107 na vojno-redarstvenom hodo\u010da\u0161\u0107u u Lourdesu\"><img decoding=\"async\" data-title=\"Ministri Bo\u017einovi\u0107 i Ivi\u0107 na vojno-redarstvenom hodo\u010da\u0161\u0107u u Lourdesu\" data-description=\"Foto: MORH\" alt=\"Ministri Bo\u017einovi\u0107 i Ivi\u0107 na vojno-redarstvenom hodo\u010da\u0161\u0107u u Lourdesu\" src=\"https:\/\/live.staticflickr.com\/65535\/52761815130_79522cf803_b.jpg\" data-layer=\"&lt;div class=&#039;morh-gallery-image-download&#039;&gt;&lt;a href=&#039;https:\/\/live.staticflickr.com\/65535\/52761815130_733847153e_o.jpg&#039; target=&#039;_blank&#039;&gt;Slika za preuzimanje&lt;\/a&gt;&lt;\/div&gt;\" \/><\/a><a href=\"https:\/\/live.staticflickr.com\/65535\/52761657489_0a0bb14643_h.jpg\" title=\"Ministri Bo\u017einovi\u0107 i Ivi\u0107 na vojno-redarstvenom hodo\u010da\u0161\u0107u u Lourdesu\"><img decoding=\"async\" data-title=\"Ministri Bo\u017einovi\u0107 i Ivi\u0107 na vojno-redarstvenom hodo\u010da\u0161\u0107u u Lourdesu\" data-description=\"Foto: MORH\" alt=\"Ministri Bo\u017einovi\u0107 i Ivi\u0107 na vojno-redarstvenom hodo\u010da\u0161\u0107u u Lourdesu\" src=\"https:\/\/live.staticflickr.com\/65535\/52761657489_0a0bb14643_h.jpg\" data-layer=\"&lt;div class=&#039;morh-gallery-image-download&#039;&gt;&lt;a href=&#039;https:\/\/live.staticflickr.com\/65535\/52761657489_618ec0a7e8_o.jpg&#039; target=&#039;_blank&#039;&gt;Slika za preuzimanje&lt;\/a&gt;&lt;\/div&gt;\" \/><\/a><a href=\"https:\/\/live.staticflickr.com\/65535\/52760862157_2876ab76d1_b.jpg\" title=\"Ministri Bo\u017einovi\u0107 i Ivi\u0107 na vojno-redarstvenom hodo\u010da\u0161\u0107u u Lourdesu\"><img decoding=\"async\" data-title=\"Ministri Bo\u017einovi\u0107 i Ivi\u0107 na vojno-redarstvenom hodo\u010da\u0161\u0107u u Lourdesu\" data-description=\"Foto: MORH\" alt=\"Ministri Bo\u017einovi\u0107 i Ivi\u0107 na vojno-redarstvenom hodo\u010da\u0161\u0107u u Lourdesu\" src=\"https:\/\/live.staticflickr.com\/65535\/52760862157_2876ab76d1_b.jpg\" data-layer=\"&lt;div class=&#039;morh-gallery-image-download&#039;&gt;&lt;a href=&#039;https:\/\/live.staticflickr.com\/65535\/52760862157_b0e45b3b5d_o.jpg&#039; target=&#039;_blank&#039;&gt;Slika za preuzimanje&lt;\/a&gt;&lt;\/div&gt;\" \/><\/a><a href=\"https:\/\/live.staticflickr.com\/65535\/52761896903_ef78e10030_b.jpg\" title=\"Ministri Bo\u017einovi\u0107 i Ivi\u0107 na vojno-redarstvenom hodo\u010da\u0161\u0107u u Lourdesu\"><img decoding=\"async\" data-title=\"Ministri Bo\u017einovi\u0107 i Ivi\u0107 na vojno-redarstvenom hodo\u010da\u0161\u0107u u Lourdesu\" data-description=\"Foto: MORH\" alt=\"Ministri Bo\u017einovi\u0107 i Ivi\u0107 na vojno-redarstvenom hodo\u010da\u0161\u0107u u Lourdesu\" src=\"https:\/\/live.staticflickr.com\/65535\/52761896903_ef78e10030_b.jpg\" data-layer=\"&lt;div class=&#039;morh-gallery-image-download&#039;&gt;&lt;a href=&#039;https:\/\/live.staticflickr.com\/65535\/52761896903_8d35d0cbd2_o.jpg&#039; target=&#039;_blank&#039;&gt;Slika za preuzimanje&lt;\/a&gt;&lt;\/div&gt;\" \/><\/a><a href=\"https:\/\/live.staticflickr.com\/65535\/52761815275_8b99317580_b.jpg\" title=\"Ministri Bo\u017einovi\u0107 i Ivi\u0107 na vojno-redarstvenom hodo\u010da\u0161\u0107u u Lourdesu\"><img decoding=\"async\" data-title=\"Ministri Bo\u017einovi\u0107 i Ivi\u0107 na vojno-redarstvenom hodo\u010da\u0161\u0107u u Lourdesu\" data-description=\"Foto: MORH\" alt=\"Ministri Bo\u017einovi\u0107 i Ivi\u0107 na vojno-redarstvenom hodo\u010da\u0161\u0107u u Lourdesu\" src=\"https:\/\/live.staticflickr.com\/65535\/52761815275_8b99317580_b.jpg\" data-layer=\"&lt;div class=&#039;morh-gallery-image-download&#039;&gt;&lt;a href=&#039;https:\/\/live.staticflickr.com\/65535\/52761815275_6af54b4d9e_o.jpg&#039; target=&#039;_blank&#039;&gt;Slika za preuzimanje&lt;\/a&gt;&lt;\/div&gt;\" \/><\/a><a href=\"https:\/\/live.staticflickr.com\/65535\/52761896898_289405a358_b.jpg\" title=\"Ministri Bo\u017einovi\u0107 i Ivi\u0107 na vojno-redarstvenom hodo\u010da\u0161\u0107u u Lourdesu\"><img decoding=\"async\" data-title=\"Ministri Bo\u017einovi\u0107 i Ivi\u0107 na vojno-redarstvenom hodo\u010da\u0161\u0107u u Lourdesu\" data-description=\"Foto: MORH\" alt=\"Ministri Bo\u017einovi\u0107 i Ivi\u0107 na vojno-redarstvenom hodo\u010da\u0161\u0107u u Lourdesu\" src=\"https:\/\/live.staticflickr.com\/65535\/52761896898_289405a358_b.jpg\" data-layer=\"&lt;div class=&#039;morh-gallery-image-download&#039;&gt;&lt;a href=&#039;https:\/\/live.staticflickr.com\/65535\/52761896898_b3b6249c50_o.jpg&#039; target=&#039;_blank&#039;&gt;Slika za preuzimanje&lt;\/a&gt;&lt;\/div&gt;\" \/><\/a><a href=\"https:\/\/live.staticflickr.com\/65535\/52761657454_77d246e38a_h.jpg\" title=\"Ministri Bo\u017einovi\u0107 i Ivi\u0107 na vojno-redarstvenom hodo\u010da\u0161\u0107u u Lourdesu\"><img decoding=\"async\" data-title=\"Ministri Bo\u017einovi\u0107 i Ivi\u0107 na vojno-redarstvenom hodo\u010da\u0161\u0107u u Lourdesu\" data-description=\"Foto: MORH\" alt=\"Ministri Bo\u017einovi\u0107 i Ivi\u0107 na vojno-redarstvenom hodo\u010da\u0161\u0107u u Lourdesu\" src=\"https:\/\/live.staticflickr.com\/65535\/52761657454_77d246e38a_h.jpg\" data-layer=\"&lt;div class=&#039;morh-gallery-image-download&#039;&gt;&lt;a href=&#039;https:\/\/live.staticflickr.com\/65535\/52761657454_e0fc893f6e_o.jpg&#039; target=&#039;_blank&#039;&gt;Slika za preuzimanje&lt;\/a&gt;&lt;\/div&gt;\" \/><\/a><a href=\"https:\/\/live.staticflickr.com\/65535\/52761657434_a230797e41_h.jpg\" title=\"Ministri Bo\u017einovi\u0107 i Ivi\u0107 na vojno-redarstvenom hodo\u010da\u0161\u0107u u Lourdesu\"><img decoding=\"async\" data-title=\"Ministri Bo\u017einovi\u0107 i Ivi\u0107 na vojno-redarstvenom hodo\u010da\u0161\u0107u u Lourdesu\" data-description=\"Foto: MORH\" alt=\"Ministri Bo\u017einovi\u0107 i Ivi\u0107 na vojno-redarstvenom hodo\u010da\u0161\u0107u u Lourdesu\" src=\"https:\/\/live.staticflickr.com\/65535\/52761657434_a230797e41_h.jpg\" data-layer=\"&lt;div class=&#039;morh-gallery-image-download&#039;&gt;&lt;a href=&#039;https:\/\/live.staticflickr.com\/65535\/52761657434_c72b8349b5_o.jpg&#039; target=&#039;_blank&#039;&gt;Slika za preuzimanje&lt;\/a&gt;&lt;\/div&gt;\" \/><\/a><a href=\"https:\/\/live.staticflickr.com\/65535\/52760861942_6bd4707c74_h.jpg\" title=\"Ministri Bo\u017einovi\u0107 i Ivi\u0107 na vojno-redarstvenom hodo\u010da\u0161\u0107u u Lourdesu\"><img decoding=\"async\" data-title=\"Ministri Bo\u017einovi\u0107 i Ivi\u0107 na vojno-redarstvenom hodo\u010da\u0161\u0107u u Lourdesu\" data-description=\"Foto: MORH\" alt=\"Ministri Bo\u017einovi\u0107 i Ivi\u0107 na vojno-redarstvenom hodo\u010da\u0161\u0107u u Lourdesu\" src=\"https:\/\/live.staticflickr.com\/65535\/52760861942_6bd4707c74_h.jpg\" data-layer=\"&lt;div class=&#039;morh-gallery-image-download&#039;&gt;&lt;a href=&#039;https:\/\/live.staticflickr.com\/65535\/52760861942_dd82643dbc_o.jpg&#039; target=&#039;_blank&#039;&gt;Slika za preuzimanje&lt;\/a&gt;&lt;\/div&gt;\" \/><\/a><a href=\"https:\/\/live.staticflickr.com\/65535\/52761896858_92e8f8403b_b.jpg\" title=\"Ministri Bo\u017einovi\u0107 i Ivi\u0107 na vojno-redarstvenom hodo\u010da\u0161\u0107u u Lourdesu\"><img decoding=\"async\" data-title=\"Ministri Bo\u017einovi\u0107 i Ivi\u0107 na vojno-redarstvenom hodo\u010da\u0161\u0107u u Lourdesu\" data-description=\"Foto: MORH\" alt=\"Ministri Bo\u017einovi\u0107 i Ivi\u0107 na vojno-redarstvenom hodo\u010da\u0161\u0107u u Lourdesu\" src=\"https:\/\/live.staticflickr.com\/65535\/52761896858_92e8f8403b_b.jpg\" data-layer=\"&lt;div class=&#039;morh-gallery-image-download&#039;&gt;&lt;a href=&#039;https:\/\/live.staticflickr.com\/65535\/52761896858_1135c5659a_o.jpg&#039; target=&#039;_blank&#039;&gt;Slika za preuzimanje&lt;\/a&gt;&lt;\/div&gt;\" \/><\/a><a href=\"https:\/\/live.staticflickr.com\/65535\/52761896848_c21a9d6920_b.jpg\" title=\"Ministri Bo\u017einovi\u0107 i Ivi\u0107 na vojno-redarstvenom hodo\u010da\u0161\u0107u u Lourdesu\"><img decoding=\"async\" data-title=\"Ministri Bo\u017einovi\u0107 i Ivi\u0107 na vojno-redarstvenom hodo\u010da\u0161\u0107u u Lourdesu\" data-description=\"Foto: MORH\" alt=\"Ministri Bo\u017einovi\u0107 i Ivi\u0107 na vojno-redarstvenom hodo\u010da\u0161\u0107u u Lourdesu\" src=\"https:\/\/live.staticflickr.com\/65535\/52761896848_c21a9d6920_b.jpg\" data-layer=\"&lt;div class=&#039;morh-gallery-image-download&#039;&gt;&lt;a href=&#039;https:\/\/live.staticflickr.com\/65535\/52761896848_1fa716b1f4_o.jpg&#039; target=&#039;_blank&#039;&gt;Slika za preuzimanje&lt;\/a&gt;&lt;\/div&gt;\" \/><\/a><a href=\"https:\/\/live.staticflickr.com\/65535\/52760862122_39b24e17b2_b.jpg\" title=\"Ministri Bo\u017einovi\u0107 i Ivi\u0107 na vojno-redarstvenom hodo\u010da\u0161\u0107u u Lourdesu\"><img decoding=\"async\" data-title=\"Ministri Bo\u017einovi\u0107 i Ivi\u0107 na vojno-redarstvenom hodo\u010da\u0161\u0107u u Lourdesu\" data-description=\"Foto: MORH\" alt=\"Ministri Bo\u017einovi\u0107 i Ivi\u0107 na vojno-redarstvenom hodo\u010da\u0161\u0107u u Lourdesu\" src=\"https:\/\/live.staticflickr.com\/65535\/52760862122_39b24e17b2_b.jpg\" data-layer=\"&lt;div class=&#039;morh-gallery-image-download&#039;&gt;&lt;a href=&#039;https:\/\/live.staticflickr.com\/65535\/52760862122_998aabe9d8_o.jpg&#039; target=&#039;_blank&#039;&gt;Slika za preuzimanje&lt;\/a&gt;&lt;\/div&gt;\" \/><\/a><a href=\"https:\/\/live.staticflickr.com\/65535\/52760862107_8d6c139f48_b.jpg\" title=\"Ministri Bo\u017einovi\u0107 i Ivi\u0107 na vojno-redarstvenom hodo\u010da\u0161\u0107u u Lourdesu\"><img decoding=\"async\" data-title=\"Ministri Bo\u017einovi\u0107 i Ivi\u0107 na vojno-redarstvenom hodo\u010da\u0161\u0107u u Lourdesu\" data-description=\"Foto: MORH\" alt=\"Ministri Bo\u017einovi\u0107 i Ivi\u0107 na vojno-redarstvenom hodo\u010da\u0161\u0107u u Lourdesu\" src=\"https:\/\/live.staticflickr.com\/65535\/52760862107_8d6c139f48_b.jpg\" data-layer=\"&lt;div class=&#039;morh-gallery-image-download&#039;&gt;&lt;a href=&#039;https:\/\/live.staticflickr.com\/65535\/52760862107_203988ab6d_o.jpg&#039; target=&#039;_blank&#039;&gt;Slika za preuzimanje&lt;\/a&gt;&lt;\/div&gt;\" \/><\/a><a href=\"https:\/\/live.staticflickr.com\/65535\/52761896833_654337b8c5_b.jpg\" title=\"Ministri Bo\u017einovi\u0107 i Ivi\u0107 na vojno-redarstvenom hodo\u010da\u0161\u0107u u Lourdesu\"><img decoding=\"async\" data-title=\"Ministri Bo\u017einovi\u0107 i Ivi\u0107 na vojno-redarstvenom hodo\u010da\u0161\u0107u u Lourdesu\" data-description=\"Foto: MORH\" alt=\"Ministri Bo\u017einovi\u0107 i Ivi\u0107 na vojno-redarstvenom hodo\u010da\u0161\u0107u u Lourdesu\" src=\"https:\/\/live.staticflickr.com\/65535\/52761896833_654337b8c5_b.jpg\" data-layer=\"&lt;div class=&#039;morh-gallery-image-download&#039;&gt;&lt;a href=&#039;https:\/\/live.staticflickr.com\/65535\/52761896833_66680d8150_o.jpg&#039; target=&#039;_blank&#039;&gt;Slika za preuzimanje&lt;\/a&gt;&lt;\/div&gt;\" \/><\/a><a href=\"https:\/\/live.staticflickr.com\/65535\/52760862087_bb95d13735_b.jpg\" title=\"Ministri Bo\u017einovi\u0107 i Ivi\u0107 na vojno-redarstvenom hodo\u010da\u0161\u0107u u Lourdesu\"><img decoding=\"async\" data-title=\"Ministri Bo\u017einovi\u0107 i Ivi\u0107 na vojno-redarstvenom hodo\u010da\u0161\u0107u u Lourdesu\" data-description=\"Foto: MORH\" alt=\"Ministri Bo\u017einovi\u0107 i Ivi\u0107 na vojno-redarstvenom hodo\u010da\u0161\u0107u u Lourdesu\" src=\"https:\/\/live.staticflickr.com\/65535\/52760862087_bb95d13735_b.jpg\" data-layer=\"&lt;div class=&#039;morh-gallery-image-download&#039;&gt;&lt;a href=&#039;https:\/\/live.staticflickr.com\/65535\/52760862087_a9f72068d4_o.jpg&#039; target=&#039;_blank&#039;&gt;Slika za preuzimanje&lt;\/a&gt;&lt;\/div&gt;\" \/><\/a><a href=\"https:\/\/live.staticflickr.com\/65535\/52760862057_772d6ca68d_b.jpg\" title=\"Ministri Bo\u017einovi\u0107 i Ivi\u0107 na vojno-redarstvenom hodo\u010da\u0161\u0107u u Lourdesu\"><img decoding=\"async\" data-title=\"Ministri Bo\u017einovi\u0107 i Ivi\u0107 na vojno-redarstvenom hodo\u010da\u0161\u0107u u Lourdesu\" data-description=\"Foto: MORH\" alt=\"Ministri Bo\u017einovi\u0107 i Ivi\u0107 na vojno-redarstvenom hodo\u010da\u0161\u0107u u Lourdesu\" src=\"https:\/\/live.staticflickr.com\/65535\/52760862057_772d6ca68d_b.jpg\" data-layer=\"&lt;div class=&#039;morh-gallery-image-download&#039;&gt;&lt;a href=&#039;https:\/\/live.staticflickr.com\/65535\/52760862057_6f064ac759_o.jpg&#039; target=&#039;_blank&#039;&gt;Slika za preuzimanje&lt;\/a&gt;&lt;\/div&gt;\" \/><\/a><a href=\"https:\/\/live.staticflickr.com\/65535\/52760861917_4146a1d394_h.jpg\" title=\"Ministri Bo\u017einovi\u0107 i Ivi\u0107 na vojno-redarstvenom hodo\u010da\u0161\u0107u u Lourdesu\"><img decoding=\"async\" data-title=\"Ministri Bo\u017einovi\u0107 i Ivi\u0107 na vojno-redarstvenom hodo\u010da\u0161\u0107u u Lourdesu\" data-description=\"Foto: MORH\" alt=\"Ministri Bo\u017einovi\u0107 i Ivi\u0107 na vojno-redarstvenom hodo\u010da\u0161\u0107u u Lourdesu\" src=\"https:\/\/live.staticflickr.com\/65535\/52760861917_4146a1d394_h.jpg\" data-layer=\"&lt;div class=&#039;morh-gallery-image-download&#039;&gt;&lt;a href=&#039;https:\/\/live.staticflickr.com\/65535\/52760861917_9cab21ed0f_o.jpg&#039; target=&#039;_blank&#039;&gt;Slika za preuzimanje&lt;\/a&gt;&lt;\/div&gt;\" \/><\/a><a href=\"https:\/\/live.staticflickr.com\/65535\/52761815215_72ea56e98f_h.jpg\" title=\"Ministri Bo\u017einovi\u0107 i Ivi\u0107 na vojno-redarstvenom hodo\u010da\u0161\u0107u u Lourdesu\"><img decoding=\"async\" data-title=\"Ministri Bo\u017einovi\u0107 i Ivi\u0107 na vojno-redarstvenom hodo\u010da\u0161\u0107u u Lourdesu\" data-description=\"Foto: MORH\" alt=\"Ministri Bo\u017einovi\u0107 i Ivi\u0107 na vojno-redarstvenom hodo\u010da\u0161\u0107u u Lourdesu\" src=\"https:\/\/live.staticflickr.com\/65535\/52761815215_72ea56e98f_h.jpg\" data-layer=\"&lt;div class=&#039;morh-gallery-image-download&#039;&gt;&lt;a href=&#039;https:\/\/live.staticflickr.com\/65535\/52761815215_f6cfce59a4_o.jpg&#039; target=&#039;_blank&#039;&gt;Slika za preuzimanje&lt;\/a&gt;&lt;\/div&gt;\" \/><\/a><a href=\"https:\/\/live.staticflickr.com\/65535\/52761408486_d565b73b4d_h.jpg\" title=\"Ministri Bo\u017einovi\u0107 i Ivi\u0107 na vojno-redarstvenom hodo\u010da\u0161\u0107u u Lourdesu\"><img decoding=\"async\" data-title=\"Ministri Bo\u017einovi\u0107 i Ivi\u0107 na vojno-redarstvenom hodo\u010da\u0161\u0107u u Lourdesu\" data-description=\"Foto: MORH\" alt=\"Ministri Bo\u017einovi\u0107 i Ivi\u0107 na vojno-redarstvenom hodo\u010da\u0161\u0107u u Lourdesu\" src=\"https:\/\/live.staticflickr.com\/65535\/52761408486_d565b73b4d_h.jpg\" data-layer=\"&lt;div class=&#039;morh-gallery-image-download&#039;&gt;&lt;a href=&#039;https:\/\/live.staticflickr.com\/65535\/52761408486_bcdb6afb30_o.jpg&#039; target=&#039;_blank&#039;&gt;Slika za preuzimanje&lt;\/a&gt;&lt;\/div&gt;\" \/><\/a><a href=\"https:\/\/live.staticflickr.com\/65535\/52760862037_6d237d8b86_h.jpg\" title=\"Ministri Bo\u017einovi\u0107 i Ivi\u0107 na vojno-redarstvenom hodo\u010da\u0161\u0107u u Lourdesu\"><img decoding=\"async\" data-title=\"Ministri Bo\u017einovi\u0107 i Ivi\u0107 na vojno-redarstvenom hodo\u010da\u0161\u0107u u Lourdesu\" data-description=\"Foto: MORH\" alt=\"Ministri Bo\u017einovi\u0107 i Ivi\u0107 na vojno-redarstvenom hodo\u010da\u0161\u0107u u Lourdesu\" src=\"https:\/\/live.staticflickr.com\/65535\/52760862037_6d237d8b86_h.jpg\" data-layer=\"&lt;div class=&#039;morh-gallery-image-download&#039;&gt;&lt;a href=&#039;https:\/\/live.staticflickr.com\/65535\/52760862037_cd08e0c9ff_o.jpg&#039; target=&#039;_blank&#039;&gt;Slika za preuzimanje&lt;\/a&gt;&lt;\/div&gt;\" \/><\/a><a href=\"https:\/\/live.staticflickr.com\/65535\/52761896783_2efc7b3ff6_b.jpg\" title=\"Ministri Bo\u017einovi\u0107 i Ivi\u0107 na vojno-redarstvenom hodo\u010da\u0161\u0107u u Lourdesu\"><img decoding=\"async\" data-title=\"Ministri Bo\u017einovi\u0107 i Ivi\u0107 na vojno-redarstvenom hodo\u010da\u0161\u0107u u Lourdesu\" data-description=\"Foto: MORH\" alt=\"Ministri Bo\u017einovi\u0107 i Ivi\u0107 na vojno-redarstvenom hodo\u010da\u0161\u0107u u Lourdesu\" src=\"https:\/\/live.staticflickr.com\/65535\/52761896783_2efc7b3ff6_b.jpg\" data-layer=\"&lt;div class=&#039;morh-gallery-image-download&#039;&gt;&lt;a href=&#039;https:\/\/live.staticflickr.com\/65535\/52761896783_bf9df3b13c_o.jpg&#039; target=&#039;_blank&#039;&gt;Slika za preuzimanje&lt;\/a&gt;&lt;\/div&gt;\" \/><\/a><a href=\"https:\/\/live.staticflickr.com\/65535\/52760862012_1f76e0d372_h.jpg\" title=\"Ministri Bo\u017einovi\u0107 i Ivi\u0107 na vojno-redarstvenom hodo\u010da\u0161\u0107u u Lourdesu\"><img decoding=\"async\" data-title=\"Ministri Bo\u017einovi\u0107 i Ivi\u0107 na vojno-redarstvenom hodo\u010da\u0161\u0107u u Lourdesu\" data-description=\"Foto: MORH\" alt=\"Ministri Bo\u017einovi\u0107 i Ivi\u0107 na vojno-redarstvenom hodo\u010da\u0161\u0107u u Lourdesu\" src=\"https:\/\/live.staticflickr.com\/65535\/52760862012_1f76e0d372_h.jpg\" data-layer=\"&lt;div class=&#039;morh-gallery-image-download&#039;&gt;&lt;a href=&#039;https:\/\/live.staticflickr.com\/65535\/52760862012_cf18361c19_o.jpg&#039; target=&#039;_blank&#039;&gt;Slika za preuzimanje&lt;\/a&gt;&lt;\/div&gt;\" \/><\/a><a href=\"https:\/\/live.staticflickr.com\/65535\/52761896763_b5a31c4743_b.jpg\" title=\"Ministri Bo\u017einovi\u0107 i Ivi\u0107 na vojno-redarstvenom hodo\u010da\u0161\u0107u u Lourdesu\"><img decoding=\"async\" data-title=\"Ministri Bo\u017einovi\u0107 i Ivi\u0107 na vojno-redarstvenom hodo\u010da\u0161\u0107u u Lourdesu\" data-description=\"Foto: MORH\" alt=\"Ministri Bo\u017einovi\u0107 i Ivi\u0107 na vojno-redarstvenom hodo\u010da\u0161\u0107u u Lourdesu\" src=\"https:\/\/live.staticflickr.com\/65535\/52761896763_b5a31c4743_b.jpg\" data-layer=\"&lt;div class=&#039;morh-gallery-image-download&#039;&gt;&lt;a href=&#039;https:\/\/live.staticflickr.com\/65535\/52761896763_abc7a5d887_o.jpg&#039; target=&#039;_blank&#039;&gt;Slika za preuzimanje&lt;\/a&gt;&lt;\/div&gt;\" \/><\/a><a href=\"https:\/\/live.staticflickr.com\/65535\/52761896748_d7653669ae_b.jpg\" title=\"Ministri Bo\u017einovi\u0107 i Ivi\u0107 na vojno-redarstvenom hodo\u010da\u0161\u0107u u Lourdesu\"><img decoding=\"async\" data-title=\"Ministri Bo\u017einovi\u0107 i Ivi\u0107 na vojno-redarstvenom hodo\u010da\u0161\u0107u u Lourdesu\" data-description=\"Foto: MORH\" alt=\"Ministri Bo\u017einovi\u0107 i Ivi\u0107 na vojno-redarstvenom hodo\u010da\u0161\u0107u u Lourdesu\" src=\"https:\/\/live.staticflickr.com\/65535\/52761896748_d7653669ae_b.jpg\" data-layer=\"&lt;div class=&#039;morh-gallery-image-download&#039;&gt;&lt;a href=&#039;https:\/\/live.staticflickr.com\/65535\/52761896748_60438f191a_o.jpg&#039; target=&#039;_blank&#039;&gt;Slika za preuzimanje&lt;\/a&gt;&lt;\/div&gt;\" \/><\/a><a href=\"https:\/\/live.staticflickr.com\/65535\/52761896743_797813d512_b.jpg\" title=\"Ministri Bo\u017einovi\u0107 i Ivi\u0107 na vojno-redarstvenom hodo\u010da\u0161\u0107u u Lourdesu\"><img decoding=\"async\" data-title=\"Ministri Bo\u017einovi\u0107 i Ivi\u0107 na vojno-redarstvenom hodo\u010da\u0161\u0107u u Lourdesu\" data-description=\"Foto: MORH\" alt=\"Ministri Bo\u017einovi\u0107 i Ivi\u0107 na vojno-redarstvenom hodo\u010da\u0161\u0107u u Lourdesu\" src=\"https:\/\/live.staticflickr.com\/65535\/52761896743_797813d512_b.jpg\" data-layer=\"&lt;div class=&#039;morh-gallery-image-download&#039;&gt;&lt;a href=&#039;https:\/\/live.staticflickr.com\/65535\/52761896743_688c7c0074_o.jpg&#039; target=&#039;_blank&#039;&gt;Slika za preuzimanje&lt;\/a&gt;&lt;\/div&gt;\" \/><\/a><a href=\"https:\/\/live.staticflickr.com\/65535\/52761657309_9335334693_b.jpg\" title=\"Ministri Bo\u017einovi\u0107 i Ivi\u0107 na vojno-redarstvenom hodo\u010da\u0161\u0107u u Lourdesu\"><img decoding=\"async\" data-title=\"Ministri Bo\u017einovi\u0107 i Ivi\u0107 na vojno-redarstvenom hodo\u010da\u0161\u0107u u Lourdesu\" data-description=\"Foto: MORH\" alt=\"Ministri Bo\u017einovi\u0107 i Ivi\u0107 na vojno-redarstvenom hodo\u010da\u0161\u0107u u Lourdesu\" src=\"https:\/\/live.staticflickr.com\/65535\/52761657309_9335334693_b.jpg\" data-layer=\"&lt;div class=&#039;morh-gallery-image-download&#039;&gt;&lt;a href=&#039;https:\/\/live.staticflickr.com\/65535\/52761657309_caa967eebc_o.jpg&#039; target=&#039;_blank&#039;&gt;Slika za preuzimanje&lt;\/a&gt;&lt;\/div&gt;\" \/><\/a><a href=\"https:\/\/live.staticflickr.com\/65535\/52761408366_a5874c4608_b.jpg\" title=\"Ministri Bo\u017einovi\u0107 i Ivi\u0107 na vojno-redarstvenom hodo\u010da\u0161\u0107u u Lourdesu\"><img decoding=\"async\" data-title=\"Ministri Bo\u017einovi\u0107 i Ivi\u0107 na vojno-redarstvenom hodo\u010da\u0161\u0107u u Lourdesu\" data-description=\"Foto: MORH\" alt=\"Ministri Bo\u017einovi\u0107 i Ivi\u0107 na vojno-redarstvenom hodo\u010da\u0161\u0107u u Lourdesu\" src=\"https:\/\/live.staticflickr.com\/65535\/52761408366_a5874c4608_b.jpg\" data-layer=\"&lt;div class=&#039;morh-gallery-image-download&#039;&gt;&lt;a href=&#039;https:\/\/live.staticflickr.com\/65535\/52761408366_0a44226140_o.jpg&#039; target=&#039;_blank&#039;&gt;Slika za preuzimanje&lt;\/a&gt;&lt;\/div&gt;\" \/><\/a><\/div><!--\/.morh-galleria -->\n","protected":false},"excerpt":{"rendered":"","protected":false},"author":3,"featured_media":45874,"comment_status":"closed","ping_status":"closed","sticky":false,"template":"","format":"standard","meta":{"_acf_changed":false,"_monsterinsights_skip_tracking":false,"_monsterinsights_sitenote_active":false,"_monsterinsights_sitenote_note":"","_monsterinsights_sitenote_category":0,"footnotes":""},"categories":[329],"tags":[],"class_list":["post-54792","post","type-post","status-publish","format-standard","has-post-thumbnail","hentry","category-fotogalerije-dogadaji-en"],"acf":[],"yoast_head":"<!-- This site is optimized with the Yoast SEO plugin v26.9 - https:\/\/yoast.com\/product\/yoast-seo-wordpress\/ -->\n<title>Fotogalerija: Ministri Bo\u017einovi\u0107 i Ivi\u0107 na vojno-redarstvenom hodo\u010da\u0161\u0107u u Lourdesu - MORH<\/title>\n<meta name=\"robots\" content=\"index, follow, max-snippet:-1, max-image-preview:large, max-video-preview:-1\" \/>\n<link rel=\"canonical\" href=\"https:\/\/www.morh.hr\/en\/fotogalerija-ministri-bozinovic-i-ivic-na-vojno-redarstvenom-hodocascu-u-lourdesu\/\" \/>\n<meta property=\"og:locale\" content=\"en_US\" \/>\n<meta property=\"og:type\" content=\"article\" \/>\n<meta property=\"og:title\" content=\"Fotogalerija: Ministri Bo\u017einovi\u0107 i Ivi\u0107 na vojno-redarstvenom hodo\u010da\u0161\u0107u u Lourdesu - MORH\" \/>\n<meta property=\"og:url\" content=\"https:\/\/www.morh.hr\/en\/fotogalerija-ministri-bozinovic-i-ivic-na-vojno-redarstvenom-hodocascu-u-lourdesu\/\" \/>\n<meta property=\"og:site_name\" content=\"MORH\" \/>\n<meta property=\"article:publisher\" content=\"https:\/\/www.facebook.com\/sportasiuhrvatskojvojsci\/\" \/>\n<meta property=\"article:published_time\" content=\"2011-05-22T09:43:08+00:00\" \/>\n<meta property=\"article:modified_time\" content=\"2023-03-21T08:58:08+00:00\" \/>\n<meta property=\"og:image\" content=\"https:\/\/www.morh.hr\/wp-content\/uploads\/2017\/10\/hodocasce-lourdes_22052011_01.jpg\" \/>\n\t<meta property=\"og:image:width\" content=\"1200\" \/>\n\t<meta property=\"og:image:height\" content=\"800\" \/>\n\t<meta property=\"og:image:type\" content=\"image\/jpeg\" \/>\n<meta name=\"author\" content=\"Drazen\" \/>\n<meta name=\"twitter:card\" content=\"summary_large_image\" \/>\n<meta name=\"twitter:creator\" content=\"@morh_osrh\" \/>\n<meta name=\"twitter:site\" content=\"@morh_osrh\" \/>\n<meta name=\"twitter:label1\" content=\"Written by\" \/>\n\t<meta name=\"twitter:data1\" content=\"Drazen\" \/>\n<script type=\"application\/ld+json\" class=\"yoast-schema-graph\">{\"@context\":\"https:\/\/schema.org\",\"@graph\":[{\"@type\":\"Article\",\"@id\":\"https:\/\/www.morh.hr\/en\/fotogalerija-ministri-bozinovic-i-ivic-na-vojno-redarstvenom-hodocascu-u-lourdesu\/#article\",\"isPartOf\":{\"@id\":\"https:\/\/www.morh.hr\/en\/fotogalerija-ministri-bozinovic-i-ivic-na-vojno-redarstvenom-hodocascu-u-lourdesu\/\"},\"author\":{\"name\":\"Drazen\",\"@id\":\"https:\/\/www.morh.hr\/en\/#\/schema\/person\/2d72e03399043d9513ab6bec75f2ce27\"},\"headline\":\"Fotogalerija: Ministri Bo\u017einovi\u0107 i Ivi\u0107 na vojno-redarstvenom hodo\u010da\u0161\u0107u u Lourdesu\",\"datePublished\":\"2011-05-22T09:43:08+00:00\",\"dateModified\":\"2023-03-21T08:58:08+00:00\",\"mainEntityOfPage\":{\"@id\":\"https:\/\/www.morh.hr\/en\/fotogalerija-ministri-bozinovic-i-ivic-na-vojno-redarstvenom-hodocascu-u-lourdesu\/\"},\"wordCount\":22,\"image\":{\"@id\":\"https:\/\/www.morh.hr\/en\/fotogalerija-ministri-bozinovic-i-ivic-na-vojno-redarstvenom-hodocascu-u-lourdesu\/#primaryimage\"},\"thumbnailUrl\":\"https:\/\/www.morh.hr\/wp-content\/uploads\/2017\/10\/hodocasce-lourdes_22052011_01.jpg\",\"articleSection\":[\"Fotogalerije: doga\u0111aji\"],\"inLanguage\":\"en-US\"},{\"@type\":\"WebPage\",\"@id\":\"https:\/\/www.morh.hr\/en\/fotogalerija-ministri-bozinovic-i-ivic-na-vojno-redarstvenom-hodocascu-u-lourdesu\/\",\"url\":\"https:\/\/www.morh.hr\/en\/fotogalerija-ministri-bozinovic-i-ivic-na-vojno-redarstvenom-hodocascu-u-lourdesu\/\",\"name\":\"Fotogalerija: Ministri Bo\u017einovi\u0107 i Ivi\u0107 na vojno-redarstvenom hodo\u010da\u0161\u0107u u Lourdesu - MORH\",\"isPartOf\":{\"@id\":\"https:\/\/www.morh.hr\/en\/#website\"},\"primaryImageOfPage\":{\"@id\":\"https:\/\/www.morh.hr\/en\/fotogalerija-ministri-bozinovic-i-ivic-na-vojno-redarstvenom-hodocascu-u-lourdesu\/#primaryimage\"},\"image\":{\"@id\":\"https:\/\/www.morh.hr\/en\/fotogalerija-ministri-bozinovic-i-ivic-na-vojno-redarstvenom-hodocascu-u-lourdesu\/#primaryimage\"},\"thumbnailUrl\":\"https:\/\/www.morh.hr\/wp-content\/uploads\/2017\/10\/hodocasce-lourdes_22052011_01.jpg\",\"datePublished\":\"2011-05-22T09:43:08+00:00\",\"dateModified\":\"2023-03-21T08:58:08+00:00\",\"author\":{\"@id\":\"https:\/\/www.morh.hr\/en\/#\/schema\/person\/2d72e03399043d9513ab6bec75f2ce27\"},\"breadcrumb\":{\"@id\":\"https:\/\/www.morh.hr\/en\/fotogalerija-ministri-bozinovic-i-ivic-na-vojno-redarstvenom-hodocascu-u-lourdesu\/#breadcrumb\"},\"inLanguage\":\"en-US\",\"potentialAction\":[{\"@type\":\"ReadAction\",\"target\":[\"https:\/\/www.morh.hr\/en\/fotogalerija-ministri-bozinovic-i-ivic-na-vojno-redarstvenom-hodocascu-u-lourdesu\/\"]}]},{\"@type\":\"ImageObject\",\"inLanguage\":\"en-US\",\"@id\":\"https:\/\/www.morh.hr\/en\/fotogalerija-ministri-bozinovic-i-ivic-na-vojno-redarstvenom-hodocascu-u-lourdesu\/#primaryimage\",\"url\":\"https:\/\/www.morh.hr\/wp-content\/uploads\/2017\/10\/hodocasce-lourdes_22052011_01.jpg\",\"contentUrl\":\"https:\/\/www.morh.hr\/wp-content\/uploads\/2017\/10\/hodocasce-lourdes_22052011_01.jpg\",\"width\":1200,\"height\":800},{\"@type\":\"BreadcrumbList\",\"@id\":\"https:\/\/www.morh.hr\/en\/fotogalerija-ministri-bozinovic-i-ivic-na-vojno-redarstvenom-hodocascu-u-lourdesu\/#breadcrumb\",\"itemListElement\":[{\"@type\":\"ListItem\",\"position\":1,\"name\":\"Naslovnica\",\"item\":\"https:\/\/www.morh.hr\/en\/\"},{\"@type\":\"ListItem\",\"position\":2,\"name\":\"Multimedija\",\"item\":\"https:\/\/www.morh.hr\/en\/kategorija\/multimedija-en\/\"},{\"@type\":\"ListItem\",\"position\":3,\"name\":\"Fotogalerije\",\"item\":\"https:\/\/www.morh.hr\/en\/kategorija\/multimedija-en\/fotogalerije-en\/\"},{\"@type\":\"ListItem\",\"position\":4,\"name\":\"Fotogalerije: doga\u0111aji\",\"item\":\"https:\/\/www.morh.hr\/en\/kategorija\/multimedija-en\/fotogalerije-en\/fotogalerije-dogadaji-en\/\"},{\"@type\":\"ListItem\",\"position\":5,\"name\":\"Fotogalerija: Ministri Bo\u017einovi\u0107 i Ivi\u0107 na vojno-redarstvenom hodo\u010da\u0161\u0107u u Lourdesu\"}]},{\"@type\":\"WebSite\",\"@id\":\"https:\/\/www.morh.hr\/en\/#website\",\"url\":\"https:\/\/www.morh.hr\/en\/\",\"name\":\"MORH\",\"description\":\"Ministarstvo obrane Republike Hrvatske - slu\u017ebene stranice\",\"potentialAction\":[{\"@type\":\"SearchAction\",\"target\":{\"@type\":\"EntryPoint\",\"urlTemplate\":\"https:\/\/www.morh.hr\/en\/?s={search_term_string}\"},\"query-input\":{\"@type\":\"PropertyValueSpecification\",\"valueRequired\":true,\"valueName\":\"search_term_string\"}}],\"inLanguage\":\"en-US\"},{\"@type\":\"Person\",\"@id\":\"https:\/\/www.morh.hr\/en\/#\/schema\/person\/2d72e03399043d9513ab6bec75f2ce27\",\"name\":\"Drazen\",\"image\":{\"@type\":\"ImageObject\",\"inLanguage\":\"en-US\",\"@id\":\"https:\/\/www.morh.hr\/en\/#\/schema\/person\/image\/\",\"url\":\"https:\/\/secure.gravatar.com\/avatar\/e36ef7e573425ae72988c73df868c1e87a656b0e005ca4fd7d30d2ba7e49c9cf?s=96&d=mm&r=g\",\"contentUrl\":\"https:\/\/secure.gravatar.com\/avatar\/e36ef7e573425ae72988c73df868c1e87a656b0e005ca4fd7d30d2ba7e49c9cf?s=96&d=mm&r=g\",\"caption\":\"Drazen\"}}]}<\/script>\n<!-- \/ Yoast SEO plugin. -->","yoast_head_json":{"title":"Fotogalerija: Ministri Bo\u017einovi\u0107 i Ivi\u0107 na vojno-redarstvenom hodo\u010da\u0161\u0107u u Lourdesu - MORH","robots":{"index":"index","follow":"follow","max-snippet":"max-snippet:-1","max-image-preview":"max-image-preview:large","max-video-preview":"max-video-preview:-1"},"canonical":"https:\/\/www.morh.hr\/en\/fotogalerija-ministri-bozinovic-i-ivic-na-vojno-redarstvenom-hodocascu-u-lourdesu\/","og_locale":"en_US","og_type":"article","og_title":"Fotogalerija: Ministri Bo\u017einovi\u0107 i Ivi\u0107 na vojno-redarstvenom hodo\u010da\u0161\u0107u u Lourdesu - MORH","og_url":"https:\/\/www.morh.hr\/en\/fotogalerija-ministri-bozinovic-i-ivic-na-vojno-redarstvenom-hodocascu-u-lourdesu\/","og_site_name":"MORH","article_publisher":"https:\/\/www.facebook.com\/sportasiuhrvatskojvojsci\/","article_published_time":"2011-05-22T09:43:08+00:00","article_modified_time":"2023-03-21T08:58:08+00:00","og_image":[{"width":1200,"height":800,"url":"https:\/\/www.morh.hr\/wp-content\/uploads\/2017\/10\/hodocasce-lourdes_22052011_01.jpg","type":"image\/jpeg"}],"author":"Drazen","twitter_card":"summary_large_image","twitter_creator":"@morh_osrh","twitter_site":"@morh_osrh","twitter_misc":{"Written by":"Drazen"},"schema":{"@context":"https:\/\/schema.org","@graph":[{"@type":"Article","@id":"https:\/\/www.morh.hr\/en\/fotogalerija-ministri-bozinovic-i-ivic-na-vojno-redarstvenom-hodocascu-u-lourdesu\/#article","isPartOf":{"@id":"https:\/\/www.morh.hr\/en\/fotogalerija-ministri-bozinovic-i-ivic-na-vojno-redarstvenom-hodocascu-u-lourdesu\/"},"author":{"name":"Drazen","@id":"https:\/\/www.morh.hr\/en\/#\/schema\/person\/2d72e03399043d9513ab6bec75f2ce27"},"headline":"Fotogalerija: Ministri Bo\u017einovi\u0107 i Ivi\u0107 na vojno-redarstvenom hodo\u010da\u0161\u0107u u Lourdesu","datePublished":"2011-05-22T09:43:08+00:00","dateModified":"2023-03-21T08:58:08+00:00","mainEntityOfPage":{"@id":"https:\/\/www.morh.hr\/en\/fotogalerija-ministri-bozinovic-i-ivic-na-vojno-redarstvenom-hodocascu-u-lourdesu\/"},"wordCount":22,"image":{"@id":"https:\/\/www.morh.hr\/en\/fotogalerija-ministri-bozinovic-i-ivic-na-vojno-redarstvenom-hodocascu-u-lourdesu\/#primaryimage"},"thumbnailUrl":"https:\/\/www.morh.hr\/wp-content\/uploads\/2017\/10\/hodocasce-lourdes_22052011_01.jpg","articleSection":["Fotogalerije: doga\u0111aji"],"inLanguage":"en-US"},{"@type":"WebPage","@id":"https:\/\/www.morh.hr\/en\/fotogalerija-ministri-bozinovic-i-ivic-na-vojno-redarstvenom-hodocascu-u-lourdesu\/","url":"https:\/\/www.morh.hr\/en\/fotogalerija-ministri-bozinovic-i-ivic-na-vojno-redarstvenom-hodocascu-u-lourdesu\/","name":"Fotogalerija: Ministri Bo\u017einovi\u0107 i Ivi\u0107 na vojno-redarstvenom hodo\u010da\u0161\u0107u u Lourdesu - MORH","isPartOf":{"@id":"https:\/\/www.morh.hr\/en\/#website"},"primaryImageOfPage":{"@id":"https:\/\/www.morh.hr\/en\/fotogalerija-ministri-bozinovic-i-ivic-na-vojno-redarstvenom-hodocascu-u-lourdesu\/#primaryimage"},"image":{"@id":"https:\/\/www.morh.hr\/en\/fotogalerija-ministri-bozinovic-i-ivic-na-vojno-redarstvenom-hodocascu-u-lourdesu\/#primaryimage"},"thumbnailUrl":"https:\/\/www.morh.hr\/wp-content\/uploads\/2017\/10\/hodocasce-lourdes_22052011_01.jpg","datePublished":"2011-05-22T09:43:08+00:00","dateModified":"2023-03-21T08:58:08+00:00","author":{"@id":"https:\/\/www.morh.hr\/en\/#\/schema\/person\/2d72e03399043d9513ab6bec75f2ce27"},"breadcrumb":{"@id":"https:\/\/www.morh.hr\/en\/fotogalerija-ministri-bozinovic-i-ivic-na-vojno-redarstvenom-hodocascu-u-lourdesu\/#breadcrumb"},"inLanguage":"en-US","potentialAction":[{"@type":"ReadAction","target":["https:\/\/www.morh.hr\/en\/fotogalerija-ministri-bozinovic-i-ivic-na-vojno-redarstvenom-hodocascu-u-lourdesu\/"]}]},{"@type":"ImageObject","inLanguage":"en-US","@id":"https:\/\/www.morh.hr\/en\/fotogalerija-ministri-bozinovic-i-ivic-na-vojno-redarstvenom-hodocascu-u-lourdesu\/#primaryimage","url":"https:\/\/www.morh.hr\/wp-content\/uploads\/2017\/10\/hodocasce-lourdes_22052011_01.jpg","contentUrl":"https:\/\/www.morh.hr\/wp-content\/uploads\/2017\/10\/hodocasce-lourdes_22052011_01.jpg","width":1200,"height":800},{"@type":"BreadcrumbList","@id":"https:\/\/www.morh.hr\/en\/fotogalerija-ministri-bozinovic-i-ivic-na-vojno-redarstvenom-hodocascu-u-lourdesu\/#breadcrumb","itemListElement":[{"@type":"ListItem","position":1,"name":"Naslovnica","item":"https:\/\/www.morh.hr\/en\/"},{"@type":"ListItem","position":2,"name":"Multimedija","item":"https:\/\/www.morh.hr\/en\/kategorija\/multimedija-en\/"},{"@type":"ListItem","position":3,"name":"Fotogalerije","item":"https:\/\/www.morh.hr\/en\/kategorija\/multimedija-en\/fotogalerije-en\/"},{"@type":"ListItem","position":4,"name":"Fotogalerije: doga\u0111aji","item":"https:\/\/www.morh.hr\/en\/kategorija\/multimedija-en\/fotogalerije-en\/fotogalerije-dogadaji-en\/"},{"@type":"ListItem","position":5,"name":"Fotogalerija: Ministri Bo\u017einovi\u0107 i Ivi\u0107 na vojno-redarstvenom hodo\u010da\u0161\u0107u u Lourdesu"}]},{"@type":"WebSite","@id":"https:\/\/www.morh.hr\/en\/#website","url":"https:\/\/www.morh.hr\/en\/","name":"MORH","description":"Ministarstvo obrane Republike Hrvatske - slu\u017ebene stranice","potentialAction":[{"@type":"SearchAction","target":{"@type":"EntryPoint","urlTemplate":"https:\/\/www.morh.hr\/en\/?s={search_term_string}"},"query-input":{"@type":"PropertyValueSpecification","valueRequired":true,"valueName":"search_term_string"}}],"inLanguage":"en-US"},{"@type":"Person","@id":"https:\/\/www.morh.hr\/en\/#\/schema\/person\/2d72e03399043d9513ab6bec75f2ce27","name":"Drazen","image":{"@type":"ImageObject","inLanguage":"en-US","@id":"https:\/\/www.morh.hr\/en\/#\/schema\/person\/image\/","url":"https:\/\/secure.gravatar.com\/avatar\/e36ef7e573425ae72988c73df868c1e87a656b0e005ca4fd7d30d2ba7e49c9cf?s=96&d=mm&r=g","contentUrl":"https:\/\/secure.gravatar.com\/avatar\/e36ef7e573425ae72988c73df868c1e87a656b0e005ca4fd7d30d2ba7e49c9cf?s=96&d=mm&r=g","caption":"Drazen"}}]}},"_links":{"self":[{"href":"https:\/\/www.morh.hr\/en\/wp-json\/wp\/v2\/posts\/54792","targetHints":{"allow":["GET"]}}],"collection":[{"href":"https:\/\/www.morh.hr\/en\/wp-json\/wp\/v2\/posts"}],"about":[{"href":"https:\/\/www.morh.hr\/en\/wp-json\/wp\/v2\/types\/post"}],"author":[{"embeddable":true,"href":"https:\/\/www.morh.hr\/en\/wp-json\/wp\/v2\/users\/3"}],"replies":[{"embeddable":true,"href":"https:\/\/www.morh.hr\/en\/wp-json\/wp\/v2\/comments?post=54792"}],"version-history":[{"count":0,"href":"https:\/\/www.morh.hr\/en\/wp-json\/wp\/v2\/posts\/54792\/revisions"}],"wp:featuredmedia":[{"embeddable":true,"href":"https:\/\/www.morh.hr\/en\/wp-json\/wp\/v2\/media\/45874"}],"wp:attachment":[{"href":"https:\/\/www.morh.hr\/en\/wp-json\/wp\/v2\/media?parent=54792"}],"wp:term":[{"taxonomy":"category","embeddable":true,"href":"https:\/\/www.morh.hr\/en\/wp-json\/wp\/v2\/categories?post=54792"},{"taxonomy":"post_tag","embeddable":true,"href":"https:\/\/www.morh.hr\/en\/wp-json\/wp\/v2\/tags?post=54792"}],"curies":[{"name":"wp","href":"https:\/\/api.w.org\/{rel}","templated":true}]}}