{"id":54803,"date":"2011-05-06T15:15:39","date_gmt":"2011-05-06T13:15:39","guid":{"rendered":"https:\/\/www.morh.hr\/fotogalerija-ministar-obrane-u-zadru\/"},"modified":"2023-03-20T14:14:40","modified_gmt":"2023-03-20T13:14:40","slug":"fotogalerija-ministar-obrane-u-zadru","status":"publish","type":"post","link":"https:\/\/www.morh.hr\/en\/fotogalerija-ministar-obrane-u-zadru\/","title":{"rendered":"Fotogalerija: OSRH spremne za PP sezonu"},"content":{"rendered":"<div class=\"morh-galleria\"><a href=\"https:\/\/live.staticflickr.com\/65535\/52759518886_c5d7bc38d6_b.jpg\" title=\"OSRH spremne za PP sezonu\"><img decoding=\"async\" data-title=\"OSRH spremne za PP sezonu\" data-description=\"Ministar obrane, Davor Bo\u017einovi\u0107, u petak, 6. svibnja, posjetio je 93. zb HRZ-a i PZO-a u vojarni Zemunik u Zadru gdje se, uo\u010di po\u010detka ovogodi\u0161nje protupo\u017earne sezone, upoznao sa spremno\u0161\u0107u i organizirano\u0161\u0107u snaga PP NOS-a OS RH | Foto: MORH\" alt=\"OSRH spremne za PP sezonu\" src=\"https:\/\/live.staticflickr.com\/65535\/52759518886_c5d7bc38d6_b.jpg\" data-layer=\"&lt;div class=&#039;morh-gallery-image-download&#039;&gt;&lt;a href=&#039;https:\/\/live.staticflickr.com\/65535\/52759518886_9c1b18725f_o.jpg&#039; target=&#039;_blank&#039;&gt;Slika za preuzimanje&lt;\/a&gt;&lt;\/div&gt;\" \/><\/a><a href=\"https:\/\/live.staticflickr.com\/65535\/52759766624_da12440dc7_b.jpg\" title=\"OSRH spremne za PP sezonu\"><img decoding=\"async\" data-title=\"OSRH spremne za PP sezonu\" data-description=\"Ministar obrane, Davor Bo\u017einovi\u0107, u petak, 6. svibnja, posjetio je 93. zb HRZ-a i PZO-a u vojarni Zemunik u Zadru gdje se, uo\u010di po\u010detka ovogodi\u0161nje protupo\u017earne sezone, upoznao sa spremno\u0161\u0107u i organizirano\u0161\u0107u snaga PP NOS-a OS RH | Foto: MORH\" alt=\"OSRH spremne za PP sezonu\" src=\"https:\/\/live.staticflickr.com\/65535\/52759766624_da12440dc7_b.jpg\" data-layer=\"&lt;div class=&#039;morh-gallery-image-download&#039;&gt;&lt;a href=&#039;https:\/\/live.staticflickr.com\/65535\/52759766624_c097dc7a92_o.jpg&#039; target=&#039;_blank&#039;&gt;Slika za preuzimanje&lt;\/a&gt;&lt;\/div&gt;\" \/><\/a><a href=\"https:\/\/live.staticflickr.com\/65535\/52759920405_b080da77d2_b.jpg\" title=\"OSRH spremne za PP sezonu\"><img decoding=\"async\" data-title=\"OSRH spremne za PP sezonu\" data-description=\"Ministar obrane, Davor Bo\u017einovi\u0107, u petak, 6. svibnja, posjetio je 93. zb HRZ-a i PZO-a u vojarni Zemunik u Zadru gdje se, uo\u010di po\u010detka ovogodi\u0161nje protupo\u017earne sezone, upoznao sa spremno\u0161\u0107u i organizirano\u0161\u0107u snaga PP NOS-a OS RH | Foto: MORH\" alt=\"OSRH spremne za PP sezonu\" src=\"https:\/\/live.staticflickr.com\/65535\/52759920405_b080da77d2_b.jpg\" data-layer=\"&lt;div class=&#039;morh-gallery-image-download&#039;&gt;&lt;a href=&#039;https:\/\/live.staticflickr.com\/65535\/52759920405_10e995b995_o.jpg&#039; target=&#039;_blank&#039;&gt;Slika za preuzimanje&lt;\/a&gt;&lt;\/div&gt;\" \/><\/a><a href=\"https:\/\/live.staticflickr.com\/65535\/52760001868_7b0248d058_b.jpg\" title=\"OSRH spremne za PP sezonu\"><img decoding=\"async\" data-title=\"OSRH spremne za PP sezonu\" data-description=\"Ministar obrane, Davor Bo\u017einovi\u0107, u petak, 6. svibnja, posjetio je 93. zb HRZ-a i PZO-a u vojarni Zemunik u Zadru gdje se, uo\u010di po\u010detka ovogodi\u0161nje protupo\u017earne sezone, upoznao sa spremno\u0161\u0107u i organizirano\u0161\u0107u snaga PP NOS-a OS RH | Foto: MORH\" alt=\"OSRH spremne za PP sezonu\" src=\"https:\/\/live.staticflickr.com\/65535\/52760001868_7b0248d058_b.jpg\" data-layer=\"&lt;div class=&#039;morh-gallery-image-download&#039;&gt;&lt;a href=&#039;https:\/\/live.staticflickr.com\/65535\/52760001868_be472ff55a_o.jpg&#039; target=&#039;_blank&#039;&gt;Slika za preuzimanje&lt;\/a&gt;&lt;\/div&gt;\" \/><\/a><a href=\"https:\/\/live.staticflickr.com\/65535\/52758973632_8bbf8c9db7_b.jpg\" title=\"OSRH spremne za PP sezonu\"><img decoding=\"async\" data-title=\"OSRH spremne za PP sezonu\" data-description=\"Ministar obrane, Davor Bo\u017einovi\u0107, u petak, 6. svibnja, posjetio je 93. zb HRZ-a i PZO-a u vojarni Zemunik u Zadru gdje se, uo\u010di po\u010detka ovogodi\u0161nje protupo\u017earne sezone, upoznao sa spremno\u0161\u0107u i organizirano\u0161\u0107u snaga PP NOS-a OS RH | Foto: MORH\" alt=\"OSRH spremne za PP sezonu\" src=\"https:\/\/live.staticflickr.com\/65535\/52758973632_8bbf8c9db7_b.jpg\" data-layer=\"&lt;div class=&#039;morh-gallery-image-download&#039;&gt;&lt;a href=&#039;https:\/\/live.staticflickr.com\/65535\/52758973632_87279393cd_o.jpg&#039; target=&#039;_blank&#039;&gt;Slika za preuzimanje&lt;\/a&gt;&lt;\/div&gt;\" \/><\/a><a href=\"https:\/\/live.staticflickr.com\/65535\/52760001723_448ab9438e_b.jpg\" title=\"OSRH spremne za PP sezonu\"><img decoding=\"async\" data-title=\"OSRH spremne za PP sezonu\" data-description=\"Ministar obrane, Davor Bo\u017einovi\u0107, u petak, 6. svibnja, posjetio je 93. zb HRZ-a i PZO-a u vojarni Zemunik u Zadru gdje se, uo\u010di po\u010detka ovogodi\u0161nje protupo\u017earne sezone, upoznao sa spremno\u0161\u0107u i organizirano\u0161\u0107u snaga PP NOS-a OS RH | Foto: MORH\" alt=\"OSRH spremne za PP sezonu\" src=\"https:\/\/live.staticflickr.com\/65535\/52760001723_448ab9438e_b.jpg\" data-layer=\"&lt;div class=&#039;morh-gallery-image-download&#039;&gt;&lt;a href=&#039;https:\/\/live.staticflickr.com\/65535\/52760001723_f4c7869622_o.jpg&#039; target=&#039;_blank&#039;&gt;Slika za preuzimanje&lt;\/a&gt;&lt;\/div&gt;\" \/><\/a><a href=\"https:\/\/live.staticflickr.com\/65535\/52759920595_b61c3f801b_c.jpg\" title=\"OSRH spremne za PP sezonu\"><img decoding=\"async\" data-title=\"OSRH spremne za PP sezonu\" data-description=\"Ministar obrane, Davor Bo\u017einovi\u0107, u petak, 6. svibnja, posjetio je 93. zb HRZ-a i PZO-a u vojarni Zemunik u Zadru gdje se, uo\u010di po\u010detka ovogodi\u0161nje protupo\u017earne sezone, upoznao sa spremno\u0161\u0107u i organizirano\u0161\u0107u snaga PP NOS-a OS RH | Foto: MORH\" alt=\"OSRH spremne za PP sezonu\" src=\"https:\/\/live.staticflickr.com\/65535\/52759920595_b61c3f801b_c.jpg\" data-layer=\"&lt;div class=&#039;morh-gallery-image-download&#039;&gt;&lt;a href=&#039;https:\/\/live.staticflickr.com\/65535\/52759920595_66bd78bb3c_o.jpg&#039; target=&#039;_blank&#039;&gt;Slika za preuzimanje&lt;\/a&gt;&lt;\/div&gt;\" \/><\/a><a href=\"https:\/\/live.staticflickr.com\/65535\/52760001698_46923f6496_b.jpg\" title=\"OSRH spremne za PP sezonu\"><img decoding=\"async\" data-title=\"OSRH spremne za PP sezonu\" data-description=\"Ministar obrane, Davor Bo\u017einovi\u0107, u petak, 6. svibnja, posjetio je 93. zb HRZ-a i PZO-a u vojarni Zemunik u Zadru gdje se, uo\u010di po\u010detka ovogodi\u0161nje protupo\u017earne sezone, upoznao sa spremno\u0161\u0107u i organizirano\u0161\u0107u snaga PP NOS-a OS RH | Foto: MORH\" alt=\"OSRH spremne za PP sezonu\" src=\"https:\/\/live.staticflickr.com\/65535\/52760001698_46923f6496_b.jpg\" data-layer=\"&lt;div class=&#039;morh-gallery-image-download&#039;&gt;&lt;a href=&#039;https:\/\/live.staticflickr.com\/65535\/52760001698_f0a6757a6b_o.jpg&#039; target=&#039;_blank&#039;&gt;Slika za preuzimanje&lt;\/a&gt;&lt;\/div&gt;\" \/><\/a><a href=\"https:\/\/live.staticflickr.com\/65535\/52759766329_020a8dbe68_b.jpg\" title=\"OSRH spremne za PP sezonu\"><img decoding=\"async\" data-title=\"OSRH spremne za PP sezonu\" data-description=\"Ministar obrane, Davor Bo\u017einovi\u0107, u petak, 6. svibnja, posjetio je 93. zb HRZ-a i PZO-a u vojarni Zemunik u Zadru gdje se, uo\u010di po\u010detka ovogodi\u0161nje protupo\u017earne sezone, upoznao sa spremno\u0161\u0107u i organizirano\u0161\u0107u snaga PP NOS-a OS RH | Foto: MORH\" alt=\"OSRH spremne za PP sezonu\" src=\"https:\/\/live.staticflickr.com\/65535\/52759766329_020a8dbe68_b.jpg\" data-layer=\"&lt;div class=&#039;morh-gallery-image-download&#039;&gt;&lt;a href=&#039;https:\/\/live.staticflickr.com\/65535\/52759766329_c2805750ff_o.jpg&#039; target=&#039;_blank&#039;&gt;Slika za preuzimanje&lt;\/a&gt;&lt;\/div&gt;\" \/><\/a><a href=\"https:\/\/live.staticflickr.com\/65535\/52760001658_438a401fa0_b.jpg\" title=\"OSRH spremne za PP sezonu\"><img decoding=\"async\" data-title=\"OSRH spremne za PP sezonu\" data-description=\"Ministar obrane, Davor Bo\u017einovi\u0107, u petak, 6. svibnja, posjetio je 93. zb HRZ-a i PZO-a u vojarni Zemunik u Zadru gdje se, uo\u010di po\u010detka ovogodi\u0161nje protupo\u017earne sezone, upoznao sa spremno\u0161\u0107u i organizirano\u0161\u0107u snaga PP NOS-a OS RH | Foto: MORH\" alt=\"OSRH spremne za PP sezonu\" src=\"https:\/\/live.staticflickr.com\/65535\/52760001658_438a401fa0_b.jpg\" data-layer=\"&lt;div class=&#039;morh-gallery-image-download&#039;&gt;&lt;a href=&#039;https:\/\/live.staticflickr.com\/65535\/52760001658_ac40935bdd_o.jpg&#039; target=&#039;_blank&#039;&gt;Slika za preuzimanje&lt;\/a&gt;&lt;\/div&gt;\" \/><\/a><a href=\"https:\/\/live.staticflickr.com\/65535\/52758973372_9c02d1d196_b.jpg\" title=\"OSRH spremne za PP sezonu\"><img decoding=\"async\" data-title=\"OSRH spremne za PP sezonu\" data-description=\"Ministar obrane, Davor Bo\u017einovi\u0107, u petak, 6. svibnja, posjetio je 93. zb HRZ-a i PZO-a u vojarni Zemunik u Zadru gdje se, uo\u010di po\u010detka ovogodi\u0161nje protupo\u017earne sezone, upoznao sa spremno\u0161\u0107u i organizirano\u0161\u0107u snaga PP NOS-a OS RH | Foto: MORH\" alt=\"OSRH spremne za PP sezonu\" src=\"https:\/\/live.staticflickr.com\/65535\/52758973372_9c02d1d196_b.jpg\" data-layer=\"&lt;div class=&#039;morh-gallery-image-download&#039;&gt;&lt;a href=&#039;https:\/\/live.staticflickr.com\/65535\/52758973372_e64fc44d98_o.jpg&#039; target=&#039;_blank&#039;&gt;Slika za preuzimanje&lt;\/a&gt;&lt;\/div&gt;\" \/><\/a><a href=\"https:\/\/live.staticflickr.com\/65535\/52759518501_6bf6be2705_b.jpg\" title=\"OSRH spremne za PP sezonu\"><img decoding=\"async\" data-title=\"OSRH spremne za PP sezonu\" data-description=\"Ministar obrane, Davor Bo\u017einovi\u0107, u petak, 6. svibnja, posjetio je 93. zb HRZ-a i PZO-a u vojarni Zemunik u Zadru gdje se, uo\u010di po\u010detka ovogodi\u0161nje protupo\u017earne sezone, upoznao sa spremno\u0161\u0107u i organizirano\u0161\u0107u snaga PP NOS-a OS RH | Foto: MORH\" alt=\"OSRH spremne za PP sezonu\" src=\"https:\/\/live.staticflickr.com\/65535\/52759518501_6bf6be2705_b.jpg\" data-layer=\"&lt;div class=&#039;morh-gallery-image-download&#039;&gt;&lt;a href=&#039;https:\/\/live.staticflickr.com\/65535\/52759518501_b272c0a069_o.jpg&#039; target=&#039;_blank&#039;&gt;Slika za preuzimanje&lt;\/a&gt;&lt;\/div&gt;\" \/><\/a><a href=\"https:\/\/live.staticflickr.com\/65535\/52758973482_457d29a956_b.jpg\" title=\"OSRH spremne za PP sezonu\"><img decoding=\"async\" data-title=\"OSRH spremne za PP sezonu\" data-description=\"Ministar obrane, Davor Bo\u017einovi\u0107, u petak, 6. svibnja, posjetio je 93. zb HRZ-a i PZO-a u vojarni Zemunik u Zadru gdje se, uo\u010di po\u010detka ovogodi\u0161nje protupo\u017earne sezone, upoznao sa spremno\u0161\u0107u i organizirano\u0161\u0107u snaga PP NOS-a OS RH | Foto: MORH\" alt=\"OSRH spremne za PP sezonu\" src=\"https:\/\/live.staticflickr.com\/65535\/52758973482_457d29a956_b.jpg\" data-layer=\"&lt;div class=&#039;morh-gallery-image-download&#039;&gt;&lt;a href=&#039;https:\/\/live.staticflickr.com\/65535\/52758973482_80da28dc32_o.jpg&#039; target=&#039;_blank&#039;&gt;Slika za preuzimanje&lt;\/a&gt;&lt;\/div&gt;\" \/><\/a><a href=\"https:\/\/live.staticflickr.com\/65535\/52759766264_318bd0cd58_b.jpg\" title=\"OSRH spremne za PP sezonu\"><img decoding=\"async\" data-title=\"OSRH spremne za PP sezonu\" data-description=\"Ministar obrane, Davor Bo\u017einovi\u0107, u petak, 6. svibnja, posjetio je 93. zb HRZ-a i PZO-a u vojarni Zemunik u Zadru gdje se, uo\u010di po\u010detka ovogodi\u0161nje protupo\u017earne sezone, upoznao sa spremno\u0161\u0107u i organizirano\u0161\u0107u snaga PP NOS-a OS RH | Foto: MORH\" alt=\"OSRH spremne za PP sezonu\" src=\"https:\/\/live.staticflickr.com\/65535\/52759766264_318bd0cd58_b.jpg\" data-layer=\"&lt;div class=&#039;morh-gallery-image-download&#039;&gt;&lt;a href=&#039;https:\/\/live.staticflickr.com\/65535\/52759766264_d2e1a29444_o.jpg&#039; target=&#039;_blank&#039;&gt;Slika za preuzimanje&lt;\/a&gt;&lt;\/div&gt;\" \/><\/a><a href=\"https:\/\/live.staticflickr.com\/65535\/52760001578_836a33c83e_b.jpg\" title=\"OSRH spremne za PP sezonu\"><img decoding=\"async\" data-title=\"OSRH spremne za PP sezonu\" data-description=\"Ministar obrane, Davor Bo\u017einovi\u0107, u petak, 6. svibnja, posjetio je 93. zb HRZ-a i PZO-a u vojarni Zemunik u Zadru gdje se, uo\u010di po\u010detka ovogodi\u0161nje protupo\u017earne sezone, upoznao sa spremno\u0161\u0107u i organizirano\u0161\u0107u snaga PP NOS-a OS RH | Foto: MORH\" alt=\"OSRH spremne za PP sezonu\" src=\"https:\/\/live.staticflickr.com\/65535\/52760001578_836a33c83e_b.jpg\" data-layer=\"&lt;div class=&#039;morh-gallery-image-download&#039;&gt;&lt;a href=&#039;https:\/\/live.staticflickr.com\/65535\/52760001578_1e72386cf5_o.jpg&#039; target=&#039;_blank&#039;&gt;Slika za preuzimanje&lt;\/a&gt;&lt;\/div&gt;\" \/><\/a><a href=\"https:\/\/live.staticflickr.com\/65535\/52759920450_eab6a21d5b_b.jpg\" title=\"OSRH spremne za PP sezonu\"><img decoding=\"async\" data-title=\"OSRH spremne za PP sezonu\" data-description=\"Ministar obrane, Davor Bo\u017einovi\u0107, u petak, 6. svibnja, posjetio je 93. zb HRZ-a i PZO-a u vojarni Zemunik u Zadru gdje se, uo\u010di po\u010detka ovogodi\u0161nje protupo\u017earne sezone, upoznao sa spremno\u0161\u0107u i organizirano\u0161\u0107u snaga PP NOS-a OS RH | Foto: MORH\" alt=\"OSRH spremne za PP sezonu\" src=\"https:\/\/live.staticflickr.com\/65535\/52759920450_eab6a21d5b_b.jpg\" data-layer=\"&lt;div class=&#039;morh-gallery-image-download&#039;&gt;&lt;a href=&#039;https:\/\/live.staticflickr.com\/65535\/52759920450_cc53d84f6d_o.jpg&#039; target=&#039;_blank&#039;&gt;Slika za preuzimanje&lt;\/a&gt;&lt;\/div&gt;\" \/><\/a><a href=\"https:\/\/live.staticflickr.com\/65535\/52759766209_093a9c31b7_b.jpg\" title=\"OSRH spremne za PP sezonu\"><img decoding=\"async\" data-title=\"OSRH spremne za PP sezonu\" data-description=\"Ministar obrane, Davor Bo\u017einovi\u0107, u petak, 6. svibnja, posjetio je 93. zb HRZ-a i PZO-a u vojarni Zemunik u Zadru gdje se, uo\u010di po\u010detka ovogodi\u0161nje protupo\u017earne sezone, upoznao sa spremno\u0161\u0107u i organizirano\u0161\u0107u snaga PP NOS-a OS RH | Foto: MORH\" alt=\"OSRH spremne za PP sezonu\" src=\"https:\/\/live.staticflickr.com\/65535\/52759766209_093a9c31b7_b.jpg\" data-layer=\"&lt;div class=&#039;morh-gallery-image-download&#039;&gt;&lt;a href=&#039;https:\/\/live.staticflickr.com\/65535\/52759766209_5d669e4694_o.jpg&#039; target=&#039;_blank&#039;&gt;Slika za preuzimanje&lt;\/a&gt;&lt;\/div&gt;\" \/><\/a><a href=\"https:\/\/live.staticflickr.com\/65535\/52758973387_6c53112fcf_b.jpg\" title=\"OSRH spremne za PP sezonu\"><img decoding=\"async\" data-title=\"OSRH spremne za PP sezonu\" data-description=\"Ministar obrane, Davor Bo\u017einovi\u0107, u petak, 6. svibnja, posjetio je 93. zb HRZ-a i PZO-a u vojarni Zemunik u Zadru gdje se, uo\u010di po\u010detka ovogodi\u0161nje protupo\u017earne sezone, upoznao sa spremno\u0161\u0107u i organizirano\u0161\u0107u snaga PP NOS-a OS RH | Foto: MORH\" alt=\"OSRH spremne za PP sezonu\" src=\"https:\/\/live.staticflickr.com\/65535\/52758973387_6c53112fcf_b.jpg\" data-layer=\"&lt;div class=&#039;morh-gallery-image-download&#039;&gt;&lt;a href=&#039;https:\/\/live.staticflickr.com\/65535\/52758973387_2180ea2f62_o.jpg&#039; target=&#039;_blank&#039;&gt;Slika za preuzimanje&lt;\/a&gt;&lt;\/div&gt;\" \/><\/a><a href=\"https:\/\/live.staticflickr.com\/65535\/52759518381_5e32cf0184_b.jpg\" title=\"OSRH spremne za PP sezonu\"><img decoding=\"async\" data-title=\"OSRH spremne za PP sezonu\" data-description=\"Ministar obrane, Davor Bo\u017einovi\u0107, u petak, 6. svibnja, posjetio je 93. zb HRZ-a i PZO-a u vojarni Zemunik u Zadru gdje se, uo\u010di po\u010detka ovogodi\u0161nje protupo\u017earne sezone, upoznao sa spremno\u0161\u0107u i organizirano\u0161\u0107u snaga PP NOS-a OS RH | Foto: MORH\" alt=\"OSRH spremne za PP sezonu\" src=\"https:\/\/live.staticflickr.com\/65535\/52759518381_5e32cf0184_b.jpg\" data-layer=\"&lt;div class=&#039;morh-gallery-image-download&#039;&gt;&lt;a href=&#039;https:\/\/live.staticflickr.com\/65535\/52759518381_cca6f89985_o.jpg&#039; target=&#039;_blank&#039;&gt;Slika za preuzimanje&lt;\/a&gt;&lt;\/div&gt;\" \/><\/a><\/div><!--\/.morh-galleria -->\n","protected":false},"excerpt":{"rendered":"","protected":false},"author":3,"featured_media":45853,"comment_status":"closed","ping_status":"closed","sticky":false,"template":"","format":"standard","meta":{"_acf_changed":false,"_monsterinsights_skip_tracking":false,"_monsterinsights_sitenote_active":false,"_monsterinsights_sitenote_note":"","_monsterinsights_sitenote_category":0,"footnotes":""},"categories":[329],"tags":[],"class_list":["post-54803","post","type-post","status-publish","format-standard","has-post-thumbnail","hentry","category-fotogalerije-dogadaji-en"],"acf":[],"yoast_head":"<!-- This site is optimized with the Yoast SEO plugin v26.9 - https:\/\/yoast.com\/product\/yoast-seo-wordpress\/ -->\n<title>Fotogalerija: OSRH spremne za PP sezonu - MORH<\/title>\n<meta name=\"robots\" content=\"index, follow, max-snippet:-1, max-image-preview:large, max-video-preview:-1\" \/>\n<link rel=\"canonical\" href=\"https:\/\/www.morh.hr\/en\/fotogalerija-ministar-obrane-u-zadru\/\" \/>\n<meta property=\"og:locale\" content=\"en_US\" \/>\n<meta property=\"og:type\" content=\"article\" \/>\n<meta property=\"og:title\" content=\"Fotogalerija: OSRH spremne za PP sezonu - MORH\" \/>\n<meta property=\"og:url\" content=\"https:\/\/www.morh.hr\/en\/fotogalerija-ministar-obrane-u-zadru\/\" \/>\n<meta property=\"og:site_name\" content=\"MORH\" \/>\n<meta property=\"article:publisher\" content=\"https:\/\/www.facebook.com\/sportasiuhrvatskojvojsci\/\" \/>\n<meta property=\"article:published_time\" content=\"2011-05-06T13:15:39+00:00\" \/>\n<meta property=\"article:modified_time\" content=\"2023-03-20T13:14:40+00:00\" \/>\n<meta property=\"og:image\" content=\"https:\/\/www.morh.hr\/wp-content\/uploads\/2017\/10\/zd_20110506_11.jpg\" \/>\n\t<meta property=\"og:image:width\" content=\"1200\" \/>\n\t<meta property=\"og:image:height\" content=\"800\" \/>\n\t<meta property=\"og:image:type\" content=\"image\/jpeg\" \/>\n<meta name=\"author\" content=\"Drazen\" \/>\n<meta name=\"twitter:card\" content=\"summary_large_image\" \/>\n<meta name=\"twitter:creator\" content=\"@morh_osrh\" \/>\n<meta name=\"twitter:site\" content=\"@morh_osrh\" \/>\n<meta name=\"twitter:label1\" content=\"Written by\" \/>\n\t<meta name=\"twitter:data1\" content=\"Drazen\" \/>\n<script type=\"application\/ld+json\" class=\"yoast-schema-graph\">{\"@context\":\"https:\/\/schema.org\",\"@graph\":[{\"@type\":\"Article\",\"@id\":\"https:\/\/www.morh.hr\/en\/fotogalerija-ministar-obrane-u-zadru\/#article\",\"isPartOf\":{\"@id\":\"https:\/\/www.morh.hr\/en\/fotogalerija-ministar-obrane-u-zadru\/\"},\"author\":{\"name\":\"Drazen\",\"@id\":\"https:\/\/www.morh.hr\/en\/#\/schema\/person\/2d72e03399043d9513ab6bec75f2ce27\"},\"headline\":\"Fotogalerija: OSRH spremne za PP sezonu\",\"datePublished\":\"2011-05-06T13:15:39+00:00\",\"dateModified\":\"2023-03-20T13:14:40+00:00\",\"mainEntityOfPage\":{\"@id\":\"https:\/\/www.morh.hr\/en\/fotogalerija-ministar-obrane-u-zadru\/\"},\"wordCount\":15,\"image\":{\"@id\":\"https:\/\/www.morh.hr\/en\/fotogalerija-ministar-obrane-u-zadru\/#primaryimage\"},\"thumbnailUrl\":\"https:\/\/www.morh.hr\/wp-content\/uploads\/2017\/10\/zd_20110506_11.jpg\",\"articleSection\":[\"Fotogalerije: doga\u0111aji\"],\"inLanguage\":\"en-US\"},{\"@type\":\"WebPage\",\"@id\":\"https:\/\/www.morh.hr\/en\/fotogalerija-ministar-obrane-u-zadru\/\",\"url\":\"https:\/\/www.morh.hr\/en\/fotogalerija-ministar-obrane-u-zadru\/\",\"name\":\"Fotogalerija: OSRH spremne za PP sezonu - MORH\",\"isPartOf\":{\"@id\":\"https:\/\/www.morh.hr\/en\/#website\"},\"primaryImageOfPage\":{\"@id\":\"https:\/\/www.morh.hr\/en\/fotogalerija-ministar-obrane-u-zadru\/#primaryimage\"},\"image\":{\"@id\":\"https:\/\/www.morh.hr\/en\/fotogalerija-ministar-obrane-u-zadru\/#primaryimage\"},\"thumbnailUrl\":\"https:\/\/www.morh.hr\/wp-content\/uploads\/2017\/10\/zd_20110506_11.jpg\",\"datePublished\":\"2011-05-06T13:15:39+00:00\",\"dateModified\":\"2023-03-20T13:14:40+00:00\",\"author\":{\"@id\":\"https:\/\/www.morh.hr\/en\/#\/schema\/person\/2d72e03399043d9513ab6bec75f2ce27\"},\"breadcrumb\":{\"@id\":\"https:\/\/www.morh.hr\/en\/fotogalerija-ministar-obrane-u-zadru\/#breadcrumb\"},\"inLanguage\":\"en-US\",\"potentialAction\":[{\"@type\":\"ReadAction\",\"target\":[\"https:\/\/www.morh.hr\/en\/fotogalerija-ministar-obrane-u-zadru\/\"]}]},{\"@type\":\"ImageObject\",\"inLanguage\":\"en-US\",\"@id\":\"https:\/\/www.morh.hr\/en\/fotogalerija-ministar-obrane-u-zadru\/#primaryimage\",\"url\":\"https:\/\/www.morh.hr\/wp-content\/uploads\/2017\/10\/zd_20110506_11.jpg\",\"contentUrl\":\"https:\/\/www.morh.hr\/wp-content\/uploads\/2017\/10\/zd_20110506_11.jpg\",\"width\":1200,\"height\":800},{\"@type\":\"BreadcrumbList\",\"@id\":\"https:\/\/www.morh.hr\/en\/fotogalerija-ministar-obrane-u-zadru\/#breadcrumb\",\"itemListElement\":[{\"@type\":\"ListItem\",\"position\":1,\"name\":\"Naslovnica\",\"item\":\"https:\/\/www.morh.hr\/en\/\"},{\"@type\":\"ListItem\",\"position\":2,\"name\":\"Multimedija\",\"item\":\"https:\/\/www.morh.hr\/en\/kategorija\/multimedija-en\/\"},{\"@type\":\"ListItem\",\"position\":3,\"name\":\"Fotogalerije\",\"item\":\"https:\/\/www.morh.hr\/en\/kategorija\/multimedija-en\/fotogalerije-en\/\"},{\"@type\":\"ListItem\",\"position\":4,\"name\":\"Fotogalerije: doga\u0111aji\",\"item\":\"https:\/\/www.morh.hr\/en\/kategorija\/multimedija-en\/fotogalerije-en\/fotogalerije-dogadaji-en\/\"},{\"@type\":\"ListItem\",\"position\":5,\"name\":\"Fotogalerija: OSRH spremne za PP sezonu\"}]},{\"@type\":\"WebSite\",\"@id\":\"https:\/\/www.morh.hr\/en\/#website\",\"url\":\"https:\/\/www.morh.hr\/en\/\",\"name\":\"MORH\",\"description\":\"Ministarstvo obrane Republike Hrvatske - slu\u017ebene stranice\",\"potentialAction\":[{\"@type\":\"SearchAction\",\"target\":{\"@type\":\"EntryPoint\",\"urlTemplate\":\"https:\/\/www.morh.hr\/en\/?s={search_term_string}\"},\"query-input\":{\"@type\":\"PropertyValueSpecification\",\"valueRequired\":true,\"valueName\":\"search_term_string\"}}],\"inLanguage\":\"en-US\"},{\"@type\":\"Person\",\"@id\":\"https:\/\/www.morh.hr\/en\/#\/schema\/person\/2d72e03399043d9513ab6bec75f2ce27\",\"name\":\"Drazen\",\"image\":{\"@type\":\"ImageObject\",\"inLanguage\":\"en-US\",\"@id\":\"https:\/\/www.morh.hr\/en\/#\/schema\/person\/image\/\",\"url\":\"https:\/\/secure.gravatar.com\/avatar\/e36ef7e573425ae72988c73df868c1e87a656b0e005ca4fd7d30d2ba7e49c9cf?s=96&d=mm&r=g\",\"contentUrl\":\"https:\/\/secure.gravatar.com\/avatar\/e36ef7e573425ae72988c73df868c1e87a656b0e005ca4fd7d30d2ba7e49c9cf?s=96&d=mm&r=g\",\"caption\":\"Drazen\"}}]}<\/script>\n<!-- \/ Yoast SEO plugin. -->","yoast_head_json":{"title":"Fotogalerija: OSRH spremne za PP sezonu - MORH","robots":{"index":"index","follow":"follow","max-snippet":"max-snippet:-1","max-image-preview":"max-image-preview:large","max-video-preview":"max-video-preview:-1"},"canonical":"https:\/\/www.morh.hr\/en\/fotogalerija-ministar-obrane-u-zadru\/","og_locale":"en_US","og_type":"article","og_title":"Fotogalerija: OSRH spremne za PP sezonu - MORH","og_url":"https:\/\/www.morh.hr\/en\/fotogalerija-ministar-obrane-u-zadru\/","og_site_name":"MORH","article_publisher":"https:\/\/www.facebook.com\/sportasiuhrvatskojvojsci\/","article_published_time":"2011-05-06T13:15:39+00:00","article_modified_time":"2023-03-20T13:14:40+00:00","og_image":[{"width":1200,"height":800,"url":"https:\/\/www.morh.hr\/wp-content\/uploads\/2017\/10\/zd_20110506_11.jpg","type":"image\/jpeg"}],"author":"Drazen","twitter_card":"summary_large_image","twitter_creator":"@morh_osrh","twitter_site":"@morh_osrh","twitter_misc":{"Written by":"Drazen"},"schema":{"@context":"https:\/\/schema.org","@graph":[{"@type":"Article","@id":"https:\/\/www.morh.hr\/en\/fotogalerija-ministar-obrane-u-zadru\/#article","isPartOf":{"@id":"https:\/\/www.morh.hr\/en\/fotogalerija-ministar-obrane-u-zadru\/"},"author":{"name":"Drazen","@id":"https:\/\/www.morh.hr\/en\/#\/schema\/person\/2d72e03399043d9513ab6bec75f2ce27"},"headline":"Fotogalerija: OSRH spremne za PP sezonu","datePublished":"2011-05-06T13:15:39+00:00","dateModified":"2023-03-20T13:14:40+00:00","mainEntityOfPage":{"@id":"https:\/\/www.morh.hr\/en\/fotogalerija-ministar-obrane-u-zadru\/"},"wordCount":15,"image":{"@id":"https:\/\/www.morh.hr\/en\/fotogalerija-ministar-obrane-u-zadru\/#primaryimage"},"thumbnailUrl":"https:\/\/www.morh.hr\/wp-content\/uploads\/2017\/10\/zd_20110506_11.jpg","articleSection":["Fotogalerije: doga\u0111aji"],"inLanguage":"en-US"},{"@type":"WebPage","@id":"https:\/\/www.morh.hr\/en\/fotogalerija-ministar-obrane-u-zadru\/","url":"https:\/\/www.morh.hr\/en\/fotogalerija-ministar-obrane-u-zadru\/","name":"Fotogalerija: OSRH spremne za PP sezonu - MORH","isPartOf":{"@id":"https:\/\/www.morh.hr\/en\/#website"},"primaryImageOfPage":{"@id":"https:\/\/www.morh.hr\/en\/fotogalerija-ministar-obrane-u-zadru\/#primaryimage"},"image":{"@id":"https:\/\/www.morh.hr\/en\/fotogalerija-ministar-obrane-u-zadru\/#primaryimage"},"thumbnailUrl":"https:\/\/www.morh.hr\/wp-content\/uploads\/2017\/10\/zd_20110506_11.jpg","datePublished":"2011-05-06T13:15:39+00:00","dateModified":"2023-03-20T13:14:40+00:00","author":{"@id":"https:\/\/www.morh.hr\/en\/#\/schema\/person\/2d72e03399043d9513ab6bec75f2ce27"},"breadcrumb":{"@id":"https:\/\/www.morh.hr\/en\/fotogalerija-ministar-obrane-u-zadru\/#breadcrumb"},"inLanguage":"en-US","potentialAction":[{"@type":"ReadAction","target":["https:\/\/www.morh.hr\/en\/fotogalerija-ministar-obrane-u-zadru\/"]}]},{"@type":"ImageObject","inLanguage":"en-US","@id":"https:\/\/www.morh.hr\/en\/fotogalerija-ministar-obrane-u-zadru\/#primaryimage","url":"https:\/\/www.morh.hr\/wp-content\/uploads\/2017\/10\/zd_20110506_11.jpg","contentUrl":"https:\/\/www.morh.hr\/wp-content\/uploads\/2017\/10\/zd_20110506_11.jpg","width":1200,"height":800},{"@type":"BreadcrumbList","@id":"https:\/\/www.morh.hr\/en\/fotogalerija-ministar-obrane-u-zadru\/#breadcrumb","itemListElement":[{"@type":"ListItem","position":1,"name":"Naslovnica","item":"https:\/\/www.morh.hr\/en\/"},{"@type":"ListItem","position":2,"name":"Multimedija","item":"https:\/\/www.morh.hr\/en\/kategorija\/multimedija-en\/"},{"@type":"ListItem","position":3,"name":"Fotogalerije","item":"https:\/\/www.morh.hr\/en\/kategorija\/multimedija-en\/fotogalerije-en\/"},{"@type":"ListItem","position":4,"name":"Fotogalerije: doga\u0111aji","item":"https:\/\/www.morh.hr\/en\/kategorija\/multimedija-en\/fotogalerije-en\/fotogalerije-dogadaji-en\/"},{"@type":"ListItem","position":5,"name":"Fotogalerija: OSRH spremne za PP sezonu"}]},{"@type":"WebSite","@id":"https:\/\/www.morh.hr\/en\/#website","url":"https:\/\/www.morh.hr\/en\/","name":"MORH","description":"Ministarstvo obrane Republike Hrvatske - slu\u017ebene stranice","potentialAction":[{"@type":"SearchAction","target":{"@type":"EntryPoint","urlTemplate":"https:\/\/www.morh.hr\/en\/?s={search_term_string}"},"query-input":{"@type":"PropertyValueSpecification","valueRequired":true,"valueName":"search_term_string"}}],"inLanguage":"en-US"},{"@type":"Person","@id":"https:\/\/www.morh.hr\/en\/#\/schema\/person\/2d72e03399043d9513ab6bec75f2ce27","name":"Drazen","image":{"@type":"ImageObject","inLanguage":"en-US","@id":"https:\/\/www.morh.hr\/en\/#\/schema\/person\/image\/","url":"https:\/\/secure.gravatar.com\/avatar\/e36ef7e573425ae72988c73df868c1e87a656b0e005ca4fd7d30d2ba7e49c9cf?s=96&d=mm&r=g","contentUrl":"https:\/\/secure.gravatar.com\/avatar\/e36ef7e573425ae72988c73df868c1e87a656b0e005ca4fd7d30d2ba7e49c9cf?s=96&d=mm&r=g","caption":"Drazen"}}]}},"_links":{"self":[{"href":"https:\/\/www.morh.hr\/en\/wp-json\/wp\/v2\/posts\/54803","targetHints":{"allow":["GET"]}}],"collection":[{"href":"https:\/\/www.morh.hr\/en\/wp-json\/wp\/v2\/posts"}],"about":[{"href":"https:\/\/www.morh.hr\/en\/wp-json\/wp\/v2\/types\/post"}],"author":[{"embeddable":true,"href":"https:\/\/www.morh.hr\/en\/wp-json\/wp\/v2\/users\/3"}],"replies":[{"embeddable":true,"href":"https:\/\/www.morh.hr\/en\/wp-json\/wp\/v2\/comments?post=54803"}],"version-history":[{"count":0,"href":"https:\/\/www.morh.hr\/en\/wp-json\/wp\/v2\/posts\/54803\/revisions"}],"wp:featuredmedia":[{"embeddable":true,"href":"https:\/\/www.morh.hr\/en\/wp-json\/wp\/v2\/media\/45853"}],"wp:attachment":[{"href":"https:\/\/www.morh.hr\/en\/wp-json\/wp\/v2\/media?parent=54803"}],"wp:term":[{"taxonomy":"category","embeddable":true,"href":"https:\/\/www.morh.hr\/en\/wp-json\/wp\/v2\/categories?post=54803"},{"taxonomy":"post_tag","embeddable":true,"href":"https:\/\/www.morh.hr\/en\/wp-json\/wp\/v2\/tags?post=54803"}],"curies":[{"name":"wp","href":"https:\/\/api.w.org\/{rel}","templated":true}]}}