{"id":54885,"date":"2011-01-26T15:37:22","date_gmt":"2011-01-26T14:37:22","guid":{"rendered":"https:\/\/www.morh.hr\/fotogalerija-susret-ministra-bozinovica-sa-slovenskom-ministricom-obrane-jelusic\/"},"modified":"2023-03-16T13:18:14","modified_gmt":"2023-03-16T12:18:14","slug":"fotogalerija-susret-ministra-bozinovica-sa-slovenskom-ministricom-obrane-jelusic","status":"publish","type":"post","link":"https:\/\/www.morh.hr\/en\/fotogalerija-susret-ministra-bozinovica-sa-slovenskom-ministricom-obrane-jelusic\/","title":{"rendered":"Fotogalerija: Susret ministra Bo\u017einovi\u0107a sa slovenskom ministricom obrane Jelu\u0161i\u010d"},"content":{"rendered":"<div class=\"morh-galleria\"><a href=\"https:\/\/live.staticflickr.com\/65535\/52750430532_ca13051758_b.jpg\" title=\"Susret ministra Bo\u017einovi\u0107a sa slovenskom ministricom obrane Jelu\u0161i\u010d\"><img decoding=\"async\" data-title=\"Susret ministra Bo\u017einovi\u0107a sa slovenskom ministricom obrane Jelu\u0161i\u010d\" data-description=\"Foto: MORH\" alt=\"Susret ministra Bo\u017einovi\u0107a sa slovenskom ministricom obrane Jelu\u0161i\u010d\" src=\"https:\/\/live.staticflickr.com\/65535\/52750430532_ca13051758_b.jpg\" data-layer=\"&lt;div class=&#039;morh-gallery-image-download&#039;&gt;&lt;a href=&#039;https:\/\/live.staticflickr.com\/65535\/52750430532_bf10ca46f1_o.jpg&#039; target=&#039;_blank&#039;&gt;Slika za preuzimanje&lt;\/a&gt;&lt;\/div&gt;\" \/><\/a><a href=\"https:\/\/live.staticflickr.com\/65535\/52750966511_ceda8ce722_b.jpg\" title=\"Susret ministra Bo\u017einovi\u0107a sa slovenskom ministricom obrane Jelu\u0161i\u010d\"><img decoding=\"async\" data-title=\"Susret ministra Bo\u017einovi\u0107a sa slovenskom ministricom obrane Jelu\u0161i\u010d\" data-description=\"Foto: MORH\" alt=\"Susret ministra Bo\u017einovi\u0107a sa slovenskom ministricom obrane Jelu\u0161i\u010d\" src=\"https:\/\/live.staticflickr.com\/65535\/52750966511_ceda8ce722_b.jpg\" data-layer=\"&lt;div class=&#039;morh-gallery-image-download&#039;&gt;&lt;a href=&#039;https:\/\/live.staticflickr.com\/65535\/52750966511_4d597d0980_o.jpg&#039; target=&#039;_blank&#039;&gt;Slika za preuzimanje&lt;\/a&gt;&lt;\/div&gt;\" \/><\/a><a href=\"https:\/\/live.staticflickr.com\/65535\/52751458483_02b5c88614_b.jpg\" title=\"Susret ministra Bo\u017einovi\u0107a sa slovenskom ministricom obrane Jelu\u0161i\u010d\"><img decoding=\"async\" data-title=\"Susret ministra Bo\u017einovi\u0107a sa slovenskom ministricom obrane Jelu\u0161i\u010d\" data-description=\"Foto: MORH\" alt=\"Susret ministra Bo\u017einovi\u0107a sa slovenskom ministricom obrane Jelu\u0161i\u010d\" src=\"https:\/\/live.staticflickr.com\/65535\/52751458483_02b5c88614_b.jpg\" data-layer=\"&lt;div class=&#039;morh-gallery-image-download&#039;&gt;&lt;a href=&#039;https:\/\/live.staticflickr.com\/65535\/52751458483_605f6df643_o.jpg&#039; target=&#039;_blank&#039;&gt;Slika za preuzimanje&lt;\/a&gt;&lt;\/div&gt;\" \/><\/a><a href=\"https:\/\/live.staticflickr.com\/65535\/52750966491_f2a95f0dd0_b.jpg\" title=\"Susret ministra Bo\u017einovi\u0107a sa slovenskom ministricom obrane Jelu\u0161i\u010d\"><img decoding=\"async\" data-title=\"Susret ministra Bo\u017einovi\u0107a sa slovenskom ministricom obrane Jelu\u0161i\u010d\" data-description=\"Foto: MORH\" alt=\"Susret ministra Bo\u017einovi\u0107a sa slovenskom ministricom obrane Jelu\u0161i\u010d\" src=\"https:\/\/live.staticflickr.com\/65535\/52750966491_f2a95f0dd0_b.jpg\" data-layer=\"&lt;div class=&#039;morh-gallery-image-download&#039;&gt;&lt;a href=&#039;https:\/\/live.staticflickr.com\/65535\/52750966491_eb7cfdb59a_o.jpg&#039; target=&#039;_blank&#039;&gt;Slika za preuzimanje&lt;\/a&gt;&lt;\/div&gt;\" \/><\/a><a href=\"https:\/\/live.staticflickr.com\/65535\/52751206629_3901b382f6_b.jpg\" title=\"Susret ministra Bo\u017einovi\u0107a sa slovenskom ministricom obrane Jelu\u0161i\u010d\"><img decoding=\"async\" data-title=\"Susret ministra Bo\u017einovi\u0107a sa slovenskom ministricom obrane Jelu\u0161i\u010d\" data-description=\"Foto: MORH\" alt=\"Susret ministra Bo\u017einovi\u0107a sa slovenskom ministricom obrane Jelu\u0161i\u010d\" src=\"https:\/\/live.staticflickr.com\/65535\/52751206629_3901b382f6_b.jpg\" data-layer=\"&lt;div class=&#039;morh-gallery-image-download&#039;&gt;&lt;a href=&#039;https:\/\/live.staticflickr.com\/65535\/52751206629_46bdf5c96b_o.jpg&#039; target=&#039;_blank&#039;&gt;Slika za preuzimanje&lt;\/a&gt;&lt;\/div&gt;\" \/><\/a><a href=\"https:\/\/live.staticflickr.com\/65535\/52750966421_d7214ef0ce_b.jpg\" title=\"Susret ministra Bo\u017einovi\u0107a sa slovenskom ministricom obrane Jelu\u0161i\u010d\"><img decoding=\"async\" data-title=\"Susret ministra Bo\u017einovi\u0107a sa slovenskom ministricom obrane Jelu\u0161i\u010d\" data-description=\"Foto: MORH\" alt=\"Susret ministra Bo\u017einovi\u0107a sa slovenskom ministricom obrane Jelu\u0161i\u010d\" src=\"https:\/\/live.staticflickr.com\/65535\/52750966421_d7214ef0ce_b.jpg\" data-layer=\"&lt;div class=&#039;morh-gallery-image-download&#039;&gt;&lt;a href=&#039;https:\/\/live.staticflickr.com\/65535\/52750966421_79e9869d5d_o.jpg&#039; target=&#039;_blank&#039;&gt;Slika za preuzimanje&lt;\/a&gt;&lt;\/div&gt;\" \/><\/a><a href=\"https:\/\/live.staticflickr.com\/65535\/52750430572_697e8cfa97_b.jpg\" title=\"Susret ministra Bo\u017einovi\u0107a sa slovenskom ministricom obrane Jelu\u0161i\u010d\"><img decoding=\"async\" data-title=\"Susret ministra Bo\u017einovi\u0107a sa slovenskom ministricom obrane Jelu\u0161i\u010d\" data-description=\"Foto: MORH\" alt=\"Susret ministra Bo\u017einovi\u0107a sa slovenskom ministricom obrane Jelu\u0161i\u010d\" src=\"https:\/\/live.staticflickr.com\/65535\/52750430572_697e8cfa97_b.jpg\" data-layer=\"&lt;div class=&#039;morh-gallery-image-download&#039;&gt;&lt;a href=&#039;https:\/\/live.staticflickr.com\/65535\/52750430572_7c7a7b9554_o.jpg&#039; target=&#039;_blank&#039;&gt;Slika za preuzimanje&lt;\/a&gt;&lt;\/div&gt;\" \/><\/a><a href=\"https:\/\/live.staticflickr.com\/65535\/52750966411_411b9c65e4_b.jpg\" title=\"Susret ministra Bo\u017einovi\u0107a sa slovenskom ministricom obrane Jelu\u0161i\u010d\"><img decoding=\"async\" data-title=\"Susret ministra Bo\u017einovi\u0107a sa slovenskom ministricom obrane Jelu\u0161i\u010d\" data-description=\"Foto: MORH\" alt=\"Susret ministra Bo\u017einovi\u0107a sa slovenskom ministricom obrane Jelu\u0161i\u010d\" src=\"https:\/\/live.staticflickr.com\/65535\/52750966411_411b9c65e4_b.jpg\" data-layer=\"&lt;div class=&#039;morh-gallery-image-download&#039;&gt;&lt;a href=&#039;https:\/\/live.staticflickr.com\/65535\/52750966411_65a67b3635_o.jpg&#039; target=&#039;_blank&#039;&gt;Slika za preuzimanje&lt;\/a&gt;&lt;\/div&gt;\" \/><\/a><a href=\"https:\/\/live.staticflickr.com\/65535\/52751374070_01a04a4988_b.jpg\" title=\"Susret ministra Bo\u017einovi\u0107a sa slovenskom ministricom obrane Jelu\u0161i\u010d\"><img decoding=\"async\" data-title=\"Susret ministra Bo\u017einovi\u0107a sa slovenskom ministricom obrane Jelu\u0161i\u010d\" data-description=\"Foto: MORH\" alt=\"Susret ministra Bo\u017einovi\u0107a sa slovenskom ministricom obrane Jelu\u0161i\u010d\" src=\"https:\/\/live.staticflickr.com\/65535\/52751374070_01a04a4988_b.jpg\" data-layer=\"&lt;div class=&#039;morh-gallery-image-download&#039;&gt;&lt;a href=&#039;https:\/\/live.staticflickr.com\/65535\/52751374070_378c5944c6_o.jpg&#039; target=&#039;_blank&#039;&gt;Slika za preuzimanje&lt;\/a&gt;&lt;\/div&gt;\" \/><\/a><a href=\"https:\/\/live.staticflickr.com\/65535\/52750966396_27ff290c15_b.jpg\" title=\"Susret ministra Bo\u017einovi\u0107a sa slovenskom ministricom obrane Jelu\u0161i\u010d\"><img decoding=\"async\" data-title=\"Susret ministra Bo\u017einovi\u0107a sa slovenskom ministricom obrane Jelu\u0161i\u010d\" data-description=\"Foto: MORH\" alt=\"Susret ministra Bo\u017einovi\u0107a sa slovenskom ministricom obrane Jelu\u0161i\u010d\" src=\"https:\/\/live.staticflickr.com\/65535\/52750966396_27ff290c15_b.jpg\" data-layer=\"&lt;div class=&#039;morh-gallery-image-download&#039;&gt;&lt;a href=&#039;https:\/\/live.staticflickr.com\/65535\/52750966396_bb962d61e3_o.jpg&#039; target=&#039;_blank&#039;&gt;Slika za preuzimanje&lt;\/a&gt;&lt;\/div&gt;\" \/><\/a><a href=\"https:\/\/live.staticflickr.com\/65535\/52750966391_40b95d85d7_b.jpg\" title=\"Susret ministra Bo\u017einovi\u0107a sa slovenskom ministricom obrane Jelu\u0161i\u010d\"><img decoding=\"async\" data-title=\"Susret ministra Bo\u017einovi\u0107a sa slovenskom ministricom obrane Jelu\u0161i\u010d\" data-description=\"Foto: MORH\" alt=\"Susret ministra Bo\u017einovi\u0107a sa slovenskom ministricom obrane Jelu\u0161i\u010d\" src=\"https:\/\/live.staticflickr.com\/65535\/52750966391_40b95d85d7_b.jpg\" data-layer=\"&lt;div class=&#039;morh-gallery-image-download&#039;&gt;&lt;a href=&#039;https:\/\/live.staticflickr.com\/65535\/52750966391_5b2080d708_o.jpg&#039; target=&#039;_blank&#039;&gt;Slika za preuzimanje&lt;\/a&gt;&lt;\/div&gt;\" \/><\/a><a href=\"https:\/\/live.staticflickr.com\/65535\/52751206534_dc1edca6ff_b.jpg\" title=\"Susret ministra Bo\u017einovi\u0107a sa slovenskom ministricom obrane Jelu\u0161i\u010d\"><img decoding=\"async\" data-title=\"Susret ministra Bo\u017einovi\u0107a sa slovenskom ministricom obrane Jelu\u0161i\u010d\" data-description=\"Foto: MORH\" alt=\"Susret ministra Bo\u017einovi\u0107a sa slovenskom ministricom obrane Jelu\u0161i\u010d\" src=\"https:\/\/live.staticflickr.com\/65535\/52751206534_dc1edca6ff_b.jpg\" data-layer=\"&lt;div class=&#039;morh-gallery-image-download&#039;&gt;&lt;a href=&#039;https:\/\/live.staticflickr.com\/65535\/52751206534_30cbc79673_o.jpg&#039; target=&#039;_blank&#039;&gt;Slika za preuzimanje&lt;\/a&gt;&lt;\/div&gt;\" \/><\/a><a href=\"https:\/\/live.staticflickr.com\/65535\/52750430537_c3879b36e2_b.jpg\" title=\"Susret ministra Bo\u017einovi\u0107a sa slovenskom ministricom obrane Jelu\u0161i\u010d\"><img decoding=\"async\" data-title=\"Susret ministra Bo\u017einovi\u0107a sa slovenskom ministricom obrane Jelu\u0161i\u010d\" data-description=\"Foto: MORH\" alt=\"Susret ministra Bo\u017einovi\u0107a sa slovenskom ministricom obrane Jelu\u0161i\u010d\" src=\"https:\/\/live.staticflickr.com\/65535\/52750430537_c3879b36e2_b.jpg\" data-layer=\"&lt;div class=&#039;morh-gallery-image-download&#039;&gt;&lt;a href=&#039;https:\/\/live.staticflickr.com\/65535\/52750430537_b3a03a1800_o.jpg&#039; target=&#039;_blank&#039;&gt;Slika za preuzimanje&lt;\/a&gt;&lt;\/div&gt;\" \/><\/a><a href=\"https:\/\/live.staticflickr.com\/65535\/52751206509_79af36ecae_b.jpg\" title=\"Susret ministra Bo\u017einovi\u0107a sa slovenskom ministricom obrane Jelu\u0161i\u010d\"><img decoding=\"async\" data-title=\"Susret ministra Bo\u017einovi\u0107a sa slovenskom ministricom obrane Jelu\u0161i\u010d\" data-description=\"Foto: MORH\" alt=\"Susret ministra Bo\u017einovi\u0107a sa slovenskom ministricom obrane Jelu\u0161i\u010d\" src=\"https:\/\/live.staticflickr.com\/65535\/52751206509_79af36ecae_b.jpg\" data-layer=\"&lt;div class=&#039;morh-gallery-image-download&#039;&gt;&lt;a href=&#039;https:\/\/live.staticflickr.com\/65535\/52751206509_bed171ce02_o.jpg&#039; target=&#039;_blank&#039;&gt;Slika za preuzimanje&lt;\/a&gt;&lt;\/div&gt;\" \/><\/a><\/div><!--\/.morh-galleria -->\n","protected":false},"excerpt":{"rendered":"","protected":false},"author":3,"featured_media":45646,"comment_status":"closed","ping_status":"closed","sticky":false,"template":"","format":"standard","meta":{"_acf_changed":false,"_monsterinsights_skip_tracking":false,"_monsterinsights_sitenote_active":false,"_monsterinsights_sitenote_note":"","_monsterinsights_sitenote_category":0,"footnotes":""},"categories":[329],"tags":[],"class_list":["post-54885","post","type-post","status-publish","format-standard","has-post-thumbnail","hentry","category-fotogalerije-dogadaji-en"],"acf":[],"yoast_head":"<!-- This site is optimized with the Yoast SEO plugin v26.9 - https:\/\/yoast.com\/product\/yoast-seo-wordpress\/ -->\n<title>Fotogalerija: Susret ministra Bo\u017einovi\u0107a sa slovenskom ministricom obrane Jelu\u0161i\u010d - MORH<\/title>\n<meta name=\"robots\" content=\"index, follow, max-snippet:-1, max-image-preview:large, max-video-preview:-1\" \/>\n<link rel=\"canonical\" href=\"https:\/\/www.morh.hr\/en\/fotogalerija-susret-ministra-bozinovica-sa-slovenskom-ministricom-obrane-jelusic\/\" \/>\n<meta property=\"og:locale\" content=\"en_US\" \/>\n<meta property=\"og:type\" content=\"article\" \/>\n<meta property=\"og:title\" content=\"Fotogalerija: Susret ministra Bo\u017einovi\u0107a sa slovenskom ministricom obrane Jelu\u0161i\u010d - MORH\" \/>\n<meta property=\"og:url\" content=\"https:\/\/www.morh.hr\/en\/fotogalerija-susret-ministra-bozinovica-sa-slovenskom-ministricom-obrane-jelusic\/\" \/>\n<meta property=\"og:site_name\" content=\"MORH\" \/>\n<meta property=\"article:publisher\" content=\"https:\/\/www.facebook.com\/sportasiuhrvatskojvojsci\/\" \/>\n<meta property=\"article:published_time\" content=\"2011-01-26T14:37:22+00:00\" \/>\n<meta property=\"article:modified_time\" content=\"2023-03-16T12:18:14+00:00\" \/>\n<meta property=\"og:image\" content=\"https:\/\/www.morh.hr\/wp-content\/uploads\/2017\/10\/mo_26012011_01.jpg\" \/>\n\t<meta property=\"og:image:width\" content=\"1200\" \/>\n\t<meta property=\"og:image:height\" content=\"794\" \/>\n\t<meta property=\"og:image:type\" content=\"image\/jpeg\" \/>\n<meta name=\"author\" content=\"Drazen\" \/>\n<meta name=\"twitter:card\" content=\"summary_large_image\" \/>\n<meta name=\"twitter:creator\" content=\"@morh_osrh\" \/>\n<meta name=\"twitter:site\" content=\"@morh_osrh\" \/>\n<meta name=\"twitter:label1\" content=\"Written by\" \/>\n\t<meta name=\"twitter:data1\" content=\"Drazen\" \/>\n<script type=\"application\/ld+json\" class=\"yoast-schema-graph\">{\"@context\":\"https:\/\/schema.org\",\"@graph\":[{\"@type\":\"Article\",\"@id\":\"https:\/\/www.morh.hr\/en\/fotogalerija-susret-ministra-bozinovica-sa-slovenskom-ministricom-obrane-jelusic\/#article\",\"isPartOf\":{\"@id\":\"https:\/\/www.morh.hr\/en\/fotogalerija-susret-ministra-bozinovica-sa-slovenskom-ministricom-obrane-jelusic\/\"},\"author\":{\"name\":\"Drazen\",\"@id\":\"https:\/\/www.morh.hr\/en\/#\/schema\/person\/2d72e03399043d9513ab6bec75f2ce27\"},\"headline\":\"Fotogalerija: Susret ministra Bo\u017einovi\u0107a sa slovenskom ministricom obrane Jelu\u0161i\u010d\",\"datePublished\":\"2011-01-26T14:37:22+00:00\",\"dateModified\":\"2023-03-16T12:18:14+00:00\",\"mainEntityOfPage\":{\"@id\":\"https:\/\/www.morh.hr\/en\/fotogalerija-susret-ministra-bozinovica-sa-slovenskom-ministricom-obrane-jelusic\/\"},\"wordCount\":21,\"image\":{\"@id\":\"https:\/\/www.morh.hr\/en\/fotogalerija-susret-ministra-bozinovica-sa-slovenskom-ministricom-obrane-jelusic\/#primaryimage\"},\"thumbnailUrl\":\"https:\/\/www.morh.hr\/wp-content\/uploads\/2017\/10\/mo_26012011_01.jpg\",\"articleSection\":[\"Fotogalerije: doga\u0111aji\"],\"inLanguage\":\"en-US\"},{\"@type\":\"WebPage\",\"@id\":\"https:\/\/www.morh.hr\/en\/fotogalerija-susret-ministra-bozinovica-sa-slovenskom-ministricom-obrane-jelusic\/\",\"url\":\"https:\/\/www.morh.hr\/en\/fotogalerija-susret-ministra-bozinovica-sa-slovenskom-ministricom-obrane-jelusic\/\",\"name\":\"Fotogalerija: Susret ministra Bo\u017einovi\u0107a sa slovenskom ministricom obrane Jelu\u0161i\u010d - MORH\",\"isPartOf\":{\"@id\":\"https:\/\/www.morh.hr\/en\/#website\"},\"primaryImageOfPage\":{\"@id\":\"https:\/\/www.morh.hr\/en\/fotogalerija-susret-ministra-bozinovica-sa-slovenskom-ministricom-obrane-jelusic\/#primaryimage\"},\"image\":{\"@id\":\"https:\/\/www.morh.hr\/en\/fotogalerija-susret-ministra-bozinovica-sa-slovenskom-ministricom-obrane-jelusic\/#primaryimage\"},\"thumbnailUrl\":\"https:\/\/www.morh.hr\/wp-content\/uploads\/2017\/10\/mo_26012011_01.jpg\",\"datePublished\":\"2011-01-26T14:37:22+00:00\",\"dateModified\":\"2023-03-16T12:18:14+00:00\",\"author\":{\"@id\":\"https:\/\/www.morh.hr\/en\/#\/schema\/person\/2d72e03399043d9513ab6bec75f2ce27\"},\"breadcrumb\":{\"@id\":\"https:\/\/www.morh.hr\/en\/fotogalerija-susret-ministra-bozinovica-sa-slovenskom-ministricom-obrane-jelusic\/#breadcrumb\"},\"inLanguage\":\"en-US\",\"potentialAction\":[{\"@type\":\"ReadAction\",\"target\":[\"https:\/\/www.morh.hr\/en\/fotogalerija-susret-ministra-bozinovica-sa-slovenskom-ministricom-obrane-jelusic\/\"]}]},{\"@type\":\"ImageObject\",\"inLanguage\":\"en-US\",\"@id\":\"https:\/\/www.morh.hr\/en\/fotogalerija-susret-ministra-bozinovica-sa-slovenskom-ministricom-obrane-jelusic\/#primaryimage\",\"url\":\"https:\/\/www.morh.hr\/wp-content\/uploads\/2017\/10\/mo_26012011_01.jpg\",\"contentUrl\":\"https:\/\/www.morh.hr\/wp-content\/uploads\/2017\/10\/mo_26012011_01.jpg\",\"width\":1200,\"height\":794},{\"@type\":\"BreadcrumbList\",\"@id\":\"https:\/\/www.morh.hr\/en\/fotogalerija-susret-ministra-bozinovica-sa-slovenskom-ministricom-obrane-jelusic\/#breadcrumb\",\"itemListElement\":[{\"@type\":\"ListItem\",\"position\":1,\"name\":\"Naslovnica\",\"item\":\"https:\/\/www.morh.hr\/en\/\"},{\"@type\":\"ListItem\",\"position\":2,\"name\":\"Multimedija\",\"item\":\"https:\/\/www.morh.hr\/en\/kategorija\/multimedija-en\/\"},{\"@type\":\"ListItem\",\"position\":3,\"name\":\"Fotogalerije\",\"item\":\"https:\/\/www.morh.hr\/en\/kategorija\/multimedija-en\/fotogalerije-en\/\"},{\"@type\":\"ListItem\",\"position\":4,\"name\":\"Fotogalerije: doga\u0111aji\",\"item\":\"https:\/\/www.morh.hr\/en\/kategorija\/multimedija-en\/fotogalerije-en\/fotogalerije-dogadaji-en\/\"},{\"@type\":\"ListItem\",\"position\":5,\"name\":\"Fotogalerija: Susret ministra Bo\u017einovi\u0107a sa slovenskom ministricom obrane Jelu\u0161i\u010d\"}]},{\"@type\":\"WebSite\",\"@id\":\"https:\/\/www.morh.hr\/en\/#website\",\"url\":\"https:\/\/www.morh.hr\/en\/\",\"name\":\"MORH\",\"description\":\"Ministarstvo obrane Republike Hrvatske - slu\u017ebene stranice\",\"potentialAction\":[{\"@type\":\"SearchAction\",\"target\":{\"@type\":\"EntryPoint\",\"urlTemplate\":\"https:\/\/www.morh.hr\/en\/?s={search_term_string}\"},\"query-input\":{\"@type\":\"PropertyValueSpecification\",\"valueRequired\":true,\"valueName\":\"search_term_string\"}}],\"inLanguage\":\"en-US\"},{\"@type\":\"Person\",\"@id\":\"https:\/\/www.morh.hr\/en\/#\/schema\/person\/2d72e03399043d9513ab6bec75f2ce27\",\"name\":\"Drazen\",\"image\":{\"@type\":\"ImageObject\",\"inLanguage\":\"en-US\",\"@id\":\"https:\/\/www.morh.hr\/en\/#\/schema\/person\/image\/\",\"url\":\"https:\/\/secure.gravatar.com\/avatar\/e36ef7e573425ae72988c73df868c1e87a656b0e005ca4fd7d30d2ba7e49c9cf?s=96&d=mm&r=g\",\"contentUrl\":\"https:\/\/secure.gravatar.com\/avatar\/e36ef7e573425ae72988c73df868c1e87a656b0e005ca4fd7d30d2ba7e49c9cf?s=96&d=mm&r=g\",\"caption\":\"Drazen\"}}]}<\/script>\n<!-- \/ Yoast SEO plugin. -->","yoast_head_json":{"title":"Fotogalerija: Susret ministra Bo\u017einovi\u0107a sa slovenskom ministricom obrane Jelu\u0161i\u010d - MORH","robots":{"index":"index","follow":"follow","max-snippet":"max-snippet:-1","max-image-preview":"max-image-preview:large","max-video-preview":"max-video-preview:-1"},"canonical":"https:\/\/www.morh.hr\/en\/fotogalerija-susret-ministra-bozinovica-sa-slovenskom-ministricom-obrane-jelusic\/","og_locale":"en_US","og_type":"article","og_title":"Fotogalerija: Susret ministra Bo\u017einovi\u0107a sa slovenskom ministricom obrane Jelu\u0161i\u010d - MORH","og_url":"https:\/\/www.morh.hr\/en\/fotogalerija-susret-ministra-bozinovica-sa-slovenskom-ministricom-obrane-jelusic\/","og_site_name":"MORH","article_publisher":"https:\/\/www.facebook.com\/sportasiuhrvatskojvojsci\/","article_published_time":"2011-01-26T14:37:22+00:00","article_modified_time":"2023-03-16T12:18:14+00:00","og_image":[{"width":1200,"height":794,"url":"https:\/\/www.morh.hr\/wp-content\/uploads\/2017\/10\/mo_26012011_01.jpg","type":"image\/jpeg"}],"author":"Drazen","twitter_card":"summary_large_image","twitter_creator":"@morh_osrh","twitter_site":"@morh_osrh","twitter_misc":{"Written by":"Drazen"},"schema":{"@context":"https:\/\/schema.org","@graph":[{"@type":"Article","@id":"https:\/\/www.morh.hr\/en\/fotogalerija-susret-ministra-bozinovica-sa-slovenskom-ministricom-obrane-jelusic\/#article","isPartOf":{"@id":"https:\/\/www.morh.hr\/en\/fotogalerija-susret-ministra-bozinovica-sa-slovenskom-ministricom-obrane-jelusic\/"},"author":{"name":"Drazen","@id":"https:\/\/www.morh.hr\/en\/#\/schema\/person\/2d72e03399043d9513ab6bec75f2ce27"},"headline":"Fotogalerija: Susret ministra Bo\u017einovi\u0107a sa slovenskom ministricom obrane Jelu\u0161i\u010d","datePublished":"2011-01-26T14:37:22+00:00","dateModified":"2023-03-16T12:18:14+00:00","mainEntityOfPage":{"@id":"https:\/\/www.morh.hr\/en\/fotogalerija-susret-ministra-bozinovica-sa-slovenskom-ministricom-obrane-jelusic\/"},"wordCount":21,"image":{"@id":"https:\/\/www.morh.hr\/en\/fotogalerija-susret-ministra-bozinovica-sa-slovenskom-ministricom-obrane-jelusic\/#primaryimage"},"thumbnailUrl":"https:\/\/www.morh.hr\/wp-content\/uploads\/2017\/10\/mo_26012011_01.jpg","articleSection":["Fotogalerije: doga\u0111aji"],"inLanguage":"en-US"},{"@type":"WebPage","@id":"https:\/\/www.morh.hr\/en\/fotogalerija-susret-ministra-bozinovica-sa-slovenskom-ministricom-obrane-jelusic\/","url":"https:\/\/www.morh.hr\/en\/fotogalerija-susret-ministra-bozinovica-sa-slovenskom-ministricom-obrane-jelusic\/","name":"Fotogalerija: Susret ministra Bo\u017einovi\u0107a sa slovenskom ministricom obrane Jelu\u0161i\u010d - MORH","isPartOf":{"@id":"https:\/\/www.morh.hr\/en\/#website"},"primaryImageOfPage":{"@id":"https:\/\/www.morh.hr\/en\/fotogalerija-susret-ministra-bozinovica-sa-slovenskom-ministricom-obrane-jelusic\/#primaryimage"},"image":{"@id":"https:\/\/www.morh.hr\/en\/fotogalerija-susret-ministra-bozinovica-sa-slovenskom-ministricom-obrane-jelusic\/#primaryimage"},"thumbnailUrl":"https:\/\/www.morh.hr\/wp-content\/uploads\/2017\/10\/mo_26012011_01.jpg","datePublished":"2011-01-26T14:37:22+00:00","dateModified":"2023-03-16T12:18:14+00:00","author":{"@id":"https:\/\/www.morh.hr\/en\/#\/schema\/person\/2d72e03399043d9513ab6bec75f2ce27"},"breadcrumb":{"@id":"https:\/\/www.morh.hr\/en\/fotogalerija-susret-ministra-bozinovica-sa-slovenskom-ministricom-obrane-jelusic\/#breadcrumb"},"inLanguage":"en-US","potentialAction":[{"@type":"ReadAction","target":["https:\/\/www.morh.hr\/en\/fotogalerija-susret-ministra-bozinovica-sa-slovenskom-ministricom-obrane-jelusic\/"]}]},{"@type":"ImageObject","inLanguage":"en-US","@id":"https:\/\/www.morh.hr\/en\/fotogalerija-susret-ministra-bozinovica-sa-slovenskom-ministricom-obrane-jelusic\/#primaryimage","url":"https:\/\/www.morh.hr\/wp-content\/uploads\/2017\/10\/mo_26012011_01.jpg","contentUrl":"https:\/\/www.morh.hr\/wp-content\/uploads\/2017\/10\/mo_26012011_01.jpg","width":1200,"height":794},{"@type":"BreadcrumbList","@id":"https:\/\/www.morh.hr\/en\/fotogalerija-susret-ministra-bozinovica-sa-slovenskom-ministricom-obrane-jelusic\/#breadcrumb","itemListElement":[{"@type":"ListItem","position":1,"name":"Naslovnica","item":"https:\/\/www.morh.hr\/en\/"},{"@type":"ListItem","position":2,"name":"Multimedija","item":"https:\/\/www.morh.hr\/en\/kategorija\/multimedija-en\/"},{"@type":"ListItem","position":3,"name":"Fotogalerije","item":"https:\/\/www.morh.hr\/en\/kategorija\/multimedija-en\/fotogalerije-en\/"},{"@type":"ListItem","position":4,"name":"Fotogalerije: doga\u0111aji","item":"https:\/\/www.morh.hr\/en\/kategorija\/multimedija-en\/fotogalerije-en\/fotogalerije-dogadaji-en\/"},{"@type":"ListItem","position":5,"name":"Fotogalerija: Susret ministra Bo\u017einovi\u0107a sa slovenskom ministricom obrane Jelu\u0161i\u010d"}]},{"@type":"WebSite","@id":"https:\/\/www.morh.hr\/en\/#website","url":"https:\/\/www.morh.hr\/en\/","name":"MORH","description":"Ministarstvo obrane Republike Hrvatske - slu\u017ebene stranice","potentialAction":[{"@type":"SearchAction","target":{"@type":"EntryPoint","urlTemplate":"https:\/\/www.morh.hr\/en\/?s={search_term_string}"},"query-input":{"@type":"PropertyValueSpecification","valueRequired":true,"valueName":"search_term_string"}}],"inLanguage":"en-US"},{"@type":"Person","@id":"https:\/\/www.morh.hr\/en\/#\/schema\/person\/2d72e03399043d9513ab6bec75f2ce27","name":"Drazen","image":{"@type":"ImageObject","inLanguage":"en-US","@id":"https:\/\/www.morh.hr\/en\/#\/schema\/person\/image\/","url":"https:\/\/secure.gravatar.com\/avatar\/e36ef7e573425ae72988c73df868c1e87a656b0e005ca4fd7d30d2ba7e49c9cf?s=96&d=mm&r=g","contentUrl":"https:\/\/secure.gravatar.com\/avatar\/e36ef7e573425ae72988c73df868c1e87a656b0e005ca4fd7d30d2ba7e49c9cf?s=96&d=mm&r=g","caption":"Drazen"}}]}},"_links":{"self":[{"href":"https:\/\/www.morh.hr\/en\/wp-json\/wp\/v2\/posts\/54885","targetHints":{"allow":["GET"]}}],"collection":[{"href":"https:\/\/www.morh.hr\/en\/wp-json\/wp\/v2\/posts"}],"about":[{"href":"https:\/\/www.morh.hr\/en\/wp-json\/wp\/v2\/types\/post"}],"author":[{"embeddable":true,"href":"https:\/\/www.morh.hr\/en\/wp-json\/wp\/v2\/users\/3"}],"replies":[{"embeddable":true,"href":"https:\/\/www.morh.hr\/en\/wp-json\/wp\/v2\/comments?post=54885"}],"version-history":[{"count":0,"href":"https:\/\/www.morh.hr\/en\/wp-json\/wp\/v2\/posts\/54885\/revisions"}],"wp:featuredmedia":[{"embeddable":true,"href":"https:\/\/www.morh.hr\/en\/wp-json\/wp\/v2\/media\/45646"}],"wp:attachment":[{"href":"https:\/\/www.morh.hr\/en\/wp-json\/wp\/v2\/media?parent=54885"}],"wp:term":[{"taxonomy":"category","embeddable":true,"href":"https:\/\/www.morh.hr\/en\/wp-json\/wp\/v2\/categories?post=54885"},{"taxonomy":"post_tag","embeddable":true,"href":"https:\/\/www.morh.hr\/en\/wp-json\/wp\/v2\/tags?post=54885"}],"curies":[{"name":"wp","href":"https:\/\/api.w.org\/{rel}","templated":true}]}}