{"id":55016,"date":"2010-07-24T15:12:24","date_gmt":"2010-07-24T13:12:24","guid":{"rendered":"https:\/\/www.morh.hr\/fotogalerija-ministar-vukelic-na-otvaranju-smotre-saveza-izvidaca-hrvatske\/"},"modified":"2023-03-13T10:06:01","modified_gmt":"2023-03-13T09:06:01","slug":"fotogalerija-ministar-vukelic-na-otvaranju-smotre-saveza-izvidaca-hrvatske","status":"publish","type":"post","link":"https:\/\/www.morh.hr\/en\/fotogalerija-ministar-vukelic-na-otvaranju-smotre-saveza-izvidaca-hrvatske\/","title":{"rendered":"Fotogalerija: Ministar Vukeli\u0107 na otvaranju Smotre Saveza izvi\u0111a\u010da Hrvatske"},"content":{"rendered":"<div class=\"morh-galleria\"><a href=\"https:\/\/live.staticflickr.com\/65535\/52744560474_8e785b0289_b.jpg\" title=\"Ministar Vukeli\u0107 na otvaranju Smotre Saveza izvi\u0111a\u010da Hrvatske\"><img decoding=\"async\" data-title=\"Ministar Vukeli\u0107 na otvaranju Smotre Saveza izvi\u0111a\u010da Hrvatske\" data-description=\"Foto: MORH\" alt=\"Ministar Vukeli\u0107 na otvaranju Smotre Saveza izvi\u0111a\u010da Hrvatske\" src=\"https:\/\/live.staticflickr.com\/65535\/52744560474_8e785b0289_b.jpg\" data-layer=\"&lt;div class=&#039;morh-gallery-image-download&#039;&gt;&lt;a href=&#039;https:\/\/live.staticflickr.com\/65535\/52744560474_c725f823b7_o.jpg&#039; target=&#039;_blank&#039;&gt;Slika za preuzimanje&lt;\/a&gt;&lt;\/div&gt;\" \/><\/a><a href=\"https:\/\/live.staticflickr.com\/65535\/52743790962_6beb9f636e_h.jpg\" title=\"Ministar Vukeli\u0107 na otvaranju Smotre Saveza izvi\u0111a\u010da Hrvatske\"><img decoding=\"async\" data-title=\"Ministar Vukeli\u0107 na otvaranju Smotre Saveza izvi\u0111a\u010da Hrvatske\" data-description=\"Foto: MORH\" alt=\"Ministar Vukeli\u0107 na otvaranju Smotre Saveza izvi\u0111a\u010da Hrvatske\" src=\"https:\/\/live.staticflickr.com\/65535\/52743790962_6beb9f636e_h.jpg\" data-layer=\"&lt;div class=&#039;morh-gallery-image-download&#039;&gt;&lt;a href=&#039;https:\/\/live.staticflickr.com\/65535\/52743790962_57a8a34646_o.jpg&#039; target=&#039;_blank&#039;&gt;Slika za preuzimanje&lt;\/a&gt;&lt;\/div&gt;\" \/><\/a><a href=\"https:\/\/live.staticflickr.com\/65535\/52744560459_7b4029b5bf_h.jpg\" title=\"Ministar Vukeli\u0107 na otvaranju Smotre Saveza izvi\u0111a\u010da Hrvatske\"><img decoding=\"async\" data-title=\"Ministar Vukeli\u0107 na otvaranju Smotre Saveza izvi\u0111a\u010da Hrvatske\" data-description=\"Foto: MORH\" alt=\"Ministar Vukeli\u0107 na otvaranju Smotre Saveza izvi\u0111a\u010da Hrvatske\" src=\"https:\/\/live.staticflickr.com\/65535\/52744560459_7b4029b5bf_h.jpg\" data-layer=\"&lt;div class=&#039;morh-gallery-image-download&#039;&gt;&lt;a href=&#039;https:\/\/live.staticflickr.com\/65535\/52744560459_95b61591ff_o.jpg&#039; target=&#039;_blank&#039;&gt;Slika za preuzimanje&lt;\/a&gt;&lt;\/div&gt;\" \/><\/a><a href=\"https:\/\/live.staticflickr.com\/65535\/52744310396_de2f0f4c43_b.jpg\" title=\"Ministar Vukeli\u0107 na otvaranju Smotre Saveza izvi\u0111a\u010da Hrvatske\"><img decoding=\"async\" data-title=\"Ministar Vukeli\u0107 na otvaranju Smotre Saveza izvi\u0111a\u010da Hrvatske\" data-description=\"Foto: MORH\" alt=\"Ministar Vukeli\u0107 na otvaranju Smotre Saveza izvi\u0111a\u010da Hrvatske\" src=\"https:\/\/live.staticflickr.com\/65535\/52744310396_de2f0f4c43_b.jpg\" data-layer=\"&lt;div class=&#039;morh-gallery-image-download&#039;&gt;&lt;a href=&#039;https:\/\/live.staticflickr.com\/65535\/52744310396_a896dc3de7_o.jpg&#039; target=&#039;_blank&#039;&gt;Slika za preuzimanje&lt;\/a&gt;&lt;\/div&gt;\" \/><\/a><a href=\"https:\/\/live.staticflickr.com\/65535\/52744310386_f448986e87_b.jpg\" title=\"Ministar Vukeli\u0107 na otvaranju Smotre Saveza izvi\u0111a\u010da Hrvatske\"><img decoding=\"async\" data-title=\"Ministar Vukeli\u0107 na otvaranju Smotre Saveza izvi\u0111a\u010da Hrvatske\" data-description=\"Foto: MORH\" alt=\"Ministar Vukeli\u0107 na otvaranju Smotre Saveza izvi\u0111a\u010da Hrvatske\" src=\"https:\/\/live.staticflickr.com\/65535\/52744310386_f448986e87_b.jpg\" data-layer=\"&lt;div class=&#039;morh-gallery-image-download&#039;&gt;&lt;a href=&#039;https:\/\/live.staticflickr.com\/65535\/52744310386_2d277bcf07_o.jpg&#039; target=&#039;_blank&#039;&gt;Slika za preuzimanje&lt;\/a&gt;&lt;\/div&gt;\" \/><\/a><a href=\"https:\/\/live.staticflickr.com\/65535\/52744560429_8a77f6a7dc_b.jpg\" title=\"Ministar Vukeli\u0107 na otvaranju Smotre Saveza izvi\u0111a\u010da Hrvatske\"><img decoding=\"async\" data-title=\"Ministar Vukeli\u0107 na otvaranju Smotre Saveza izvi\u0111a\u010da Hrvatske\" data-description=\"Foto: MORH\" alt=\"Ministar Vukeli\u0107 na otvaranju Smotre Saveza izvi\u0111a\u010da Hrvatske\" src=\"https:\/\/live.staticflickr.com\/65535\/52744560429_8a77f6a7dc_b.jpg\" data-layer=\"&lt;div class=&#039;morh-gallery-image-download&#039;&gt;&lt;a href=&#039;https:\/\/live.staticflickr.com\/65535\/52744560429_dccf83d820_o.jpg&#039; target=&#039;_blank&#039;&gt;Slika za preuzimanje&lt;\/a&gt;&lt;\/div&gt;\" \/><\/a><a href=\"https:\/\/live.staticflickr.com\/65535\/52744801483_c46e25129d_b.jpg\" title=\"Ministar Vukeli\u0107 na otvaranju Smotre Saveza izvi\u0111a\u010da Hrvatske\"><img decoding=\"async\" data-title=\"Ministar Vukeli\u0107 na otvaranju Smotre Saveza izvi\u0111a\u010da Hrvatske\" data-description=\"Foto: MORH\" alt=\"Ministar Vukeli\u0107 na otvaranju Smotre Saveza izvi\u0111a\u010da Hrvatske\" src=\"https:\/\/live.staticflickr.com\/65535\/52744801483_c46e25129d_b.jpg\" data-layer=\"&lt;div class=&#039;morh-gallery-image-download&#039;&gt;&lt;a href=&#039;https:\/\/live.staticflickr.com\/65535\/52744801483_abf9140aca_o.jpg&#039; target=&#039;_blank&#039;&gt;Slika za preuzimanje&lt;\/a&gt;&lt;\/div&gt;\" \/><\/a><a href=\"https:\/\/live.staticflickr.com\/65535\/52744801488_fa93f58c55_b.jpg\" title=\"Ministar Vukeli\u0107 na otvaranju Smotre Saveza izvi\u0111a\u010da Hrvatske\"><img decoding=\"async\" data-title=\"Ministar Vukeli\u0107 na otvaranju Smotre Saveza izvi\u0111a\u010da Hrvatske\" data-description=\"Foto: MORH\" alt=\"Ministar Vukeli\u0107 na otvaranju Smotre Saveza izvi\u0111a\u010da Hrvatske\" src=\"https:\/\/live.staticflickr.com\/65535\/52744801488_fa93f58c55_b.jpg\" data-layer=\"&lt;div class=&#039;morh-gallery-image-download&#039;&gt;&lt;a href=&#039;https:\/\/live.staticflickr.com\/65535\/52744801488_b4b3d0fd26_o.jpg&#039; target=&#039;_blank&#039;&gt;Slika za preuzimanje&lt;\/a&gt;&lt;\/div&gt;\" \/><\/a><a href=\"https:\/\/live.staticflickr.com\/65535\/52744310351_ed20344897_b.jpg\" title=\"Ministar Vukeli\u0107 na otvaranju Smotre Saveza izvi\u0111a\u010da Hrvatske\"><img decoding=\"async\" data-title=\"Ministar Vukeli\u0107 na otvaranju Smotre Saveza izvi\u0111a\u010da Hrvatske\" data-description=\"Foto: MORH\" alt=\"Ministar Vukeli\u0107 na otvaranju Smotre Saveza izvi\u0111a\u010da Hrvatske\" src=\"https:\/\/live.staticflickr.com\/65535\/52744310351_ed20344897_b.jpg\" data-layer=\"&lt;div class=&#039;morh-gallery-image-download&#039;&gt;&lt;a href=&#039;https:\/\/live.staticflickr.com\/65535\/52744310351_3aabef4655_o.jpg&#039; target=&#039;_blank&#039;&gt;Slika za preuzimanje&lt;\/a&gt;&lt;\/div&gt;\" \/><\/a><a href=\"https:\/\/live.staticflickr.com\/65535\/52744726500_f04606755a_b.jpg\" title=\"Ministar Vukeli\u0107 na otvaranju Smotre Saveza izvi\u0111a\u010da Hrvatske\"><img decoding=\"async\" data-title=\"Ministar Vukeli\u0107 na otvaranju Smotre Saveza izvi\u0111a\u010da Hrvatske\" data-description=\"Foto: MORH\" alt=\"Ministar Vukeli\u0107 na otvaranju Smotre Saveza izvi\u0111a\u010da Hrvatske\" src=\"https:\/\/live.staticflickr.com\/65535\/52744726500_f04606755a_b.jpg\" data-layer=\"&lt;div class=&#039;morh-gallery-image-download&#039;&gt;&lt;a href=&#039;https:\/\/live.staticflickr.com\/65535\/52744726500_4f5bb808c0_o.jpg&#039; target=&#039;_blank&#039;&gt;Slika za preuzimanje&lt;\/a&gt;&lt;\/div&gt;\" \/><\/a><a href=\"https:\/\/live.staticflickr.com\/65535\/52744801458_7285de2bcc_b.jpg\" title=\"Ministar Vukeli\u0107 na otvaranju Smotre Saveza izvi\u0111a\u010da Hrvatske\"><img decoding=\"async\" data-title=\"Ministar Vukeli\u0107 na otvaranju Smotre Saveza izvi\u0111a\u010da Hrvatske\" data-description=\"Foto: MORH\" alt=\"Ministar Vukeli\u0107 na otvaranju Smotre Saveza izvi\u0111a\u010da Hrvatske\" src=\"https:\/\/live.staticflickr.com\/65535\/52744801458_7285de2bcc_b.jpg\" data-layer=\"&lt;div class=&#039;morh-gallery-image-download&#039;&gt;&lt;a href=&#039;https:\/\/live.staticflickr.com\/65535\/52744801458_b8f931bc79_o.jpg&#039; target=&#039;_blank&#039;&gt;Slika za preuzimanje&lt;\/a&gt;&lt;\/div&gt;\" \/><\/a><a href=\"https:\/\/live.staticflickr.com\/65535\/52743790897_85048460c9_b.jpg\" title=\"Ministar Vukeli\u0107 na otvaranju Smotre Saveza izvi\u0111a\u010da Hrvatske\"><img decoding=\"async\" data-title=\"Ministar Vukeli\u0107 na otvaranju Smotre Saveza izvi\u0111a\u010da Hrvatske\" data-description=\"Foto: MORH\" alt=\"Ministar Vukeli\u0107 na otvaranju Smotre Saveza izvi\u0111a\u010da Hrvatske\" src=\"https:\/\/live.staticflickr.com\/65535\/52743790897_85048460c9_b.jpg\" data-layer=\"&lt;div class=&#039;morh-gallery-image-download&#039;&gt;&lt;a href=&#039;https:\/\/live.staticflickr.com\/65535\/52743790897_e1a6856c47_o.jpg&#039; target=&#039;_blank&#039;&gt;Slika za preuzimanje&lt;\/a&gt;&lt;\/div&gt;\" \/><\/a><a href=\"https:\/\/live.staticflickr.com\/65535\/52744310306_0a34fa9377_h.jpg\" title=\"Ministar Vukeli\u0107 na otvaranju Smotre Saveza izvi\u0111a\u010da Hrvatske\"><img decoding=\"async\" data-title=\"Ministar Vukeli\u0107 na otvaranju Smotre Saveza izvi\u0111a\u010da Hrvatske\" data-description=\"Foto: MORH\" alt=\"Ministar Vukeli\u0107 na otvaranju Smotre Saveza izvi\u0111a\u010da Hrvatske\" src=\"https:\/\/live.staticflickr.com\/65535\/52744310306_0a34fa9377_h.jpg\" data-layer=\"&lt;div class=&#039;morh-gallery-image-download&#039;&gt;&lt;a href=&#039;https:\/\/live.staticflickr.com\/65535\/52744310306_07e18eb0e0_o.jpg&#039; target=&#039;_blank&#039;&gt;Slika za preuzimanje&lt;\/a&gt;&lt;\/div&gt;\" \/><\/a><a href=\"https:\/\/live.staticflickr.com\/65535\/52743790852_bf66090539_b.jpg\" title=\"Ministar Vukeli\u0107 na otvaranju Smotre Saveza izvi\u0111a\u010da Hrvatske\"><img decoding=\"async\" data-title=\"Ministar Vukeli\u0107 na otvaranju Smotre Saveza izvi\u0111a\u010da Hrvatske\" data-description=\"Foto: MORH\" alt=\"Ministar Vukeli\u0107 na otvaranju Smotre Saveza izvi\u0111a\u010da Hrvatske\" src=\"https:\/\/live.staticflickr.com\/65535\/52743790852_bf66090539_b.jpg\" data-layer=\"&lt;div class=&#039;morh-gallery-image-download&#039;&gt;&lt;a href=&#039;https:\/\/live.staticflickr.com\/65535\/52743790852_27ca3a1790_o.jpg&#039; target=&#039;_blank&#039;&gt;Slika za preuzimanje&lt;\/a&gt;&lt;\/div&gt;\" \/><\/a><a href=\"https:\/\/live.staticflickr.com\/65535\/52744801408_1cc7d0e188_b.jpg\" title=\"Ministar Vukeli\u0107 na otvaranju Smotre Saveza izvi\u0111a\u010da Hrvatske\"><img decoding=\"async\" data-title=\"Ministar Vukeli\u0107 na otvaranju Smotre Saveza izvi\u0111a\u010da Hrvatske\" data-description=\"Foto: MORH\" alt=\"Ministar Vukeli\u0107 na otvaranju Smotre Saveza izvi\u0111a\u010da Hrvatske\" src=\"https:\/\/live.staticflickr.com\/65535\/52744801408_1cc7d0e188_b.jpg\" data-layer=\"&lt;div class=&#039;morh-gallery-image-download&#039;&gt;&lt;a href=&#039;https:\/\/live.staticflickr.com\/65535\/52744801408_0c8ccfe5c7_o.jpg&#039; target=&#039;_blank&#039;&gt;Slika za preuzimanje&lt;\/a&gt;&lt;\/div&gt;\" \/><\/a><a href=\"https:\/\/live.staticflickr.com\/65535\/52744726425_714a63a6ca_b.jpg\" title=\"Ministar Vukeli\u0107 na otvaranju Smotre Saveza izvi\u0111a\u010da Hrvatske\"><img decoding=\"async\" data-title=\"Ministar Vukeli\u0107 na otvaranju Smotre Saveza izvi\u0111a\u010da Hrvatske\" data-description=\"Foto: MORH\" alt=\"Ministar Vukeli\u0107 na otvaranju Smotre Saveza izvi\u0111a\u010da Hrvatske\" src=\"https:\/\/live.staticflickr.com\/65535\/52744726425_714a63a6ca_b.jpg\" data-layer=\"&lt;div class=&#039;morh-gallery-image-download&#039;&gt;&lt;a href=&#039;https:\/\/live.staticflickr.com\/65535\/52744726425_6120d842a3_o.jpg&#039; target=&#039;_blank&#039;&gt;Slika za preuzimanje&lt;\/a&gt;&lt;\/div&gt;\" \/><\/a><a href=\"https:\/\/live.staticflickr.com\/65535\/52744310271_869b50e92d_b.jpg\" title=\"Ministar Vukeli\u0107 na otvaranju Smotre Saveza izvi\u0111a\u010da Hrvatske\"><img decoding=\"async\" data-title=\"Ministar Vukeli\u0107 na otvaranju Smotre Saveza izvi\u0111a\u010da Hrvatske\" data-description=\"Foto: MORH\" alt=\"Ministar Vukeli\u0107 na otvaranju Smotre Saveza izvi\u0111a\u010da Hrvatske\" src=\"https:\/\/live.staticflickr.com\/65535\/52744310271_869b50e92d_b.jpg\" data-layer=\"&lt;div class=&#039;morh-gallery-image-download&#039;&gt;&lt;a href=&#039;https:\/\/live.staticflickr.com\/65535\/52744310271_613740e33c_o.jpg&#039; target=&#039;_blank&#039;&gt;Slika za preuzimanje&lt;\/a&gt;&lt;\/div&gt;\" \/><\/a><a href=\"https:\/\/live.staticflickr.com\/65535\/52744801353_3ef8a8b742_b.jpg\" title=\"Ministar Vukeli\u0107 na otvaranju Smotre Saveza izvi\u0111a\u010da Hrvatske\"><img decoding=\"async\" data-title=\"Ministar Vukeli\u0107 na otvaranju Smotre Saveza izvi\u0111a\u010da Hrvatske\" data-description=\"Foto: MORH\" alt=\"Ministar Vukeli\u0107 na otvaranju Smotre Saveza izvi\u0111a\u010da Hrvatske\" src=\"https:\/\/live.staticflickr.com\/65535\/52744801353_3ef8a8b742_b.jpg\" data-layer=\"&lt;div class=&#039;morh-gallery-image-download&#039;&gt;&lt;a href=&#039;https:\/\/live.staticflickr.com\/65535\/52744801353_acaa81a33f_o.jpg&#039; target=&#039;_blank&#039;&gt;Slika za preuzimanje&lt;\/a&gt;&lt;\/div&gt;\" \/><\/a><a href=\"https:\/\/live.staticflickr.com\/65535\/52744801343_7277660c79_h.jpg\" title=\"Ministar Vukeli\u0107 na otvaranju Smotre Saveza izvi\u0111a\u010da Hrvatske\"><img decoding=\"async\" data-title=\"Ministar Vukeli\u0107 na otvaranju Smotre Saveza izvi\u0111a\u010da Hrvatske\" data-description=\"Foto: MORH\" alt=\"Ministar Vukeli\u0107 na otvaranju Smotre Saveza izvi\u0111a\u010da Hrvatske\" src=\"https:\/\/live.staticflickr.com\/65535\/52744801343_7277660c79_h.jpg\" data-layer=\"&lt;div class=&#039;morh-gallery-image-download&#039;&gt;&lt;a href=&#039;https:\/\/live.staticflickr.com\/65535\/52744801343_cf8b14b07a_o.jpg&#039; target=&#039;_blank&#039;&gt;Slika za preuzimanje&lt;\/a&gt;&lt;\/div&gt;\" \/><\/a><a href=\"https:\/\/live.staticflickr.com\/65535\/52744726380_87fda5f066_b.jpg\" title=\"Ministar Vukeli\u0107 na otvaranju Smotre Saveza izvi\u0111a\u010da Hrvatske\"><img decoding=\"async\" data-title=\"Ministar Vukeli\u0107 na otvaranju Smotre Saveza izvi\u0111a\u010da Hrvatske\" data-description=\"Foto: MORH\" alt=\"Ministar Vukeli\u0107 na otvaranju Smotre Saveza izvi\u0111a\u010da Hrvatske\" src=\"https:\/\/live.staticflickr.com\/65535\/52744726380_87fda5f066_b.jpg\" data-layer=\"&lt;div class=&#039;morh-gallery-image-download&#039;&gt;&lt;a href=&#039;https:\/\/live.staticflickr.com\/65535\/52744726380_b67a7f592b_o.jpg&#039; target=&#039;_blank&#039;&gt;Slika za preuzimanje&lt;\/a&gt;&lt;\/div&gt;\" \/><\/a><a href=\"https:\/\/live.staticflickr.com\/65535\/52743790772_feb1e20c2c_b.jpg\" title=\"Ministar Vukeli\u0107 na otvaranju Smotre Saveza izvi\u0111a\u010da Hrvatske\"><img decoding=\"async\" data-title=\"Ministar Vukeli\u0107 na otvaranju Smotre Saveza izvi\u0111a\u010da Hrvatske\" data-description=\"Foto: MORH\" alt=\"Ministar Vukeli\u0107 na otvaranju Smotre Saveza izvi\u0111a\u010da Hrvatske\" src=\"https:\/\/live.staticflickr.com\/65535\/52743790772_feb1e20c2c_b.jpg\" data-layer=\"&lt;div class=&#039;morh-gallery-image-download&#039;&gt;&lt;a href=&#039;https:\/\/live.staticflickr.com\/65535\/52743790772_3be93db1e7_o.jpg&#039; target=&#039;_blank&#039;&gt;Slika za preuzimanje&lt;\/a&gt;&lt;\/div&gt;\" \/><\/a><a href=\"https:\/\/live.staticflickr.com\/65535\/52744310211_77471453a0_h.jpg\" title=\"Ministar Vukeli\u0107 na otvaranju Smotre Saveza izvi\u0111a\u010da Hrvatske\"><img decoding=\"async\" data-title=\"Ministar Vukeli\u0107 na otvaranju Smotre Saveza izvi\u0111a\u010da Hrvatske\" data-description=\"Foto: MORH\" alt=\"Ministar Vukeli\u0107 na otvaranju Smotre Saveza izvi\u0111a\u010da Hrvatske\" src=\"https:\/\/live.staticflickr.com\/65535\/52744310211_77471453a0_h.jpg\" data-layer=\"&lt;div class=&#039;morh-gallery-image-download&#039;&gt;&lt;a href=&#039;https:\/\/live.staticflickr.com\/65535\/52744310211_70199760ca_o.jpg&#039; target=&#039;_blank&#039;&gt;Slika za preuzimanje&lt;\/a&gt;&lt;\/div&gt;\" \/><\/a><a href=\"https:\/\/live.staticflickr.com\/65535\/52744310196_2a47db988d_h.jpg\" title=\"Ministar Vukeli\u0107 na otvaranju Smotre Saveza izvi\u0111a\u010da Hrvatske\"><img decoding=\"async\" data-title=\"Ministar Vukeli\u0107 na otvaranju Smotre Saveza izvi\u0111a\u010da Hrvatske\" data-description=\"Foto: MORH\" alt=\"Ministar Vukeli\u0107 na otvaranju Smotre Saveza izvi\u0111a\u010da Hrvatske\" src=\"https:\/\/live.staticflickr.com\/65535\/52744310196_2a47db988d_h.jpg\" data-layer=\"&lt;div class=&#039;morh-gallery-image-download&#039;&gt;&lt;a href=&#039;https:\/\/live.staticflickr.com\/65535\/52744310196_de58a7eafa_o.jpg&#039; target=&#039;_blank&#039;&gt;Slika za preuzimanje&lt;\/a&gt;&lt;\/div&gt;\" \/><\/a><a href=\"https:\/\/live.staticflickr.com\/65535\/52744801293_12190966b9_b.jpg\" title=\"Ministar Vukeli\u0107 na otvaranju Smotre Saveza izvi\u0111a\u010da Hrvatske\"><img decoding=\"async\" data-title=\"Ministar Vukeli\u0107 na otvaranju Smotre Saveza izvi\u0111a\u010da Hrvatske\" data-description=\"Foto: MORH\" alt=\"Ministar Vukeli\u0107 na otvaranju Smotre Saveza izvi\u0111a\u010da Hrvatske\" src=\"https:\/\/live.staticflickr.com\/65535\/52744801293_12190966b9_b.jpg\" data-layer=\"&lt;div class=&#039;morh-gallery-image-download&#039;&gt;&lt;a href=&#039;https:\/\/live.staticflickr.com\/65535\/52744801293_133f61b4ab_o.jpg&#039; target=&#039;_blank&#039;&gt;Slika za preuzimanje&lt;\/a&gt;&lt;\/div&gt;\" \/><\/a><\/div><!--\/.morh-galleria -->\n","protected":false},"excerpt":{"rendered":"","protected":false},"author":3,"featured_media":45465,"comment_status":"closed","ping_status":"closed","sticky":false,"template":"","format":"standard","meta":{"_acf_changed":false,"_monsterinsights_skip_tracking":false,"_monsterinsights_sitenote_active":false,"_monsterinsights_sitenote_note":"","_monsterinsights_sitenote_category":0,"footnotes":""},"categories":[329],"tags":[],"class_list":["post-55016","post","type-post","status-publish","format-standard","has-post-thumbnail","hentry","category-fotogalerije-dogadaji-en"],"acf":[],"yoast_head":"<!-- This site is optimized with the Yoast SEO plugin v26.9 - https:\/\/yoast.com\/product\/yoast-seo-wordpress\/ -->\n<title>Fotogalerija: Ministar Vukeli\u0107 na otvaranju Smotre Saveza izvi\u0111a\u010da Hrvatske - MORH<\/title>\n<meta name=\"robots\" content=\"index, follow, max-snippet:-1, max-image-preview:large, max-video-preview:-1\" \/>\n<link rel=\"canonical\" href=\"https:\/\/www.morh.hr\/en\/fotogalerija-ministar-vukelic-na-otvaranju-smotre-saveza-izvidaca-hrvatske\/\" \/>\n<meta property=\"og:locale\" content=\"en_US\" \/>\n<meta property=\"og:type\" content=\"article\" \/>\n<meta property=\"og:title\" content=\"Fotogalerija: Ministar Vukeli\u0107 na otvaranju Smotre Saveza izvi\u0111a\u010da Hrvatske - MORH\" \/>\n<meta property=\"og:url\" content=\"https:\/\/www.morh.hr\/en\/fotogalerija-ministar-vukelic-na-otvaranju-smotre-saveza-izvidaca-hrvatske\/\" \/>\n<meta property=\"og:site_name\" content=\"MORH\" \/>\n<meta property=\"article:publisher\" content=\"https:\/\/www.facebook.com\/sportasiuhrvatskojvojsci\/\" \/>\n<meta property=\"article:published_time\" content=\"2010-07-24T13:12:24+00:00\" \/>\n<meta property=\"article:modified_time\" content=\"2023-03-13T09:06:01+00:00\" \/>\n<meta property=\"og:image\" content=\"https:\/\/www.morh.hr\/wp-content\/uploads\/2017\/10\/izvidjaci_01_24072010.jpg\" \/>\n\t<meta property=\"og:image:width\" content=\"1200\" \/>\n\t<meta property=\"og:image:height\" content=\"857\" \/>\n\t<meta property=\"og:image:type\" content=\"image\/jpeg\" \/>\n<meta name=\"author\" content=\"Drazen\" \/>\n<meta name=\"twitter:card\" content=\"summary_large_image\" \/>\n<meta name=\"twitter:creator\" content=\"@morh_osrh\" \/>\n<meta name=\"twitter:site\" content=\"@morh_osrh\" \/>\n<meta name=\"twitter:label1\" content=\"Written by\" \/>\n\t<meta name=\"twitter:data1\" content=\"Drazen\" \/>\n\t<meta name=\"twitter:label2\" content=\"Est. reading time\" \/>\n\t<meta name=\"twitter:data2\" content=\"1 minute\" \/>\n<script type=\"application\/ld+json\" class=\"yoast-schema-graph\">{\"@context\":\"https:\/\/schema.org\",\"@graph\":[{\"@type\":\"Article\",\"@id\":\"https:\/\/www.morh.hr\/en\/fotogalerija-ministar-vukelic-na-otvaranju-smotre-saveza-izvidaca-hrvatske\/#article\",\"isPartOf\":{\"@id\":\"https:\/\/www.morh.hr\/en\/fotogalerija-ministar-vukelic-na-otvaranju-smotre-saveza-izvidaca-hrvatske\/\"},\"author\":{\"name\":\"Drazen\",\"@id\":\"https:\/\/www.morh.hr\/en\/#\/schema\/person\/2d72e03399043d9513ab6bec75f2ce27\"},\"headline\":\"Fotogalerija: Ministar Vukeli\u0107 na otvaranju Smotre Saveza izvi\u0111a\u010da Hrvatske\",\"datePublished\":\"2010-07-24T13:12:24+00:00\",\"dateModified\":\"2023-03-13T09:06:01+00:00\",\"mainEntityOfPage\":{\"@id\":\"https:\/\/www.morh.hr\/en\/fotogalerija-ministar-vukelic-na-otvaranju-smotre-saveza-izvidaca-hrvatske\/\"},\"wordCount\":20,\"image\":{\"@id\":\"https:\/\/www.morh.hr\/en\/fotogalerija-ministar-vukelic-na-otvaranju-smotre-saveza-izvidaca-hrvatske\/#primaryimage\"},\"thumbnailUrl\":\"https:\/\/www.morh.hr\/wp-content\/uploads\/2017\/10\/izvidjaci_01_24072010.jpg\",\"articleSection\":[\"Fotogalerije: doga\u0111aji\"],\"inLanguage\":\"en-US\"},{\"@type\":\"WebPage\",\"@id\":\"https:\/\/www.morh.hr\/en\/fotogalerija-ministar-vukelic-na-otvaranju-smotre-saveza-izvidaca-hrvatske\/\",\"url\":\"https:\/\/www.morh.hr\/en\/fotogalerija-ministar-vukelic-na-otvaranju-smotre-saveza-izvidaca-hrvatske\/\",\"name\":\"Fotogalerija: Ministar Vukeli\u0107 na otvaranju Smotre Saveza izvi\u0111a\u010da Hrvatske - MORH\",\"isPartOf\":{\"@id\":\"https:\/\/www.morh.hr\/en\/#website\"},\"primaryImageOfPage\":{\"@id\":\"https:\/\/www.morh.hr\/en\/fotogalerija-ministar-vukelic-na-otvaranju-smotre-saveza-izvidaca-hrvatske\/#primaryimage\"},\"image\":{\"@id\":\"https:\/\/www.morh.hr\/en\/fotogalerija-ministar-vukelic-na-otvaranju-smotre-saveza-izvidaca-hrvatske\/#primaryimage\"},\"thumbnailUrl\":\"https:\/\/www.morh.hr\/wp-content\/uploads\/2017\/10\/izvidjaci_01_24072010.jpg\",\"datePublished\":\"2010-07-24T13:12:24+00:00\",\"dateModified\":\"2023-03-13T09:06:01+00:00\",\"author\":{\"@id\":\"https:\/\/www.morh.hr\/en\/#\/schema\/person\/2d72e03399043d9513ab6bec75f2ce27\"},\"breadcrumb\":{\"@id\":\"https:\/\/www.morh.hr\/en\/fotogalerija-ministar-vukelic-na-otvaranju-smotre-saveza-izvidaca-hrvatske\/#breadcrumb\"},\"inLanguage\":\"en-US\",\"potentialAction\":[{\"@type\":\"ReadAction\",\"target\":[\"https:\/\/www.morh.hr\/en\/fotogalerija-ministar-vukelic-na-otvaranju-smotre-saveza-izvidaca-hrvatske\/\"]}]},{\"@type\":\"ImageObject\",\"inLanguage\":\"en-US\",\"@id\":\"https:\/\/www.morh.hr\/en\/fotogalerija-ministar-vukelic-na-otvaranju-smotre-saveza-izvidaca-hrvatske\/#primaryimage\",\"url\":\"https:\/\/www.morh.hr\/wp-content\/uploads\/2017\/10\/izvidjaci_01_24072010.jpg\",\"contentUrl\":\"https:\/\/www.morh.hr\/wp-content\/uploads\/2017\/10\/izvidjaci_01_24072010.jpg\",\"width\":1200,\"height\":857},{\"@type\":\"BreadcrumbList\",\"@id\":\"https:\/\/www.morh.hr\/en\/fotogalerija-ministar-vukelic-na-otvaranju-smotre-saveza-izvidaca-hrvatske\/#breadcrumb\",\"itemListElement\":[{\"@type\":\"ListItem\",\"position\":1,\"name\":\"Naslovnica\",\"item\":\"https:\/\/www.morh.hr\/en\/\"},{\"@type\":\"ListItem\",\"position\":2,\"name\":\"Multimedija\",\"item\":\"https:\/\/www.morh.hr\/en\/kategorija\/multimedija-en\/\"},{\"@type\":\"ListItem\",\"position\":3,\"name\":\"Fotogalerije\",\"item\":\"https:\/\/www.morh.hr\/en\/kategorija\/multimedija-en\/fotogalerije-en\/\"},{\"@type\":\"ListItem\",\"position\":4,\"name\":\"Fotogalerije: doga\u0111aji\",\"item\":\"https:\/\/www.morh.hr\/en\/kategorija\/multimedija-en\/fotogalerije-en\/fotogalerije-dogadaji-en\/\"},{\"@type\":\"ListItem\",\"position\":5,\"name\":\"Fotogalerija: Ministar Vukeli\u0107 na otvaranju Smotre Saveza izvi\u0111a\u010da Hrvatske\"}]},{\"@type\":\"WebSite\",\"@id\":\"https:\/\/www.morh.hr\/en\/#website\",\"url\":\"https:\/\/www.morh.hr\/en\/\",\"name\":\"MORH\",\"description\":\"Ministarstvo obrane Republike Hrvatske - slu\u017ebene stranice\",\"potentialAction\":[{\"@type\":\"SearchAction\",\"target\":{\"@type\":\"EntryPoint\",\"urlTemplate\":\"https:\/\/www.morh.hr\/en\/?s={search_term_string}\"},\"query-input\":{\"@type\":\"PropertyValueSpecification\",\"valueRequired\":true,\"valueName\":\"search_term_string\"}}],\"inLanguage\":\"en-US\"},{\"@type\":\"Person\",\"@id\":\"https:\/\/www.morh.hr\/en\/#\/schema\/person\/2d72e03399043d9513ab6bec75f2ce27\",\"name\":\"Drazen\",\"image\":{\"@type\":\"ImageObject\",\"inLanguage\":\"en-US\",\"@id\":\"https:\/\/www.morh.hr\/en\/#\/schema\/person\/image\/\",\"url\":\"https:\/\/secure.gravatar.com\/avatar\/e36ef7e573425ae72988c73df868c1e87a656b0e005ca4fd7d30d2ba7e49c9cf?s=96&d=mm&r=g\",\"contentUrl\":\"https:\/\/secure.gravatar.com\/avatar\/e36ef7e573425ae72988c73df868c1e87a656b0e005ca4fd7d30d2ba7e49c9cf?s=96&d=mm&r=g\",\"caption\":\"Drazen\"}}]}<\/script>\n<!-- \/ Yoast SEO plugin. -->","yoast_head_json":{"title":"Fotogalerija: Ministar Vukeli\u0107 na otvaranju Smotre Saveza izvi\u0111a\u010da Hrvatske - MORH","robots":{"index":"index","follow":"follow","max-snippet":"max-snippet:-1","max-image-preview":"max-image-preview:large","max-video-preview":"max-video-preview:-1"},"canonical":"https:\/\/www.morh.hr\/en\/fotogalerija-ministar-vukelic-na-otvaranju-smotre-saveza-izvidaca-hrvatske\/","og_locale":"en_US","og_type":"article","og_title":"Fotogalerija: Ministar Vukeli\u0107 na otvaranju Smotre Saveza izvi\u0111a\u010da Hrvatske - MORH","og_url":"https:\/\/www.morh.hr\/en\/fotogalerija-ministar-vukelic-na-otvaranju-smotre-saveza-izvidaca-hrvatske\/","og_site_name":"MORH","article_publisher":"https:\/\/www.facebook.com\/sportasiuhrvatskojvojsci\/","article_published_time":"2010-07-24T13:12:24+00:00","article_modified_time":"2023-03-13T09:06:01+00:00","og_image":[{"width":1200,"height":857,"url":"https:\/\/www.morh.hr\/wp-content\/uploads\/2017\/10\/izvidjaci_01_24072010.jpg","type":"image\/jpeg"}],"author":"Drazen","twitter_card":"summary_large_image","twitter_creator":"@morh_osrh","twitter_site":"@morh_osrh","twitter_misc":{"Written by":"Drazen","Est. reading time":"1 minute"},"schema":{"@context":"https:\/\/schema.org","@graph":[{"@type":"Article","@id":"https:\/\/www.morh.hr\/en\/fotogalerija-ministar-vukelic-na-otvaranju-smotre-saveza-izvidaca-hrvatske\/#article","isPartOf":{"@id":"https:\/\/www.morh.hr\/en\/fotogalerija-ministar-vukelic-na-otvaranju-smotre-saveza-izvidaca-hrvatske\/"},"author":{"name":"Drazen","@id":"https:\/\/www.morh.hr\/en\/#\/schema\/person\/2d72e03399043d9513ab6bec75f2ce27"},"headline":"Fotogalerija: Ministar Vukeli\u0107 na otvaranju Smotre Saveza izvi\u0111a\u010da Hrvatske","datePublished":"2010-07-24T13:12:24+00:00","dateModified":"2023-03-13T09:06:01+00:00","mainEntityOfPage":{"@id":"https:\/\/www.morh.hr\/en\/fotogalerija-ministar-vukelic-na-otvaranju-smotre-saveza-izvidaca-hrvatske\/"},"wordCount":20,"image":{"@id":"https:\/\/www.morh.hr\/en\/fotogalerija-ministar-vukelic-na-otvaranju-smotre-saveza-izvidaca-hrvatske\/#primaryimage"},"thumbnailUrl":"https:\/\/www.morh.hr\/wp-content\/uploads\/2017\/10\/izvidjaci_01_24072010.jpg","articleSection":["Fotogalerije: doga\u0111aji"],"inLanguage":"en-US"},{"@type":"WebPage","@id":"https:\/\/www.morh.hr\/en\/fotogalerija-ministar-vukelic-na-otvaranju-smotre-saveza-izvidaca-hrvatske\/","url":"https:\/\/www.morh.hr\/en\/fotogalerija-ministar-vukelic-na-otvaranju-smotre-saveza-izvidaca-hrvatske\/","name":"Fotogalerija: Ministar Vukeli\u0107 na otvaranju Smotre Saveza izvi\u0111a\u010da Hrvatske - MORH","isPartOf":{"@id":"https:\/\/www.morh.hr\/en\/#website"},"primaryImageOfPage":{"@id":"https:\/\/www.morh.hr\/en\/fotogalerija-ministar-vukelic-na-otvaranju-smotre-saveza-izvidaca-hrvatske\/#primaryimage"},"image":{"@id":"https:\/\/www.morh.hr\/en\/fotogalerija-ministar-vukelic-na-otvaranju-smotre-saveza-izvidaca-hrvatske\/#primaryimage"},"thumbnailUrl":"https:\/\/www.morh.hr\/wp-content\/uploads\/2017\/10\/izvidjaci_01_24072010.jpg","datePublished":"2010-07-24T13:12:24+00:00","dateModified":"2023-03-13T09:06:01+00:00","author":{"@id":"https:\/\/www.morh.hr\/en\/#\/schema\/person\/2d72e03399043d9513ab6bec75f2ce27"},"breadcrumb":{"@id":"https:\/\/www.morh.hr\/en\/fotogalerija-ministar-vukelic-na-otvaranju-smotre-saveza-izvidaca-hrvatske\/#breadcrumb"},"inLanguage":"en-US","potentialAction":[{"@type":"ReadAction","target":["https:\/\/www.morh.hr\/en\/fotogalerija-ministar-vukelic-na-otvaranju-smotre-saveza-izvidaca-hrvatske\/"]}]},{"@type":"ImageObject","inLanguage":"en-US","@id":"https:\/\/www.morh.hr\/en\/fotogalerija-ministar-vukelic-na-otvaranju-smotre-saveza-izvidaca-hrvatske\/#primaryimage","url":"https:\/\/www.morh.hr\/wp-content\/uploads\/2017\/10\/izvidjaci_01_24072010.jpg","contentUrl":"https:\/\/www.morh.hr\/wp-content\/uploads\/2017\/10\/izvidjaci_01_24072010.jpg","width":1200,"height":857},{"@type":"BreadcrumbList","@id":"https:\/\/www.morh.hr\/en\/fotogalerija-ministar-vukelic-na-otvaranju-smotre-saveza-izvidaca-hrvatske\/#breadcrumb","itemListElement":[{"@type":"ListItem","position":1,"name":"Naslovnica","item":"https:\/\/www.morh.hr\/en\/"},{"@type":"ListItem","position":2,"name":"Multimedija","item":"https:\/\/www.morh.hr\/en\/kategorija\/multimedija-en\/"},{"@type":"ListItem","position":3,"name":"Fotogalerije","item":"https:\/\/www.morh.hr\/en\/kategorija\/multimedija-en\/fotogalerije-en\/"},{"@type":"ListItem","position":4,"name":"Fotogalerije: doga\u0111aji","item":"https:\/\/www.morh.hr\/en\/kategorija\/multimedija-en\/fotogalerije-en\/fotogalerije-dogadaji-en\/"},{"@type":"ListItem","position":5,"name":"Fotogalerija: Ministar Vukeli\u0107 na otvaranju Smotre Saveza izvi\u0111a\u010da Hrvatske"}]},{"@type":"WebSite","@id":"https:\/\/www.morh.hr\/en\/#website","url":"https:\/\/www.morh.hr\/en\/","name":"MORH","description":"Ministarstvo obrane Republike Hrvatske - slu\u017ebene stranice","potentialAction":[{"@type":"SearchAction","target":{"@type":"EntryPoint","urlTemplate":"https:\/\/www.morh.hr\/en\/?s={search_term_string}"},"query-input":{"@type":"PropertyValueSpecification","valueRequired":true,"valueName":"search_term_string"}}],"inLanguage":"en-US"},{"@type":"Person","@id":"https:\/\/www.morh.hr\/en\/#\/schema\/person\/2d72e03399043d9513ab6bec75f2ce27","name":"Drazen","image":{"@type":"ImageObject","inLanguage":"en-US","@id":"https:\/\/www.morh.hr\/en\/#\/schema\/person\/image\/","url":"https:\/\/secure.gravatar.com\/avatar\/e36ef7e573425ae72988c73df868c1e87a656b0e005ca4fd7d30d2ba7e49c9cf?s=96&d=mm&r=g","contentUrl":"https:\/\/secure.gravatar.com\/avatar\/e36ef7e573425ae72988c73df868c1e87a656b0e005ca4fd7d30d2ba7e49c9cf?s=96&d=mm&r=g","caption":"Drazen"}}]}},"_links":{"self":[{"href":"https:\/\/www.morh.hr\/en\/wp-json\/wp\/v2\/posts\/55016","targetHints":{"allow":["GET"]}}],"collection":[{"href":"https:\/\/www.morh.hr\/en\/wp-json\/wp\/v2\/posts"}],"about":[{"href":"https:\/\/www.morh.hr\/en\/wp-json\/wp\/v2\/types\/post"}],"author":[{"embeddable":true,"href":"https:\/\/www.morh.hr\/en\/wp-json\/wp\/v2\/users\/3"}],"replies":[{"embeddable":true,"href":"https:\/\/www.morh.hr\/en\/wp-json\/wp\/v2\/comments?post=55016"}],"version-history":[{"count":0,"href":"https:\/\/www.morh.hr\/en\/wp-json\/wp\/v2\/posts\/55016\/revisions"}],"wp:featuredmedia":[{"embeddable":true,"href":"https:\/\/www.morh.hr\/en\/wp-json\/wp\/v2\/media\/45465"}],"wp:attachment":[{"href":"https:\/\/www.morh.hr\/en\/wp-json\/wp\/v2\/media?parent=55016"}],"wp:term":[{"taxonomy":"category","embeddable":true,"href":"https:\/\/www.morh.hr\/en\/wp-json\/wp\/v2\/categories?post=55016"},{"taxonomy":"post_tag","embeddable":true,"href":"https:\/\/www.morh.hr\/en\/wp-json\/wp\/v2\/tags?post=55016"}],"curies":[{"name":"wp","href":"https:\/\/api.w.org\/{rel}","templated":true}]}}