{"id":55173,"date":"2009-02-26T11:26:00","date_gmt":"2009-02-26T10:26:00","guid":{"rendered":"https:\/\/www.morh.hr\/fotogalerija-zajednicka-vjezba-americko-hrvatskog-tima-na-vp-gasinci\/"},"modified":"2023-02-09T09:26:51","modified_gmt":"2023-02-09T08:26:51","slug":"fotogalerija-zajednicka-vjezba-americko-hrvatskog-tima-na-vp-gasinci","status":"publish","type":"post","link":"https:\/\/www.morh.hr\/en\/fotogalerija-zajednicka-vjezba-americko-hrvatskog-tima-na-vp-gasinci\/","title":{"rendered":"Fotogalerija: Zajedni\u010dka vje\u017eba ameri\u010dko-hrvatskog tima na VP Ga\u0161inci"},"content":{"rendered":"<div class=\"morh-galleria\"><a href=\"https:\/\/live.staticflickr.com\/65535\/52677564897_f694d13dca_h.jpg\" title=\"Zajedni\u010dka vje\u017eba ameri\u010dko-hrvatskog tima na VP Ga\u0161inci\"><img decoding=\"async\" data-title=\"Zajedni\u010dka vje\u017eba ameri\u010dko-hrvatskog tima na VP Ga\u0161inci\" data-description=\"Foto: MORH\" alt=\"Zajedni\u010dka vje\u017eba ameri\u010dko-hrvatskog tima na VP Ga\u0161inci\" src=\"https:\/\/live.staticflickr.com\/65535\/52677564897_f694d13dca_h.jpg\" data-layer=\"&lt;div class=&#039;morh-gallery-image-download&#039;&gt;&lt;a href=&#039;https:\/\/live.staticflickr.com\/65535\/52677564897_e8aec6d3d9_o.jpg&#039; target=&#039;_blank&#039;&gt;Slika za preuzimanje&lt;\/a&gt;&lt;\/div&gt;\" \/><\/a><a href=\"https:\/\/live.staticflickr.com\/65535\/52678363414_1208576b8b_h.jpg\" title=\"Zajedni\u010dka vje\u017eba ameri\u010dko-hrvatskog tima na VP Ga\u0161inci\"><img decoding=\"async\" data-title=\"Zajedni\u010dka vje\u017eba ameri\u010dko-hrvatskog tima na VP Ga\u0161inci\" data-description=\"Foto: MORH\" alt=\"Zajedni\u010dka vje\u017eba ameri\u010dko-hrvatskog tima na VP Ga\u0161inci\" src=\"https:\/\/live.staticflickr.com\/65535\/52678363414_1208576b8b_h.jpg\" data-layer=\"&lt;div class=&#039;morh-gallery-image-download&#039;&gt;&lt;a href=&#039;https:\/\/live.staticflickr.com\/65535\/52678363414_54743d53a7_o.jpg&#039; target=&#039;_blank&#039;&gt;Slika za preuzimanje&lt;\/a&gt;&lt;\/div&gt;\" \/><\/a><a href=\"https:\/\/live.staticflickr.com\/65535\/52678513620_0091aaf0ae_h.jpg\" title=\"Zajedni\u010dka vje\u017eba ameri\u010dko-hrvatskog tima na VP Ga\u0161inci\"><img decoding=\"async\" data-title=\"Zajedni\u010dka vje\u017eba ameri\u010dko-hrvatskog tima na VP Ga\u0161inci\" data-description=\"Foto: MORH\" alt=\"Zajedni\u010dka vje\u017eba ameri\u010dko-hrvatskog tima na VP Ga\u0161inci\" src=\"https:\/\/live.staticflickr.com\/65535\/52678513620_0091aaf0ae_h.jpg\" data-layer=\"&lt;div class=&#039;morh-gallery-image-download&#039;&gt;&lt;a href=&#039;https:\/\/live.staticflickr.com\/65535\/52678513620_dd123d540e_o.jpg&#039; target=&#039;_blank&#039;&gt;Slika za preuzimanje&lt;\/a&gt;&lt;\/div&gt;\" \/><\/a><a href=\"https:\/\/live.staticflickr.com\/65535\/52678574473_939721d69b_h.jpg\" title=\"Zajedni\u010dka vje\u017eba ameri\u010dko-hrvatskog tima na VP Ga\u0161inci\"><img decoding=\"async\" data-title=\"Zajedni\u010dka vje\u017eba ameri\u010dko-hrvatskog tima na VP Ga\u0161inci\" data-description=\"Foto: MORH\" alt=\"Zajedni\u010dka vje\u017eba ameri\u010dko-hrvatskog tima na VP Ga\u0161inci\" src=\"https:\/\/live.staticflickr.com\/65535\/52678574473_939721d69b_h.jpg\" data-layer=\"&lt;div class=&#039;morh-gallery-image-download&#039;&gt;&lt;a href=&#039;https:\/\/live.staticflickr.com\/65535\/52678574473_05cb1785cc_o.jpg&#039; target=&#039;_blank&#039;&gt;Slika za preuzimanje&lt;\/a&gt;&lt;\/div&gt;\" \/><\/a><a href=\"https:\/\/live.staticflickr.com\/65535\/52677564872_43a7a505ec_h.jpg\" title=\"Zajedni\u010dka vje\u017eba ameri\u010dko-hrvatskog tima na VP Ga\u0161inci\"><img decoding=\"async\" data-title=\"Zajedni\u010dka vje\u017eba ameri\u010dko-hrvatskog tima na VP Ga\u0161inci\" data-description=\"Foto: MORH\" alt=\"Zajedni\u010dka vje\u017eba ameri\u010dko-hrvatskog tima na VP Ga\u0161inci\" src=\"https:\/\/live.staticflickr.com\/65535\/52677564872_43a7a505ec_h.jpg\" data-layer=\"&lt;div class=&#039;morh-gallery-image-download&#039;&gt;&lt;a href=&#039;https:\/\/live.staticflickr.com\/65535\/52677564872_99ee8eae64_o.jpg&#039; target=&#039;_blank&#039;&gt;Slika za preuzimanje&lt;\/a&gt;&lt;\/div&gt;\" \/><\/a><a href=\"https:\/\/live.staticflickr.com\/65535\/52677564787_1a98d4782e_h.jpg\" title=\"Zajedni\u010dka vje\u017eba ameri\u010dko-hrvatskog tima na VP Ga\u0161inci\"><img decoding=\"async\" data-title=\"Zajedni\u010dka vje\u017eba ameri\u010dko-hrvatskog tima na VP Ga\u0161inci\" data-description=\"Foto: MORH\" alt=\"Zajedni\u010dka vje\u017eba ameri\u010dko-hrvatskog tima na VP Ga\u0161inci\" src=\"https:\/\/live.staticflickr.com\/65535\/52677564787_1a98d4782e_h.jpg\" data-layer=\"&lt;div class=&#039;morh-gallery-image-download&#039;&gt;&lt;a href=&#039;https:\/\/live.staticflickr.com\/65535\/52677564787_6e096c8f84_o.jpg&#039; target=&#039;_blank&#039;&gt;Slika za preuzimanje&lt;\/a&gt;&lt;\/div&gt;\" \/><\/a><a href=\"https:\/\/live.staticflickr.com\/65535\/52677564842_dcd18a4eea_h.jpg\" title=\"Zajedni\u010dka vje\u017eba ameri\u010dko-hrvatskog tima na VP Ga\u0161inci\"><img decoding=\"async\" data-title=\"Zajedni\u010dka vje\u017eba ameri\u010dko-hrvatskog tima na VP Ga\u0161inci\" data-description=\"Foto: MORH\" alt=\"Zajedni\u010dka vje\u017eba ameri\u010dko-hrvatskog tima na VP Ga\u0161inci\" src=\"https:\/\/live.staticflickr.com\/65535\/52677564842_dcd18a4eea_h.jpg\" data-layer=\"&lt;div class=&#039;morh-gallery-image-download&#039;&gt;&lt;a href=&#039;https:\/\/live.staticflickr.com\/65535\/52677564842_702aedb6d2_o.jpg&#039; target=&#039;_blank&#039;&gt;Slika za preuzimanje&lt;\/a&gt;&lt;\/div&gt;\" \/><\/a><a href=\"https:\/\/live.staticflickr.com\/65535\/52678075896_e7d39f12d2_c.jpg\" title=\"Zajedni\u010dka vje\u017eba ameri\u010dko-hrvatskog tima na VP Ga\u0161inci\"><img decoding=\"async\" data-title=\"Zajedni\u010dka vje\u017eba ameri\u010dko-hrvatskog tima na VP Ga\u0161inci\" data-description=\"Foto: MORH\" alt=\"Zajedni\u010dka vje\u017eba ameri\u010dko-hrvatskog tima na VP Ga\u0161inci\" src=\"https:\/\/live.staticflickr.com\/65535\/52678075896_e7d39f12d2_c.jpg\" data-layer=\"&lt;div class=&#039;morh-gallery-image-download&#039;&gt;&lt;a href=&#039;https:\/\/live.staticflickr.com\/65535\/52678075896_930f64796a_o.jpg&#039; target=&#039;_blank&#039;&gt;Slika za preuzimanje&lt;\/a&gt;&lt;\/div&gt;\" \/><\/a><a href=\"https:\/\/live.staticflickr.com\/65535\/52678075851_1f257e99ae_h.jpg\" title=\"Zajedni\u010dka vje\u017eba ameri\u010dko-hrvatskog tima na VP Ga\u0161inci\"><img decoding=\"async\" data-title=\"Zajedni\u010dka vje\u017eba ameri\u010dko-hrvatskog tima na VP Ga\u0161inci\" data-description=\"Foto: MORH\" alt=\"Zajedni\u010dka vje\u017eba ameri\u010dko-hrvatskog tima na VP Ga\u0161inci\" src=\"https:\/\/live.staticflickr.com\/65535\/52678075851_1f257e99ae_h.jpg\" data-layer=\"&lt;div class=&#039;morh-gallery-image-download&#039;&gt;&lt;a href=&#039;https:\/\/live.staticflickr.com\/65535\/52678075851_61775eb006_o.jpg&#039; target=&#039;_blank&#039;&gt;Slika za preuzimanje&lt;\/a&gt;&lt;\/div&gt;\" \/><\/a><a href=\"https:\/\/live.staticflickr.com\/65535\/52678363364_7e79887a33_h.jpg\" title=\"Zajedni\u010dka vje\u017eba ameri\u010dko-hrvatskog tima na VP Ga\u0161inci\"><img decoding=\"async\" data-title=\"Zajedni\u010dka vje\u017eba ameri\u010dko-hrvatskog tima na VP Ga\u0161inci\" data-description=\"Foto: MORH\" alt=\"Zajedni\u010dka vje\u017eba ameri\u010dko-hrvatskog tima na VP Ga\u0161inci\" src=\"https:\/\/live.staticflickr.com\/65535\/52678363364_7e79887a33_h.jpg\" data-layer=\"&lt;div class=&#039;morh-gallery-image-download&#039;&gt;&lt;a href=&#039;https:\/\/live.staticflickr.com\/65535\/52678363364_a457e01212_o.jpg&#039; target=&#039;_blank&#039;&gt;Slika za preuzimanje&lt;\/a&gt;&lt;\/div&gt;\" \/><\/a><a href=\"https:\/\/live.staticflickr.com\/65535\/52678363439_a7d19b7dea_c.jpg\" title=\"Zajedni\u010dka vje\u017eba ameri\u010dko-hrvatskog tima na VP Ga\u0161inci\"><img decoding=\"async\" data-title=\"Zajedni\u010dka vje\u017eba ameri\u010dko-hrvatskog tima na VP Ga\u0161inci\" data-description=\"Foto: MORH\" alt=\"Zajedni\u010dka vje\u017eba ameri\u010dko-hrvatskog tima na VP Ga\u0161inci\" src=\"https:\/\/live.staticflickr.com\/65535\/52678363439_a7d19b7dea_c.jpg\" data-layer=\"&lt;div class=&#039;morh-gallery-image-download&#039;&gt;&lt;a href=&#039;https:\/\/live.staticflickr.com\/65535\/52678363439_b1be986820_o.jpg&#039; target=&#039;_blank&#039;&gt;Slika za preuzimanje&lt;\/a&gt;&lt;\/div&gt;\" \/><\/a><a href=\"https:\/\/live.staticflickr.com\/65535\/52678574388_d7870ac347_h.jpg\" title=\"Zajedni\u010dka vje\u017eba ameri\u010dko-hrvatskog tima na VP Ga\u0161inci\"><img decoding=\"async\" data-title=\"Zajedni\u010dka vje\u017eba ameri\u010dko-hrvatskog tima na VP Ga\u0161inci\" data-description=\"Foto: MORH\" alt=\"Zajedni\u010dka vje\u017eba ameri\u010dko-hrvatskog tima na VP Ga\u0161inci\" src=\"https:\/\/live.staticflickr.com\/65535\/52678574388_d7870ac347_h.jpg\" data-layer=\"&lt;div class=&#039;morh-gallery-image-download&#039;&gt;&lt;a href=&#039;https:\/\/live.staticflickr.com\/65535\/52678574388_3c1a74cea6_o.jpg&#039; target=&#039;_blank&#039;&gt;Slika za preuzimanje&lt;\/a&gt;&lt;\/div&gt;\" \/><\/a><a href=\"https:\/\/live.staticflickr.com\/65535\/52677564902_f665b58427_c.jpg\" title=\"Zajedni\u010dka vje\u017eba ameri\u010dko-hrvatskog tima na VP Ga\u0161inci\"><img decoding=\"async\" data-title=\"Zajedni\u010dka vje\u017eba ameri\u010dko-hrvatskog tima na VP Ga\u0161inci\" data-description=\"Foto: MORH\" alt=\"Zajedni\u010dka vje\u017eba ameri\u010dko-hrvatskog tima na VP Ga\u0161inci\" src=\"https:\/\/live.staticflickr.com\/65535\/52677564902_f665b58427_c.jpg\" data-layer=\"&lt;div class=&#039;morh-gallery-image-download&#039;&gt;&lt;a href=&#039;https:\/\/live.staticflickr.com\/65535\/52677564902_9aac55c5c4_o.jpg&#039; target=&#039;_blank&#039;&gt;Slika za preuzimanje&lt;\/a&gt;&lt;\/div&gt;\" \/><\/a><a href=\"https:\/\/live.staticflickr.com\/65535\/52678363444_d4a2d51d83_c.jpg\" title=\"Zajedni\u010dka vje\u017eba ameri\u010dko-hrvatskog tima na VP Ga\u0161inci\"><img decoding=\"async\" data-title=\"Zajedni\u010dka vje\u017eba ameri\u010dko-hrvatskog tima na VP Ga\u0161inci\" data-description=\"Foto: MORH\" alt=\"Zajedni\u010dka vje\u017eba ameri\u010dko-hrvatskog tima na VP Ga\u0161inci\" src=\"https:\/\/live.staticflickr.com\/65535\/52678363444_d4a2d51d83_c.jpg\" data-layer=\"&lt;div class=&#039;morh-gallery-image-download&#039;&gt;&lt;a href=&#039;https:\/\/live.staticflickr.com\/65535\/52678363444_cd679fd84a_o.jpg&#039; target=&#039;_blank&#039;&gt;Slika za preuzimanje&lt;\/a&gt;&lt;\/div&gt;\" \/><\/a><a href=\"https:\/\/live.staticflickr.com\/65535\/52678075816_983ffda96e_h.jpg\" title=\"Zajedni\u010dka vje\u017eba ameri\u010dko-hrvatskog tima na VP Ga\u0161inci\"><img decoding=\"async\" data-title=\"Zajedni\u010dka vje\u017eba ameri\u010dko-hrvatskog tima na VP Ga\u0161inci\" data-description=\"Foto: MORH\" alt=\"Zajedni\u010dka vje\u017eba ameri\u010dko-hrvatskog tima na VP Ga\u0161inci\" src=\"https:\/\/live.staticflickr.com\/65535\/52678075816_983ffda96e_h.jpg\" data-layer=\"&lt;div class=&#039;morh-gallery-image-download&#039;&gt;&lt;a href=&#039;https:\/\/live.staticflickr.com\/65535\/52678075816_313e4e0388_o.jpg&#039; target=&#039;_blank&#039;&gt;Slika za preuzimanje&lt;\/a&gt;&lt;\/div&gt;\" \/><\/a><a href=\"https:\/\/live.staticflickr.com\/65535\/52678363339_488f56d751_h.jpg\" title=\"Zajedni\u010dka vje\u017eba ameri\u010dko-hrvatskog tima na VP Ga\u0161inci\"><img decoding=\"async\" data-title=\"Zajedni\u010dka vje\u017eba ameri\u010dko-hrvatskog tima na VP Ga\u0161inci\" data-description=\"Foto: MORH\" alt=\"Zajedni\u010dka vje\u017eba ameri\u010dko-hrvatskog tima na VP Ga\u0161inci\" src=\"https:\/\/live.staticflickr.com\/65535\/52678363339_488f56d751_h.jpg\" data-layer=\"&lt;div class=&#039;morh-gallery-image-download&#039;&gt;&lt;a href=&#039;https:\/\/live.staticflickr.com\/65535\/52678363339_ed1362aece_o.jpg&#039; target=&#039;_blank&#039;&gt;Slika za preuzimanje&lt;\/a&gt;&lt;\/div&gt;\" \/><\/a><a href=\"https:\/\/live.staticflickr.com\/65535\/52678075786_2cb0522fcc_c.jpg\" title=\"Zajedni\u010dka vje\u017eba ameri\u010dko-hrvatskog tima na VP Ga\u0161inci\"><img decoding=\"async\" data-title=\"Zajedni\u010dka vje\u017eba ameri\u010dko-hrvatskog tima na VP Ga\u0161inci\" data-description=\"Foto: MORH\" alt=\"Zajedni\u010dka vje\u017eba ameri\u010dko-hrvatskog tima na VP Ga\u0161inci\" src=\"https:\/\/live.staticflickr.com\/65535\/52678075786_2cb0522fcc_c.jpg\" data-layer=\"&lt;div class=&#039;morh-gallery-image-download&#039;&gt;&lt;a href=&#039;https:\/\/live.staticflickr.com\/65535\/52678075786_fc64507e67_o.jpg&#039; target=&#039;_blank&#039;&gt;Slika za preuzimanje&lt;\/a&gt;&lt;\/div&gt;\" \/><\/a><a href=\"https:\/\/live.staticflickr.com\/65535\/52678513565_cee36a7319_h.jpg\" title=\"Zajedni\u010dka vje\u017eba ameri\u010dko-hrvatskog tima na VP Ga\u0161inci\"><img decoding=\"async\" data-title=\"Zajedni\u010dka vje\u017eba ameri\u010dko-hrvatskog tima na VP Ga\u0161inci\" data-description=\"Foto: MORH\" alt=\"Zajedni\u010dka vje\u017eba ameri\u010dko-hrvatskog tima na VP Ga\u0161inci\" src=\"https:\/\/live.staticflickr.com\/65535\/52678513565_cee36a7319_h.jpg\" data-layer=\"&lt;div class=&#039;morh-gallery-image-download&#039;&gt;&lt;a href=&#039;https:\/\/live.staticflickr.com\/65535\/52678513565_be57534392_o.jpg&#039; target=&#039;_blank&#039;&gt;Slika za preuzimanje&lt;\/a&gt;&lt;\/div&gt;\" \/><\/a><a href=\"https:\/\/live.staticflickr.com\/65535\/52678574358_e3b401c384_h.jpg\" title=\"Zajedni\u010dka vje\u017eba ameri\u010dko-hrvatskog tima na VP Ga\u0161inci\"><img decoding=\"async\" data-title=\"Zajedni\u010dka vje\u017eba ameri\u010dko-hrvatskog tima na VP Ga\u0161inci\" data-description=\"Foto: MORH\" alt=\"Zajedni\u010dka vje\u017eba ameri\u010dko-hrvatskog tima na VP Ga\u0161inci\" src=\"https:\/\/live.staticflickr.com\/65535\/52678574358_e3b401c384_h.jpg\" data-layer=\"&lt;div class=&#039;morh-gallery-image-download&#039;&gt;&lt;a href=&#039;https:\/\/live.staticflickr.com\/65535\/52678574358_5d575099e4_o.jpg&#039; target=&#039;_blank&#039;&gt;Slika za preuzimanje&lt;\/a&gt;&lt;\/div&gt;\" \/><\/a><\/div><!--\/.morh-galleria -->\n","protected":false},"excerpt":{"rendered":"","protected":false},"author":3,"featured_media":49247,"comment_status":"closed","ping_status":"closed","sticky":false,"template":"","format":"standard","meta":{"_acf_changed":false,"_monsterinsights_skip_tracking":false,"_monsterinsights_sitenote_active":false,"_monsterinsights_sitenote_note":"","_monsterinsights_sitenote_category":0,"footnotes":""},"categories":[335],"tags":[],"class_list":["post-55173","post","type-post","status-publish","format-standard","has-post-thumbnail","hentry","category-fotogalerije-vojne-vjezbe-en"],"acf":[],"yoast_head":"<!-- This site is optimized with the Yoast SEO plugin v26.9 - https:\/\/yoast.com\/product\/yoast-seo-wordpress\/ -->\n<title>Fotogalerija: Zajedni\u010dka vje\u017eba ameri\u010dko-hrvatskog tima na VP Ga\u0161inci - MORH<\/title>\n<meta name=\"robots\" content=\"index, follow, max-snippet:-1, max-image-preview:large, max-video-preview:-1\" \/>\n<link rel=\"canonical\" href=\"https:\/\/www.morh.hr\/en\/fotogalerija-zajednicka-vjezba-americko-hrvatskog-tima-na-vp-gasinci\/\" \/>\n<meta property=\"og:locale\" content=\"en_US\" \/>\n<meta property=\"og:type\" content=\"article\" \/>\n<meta property=\"og:title\" content=\"Fotogalerija: Zajedni\u010dka vje\u017eba ameri\u010dko-hrvatskog tima na VP Ga\u0161inci - MORH\" \/>\n<meta property=\"og:url\" content=\"https:\/\/www.morh.hr\/en\/fotogalerija-zajednicka-vjezba-americko-hrvatskog-tima-na-vp-gasinci\/\" \/>\n<meta property=\"og:site_name\" content=\"MORH\" \/>\n<meta property=\"article:publisher\" content=\"https:\/\/www.facebook.com\/sportasiuhrvatskojvojsci\/\" \/>\n<meta property=\"article:published_time\" content=\"2009-02-26T10:26:00+00:00\" \/>\n<meta property=\"article:modified_time\" content=\"2023-02-09T08:26:51+00:00\" \/>\n<meta property=\"og:image\" content=\"https:\/\/www.morh.hr\/wp-content\/uploads\/2017\/10\/vjezba_gasinci_1_26022009_v.jpg\" \/>\n\t<meta property=\"og:image:width\" content=\"800\" \/>\n\t<meta property=\"og:image:height\" content=\"536\" \/>\n\t<meta property=\"og:image:type\" content=\"image\/jpeg\" \/>\n<meta name=\"author\" content=\"Drazen\" \/>\n<meta name=\"twitter:card\" content=\"summary_large_image\" \/>\n<meta name=\"twitter:creator\" content=\"@morh_osrh\" \/>\n<meta name=\"twitter:site\" content=\"@morh_osrh\" \/>\n<meta name=\"twitter:label1\" content=\"Written by\" \/>\n\t<meta name=\"twitter:data1\" content=\"Drazen\" \/>\n\t<meta name=\"twitter:label2\" content=\"Est. reading time\" \/>\n\t<meta name=\"twitter:data2\" content=\"1 minute\" \/>\n<script type=\"application\/ld+json\" class=\"yoast-schema-graph\">{\"@context\":\"https:\/\/schema.org\",\"@graph\":[{\"@type\":\"Article\",\"@id\":\"https:\/\/www.morh.hr\/en\/fotogalerija-zajednicka-vjezba-americko-hrvatskog-tima-na-vp-gasinci\/#article\",\"isPartOf\":{\"@id\":\"https:\/\/www.morh.hr\/en\/fotogalerija-zajednicka-vjezba-americko-hrvatskog-tima-na-vp-gasinci\/\"},\"author\":{\"name\":\"Drazen\",\"@id\":\"https:\/\/www.morh.hr\/en\/#\/schema\/person\/2d72e03399043d9513ab6bec75f2ce27\"},\"headline\":\"Fotogalerija: Zajedni\u010dka vje\u017eba ameri\u010dko-hrvatskog tima na VP Ga\u0161inci\",\"datePublished\":\"2009-02-26T10:26:00+00:00\",\"dateModified\":\"2023-02-09T08:26:51+00:00\",\"mainEntityOfPage\":{\"@id\":\"https:\/\/www.morh.hr\/en\/fotogalerija-zajednicka-vjezba-americko-hrvatskog-tima-na-vp-gasinci\/\"},\"wordCount\":21,\"image\":{\"@id\":\"https:\/\/www.morh.hr\/en\/fotogalerija-zajednicka-vjezba-americko-hrvatskog-tima-na-vp-gasinci\/#primaryimage\"},\"thumbnailUrl\":\"https:\/\/www.morh.hr\/wp-content\/uploads\/2017\/10\/vjezba_gasinci_1_26022009_v.jpg\",\"articleSection\":[\"Fotogalerije: vojne vje\u017ebe\"],\"inLanguage\":\"en-US\"},{\"@type\":\"WebPage\",\"@id\":\"https:\/\/www.morh.hr\/en\/fotogalerija-zajednicka-vjezba-americko-hrvatskog-tima-na-vp-gasinci\/\",\"url\":\"https:\/\/www.morh.hr\/en\/fotogalerija-zajednicka-vjezba-americko-hrvatskog-tima-na-vp-gasinci\/\",\"name\":\"Fotogalerija: Zajedni\u010dka vje\u017eba ameri\u010dko-hrvatskog tima na VP Ga\u0161inci - MORH\",\"isPartOf\":{\"@id\":\"https:\/\/www.morh.hr\/en\/#website\"},\"primaryImageOfPage\":{\"@id\":\"https:\/\/www.morh.hr\/en\/fotogalerija-zajednicka-vjezba-americko-hrvatskog-tima-na-vp-gasinci\/#primaryimage\"},\"image\":{\"@id\":\"https:\/\/www.morh.hr\/en\/fotogalerija-zajednicka-vjezba-americko-hrvatskog-tima-na-vp-gasinci\/#primaryimage\"},\"thumbnailUrl\":\"https:\/\/www.morh.hr\/wp-content\/uploads\/2017\/10\/vjezba_gasinci_1_26022009_v.jpg\",\"datePublished\":\"2009-02-26T10:26:00+00:00\",\"dateModified\":\"2023-02-09T08:26:51+00:00\",\"author\":{\"@id\":\"https:\/\/www.morh.hr\/en\/#\/schema\/person\/2d72e03399043d9513ab6bec75f2ce27\"},\"breadcrumb\":{\"@id\":\"https:\/\/www.morh.hr\/en\/fotogalerija-zajednicka-vjezba-americko-hrvatskog-tima-na-vp-gasinci\/#breadcrumb\"},\"inLanguage\":\"en-US\",\"potentialAction\":[{\"@type\":\"ReadAction\",\"target\":[\"https:\/\/www.morh.hr\/en\/fotogalerija-zajednicka-vjezba-americko-hrvatskog-tima-na-vp-gasinci\/\"]}]},{\"@type\":\"ImageObject\",\"inLanguage\":\"en-US\",\"@id\":\"https:\/\/www.morh.hr\/en\/fotogalerija-zajednicka-vjezba-americko-hrvatskog-tima-na-vp-gasinci\/#primaryimage\",\"url\":\"https:\/\/www.morh.hr\/wp-content\/uploads\/2017\/10\/vjezba_gasinci_1_26022009_v.jpg\",\"contentUrl\":\"https:\/\/www.morh.hr\/wp-content\/uploads\/2017\/10\/vjezba_gasinci_1_26022009_v.jpg\",\"width\":800,\"height\":536},{\"@type\":\"BreadcrumbList\",\"@id\":\"https:\/\/www.morh.hr\/en\/fotogalerija-zajednicka-vjezba-americko-hrvatskog-tima-na-vp-gasinci\/#breadcrumb\",\"itemListElement\":[{\"@type\":\"ListItem\",\"position\":1,\"name\":\"Naslovnica\",\"item\":\"https:\/\/www.morh.hr\/en\/\"},{\"@type\":\"ListItem\",\"position\":2,\"name\":\"Multimedija\",\"item\":\"https:\/\/www.morh.hr\/en\/kategorija\/multimedija-en\/\"},{\"@type\":\"ListItem\",\"position\":3,\"name\":\"Fotogalerije\",\"item\":\"https:\/\/www.morh.hr\/en\/kategorija\/multimedija-en\/fotogalerije-en\/\"},{\"@type\":\"ListItem\",\"position\":4,\"name\":\"Fotogalerije: vojne vje\u017ebe\",\"item\":\"https:\/\/www.morh.hr\/en\/kategorija\/multimedija-en\/fotogalerije-en\/fotogalerije-vojne-vjezbe-en\/\"},{\"@type\":\"ListItem\",\"position\":5,\"name\":\"Fotogalerija: Zajedni\u010dka vje\u017eba ameri\u010dko-hrvatskog tima na VP Ga\u0161inci\"}]},{\"@type\":\"WebSite\",\"@id\":\"https:\/\/www.morh.hr\/en\/#website\",\"url\":\"https:\/\/www.morh.hr\/en\/\",\"name\":\"MORH\",\"description\":\"Ministarstvo obrane Republike Hrvatske - slu\u017ebene stranice\",\"potentialAction\":[{\"@type\":\"SearchAction\",\"target\":{\"@type\":\"EntryPoint\",\"urlTemplate\":\"https:\/\/www.morh.hr\/en\/?s={search_term_string}\"},\"query-input\":{\"@type\":\"PropertyValueSpecification\",\"valueRequired\":true,\"valueName\":\"search_term_string\"}}],\"inLanguage\":\"en-US\"},{\"@type\":\"Person\",\"@id\":\"https:\/\/www.morh.hr\/en\/#\/schema\/person\/2d72e03399043d9513ab6bec75f2ce27\",\"name\":\"Drazen\",\"image\":{\"@type\":\"ImageObject\",\"inLanguage\":\"en-US\",\"@id\":\"https:\/\/www.morh.hr\/en\/#\/schema\/person\/image\/\",\"url\":\"https:\/\/secure.gravatar.com\/avatar\/e36ef7e573425ae72988c73df868c1e87a656b0e005ca4fd7d30d2ba7e49c9cf?s=96&d=mm&r=g\",\"contentUrl\":\"https:\/\/secure.gravatar.com\/avatar\/e36ef7e573425ae72988c73df868c1e87a656b0e005ca4fd7d30d2ba7e49c9cf?s=96&d=mm&r=g\",\"caption\":\"Drazen\"}}]}<\/script>\n<!-- \/ Yoast SEO plugin. -->","yoast_head_json":{"title":"Fotogalerija: Zajedni\u010dka vje\u017eba ameri\u010dko-hrvatskog tima na VP Ga\u0161inci - MORH","robots":{"index":"index","follow":"follow","max-snippet":"max-snippet:-1","max-image-preview":"max-image-preview:large","max-video-preview":"max-video-preview:-1"},"canonical":"https:\/\/www.morh.hr\/en\/fotogalerija-zajednicka-vjezba-americko-hrvatskog-tima-na-vp-gasinci\/","og_locale":"en_US","og_type":"article","og_title":"Fotogalerija: Zajedni\u010dka vje\u017eba ameri\u010dko-hrvatskog tima na VP Ga\u0161inci - MORH","og_url":"https:\/\/www.morh.hr\/en\/fotogalerija-zajednicka-vjezba-americko-hrvatskog-tima-na-vp-gasinci\/","og_site_name":"MORH","article_publisher":"https:\/\/www.facebook.com\/sportasiuhrvatskojvojsci\/","article_published_time":"2009-02-26T10:26:00+00:00","article_modified_time":"2023-02-09T08:26:51+00:00","og_image":[{"width":800,"height":536,"url":"https:\/\/www.morh.hr\/wp-content\/uploads\/2017\/10\/vjezba_gasinci_1_26022009_v.jpg","type":"image\/jpeg"}],"author":"Drazen","twitter_card":"summary_large_image","twitter_creator":"@morh_osrh","twitter_site":"@morh_osrh","twitter_misc":{"Written by":"Drazen","Est. reading time":"1 minute"},"schema":{"@context":"https:\/\/schema.org","@graph":[{"@type":"Article","@id":"https:\/\/www.morh.hr\/en\/fotogalerija-zajednicka-vjezba-americko-hrvatskog-tima-na-vp-gasinci\/#article","isPartOf":{"@id":"https:\/\/www.morh.hr\/en\/fotogalerija-zajednicka-vjezba-americko-hrvatskog-tima-na-vp-gasinci\/"},"author":{"name":"Drazen","@id":"https:\/\/www.morh.hr\/en\/#\/schema\/person\/2d72e03399043d9513ab6bec75f2ce27"},"headline":"Fotogalerija: Zajedni\u010dka vje\u017eba ameri\u010dko-hrvatskog tima na VP Ga\u0161inci","datePublished":"2009-02-26T10:26:00+00:00","dateModified":"2023-02-09T08:26:51+00:00","mainEntityOfPage":{"@id":"https:\/\/www.morh.hr\/en\/fotogalerija-zajednicka-vjezba-americko-hrvatskog-tima-na-vp-gasinci\/"},"wordCount":21,"image":{"@id":"https:\/\/www.morh.hr\/en\/fotogalerija-zajednicka-vjezba-americko-hrvatskog-tima-na-vp-gasinci\/#primaryimage"},"thumbnailUrl":"https:\/\/www.morh.hr\/wp-content\/uploads\/2017\/10\/vjezba_gasinci_1_26022009_v.jpg","articleSection":["Fotogalerije: vojne vje\u017ebe"],"inLanguage":"en-US"},{"@type":"WebPage","@id":"https:\/\/www.morh.hr\/en\/fotogalerija-zajednicka-vjezba-americko-hrvatskog-tima-na-vp-gasinci\/","url":"https:\/\/www.morh.hr\/en\/fotogalerija-zajednicka-vjezba-americko-hrvatskog-tima-na-vp-gasinci\/","name":"Fotogalerija: Zajedni\u010dka vje\u017eba ameri\u010dko-hrvatskog tima na VP Ga\u0161inci - MORH","isPartOf":{"@id":"https:\/\/www.morh.hr\/en\/#website"},"primaryImageOfPage":{"@id":"https:\/\/www.morh.hr\/en\/fotogalerija-zajednicka-vjezba-americko-hrvatskog-tima-na-vp-gasinci\/#primaryimage"},"image":{"@id":"https:\/\/www.morh.hr\/en\/fotogalerija-zajednicka-vjezba-americko-hrvatskog-tima-na-vp-gasinci\/#primaryimage"},"thumbnailUrl":"https:\/\/www.morh.hr\/wp-content\/uploads\/2017\/10\/vjezba_gasinci_1_26022009_v.jpg","datePublished":"2009-02-26T10:26:00+00:00","dateModified":"2023-02-09T08:26:51+00:00","author":{"@id":"https:\/\/www.morh.hr\/en\/#\/schema\/person\/2d72e03399043d9513ab6bec75f2ce27"},"breadcrumb":{"@id":"https:\/\/www.morh.hr\/en\/fotogalerija-zajednicka-vjezba-americko-hrvatskog-tima-na-vp-gasinci\/#breadcrumb"},"inLanguage":"en-US","potentialAction":[{"@type":"ReadAction","target":["https:\/\/www.morh.hr\/en\/fotogalerija-zajednicka-vjezba-americko-hrvatskog-tima-na-vp-gasinci\/"]}]},{"@type":"ImageObject","inLanguage":"en-US","@id":"https:\/\/www.morh.hr\/en\/fotogalerija-zajednicka-vjezba-americko-hrvatskog-tima-na-vp-gasinci\/#primaryimage","url":"https:\/\/www.morh.hr\/wp-content\/uploads\/2017\/10\/vjezba_gasinci_1_26022009_v.jpg","contentUrl":"https:\/\/www.morh.hr\/wp-content\/uploads\/2017\/10\/vjezba_gasinci_1_26022009_v.jpg","width":800,"height":536},{"@type":"BreadcrumbList","@id":"https:\/\/www.morh.hr\/en\/fotogalerija-zajednicka-vjezba-americko-hrvatskog-tima-na-vp-gasinci\/#breadcrumb","itemListElement":[{"@type":"ListItem","position":1,"name":"Naslovnica","item":"https:\/\/www.morh.hr\/en\/"},{"@type":"ListItem","position":2,"name":"Multimedija","item":"https:\/\/www.morh.hr\/en\/kategorija\/multimedija-en\/"},{"@type":"ListItem","position":3,"name":"Fotogalerije","item":"https:\/\/www.morh.hr\/en\/kategorija\/multimedija-en\/fotogalerije-en\/"},{"@type":"ListItem","position":4,"name":"Fotogalerije: vojne vje\u017ebe","item":"https:\/\/www.morh.hr\/en\/kategorija\/multimedija-en\/fotogalerije-en\/fotogalerije-vojne-vjezbe-en\/"},{"@type":"ListItem","position":5,"name":"Fotogalerija: Zajedni\u010dka vje\u017eba ameri\u010dko-hrvatskog tima na VP Ga\u0161inci"}]},{"@type":"WebSite","@id":"https:\/\/www.morh.hr\/en\/#website","url":"https:\/\/www.morh.hr\/en\/","name":"MORH","description":"Ministarstvo obrane Republike Hrvatske - slu\u017ebene stranice","potentialAction":[{"@type":"SearchAction","target":{"@type":"EntryPoint","urlTemplate":"https:\/\/www.morh.hr\/en\/?s={search_term_string}"},"query-input":{"@type":"PropertyValueSpecification","valueRequired":true,"valueName":"search_term_string"}}],"inLanguage":"en-US"},{"@type":"Person","@id":"https:\/\/www.morh.hr\/en\/#\/schema\/person\/2d72e03399043d9513ab6bec75f2ce27","name":"Drazen","image":{"@type":"ImageObject","inLanguage":"en-US","@id":"https:\/\/www.morh.hr\/en\/#\/schema\/person\/image\/","url":"https:\/\/secure.gravatar.com\/avatar\/e36ef7e573425ae72988c73df868c1e87a656b0e005ca4fd7d30d2ba7e49c9cf?s=96&d=mm&r=g","contentUrl":"https:\/\/secure.gravatar.com\/avatar\/e36ef7e573425ae72988c73df868c1e87a656b0e005ca4fd7d30d2ba7e49c9cf?s=96&d=mm&r=g","caption":"Drazen"}}]}},"_links":{"self":[{"href":"https:\/\/www.morh.hr\/en\/wp-json\/wp\/v2\/posts\/55173","targetHints":{"allow":["GET"]}}],"collection":[{"href":"https:\/\/www.morh.hr\/en\/wp-json\/wp\/v2\/posts"}],"about":[{"href":"https:\/\/www.morh.hr\/en\/wp-json\/wp\/v2\/types\/post"}],"author":[{"embeddable":true,"href":"https:\/\/www.morh.hr\/en\/wp-json\/wp\/v2\/users\/3"}],"replies":[{"embeddable":true,"href":"https:\/\/www.morh.hr\/en\/wp-json\/wp\/v2\/comments?post=55173"}],"version-history":[{"count":0,"href":"https:\/\/www.morh.hr\/en\/wp-json\/wp\/v2\/posts\/55173\/revisions"}],"wp:featuredmedia":[{"embeddable":true,"href":"https:\/\/www.morh.hr\/en\/wp-json\/wp\/v2\/media\/49247"}],"wp:attachment":[{"href":"https:\/\/www.morh.hr\/en\/wp-json\/wp\/v2\/media?parent=55173"}],"wp:term":[{"taxonomy":"category","embeddable":true,"href":"https:\/\/www.morh.hr\/en\/wp-json\/wp\/v2\/categories?post=55173"},{"taxonomy":"post_tag","embeddable":true,"href":"https:\/\/www.morh.hr\/en\/wp-json\/wp\/v2\/tags?post=55173"}],"curies":[{"name":"wp","href":"https:\/\/api.w.org\/{rel}","templated":true}]}}