{"id":57637,"date":"2017-10-19T16:36:20","date_gmt":"2017-10-19T14:36:20","guid":{"rendered":"https:\/\/www.morh.hr\/?p=57637"},"modified":"2017-12-14T16:37:47","modified_gmt":"2017-12-14T15:37:47","slug":"commemoration-blago-zadro-alfred-hill","status":"publish","type":"post","link":"https:\/\/www.morh.hr\/en\/commemoration-blago-zadro-alfred-hill\/","title":{"rendered":"Commemoration of Blago Zadro and Alfred Hill"},"content":{"rendered":"<p>The 26th anniversary of the tragic death of Major General Blago Zadro and of Major Alfred Hill was marked in Vukovar on 16 October 2017. The commemoration was attended by the Envoy of the President of the Republic Ante Deur, the Minister of Homeland War Veterans Tomo Medved<\/p>\n<p>the Mayor of Vukovar Ivan Penava, Brigadier General \u017deljko \u017divanovi\u0107 as Envoy of the Deputy Prime Minister and Defence Minister Damir Krsti\u010devi\u0107 and of the Chief of the General Staff of the Croatian Armed General Mirko \u0160undov.<\/p>\n<p>Numerous delegations laid wreaths at the tombs of the two legendary defenders at the Memorial Cemetery of the Victims of the Homeland War in Vukovar, and the mass was recited in the Church of Gospa Fatimska. A commemorative ceremony was held near the monument of Blago Zadro at Trpinjska cesta and near the site of death.<br \/>\nThe President&#8217;s Envoy Ante Deur said Croatia still needs the people who are aware of the moment and audacity and courage to support the homeland.<\/p>\n<p>Brig Gen. \u017deljko \u017divanovi\u0107 said Blago Zadro was the symbol of the defence of Vukovar.<br \/>\n&#8220;We must continue to serve our country as we did during the Homeland War and guard the memory of our heroes, the sacred duty of defending the country and the truth about its birth and its fundamental values&#8221;, said Brig.Gen. \u017divanovi\u0107.<\/p>\n<p>&#8220;Blago Zadro left a lasting example of courage, wisdom and will; he is a figure promoting the values of the Homeland War\u201c, said the Mayor of Vukovar Ivan Penava.<\/p>\n<p>The legendary commander of the the forces defending Trpinjska cesta \u2013 Major General Blago Zadro (1944 &#8211; 1991) was born in Herzegovina, moving to Vukovar (Borovo Naselje) at the age of 10. He worked in the well-known \u201cBorovo\u201c footwear factory. When the towm came under aggression he became the competent and brave commander of Borovo naselje, and managed to halt the advance of JNA&#8217; massive armoured forces (the legendary \u201c graveyard of tanks\u201c at Trpinjska cesta).<\/p>\n<p>In honour to his contribution to the defence of Vukovar Blago Zadro was posthumously awarded the rank of major general.<\/p>\n<p>Major Alfred Hill was the first commander of the Military Police Coy and lost life the same day as Maj. Gen. Zadro, defending the positions at Sajmi\u0161te. The third Croatian victim that day &#8211; Zvonko Mlinari\u0107, died trying to recover Blago Zadre in Kupska street in Vukovar.<\/p>\n","protected":false},"excerpt":{"rendered":"<p>The 26th anniversary of the tragic death of Major General Blago Zadro and of Major Alfred Hill was marked in Vukovar on 16 October 2017. The commemoration was attended by the Envoy of the President of the Republic Ante Deur, the Minister of Homeland War Veterans Tomo Medved the Mayor of Vukovar Ivan Penava, Brigadier [&hellip;]<\/p>\n","protected":false},"author":3,"featured_media":57638,"comment_status":"closed","ping_status":"closed","sticky":false,"template":"","format":"standard","meta":{"_acf_changed":false,"_monsterinsights_skip_tracking":false,"_monsterinsights_sitenote_active":false,"_monsterinsights_sitenote_note":"","_monsterinsights_sitenote_category":0,"footnotes":""},"categories":[117],"tags":[],"class_list":["post-57637","post","type-post","status-publish","format-standard","has-post-thumbnail","hentry","category-press-releases"],"acf":[],"yoast_head":"<!-- This site is optimized with the Yoast SEO plugin v26.9 - https:\/\/yoast.com\/product\/yoast-seo-wordpress\/ -->\n<title>Commemoration of Blago Zadro and Alfred Hill - MORH<\/title>\n<meta name=\"description\" content=\"The 26th anniversary of the tragic death of Major General Blago Zadro and of Major Alfred Hill was marked in Vukovar on 16 October 2017. The commemoration\" \/>\n<meta name=\"robots\" content=\"index, follow, max-snippet:-1, max-image-preview:large, max-video-preview:-1\" \/>\n<link rel=\"canonical\" href=\"https:\/\/www.morh.hr\/en\/commemoration-blago-zadro-alfred-hill\/\" \/>\n<meta property=\"og:locale\" content=\"en_US\" \/>\n<meta property=\"og:type\" content=\"article\" \/>\n<meta property=\"og:title\" content=\"Commemoration of Blago Zadro and Alfred Hill - MORH\" \/>\n<meta property=\"og:description\" content=\"The 26th anniversary of the tragic death of Major General Blago Zadro and of Major Alfred Hill was marked in Vukovar on 16 October 2017. The commemoration\" \/>\n<meta property=\"og:url\" content=\"https:\/\/www.morh.hr\/en\/commemoration-blago-zadro-alfred-hill\/\" \/>\n<meta property=\"og:site_name\" content=\"MORH\" \/>\n<meta property=\"article:publisher\" content=\"https:\/\/www.facebook.com\/sportasiuhrvatskojvojsci\/\" \/>\n<meta property=\"article:published_time\" content=\"2017-10-19T14:36:20+00:00\" \/>\n<meta property=\"article:modified_time\" content=\"2017-12-14T15:37:47+00:00\" \/>\n<meta property=\"og:image\" content=\"https:\/\/www.morh.hr\/wp-content\/uploads\/2017\/12\/zadro_16102017_v.jpg\" \/>\n\t<meta property=\"og:image:width\" content=\"1200\" \/>\n\t<meta property=\"og:image:height\" content=\"801\" \/>\n\t<meta property=\"og:image:type\" content=\"image\/jpeg\" \/>\n<meta name=\"author\" content=\"Drazen\" \/>\n<meta name=\"twitter:card\" content=\"summary_large_image\" \/>\n<meta name=\"twitter:creator\" content=\"@morh_osrh\" \/>\n<meta name=\"twitter:site\" content=\"@morh_osrh\" \/>\n<meta name=\"twitter:label1\" content=\"Written by\" \/>\n\t<meta name=\"twitter:data1\" content=\"Drazen\" \/>\n\t<meta name=\"twitter:label2\" content=\"Est. reading time\" \/>\n\t<meta name=\"twitter:data2\" content=\"2 minutes\" \/>\n<script type=\"application\/ld+json\" class=\"yoast-schema-graph\">{\"@context\":\"https:\/\/schema.org\",\"@graph\":[{\"@type\":\"Article\",\"@id\":\"https:\/\/www.morh.hr\/en\/commemoration-blago-zadro-alfred-hill\/#article\",\"isPartOf\":{\"@id\":\"https:\/\/www.morh.hr\/en\/commemoration-blago-zadro-alfred-hill\/\"},\"author\":{\"name\":\"Drazen\",\"@id\":\"https:\/\/www.morh.hr\/en\/#\/schema\/person\/2d72e03399043d9513ab6bec75f2ce27\"},\"headline\":\"Commemoration of Blago Zadro and Alfred Hill\",\"datePublished\":\"2017-10-19T14:36:20+00:00\",\"dateModified\":\"2017-12-14T15:37:47+00:00\",\"mainEntityOfPage\":{\"@id\":\"https:\/\/www.morh.hr\/en\/commemoration-blago-zadro-alfred-hill\/\"},\"wordCount\":398,\"image\":{\"@id\":\"https:\/\/www.morh.hr\/en\/commemoration-blago-zadro-alfred-hill\/#primaryimage\"},\"thumbnailUrl\":\"https:\/\/www.morh.hr\/wp-content\/uploads\/2017\/12\/zadro_16102017_v.jpg\",\"articleSection\":[\"Press releases\"],\"inLanguage\":\"en-US\"},{\"@type\":\"WebPage\",\"@id\":\"https:\/\/www.morh.hr\/en\/commemoration-blago-zadro-alfred-hill\/\",\"url\":\"https:\/\/www.morh.hr\/en\/commemoration-blago-zadro-alfred-hill\/\",\"name\":\"Commemoration of Blago Zadro and Alfred Hill - MORH\",\"isPartOf\":{\"@id\":\"https:\/\/www.morh.hr\/en\/#website\"},\"primaryImageOfPage\":{\"@id\":\"https:\/\/www.morh.hr\/en\/commemoration-blago-zadro-alfred-hill\/#primaryimage\"},\"image\":{\"@id\":\"https:\/\/www.morh.hr\/en\/commemoration-blago-zadro-alfred-hill\/#primaryimage\"},\"thumbnailUrl\":\"https:\/\/www.morh.hr\/wp-content\/uploads\/2017\/12\/zadro_16102017_v.jpg\",\"datePublished\":\"2017-10-19T14:36:20+00:00\",\"dateModified\":\"2017-12-14T15:37:47+00:00\",\"author\":{\"@id\":\"https:\/\/www.morh.hr\/en\/#\/schema\/person\/2d72e03399043d9513ab6bec75f2ce27\"},\"description\":\"The 26th anniversary of the tragic death of Major General Blago Zadro and of Major Alfred Hill was marked in Vukovar on 16 October 2017. The commemoration\",\"breadcrumb\":{\"@id\":\"https:\/\/www.morh.hr\/en\/commemoration-blago-zadro-alfred-hill\/#breadcrumb\"},\"inLanguage\":\"en-US\",\"potentialAction\":[{\"@type\":\"ReadAction\",\"target\":[\"https:\/\/www.morh.hr\/en\/commemoration-blago-zadro-alfred-hill\/\"]}]},{\"@type\":\"ImageObject\",\"inLanguage\":\"en-US\",\"@id\":\"https:\/\/www.morh.hr\/en\/commemoration-blago-zadro-alfred-hill\/#primaryimage\",\"url\":\"https:\/\/www.morh.hr\/wp-content\/uploads\/2017\/12\/zadro_16102017_v.jpg\",\"contentUrl\":\"https:\/\/www.morh.hr\/wp-content\/uploads\/2017\/12\/zadro_16102017_v.jpg\",\"width\":1200,\"height\":801,\"caption\":\"Foto: Grad Vukovar\"},{\"@type\":\"BreadcrumbList\",\"@id\":\"https:\/\/www.morh.hr\/en\/commemoration-blago-zadro-alfred-hill\/#breadcrumb\",\"itemListElement\":[{\"@type\":\"ListItem\",\"position\":1,\"name\":\"Naslovnica\",\"item\":\"https:\/\/www.morh.hr\/en\/\"},{\"@type\":\"ListItem\",\"position\":2,\"name\":\"News\",\"item\":\"https:\/\/www.morh.hr\/en\/kategorija\/news\/\"},{\"@type\":\"ListItem\",\"position\":3,\"name\":\"Press releases\",\"item\":\"https:\/\/www.morh.hr\/en\/kategorija\/news\/press-releases\/\"},{\"@type\":\"ListItem\",\"position\":4,\"name\":\"Commemoration of Blago Zadro and Alfred Hill\"}]},{\"@type\":\"WebSite\",\"@id\":\"https:\/\/www.morh.hr\/en\/#website\",\"url\":\"https:\/\/www.morh.hr\/en\/\",\"name\":\"MORH\",\"description\":\"Ministarstvo obrane Republike Hrvatske - slu\u017ebene stranice\",\"potentialAction\":[{\"@type\":\"SearchAction\",\"target\":{\"@type\":\"EntryPoint\",\"urlTemplate\":\"https:\/\/www.morh.hr\/en\/?s={search_term_string}\"},\"query-input\":{\"@type\":\"PropertyValueSpecification\",\"valueRequired\":true,\"valueName\":\"search_term_string\"}}],\"inLanguage\":\"en-US\"},{\"@type\":\"Person\",\"@id\":\"https:\/\/www.morh.hr\/en\/#\/schema\/person\/2d72e03399043d9513ab6bec75f2ce27\",\"name\":\"Drazen\",\"image\":{\"@type\":\"ImageObject\",\"inLanguage\":\"en-US\",\"@id\":\"https:\/\/www.morh.hr\/en\/#\/schema\/person\/image\/\",\"url\":\"https:\/\/secure.gravatar.com\/avatar\/e36ef7e573425ae72988c73df868c1e87a656b0e005ca4fd7d30d2ba7e49c9cf?s=96&d=mm&r=g\",\"contentUrl\":\"https:\/\/secure.gravatar.com\/avatar\/e36ef7e573425ae72988c73df868c1e87a656b0e005ca4fd7d30d2ba7e49c9cf?s=96&d=mm&r=g\",\"caption\":\"Drazen\"}}]}<\/script>\n<!-- \/ Yoast SEO plugin. -->","yoast_head_json":{"title":"Commemoration of Blago Zadro and Alfred Hill - MORH","description":"The 26th anniversary of the tragic death of Major General Blago Zadro and of Major Alfred Hill was marked in Vukovar on 16 October 2017. The commemoration","robots":{"index":"index","follow":"follow","max-snippet":"max-snippet:-1","max-image-preview":"max-image-preview:large","max-video-preview":"max-video-preview:-1"},"canonical":"https:\/\/www.morh.hr\/en\/commemoration-blago-zadro-alfred-hill\/","og_locale":"en_US","og_type":"article","og_title":"Commemoration of Blago Zadro and Alfred Hill - MORH","og_description":"The 26th anniversary of the tragic death of Major General Blago Zadro and of Major Alfred Hill was marked in Vukovar on 16 October 2017. The commemoration","og_url":"https:\/\/www.morh.hr\/en\/commemoration-blago-zadro-alfred-hill\/","og_site_name":"MORH","article_publisher":"https:\/\/www.facebook.com\/sportasiuhrvatskojvojsci\/","article_published_time":"2017-10-19T14:36:20+00:00","article_modified_time":"2017-12-14T15:37:47+00:00","og_image":[{"width":1200,"height":801,"url":"https:\/\/www.morh.hr\/wp-content\/uploads\/2017\/12\/zadro_16102017_v.jpg","type":"image\/jpeg"}],"author":"Drazen","twitter_card":"summary_large_image","twitter_creator":"@morh_osrh","twitter_site":"@morh_osrh","twitter_misc":{"Written by":"Drazen","Est. reading time":"2 minutes"},"schema":{"@context":"https:\/\/schema.org","@graph":[{"@type":"Article","@id":"https:\/\/www.morh.hr\/en\/commemoration-blago-zadro-alfred-hill\/#article","isPartOf":{"@id":"https:\/\/www.morh.hr\/en\/commemoration-blago-zadro-alfred-hill\/"},"author":{"name":"Drazen","@id":"https:\/\/www.morh.hr\/en\/#\/schema\/person\/2d72e03399043d9513ab6bec75f2ce27"},"headline":"Commemoration of Blago Zadro and Alfred Hill","datePublished":"2017-10-19T14:36:20+00:00","dateModified":"2017-12-14T15:37:47+00:00","mainEntityOfPage":{"@id":"https:\/\/www.morh.hr\/en\/commemoration-blago-zadro-alfred-hill\/"},"wordCount":398,"image":{"@id":"https:\/\/www.morh.hr\/en\/commemoration-blago-zadro-alfred-hill\/#primaryimage"},"thumbnailUrl":"https:\/\/www.morh.hr\/wp-content\/uploads\/2017\/12\/zadro_16102017_v.jpg","articleSection":["Press releases"],"inLanguage":"en-US"},{"@type":"WebPage","@id":"https:\/\/www.morh.hr\/en\/commemoration-blago-zadro-alfred-hill\/","url":"https:\/\/www.morh.hr\/en\/commemoration-blago-zadro-alfred-hill\/","name":"Commemoration of Blago Zadro and Alfred Hill - MORH","isPartOf":{"@id":"https:\/\/www.morh.hr\/en\/#website"},"primaryImageOfPage":{"@id":"https:\/\/www.morh.hr\/en\/commemoration-blago-zadro-alfred-hill\/#primaryimage"},"image":{"@id":"https:\/\/www.morh.hr\/en\/commemoration-blago-zadro-alfred-hill\/#primaryimage"},"thumbnailUrl":"https:\/\/www.morh.hr\/wp-content\/uploads\/2017\/12\/zadro_16102017_v.jpg","datePublished":"2017-10-19T14:36:20+00:00","dateModified":"2017-12-14T15:37:47+00:00","author":{"@id":"https:\/\/www.morh.hr\/en\/#\/schema\/person\/2d72e03399043d9513ab6bec75f2ce27"},"description":"The 26th anniversary of the tragic death of Major General Blago Zadro and of Major Alfred Hill was marked in Vukovar on 16 October 2017. The commemoration","breadcrumb":{"@id":"https:\/\/www.morh.hr\/en\/commemoration-blago-zadro-alfred-hill\/#breadcrumb"},"inLanguage":"en-US","potentialAction":[{"@type":"ReadAction","target":["https:\/\/www.morh.hr\/en\/commemoration-blago-zadro-alfred-hill\/"]}]},{"@type":"ImageObject","inLanguage":"en-US","@id":"https:\/\/www.morh.hr\/en\/commemoration-blago-zadro-alfred-hill\/#primaryimage","url":"https:\/\/www.morh.hr\/wp-content\/uploads\/2017\/12\/zadro_16102017_v.jpg","contentUrl":"https:\/\/www.morh.hr\/wp-content\/uploads\/2017\/12\/zadro_16102017_v.jpg","width":1200,"height":801,"caption":"Foto: Grad Vukovar"},{"@type":"BreadcrumbList","@id":"https:\/\/www.morh.hr\/en\/commemoration-blago-zadro-alfred-hill\/#breadcrumb","itemListElement":[{"@type":"ListItem","position":1,"name":"Naslovnica","item":"https:\/\/www.morh.hr\/en\/"},{"@type":"ListItem","position":2,"name":"News","item":"https:\/\/www.morh.hr\/en\/kategorija\/news\/"},{"@type":"ListItem","position":3,"name":"Press releases","item":"https:\/\/www.morh.hr\/en\/kategorija\/news\/press-releases\/"},{"@type":"ListItem","position":4,"name":"Commemoration of Blago Zadro and Alfred Hill"}]},{"@type":"WebSite","@id":"https:\/\/www.morh.hr\/en\/#website","url":"https:\/\/www.morh.hr\/en\/","name":"MORH","description":"Ministarstvo obrane Republike Hrvatske - slu\u017ebene stranice","potentialAction":[{"@type":"SearchAction","target":{"@type":"EntryPoint","urlTemplate":"https:\/\/www.morh.hr\/en\/?s={search_term_string}"},"query-input":{"@type":"PropertyValueSpecification","valueRequired":true,"valueName":"search_term_string"}}],"inLanguage":"en-US"},{"@type":"Person","@id":"https:\/\/www.morh.hr\/en\/#\/schema\/person\/2d72e03399043d9513ab6bec75f2ce27","name":"Drazen","image":{"@type":"ImageObject","inLanguage":"en-US","@id":"https:\/\/www.morh.hr\/en\/#\/schema\/person\/image\/","url":"https:\/\/secure.gravatar.com\/avatar\/e36ef7e573425ae72988c73df868c1e87a656b0e005ca4fd7d30d2ba7e49c9cf?s=96&d=mm&r=g","contentUrl":"https:\/\/secure.gravatar.com\/avatar\/e36ef7e573425ae72988c73df868c1e87a656b0e005ca4fd7d30d2ba7e49c9cf?s=96&d=mm&r=g","caption":"Drazen"}}]}},"_links":{"self":[{"href":"https:\/\/www.morh.hr\/en\/wp-json\/wp\/v2\/posts\/57637","targetHints":{"allow":["GET"]}}],"collection":[{"href":"https:\/\/www.morh.hr\/en\/wp-json\/wp\/v2\/posts"}],"about":[{"href":"https:\/\/www.morh.hr\/en\/wp-json\/wp\/v2\/types\/post"}],"author":[{"embeddable":true,"href":"https:\/\/www.morh.hr\/en\/wp-json\/wp\/v2\/users\/3"}],"replies":[{"embeddable":true,"href":"https:\/\/www.morh.hr\/en\/wp-json\/wp\/v2\/comments?post=57637"}],"version-history":[{"count":0,"href":"https:\/\/www.morh.hr\/en\/wp-json\/wp\/v2\/posts\/57637\/revisions"}],"wp:featuredmedia":[{"embeddable":true,"href":"https:\/\/www.morh.hr\/en\/wp-json\/wp\/v2\/media\/57638"}],"wp:attachment":[{"href":"https:\/\/www.morh.hr\/en\/wp-json\/wp\/v2\/media?parent=57637"}],"wp:term":[{"taxonomy":"category","embeddable":true,"href":"https:\/\/www.morh.hr\/en\/wp-json\/wp\/v2\/categories?post=57637"},{"taxonomy":"post_tag","embeddable":true,"href":"https:\/\/www.morh.hr\/en\/wp-json\/wp\/v2\/tags?post=57637"}],"curies":[{"name":"wp","href":"https:\/\/api.w.org\/{rel}","templated":true}]}}