{"id":57651,"date":"2017-10-30T16:44:03","date_gmt":"2017-10-30T15:44:03","guid":{"rendered":"https:\/\/www.morh.hr\/?p=57651"},"modified":"2017-12-14T16:45:56","modified_gmt":"2017-12-14T15:45:56","slug":"commemoration-25-anniversary-liberation-dubrovnik-region","status":"publish","type":"post","link":"https:\/\/www.morh.hr\/en\/commemoration-25-anniversary-liberation-dubrovnik-region\/","title":{"rendered":"Commemoration of 25 anniversary of liberation of Dubrovnik region"},"content":{"rendered":"<p>The formal ceremony marking the military and police operations liberating Dubrovnik and the southernmost part of Croatia was held on its jubilary 25th anniversary (29 October 2017), in the presence of top state officials and civilian visitors.<\/p>\n<p>The victorious operations concluded the six-month period of combat and a one-year occupation of the southernmost Croatia, restoring it under the constitutional order of the Republic of Croatia and enabling over 20,000 exiled persons to return to their homes. The Croatian Army and police forces liberated 1,210 km2 of land and 1,080 km2 of maritime surface, reached the internationally recognised borders and established a firm 105-km defensive cordon, comprising over 120 dominant fortified heights, safe against the enemy attacks for the rest of the Homeland War.<\/p>\n<p>The ceremony marking the important anniversary was attended by the President of the Republic of Croatia as Supreme Commander of the Croatian Armed Forces, Kolinda Grabar-Kitarovi\u0107, the Deputy Prime Minister (as Envoy of the Prime Minister) and Defence Minister Damir Krsti\u010devi\u0107, the Envoy of the Speaker of the Croatian Parliament and a Parliament member Branko Ba\u010di\u0107, the Minister of the Homeland War Veterans Tomo Medved, the Minister of the Interior Davor Bo\u017einovi\u0107, the Chief of the General Staff of the Croatian Armed Forces, General Mirko \u0160undov, the official representatives of the Town of Dubrovnik and the Dubrovnik- Neretva County, the participants of the liberating operations and others.<br \/>\nThe respects to the fallen members was paid by laying wreaths and lighting the candles at the central cross in the Boninovo Cemetery, and a wreath laid from a missile boat into the sea in front of the Fort Lovrjenac. The Chairman of the Croatian Bishops&#8217; Conference (and the wartime Bishop of Dubrovnik) Mons \u017delimir Pulji\u0107, the Military Ordinary Mons Jure Bogdan and the present Bishop of Dubrovnik, Mons Mato Uzini\u0107 recited a solemn mass in the Dubrovnik Cathedral.<br \/>\nTwelve columns of the Croatian Armed Forces, among whom a column of the liberating units&#8217; flags (a total of 400 members) marched from the Dubrovnik Cathedral to the port Gru\u017e, where the formal line up took place.<\/p>\n<p>The overflight by two MiGs in honour to the fallen Croatian defenders introduced the central commemorating eventheld in the Gru\u017e Port. The short historical account reminded the visitors of the crucial years and the historic line-up in the presence of the first Croatian President Franjo Tu\u0111man, the wartime Defence Minister Gojko \u0160u\u0161ak and the Commander of the South Battlefield, General Janko Bobetko.<\/p>\n<p>The President of the Republic asked the visitors to pay respects to all known and unknown heroes of the liberating operations, headed by the first Croatian President Franjo Tu\u0111man.<br \/>\n&#8220;The Croatian leadership pinned their faith and hope into the Croatian soldiers, in pursuit of the highest moral goals although under-equipped, and they justified the trust. The Croatian soldiers displayed their abilities, determination and unity in the defence of the homeland. It was togetherness that saved us during the Homeland War, the unity of all parts of Croatia has to remain our perennial imperative; and the days of pride and glory must be guarded as the foundation of our freedom\u201c, stated the President.<br \/>\nThe Deputy Prime Minister and Defence Minister Damir Krsti\u010devi\u0107 forwarded the Prime Minister&#8217;s congratulations to the victorious Croatian forces on the 25 th Anniversary of the liberation of the southernmost part of Croatia. &#8220;The key to our victory were the Croatian defenders, under the resolute leadership of the first Croatian President Franjo Tu\u0111man and the Commander of the South Dalmatian Battlefield, General Janko Bobetko. You won the victory and freedom, and deserved our gratitude; you enabled the magnificient victory, combating on this unhospitable karsty terrain, and building and asserting the victorious character of the Croatian Army and police\u201c , stated the Minister, and asked Major General (Ret.) Nojko Marinkovi\u0107, the Deputy Commander of the South Dalmatian Battlefield, who commanded the defence of Dubrovnik, to address the audience too.<br \/>\nMajor General Marinovi\u0107 recalled the importance of the liberating operations and units, and concluded that \u201cA state built and led by heart and wisdom had a promise of a bright future\u201c.<\/p>\n<p>The Envoy of the Speaker of the Parliament, Branko Ba\u010di\u010d (MP) extended the congratulations on his behald and the gratitude to all participants of the liberating operations for the evinced readiness to sacrifice for the benefit of the people, the homeland and freedom.<br \/>\nThe Chief of the General Staff of the Croatian Armed Forces, General Mirko \u0160undov stated that the liberation day was observed to commemorate \u201cthe courage and the valour, the determination and togetherness under the leadership of the first President of Croatia, Franjo Tu\u0111man. The liberation of Dubrovnik proved that nothing beats the hearts of the defenders defending their homes and the homeland \u201c, said General \u0160undov.<br \/>\nThe wartime events in Dubrovnik and its hinterland in autumn 1991 were recounted by the Mayor of Dubrovnik Mato Frankovi\u0107 and the Prefect of the Dubrovnik-Neretva County Nikola Dobroslavi\u0107, who stressed that Dubrovnik defied and survived the attacks by the aggressor: both officials expressed gratitude tp the defenders, members of the guards brigades and all other participants of the defence of the town.<br \/>\nThe General Police Director Nikola Milin recalled the role of the police in the operations and stated that \u201cthe immense patriotism constitutes a lasting legacy to build our society and future upon\u201c.<\/p>\n<p>The formal commemorative programme conducted in the Gru\u017e Port was opened with an eye-catching flying sequence of the \u201cWings of Storm\u201c Aerobatic Team.<br \/>\nThe Orchestra of the Croatian Armed Forces and the Croatian Navy&#8217;s Vocal Ensemble held a concert in front of the Church of St. Blaise on the eve of the ceremony, while a static display was staged on the occasion in Gru\u017e, showcasing the weapons and equipment used by all services of the Croatian Armed Forces, the Ministry of the Interior and the Croatian Firefighter Association.<\/p>\n<p>The Croatian Army displayed the VHS-D2 and VHS-K2 assault rifles, the armoured personnel carriers &#8211; Patria, MRAP MaxxPro, MRAP M-ATV, the M-84 Tank, the self-propelled multiple rocket launcher M-92 &#8220;VULKAN&#8221;, the thEODor demining machines, missile anti-armour systems, the SKYLARK UAV and the 120 mm\/82 mm mortars.<br \/>\nThe Croatian Navy exposed the RBS-15B anti-ship missile, a rocket battery (MOL) and the REMUS autonomous underwater vehicle. It also admitted the visitors to tour the missile boats &#8220;Vukovar&#8221; and &#8220;Dubrovnik&#8221; missile boats , the landing craft-minelayer &#8220;Cetina&#8221;, the LM-51 &#8220;Kor\u010dula&#8221; minehunter, the SB-73 &#8220;Faust Vran\u010di\u0107&#8221; salvage ship and the &#8220;Novigrad&#8221; patrol ship.<br \/>\nThe Croatian Air Force and Air Defence exposed the OH-58D Kiowa Warrior helicopters.<br \/>\nIn addition to these, the visiting citizens could see the uniforms worn by the members of the Croatian Armed Forces in-country and abroad, as well as the equipment used by the special and intervention police forces and the firefighter vehicles.<\/p>\n","protected":false},"excerpt":{"rendered":"<p>The formal ceremony marking the military and police operations liberating Dubrovnik and the southernmost part of Croatia was held on its jubilary 25th anniversary (29 October 2017), in the presence of top state officials and civilian visitors. The victorious operations concluded the six-month period of combat and a one-year occupation of the southernmost Croatia, restoring [&hellip;]<\/p>\n","protected":false},"author":3,"featured_media":57652,"comment_status":"closed","ping_status":"closed","sticky":false,"template":"","format":"standard","meta":{"_acf_changed":false,"_monsterinsights_skip_tracking":false,"_monsterinsights_sitenote_active":false,"_monsterinsights_sitenote_note":"","_monsterinsights_sitenote_category":0,"footnotes":""},"categories":[117],"tags":[],"class_list":["post-57651","post","type-post","status-publish","format-standard","has-post-thumbnail","hentry","category-press-releases"],"acf":[],"yoast_head":"<!-- This site is optimized with the Yoast SEO plugin v26.9 - https:\/\/yoast.com\/product\/yoast-seo-wordpress\/ -->\n<title>Commemoration of 25 anniversary of liberation of Dubrovnik region - MORH<\/title>\n<meta name=\"description\" content=\"The formal ceremony marking the military and police operations liberating Dubrovnik and the southernmost part of Croatia was held on its jubilary 25th\" \/>\n<meta name=\"robots\" content=\"index, follow, max-snippet:-1, max-image-preview:large, max-video-preview:-1\" \/>\n<link rel=\"canonical\" href=\"https:\/\/www.morh.hr\/en\/commemoration-25-anniversary-liberation-dubrovnik-region\/\" \/>\n<meta property=\"og:locale\" content=\"en_US\" \/>\n<meta property=\"og:type\" content=\"article\" \/>\n<meta property=\"og:title\" content=\"Commemoration of 25 anniversary of liberation of Dubrovnik region - MORH\" \/>\n<meta property=\"og:description\" content=\"The formal ceremony marking the military and police operations liberating Dubrovnik and the southernmost part of Croatia was held on its jubilary 25th\" \/>\n<meta property=\"og:url\" content=\"https:\/\/www.morh.hr\/en\/commemoration-25-anniversary-liberation-dubrovnik-region\/\" \/>\n<meta property=\"og:site_name\" content=\"MORH\" \/>\n<meta property=\"article:publisher\" content=\"https:\/\/www.facebook.com\/sportasiuhrvatskojvojsci\/\" \/>\n<meta property=\"article:published_time\" content=\"2017-10-30T15:44:03+00:00\" \/>\n<meta property=\"article:modified_time\" content=\"2017-12-14T15:45:56+00:00\" \/>\n<meta property=\"og:image\" content=\"https:\/\/www.morh.hr\/wp-content\/uploads\/2017\/12\/dubrovnik_29102017_v.jpg\" \/>\n\t<meta property=\"og:image:width\" content=\"1200\" \/>\n\t<meta property=\"og:image:height\" content=\"800\" \/>\n\t<meta property=\"og:image:type\" content=\"image\/jpeg\" \/>\n<meta name=\"author\" content=\"Drazen\" \/>\n<meta name=\"twitter:card\" content=\"summary_large_image\" \/>\n<meta name=\"twitter:creator\" content=\"@morh_osrh\" \/>\n<meta name=\"twitter:site\" content=\"@morh_osrh\" \/>\n<meta name=\"twitter:label1\" content=\"Written by\" \/>\n\t<meta name=\"twitter:data1\" content=\"Drazen\" \/>\n\t<meta name=\"twitter:label2\" content=\"Est. reading time\" \/>\n\t<meta name=\"twitter:data2\" content=\"6 minutes\" \/>\n<script type=\"application\/ld+json\" class=\"yoast-schema-graph\">{\"@context\":\"https:\/\/schema.org\",\"@graph\":[{\"@type\":\"Article\",\"@id\":\"https:\/\/www.morh.hr\/en\/commemoration-25-anniversary-liberation-dubrovnik-region\/#article\",\"isPartOf\":{\"@id\":\"https:\/\/www.morh.hr\/en\/commemoration-25-anniversary-liberation-dubrovnik-region\/\"},\"author\":{\"name\":\"Drazen\",\"@id\":\"https:\/\/www.morh.hr\/en\/#\/schema\/person\/2d72e03399043d9513ab6bec75f2ce27\"},\"headline\":\"Commemoration of 25 anniversary of liberation of Dubrovnik region\",\"datePublished\":\"2017-10-30T15:44:03+00:00\",\"dateModified\":\"2017-12-14T15:45:56+00:00\",\"mainEntityOfPage\":{\"@id\":\"https:\/\/www.morh.hr\/en\/commemoration-25-anniversary-liberation-dubrovnik-region\/\"},\"wordCount\":1134,\"image\":{\"@id\":\"https:\/\/www.morh.hr\/en\/commemoration-25-anniversary-liberation-dubrovnik-region\/#primaryimage\"},\"thumbnailUrl\":\"https:\/\/www.morh.hr\/wp-content\/uploads\/2017\/12\/dubrovnik_29102017_v.jpg\",\"articleSection\":[\"Press releases\"],\"inLanguage\":\"en-US\"},{\"@type\":\"WebPage\",\"@id\":\"https:\/\/www.morh.hr\/en\/commemoration-25-anniversary-liberation-dubrovnik-region\/\",\"url\":\"https:\/\/www.morh.hr\/en\/commemoration-25-anniversary-liberation-dubrovnik-region\/\",\"name\":\"Commemoration of 25 anniversary of liberation of Dubrovnik region - MORH\",\"isPartOf\":{\"@id\":\"https:\/\/www.morh.hr\/en\/#website\"},\"primaryImageOfPage\":{\"@id\":\"https:\/\/www.morh.hr\/en\/commemoration-25-anniversary-liberation-dubrovnik-region\/#primaryimage\"},\"image\":{\"@id\":\"https:\/\/www.morh.hr\/en\/commemoration-25-anniversary-liberation-dubrovnik-region\/#primaryimage\"},\"thumbnailUrl\":\"https:\/\/www.morh.hr\/wp-content\/uploads\/2017\/12\/dubrovnik_29102017_v.jpg\",\"datePublished\":\"2017-10-30T15:44:03+00:00\",\"dateModified\":\"2017-12-14T15:45:56+00:00\",\"author\":{\"@id\":\"https:\/\/www.morh.hr\/en\/#\/schema\/person\/2d72e03399043d9513ab6bec75f2ce27\"},\"description\":\"The formal ceremony marking the military and police operations liberating Dubrovnik and the southernmost part of Croatia was held on its jubilary 25th\",\"breadcrumb\":{\"@id\":\"https:\/\/www.morh.hr\/en\/commemoration-25-anniversary-liberation-dubrovnik-region\/#breadcrumb\"},\"inLanguage\":\"en-US\",\"potentialAction\":[{\"@type\":\"ReadAction\",\"target\":[\"https:\/\/www.morh.hr\/en\/commemoration-25-anniversary-liberation-dubrovnik-region\/\"]}]},{\"@type\":\"ImageObject\",\"inLanguage\":\"en-US\",\"@id\":\"https:\/\/www.morh.hr\/en\/commemoration-25-anniversary-liberation-dubrovnik-region\/#primaryimage\",\"url\":\"https:\/\/www.morh.hr\/wp-content\/uploads\/2017\/12\/dubrovnik_29102017_v.jpg\",\"contentUrl\":\"https:\/\/www.morh.hr\/wp-content\/uploads\/2017\/12\/dubrovnik_29102017_v.jpg\",\"width\":1200,\"height\":800,\"caption\":\"Foto: MORH\/ T. Brandt\"},{\"@type\":\"BreadcrumbList\",\"@id\":\"https:\/\/www.morh.hr\/en\/commemoration-25-anniversary-liberation-dubrovnik-region\/#breadcrumb\",\"itemListElement\":[{\"@type\":\"ListItem\",\"position\":1,\"name\":\"Naslovnica\",\"item\":\"https:\/\/www.morh.hr\/en\/\"},{\"@type\":\"ListItem\",\"position\":2,\"name\":\"News\",\"item\":\"https:\/\/www.morh.hr\/en\/kategorija\/news\/\"},{\"@type\":\"ListItem\",\"position\":3,\"name\":\"Press releases\",\"item\":\"https:\/\/www.morh.hr\/en\/kategorija\/news\/press-releases\/\"},{\"@type\":\"ListItem\",\"position\":4,\"name\":\"Commemoration of 25 anniversary of liberation of Dubrovnik region\"}]},{\"@type\":\"WebSite\",\"@id\":\"https:\/\/www.morh.hr\/en\/#website\",\"url\":\"https:\/\/www.morh.hr\/en\/\",\"name\":\"MORH\",\"description\":\"Ministarstvo obrane Republike Hrvatske - slu\u017ebene stranice\",\"potentialAction\":[{\"@type\":\"SearchAction\",\"target\":{\"@type\":\"EntryPoint\",\"urlTemplate\":\"https:\/\/www.morh.hr\/en\/?s={search_term_string}\"},\"query-input\":{\"@type\":\"PropertyValueSpecification\",\"valueRequired\":true,\"valueName\":\"search_term_string\"}}],\"inLanguage\":\"en-US\"},{\"@type\":\"Person\",\"@id\":\"https:\/\/www.morh.hr\/en\/#\/schema\/person\/2d72e03399043d9513ab6bec75f2ce27\",\"name\":\"Drazen\",\"image\":{\"@type\":\"ImageObject\",\"inLanguage\":\"en-US\",\"@id\":\"https:\/\/www.morh.hr\/en\/#\/schema\/person\/image\/\",\"url\":\"https:\/\/secure.gravatar.com\/avatar\/e36ef7e573425ae72988c73df868c1e87a656b0e005ca4fd7d30d2ba7e49c9cf?s=96&d=mm&r=g\",\"contentUrl\":\"https:\/\/secure.gravatar.com\/avatar\/e36ef7e573425ae72988c73df868c1e87a656b0e005ca4fd7d30d2ba7e49c9cf?s=96&d=mm&r=g\",\"caption\":\"Drazen\"}}]}<\/script>\n<!-- \/ Yoast SEO plugin. -->","yoast_head_json":{"title":"Commemoration of 25 anniversary of liberation of Dubrovnik region - MORH","description":"The formal ceremony marking the military and police operations liberating Dubrovnik and the southernmost part of Croatia was held on its jubilary 25th","robots":{"index":"index","follow":"follow","max-snippet":"max-snippet:-1","max-image-preview":"max-image-preview:large","max-video-preview":"max-video-preview:-1"},"canonical":"https:\/\/www.morh.hr\/en\/commemoration-25-anniversary-liberation-dubrovnik-region\/","og_locale":"en_US","og_type":"article","og_title":"Commemoration of 25 anniversary of liberation of Dubrovnik region - MORH","og_description":"The formal ceremony marking the military and police operations liberating Dubrovnik and the southernmost part of Croatia was held on its jubilary 25th","og_url":"https:\/\/www.morh.hr\/en\/commemoration-25-anniversary-liberation-dubrovnik-region\/","og_site_name":"MORH","article_publisher":"https:\/\/www.facebook.com\/sportasiuhrvatskojvojsci\/","article_published_time":"2017-10-30T15:44:03+00:00","article_modified_time":"2017-12-14T15:45:56+00:00","og_image":[{"width":1200,"height":800,"url":"https:\/\/www.morh.hr\/wp-content\/uploads\/2017\/12\/dubrovnik_29102017_v.jpg","type":"image\/jpeg"}],"author":"Drazen","twitter_card":"summary_large_image","twitter_creator":"@morh_osrh","twitter_site":"@morh_osrh","twitter_misc":{"Written by":"Drazen","Est. reading time":"6 minutes"},"schema":{"@context":"https:\/\/schema.org","@graph":[{"@type":"Article","@id":"https:\/\/www.morh.hr\/en\/commemoration-25-anniversary-liberation-dubrovnik-region\/#article","isPartOf":{"@id":"https:\/\/www.morh.hr\/en\/commemoration-25-anniversary-liberation-dubrovnik-region\/"},"author":{"name":"Drazen","@id":"https:\/\/www.morh.hr\/en\/#\/schema\/person\/2d72e03399043d9513ab6bec75f2ce27"},"headline":"Commemoration of 25 anniversary of liberation of Dubrovnik region","datePublished":"2017-10-30T15:44:03+00:00","dateModified":"2017-12-14T15:45:56+00:00","mainEntityOfPage":{"@id":"https:\/\/www.morh.hr\/en\/commemoration-25-anniversary-liberation-dubrovnik-region\/"},"wordCount":1134,"image":{"@id":"https:\/\/www.morh.hr\/en\/commemoration-25-anniversary-liberation-dubrovnik-region\/#primaryimage"},"thumbnailUrl":"https:\/\/www.morh.hr\/wp-content\/uploads\/2017\/12\/dubrovnik_29102017_v.jpg","articleSection":["Press releases"],"inLanguage":"en-US"},{"@type":"WebPage","@id":"https:\/\/www.morh.hr\/en\/commemoration-25-anniversary-liberation-dubrovnik-region\/","url":"https:\/\/www.morh.hr\/en\/commemoration-25-anniversary-liberation-dubrovnik-region\/","name":"Commemoration of 25 anniversary of liberation of Dubrovnik region - MORH","isPartOf":{"@id":"https:\/\/www.morh.hr\/en\/#website"},"primaryImageOfPage":{"@id":"https:\/\/www.morh.hr\/en\/commemoration-25-anniversary-liberation-dubrovnik-region\/#primaryimage"},"image":{"@id":"https:\/\/www.morh.hr\/en\/commemoration-25-anniversary-liberation-dubrovnik-region\/#primaryimage"},"thumbnailUrl":"https:\/\/www.morh.hr\/wp-content\/uploads\/2017\/12\/dubrovnik_29102017_v.jpg","datePublished":"2017-10-30T15:44:03+00:00","dateModified":"2017-12-14T15:45:56+00:00","author":{"@id":"https:\/\/www.morh.hr\/en\/#\/schema\/person\/2d72e03399043d9513ab6bec75f2ce27"},"description":"The formal ceremony marking the military and police operations liberating Dubrovnik and the southernmost part of Croatia was held on its jubilary 25th","breadcrumb":{"@id":"https:\/\/www.morh.hr\/en\/commemoration-25-anniversary-liberation-dubrovnik-region\/#breadcrumb"},"inLanguage":"en-US","potentialAction":[{"@type":"ReadAction","target":["https:\/\/www.morh.hr\/en\/commemoration-25-anniversary-liberation-dubrovnik-region\/"]}]},{"@type":"ImageObject","inLanguage":"en-US","@id":"https:\/\/www.morh.hr\/en\/commemoration-25-anniversary-liberation-dubrovnik-region\/#primaryimage","url":"https:\/\/www.morh.hr\/wp-content\/uploads\/2017\/12\/dubrovnik_29102017_v.jpg","contentUrl":"https:\/\/www.morh.hr\/wp-content\/uploads\/2017\/12\/dubrovnik_29102017_v.jpg","width":1200,"height":800,"caption":"Foto: MORH\/ T. Brandt"},{"@type":"BreadcrumbList","@id":"https:\/\/www.morh.hr\/en\/commemoration-25-anniversary-liberation-dubrovnik-region\/#breadcrumb","itemListElement":[{"@type":"ListItem","position":1,"name":"Naslovnica","item":"https:\/\/www.morh.hr\/en\/"},{"@type":"ListItem","position":2,"name":"News","item":"https:\/\/www.morh.hr\/en\/kategorija\/news\/"},{"@type":"ListItem","position":3,"name":"Press releases","item":"https:\/\/www.morh.hr\/en\/kategorija\/news\/press-releases\/"},{"@type":"ListItem","position":4,"name":"Commemoration of 25 anniversary of liberation of Dubrovnik region"}]},{"@type":"WebSite","@id":"https:\/\/www.morh.hr\/en\/#website","url":"https:\/\/www.morh.hr\/en\/","name":"MORH","description":"Ministarstvo obrane Republike Hrvatske - slu\u017ebene stranice","potentialAction":[{"@type":"SearchAction","target":{"@type":"EntryPoint","urlTemplate":"https:\/\/www.morh.hr\/en\/?s={search_term_string}"},"query-input":{"@type":"PropertyValueSpecification","valueRequired":true,"valueName":"search_term_string"}}],"inLanguage":"en-US"},{"@type":"Person","@id":"https:\/\/www.morh.hr\/en\/#\/schema\/person\/2d72e03399043d9513ab6bec75f2ce27","name":"Drazen","image":{"@type":"ImageObject","inLanguage":"en-US","@id":"https:\/\/www.morh.hr\/en\/#\/schema\/person\/image\/","url":"https:\/\/secure.gravatar.com\/avatar\/e36ef7e573425ae72988c73df868c1e87a656b0e005ca4fd7d30d2ba7e49c9cf?s=96&d=mm&r=g","contentUrl":"https:\/\/secure.gravatar.com\/avatar\/e36ef7e573425ae72988c73df868c1e87a656b0e005ca4fd7d30d2ba7e49c9cf?s=96&d=mm&r=g","caption":"Drazen"}}]}},"_links":{"self":[{"href":"https:\/\/www.morh.hr\/en\/wp-json\/wp\/v2\/posts\/57651","targetHints":{"allow":["GET"]}}],"collection":[{"href":"https:\/\/www.morh.hr\/en\/wp-json\/wp\/v2\/posts"}],"about":[{"href":"https:\/\/www.morh.hr\/en\/wp-json\/wp\/v2\/types\/post"}],"author":[{"embeddable":true,"href":"https:\/\/www.morh.hr\/en\/wp-json\/wp\/v2\/users\/3"}],"replies":[{"embeddable":true,"href":"https:\/\/www.morh.hr\/en\/wp-json\/wp\/v2\/comments?post=57651"}],"version-history":[{"count":0,"href":"https:\/\/www.morh.hr\/en\/wp-json\/wp\/v2\/posts\/57651\/revisions"}],"wp:featuredmedia":[{"embeddable":true,"href":"https:\/\/www.morh.hr\/en\/wp-json\/wp\/v2\/media\/57652"}],"wp:attachment":[{"href":"https:\/\/www.morh.hr\/en\/wp-json\/wp\/v2\/media?parent=57651"}],"wp:term":[{"taxonomy":"category","embeddable":true,"href":"https:\/\/www.morh.hr\/en\/wp-json\/wp\/v2\/categories?post=57651"},{"taxonomy":"post_tag","embeddable":true,"href":"https:\/\/www.morh.hr\/en\/wp-json\/wp\/v2\/tags?post=57651"}],"curies":[{"name":"wp","href":"https:\/\/api.w.org\/{rel}","templated":true}]}}