{"id":9127,"date":"2014-11-19T14:28:40","date_gmt":"2014-11-19T13:28:40","guid":{"rendered":"https:\/\/www.morh.hr\/skabrnja-marks-the-23rd-anniversary-of-the-tragic-massacre111\/"},"modified":"2017-10-08T18:36:02","modified_gmt":"2017-10-08T16:36:02","slug":"skabrnja-marks-the-23rd-anniversary-of-the-tragic-massacre111","status":"publish","type":"post","link":"https:\/\/www.morh.hr\/en\/skabrnja-marks-the-23rd-anniversary-of-the-tragic-massacre111\/","title":{"rendered":"\u0160kabrnja marks the 23rd anniversary of the tragic massacre"},"content":{"rendered":"\n<p>The visitors and delegations from throughout Croatia, among whom the Envoy of the President of the Republic and the Supreme Commander of the Croatian Armed Forces, Vice admiral Ante Urli\u0107, the Deputy Speaker of the Croatian Parliament and the Minister of Public Administration, Arsen Bauk; the Inspector General, Lieutenant General Mirko \u0160undov, and the Navy Commander, Rear admiral Robert Hranj, accompanied by Brigadier General Mladen Fuzul and Brigadier General Boris \u0160eri\u0107 on behalf of the Ministry of Defence and the Armed Forces,\u00a0 paid the respects to the victims of \u0160kabrnja.\u00a0 <br \/>The visitors marched to the Mass Grave Memorial Site, where the Association of Croatian Civilian Victims of the Homeland War laid the wreath on behalf of all delegations. <br \/>The Archbishop of Zadar, Mons. \u017delimir Pulji\u0107, served the mass for the victims of the Homeland War in the Church of Assumption in \u0160kabrnja, followed by the main commemoration ceremony held in the Dr. Franjo Tu\u0111man Square. <br \/>The visitors then proceeded to the Memorial Site in the local cemetery (Saint Luke&#8217;s cemetery), where the prayer of absolution was recited, followed by wreath laying and candle burning by the delegations at the central cross at the Memorial Site.<\/p>\n[nggallery id=1649]\n","protected":false},"excerpt":{"rendered":"<p>On 18 November \u0160kabrnja marks the anniversary of the tragic massacre of 48 civilians and 15 Croatian defenders by the Serbian paramilitary and the JNA in 1991, which was one of the most horrifying events of the Homeland War.<\/p>\n","protected":false},"author":4698,"featured_media":36526,"comment_status":"closed","ping_status":"closed","sticky":false,"template":"","format":"standard","meta":{"_acf_changed":false,"_monsterinsights_skip_tracking":false,"_monsterinsights_sitenote_active":false,"_monsterinsights_sitenote_note":"","_monsterinsights_sitenote_category":0,"footnotes":""},"categories":[117],"tags":[],"class_list":["post-9127","post","type-post","status-publish","format-standard","has-post-thumbnail","hentry","category-press-releases"],"acf":[],"yoast_head":"<!-- This site is optimized with the Yoast SEO plugin v26.9 - https:\/\/yoast.com\/product\/yoast-seo-wordpress\/ -->\n<title>\u0160kabrnja marks the 23rd anniversary of the tragic massacre - MORH<\/title>\n<meta name=\"description\" content=\"On 18 November \u0160kabrnja marks the anniversary of the tragic massacre of 48 civilians and 15 Croatian defenders by the Serbian paramilitary and the JNA in 1991, which was one of the most horrifying events of the Homeland War.\" \/>\n<meta name=\"robots\" content=\"index, follow, max-snippet:-1, max-image-preview:large, max-video-preview:-1\" \/>\n<link rel=\"canonical\" href=\"https:\/\/www.morh.hr\/en\/skabrnja-marks-the-23rd-anniversary-of-the-tragic-massacre111\/\" \/>\n<meta property=\"og:locale\" content=\"en_US\" \/>\n<meta property=\"og:type\" content=\"article\" \/>\n<meta property=\"og:title\" content=\"\u0160kabrnja marks the 23rd anniversary of the tragic massacre - MORH\" \/>\n<meta property=\"og:description\" content=\"On 18 November \u0160kabrnja marks the anniversary of the tragic massacre of 48 civilians and 15 Croatian defenders by the Serbian paramilitary and the JNA in 1991, which was one of the most horrifying events of the Homeland War.\" \/>\n<meta property=\"og:url\" content=\"https:\/\/www.morh.hr\/en\/skabrnja-marks-the-23rd-anniversary-of-the-tragic-massacre111\/\" \/>\n<meta property=\"og:site_name\" content=\"MORH\" \/>\n<meta property=\"article:publisher\" content=\"https:\/\/www.facebook.com\/sportasiuhrvatskojvojsci\/\" \/>\n<meta property=\"article:published_time\" content=\"2014-11-19T13:28:40+00:00\" \/>\n<meta property=\"article:modified_time\" content=\"2017-10-08T16:36:02+00:00\" \/>\n<meta property=\"og:image\" content=\"https:\/\/www.morh.hr\/wp-content\/uploads\/2017\/10\/skabrnja_18112014_v-1.jpg\" \/>\n\t<meta property=\"og:image:width\" content=\"1200\" \/>\n\t<meta property=\"og:image:height\" content=\"798\" \/>\n\t<meta property=\"og:image:type\" content=\"image\/jpeg\" \/>\n<meta name=\"author\" content=\"Dra\u017een Palai\u0107\" \/>\n<meta name=\"twitter:card\" content=\"summary_large_image\" \/>\n<meta name=\"twitter:creator\" content=\"@morh_osrh\" \/>\n<meta name=\"twitter:site\" content=\"@morh_osrh\" \/>\n<meta name=\"twitter:label1\" content=\"Written by\" \/>\n\t<meta name=\"twitter:data1\" content=\"Dra\u017een Palai\u0107\" \/>\n\t<meta name=\"twitter:label2\" content=\"Est. reading time\" \/>\n\t<meta name=\"twitter:data2\" content=\"1 minute\" \/>\n<script type=\"application\/ld+json\" class=\"yoast-schema-graph\">{\"@context\":\"https:\/\/schema.org\",\"@graph\":[{\"@type\":\"Article\",\"@id\":\"https:\/\/www.morh.hr\/en\/skabrnja-marks-the-23rd-anniversary-of-the-tragic-massacre111\/#article\",\"isPartOf\":{\"@id\":\"https:\/\/www.morh.hr\/en\/skabrnja-marks-the-23rd-anniversary-of-the-tragic-massacre111\/\"},\"author\":{\"name\":\"Dra\u017een Palai\u0107\",\"@id\":\"https:\/\/www.morh.hr\/en\/#\/schema\/person\/d869c501da72e4d0dd0a19619e43365b\"},\"headline\":\"\u0160kabrnja marks the 23rd anniversary of the tragic massacre\",\"datePublished\":\"2014-11-19T13:28:40+00:00\",\"dateModified\":\"2017-10-08T16:36:02+00:00\",\"mainEntityOfPage\":{\"@id\":\"https:\/\/www.morh.hr\/en\/skabrnja-marks-the-23rd-anniversary-of-the-tragic-massacre111\/\"},\"wordCount\":208,\"image\":{\"@id\":\"https:\/\/www.morh.hr\/en\/skabrnja-marks-the-23rd-anniversary-of-the-tragic-massacre111\/#primaryimage\"},\"thumbnailUrl\":\"https:\/\/www.morh.hr\/wp-content\/uploads\/2017\/10\/skabrnja_18112014_v-1.jpg\",\"articleSection\":[\"Press releases\"],\"inLanguage\":\"en-US\"},{\"@type\":\"WebPage\",\"@id\":\"https:\/\/www.morh.hr\/en\/skabrnja-marks-the-23rd-anniversary-of-the-tragic-massacre111\/\",\"url\":\"https:\/\/www.morh.hr\/en\/skabrnja-marks-the-23rd-anniversary-of-the-tragic-massacre111\/\",\"name\":\"\u0160kabrnja marks the 23rd anniversary of the tragic massacre - MORH\",\"isPartOf\":{\"@id\":\"https:\/\/www.morh.hr\/en\/#website\"},\"primaryImageOfPage\":{\"@id\":\"https:\/\/www.morh.hr\/en\/skabrnja-marks-the-23rd-anniversary-of-the-tragic-massacre111\/#primaryimage\"},\"image\":{\"@id\":\"https:\/\/www.morh.hr\/en\/skabrnja-marks-the-23rd-anniversary-of-the-tragic-massacre111\/#primaryimage\"},\"thumbnailUrl\":\"https:\/\/www.morh.hr\/wp-content\/uploads\/2017\/10\/skabrnja_18112014_v-1.jpg\",\"datePublished\":\"2014-11-19T13:28:40+00:00\",\"dateModified\":\"2017-10-08T16:36:02+00:00\",\"author\":{\"@id\":\"https:\/\/www.morh.hr\/en\/#\/schema\/person\/d869c501da72e4d0dd0a19619e43365b\"},\"description\":\"On 18 November \u0160kabrnja marks the anniversary of the tragic massacre of 48 civilians and 15 Croatian defenders by the Serbian paramilitary and the JNA in 1991, which was one of the most horrifying events of the Homeland War.\",\"breadcrumb\":{\"@id\":\"https:\/\/www.morh.hr\/en\/skabrnja-marks-the-23rd-anniversary-of-the-tragic-massacre111\/#breadcrumb\"},\"inLanguage\":\"en-US\",\"potentialAction\":[{\"@type\":\"ReadAction\",\"target\":[\"https:\/\/www.morh.hr\/en\/skabrnja-marks-the-23rd-anniversary-of-the-tragic-massacre111\/\"]}]},{\"@type\":\"ImageObject\",\"inLanguage\":\"en-US\",\"@id\":\"https:\/\/www.morh.hr\/en\/skabrnja-marks-the-23rd-anniversary-of-the-tragic-massacre111\/#primaryimage\",\"url\":\"https:\/\/www.morh.hr\/wp-content\/uploads\/2017\/10\/skabrnja_18112014_v-1.jpg\",\"contentUrl\":\"https:\/\/www.morh.hr\/wp-content\/uploads\/2017\/10\/skabrnja_18112014_v-1.jpg\",\"width\":1200,\"height\":798,\"caption\":\"Foto: MORH\/ T. Brandt\"},{\"@type\":\"BreadcrumbList\",\"@id\":\"https:\/\/www.morh.hr\/en\/skabrnja-marks-the-23rd-anniversary-of-the-tragic-massacre111\/#breadcrumb\",\"itemListElement\":[{\"@type\":\"ListItem\",\"position\":1,\"name\":\"Naslovnica\",\"item\":\"https:\/\/www.morh.hr\/en\/\"},{\"@type\":\"ListItem\",\"position\":2,\"name\":\"News\",\"item\":\"https:\/\/www.morh.hr\/en\/kategorija\/news\/\"},{\"@type\":\"ListItem\",\"position\":3,\"name\":\"Press releases\",\"item\":\"https:\/\/www.morh.hr\/en\/kategorija\/news\/press-releases\/\"},{\"@type\":\"ListItem\",\"position\":4,\"name\":\"\u0160kabrnja marks the 23rd anniversary of the tragic massacre\"}]},{\"@type\":\"WebSite\",\"@id\":\"https:\/\/www.morh.hr\/en\/#website\",\"url\":\"https:\/\/www.morh.hr\/en\/\",\"name\":\"MORH\",\"description\":\"Ministarstvo obrane Republike Hrvatske - slu\u017ebene stranice\",\"potentialAction\":[{\"@type\":\"SearchAction\",\"target\":{\"@type\":\"EntryPoint\",\"urlTemplate\":\"https:\/\/www.morh.hr\/en\/?s={search_term_string}\"},\"query-input\":{\"@type\":\"PropertyValueSpecification\",\"valueRequired\":true,\"valueName\":\"search_term_string\"}}],\"inLanguage\":\"en-US\"},{\"@type\":\"Person\",\"@id\":\"https:\/\/www.morh.hr\/en\/#\/schema\/person\/d869c501da72e4d0dd0a19619e43365b\",\"name\":\"Dra\u017een Palai\u0107\",\"image\":{\"@type\":\"ImageObject\",\"inLanguage\":\"en-US\",\"@id\":\"https:\/\/www.morh.hr\/en\/#\/schema\/person\/image\/\",\"url\":\"https:\/\/secure.gravatar.com\/avatar\/d0a26f3a4e3a77c5a763ec4ae81d77c6e640c2c1ab79187d50b56caf5fd393a6?s=96&d=mm&r=g\",\"contentUrl\":\"https:\/\/secure.gravatar.com\/avatar\/d0a26f3a4e3a77c5a763ec4ae81d77c6e640c2c1ab79187d50b56caf5fd393a6?s=96&d=mm&r=g\",\"caption\":\"Dra\u017een Palai\u0107\"}}]}<\/script>\n<!-- \/ Yoast SEO plugin. -->","yoast_head_json":{"title":"\u0160kabrnja marks the 23rd anniversary of the tragic massacre - MORH","description":"On 18 November \u0160kabrnja marks the anniversary of the tragic massacre of 48 civilians and 15 Croatian defenders by the Serbian paramilitary and the JNA in 1991, which was one of the most horrifying events of the Homeland War.","robots":{"index":"index","follow":"follow","max-snippet":"max-snippet:-1","max-image-preview":"max-image-preview:large","max-video-preview":"max-video-preview:-1"},"canonical":"https:\/\/www.morh.hr\/en\/skabrnja-marks-the-23rd-anniversary-of-the-tragic-massacre111\/","og_locale":"en_US","og_type":"article","og_title":"\u0160kabrnja marks the 23rd anniversary of the tragic massacre - MORH","og_description":"On 18 November \u0160kabrnja marks the anniversary of the tragic massacre of 48 civilians and 15 Croatian defenders by the Serbian paramilitary and the JNA in 1991, which was one of the most horrifying events of the Homeland War.","og_url":"https:\/\/www.morh.hr\/en\/skabrnja-marks-the-23rd-anniversary-of-the-tragic-massacre111\/","og_site_name":"MORH","article_publisher":"https:\/\/www.facebook.com\/sportasiuhrvatskojvojsci\/","article_published_time":"2014-11-19T13:28:40+00:00","article_modified_time":"2017-10-08T16:36:02+00:00","og_image":[{"width":1200,"height":798,"url":"https:\/\/www.morh.hr\/wp-content\/uploads\/2017\/10\/skabrnja_18112014_v-1.jpg","type":"image\/jpeg"}],"author":"Dra\u017een Palai\u0107","twitter_card":"summary_large_image","twitter_creator":"@morh_osrh","twitter_site":"@morh_osrh","twitter_misc":{"Written by":"Dra\u017een Palai\u0107","Est. reading time":"1 minute"},"schema":{"@context":"https:\/\/schema.org","@graph":[{"@type":"Article","@id":"https:\/\/www.morh.hr\/en\/skabrnja-marks-the-23rd-anniversary-of-the-tragic-massacre111\/#article","isPartOf":{"@id":"https:\/\/www.morh.hr\/en\/skabrnja-marks-the-23rd-anniversary-of-the-tragic-massacre111\/"},"author":{"name":"Dra\u017een Palai\u0107","@id":"https:\/\/www.morh.hr\/en\/#\/schema\/person\/d869c501da72e4d0dd0a19619e43365b"},"headline":"\u0160kabrnja marks the 23rd anniversary of the tragic massacre","datePublished":"2014-11-19T13:28:40+00:00","dateModified":"2017-10-08T16:36:02+00:00","mainEntityOfPage":{"@id":"https:\/\/www.morh.hr\/en\/skabrnja-marks-the-23rd-anniversary-of-the-tragic-massacre111\/"},"wordCount":208,"image":{"@id":"https:\/\/www.morh.hr\/en\/skabrnja-marks-the-23rd-anniversary-of-the-tragic-massacre111\/#primaryimage"},"thumbnailUrl":"https:\/\/www.morh.hr\/wp-content\/uploads\/2017\/10\/skabrnja_18112014_v-1.jpg","articleSection":["Press releases"],"inLanguage":"en-US"},{"@type":"WebPage","@id":"https:\/\/www.morh.hr\/en\/skabrnja-marks-the-23rd-anniversary-of-the-tragic-massacre111\/","url":"https:\/\/www.morh.hr\/en\/skabrnja-marks-the-23rd-anniversary-of-the-tragic-massacre111\/","name":"\u0160kabrnja marks the 23rd anniversary of the tragic massacre - MORH","isPartOf":{"@id":"https:\/\/www.morh.hr\/en\/#website"},"primaryImageOfPage":{"@id":"https:\/\/www.morh.hr\/en\/skabrnja-marks-the-23rd-anniversary-of-the-tragic-massacre111\/#primaryimage"},"image":{"@id":"https:\/\/www.morh.hr\/en\/skabrnja-marks-the-23rd-anniversary-of-the-tragic-massacre111\/#primaryimage"},"thumbnailUrl":"https:\/\/www.morh.hr\/wp-content\/uploads\/2017\/10\/skabrnja_18112014_v-1.jpg","datePublished":"2014-11-19T13:28:40+00:00","dateModified":"2017-10-08T16:36:02+00:00","author":{"@id":"https:\/\/www.morh.hr\/en\/#\/schema\/person\/d869c501da72e4d0dd0a19619e43365b"},"description":"On 18 November \u0160kabrnja marks the anniversary of the tragic massacre of 48 civilians and 15 Croatian defenders by the Serbian paramilitary and the JNA in 1991, which was one of the most horrifying events of the Homeland War.","breadcrumb":{"@id":"https:\/\/www.morh.hr\/en\/skabrnja-marks-the-23rd-anniversary-of-the-tragic-massacre111\/#breadcrumb"},"inLanguage":"en-US","potentialAction":[{"@type":"ReadAction","target":["https:\/\/www.morh.hr\/en\/skabrnja-marks-the-23rd-anniversary-of-the-tragic-massacre111\/"]}]},{"@type":"ImageObject","inLanguage":"en-US","@id":"https:\/\/www.morh.hr\/en\/skabrnja-marks-the-23rd-anniversary-of-the-tragic-massacre111\/#primaryimage","url":"https:\/\/www.morh.hr\/wp-content\/uploads\/2017\/10\/skabrnja_18112014_v-1.jpg","contentUrl":"https:\/\/www.morh.hr\/wp-content\/uploads\/2017\/10\/skabrnja_18112014_v-1.jpg","width":1200,"height":798,"caption":"Foto: MORH\/ T. Brandt"},{"@type":"BreadcrumbList","@id":"https:\/\/www.morh.hr\/en\/skabrnja-marks-the-23rd-anniversary-of-the-tragic-massacre111\/#breadcrumb","itemListElement":[{"@type":"ListItem","position":1,"name":"Naslovnica","item":"https:\/\/www.morh.hr\/en\/"},{"@type":"ListItem","position":2,"name":"News","item":"https:\/\/www.morh.hr\/en\/kategorija\/news\/"},{"@type":"ListItem","position":3,"name":"Press releases","item":"https:\/\/www.morh.hr\/en\/kategorija\/news\/press-releases\/"},{"@type":"ListItem","position":4,"name":"\u0160kabrnja marks the 23rd anniversary of the tragic massacre"}]},{"@type":"WebSite","@id":"https:\/\/www.morh.hr\/en\/#website","url":"https:\/\/www.morh.hr\/en\/","name":"MORH","description":"Ministarstvo obrane Republike Hrvatske - slu\u017ebene stranice","potentialAction":[{"@type":"SearchAction","target":{"@type":"EntryPoint","urlTemplate":"https:\/\/www.morh.hr\/en\/?s={search_term_string}"},"query-input":{"@type":"PropertyValueSpecification","valueRequired":true,"valueName":"search_term_string"}}],"inLanguage":"en-US"},{"@type":"Person","@id":"https:\/\/www.morh.hr\/en\/#\/schema\/person\/d869c501da72e4d0dd0a19619e43365b","name":"Dra\u017een Palai\u0107","image":{"@type":"ImageObject","inLanguage":"en-US","@id":"https:\/\/www.morh.hr\/en\/#\/schema\/person\/image\/","url":"https:\/\/secure.gravatar.com\/avatar\/d0a26f3a4e3a77c5a763ec4ae81d77c6e640c2c1ab79187d50b56caf5fd393a6?s=96&d=mm&r=g","contentUrl":"https:\/\/secure.gravatar.com\/avatar\/d0a26f3a4e3a77c5a763ec4ae81d77c6e640c2c1ab79187d50b56caf5fd393a6?s=96&d=mm&r=g","caption":"Dra\u017een Palai\u0107"}}]}},"_links":{"self":[{"href":"https:\/\/www.morh.hr\/en\/wp-json\/wp\/v2\/posts\/9127","targetHints":{"allow":["GET"]}}],"collection":[{"href":"https:\/\/www.morh.hr\/en\/wp-json\/wp\/v2\/posts"}],"about":[{"href":"https:\/\/www.morh.hr\/en\/wp-json\/wp\/v2\/types\/post"}],"author":[{"embeddable":true,"href":"https:\/\/www.morh.hr\/en\/wp-json\/wp\/v2\/users\/4698"}],"replies":[{"embeddable":true,"href":"https:\/\/www.morh.hr\/en\/wp-json\/wp\/v2\/comments?post=9127"}],"version-history":[{"count":0,"href":"https:\/\/www.morh.hr\/en\/wp-json\/wp\/v2\/posts\/9127\/revisions"}],"wp:featuredmedia":[{"embeddable":true,"href":"https:\/\/www.morh.hr\/en\/wp-json\/wp\/v2\/media\/36526"}],"wp:attachment":[{"href":"https:\/\/www.morh.hr\/en\/wp-json\/wp\/v2\/media?parent=9127"}],"wp:term":[{"taxonomy":"category","embeddable":true,"href":"https:\/\/www.morh.hr\/en\/wp-json\/wp\/v2\/categories?post=9127"},{"taxonomy":"post_tag","embeddable":true,"href":"https:\/\/www.morh.hr\/en\/wp-json\/wp\/v2\/tags?post=9127"}],"curies":[{"name":"wp","href":"https:\/\/api.w.org\/{rel}","templated":true}]}}