{"id":92722,"date":"2018-12-11T10:50:20","date_gmt":"2018-12-11T09:50:20","guid":{"rendered":"https:\/\/www.morh.hr\/?p=92722"},"modified":"2019-01-16T10:56:43","modified_gmt":"2019-01-16T09:56:43","slug":"croatian-navy-takes-over-new-patrol-vessel","status":"publish","type":"post","link":"https:\/\/www.morh.hr\/en\/croatian-navy-takes-over-new-patrol-vessel\/","title":{"rendered":"Croatian Navy takes over new patrol vessel"},"content":{"rendered":"<p>The Inshore Patrol Vessel 31 &#8220;Omi\u0161&#8221; s godfather is Roko Vrani\u0107, father of Josip Vrani\u0107 &#8211; the first fallen member of the Croatian Navy and the first victim of the Homeland War in Split The handover was concluded witrh the Handover Report.<\/p>\n<p>Defence Minister Damir Krsti\u010devi\u0107 in his address emphasised that the vessel \u2013 a work by Croatian experts in a Croatian shipyard \u2013 would significantly upgrade the Croatian Coast&#8217;s capabilities and that the Ministry of Defence and the Croatian Armed Forces again proved to be generators of the economy development and reliable partners to the Croatian businesses. ORH and HV once again demonstrated that the generators of economic development and a significant parter our companies.<\/p>\n<p>&#8220;The Croatian industry, supported by the Ministry of Defence can further upgrade the capabilities of the Croatian Armed Forces, the complex systems such as large ships included&#8221;. The Minister also reminded of the importance of the Croatian Navy for the security of the Adriatic Sea.<\/p>\n<p><iframe loading=\"lazy\" title=\"Primopredaja novog obalnog ophodnog broda &quot;Omi\u0161&quot; HRM-u\" width=\"868\" height=\"488\" src=\"https:\/\/www.youtube.com\/embed\/bAF2rqieQHc?wmode=transparent&amp;rel=0&amp;feature=oembed\" frameborder=\"0\" allow=\"accelerometer; autoplay; clipboard-write; encrypted-media; gyroscope; picture-in-picture; web-share\" allowfullscreen><\/iframe><\/p>\n<p>&#8220;The establishment of naval infantry company, the return of a Croatian Armed Forces unit to Plo\u010de, the launching of the Naval Studies, the procurement of the engine for the missile boat and the delivery of&nbsp; ring a rocket launcher engine and delivering a coastal patrol boat, we return to the Croatian Navy the victorious glow it had during the Homeland War,&#8221; concluded Minister Krsti\u010devi\u0107.<\/p>\n<p>&#8220;The new inshore patrol vessel will enable Croatia&#8217;s Coast Guard perform&nbsp; its tasks the same as the modern world coast guards. By completing the first of the five planned inshore patrol vessels the Croatian Navy has acquired new capabilities &#8220;Omi\u0161&#8221; is a Croatian product, a&nbsp; result of enormous efforts and knowledge of the Croatian experts&#8221;said General Mirko \u0160undov.<\/p>\n<p>The Croatian Nayy Commander Commodore&nbsp; Ivo Raffanelli underlined the extensive tests&nbsp; preceding the handover &#8220;All appliances and systems repeatedly underwent thorough tests,&nbsp; to get an insight into the vessel condition.&nbsp;<\/p>\n<p>Today we are embarking on a 5-month second testing phase,during which the vessel will be tested to the limits to certify that it fulfills the tactical and technical requirements.<\/p>\n<p>The &#8220;Brodosplit&#8221; CEO Tomislav Debeljak said the handover of the first designed and constructed vessel in modern Croatia was a special event. &#8220;Our appreciation goes to all those included in the project. We have invested significant efforts and I hope we are embarking ona bright future for all of us\u201c said Tomislav Debeljak.<\/p>\n<p>The ceremony was followed by a brief sail through the Ka\u0161tela Bay, during which they observed some of the capabilities of the vessel &#8220;Omi\u0161&#8221;, with a 16-member crew commanded by Lieutenant (N) Ante Sili\u0107. The main purpose of the vessel will be patrolling for control and protection of the interests of the Republic of Croatia at sea, as well as proiding support to the island population, and search and rescue at sea. In the event of war the vessels may be used for protection of internal waters and for combat and logistic support.&nbsp;<\/p>\n<p>The prototype vessel is over 43,25 m long and is fitted&nbsp; with the 30-mm automatic gun and two manually operable 12,7-mm machine guns and four portable air defence rocket systems.<\/p>\n<p>The introduction of the inshore patrol vessel&nbsp; into operational service is another project modernisation and deveopment of new capabilities of the Croatian Navy.<\/p>\n[ngg src=&#8221;galleries&#8221; ids=&#8221;3185&#8243; display=&#8221;basic_thumbnail&#8221;]&nbsp;<\/p>\n<div class=\"phocagallery\">\n<div class=\"roundph\">\n<div class=\"roundph-in\">\n<div class=\"roundph-in2\">\n<div id=\"image-switch\">&nbsp;<\/div>\n<\/div>\n<\/div>\n<\/div>\n<\/div>\n<p>&nbsp;<\/p>\n","protected":false},"excerpt":{"rendered":"<p>The takeover ceremony of the prototype inshore patrol vessel of the Croatian Navy was held in the Barracks &#8220;Fleet Admiral Sveto Letica \u2013Barba&#8221; in Split on 7 December\u00a0 2018, attended by the delegations of the Croatian Ministry of Defence and of the Croatian Armed Forces headed by the Deputy Prime Minister and Defence Minister Damir Krsti\u010devi\u0107, and by the Chief of General Staff of the Croatian Armed Forces General Mirko \u0160undov, and of the manufacturer company &#8220;Brodosplit&#8221; headed by CEO Tomislav Debeljak, who were joined by members of the organisational units of the Croatian Navy and other services of the Croatian Armed Forces, the retired commanders of the Croatian Navy and by representatives of the associations from the Homeland War and of the local authorities.<\/p>\n","protected":false},"author":3,"featured_media":90962,"comment_status":"closed","ping_status":"closed","sticky":false,"template":"","format":"standard","meta":{"_acf_changed":false,"_monsterinsights_skip_tracking":false,"_monsterinsights_sitenote_active":false,"_monsterinsights_sitenote_note":"","_monsterinsights_sitenote_category":0,"footnotes":""},"categories":[117],"tags":[],"class_list":["post-92722","post","type-post","status-publish","format-standard","has-post-thumbnail","hentry","category-press-releases"],"acf":[],"yoast_head":"<!-- This site is optimized with the Yoast SEO plugin v26.9 - https:\/\/yoast.com\/product\/yoast-seo-wordpress\/ -->\n<title>Croatian Navy takes over new patrol vessel - MORH<\/title>\n<meta name=\"description\" content=\"The takeover ceremony of the prototype inshore patrol vessel of the Croatian Navy was held in the Barracks &quot;Fleet Admiral Sveto Letica \u2013Barba&quot; in Split on 7 December\u00a0 2018, attended by the delegations of the Croatian Ministry of Defence and of the Croatian Armed Forces headed by the Deputy Prime Minister and Defence Minister Damir Krsti\u010devi\u0107, and by the Chief of General Staff of the Croatian Armed Forces General Mirko \u0160undov, and of the manufacturer company &quot;Brodosplit&quot; headed by CEO Tomislav Debeljak, who were joined by members of the organisational units of the Croatian Navy and other services of the Croatian Armed Forces, the retired commanders of the Croatian Navy and by representatives of the associations from the Homeland War and of the local authorities.\" \/>\n<meta name=\"robots\" content=\"index, follow, max-snippet:-1, max-image-preview:large, max-video-preview:-1\" \/>\n<link rel=\"canonical\" href=\"https:\/\/www.morh.hr\/en\/croatian-navy-takes-over-new-patrol-vessel\/\" \/>\n<meta property=\"og:locale\" content=\"en_US\" \/>\n<meta property=\"og:type\" content=\"article\" \/>\n<meta property=\"og:title\" content=\"Croatian Navy takes over new patrol vessel - MORH\" \/>\n<meta property=\"og:description\" content=\"The takeover ceremony of the prototype inshore patrol vessel of the Croatian Navy was held in the Barracks &quot;Fleet Admiral Sveto Letica \u2013Barba&quot; in Split on 7 December\u00a0 2018, attended by the delegations of the Croatian Ministry of Defence and of the Croatian Armed Forces headed by the Deputy Prime Minister and Defence Minister Damir Krsti\u010devi\u0107, and by the Chief of General Staff of the Croatian Armed Forces General Mirko \u0160undov, and of the manufacturer company &quot;Brodosplit&quot; headed by CEO Tomislav Debeljak, who were joined by members of the organisational units of the Croatian Navy and other services of the Croatian Armed Forces, the retired commanders of the Croatian Navy and by representatives of the associations from the Homeland War and of the local authorities.\" \/>\n<meta property=\"og:url\" content=\"https:\/\/www.morh.hr\/en\/croatian-navy-takes-over-new-patrol-vessel\/\" \/>\n<meta property=\"og:site_name\" content=\"MORH\" \/>\n<meta property=\"article:publisher\" content=\"https:\/\/www.facebook.com\/sportasiuhrvatskojvojsci\/\" \/>\n<meta property=\"article:published_time\" content=\"2018-12-11T09:50:20+00:00\" \/>\n<meta property=\"article:modified_time\" content=\"2019-01-16T09:56:43+00:00\" \/>\n<meta property=\"og:image\" content=\"https:\/\/www.morh.hr\/wp-content\/uploads\/2018\/12\/obalni_ophodni_brod_omis_071218_03.jpg\" \/>\n\t<meta property=\"og:image:width\" content=\"1200\" \/>\n\t<meta property=\"og:image:height\" content=\"801\" \/>\n\t<meta property=\"og:image:type\" content=\"image\/jpeg\" \/>\n<meta name=\"author\" content=\"Drazen\" \/>\n<meta name=\"twitter:card\" content=\"summary_large_image\" \/>\n<meta name=\"twitter:creator\" content=\"@morh_osrh\" \/>\n<meta name=\"twitter:site\" content=\"@morh_osrh\" \/>\n<meta name=\"twitter:label1\" content=\"Written by\" \/>\n\t<meta name=\"twitter:data1\" content=\"Drazen\" \/>\n\t<meta name=\"twitter:label2\" content=\"Est. reading time\" \/>\n\t<meta name=\"twitter:data2\" content=\"3 minutes\" \/>\n<script type=\"application\/ld+json\" class=\"yoast-schema-graph\">{\"@context\":\"https:\/\/schema.org\",\"@graph\":[{\"@type\":\"Article\",\"@id\":\"https:\/\/www.morh.hr\/en\/croatian-navy-takes-over-new-patrol-vessel\/#article\",\"isPartOf\":{\"@id\":\"https:\/\/www.morh.hr\/en\/croatian-navy-takes-over-new-patrol-vessel\/\"},\"author\":{\"name\":\"Drazen\",\"@id\":\"https:\/\/www.morh.hr\/en\/#\/schema\/person\/2d72e03399043d9513ab6bec75f2ce27\"},\"headline\":\"Croatian Navy takes over new patrol vessel\",\"datePublished\":\"2018-12-11T09:50:20+00:00\",\"dateModified\":\"2019-01-16T09:56:43+00:00\",\"mainEntityOfPage\":{\"@id\":\"https:\/\/www.morh.hr\/en\/croatian-navy-takes-over-new-patrol-vessel\/\"},\"wordCount\":580,\"image\":{\"@id\":\"https:\/\/www.morh.hr\/en\/croatian-navy-takes-over-new-patrol-vessel\/#primaryimage\"},\"thumbnailUrl\":\"https:\/\/www.morh.hr\/wp-content\/uploads\/2018\/12\/obalni_ophodni_brod_omis_071218_03.jpg\",\"articleSection\":[\"Press releases\"],\"inLanguage\":\"en-US\"},{\"@type\":\"WebPage\",\"@id\":\"https:\/\/www.morh.hr\/en\/croatian-navy-takes-over-new-patrol-vessel\/\",\"url\":\"https:\/\/www.morh.hr\/en\/croatian-navy-takes-over-new-patrol-vessel\/\",\"name\":\"Croatian Navy takes over new patrol vessel - MORH\",\"isPartOf\":{\"@id\":\"https:\/\/www.morh.hr\/en\/#website\"},\"primaryImageOfPage\":{\"@id\":\"https:\/\/www.morh.hr\/en\/croatian-navy-takes-over-new-patrol-vessel\/#primaryimage\"},\"image\":{\"@id\":\"https:\/\/www.morh.hr\/en\/croatian-navy-takes-over-new-patrol-vessel\/#primaryimage\"},\"thumbnailUrl\":\"https:\/\/www.morh.hr\/wp-content\/uploads\/2018\/12\/obalni_ophodni_brod_omis_071218_03.jpg\",\"datePublished\":\"2018-12-11T09:50:20+00:00\",\"dateModified\":\"2019-01-16T09:56:43+00:00\",\"author\":{\"@id\":\"https:\/\/www.morh.hr\/en\/#\/schema\/person\/2d72e03399043d9513ab6bec75f2ce27\"},\"description\":\"The takeover ceremony of the prototype inshore patrol vessel of the Croatian Navy was held in the Barracks \\\"Fleet Admiral Sveto Letica \u2013Barba\\\" in Split on 7 December\u00a0 2018, attended by the delegations of the Croatian Ministry of Defence and of the Croatian Armed Forces headed by the Deputy Prime Minister and Defence Minister Damir Krsti\u010devi\u0107, and by the Chief of General Staff of the Croatian Armed Forces General Mirko \u0160undov, and of the manufacturer company \\\"Brodosplit\\\" headed by CEO Tomislav Debeljak, who were joined by members of the organisational units of the Croatian Navy and other services of the Croatian Armed Forces, the retired commanders of the Croatian Navy and by representatives of the associations from the Homeland War and of the local authorities.\",\"breadcrumb\":{\"@id\":\"https:\/\/www.morh.hr\/en\/croatian-navy-takes-over-new-patrol-vessel\/#breadcrumb\"},\"inLanguage\":\"en-US\",\"potentialAction\":[{\"@type\":\"ReadAction\",\"target\":[\"https:\/\/www.morh.hr\/en\/croatian-navy-takes-over-new-patrol-vessel\/\"]}]},{\"@type\":\"ImageObject\",\"inLanguage\":\"en-US\",\"@id\":\"https:\/\/www.morh.hr\/en\/croatian-navy-takes-over-new-patrol-vessel\/#primaryimage\",\"url\":\"https:\/\/www.morh.hr\/wp-content\/uploads\/2018\/12\/obalni_ophodni_brod_omis_071218_03.jpg\",\"contentUrl\":\"https:\/\/www.morh.hr\/wp-content\/uploads\/2018\/12\/obalni_ophodni_brod_omis_071218_03.jpg\",\"width\":1200,\"height\":801,\"caption\":\"Foto: MORH \/ M. \u010cobanovi\u0107\"},{\"@type\":\"BreadcrumbList\",\"@id\":\"https:\/\/www.morh.hr\/en\/croatian-navy-takes-over-new-patrol-vessel\/#breadcrumb\",\"itemListElement\":[{\"@type\":\"ListItem\",\"position\":1,\"name\":\"Naslovnica\",\"item\":\"https:\/\/www.morh.hr\/en\/\"},{\"@type\":\"ListItem\",\"position\":2,\"name\":\"News\",\"item\":\"https:\/\/www.morh.hr\/en\/kategorija\/news\/\"},{\"@type\":\"ListItem\",\"position\":3,\"name\":\"Press releases\",\"item\":\"https:\/\/www.morh.hr\/en\/kategorija\/news\/press-releases\/\"},{\"@type\":\"ListItem\",\"position\":4,\"name\":\"Croatian Navy takes over new patrol vessel\"}]},{\"@type\":\"WebSite\",\"@id\":\"https:\/\/www.morh.hr\/en\/#website\",\"url\":\"https:\/\/www.morh.hr\/en\/\",\"name\":\"MORH\",\"description\":\"Ministarstvo obrane Republike Hrvatske - slu\u017ebene stranice\",\"potentialAction\":[{\"@type\":\"SearchAction\",\"target\":{\"@type\":\"EntryPoint\",\"urlTemplate\":\"https:\/\/www.morh.hr\/en\/?s={search_term_string}\"},\"query-input\":{\"@type\":\"PropertyValueSpecification\",\"valueRequired\":true,\"valueName\":\"search_term_string\"}}],\"inLanguage\":\"en-US\"},{\"@type\":\"Person\",\"@id\":\"https:\/\/www.morh.hr\/en\/#\/schema\/person\/2d72e03399043d9513ab6bec75f2ce27\",\"name\":\"Drazen\",\"image\":{\"@type\":\"ImageObject\",\"inLanguage\":\"en-US\",\"@id\":\"https:\/\/www.morh.hr\/en\/#\/schema\/person\/image\/\",\"url\":\"https:\/\/secure.gravatar.com\/avatar\/e36ef7e573425ae72988c73df868c1e87a656b0e005ca4fd7d30d2ba7e49c9cf?s=96&d=mm&r=g\",\"contentUrl\":\"https:\/\/secure.gravatar.com\/avatar\/e36ef7e573425ae72988c73df868c1e87a656b0e005ca4fd7d30d2ba7e49c9cf?s=96&d=mm&r=g\",\"caption\":\"Drazen\"}}]}<\/script>\n<!-- \/ Yoast SEO plugin. -->","yoast_head_json":{"title":"Croatian Navy takes over new patrol vessel - MORH","description":"The takeover ceremony of the prototype inshore patrol vessel of the Croatian Navy was held in the Barracks \"Fleet Admiral Sveto Letica \u2013Barba\" in Split on 7 December\u00a0 2018, attended by the delegations of the Croatian Ministry of Defence and of the Croatian Armed Forces headed by the Deputy Prime Minister and Defence Minister Damir Krsti\u010devi\u0107, and by the Chief of General Staff of the Croatian Armed Forces General Mirko \u0160undov, and of the manufacturer company \"Brodosplit\" headed by CEO Tomislav Debeljak, who were joined by members of the organisational units of the Croatian Navy and other services of the Croatian Armed Forces, the retired commanders of the Croatian Navy and by representatives of the associations from the Homeland War and of the local authorities.","robots":{"index":"index","follow":"follow","max-snippet":"max-snippet:-1","max-image-preview":"max-image-preview:large","max-video-preview":"max-video-preview:-1"},"canonical":"https:\/\/www.morh.hr\/en\/croatian-navy-takes-over-new-patrol-vessel\/","og_locale":"en_US","og_type":"article","og_title":"Croatian Navy takes over new patrol vessel - MORH","og_description":"The takeover ceremony of the prototype inshore patrol vessel of the Croatian Navy was held in the Barracks \"Fleet Admiral Sveto Letica \u2013Barba\" in Split on 7 December\u00a0 2018, attended by the delegations of the Croatian Ministry of Defence and of the Croatian Armed Forces headed by the Deputy Prime Minister and Defence Minister Damir Krsti\u010devi\u0107, and by the Chief of General Staff of the Croatian Armed Forces General Mirko \u0160undov, and of the manufacturer company \"Brodosplit\" headed by CEO Tomislav Debeljak, who were joined by members of the organisational units of the Croatian Navy and other services of the Croatian Armed Forces, the retired commanders of the Croatian Navy and by representatives of the associations from the Homeland War and of the local authorities.","og_url":"https:\/\/www.morh.hr\/en\/croatian-navy-takes-over-new-patrol-vessel\/","og_site_name":"MORH","article_publisher":"https:\/\/www.facebook.com\/sportasiuhrvatskojvojsci\/","article_published_time":"2018-12-11T09:50:20+00:00","article_modified_time":"2019-01-16T09:56:43+00:00","og_image":[{"width":1200,"height":801,"url":"https:\/\/www.morh.hr\/wp-content\/uploads\/2018\/12\/obalni_ophodni_brod_omis_071218_03.jpg","type":"image\/jpeg"}],"author":"Drazen","twitter_card":"summary_large_image","twitter_creator":"@morh_osrh","twitter_site":"@morh_osrh","twitter_misc":{"Written by":"Drazen","Est. reading time":"3 minutes"},"schema":{"@context":"https:\/\/schema.org","@graph":[{"@type":"Article","@id":"https:\/\/www.morh.hr\/en\/croatian-navy-takes-over-new-patrol-vessel\/#article","isPartOf":{"@id":"https:\/\/www.morh.hr\/en\/croatian-navy-takes-over-new-patrol-vessel\/"},"author":{"name":"Drazen","@id":"https:\/\/www.morh.hr\/en\/#\/schema\/person\/2d72e03399043d9513ab6bec75f2ce27"},"headline":"Croatian Navy takes over new patrol vessel","datePublished":"2018-12-11T09:50:20+00:00","dateModified":"2019-01-16T09:56:43+00:00","mainEntityOfPage":{"@id":"https:\/\/www.morh.hr\/en\/croatian-navy-takes-over-new-patrol-vessel\/"},"wordCount":580,"image":{"@id":"https:\/\/www.morh.hr\/en\/croatian-navy-takes-over-new-patrol-vessel\/#primaryimage"},"thumbnailUrl":"https:\/\/www.morh.hr\/wp-content\/uploads\/2018\/12\/obalni_ophodni_brod_omis_071218_03.jpg","articleSection":["Press releases"],"inLanguage":"en-US"},{"@type":"WebPage","@id":"https:\/\/www.morh.hr\/en\/croatian-navy-takes-over-new-patrol-vessel\/","url":"https:\/\/www.morh.hr\/en\/croatian-navy-takes-over-new-patrol-vessel\/","name":"Croatian Navy takes over new patrol vessel - MORH","isPartOf":{"@id":"https:\/\/www.morh.hr\/en\/#website"},"primaryImageOfPage":{"@id":"https:\/\/www.morh.hr\/en\/croatian-navy-takes-over-new-patrol-vessel\/#primaryimage"},"image":{"@id":"https:\/\/www.morh.hr\/en\/croatian-navy-takes-over-new-patrol-vessel\/#primaryimage"},"thumbnailUrl":"https:\/\/www.morh.hr\/wp-content\/uploads\/2018\/12\/obalni_ophodni_brod_omis_071218_03.jpg","datePublished":"2018-12-11T09:50:20+00:00","dateModified":"2019-01-16T09:56:43+00:00","author":{"@id":"https:\/\/www.morh.hr\/en\/#\/schema\/person\/2d72e03399043d9513ab6bec75f2ce27"},"description":"The takeover ceremony of the prototype inshore patrol vessel of the Croatian Navy was held in the Barracks \"Fleet Admiral Sveto Letica \u2013Barba\" in Split on 7 December\u00a0 2018, attended by the delegations of the Croatian Ministry of Defence and of the Croatian Armed Forces headed by the Deputy Prime Minister and Defence Minister Damir Krsti\u010devi\u0107, and by the Chief of General Staff of the Croatian Armed Forces General Mirko \u0160undov, and of the manufacturer company \"Brodosplit\" headed by CEO Tomislav Debeljak, who were joined by members of the organisational units of the Croatian Navy and other services of the Croatian Armed Forces, the retired commanders of the Croatian Navy and by representatives of the associations from the Homeland War and of the local authorities.","breadcrumb":{"@id":"https:\/\/www.morh.hr\/en\/croatian-navy-takes-over-new-patrol-vessel\/#breadcrumb"},"inLanguage":"en-US","potentialAction":[{"@type":"ReadAction","target":["https:\/\/www.morh.hr\/en\/croatian-navy-takes-over-new-patrol-vessel\/"]}]},{"@type":"ImageObject","inLanguage":"en-US","@id":"https:\/\/www.morh.hr\/en\/croatian-navy-takes-over-new-patrol-vessel\/#primaryimage","url":"https:\/\/www.morh.hr\/wp-content\/uploads\/2018\/12\/obalni_ophodni_brod_omis_071218_03.jpg","contentUrl":"https:\/\/www.morh.hr\/wp-content\/uploads\/2018\/12\/obalni_ophodni_brod_omis_071218_03.jpg","width":1200,"height":801,"caption":"Foto: MORH \/ M. \u010cobanovi\u0107"},{"@type":"BreadcrumbList","@id":"https:\/\/www.morh.hr\/en\/croatian-navy-takes-over-new-patrol-vessel\/#breadcrumb","itemListElement":[{"@type":"ListItem","position":1,"name":"Naslovnica","item":"https:\/\/www.morh.hr\/en\/"},{"@type":"ListItem","position":2,"name":"News","item":"https:\/\/www.morh.hr\/en\/kategorija\/news\/"},{"@type":"ListItem","position":3,"name":"Press releases","item":"https:\/\/www.morh.hr\/en\/kategorija\/news\/press-releases\/"},{"@type":"ListItem","position":4,"name":"Croatian Navy takes over new patrol vessel"}]},{"@type":"WebSite","@id":"https:\/\/www.morh.hr\/en\/#website","url":"https:\/\/www.morh.hr\/en\/","name":"MORH","description":"Ministarstvo obrane Republike Hrvatske - slu\u017ebene stranice","potentialAction":[{"@type":"SearchAction","target":{"@type":"EntryPoint","urlTemplate":"https:\/\/www.morh.hr\/en\/?s={search_term_string}"},"query-input":{"@type":"PropertyValueSpecification","valueRequired":true,"valueName":"search_term_string"}}],"inLanguage":"en-US"},{"@type":"Person","@id":"https:\/\/www.morh.hr\/en\/#\/schema\/person\/2d72e03399043d9513ab6bec75f2ce27","name":"Drazen","image":{"@type":"ImageObject","inLanguage":"en-US","@id":"https:\/\/www.morh.hr\/en\/#\/schema\/person\/image\/","url":"https:\/\/secure.gravatar.com\/avatar\/e36ef7e573425ae72988c73df868c1e87a656b0e005ca4fd7d30d2ba7e49c9cf?s=96&d=mm&r=g","contentUrl":"https:\/\/secure.gravatar.com\/avatar\/e36ef7e573425ae72988c73df868c1e87a656b0e005ca4fd7d30d2ba7e49c9cf?s=96&d=mm&r=g","caption":"Drazen"}}]}},"_links":{"self":[{"href":"https:\/\/www.morh.hr\/en\/wp-json\/wp\/v2\/posts\/92722","targetHints":{"allow":["GET"]}}],"collection":[{"href":"https:\/\/www.morh.hr\/en\/wp-json\/wp\/v2\/posts"}],"about":[{"href":"https:\/\/www.morh.hr\/en\/wp-json\/wp\/v2\/types\/post"}],"author":[{"embeddable":true,"href":"https:\/\/www.morh.hr\/en\/wp-json\/wp\/v2\/users\/3"}],"replies":[{"embeddable":true,"href":"https:\/\/www.morh.hr\/en\/wp-json\/wp\/v2\/comments?post=92722"}],"version-history":[{"count":0,"href":"https:\/\/www.morh.hr\/en\/wp-json\/wp\/v2\/posts\/92722\/revisions"}],"wp:featuredmedia":[{"embeddable":true,"href":"https:\/\/www.morh.hr\/en\/wp-json\/wp\/v2\/media\/90962"}],"wp:attachment":[{"href":"https:\/\/www.morh.hr\/en\/wp-json\/wp\/v2\/media?parent=92722"}],"wp:term":[{"taxonomy":"category","embeddable":true,"href":"https:\/\/www.morh.hr\/en\/wp-json\/wp\/v2\/categories?post=92722"},{"taxonomy":"post_tag","embeddable":true,"href":"https:\/\/www.morh.hr\/en\/wp-json\/wp\/v2\/tags?post=92722"}],"curies":[{"name":"wp","href":"https:\/\/api.w.org\/{rel}","templated":true}]}}